{"id":258244,"date":"2024-05-26T08:30:34","date_gmt":"2024-05-26T11:30:34","guid":{"rendered":"https:\/\/noticiaempauta.com\/portal\/?p=258244"},"modified":"2024-05-26T08:30:35","modified_gmt":"2024-05-26T11:30:35","slug":"em-marcolandia-empresario-e-baleado-e-seguranca-e-morto-a-tiros-apos-ataque-em-churrasco","status":"publish","type":"post","link":"https:\/\/noticiaempauta.com\/portal\/em-marcolandia-empresario-e-baleado-e-seguranca-e-morto-a-tiros-apos-ataque-em-churrasco\/","title":{"rendered":"Em Marcol\u00e2ndia, empres\u00e1rio \u00e9 baleado e seguran\u00e7a \u00e9 morto a tiros ap\u00f3s ataque em churrasco"},"content":{"rendered":"\n<p>Um tiroteio durante um churrasco, na tarde deste s\u00e1bado (25), na cidade de Marcol\u00e2ndia, deixou o empres\u00e1rio Jucejanio J\u00fanior gravemente ferido. O seguran\u00e7a dele, identificado como Erick Raim, tamb\u00e9m foi alvejado,\u00a0mas n\u00e3o resistiu aos ferimento e foi a \u00f3bito.\u00a0O caso deve ser investigado pela Pol\u00edcia Civil.<\/p>\n\n\n\n<figure class=\"wp-block-image size-large\"><img fetchpriority=\"high\" decoding=\"async\" width=\"1024\" height=\"583\" src=\"https:\/\/noticiaempauta.com\/portal\/wp-content\/uploads\/2024\/05\/empresario-e-baleado-e-seguranca-e-morto-a-tiros-apos-ataque-em-churrasco-no-piaui-e0bf0c66-49ba-4e1a-8896-c42cdc55f314.jpg-1024x583.webp\" alt=\"\" class=\"wp-image-258246\" srcset=\"https:\/\/noticiaempauta.com\/portal\/wp-content\/uploads\/2024\/05\/empresario-e-baleado-e-seguranca-e-morto-a-tiros-apos-ataque-em-churrasco-no-piaui-e0bf0c66-49ba-4e1a-8896-c42cdc55f314.jpg-1024x583.webp 1024w, https:\/\/noticiaempauta.com\/portal\/wp-content\/uploads\/2024\/05\/empresario-e-baleado-e-seguranca-e-morto-a-tiros-apos-ataque-em-churrasco-no-piaui-e0bf0c66-49ba-4e1a-8896-c42cdc55f314.jpg-300x171.webp 300w, https:\/\/noticiaempauta.com\/portal\/wp-content\/uploads\/2024\/05\/empresario-e-baleado-e-seguranca-e-morto-a-tiros-apos-ataque-em-churrasco-no-piaui-e0bf0c66-49ba-4e1a-8896-c42cdc55f314.jpg-768x437.webp 768w, https:\/\/noticiaempauta.com\/portal\/wp-content\/uploads\/2024\/05\/empresario-e-baleado-e-seguranca-e-morto-a-tiros-apos-ataque-em-churrasco-no-piaui-e0bf0c66-49ba-4e1a-8896-c42cdc55f314.jpg.webp 1054w\" sizes=\"(max-width: 1024px) 100vw, 1024px\" \/><figcaption class=\"wp-element-caption\">Empres\u00e1rio Jucejanio J\u00fanior e Erick Raim. | Cidades na Net<\/figcaption><\/figure>\n\n\n\n<h2 class=\"wp-block-heading\" id=\"h-\"><\/h2>\n\n\n\n<p>Testemunhas relataram que um homem, identificado apenas pelas inicias R.S chegou no evento, o na localidade Tirinhos, e efetuou v\u00e1rios disparos de arma de fogo. O alvo seria o empres\u00e1rio, no entanto, o seguran\u00e7a, ao ver o criminoso,\u00a0tentou proteger Jucejanio, mas foi atingido por dois tiros.<\/p>\n\n\n\n<p>O empres\u00e1rio foi baleado no bra\u00e7o e, devido \u00e0 gravidade do ferimento,\u00a0foi levado \u00e0s pressas para a cidade de Picos,\u00a0onde passou por cirurgia para tratar a fratura. Erick n\u00e3o conseguiu ser socorrido a tempo e faleceu na cena do crime, segundo informa\u00e7\u00f5es do portal Cidades na Net.\u00a0<\/p>\n\n\n\n<h2 class=\"wp-block-heading\" id=\"h-\">\u00a0<\/h2>\n\n\n\n<h2 class=\"wp-block-heading\" id=\"h--1\"><\/h2>\n\n\n\n<p>Ap\u00f3s o crime, R.S. foi localizado e preso em um bar na Vila Serrania, onde estava sentado tomando uma cerveja.\u00a0A motiva\u00e7\u00e3o do assassinato ainda \u00e9 desconhecida.\u00a0A Pol\u00edcia Civil do Piau\u00ed deve investigar.\u00a0<\/p>\n\n\n\n<p><strong>Em nota a prefeitura, lamentou o ocorrido e disse que:<\/strong><\/p>\n\n\n\n<blockquote class=\"wp-block-quote is-layout-flow wp-block-quote-is-layout-flow\">\n<p>\u201cO prefeito Dr. Corinto Matos se compadece na dor da fam\u00edlia de Erick Riam (Patchica), pela irrepar\u00e1vel perda e presta condol\u00eancias aos familiares e amigos enlutados.<\/p>\n\n\n\n<p>Rogamos para que Deus possa confort\u00e1-los nesse momento de grande dor, em que as palavras se apequenam e o esp\u00edrito busca amparo na F\u00e9\u201d.&nbsp;<\/p>\n<\/blockquote>\n\n\n\n<p><strong>Fonte: Meio News<\/strong><\/p>\n","protected":false},"excerpt":{"rendered":"<p>Suspeito, R.S., foi preso em um bar. Pol\u00edcia Civil investiga motiva\u00e7\u00e3o do assassinato.<\/p>\n","protected":false},"author":2,"featured_media":258246,"comment_status":"open","ping_status":"open","sticky":false,"template":"","format":"standard","meta":{"_mi_skip_tracking":false,"footnotes":""},"categories":[25,1,9,137,16],"tags":[192],"class_list":["post-258244","post","type-post","status-publish","format-standard","has-post-thumbnail","hentry","category-destaques-site","category-geral","category-municipios","category-policia","category-todas","tag-destaqueprincipal"],"acf":[],"yoast_head":"<!-- This site is optimized with the Yoast SEO Premium plugin v19.2 (Yoast SEO v26.9) - https:\/\/yoast.com\/product\/yoast-seo-premium-wordpress\/ -->\n<title>Em Marcol\u00e2ndia, empres\u00e1rio \u00e9 baleado e seguran\u00e7a \u00e9 morto a tiros ap\u00f3s ataque em churrasco - Portal Not\u00edcia em Pauta<\/title>\n<meta name=\"robots\" content=\"index, follow, max-snippet:-1, max-image-preview:large, max-video-preview:-1\" \/>\n<link rel=\"canonical\" href=\"https:\/\/noticiaempauta.com\/portal\/em-marcolandia-empresario-e-baleado-e-seguranca-e-morto-a-tiros-apos-ataque-em-churrasco\/\" \/>\n<meta property=\"og:locale\" content=\"pt_BR\" \/>\n<meta property=\"og:type\" content=\"article\" \/>\n<meta property=\"og:title\" content=\"Em Marcol\u00e2ndia, empres\u00e1rio \u00e9 baleado e seguran\u00e7a \u00e9 morto a tiros ap\u00f3s ataque em churrasco\" \/>\n<meta property=\"og:description\" content=\"Suspeito, R.S., foi preso em um bar. Pol\u00edcia Civil investiga motiva\u00e7\u00e3o do assassinato.\" \/>\n<meta property=\"og:url\" content=\"https:\/\/noticiaempauta.com\/portal\/em-marcolandia-empresario-e-baleado-e-seguranca-e-morto-a-tiros-apos-ataque-em-churrasco\/\" \/>\n<meta property=\"og:site_name\" content=\"Portal Not\u00edcia em Pauta\" \/>\n<meta property=\"article:publisher\" content=\"https:\/\/www.facebook.com\/Portal-Notcia-Em-Pauta-102292869264820\/\" \/>\n<meta property=\"article:published_time\" content=\"2024-05-26T11:30:34+00:00\" \/>\n<meta property=\"article:modified_time\" content=\"2024-05-26T11:30:35+00:00\" \/>\n<meta property=\"og:image\" content=\"https:\/\/noticiaempauta.com\/portal\/wp-content\/uploads\/2024\/05\/empresario-e-baleado-e-seguranca-e-morto-a-tiros-apos-ataque-em-churrasco-no-piaui-e0bf0c66-49ba-4e1a-8896-c42cdc55f314.jpg.webp\" \/>\n\t<meta property=\"og:image:width\" content=\"1054\" \/>\n\t<meta property=\"og:image:height\" content=\"600\" \/>\n\t<meta property=\"og:image:type\" content=\"image\/webp\" \/>\n<meta name=\"author\" content=\"Reda\u00e7\u00e3o\" \/>\n<meta name=\"twitter:card\" content=\"summary_large_image\" \/>\n<meta name=\"twitter:label1\" content=\"Escrito por\" \/>\n\t<meta name=\"twitter:data1\" content=\"Reda\u00e7\u00e3o\" \/>\n\t<meta name=\"twitter:label2\" content=\"Est. tempo de leitura\" \/>\n\t<meta name=\"twitter:data2\" content=\"2 minutos\" \/>\n<script type=\"application\/ld+json\" class=\"yoast-schema-graph\">{\"@context\":\"https:\/\/schema.org\",\"@graph\":[{\"@type\":\"Article\",\"@id\":\"https:\/\/noticiaempauta.com\/portal\/em-marcolandia-empresario-e-baleado-e-seguranca-e-morto-a-tiros-apos-ataque-em-churrasco\/#article\",\"isPartOf\":{\"@id\":\"https:\/\/noticiaempauta.com\/portal\/em-marcolandia-empresario-e-baleado-e-seguranca-e-morto-a-tiros-apos-ataque-em-churrasco\/\"},\"author\":{\"name\":\"Reda\u00e7\u00e3o\",\"@id\":\"https:\/\/noticiaempauta.com\/portal\/#\/schema\/person\/a74af43dd1ab3deca45f988c717d57ac\"},\"headline\":\"Em Marcol\u00e2ndia, empres\u00e1rio \u00e9 baleado e seguran\u00e7a \u00e9 morto a tiros ap\u00f3s ataque em churrasco\",\"datePublished\":\"2024-05-26T11:30:34+00:00\",\"dateModified\":\"2024-05-26T11:30:35+00:00\",\"mainEntityOfPage\":{\"@id\":\"https:\/\/noticiaempauta.com\/portal\/em-marcolandia-empresario-e-baleado-e-seguranca-e-morto-a-tiros-apos-ataque-em-churrasco\/\"},\"wordCount\":292,\"commentCount\":0,\"publisher\":{\"@id\":\"https:\/\/noticiaempauta.com\/portal\/#organization\"},\"image\":{\"@id\":\"https:\/\/noticiaempauta.com\/portal\/em-marcolandia-empresario-e-baleado-e-seguranca-e-morto-a-tiros-apos-ataque-em-churrasco\/#primaryimage\"},\"thumbnailUrl\":\"https:\/\/noticiaempauta.com\/portal\/wp-content\/uploads\/2024\/05\/empresario-e-baleado-e-seguranca-e-morto-a-tiros-apos-ataque-em-churrasco-no-piaui-e0bf0c66-49ba-4e1a-8896-c42cdc55f314.jpg.webp\",\"keywords\":[\"destaqueprincipal\"],\"articleSection\":[\"Destaques\",\"Geral\",\"Munic\u00edpios\",\"Pol\u00edcia\",\"Todas as Not\u00edcias\"],\"inLanguage\":\"pt-BR\",\"potentialAction\":[{\"@type\":\"CommentAction\",\"name\":\"Comment\",\"target\":[\"https:\/\/noticiaempauta.com\/portal\/em-marcolandia-empresario-e-baleado-e-seguranca-e-morto-a-tiros-apos-ataque-em-churrasco\/#respond\"]}]},{\"@type\":\"WebPage\",\"@id\":\"https:\/\/noticiaempauta.com\/portal\/em-marcolandia-empresario-e-baleado-e-seguranca-e-morto-a-tiros-apos-ataque-em-churrasco\/\",\"url\":\"https:\/\/noticiaempauta.com\/portal\/em-marcolandia-empresario-e-baleado-e-seguranca-e-morto-a-tiros-apos-ataque-em-churrasco\/\",\"name\":\"Em Marcol\u00e2ndia, empres\u00e1rio \u00e9 baleado e seguran\u00e7a \u00e9 morto a tiros ap\u00f3s ataque em churrasco - Portal Not\u00edcia em Pauta\",\"isPartOf\":{\"@id\":\"https:\/\/noticiaempauta.com\/portal\/#website\"},\"primaryImageOfPage\":{\"@id\":\"https:\/\/noticiaempauta.com\/portal\/em-marcolandia-empresario-e-baleado-e-seguranca-e-morto-a-tiros-apos-ataque-em-churrasco\/#primaryimage\"},\"image\":{\"@id\":\"https:\/\/noticiaempauta.com\/portal\/em-marcolandia-empresario-e-baleado-e-seguranca-e-morto-a-tiros-apos-ataque-em-churrasco\/#primaryimage\"},\"thumbnailUrl\":\"https:\/\/noticiaempauta.com\/portal\/wp-content\/uploads\/2024\/05\/empresario-e-baleado-e-seguranca-e-morto-a-tiros-apos-ataque-em-churrasco-no-piaui-e0bf0c66-49ba-4e1a-8896-c42cdc55f314.jpg.webp\",\"datePublished\":\"2024-05-26T11:30:34+00:00\",\"dateModified\":\"2024-05-26T11:30:35+00:00\",\"breadcrumb\":{\"@id\":\"https:\/\/noticiaempauta.com\/portal\/em-marcolandia-empresario-e-baleado-e-seguranca-e-morto-a-tiros-apos-ataque-em-churrasco\/#breadcrumb\"},\"inLanguage\":\"pt-BR\",\"potentialAction\":[{\"@type\":\"ReadAction\",\"target\":[\"https:\/\/noticiaempauta.com\/portal\/em-marcolandia-empresario-e-baleado-e-seguranca-e-morto-a-tiros-apos-ataque-em-churrasco\/\"]}]},{\"@type\":\"ImageObject\",\"inLanguage\":\"pt-BR\",\"@id\":\"https:\/\/noticiaempauta.com\/portal\/em-marcolandia-empresario-e-baleado-e-seguranca-e-morto-a-tiros-apos-ataque-em-churrasco\/#primaryimage\",\"url\":\"https:\/\/noticiaempauta.com\/portal\/wp-content\/uploads\/2024\/05\/empresario-e-baleado-e-seguranca-e-morto-a-tiros-apos-ataque-em-churrasco-no-piaui-e0bf0c66-49ba-4e1a-8896-c42cdc55f314.jpg.webp\",\"contentUrl\":\"https:\/\/noticiaempauta.com\/portal\/wp-content\/uploads\/2024\/05\/empresario-e-baleado-e-seguranca-e-morto-a-tiros-apos-ataque-em-churrasco-no-piaui-e0bf0c66-49ba-4e1a-8896-c42cdc55f314.jpg.webp\",\"width\":1054,\"height\":600},{\"@type\":\"BreadcrumbList\",\"@id\":\"https:\/\/noticiaempauta.com\/portal\/em-marcolandia-empresario-e-baleado-e-seguranca-e-morto-a-tiros-apos-ataque-em-churrasco\/#breadcrumb\",\"itemListElement\":[{\"@type\":\"ListItem\",\"position\":1,\"name\":\"P\u00e1gina Inicial\",\"item\":\"https:\/\/noticiaempauta.com\/portal\/\"},{\"@type\":\"ListItem\",\"position\":2,\"name\":\"Destaques\",\"item\":\"https:\/\/noticiaempauta.com\/portal\/destaques-site\/\"},{\"@type\":\"ListItem\",\"position\":3,\"name\":\"Em Marcol\u00e2ndia, empres\u00e1rio \u00e9 baleado e seguran\u00e7a \u00e9 morto a tiros ap\u00f3s ataque em churrasco\"}]},{\"@type\":\"WebSite\",\"@id\":\"https:\/\/noticiaempauta.com\/portal\/#website\",\"url\":\"https:\/\/noticiaempauta.com\/portal\/\",\"name\":\"Portal Not\u00edcia em Pauta\",\"description\":\"Voc\u00ea bem informado\",\"publisher\":{\"@id\":\"https:\/\/noticiaempauta.com\/portal\/#organization\"},\"potentialAction\":[{\"@type\":\"SearchAction\",\"target\":{\"@type\":\"EntryPoint\",\"urlTemplate\":\"https:\/\/noticiaempauta.com\/portal\/?s={search_term_string}\"},\"query-input\":{\"@type\":\"PropertyValueSpecification\",\"valueRequired\":true,\"valueName\":\"search_term_string\"}}],\"inLanguage\":\"pt-BR\"},{\"@type\":\"Organization\",\"@id\":\"https:\/\/noticiaempauta.com\/portal\/#organization\",\"name\":\"Portal Not\u00edcia em Pauta\",\"url\":\"https:\/\/noticiaempauta.com\/portal\/\",\"logo\":{\"@type\":\"ImageObject\",\"inLanguage\":\"pt-BR\",\"@id\":\"https:\/\/noticiaempauta.com\/portal\/#\/schema\/logo\/image\/\",\"url\":\"https:\/\/noticiaempauta.com\/portal\/wp-content\/uploads\/2022\/08\/logomarca_tema.fw_.png\",\"contentUrl\":\"https:\/\/noticiaempauta.com\/portal\/wp-content\/uploads\/2022\/08\/logomarca_tema.fw_.png\",\"width\":400,\"height\":232,\"caption\":\"Portal Not\u00edcia em Pauta\"},\"image\":{\"@id\":\"https:\/\/noticiaempauta.com\/portal\/#\/schema\/logo\/image\/\"},\"sameAs\":[\"https:\/\/www.facebook.com\/Portal-Notcia-Em-Pauta-102292869264820\/\",\"https:\/\/www.instagram.com\/portalnoticiaempauta\/\"]},{\"@type\":\"Person\",\"@id\":\"https:\/\/noticiaempauta.com\/portal\/#\/schema\/person\/a74af43dd1ab3deca45f988c717d57ac\",\"name\":\"Reda\u00e7\u00e3o\",\"image\":{\"@type\":\"ImageObject\",\"inLanguage\":\"pt-BR\",\"@id\":\"https:\/\/noticiaempauta.com\/portal\/#\/schema\/person\/image\/\",\"url\":\"https:\/\/secure.gravatar.com\/avatar\/03179346ecce6cdfc13361603e8f54242a90e5cde8618fa23c5c00aa2b0aadf3?s=96&d=mm&r=g\",\"contentUrl\":\"https:\/\/secure.gravatar.com\/avatar\/03179346ecce6cdfc13361603e8f54242a90e5cde8618fa23c5c00aa2b0aadf3?s=96&d=mm&r=g\",\"caption\":\"Reda\u00e7\u00e3o\"},\"sameAs\":[\"https:\/\/noticiaempauta.com\/portal\/\"],\"url\":\"https:\/\/noticiaempauta.com\/portal\/author\/fernando\/\"}]}<\/script>\n<!-- \/ Yoast SEO Premium plugin. -->","yoast_head_json":{"title":"Em Marcol\u00e2ndia, empres\u00e1rio \u00e9 baleado e seguran\u00e7a \u00e9 morto a tiros ap\u00f3s ataque em churrasco - Portal Not\u00edcia em Pauta","robots":{"index":"index","follow":"follow","max-snippet":"max-snippet:-1","max-image-preview":"max-image-preview:large","max-video-preview":"max-video-preview:-1"},"canonical":"https:\/\/noticiaempauta.com\/portal\/em-marcolandia-empresario-e-baleado-e-seguranca-e-morto-a-tiros-apos-ataque-em-churrasco\/","og_locale":"pt_BR","og_type":"article","og_title":"Em Marcol\u00e2ndia, empres\u00e1rio \u00e9 baleado e seguran\u00e7a \u00e9 morto a tiros ap\u00f3s ataque em churrasco","og_description":"Suspeito, R.S., foi preso em um bar. Pol\u00edcia Civil investiga motiva\u00e7\u00e3o do assassinato.","og_url":"https:\/\/noticiaempauta.com\/portal\/em-marcolandia-empresario-e-baleado-e-seguranca-e-morto-a-tiros-apos-ataque-em-churrasco\/","og_site_name":"Portal Not\u00edcia em Pauta","article_publisher":"https:\/\/www.facebook.com\/Portal-Notcia-Em-Pauta-102292869264820\/","article_published_time":"2024-05-26T11:30:34+00:00","article_modified_time":"2024-05-26T11:30:35+00:00","og_image":[{"width":1054,"height":600,"url":"https:\/\/noticiaempauta.com\/portal\/wp-content\/uploads\/2024\/05\/empresario-e-baleado-e-seguranca-e-morto-a-tiros-apos-ataque-em-churrasco-no-piaui-e0bf0c66-49ba-4e1a-8896-c42cdc55f314.jpg.webp","type":"image\/webp"}],"author":"Reda\u00e7\u00e3o","twitter_card":"summary_large_image","twitter_misc":{"Escrito por":"Reda\u00e7\u00e3o","Est. tempo de leitura":"2 minutos"},"schema":{"@context":"https:\/\/schema.org","@graph":[{"@type":"Article","@id":"https:\/\/noticiaempauta.com\/portal\/em-marcolandia-empresario-e-baleado-e-seguranca-e-morto-a-tiros-apos-ataque-em-churrasco\/#article","isPartOf":{"@id":"https:\/\/noticiaempauta.com\/portal\/em-marcolandia-empresario-e-baleado-e-seguranca-e-morto-a-tiros-apos-ataque-em-churrasco\/"},"author":{"name":"Reda\u00e7\u00e3o","@id":"https:\/\/noticiaempauta.com\/portal\/#\/schema\/person\/a74af43dd1ab3deca45f988c717d57ac"},"headline":"Em Marcol\u00e2ndia, empres\u00e1rio \u00e9 baleado e seguran\u00e7a \u00e9 morto a tiros ap\u00f3s ataque em churrasco","datePublished":"2024-05-26T11:30:34+00:00","dateModified":"2024-05-26T11:30:35+00:00","mainEntityOfPage":{"@id":"https:\/\/noticiaempauta.com\/portal\/em-marcolandia-empresario-e-baleado-e-seguranca-e-morto-a-tiros-apos-ataque-em-churrasco\/"},"wordCount":292,"commentCount":0,"publisher":{"@id":"https:\/\/noticiaempauta.com\/portal\/#organization"},"image":{"@id":"https:\/\/noticiaempauta.com\/portal\/em-marcolandia-empresario-e-baleado-e-seguranca-e-morto-a-tiros-apos-ataque-em-churrasco\/#primaryimage"},"thumbnailUrl":"https:\/\/noticiaempauta.com\/portal\/wp-content\/uploads\/2024\/05\/empresario-e-baleado-e-seguranca-e-morto-a-tiros-apos-ataque-em-churrasco-no-piaui-e0bf0c66-49ba-4e1a-8896-c42cdc55f314.jpg.webp","keywords":["destaqueprincipal"],"articleSection":["Destaques","Geral","Munic\u00edpios","Pol\u00edcia","Todas as Not\u00edcias"],"inLanguage":"pt-BR","potentialAction":[{"@type":"CommentAction","name":"Comment","target":["https:\/\/noticiaempauta.com\/portal\/em-marcolandia-empresario-e-baleado-e-seguranca-e-morto-a-tiros-apos-ataque-em-churrasco\/#respond"]}]},{"@type":"WebPage","@id":"https:\/\/noticiaempauta.com\/portal\/em-marcolandia-empresario-e-baleado-e-seguranca-e-morto-a-tiros-apos-ataque-em-churrasco\/","url":"https:\/\/noticiaempauta.com\/portal\/em-marcolandia-empresario-e-baleado-e-seguranca-e-morto-a-tiros-apos-ataque-em-churrasco\/","name":"Em Marcol\u00e2ndia, empres\u00e1rio \u00e9 baleado e seguran\u00e7a \u00e9 morto a tiros ap\u00f3s ataque em churrasco - Portal Not\u00edcia em Pauta","isPartOf":{"@id":"https:\/\/noticiaempauta.com\/portal\/#website"},"primaryImageOfPage":{"@id":"https:\/\/noticiaempauta.com\/portal\/em-marcolandia-empresario-e-baleado-e-seguranca-e-morto-a-tiros-apos-ataque-em-churrasco\/#primaryimage"},"image":{"@id":"https:\/\/noticiaempauta.com\/portal\/em-marcolandia-empresario-e-baleado-e-seguranca-e-morto-a-tiros-apos-ataque-em-churrasco\/#primaryimage"},"thumbnailUrl":"https:\/\/noticiaempauta.com\/portal\/wp-content\/uploads\/2024\/05\/empresario-e-baleado-e-seguranca-e-morto-a-tiros-apos-ataque-em-churrasco-no-piaui-e0bf0c66-49ba-4e1a-8896-c42cdc55f314.jpg.webp","datePublished":"2024-05-26T11:30:34+00:00","dateModified":"2024-05-26T11:30:35+00:00","breadcrumb":{"@id":"https:\/\/noticiaempauta.com\/portal\/em-marcolandia-empresario-e-baleado-e-seguranca-e-morto-a-tiros-apos-ataque-em-churrasco\/#breadcrumb"},"inLanguage":"pt-BR","potentialAction":[{"@type":"ReadAction","target":["https:\/\/noticiaempauta.com\/portal\/em-marcolandia-empresario-e-baleado-e-seguranca-e-morto-a-tiros-apos-ataque-em-churrasco\/"]}]},{"@type":"ImageObject","inLanguage":"pt-BR","@id":"https:\/\/noticiaempauta.com\/portal\/em-marcolandia-empresario-e-baleado-e-seguranca-e-morto-a-tiros-apos-ataque-em-churrasco\/#primaryimage","url":"https:\/\/noticiaempauta.com\/portal\/wp-content\/uploads\/2024\/05\/empresario-e-baleado-e-seguranca-e-morto-a-tiros-apos-ataque-em-churrasco-no-piaui-e0bf0c66-49ba-4e1a-8896-c42cdc55f314.jpg.webp","contentUrl":"https:\/\/noticiaempauta.com\/portal\/wp-content\/uploads\/2024\/05\/empresario-e-baleado-e-seguranca-e-morto-a-tiros-apos-ataque-em-churrasco-no-piaui-e0bf0c66-49ba-4e1a-8896-c42cdc55f314.jpg.webp","width":1054,"height":600},{"@type":"BreadcrumbList","@id":"https:\/\/noticiaempauta.com\/portal\/em-marcolandia-empresario-e-baleado-e-seguranca-e-morto-a-tiros-apos-ataque-em-churrasco\/#breadcrumb","itemListElement":[{"@type":"ListItem","position":1,"name":"P\u00e1gina Inicial","item":"https:\/\/noticiaempauta.com\/portal\/"},{"@type":"ListItem","position":2,"name":"Destaques","item":"https:\/\/noticiaempauta.com\/portal\/destaques-site\/"},{"@type":"ListItem","position":3,"name":"Em Marcol\u00e2ndia, empres\u00e1rio \u00e9 baleado e seguran\u00e7a \u00e9 morto a tiros ap\u00f3s ataque em churrasco"}]},{"@type":"WebSite","@id":"https:\/\/noticiaempauta.com\/portal\/#website","url":"https:\/\/noticiaempauta.com\/portal\/","name":"Portal Not\u00edcia em Pauta","description":"Voc\u00ea bem informado","publisher":{"@id":"https:\/\/noticiaempauta.com\/portal\/#organization"},"potentialAction":[{"@type":"SearchAction","target":{"@type":"EntryPoint","urlTemplate":"https:\/\/noticiaempauta.com\/portal\/?s={search_term_string}"},"query-input":{"@type":"PropertyValueSpecification","valueRequired":true,"valueName":"search_term_string"}}],"inLanguage":"pt-BR"},{"@type":"Organization","@id":"https:\/\/noticiaempauta.com\/portal\/#organization","name":"Portal Not\u00edcia em Pauta","url":"https:\/\/noticiaempauta.com\/portal\/","logo":{"@type":"ImageObject","inLanguage":"pt-BR","@id":"https:\/\/noticiaempauta.com\/portal\/#\/schema\/logo\/image\/","url":"https:\/\/noticiaempauta.com\/portal\/wp-content\/uploads\/2022\/08\/logomarca_tema.fw_.png","contentUrl":"https:\/\/noticiaempauta.com\/portal\/wp-content\/uploads\/2022\/08\/logomarca_tema.fw_.png","width":400,"height":232,"caption":"Portal Not\u00edcia em Pauta"},"image":{"@id":"https:\/\/noticiaempauta.com\/portal\/#\/schema\/logo\/image\/"},"sameAs":["https:\/\/www.facebook.com\/Portal-Notcia-Em-Pauta-102292869264820\/","https:\/\/www.instagram.com\/portalnoticiaempauta\/"]},{"@type":"Person","@id":"https:\/\/noticiaempauta.com\/portal\/#\/schema\/person\/a74af43dd1ab3deca45f988c717d57ac","name":"Reda\u00e7\u00e3o","image":{"@type":"ImageObject","inLanguage":"pt-BR","@id":"https:\/\/noticiaempauta.com\/portal\/#\/schema\/person\/image\/","url":"https:\/\/secure.gravatar.com\/avatar\/03179346ecce6cdfc13361603e8f54242a90e5cde8618fa23c5c00aa2b0aadf3?s=96&d=mm&r=g","contentUrl":"https:\/\/secure.gravatar.com\/avatar\/03179346ecce6cdfc13361603e8f54242a90e5cde8618fa23c5c00aa2b0aadf3?s=96&d=mm&r=g","caption":"Reda\u00e7\u00e3o"},"sameAs":["https:\/\/noticiaempauta.com\/portal\/"],"url":"https:\/\/noticiaempauta.com\/portal\/author\/fernando\/"}]}},"_links":{"self":[{"href":"https:\/\/noticiaempauta.com\/portal\/wp-json\/wp\/v2\/posts\/258244","targetHints":{"allow":["GET"]}}],"collection":[{"href":"https:\/\/noticiaempauta.com\/portal\/wp-json\/wp\/v2\/posts"}],"about":[{"href":"https:\/\/noticiaempauta.com\/portal\/wp-json\/wp\/v2\/types\/post"}],"author":[{"embeddable":true,"href":"https:\/\/noticiaempauta.com\/portal\/wp-json\/wp\/v2\/users\/2"}],"replies":[{"embeddable":true,"href":"https:\/\/noticiaempauta.com\/portal\/wp-json\/wp\/v2\/comments?post=258244"}],"version-history":[{"count":2,"href":"https:\/\/noticiaempauta.com\/portal\/wp-json\/wp\/v2\/posts\/258244\/revisions"}],"predecessor-version":[{"id":258248,"href":"https:\/\/noticiaempauta.com\/portal\/wp-json\/wp\/v2\/posts\/258244\/revisions\/258248"}],"wp:featuredmedia":[{"embeddable":true,"href":"https:\/\/noticiaempauta.com\/portal\/wp-json\/wp\/v2\/media\/258246"}],"wp:attachment":[{"href":"https:\/\/noticiaempauta.com\/portal\/wp-json\/wp\/v2\/media?parent=258244"}],"wp:term":[{"taxonomy":"category","embeddable":true,"href":"https:\/\/noticiaempauta.com\/portal\/wp-json\/wp\/v2\/categories?post=258244"},{"taxonomy":"post_tag","embeddable":true,"href":"https:\/\/noticiaempauta.com\/portal\/wp-json\/wp\/v2\/tags?post=258244"}],"curies":[{"name":"wp","href":"https:\/\/api.w.org\/{rel}","templated":true}]}}