{"id":258249,"date":"2024-05-27T08:53:22","date_gmt":"2024-05-27T11:53:22","guid":{"rendered":"https:\/\/noticiaempauta.com\/portal\/?p=258249"},"modified":"2024-05-27T10:35:26","modified_gmt":"2024-05-27T13:35:26","slug":"naerton-moura-amplia-intencoes-de-voto-em-nova-pesquisa-sobre-a-eleicao-em-sussuapara","status":"publish","type":"post","link":"https:\/\/noticiaempauta.com\/portal\/naerton-moura-amplia-intencoes-de-voto-em-nova-pesquisa-sobre-a-eleicao-em-sussuapara\/","title":{"rendered":"Naerton Moura amplia inten\u00e7\u00f5es de voto em nova pesquisa sobre a elei\u00e7\u00e3o em Sussuapara"},"content":{"rendered":"\n<p>Em uma nova pesquisa realizada pelo Instituto Credibilidade e divulgada nesta segunda-feira, dia 27, o atual prefeito de Sussuapara e pr\u00e9-candidato \u00e0 reelei\u00e7\u00e3o, Naerton Silva Moura (MDB), apresentou crescimento nas inten\u00e7\u00f5es de voto em rela\u00e7\u00e3o ao levantamento anterior, realizado entre os dias 18 e 19 de mar\u00e7o, consolidando sua lideran\u00e7a absoluta na corrida eleitoral.&nbsp;<\/p>\n\n\n\n<figure class=\"wp-block-image size-full\"><img fetchpriority=\"high\" decoding=\"async\" width=\"1024\" height=\"650\" src=\"https:\/\/noticiaempauta.com\/portal\/wp-content\/uploads\/2024\/05\/P40G-IMG-6b5cabf4a6cc58e2e4.jpg\" alt=\"\" class=\"wp-image-258255\" srcset=\"https:\/\/noticiaempauta.com\/portal\/wp-content\/uploads\/2024\/05\/P40G-IMG-6b5cabf4a6cc58e2e4.jpg 1024w, https:\/\/noticiaempauta.com\/portal\/wp-content\/uploads\/2024\/05\/P40G-IMG-6b5cabf4a6cc58e2e4-300x190.jpg 300w, https:\/\/noticiaempauta.com\/portal\/wp-content\/uploads\/2024\/05\/P40G-IMG-6b5cabf4a6cc58e2e4-768x488.jpg 768w\" sizes=\"(max-width: 1024px) 100vw, 1024px\" \/><\/figure>\n\n\n\n<p>Comparada \u00e0 pesquisa anterior do mesmo instituto, Naerton ampliou seu percentual de 85,15% para 87,67% das inten\u00e7\u00f5es de votos na pesquisa estimulada, divulgada hoje. Pr\u00e9-candidato a prefeito pelo Solidariedade, o ex-vereador Valdir Alves da Silva, o Valdir Flor\u00eancio, obteve apenas 3% das inten\u00e7\u00f5es de voto. 9,33% preferiram n\u00e3o opinar. No levantamento anterior, Valdir obteve 4,95%.\u00a0<\/p>\n\n\n\n<figure class=\"wp-block-image size-full\"><img decoding=\"async\" width=\"1024\" height=\"672\" src=\"https:\/\/noticiaempauta.com\/portal\/wp-content\/uploads\/2024\/05\/PHOTO-2024-05-27-09-56-471.jpg\" alt=\"\" class=\"wp-image-258277\" srcset=\"https:\/\/noticiaempauta.com\/portal\/wp-content\/uploads\/2024\/05\/PHOTO-2024-05-27-09-56-471.jpg 1024w, https:\/\/noticiaempauta.com\/portal\/wp-content\/uploads\/2024\/05\/PHOTO-2024-05-27-09-56-471-300x197.jpg 300w, https:\/\/noticiaempauta.com\/portal\/wp-content\/uploads\/2024\/05\/PHOTO-2024-05-27-09-56-471-768x504.jpg 768w\" sizes=\"(max-width: 1024px) 100vw, 1024px\" \/><\/figure>\n\n\n\n<p>Sobre a rejei\u00e7\u00e3o dos pr\u00e9-candidatos, segundo o Instituto Credibilidade o ex-vereador Valdir Flor\u00eancio \u00e9 rejeitado por 42,33% dos entrevistados, enquanto que o prefeito Naerton Moura tem apenas 3% de rejei\u00e7\u00e3o. 40,33% n\u00e3o rejeitam nenhum dos dois e 14,34% n\u00e3o se manifestaram.<\/p>\n\n\n\n<figure class=\"wp-block-image size-full\"><img decoding=\"async\" width=\"1024\" height=\"628\" src=\"https:\/\/noticiaempauta.com\/portal\/wp-content\/uploads\/2024\/05\/Valdir2.jpg\" alt=\"\" class=\"wp-image-258252\" srcset=\"https:\/\/noticiaempauta.com\/portal\/wp-content\/uploads\/2024\/05\/Valdir2.jpg 1024w, https:\/\/noticiaempauta.com\/portal\/wp-content\/uploads\/2024\/05\/Valdir2-300x184.jpg 300w, https:\/\/noticiaempauta.com\/portal\/wp-content\/uploads\/2024\/05\/Valdir2-768x471.jpg 768w\" sizes=\"(max-width: 1024px) 100vw, 1024px\" \/><\/figure>\n\n\n\n<figure class=\"wp-block-image size-full\"><img loading=\"lazy\" decoding=\"async\" width=\"1024\" height=\"673\" src=\"https:\/\/noticiaempauta.com\/portal\/wp-content\/uploads\/2024\/05\/PHOTO-2024-05-27-09-56-53.jpg\" alt=\"\" class=\"wp-image-258278\" srcset=\"https:\/\/noticiaempauta.com\/portal\/wp-content\/uploads\/2024\/05\/PHOTO-2024-05-27-09-56-53.jpg 1024w, https:\/\/noticiaempauta.com\/portal\/wp-content\/uploads\/2024\/05\/PHOTO-2024-05-27-09-56-53-300x197.jpg 300w, https:\/\/noticiaempauta.com\/portal\/wp-content\/uploads\/2024\/05\/PHOTO-2024-05-27-09-56-53-768x505.jpg 768w\" sizes=\"(max-width: 1024px) 100vw, 1024px\" \/><\/figure>\n\n\n\n<p><strong>DESEMPENHO<\/strong><br>Mesmo dentro da margem de erro, que \u00e9 de 5,49%, o aumento na prefer\u00eancia do eleitorado animou ainda mais o comando de pr\u00e9-campanha do atual prefeito, que atribui essa consolida\u00e7\u00e3o, que beira os 90%, \u00e0 sua presen\u00e7a constante em todas as regi\u00f5es de Sussuapara, dialogando diretamente com a popula\u00e7\u00e3o e ouvindo suas demandas.\u00a0<\/p>\n\n\n\n<p>Outros fatores relevantes e atribu\u00eddos ao bom desempenho, s\u00e3o o pleno funcionamento de todos os setores da Gest\u00e3o Municipal e o verdadeiro canteiro de obras em que Sussuapara se transformou nos \u00faltimos tempos, sobretudo na \u00e1rea de pavimenta\u00e7\u00e3o e abastecimento d\u2019\u00e1gua.<\/p>\n\n\n\n<figure class=\"wp-block-image size-full\"><img loading=\"lazy\" decoding=\"async\" width=\"1024\" height=\"614\" src=\"https:\/\/noticiaempauta.com\/portal\/wp-content\/uploads\/2024\/05\/DSC_73931.jpg\" alt=\"\" class=\"wp-image-258253\" srcset=\"https:\/\/noticiaempauta.com\/portal\/wp-content\/uploads\/2024\/05\/DSC_73931.jpg 1024w, https:\/\/noticiaempauta.com\/portal\/wp-content\/uploads\/2024\/05\/DSC_73931-300x180.jpg 300w, https:\/\/noticiaempauta.com\/portal\/wp-content\/uploads\/2024\/05\/DSC_73931-768x461.jpg 768w\" sizes=\"(max-width: 1024px) 100vw, 1024px\" \/><\/figure>\n\n\n\n<p><strong>ADMINISTRA\u00c7\u00c3O<\/strong><\/p>\n\n\n\n<figure class=\"wp-block-image size-full\"><img loading=\"lazy\" decoding=\"async\" width=\"1024\" height=\"672\" src=\"https:\/\/noticiaempauta.com\/portal\/wp-content\/uploads\/2024\/05\/PHOTO-2024-05-27-09-56-57.jpg\" alt=\"\" class=\"wp-image-258280\" srcset=\"https:\/\/noticiaempauta.com\/portal\/wp-content\/uploads\/2024\/05\/PHOTO-2024-05-27-09-56-57.jpg 1024w, https:\/\/noticiaempauta.com\/portal\/wp-content\/uploads\/2024\/05\/PHOTO-2024-05-27-09-56-57-300x197.jpg 300w, https:\/\/noticiaempauta.com\/portal\/wp-content\/uploads\/2024\/05\/PHOTO-2024-05-27-09-56-57-768x504.jpg 768w\" sizes=\"(max-width: 1024px) 100vw, 1024px\" \/><\/figure>\n\n\n\n<p><br>O Instituto Credibilidade aferiu a aprova\u00e7\u00e3o da gest\u00e3o municipal do prefeito Naerton Moura e de acordo a pesquisa, 93% dos entrevistados aprovam a gest\u00e3o, enquanto que apenas 2,67% n\u00e3o aprovam e 4,33% n\u00e3o opinaram.<\/p>\n\n\n\n<figure class=\"wp-block-image size-full\"><img loading=\"lazy\" decoding=\"async\" width=\"1024\" height=\"590\" src=\"https:\/\/noticiaempauta.com\/portal\/wp-content\/uploads\/2024\/05\/17011026985811.jpg\" alt=\"\" class=\"wp-image-258254\" srcset=\"https:\/\/noticiaempauta.com\/portal\/wp-content\/uploads\/2024\/05\/17011026985811.jpg 1024w, https:\/\/noticiaempauta.com\/portal\/wp-content\/uploads\/2024\/05\/17011026985811-300x173.jpg 300w, https:\/\/noticiaempauta.com\/portal\/wp-content\/uploads\/2024\/05\/17011026985811-768x443.jpg 768w\" sizes=\"(max-width: 1024px) 100vw, 1024px\" \/><\/figure>\n\n\n\n<p><strong>FICHA T\u00c9CNICA<\/strong><br>A pesquisa, realizada pelo Instituto Credibilidade, est\u00e1 registrada no Tribunal Superior Eleitoral sob o n\u00famero 00678\/2024. Ela ouviu 300 eleitores maiores de 16 anos, de ambos os sexos, de variados n\u00edveis de escolaridade e renda, residentes na sede e na zona rural do munic\u00edpio, entre os dias 20 e 21 deste m\u00eas, tendo uma margem de erro de 5,49% para mais ou para menos e um grau de confian\u00e7a de 95%. O levantamento foi contratado pelo Portal Picos 40 Graus e o estat\u00edstico respons\u00e1vel \u00e9 Di\u00f3genes Vitor da Silveira.<\/p>\n\n\n\n<p>Fonte: Picos 40 Graus<\/p>\n","protected":false},"excerpt":{"rendered":"<p>Em uma nova pesquisa realizada pelo Instituto Credibilidade e divulgada nesta segunda-feira, dia 27, o atual prefeito de Sussuapara e pr\u00e9-candidato \u00e0 reelei\u00e7\u00e3o, Naerton Silva Moura (MDB), apresentou crescimento nas inten\u00e7\u00f5es de voto em rela\u00e7\u00e3o ao levantamento anterior, realizado entre os dias 18 e 19 de mar\u00e7o, consolidando sua lideran\u00e7a absoluta na corrida eleitoral.&nbsp; Comparada [&hellip;]<\/p>\n","protected":false},"author":2,"featured_media":258255,"comment_status":"open","ping_status":"open","sticky":false,"template":"","format":"standard","meta":{"_mi_skip_tracking":false,"footnotes":""},"categories":[25,9,3,16],"tags":[192],"class_list":["post-258249","post","type-post","status-publish","format-standard","has-post-thumbnail","hentry","category-destaques-site","category-municipios","category-politica","category-todas","tag-destaqueprincipal"],"acf":[],"yoast_head":"<!-- This site is optimized with the Yoast SEO Premium plugin v19.2 (Yoast SEO v26.9) - https:\/\/yoast.com\/product\/yoast-seo-premium-wordpress\/ -->\n<title>Naerton Moura amplia inten\u00e7\u00f5es de voto em nova pesquisa sobre a elei\u00e7\u00e3o em Sussuapara - Portal Not\u00edcia em Pauta<\/title>\n<meta name=\"robots\" content=\"index, follow, max-snippet:-1, max-image-preview:large, max-video-preview:-1\" \/>\n<link rel=\"canonical\" href=\"https:\/\/noticiaempauta.com\/portal\/naerton-moura-amplia-intencoes-de-voto-em-nova-pesquisa-sobre-a-eleicao-em-sussuapara\/\" \/>\n<meta property=\"og:locale\" content=\"pt_BR\" \/>\n<meta property=\"og:type\" content=\"article\" \/>\n<meta property=\"og:title\" content=\"Naerton Moura amplia inten\u00e7\u00f5es de voto em nova pesquisa sobre a elei\u00e7\u00e3o em Sussuapara\" \/>\n<meta property=\"og:description\" content=\"Em uma nova pesquisa realizada pelo Instituto Credibilidade e divulgada nesta segunda-feira, dia 27, o atual prefeito de Sussuapara e pr\u00e9-candidato \u00e0 reelei\u00e7\u00e3o, Naerton Silva Moura (MDB), apresentou crescimento nas inten\u00e7\u00f5es de voto em rela\u00e7\u00e3o ao levantamento anterior, realizado entre os dias 18 e 19 de mar\u00e7o, consolidando sua lideran\u00e7a absoluta na corrida eleitoral.&nbsp; Comparada [&hellip;]\" \/>\n<meta property=\"og:url\" content=\"https:\/\/noticiaempauta.com\/portal\/naerton-moura-amplia-intencoes-de-voto-em-nova-pesquisa-sobre-a-eleicao-em-sussuapara\/\" \/>\n<meta property=\"og:site_name\" content=\"Portal Not\u00edcia em Pauta\" \/>\n<meta property=\"article:publisher\" content=\"https:\/\/www.facebook.com\/Portal-Notcia-Em-Pauta-102292869264820\/\" \/>\n<meta property=\"article:published_time\" content=\"2024-05-27T11:53:22+00:00\" \/>\n<meta property=\"article:modified_time\" content=\"2024-05-27T13:35:26+00:00\" \/>\n<meta property=\"og:image\" content=\"https:\/\/noticiaempauta.com\/portal\/wp-content\/uploads\/2024\/05\/P40G-IMG-6b5cabf4a6cc58e2e4.jpg\" \/>\n\t<meta property=\"og:image:width\" content=\"1024\" \/>\n\t<meta property=\"og:image:height\" content=\"650\" \/>\n\t<meta property=\"og:image:type\" content=\"image\/jpeg\" \/>\n<meta name=\"author\" content=\"Reda\u00e7\u00e3o\" \/>\n<meta name=\"twitter:card\" content=\"summary_large_image\" \/>\n<meta name=\"twitter:label1\" content=\"Escrito por\" \/>\n\t<meta name=\"twitter:data1\" content=\"Reda\u00e7\u00e3o\" \/>\n\t<meta name=\"twitter:label2\" content=\"Est. tempo de leitura\" \/>\n\t<meta name=\"twitter:data2\" content=\"4 minutos\" \/>\n<script type=\"application\/ld+json\" class=\"yoast-schema-graph\">{\"@context\":\"https:\/\/schema.org\",\"@graph\":[{\"@type\":\"Article\",\"@id\":\"https:\/\/noticiaempauta.com\/portal\/naerton-moura-amplia-intencoes-de-voto-em-nova-pesquisa-sobre-a-eleicao-em-sussuapara\/#article\",\"isPartOf\":{\"@id\":\"https:\/\/noticiaempauta.com\/portal\/naerton-moura-amplia-intencoes-de-voto-em-nova-pesquisa-sobre-a-eleicao-em-sussuapara\/\"},\"author\":{\"name\":\"Reda\u00e7\u00e3o\",\"@id\":\"https:\/\/noticiaempauta.com\/portal\/#\/schema\/person\/a74af43dd1ab3deca45f988c717d57ac\"},\"headline\":\"Naerton Moura amplia inten\u00e7\u00f5es de voto em nova pesquisa sobre a elei\u00e7\u00e3o em Sussuapara\",\"datePublished\":\"2024-05-27T11:53:22+00:00\",\"dateModified\":\"2024-05-27T13:35:26+00:00\",\"mainEntityOfPage\":{\"@id\":\"https:\/\/noticiaempauta.com\/portal\/naerton-moura-amplia-intencoes-de-voto-em-nova-pesquisa-sobre-a-eleicao-em-sussuapara\/\"},\"wordCount\":403,\"commentCount\":0,\"publisher\":{\"@id\":\"https:\/\/noticiaempauta.com\/portal\/#organization\"},\"image\":{\"@id\":\"https:\/\/noticiaempauta.com\/portal\/naerton-moura-amplia-intencoes-de-voto-em-nova-pesquisa-sobre-a-eleicao-em-sussuapara\/#primaryimage\"},\"thumbnailUrl\":\"https:\/\/noticiaempauta.com\/portal\/wp-content\/uploads\/2024\/05\/P40G-IMG-6b5cabf4a6cc58e2e4.jpg\",\"keywords\":[\"destaqueprincipal\"],\"articleSection\":[\"Destaques\",\"Munic\u00edpios\",\"Pol\u00edtica\",\"Todas as Not\u00edcias\"],\"inLanguage\":\"pt-BR\",\"potentialAction\":[{\"@type\":\"CommentAction\",\"name\":\"Comment\",\"target\":[\"https:\/\/noticiaempauta.com\/portal\/naerton-moura-amplia-intencoes-de-voto-em-nova-pesquisa-sobre-a-eleicao-em-sussuapara\/#respond\"]}]},{\"@type\":\"WebPage\",\"@id\":\"https:\/\/noticiaempauta.com\/portal\/naerton-moura-amplia-intencoes-de-voto-em-nova-pesquisa-sobre-a-eleicao-em-sussuapara\/\",\"url\":\"https:\/\/noticiaempauta.com\/portal\/naerton-moura-amplia-intencoes-de-voto-em-nova-pesquisa-sobre-a-eleicao-em-sussuapara\/\",\"name\":\"Naerton Moura amplia inten\u00e7\u00f5es de voto em nova pesquisa sobre a elei\u00e7\u00e3o em Sussuapara - Portal Not\u00edcia em Pauta\",\"isPartOf\":{\"@id\":\"https:\/\/noticiaempauta.com\/portal\/#website\"},\"primaryImageOfPage\":{\"@id\":\"https:\/\/noticiaempauta.com\/portal\/naerton-moura-amplia-intencoes-de-voto-em-nova-pesquisa-sobre-a-eleicao-em-sussuapara\/#primaryimage\"},\"image\":{\"@id\":\"https:\/\/noticiaempauta.com\/portal\/naerton-moura-amplia-intencoes-de-voto-em-nova-pesquisa-sobre-a-eleicao-em-sussuapara\/#primaryimage\"},\"thumbnailUrl\":\"https:\/\/noticiaempauta.com\/portal\/wp-content\/uploads\/2024\/05\/P40G-IMG-6b5cabf4a6cc58e2e4.jpg\",\"datePublished\":\"2024-05-27T11:53:22+00:00\",\"dateModified\":\"2024-05-27T13:35:26+00:00\",\"breadcrumb\":{\"@id\":\"https:\/\/noticiaempauta.com\/portal\/naerton-moura-amplia-intencoes-de-voto-em-nova-pesquisa-sobre-a-eleicao-em-sussuapara\/#breadcrumb\"},\"inLanguage\":\"pt-BR\",\"potentialAction\":[{\"@type\":\"ReadAction\",\"target\":[\"https:\/\/noticiaempauta.com\/portal\/naerton-moura-amplia-intencoes-de-voto-em-nova-pesquisa-sobre-a-eleicao-em-sussuapara\/\"]}]},{\"@type\":\"ImageObject\",\"inLanguage\":\"pt-BR\",\"@id\":\"https:\/\/noticiaempauta.com\/portal\/naerton-moura-amplia-intencoes-de-voto-em-nova-pesquisa-sobre-a-eleicao-em-sussuapara\/#primaryimage\",\"url\":\"https:\/\/noticiaempauta.com\/portal\/wp-content\/uploads\/2024\/05\/P40G-IMG-6b5cabf4a6cc58e2e4.jpg\",\"contentUrl\":\"https:\/\/noticiaempauta.com\/portal\/wp-content\/uploads\/2024\/05\/P40G-IMG-6b5cabf4a6cc58e2e4.jpg\",\"width\":1024,\"height\":650},{\"@type\":\"BreadcrumbList\",\"@id\":\"https:\/\/noticiaempauta.com\/portal\/naerton-moura-amplia-intencoes-de-voto-em-nova-pesquisa-sobre-a-eleicao-em-sussuapara\/#breadcrumb\",\"itemListElement\":[{\"@type\":\"ListItem\",\"position\":1,\"name\":\"P\u00e1gina Inicial\",\"item\":\"https:\/\/noticiaempauta.com\/portal\/\"},{\"@type\":\"ListItem\",\"position\":2,\"name\":\"Destaques\",\"item\":\"https:\/\/noticiaempauta.com\/portal\/destaques-site\/\"},{\"@type\":\"ListItem\",\"position\":3,\"name\":\"Naerton Moura amplia inten\u00e7\u00f5es de voto em nova pesquisa sobre a elei\u00e7\u00e3o em Sussuapara\"}]},{\"@type\":\"WebSite\",\"@id\":\"https:\/\/noticiaempauta.com\/portal\/#website\",\"url\":\"https:\/\/noticiaempauta.com\/portal\/\",\"name\":\"Portal Not\u00edcia em Pauta\",\"description\":\"Voc\u00ea bem informado\",\"publisher\":{\"@id\":\"https:\/\/noticiaempauta.com\/portal\/#organization\"},\"potentialAction\":[{\"@type\":\"SearchAction\",\"target\":{\"@type\":\"EntryPoint\",\"urlTemplate\":\"https:\/\/noticiaempauta.com\/portal\/?s={search_term_string}\"},\"query-input\":{\"@type\":\"PropertyValueSpecification\",\"valueRequired\":true,\"valueName\":\"search_term_string\"}}],\"inLanguage\":\"pt-BR\"},{\"@type\":\"Organization\",\"@id\":\"https:\/\/noticiaempauta.com\/portal\/#organization\",\"name\":\"Portal Not\u00edcia em Pauta\",\"url\":\"https:\/\/noticiaempauta.com\/portal\/\",\"logo\":{\"@type\":\"ImageObject\",\"inLanguage\":\"pt-BR\",\"@id\":\"https:\/\/noticiaempauta.com\/portal\/#\/schema\/logo\/image\/\",\"url\":\"https:\/\/noticiaempauta.com\/portal\/wp-content\/uploads\/2022\/08\/logomarca_tema.fw_.png\",\"contentUrl\":\"https:\/\/noticiaempauta.com\/portal\/wp-content\/uploads\/2022\/08\/logomarca_tema.fw_.png\",\"width\":400,\"height\":232,\"caption\":\"Portal Not\u00edcia em Pauta\"},\"image\":{\"@id\":\"https:\/\/noticiaempauta.com\/portal\/#\/schema\/logo\/image\/\"},\"sameAs\":[\"https:\/\/www.facebook.com\/Portal-Notcia-Em-Pauta-102292869264820\/\",\"https:\/\/www.instagram.com\/portalnoticiaempauta\/\"]},{\"@type\":\"Person\",\"@id\":\"https:\/\/noticiaempauta.com\/portal\/#\/schema\/person\/a74af43dd1ab3deca45f988c717d57ac\",\"name\":\"Reda\u00e7\u00e3o\",\"image\":{\"@type\":\"ImageObject\",\"inLanguage\":\"pt-BR\",\"@id\":\"https:\/\/noticiaempauta.com\/portal\/#\/schema\/person\/image\/\",\"url\":\"https:\/\/secure.gravatar.com\/avatar\/03179346ecce6cdfc13361603e8f54242a90e5cde8618fa23c5c00aa2b0aadf3?s=96&d=mm&r=g\",\"contentUrl\":\"https:\/\/secure.gravatar.com\/avatar\/03179346ecce6cdfc13361603e8f54242a90e5cde8618fa23c5c00aa2b0aadf3?s=96&d=mm&r=g\",\"caption\":\"Reda\u00e7\u00e3o\"},\"sameAs\":[\"https:\/\/noticiaempauta.com\/portal\/\"],\"url\":\"https:\/\/noticiaempauta.com\/portal\/author\/fernando\/\"}]}<\/script>\n<!-- \/ Yoast SEO Premium plugin. -->","yoast_head_json":{"title":"Naerton Moura amplia inten\u00e7\u00f5es de voto em nova pesquisa sobre a elei\u00e7\u00e3o em Sussuapara - Portal Not\u00edcia em Pauta","robots":{"index":"index","follow":"follow","max-snippet":"max-snippet:-1","max-image-preview":"max-image-preview:large","max-video-preview":"max-video-preview:-1"},"canonical":"https:\/\/noticiaempauta.com\/portal\/naerton-moura-amplia-intencoes-de-voto-em-nova-pesquisa-sobre-a-eleicao-em-sussuapara\/","og_locale":"pt_BR","og_type":"article","og_title":"Naerton Moura amplia inten\u00e7\u00f5es de voto em nova pesquisa sobre a elei\u00e7\u00e3o em Sussuapara","og_description":"Em uma nova pesquisa realizada pelo Instituto Credibilidade e divulgada nesta segunda-feira, dia 27, o atual prefeito de Sussuapara e pr\u00e9-candidato \u00e0 reelei\u00e7\u00e3o, Naerton Silva Moura (MDB), apresentou crescimento nas inten\u00e7\u00f5es de voto em rela\u00e7\u00e3o ao levantamento anterior, realizado entre os dias 18 e 19 de mar\u00e7o, consolidando sua lideran\u00e7a absoluta na corrida eleitoral.&nbsp; Comparada [&hellip;]","og_url":"https:\/\/noticiaempauta.com\/portal\/naerton-moura-amplia-intencoes-de-voto-em-nova-pesquisa-sobre-a-eleicao-em-sussuapara\/","og_site_name":"Portal Not\u00edcia em Pauta","article_publisher":"https:\/\/www.facebook.com\/Portal-Notcia-Em-Pauta-102292869264820\/","article_published_time":"2024-05-27T11:53:22+00:00","article_modified_time":"2024-05-27T13:35:26+00:00","og_image":[{"width":1024,"height":650,"url":"https:\/\/noticiaempauta.com\/portal\/wp-content\/uploads\/2024\/05\/P40G-IMG-6b5cabf4a6cc58e2e4.jpg","type":"image\/jpeg"}],"author":"Reda\u00e7\u00e3o","twitter_card":"summary_large_image","twitter_misc":{"Escrito por":"Reda\u00e7\u00e3o","Est. tempo de leitura":"4 minutos"},"schema":{"@context":"https:\/\/schema.org","@graph":[{"@type":"Article","@id":"https:\/\/noticiaempauta.com\/portal\/naerton-moura-amplia-intencoes-de-voto-em-nova-pesquisa-sobre-a-eleicao-em-sussuapara\/#article","isPartOf":{"@id":"https:\/\/noticiaempauta.com\/portal\/naerton-moura-amplia-intencoes-de-voto-em-nova-pesquisa-sobre-a-eleicao-em-sussuapara\/"},"author":{"name":"Reda\u00e7\u00e3o","@id":"https:\/\/noticiaempauta.com\/portal\/#\/schema\/person\/a74af43dd1ab3deca45f988c717d57ac"},"headline":"Naerton Moura amplia inten\u00e7\u00f5es de voto em nova pesquisa sobre a elei\u00e7\u00e3o em Sussuapara","datePublished":"2024-05-27T11:53:22+00:00","dateModified":"2024-05-27T13:35:26+00:00","mainEntityOfPage":{"@id":"https:\/\/noticiaempauta.com\/portal\/naerton-moura-amplia-intencoes-de-voto-em-nova-pesquisa-sobre-a-eleicao-em-sussuapara\/"},"wordCount":403,"commentCount":0,"publisher":{"@id":"https:\/\/noticiaempauta.com\/portal\/#organization"},"image":{"@id":"https:\/\/noticiaempauta.com\/portal\/naerton-moura-amplia-intencoes-de-voto-em-nova-pesquisa-sobre-a-eleicao-em-sussuapara\/#primaryimage"},"thumbnailUrl":"https:\/\/noticiaempauta.com\/portal\/wp-content\/uploads\/2024\/05\/P40G-IMG-6b5cabf4a6cc58e2e4.jpg","keywords":["destaqueprincipal"],"articleSection":["Destaques","Munic\u00edpios","Pol\u00edtica","Todas as Not\u00edcias"],"inLanguage":"pt-BR","potentialAction":[{"@type":"CommentAction","name":"Comment","target":["https:\/\/noticiaempauta.com\/portal\/naerton-moura-amplia-intencoes-de-voto-em-nova-pesquisa-sobre-a-eleicao-em-sussuapara\/#respond"]}]},{"@type":"WebPage","@id":"https:\/\/noticiaempauta.com\/portal\/naerton-moura-amplia-intencoes-de-voto-em-nova-pesquisa-sobre-a-eleicao-em-sussuapara\/","url":"https:\/\/noticiaempauta.com\/portal\/naerton-moura-amplia-intencoes-de-voto-em-nova-pesquisa-sobre-a-eleicao-em-sussuapara\/","name":"Naerton Moura amplia inten\u00e7\u00f5es de voto em nova pesquisa sobre a elei\u00e7\u00e3o em Sussuapara - Portal Not\u00edcia em Pauta","isPartOf":{"@id":"https:\/\/noticiaempauta.com\/portal\/#website"},"primaryImageOfPage":{"@id":"https:\/\/noticiaempauta.com\/portal\/naerton-moura-amplia-intencoes-de-voto-em-nova-pesquisa-sobre-a-eleicao-em-sussuapara\/#primaryimage"},"image":{"@id":"https:\/\/noticiaempauta.com\/portal\/naerton-moura-amplia-intencoes-de-voto-em-nova-pesquisa-sobre-a-eleicao-em-sussuapara\/#primaryimage"},"thumbnailUrl":"https:\/\/noticiaempauta.com\/portal\/wp-content\/uploads\/2024\/05\/P40G-IMG-6b5cabf4a6cc58e2e4.jpg","datePublished":"2024-05-27T11:53:22+00:00","dateModified":"2024-05-27T13:35:26+00:00","breadcrumb":{"@id":"https:\/\/noticiaempauta.com\/portal\/naerton-moura-amplia-intencoes-de-voto-em-nova-pesquisa-sobre-a-eleicao-em-sussuapara\/#breadcrumb"},"inLanguage":"pt-BR","potentialAction":[{"@type":"ReadAction","target":["https:\/\/noticiaempauta.com\/portal\/naerton-moura-amplia-intencoes-de-voto-em-nova-pesquisa-sobre-a-eleicao-em-sussuapara\/"]}]},{"@type":"ImageObject","inLanguage":"pt-BR","@id":"https:\/\/noticiaempauta.com\/portal\/naerton-moura-amplia-intencoes-de-voto-em-nova-pesquisa-sobre-a-eleicao-em-sussuapara\/#primaryimage","url":"https:\/\/noticiaempauta.com\/portal\/wp-content\/uploads\/2024\/05\/P40G-IMG-6b5cabf4a6cc58e2e4.jpg","contentUrl":"https:\/\/noticiaempauta.com\/portal\/wp-content\/uploads\/2024\/05\/P40G-IMG-6b5cabf4a6cc58e2e4.jpg","width":1024,"height":650},{"@type":"BreadcrumbList","@id":"https:\/\/noticiaempauta.com\/portal\/naerton-moura-amplia-intencoes-de-voto-em-nova-pesquisa-sobre-a-eleicao-em-sussuapara\/#breadcrumb","itemListElement":[{"@type":"ListItem","position":1,"name":"P\u00e1gina Inicial","item":"https:\/\/noticiaempauta.com\/portal\/"},{"@type":"ListItem","position":2,"name":"Destaques","item":"https:\/\/noticiaempauta.com\/portal\/destaques-site\/"},{"@type":"ListItem","position":3,"name":"Naerton Moura amplia inten\u00e7\u00f5es de voto em nova pesquisa sobre a elei\u00e7\u00e3o em Sussuapara"}]},{"@type":"WebSite","@id":"https:\/\/noticiaempauta.com\/portal\/#website","url":"https:\/\/noticiaempauta.com\/portal\/","name":"Portal Not\u00edcia em Pauta","description":"Voc\u00ea bem informado","publisher":{"@id":"https:\/\/noticiaempauta.com\/portal\/#organization"},"potentialAction":[{"@type":"SearchAction","target":{"@type":"EntryPoint","urlTemplate":"https:\/\/noticiaempauta.com\/portal\/?s={search_term_string}"},"query-input":{"@type":"PropertyValueSpecification","valueRequired":true,"valueName":"search_term_string"}}],"inLanguage":"pt-BR"},{"@type":"Organization","@id":"https:\/\/noticiaempauta.com\/portal\/#organization","name":"Portal Not\u00edcia em Pauta","url":"https:\/\/noticiaempauta.com\/portal\/","logo":{"@type":"ImageObject","inLanguage":"pt-BR","@id":"https:\/\/noticiaempauta.com\/portal\/#\/schema\/logo\/image\/","url":"https:\/\/noticiaempauta.com\/portal\/wp-content\/uploads\/2022\/08\/logomarca_tema.fw_.png","contentUrl":"https:\/\/noticiaempauta.com\/portal\/wp-content\/uploads\/2022\/08\/logomarca_tema.fw_.png","width":400,"height":232,"caption":"Portal Not\u00edcia em Pauta"},"image":{"@id":"https:\/\/noticiaempauta.com\/portal\/#\/schema\/logo\/image\/"},"sameAs":["https:\/\/www.facebook.com\/Portal-Notcia-Em-Pauta-102292869264820\/","https:\/\/www.instagram.com\/portalnoticiaempauta\/"]},{"@type":"Person","@id":"https:\/\/noticiaempauta.com\/portal\/#\/schema\/person\/a74af43dd1ab3deca45f988c717d57ac","name":"Reda\u00e7\u00e3o","image":{"@type":"ImageObject","inLanguage":"pt-BR","@id":"https:\/\/noticiaempauta.com\/portal\/#\/schema\/person\/image\/","url":"https:\/\/secure.gravatar.com\/avatar\/03179346ecce6cdfc13361603e8f54242a90e5cde8618fa23c5c00aa2b0aadf3?s=96&d=mm&r=g","contentUrl":"https:\/\/secure.gravatar.com\/avatar\/03179346ecce6cdfc13361603e8f54242a90e5cde8618fa23c5c00aa2b0aadf3?s=96&d=mm&r=g","caption":"Reda\u00e7\u00e3o"},"sameAs":["https:\/\/noticiaempauta.com\/portal\/"],"url":"https:\/\/noticiaempauta.com\/portal\/author\/fernando\/"}]}},"_links":{"self":[{"href":"https:\/\/noticiaempauta.com\/portal\/wp-json\/wp\/v2\/posts\/258249","targetHints":{"allow":["GET"]}}],"collection":[{"href":"https:\/\/noticiaempauta.com\/portal\/wp-json\/wp\/v2\/posts"}],"about":[{"href":"https:\/\/noticiaempauta.com\/portal\/wp-json\/wp\/v2\/types\/post"}],"author":[{"embeddable":true,"href":"https:\/\/noticiaempauta.com\/portal\/wp-json\/wp\/v2\/users\/2"}],"replies":[{"embeddable":true,"href":"https:\/\/noticiaempauta.com\/portal\/wp-json\/wp\/v2\/comments?post=258249"}],"version-history":[{"count":3,"href":"https:\/\/noticiaempauta.com\/portal\/wp-json\/wp\/v2\/posts\/258249\/revisions"}],"predecessor-version":[{"id":258281,"href":"https:\/\/noticiaempauta.com\/portal\/wp-json\/wp\/v2\/posts\/258249\/revisions\/258281"}],"wp:featuredmedia":[{"embeddable":true,"href":"https:\/\/noticiaempauta.com\/portal\/wp-json\/wp\/v2\/media\/258255"}],"wp:attachment":[{"href":"https:\/\/noticiaempauta.com\/portal\/wp-json\/wp\/v2\/media?parent=258249"}],"wp:term":[{"taxonomy":"category","embeddable":true,"href":"https:\/\/noticiaempauta.com\/portal\/wp-json\/wp\/v2\/categories?post=258249"},{"taxonomy":"post_tag","embeddable":true,"href":"https:\/\/noticiaempauta.com\/portal\/wp-json\/wp\/v2\/tags?post=258249"}],"curies":[{"name":"wp","href":"https:\/\/api.w.org\/{rel}","templated":true}]}}