{"id":258258,"date":"2024-05-27T08:59:27","date_gmt":"2024-05-27T11:59:27","guid":{"rendered":"https:\/\/noticiaempauta.com\/portal\/?p=258258"},"modified":"2024-05-27T08:59:28","modified_gmt":"2024-05-27T11:59:28","slug":"jovem-morre-e-mulher-fica-gravemente-ferida-apos-acidente-na-br-407-em-picos","status":"publish","type":"post","link":"https:\/\/noticiaempauta.com\/portal\/jovem-morre-e-mulher-fica-gravemente-ferida-apos-acidente-na-br-407-em-picos\/","title":{"rendered":"Jovem morre e mulher fica gravemente ferida ap\u00f3s acidente na BR-407 em Picos"},"content":{"rendered":"\n<p>Um jovem de 23 anos, identificado como Jos\u00e9 Ivan Santos Sousa Filho, morreu e uma mulher de 27 anos, identificada como Rafaela, teve a perna amputada, ap\u00f3s uma colis\u00e3o frontal envolvendo uma motocicleta e um carro, na manh\u00e3 deste domingo (26), na BR 407, no bairro Samambaia, em Picos.<\/p>\n\n\n\n<figure class=\"wp-block-image size-large\"><img fetchpriority=\"high\" decoding=\"async\" width=\"1024\" height=\"570\" src=\"https:\/\/noticiaempauta.com\/portal\/wp-content\/uploads\/2024\/05\/P40G-IMG-4c5820667327f817e3-1024x570.jpg\" alt=\"\" class=\"wp-image-258260\" srcset=\"https:\/\/noticiaempauta.com\/portal\/wp-content\/uploads\/2024\/05\/P40G-IMG-4c5820667327f817e3-1024x570.jpg 1024w, https:\/\/noticiaempauta.com\/portal\/wp-content\/uploads\/2024\/05\/P40G-IMG-4c5820667327f817e3-300x167.jpg 300w, https:\/\/noticiaempauta.com\/portal\/wp-content\/uploads\/2024\/05\/P40G-IMG-4c5820667327f817e3-768x427.jpg 768w, https:\/\/noticiaempauta.com\/portal\/wp-content\/uploads\/2024\/05\/P40G-IMG-4c5820667327f817e3-1536x855.jpg 1536w, https:\/\/noticiaempauta.com\/portal\/wp-content\/uploads\/2024\/05\/P40G-IMG-4c5820667327f817e3.jpg 1883w\" sizes=\"(max-width: 1024px) 100vw, 1024px\" \/><figcaption class=\"wp-element-caption\">(Foto: Reprodu\u00e7\u00e3o)<\/figcaption><\/figure>\n\n\n\n<p>Segundo informa\u00e7\u00f5es da Pol\u00edcia Rodovi\u00e1ria Federal (PRF), o condutor do carro, modelo Chevrolet Tracker, um homem de 36 anos, que n\u00e3o teve o nome divulgado, invadiu a faixa contr\u00e1ria da pista e colidiu frontalmente com uma motocicleta Yamaha\/YBR 125. Com o impacto, o condutor da moto e a passageira, foram arremessados e ca\u00edram em um barranco \u00e0s margens da pista.<\/p>\n\n\n\n<figure class=\"wp-block-image size-large\"><img decoding=\"async\" width=\"576\" height=\"1024\" src=\"https:\/\/noticiaempauta.com\/portal\/wp-content\/uploads\/2024\/05\/WhatsApp-Image-2024-05-27-at-08.58.18-576x1024.jpeg\" alt=\"\" class=\"wp-image-258261\" srcset=\"https:\/\/noticiaempauta.com\/portal\/wp-content\/uploads\/2024\/05\/WhatsApp-Image-2024-05-27-at-08.58.18-576x1024.jpeg 576w, https:\/\/noticiaempauta.com\/portal\/wp-content\/uploads\/2024\/05\/WhatsApp-Image-2024-05-27-at-08.58.18-169x300.jpeg 169w, https:\/\/noticiaempauta.com\/portal\/wp-content\/uploads\/2024\/05\/WhatsApp-Image-2024-05-27-at-08.58.18-768x1365.jpeg 768w, https:\/\/noticiaempauta.com\/portal\/wp-content\/uploads\/2024\/05\/WhatsApp-Image-2024-05-27-at-08.58.18-864x1536.jpeg 864w, https:\/\/noticiaempauta.com\/portal\/wp-content\/uploads\/2024\/05\/WhatsApp-Image-2024-05-27-at-08.58.18.jpeg 900w\" sizes=\"(max-width: 576px) 100vw, 576px\" \/><figcaption class=\"wp-element-caption\">(Foto: Reprodu\u00e7\u00e3o)<\/figcaption><\/figure>\n\n\n\n<p>O motociclista morreu ainda no local do acidente e a passageira teve a perna amputada. O motorista do carro se evadiu do local.<\/p>\n\n\n\n<p>Fonte: Acervo<\/p>\n","protected":false},"excerpt":{"rendered":"<p>Um jovem de 23 anos, identificado como Jos\u00e9 Ivan Santos Sousa Filho, morreu e uma mulher de 27 anos, identificada como Rafaela, teve a perna amputada, ap\u00f3s uma colis\u00e3o frontal envolvendo uma motocicleta e um carro, na manh\u00e3 deste domingo (26), na BR 407, no bairro Samambaia, em Picos. Segundo informa\u00e7\u00f5es da Pol\u00edcia Rodovi\u00e1ria Federal [&hellip;]<\/p>\n","protected":false},"author":2,"featured_media":258260,"comment_status":"open","ping_status":"open","sticky":false,"template":"","format":"standard","meta":{"_mi_skip_tracking":false,"footnotes":""},"categories":[25,1,137,16],"tags":[192],"class_list":["post-258258","post","type-post","status-publish","format-standard","has-post-thumbnail","hentry","category-destaques-site","category-geral","category-policia","category-todas","tag-destaqueprincipal"],"acf":[],"yoast_head":"<!-- This site is optimized with the Yoast SEO Premium plugin v19.2 (Yoast SEO v26.9) - https:\/\/yoast.com\/product\/yoast-seo-premium-wordpress\/ -->\n<title>Jovem morre e mulher fica gravemente ferida ap\u00f3s acidente na BR-407 em Picos - Portal Not\u00edcia em Pauta<\/title>\n<meta name=\"robots\" content=\"index, follow, max-snippet:-1, max-image-preview:large, max-video-preview:-1\" \/>\n<link rel=\"canonical\" href=\"https:\/\/noticiaempauta.com\/portal\/jovem-morre-e-mulher-fica-gravemente-ferida-apos-acidente-na-br-407-em-picos\/\" \/>\n<meta property=\"og:locale\" content=\"pt_BR\" \/>\n<meta property=\"og:type\" content=\"article\" \/>\n<meta property=\"og:title\" content=\"Jovem morre e mulher fica gravemente ferida ap\u00f3s acidente na BR-407 em Picos\" \/>\n<meta property=\"og:description\" content=\"Um jovem de 23 anos, identificado como Jos\u00e9 Ivan Santos Sousa Filho, morreu e uma mulher de 27 anos, identificada como Rafaela, teve a perna amputada, ap\u00f3s uma colis\u00e3o frontal envolvendo uma motocicleta e um carro, na manh\u00e3 deste domingo (26), na BR 407, no bairro Samambaia, em Picos. Segundo informa\u00e7\u00f5es da Pol\u00edcia Rodovi\u00e1ria Federal [&hellip;]\" \/>\n<meta property=\"og:url\" content=\"https:\/\/noticiaempauta.com\/portal\/jovem-morre-e-mulher-fica-gravemente-ferida-apos-acidente-na-br-407-em-picos\/\" \/>\n<meta property=\"og:site_name\" content=\"Portal Not\u00edcia em Pauta\" \/>\n<meta property=\"article:publisher\" content=\"https:\/\/www.facebook.com\/Portal-Notcia-Em-Pauta-102292869264820\/\" \/>\n<meta property=\"article:published_time\" content=\"2024-05-27T11:59:27+00:00\" \/>\n<meta property=\"article:modified_time\" content=\"2024-05-27T11:59:28+00:00\" \/>\n<meta property=\"og:image\" content=\"https:\/\/noticiaempauta.com\/portal\/wp-content\/uploads\/2024\/05\/P40G-IMG-4c5820667327f817e3.jpg\" \/>\n\t<meta property=\"og:image:width\" content=\"1883\" \/>\n\t<meta property=\"og:image:height\" content=\"1048\" \/>\n\t<meta property=\"og:image:type\" content=\"image\/jpeg\" \/>\n<meta name=\"author\" content=\"Reda\u00e7\u00e3o\" \/>\n<meta name=\"twitter:card\" content=\"summary_large_image\" \/>\n<meta name=\"twitter:label1\" content=\"Escrito por\" \/>\n\t<meta name=\"twitter:data1\" content=\"Reda\u00e7\u00e3o\" \/>\n\t<meta name=\"twitter:label2\" content=\"Est. tempo de leitura\" \/>\n\t<meta name=\"twitter:data2\" content=\"2 minutos\" \/>\n<script type=\"application\/ld+json\" class=\"yoast-schema-graph\">{\"@context\":\"https:\/\/schema.org\",\"@graph\":[{\"@type\":\"Article\",\"@id\":\"https:\/\/noticiaempauta.com\/portal\/jovem-morre-e-mulher-fica-gravemente-ferida-apos-acidente-na-br-407-em-picos\/#article\",\"isPartOf\":{\"@id\":\"https:\/\/noticiaempauta.com\/portal\/jovem-morre-e-mulher-fica-gravemente-ferida-apos-acidente-na-br-407-em-picos\/\"},\"author\":{\"name\":\"Reda\u00e7\u00e3o\",\"@id\":\"https:\/\/noticiaempauta.com\/portal\/#\/schema\/person\/a74af43dd1ab3deca45f988c717d57ac\"},\"headline\":\"Jovem morre e mulher fica gravemente ferida ap\u00f3s acidente na BR-407 em Picos\",\"datePublished\":\"2024-05-27T11:59:27+00:00\",\"dateModified\":\"2024-05-27T11:59:28+00:00\",\"mainEntityOfPage\":{\"@id\":\"https:\/\/noticiaempauta.com\/portal\/jovem-morre-e-mulher-fica-gravemente-ferida-apos-acidente-na-br-407-em-picos\/\"},\"wordCount\":157,\"commentCount\":0,\"publisher\":{\"@id\":\"https:\/\/noticiaempauta.com\/portal\/#organization\"},\"image\":{\"@id\":\"https:\/\/noticiaempauta.com\/portal\/jovem-morre-e-mulher-fica-gravemente-ferida-apos-acidente-na-br-407-em-picos\/#primaryimage\"},\"thumbnailUrl\":\"https:\/\/noticiaempauta.com\/portal\/wp-content\/uploads\/2024\/05\/P40G-IMG-4c5820667327f817e3.jpg\",\"keywords\":[\"destaqueprincipal\"],\"articleSection\":[\"Destaques\",\"Geral\",\"Pol\u00edcia\",\"Todas as Not\u00edcias\"],\"inLanguage\":\"pt-BR\",\"potentialAction\":[{\"@type\":\"CommentAction\",\"name\":\"Comment\",\"target\":[\"https:\/\/noticiaempauta.com\/portal\/jovem-morre-e-mulher-fica-gravemente-ferida-apos-acidente-na-br-407-em-picos\/#respond\"]}]},{\"@type\":\"WebPage\",\"@id\":\"https:\/\/noticiaempauta.com\/portal\/jovem-morre-e-mulher-fica-gravemente-ferida-apos-acidente-na-br-407-em-picos\/\",\"url\":\"https:\/\/noticiaempauta.com\/portal\/jovem-morre-e-mulher-fica-gravemente-ferida-apos-acidente-na-br-407-em-picos\/\",\"name\":\"Jovem morre e mulher fica gravemente ferida ap\u00f3s acidente na BR-407 em Picos - Portal Not\u00edcia em Pauta\",\"isPartOf\":{\"@id\":\"https:\/\/noticiaempauta.com\/portal\/#website\"},\"primaryImageOfPage\":{\"@id\":\"https:\/\/noticiaempauta.com\/portal\/jovem-morre-e-mulher-fica-gravemente-ferida-apos-acidente-na-br-407-em-picos\/#primaryimage\"},\"image\":{\"@id\":\"https:\/\/noticiaempauta.com\/portal\/jovem-morre-e-mulher-fica-gravemente-ferida-apos-acidente-na-br-407-em-picos\/#primaryimage\"},\"thumbnailUrl\":\"https:\/\/noticiaempauta.com\/portal\/wp-content\/uploads\/2024\/05\/P40G-IMG-4c5820667327f817e3.jpg\",\"datePublished\":\"2024-05-27T11:59:27+00:00\",\"dateModified\":\"2024-05-27T11:59:28+00:00\",\"breadcrumb\":{\"@id\":\"https:\/\/noticiaempauta.com\/portal\/jovem-morre-e-mulher-fica-gravemente-ferida-apos-acidente-na-br-407-em-picos\/#breadcrumb\"},\"inLanguage\":\"pt-BR\",\"potentialAction\":[{\"@type\":\"ReadAction\",\"target\":[\"https:\/\/noticiaempauta.com\/portal\/jovem-morre-e-mulher-fica-gravemente-ferida-apos-acidente-na-br-407-em-picos\/\"]}]},{\"@type\":\"ImageObject\",\"inLanguage\":\"pt-BR\",\"@id\":\"https:\/\/noticiaempauta.com\/portal\/jovem-morre-e-mulher-fica-gravemente-ferida-apos-acidente-na-br-407-em-picos\/#primaryimage\",\"url\":\"https:\/\/noticiaempauta.com\/portal\/wp-content\/uploads\/2024\/05\/P40G-IMG-4c5820667327f817e3.jpg\",\"contentUrl\":\"https:\/\/noticiaempauta.com\/portal\/wp-content\/uploads\/2024\/05\/P40G-IMG-4c5820667327f817e3.jpg\",\"width\":1883,\"height\":1048},{\"@type\":\"BreadcrumbList\",\"@id\":\"https:\/\/noticiaempauta.com\/portal\/jovem-morre-e-mulher-fica-gravemente-ferida-apos-acidente-na-br-407-em-picos\/#breadcrumb\",\"itemListElement\":[{\"@type\":\"ListItem\",\"position\":1,\"name\":\"P\u00e1gina Inicial\",\"item\":\"https:\/\/noticiaempauta.com\/portal\/\"},{\"@type\":\"ListItem\",\"position\":2,\"name\":\"Destaques\",\"item\":\"https:\/\/noticiaempauta.com\/portal\/destaques-site\/\"},{\"@type\":\"ListItem\",\"position\":3,\"name\":\"Jovem morre e mulher fica gravemente ferida ap\u00f3s acidente na BR-407 em Picos\"}]},{\"@type\":\"WebSite\",\"@id\":\"https:\/\/noticiaempauta.com\/portal\/#website\",\"url\":\"https:\/\/noticiaempauta.com\/portal\/\",\"name\":\"Portal Not\u00edcia em Pauta\",\"description\":\"Voc\u00ea bem informado\",\"publisher\":{\"@id\":\"https:\/\/noticiaempauta.com\/portal\/#organization\"},\"potentialAction\":[{\"@type\":\"SearchAction\",\"target\":{\"@type\":\"EntryPoint\",\"urlTemplate\":\"https:\/\/noticiaempauta.com\/portal\/?s={search_term_string}\"},\"query-input\":{\"@type\":\"PropertyValueSpecification\",\"valueRequired\":true,\"valueName\":\"search_term_string\"}}],\"inLanguage\":\"pt-BR\"},{\"@type\":\"Organization\",\"@id\":\"https:\/\/noticiaempauta.com\/portal\/#organization\",\"name\":\"Portal Not\u00edcia em Pauta\",\"url\":\"https:\/\/noticiaempauta.com\/portal\/\",\"logo\":{\"@type\":\"ImageObject\",\"inLanguage\":\"pt-BR\",\"@id\":\"https:\/\/noticiaempauta.com\/portal\/#\/schema\/logo\/image\/\",\"url\":\"https:\/\/noticiaempauta.com\/portal\/wp-content\/uploads\/2022\/08\/logomarca_tema.fw_.png\",\"contentUrl\":\"https:\/\/noticiaempauta.com\/portal\/wp-content\/uploads\/2022\/08\/logomarca_tema.fw_.png\",\"width\":400,\"height\":232,\"caption\":\"Portal Not\u00edcia em Pauta\"},\"image\":{\"@id\":\"https:\/\/noticiaempauta.com\/portal\/#\/schema\/logo\/image\/\"},\"sameAs\":[\"https:\/\/www.facebook.com\/Portal-Notcia-Em-Pauta-102292869264820\/\",\"https:\/\/www.instagram.com\/portalnoticiaempauta\/\"]},{\"@type\":\"Person\",\"@id\":\"https:\/\/noticiaempauta.com\/portal\/#\/schema\/person\/a74af43dd1ab3deca45f988c717d57ac\",\"name\":\"Reda\u00e7\u00e3o\",\"image\":{\"@type\":\"ImageObject\",\"inLanguage\":\"pt-BR\",\"@id\":\"https:\/\/noticiaempauta.com\/portal\/#\/schema\/person\/image\/\",\"url\":\"https:\/\/secure.gravatar.com\/avatar\/03179346ecce6cdfc13361603e8f54242a90e5cde8618fa23c5c00aa2b0aadf3?s=96&d=mm&r=g\",\"contentUrl\":\"https:\/\/secure.gravatar.com\/avatar\/03179346ecce6cdfc13361603e8f54242a90e5cde8618fa23c5c00aa2b0aadf3?s=96&d=mm&r=g\",\"caption\":\"Reda\u00e7\u00e3o\"},\"sameAs\":[\"https:\/\/noticiaempauta.com\/portal\/\"],\"url\":\"https:\/\/noticiaempauta.com\/portal\/author\/fernando\/\"}]}<\/script>\n<!-- \/ Yoast SEO Premium plugin. -->","yoast_head_json":{"title":"Jovem morre e mulher fica gravemente ferida ap\u00f3s acidente na BR-407 em Picos - Portal Not\u00edcia em Pauta","robots":{"index":"index","follow":"follow","max-snippet":"max-snippet:-1","max-image-preview":"max-image-preview:large","max-video-preview":"max-video-preview:-1"},"canonical":"https:\/\/noticiaempauta.com\/portal\/jovem-morre-e-mulher-fica-gravemente-ferida-apos-acidente-na-br-407-em-picos\/","og_locale":"pt_BR","og_type":"article","og_title":"Jovem morre e mulher fica gravemente ferida ap\u00f3s acidente na BR-407 em Picos","og_description":"Um jovem de 23 anos, identificado como Jos\u00e9 Ivan Santos Sousa Filho, morreu e uma mulher de 27 anos, identificada como Rafaela, teve a perna amputada, ap\u00f3s uma colis\u00e3o frontal envolvendo uma motocicleta e um carro, na manh\u00e3 deste domingo (26), na BR 407, no bairro Samambaia, em Picos. Segundo informa\u00e7\u00f5es da Pol\u00edcia Rodovi\u00e1ria Federal [&hellip;]","og_url":"https:\/\/noticiaempauta.com\/portal\/jovem-morre-e-mulher-fica-gravemente-ferida-apos-acidente-na-br-407-em-picos\/","og_site_name":"Portal Not\u00edcia em Pauta","article_publisher":"https:\/\/www.facebook.com\/Portal-Notcia-Em-Pauta-102292869264820\/","article_published_time":"2024-05-27T11:59:27+00:00","article_modified_time":"2024-05-27T11:59:28+00:00","og_image":[{"width":1883,"height":1048,"url":"https:\/\/noticiaempauta.com\/portal\/wp-content\/uploads\/2024\/05\/P40G-IMG-4c5820667327f817e3.jpg","type":"image\/jpeg"}],"author":"Reda\u00e7\u00e3o","twitter_card":"summary_large_image","twitter_misc":{"Escrito por":"Reda\u00e7\u00e3o","Est. tempo de leitura":"2 minutos"},"schema":{"@context":"https:\/\/schema.org","@graph":[{"@type":"Article","@id":"https:\/\/noticiaempauta.com\/portal\/jovem-morre-e-mulher-fica-gravemente-ferida-apos-acidente-na-br-407-em-picos\/#article","isPartOf":{"@id":"https:\/\/noticiaempauta.com\/portal\/jovem-morre-e-mulher-fica-gravemente-ferida-apos-acidente-na-br-407-em-picos\/"},"author":{"name":"Reda\u00e7\u00e3o","@id":"https:\/\/noticiaempauta.com\/portal\/#\/schema\/person\/a74af43dd1ab3deca45f988c717d57ac"},"headline":"Jovem morre e mulher fica gravemente ferida ap\u00f3s acidente na BR-407 em Picos","datePublished":"2024-05-27T11:59:27+00:00","dateModified":"2024-05-27T11:59:28+00:00","mainEntityOfPage":{"@id":"https:\/\/noticiaempauta.com\/portal\/jovem-morre-e-mulher-fica-gravemente-ferida-apos-acidente-na-br-407-em-picos\/"},"wordCount":157,"commentCount":0,"publisher":{"@id":"https:\/\/noticiaempauta.com\/portal\/#organization"},"image":{"@id":"https:\/\/noticiaempauta.com\/portal\/jovem-morre-e-mulher-fica-gravemente-ferida-apos-acidente-na-br-407-em-picos\/#primaryimage"},"thumbnailUrl":"https:\/\/noticiaempauta.com\/portal\/wp-content\/uploads\/2024\/05\/P40G-IMG-4c5820667327f817e3.jpg","keywords":["destaqueprincipal"],"articleSection":["Destaques","Geral","Pol\u00edcia","Todas as Not\u00edcias"],"inLanguage":"pt-BR","potentialAction":[{"@type":"CommentAction","name":"Comment","target":["https:\/\/noticiaempauta.com\/portal\/jovem-morre-e-mulher-fica-gravemente-ferida-apos-acidente-na-br-407-em-picos\/#respond"]}]},{"@type":"WebPage","@id":"https:\/\/noticiaempauta.com\/portal\/jovem-morre-e-mulher-fica-gravemente-ferida-apos-acidente-na-br-407-em-picos\/","url":"https:\/\/noticiaempauta.com\/portal\/jovem-morre-e-mulher-fica-gravemente-ferida-apos-acidente-na-br-407-em-picos\/","name":"Jovem morre e mulher fica gravemente ferida ap\u00f3s acidente na BR-407 em Picos - Portal Not\u00edcia em Pauta","isPartOf":{"@id":"https:\/\/noticiaempauta.com\/portal\/#website"},"primaryImageOfPage":{"@id":"https:\/\/noticiaempauta.com\/portal\/jovem-morre-e-mulher-fica-gravemente-ferida-apos-acidente-na-br-407-em-picos\/#primaryimage"},"image":{"@id":"https:\/\/noticiaempauta.com\/portal\/jovem-morre-e-mulher-fica-gravemente-ferida-apos-acidente-na-br-407-em-picos\/#primaryimage"},"thumbnailUrl":"https:\/\/noticiaempauta.com\/portal\/wp-content\/uploads\/2024\/05\/P40G-IMG-4c5820667327f817e3.jpg","datePublished":"2024-05-27T11:59:27+00:00","dateModified":"2024-05-27T11:59:28+00:00","breadcrumb":{"@id":"https:\/\/noticiaempauta.com\/portal\/jovem-morre-e-mulher-fica-gravemente-ferida-apos-acidente-na-br-407-em-picos\/#breadcrumb"},"inLanguage":"pt-BR","potentialAction":[{"@type":"ReadAction","target":["https:\/\/noticiaempauta.com\/portal\/jovem-morre-e-mulher-fica-gravemente-ferida-apos-acidente-na-br-407-em-picos\/"]}]},{"@type":"ImageObject","inLanguage":"pt-BR","@id":"https:\/\/noticiaempauta.com\/portal\/jovem-morre-e-mulher-fica-gravemente-ferida-apos-acidente-na-br-407-em-picos\/#primaryimage","url":"https:\/\/noticiaempauta.com\/portal\/wp-content\/uploads\/2024\/05\/P40G-IMG-4c5820667327f817e3.jpg","contentUrl":"https:\/\/noticiaempauta.com\/portal\/wp-content\/uploads\/2024\/05\/P40G-IMG-4c5820667327f817e3.jpg","width":1883,"height":1048},{"@type":"BreadcrumbList","@id":"https:\/\/noticiaempauta.com\/portal\/jovem-morre-e-mulher-fica-gravemente-ferida-apos-acidente-na-br-407-em-picos\/#breadcrumb","itemListElement":[{"@type":"ListItem","position":1,"name":"P\u00e1gina Inicial","item":"https:\/\/noticiaempauta.com\/portal\/"},{"@type":"ListItem","position":2,"name":"Destaques","item":"https:\/\/noticiaempauta.com\/portal\/destaques-site\/"},{"@type":"ListItem","position":3,"name":"Jovem morre e mulher fica gravemente ferida ap\u00f3s acidente na BR-407 em Picos"}]},{"@type":"WebSite","@id":"https:\/\/noticiaempauta.com\/portal\/#website","url":"https:\/\/noticiaempauta.com\/portal\/","name":"Portal Not\u00edcia em Pauta","description":"Voc\u00ea bem informado","publisher":{"@id":"https:\/\/noticiaempauta.com\/portal\/#organization"},"potentialAction":[{"@type":"SearchAction","target":{"@type":"EntryPoint","urlTemplate":"https:\/\/noticiaempauta.com\/portal\/?s={search_term_string}"},"query-input":{"@type":"PropertyValueSpecification","valueRequired":true,"valueName":"search_term_string"}}],"inLanguage":"pt-BR"},{"@type":"Organization","@id":"https:\/\/noticiaempauta.com\/portal\/#organization","name":"Portal Not\u00edcia em Pauta","url":"https:\/\/noticiaempauta.com\/portal\/","logo":{"@type":"ImageObject","inLanguage":"pt-BR","@id":"https:\/\/noticiaempauta.com\/portal\/#\/schema\/logo\/image\/","url":"https:\/\/noticiaempauta.com\/portal\/wp-content\/uploads\/2022\/08\/logomarca_tema.fw_.png","contentUrl":"https:\/\/noticiaempauta.com\/portal\/wp-content\/uploads\/2022\/08\/logomarca_tema.fw_.png","width":400,"height":232,"caption":"Portal Not\u00edcia em Pauta"},"image":{"@id":"https:\/\/noticiaempauta.com\/portal\/#\/schema\/logo\/image\/"},"sameAs":["https:\/\/www.facebook.com\/Portal-Notcia-Em-Pauta-102292869264820\/","https:\/\/www.instagram.com\/portalnoticiaempauta\/"]},{"@type":"Person","@id":"https:\/\/noticiaempauta.com\/portal\/#\/schema\/person\/a74af43dd1ab3deca45f988c717d57ac","name":"Reda\u00e7\u00e3o","image":{"@type":"ImageObject","inLanguage":"pt-BR","@id":"https:\/\/noticiaempauta.com\/portal\/#\/schema\/person\/image\/","url":"https:\/\/secure.gravatar.com\/avatar\/03179346ecce6cdfc13361603e8f54242a90e5cde8618fa23c5c00aa2b0aadf3?s=96&d=mm&r=g","contentUrl":"https:\/\/secure.gravatar.com\/avatar\/03179346ecce6cdfc13361603e8f54242a90e5cde8618fa23c5c00aa2b0aadf3?s=96&d=mm&r=g","caption":"Reda\u00e7\u00e3o"},"sameAs":["https:\/\/noticiaempauta.com\/portal\/"],"url":"https:\/\/noticiaempauta.com\/portal\/author\/fernando\/"}]}},"_links":{"self":[{"href":"https:\/\/noticiaempauta.com\/portal\/wp-json\/wp\/v2\/posts\/258258","targetHints":{"allow":["GET"]}}],"collection":[{"href":"https:\/\/noticiaempauta.com\/portal\/wp-json\/wp\/v2\/posts"}],"about":[{"href":"https:\/\/noticiaempauta.com\/portal\/wp-json\/wp\/v2\/types\/post"}],"author":[{"embeddable":true,"href":"https:\/\/noticiaempauta.com\/portal\/wp-json\/wp\/v2\/users\/2"}],"replies":[{"embeddable":true,"href":"https:\/\/noticiaempauta.com\/portal\/wp-json\/wp\/v2\/comments?post=258258"}],"version-history":[{"count":2,"href":"https:\/\/noticiaempauta.com\/portal\/wp-json\/wp\/v2\/posts\/258258\/revisions"}],"predecessor-version":[{"id":258263,"href":"https:\/\/noticiaempauta.com\/portal\/wp-json\/wp\/v2\/posts\/258258\/revisions\/258263"}],"wp:featuredmedia":[{"embeddable":true,"href":"https:\/\/noticiaempauta.com\/portal\/wp-json\/wp\/v2\/media\/258260"}],"wp:attachment":[{"href":"https:\/\/noticiaempauta.com\/portal\/wp-json\/wp\/v2\/media?parent=258258"}],"wp:term":[{"taxonomy":"category","embeddable":true,"href":"https:\/\/noticiaempauta.com\/portal\/wp-json\/wp\/v2\/categories?post=258258"},{"taxonomy":"post_tag","embeddable":true,"href":"https:\/\/noticiaempauta.com\/portal\/wp-json\/wp\/v2\/tags?post=258258"}],"curies":[{"name":"wp","href":"https:\/\/api.w.org\/{rel}","templated":true}]}}