{"id":258264,"date":"2024-05-27T09:03:30","date_gmt":"2024-05-27T12:03:30","guid":{"rendered":"https:\/\/noticiaempauta.com\/portal\/?p=258264"},"modified":"2024-05-27T09:03:31","modified_gmt":"2024-05-27T12:03:31","slug":"ministerio-da-saude-lanca-nova-campanha-de-vacinacao-contra-covid-19","status":"publish","type":"post","link":"https:\/\/noticiaempauta.com\/portal\/ministerio-da-saude-lanca-nova-campanha-de-vacinacao-contra-covid-19\/","title":{"rendered":"Minist\u00e9rio da Sa\u00fade lan\u00e7a nova campanha de vacina\u00e7\u00e3o contra covid-19"},"content":{"rendered":"\n<p>O Minist\u00e9rio da Sa\u00fade est\u00e1 lan\u00e7ando uma nova campanha de&nbsp;vacina\u00e7\u00e3o contra a covid-19. O objetivo \u00e9 imunizar pelo menos 70 milh\u00f5es de pessoas.<\/p>\n\n\n\n<p>Na primeira quinzena de maio, o Brasil recebeu 9,5 milh\u00f5es de doses, o que comp\u00f5e a primeira remessa da vacina monovalente atualizada contra a variante XBB.1.5. As doses j\u00e1 est\u00e3o sendo distribu\u00eddas para os estados e em muitos deles a aplica\u00e7\u00e3o j\u00e1 come\u00e7ou.<\/p>\n\n\n\n<figure class=\"wp-block-image size-large\"><img fetchpriority=\"high\" decoding=\"async\" width=\"1024\" height=\"612\" src=\"https:\/\/noticiaempauta.com\/portal\/wp-content\/uploads\/2024\/05\/vacina_de_oxford_astrazeneca_tnrgo_2701214160-1024x612.jpg\" alt=\"\" class=\"wp-image-258266\" srcset=\"https:\/\/noticiaempauta.com\/portal\/wp-content\/uploads\/2024\/05\/vacina_de_oxford_astrazeneca_tnrgo_2701214160-1024x612.jpg 1024w, https:\/\/noticiaempauta.com\/portal\/wp-content\/uploads\/2024\/05\/vacina_de_oxford_astrazeneca_tnrgo_2701214160-300x179.jpg 300w, https:\/\/noticiaempauta.com\/portal\/wp-content\/uploads\/2024\/05\/vacina_de_oxford_astrazeneca_tnrgo_2701214160-768x459.jpg 768w, https:\/\/noticiaempauta.com\/portal\/wp-content\/uploads\/2024\/05\/vacina_de_oxford_astrazeneca_tnrgo_2701214160.jpg 1200w\" sizes=\"(max-width: 1024px) 100vw, 1024px\" \/><figcaption class=\"wp-element-caption\">A t\u00e9cnica de enfermagem, Paula Roberta Moreira mostra a ampola da vacina contra a covid-19 antes de aplicar a inje\u00e7\u00e3o. Vacina\u00e7\u00e3o dos profissionais de sa\u00fade, veterin\u00e1rios e agentes funer\u00e1rios com 60 anos ou mais de idade, que estam na ativa, na Cl\u00ednica da Fam\u00edlia Est\u00e1cio de S\u00e1, na regi\u00e3o central da cidade. O munic\u00edpio do Rio de Janeiro ampliou hoje (27) o p\u00fablico-alvo da campanha de vacina\u00e7\u00e3o contra a covid-19.<\/figcaption><\/figure>\n\n\n\n<p>De acordo com o Minist\u00e9rio da Sa\u00fade, essas doses s\u00e3o suficientes para abastecer os munic\u00edpios brasileiros at\u00e9 que as compras das pr\u00f3ximas remessas sejam conclu\u00eddas. Esses frascos podem ser utilizados at\u00e9 setembro ou outubro, de acordo com a validade estendida pela Anvisa, conforme recomenda\u00e7\u00e3o de \u00f3rg\u00e3os de avalia\u00e7\u00e3o internacional.&nbsp;<\/p>\n\n\n\n<p>A nova vacina monovalente \u00e9 t\u00e3o segura quanto a bivalente que estava sendo aplicada no Brasil, com a vantagem de estar atualizada para combater a variante XBB.1.5 do coronav\u00edrus, que \u00e9 a mais transmiss\u00edvel atualmente. Neste ano, a vacina\u00e7\u00e3o contra a covid-19 foi inclu\u00edda no calend\u00e1rio b\u00e1sico nacional e, com isso, tem um novo esquema.<\/p>\n\n\n\n<p>Crian\u00e7as de 6 meses a menores de 5 anos devem ser vacinadas com duas doses. Grupos priorit\u00e1rios acima de 5 anos devem receber dose anual ou semestral. E quem n\u00e3o faz parte desses grupos mas ainda n\u00e3o se vacinou deve receber uma dose.<\/p>\n\n\n\n<p>Fonte: Ag\u00eancia Brasil<\/p>\n","protected":false},"excerpt":{"rendered":"<p>O Minist\u00e9rio da Sa\u00fade est\u00e1 lan\u00e7ando uma nova campanha de&nbsp;vacina\u00e7\u00e3o contra a covid-19. O objetivo \u00e9 imunizar pelo menos 70 milh\u00f5es de pessoas. Na primeira quinzena de maio, o Brasil recebeu 9,5 milh\u00f5es de doses, o que comp\u00f5e a primeira remessa da vacina monovalente atualizada contra a variante XBB.1.5. As doses j\u00e1 est\u00e3o sendo distribu\u00eddas [&hellip;]<\/p>\n","protected":false},"author":2,"featured_media":258266,"comment_status":"open","ping_status":"open","sticky":false,"template":"","format":"standard","meta":{"_mi_skip_tracking":false,"footnotes":""},"categories":[25,1,5,16],"tags":[192],"class_list":["post-258264","post","type-post","status-publish","format-standard","has-post-thumbnail","hentry","category-destaques-site","category-geral","category-saude","category-todas","tag-destaqueprincipal"],"acf":[],"yoast_head":"<!-- This site is optimized with the Yoast SEO Premium plugin v19.2 (Yoast SEO v26.9) - https:\/\/yoast.com\/product\/yoast-seo-premium-wordpress\/ -->\n<title>Minist\u00e9rio da Sa\u00fade lan\u00e7a nova campanha de vacina\u00e7\u00e3o contra covid-19 - Portal Not\u00edcia em Pauta<\/title>\n<meta name=\"robots\" content=\"index, follow, max-snippet:-1, max-image-preview:large, max-video-preview:-1\" \/>\n<link rel=\"canonical\" href=\"https:\/\/noticiaempauta.com\/portal\/ministerio-da-saude-lanca-nova-campanha-de-vacinacao-contra-covid-19\/\" \/>\n<meta property=\"og:locale\" content=\"pt_BR\" \/>\n<meta property=\"og:type\" content=\"article\" \/>\n<meta property=\"og:title\" content=\"Minist\u00e9rio da Sa\u00fade lan\u00e7a nova campanha de vacina\u00e7\u00e3o contra covid-19\" \/>\n<meta property=\"og:description\" content=\"O Minist\u00e9rio da Sa\u00fade est\u00e1 lan\u00e7ando uma nova campanha de&nbsp;vacina\u00e7\u00e3o contra a covid-19. O objetivo \u00e9 imunizar pelo menos 70 milh\u00f5es de pessoas. Na primeira quinzena de maio, o Brasil recebeu 9,5 milh\u00f5es de doses, o que comp\u00f5e a primeira remessa da vacina monovalente atualizada contra a variante XBB.1.5. As doses j\u00e1 est\u00e3o sendo distribu\u00eddas [&hellip;]\" \/>\n<meta property=\"og:url\" content=\"https:\/\/noticiaempauta.com\/portal\/ministerio-da-saude-lanca-nova-campanha-de-vacinacao-contra-covid-19\/\" \/>\n<meta property=\"og:site_name\" content=\"Portal Not\u00edcia em Pauta\" \/>\n<meta property=\"article:publisher\" content=\"https:\/\/www.facebook.com\/Portal-Notcia-Em-Pauta-102292869264820\/\" \/>\n<meta property=\"article:published_time\" content=\"2024-05-27T12:03:30+00:00\" \/>\n<meta property=\"article:modified_time\" content=\"2024-05-27T12:03:31+00:00\" \/>\n<meta property=\"og:image\" content=\"https:\/\/noticiaempauta.com\/portal\/wp-content\/uploads\/2024\/05\/vacina_de_oxford_astrazeneca_tnrgo_2701214160.jpg\" \/>\n\t<meta property=\"og:image:width\" content=\"1200\" \/>\n\t<meta property=\"og:image:height\" content=\"717\" \/>\n\t<meta property=\"og:image:type\" content=\"image\/jpeg\" \/>\n<meta name=\"author\" content=\"Reda\u00e7\u00e3o\" \/>\n<meta name=\"twitter:card\" content=\"summary_large_image\" \/>\n<meta name=\"twitter:label1\" content=\"Escrito por\" \/>\n\t<meta name=\"twitter:data1\" content=\"Reda\u00e7\u00e3o\" \/>\n\t<meta name=\"twitter:label2\" content=\"Est. tempo de leitura\" \/>\n\t<meta name=\"twitter:data2\" content=\"2 minutos\" \/>\n<script type=\"application\/ld+json\" class=\"yoast-schema-graph\">{\"@context\":\"https:\/\/schema.org\",\"@graph\":[{\"@type\":\"Article\",\"@id\":\"https:\/\/noticiaempauta.com\/portal\/ministerio-da-saude-lanca-nova-campanha-de-vacinacao-contra-covid-19\/#article\",\"isPartOf\":{\"@id\":\"https:\/\/noticiaempauta.com\/portal\/ministerio-da-saude-lanca-nova-campanha-de-vacinacao-contra-covid-19\/\"},\"author\":{\"name\":\"Reda\u00e7\u00e3o\",\"@id\":\"https:\/\/noticiaempauta.com\/portal\/#\/schema\/person\/a74af43dd1ab3deca45f988c717d57ac\"},\"headline\":\"Minist\u00e9rio da Sa\u00fade lan\u00e7a nova campanha de vacina\u00e7\u00e3o contra covid-19\",\"datePublished\":\"2024-05-27T12:03:30+00:00\",\"dateModified\":\"2024-05-27T12:03:31+00:00\",\"mainEntityOfPage\":{\"@id\":\"https:\/\/noticiaempauta.com\/portal\/ministerio-da-saude-lanca-nova-campanha-de-vacinacao-contra-covid-19\/\"},\"wordCount\":338,\"commentCount\":0,\"publisher\":{\"@id\":\"https:\/\/noticiaempauta.com\/portal\/#organization\"},\"image\":{\"@id\":\"https:\/\/noticiaempauta.com\/portal\/ministerio-da-saude-lanca-nova-campanha-de-vacinacao-contra-covid-19\/#primaryimage\"},\"thumbnailUrl\":\"https:\/\/noticiaempauta.com\/portal\/wp-content\/uploads\/2024\/05\/vacina_de_oxford_astrazeneca_tnrgo_2701214160.jpg\",\"keywords\":[\"destaqueprincipal\"],\"articleSection\":[\"Destaques\",\"Geral\",\"Sa\u00fade\",\"Todas as Not\u00edcias\"],\"inLanguage\":\"pt-BR\",\"potentialAction\":[{\"@type\":\"CommentAction\",\"name\":\"Comment\",\"target\":[\"https:\/\/noticiaempauta.com\/portal\/ministerio-da-saude-lanca-nova-campanha-de-vacinacao-contra-covid-19\/#respond\"]}]},{\"@type\":\"WebPage\",\"@id\":\"https:\/\/noticiaempauta.com\/portal\/ministerio-da-saude-lanca-nova-campanha-de-vacinacao-contra-covid-19\/\",\"url\":\"https:\/\/noticiaempauta.com\/portal\/ministerio-da-saude-lanca-nova-campanha-de-vacinacao-contra-covid-19\/\",\"name\":\"Minist\u00e9rio da Sa\u00fade lan\u00e7a nova campanha de vacina\u00e7\u00e3o contra covid-19 - Portal Not\u00edcia em Pauta\",\"isPartOf\":{\"@id\":\"https:\/\/noticiaempauta.com\/portal\/#website\"},\"primaryImageOfPage\":{\"@id\":\"https:\/\/noticiaempauta.com\/portal\/ministerio-da-saude-lanca-nova-campanha-de-vacinacao-contra-covid-19\/#primaryimage\"},\"image\":{\"@id\":\"https:\/\/noticiaempauta.com\/portal\/ministerio-da-saude-lanca-nova-campanha-de-vacinacao-contra-covid-19\/#primaryimage\"},\"thumbnailUrl\":\"https:\/\/noticiaempauta.com\/portal\/wp-content\/uploads\/2024\/05\/vacina_de_oxford_astrazeneca_tnrgo_2701214160.jpg\",\"datePublished\":\"2024-05-27T12:03:30+00:00\",\"dateModified\":\"2024-05-27T12:03:31+00:00\",\"breadcrumb\":{\"@id\":\"https:\/\/noticiaempauta.com\/portal\/ministerio-da-saude-lanca-nova-campanha-de-vacinacao-contra-covid-19\/#breadcrumb\"},\"inLanguage\":\"pt-BR\",\"potentialAction\":[{\"@type\":\"ReadAction\",\"target\":[\"https:\/\/noticiaempauta.com\/portal\/ministerio-da-saude-lanca-nova-campanha-de-vacinacao-contra-covid-19\/\"]}]},{\"@type\":\"ImageObject\",\"inLanguage\":\"pt-BR\",\"@id\":\"https:\/\/noticiaempauta.com\/portal\/ministerio-da-saude-lanca-nova-campanha-de-vacinacao-contra-covid-19\/#primaryimage\",\"url\":\"https:\/\/noticiaempauta.com\/portal\/wp-content\/uploads\/2024\/05\/vacina_de_oxford_astrazeneca_tnrgo_2701214160.jpg\",\"contentUrl\":\"https:\/\/noticiaempauta.com\/portal\/wp-content\/uploads\/2024\/05\/vacina_de_oxford_astrazeneca_tnrgo_2701214160.jpg\",\"width\":1200,\"height\":717,\"caption\":\"A t\u00e9cnica de enfermagem, Paula Roberta Moreira mostra a ampola da vacina contra a covid-19 antes de aplicar a inje\u00e7\u00e3o. Vacina\u00e7\u00e3o dos profissionais de sa\u00fade, veterin\u00e1rios e agentes funer\u00e1rios com 60 anos ou mais de idade, que estam na ativa, na Cl\u00ednica da Fam\u00edlia Est\u00e1cio de S\u00e1, na regi\u00e3o central da cidade. O munic\u00edpio do Rio de Janeiro ampliou hoje (27) o p\u00fablico-alvo da campanha de vacina\u00e7\u00e3o contra a covid-19.\"},{\"@type\":\"BreadcrumbList\",\"@id\":\"https:\/\/noticiaempauta.com\/portal\/ministerio-da-saude-lanca-nova-campanha-de-vacinacao-contra-covid-19\/#breadcrumb\",\"itemListElement\":[{\"@type\":\"ListItem\",\"position\":1,\"name\":\"P\u00e1gina Inicial\",\"item\":\"https:\/\/noticiaempauta.com\/portal\/\"},{\"@type\":\"ListItem\",\"position\":2,\"name\":\"Destaques\",\"item\":\"https:\/\/noticiaempauta.com\/portal\/destaques-site\/\"},{\"@type\":\"ListItem\",\"position\":3,\"name\":\"Minist\u00e9rio da Sa\u00fade lan\u00e7a nova campanha de vacina\u00e7\u00e3o contra covid-19\"}]},{\"@type\":\"WebSite\",\"@id\":\"https:\/\/noticiaempauta.com\/portal\/#website\",\"url\":\"https:\/\/noticiaempauta.com\/portal\/\",\"name\":\"Portal Not\u00edcia em Pauta\",\"description\":\"Voc\u00ea bem informado\",\"publisher\":{\"@id\":\"https:\/\/noticiaempauta.com\/portal\/#organization\"},\"potentialAction\":[{\"@type\":\"SearchAction\",\"target\":{\"@type\":\"EntryPoint\",\"urlTemplate\":\"https:\/\/noticiaempauta.com\/portal\/?s={search_term_string}\"},\"query-input\":{\"@type\":\"PropertyValueSpecification\",\"valueRequired\":true,\"valueName\":\"search_term_string\"}}],\"inLanguage\":\"pt-BR\"},{\"@type\":\"Organization\",\"@id\":\"https:\/\/noticiaempauta.com\/portal\/#organization\",\"name\":\"Portal Not\u00edcia em Pauta\",\"url\":\"https:\/\/noticiaempauta.com\/portal\/\",\"logo\":{\"@type\":\"ImageObject\",\"inLanguage\":\"pt-BR\",\"@id\":\"https:\/\/noticiaempauta.com\/portal\/#\/schema\/logo\/image\/\",\"url\":\"https:\/\/noticiaempauta.com\/portal\/wp-content\/uploads\/2022\/08\/logomarca_tema.fw_.png\",\"contentUrl\":\"https:\/\/noticiaempauta.com\/portal\/wp-content\/uploads\/2022\/08\/logomarca_tema.fw_.png\",\"width\":400,\"height\":232,\"caption\":\"Portal Not\u00edcia em Pauta\"},\"image\":{\"@id\":\"https:\/\/noticiaempauta.com\/portal\/#\/schema\/logo\/image\/\"},\"sameAs\":[\"https:\/\/www.facebook.com\/Portal-Notcia-Em-Pauta-102292869264820\/\",\"https:\/\/www.instagram.com\/portalnoticiaempauta\/\"]},{\"@type\":\"Person\",\"@id\":\"https:\/\/noticiaempauta.com\/portal\/#\/schema\/person\/a74af43dd1ab3deca45f988c717d57ac\",\"name\":\"Reda\u00e7\u00e3o\",\"image\":{\"@type\":\"ImageObject\",\"inLanguage\":\"pt-BR\",\"@id\":\"https:\/\/noticiaempauta.com\/portal\/#\/schema\/person\/image\/\",\"url\":\"https:\/\/secure.gravatar.com\/avatar\/03179346ecce6cdfc13361603e8f54242a90e5cde8618fa23c5c00aa2b0aadf3?s=96&d=mm&r=g\",\"contentUrl\":\"https:\/\/secure.gravatar.com\/avatar\/03179346ecce6cdfc13361603e8f54242a90e5cde8618fa23c5c00aa2b0aadf3?s=96&d=mm&r=g\",\"caption\":\"Reda\u00e7\u00e3o\"},\"sameAs\":[\"https:\/\/noticiaempauta.com\/portal\/\"],\"url\":\"https:\/\/noticiaempauta.com\/portal\/author\/fernando\/\"}]}<\/script>\n<!-- \/ Yoast SEO Premium plugin. -->","yoast_head_json":{"title":"Minist\u00e9rio da Sa\u00fade lan\u00e7a nova campanha de vacina\u00e7\u00e3o contra covid-19 - Portal Not\u00edcia em Pauta","robots":{"index":"index","follow":"follow","max-snippet":"max-snippet:-1","max-image-preview":"max-image-preview:large","max-video-preview":"max-video-preview:-1"},"canonical":"https:\/\/noticiaempauta.com\/portal\/ministerio-da-saude-lanca-nova-campanha-de-vacinacao-contra-covid-19\/","og_locale":"pt_BR","og_type":"article","og_title":"Minist\u00e9rio da Sa\u00fade lan\u00e7a nova campanha de vacina\u00e7\u00e3o contra covid-19","og_description":"O Minist\u00e9rio da Sa\u00fade est\u00e1 lan\u00e7ando uma nova campanha de&nbsp;vacina\u00e7\u00e3o contra a covid-19. O objetivo \u00e9 imunizar pelo menos 70 milh\u00f5es de pessoas. Na primeira quinzena de maio, o Brasil recebeu 9,5 milh\u00f5es de doses, o que comp\u00f5e a primeira remessa da vacina monovalente atualizada contra a variante XBB.1.5. As doses j\u00e1 est\u00e3o sendo distribu\u00eddas [&hellip;]","og_url":"https:\/\/noticiaempauta.com\/portal\/ministerio-da-saude-lanca-nova-campanha-de-vacinacao-contra-covid-19\/","og_site_name":"Portal Not\u00edcia em Pauta","article_publisher":"https:\/\/www.facebook.com\/Portal-Notcia-Em-Pauta-102292869264820\/","article_published_time":"2024-05-27T12:03:30+00:00","article_modified_time":"2024-05-27T12:03:31+00:00","og_image":[{"width":1200,"height":717,"url":"https:\/\/noticiaempauta.com\/portal\/wp-content\/uploads\/2024\/05\/vacina_de_oxford_astrazeneca_tnrgo_2701214160.jpg","type":"image\/jpeg"}],"author":"Reda\u00e7\u00e3o","twitter_card":"summary_large_image","twitter_misc":{"Escrito por":"Reda\u00e7\u00e3o","Est. tempo de leitura":"2 minutos"},"schema":{"@context":"https:\/\/schema.org","@graph":[{"@type":"Article","@id":"https:\/\/noticiaempauta.com\/portal\/ministerio-da-saude-lanca-nova-campanha-de-vacinacao-contra-covid-19\/#article","isPartOf":{"@id":"https:\/\/noticiaempauta.com\/portal\/ministerio-da-saude-lanca-nova-campanha-de-vacinacao-contra-covid-19\/"},"author":{"name":"Reda\u00e7\u00e3o","@id":"https:\/\/noticiaempauta.com\/portal\/#\/schema\/person\/a74af43dd1ab3deca45f988c717d57ac"},"headline":"Minist\u00e9rio da Sa\u00fade lan\u00e7a nova campanha de vacina\u00e7\u00e3o contra covid-19","datePublished":"2024-05-27T12:03:30+00:00","dateModified":"2024-05-27T12:03:31+00:00","mainEntityOfPage":{"@id":"https:\/\/noticiaempauta.com\/portal\/ministerio-da-saude-lanca-nova-campanha-de-vacinacao-contra-covid-19\/"},"wordCount":338,"commentCount":0,"publisher":{"@id":"https:\/\/noticiaempauta.com\/portal\/#organization"},"image":{"@id":"https:\/\/noticiaempauta.com\/portal\/ministerio-da-saude-lanca-nova-campanha-de-vacinacao-contra-covid-19\/#primaryimage"},"thumbnailUrl":"https:\/\/noticiaempauta.com\/portal\/wp-content\/uploads\/2024\/05\/vacina_de_oxford_astrazeneca_tnrgo_2701214160.jpg","keywords":["destaqueprincipal"],"articleSection":["Destaques","Geral","Sa\u00fade","Todas as Not\u00edcias"],"inLanguage":"pt-BR","potentialAction":[{"@type":"CommentAction","name":"Comment","target":["https:\/\/noticiaempauta.com\/portal\/ministerio-da-saude-lanca-nova-campanha-de-vacinacao-contra-covid-19\/#respond"]}]},{"@type":"WebPage","@id":"https:\/\/noticiaempauta.com\/portal\/ministerio-da-saude-lanca-nova-campanha-de-vacinacao-contra-covid-19\/","url":"https:\/\/noticiaempauta.com\/portal\/ministerio-da-saude-lanca-nova-campanha-de-vacinacao-contra-covid-19\/","name":"Minist\u00e9rio da Sa\u00fade lan\u00e7a nova campanha de vacina\u00e7\u00e3o contra covid-19 - Portal Not\u00edcia em Pauta","isPartOf":{"@id":"https:\/\/noticiaempauta.com\/portal\/#website"},"primaryImageOfPage":{"@id":"https:\/\/noticiaempauta.com\/portal\/ministerio-da-saude-lanca-nova-campanha-de-vacinacao-contra-covid-19\/#primaryimage"},"image":{"@id":"https:\/\/noticiaempauta.com\/portal\/ministerio-da-saude-lanca-nova-campanha-de-vacinacao-contra-covid-19\/#primaryimage"},"thumbnailUrl":"https:\/\/noticiaempauta.com\/portal\/wp-content\/uploads\/2024\/05\/vacina_de_oxford_astrazeneca_tnrgo_2701214160.jpg","datePublished":"2024-05-27T12:03:30+00:00","dateModified":"2024-05-27T12:03:31+00:00","breadcrumb":{"@id":"https:\/\/noticiaempauta.com\/portal\/ministerio-da-saude-lanca-nova-campanha-de-vacinacao-contra-covid-19\/#breadcrumb"},"inLanguage":"pt-BR","potentialAction":[{"@type":"ReadAction","target":["https:\/\/noticiaempauta.com\/portal\/ministerio-da-saude-lanca-nova-campanha-de-vacinacao-contra-covid-19\/"]}]},{"@type":"ImageObject","inLanguage":"pt-BR","@id":"https:\/\/noticiaempauta.com\/portal\/ministerio-da-saude-lanca-nova-campanha-de-vacinacao-contra-covid-19\/#primaryimage","url":"https:\/\/noticiaempauta.com\/portal\/wp-content\/uploads\/2024\/05\/vacina_de_oxford_astrazeneca_tnrgo_2701214160.jpg","contentUrl":"https:\/\/noticiaempauta.com\/portal\/wp-content\/uploads\/2024\/05\/vacina_de_oxford_astrazeneca_tnrgo_2701214160.jpg","width":1200,"height":717,"caption":"A t\u00e9cnica de enfermagem, Paula Roberta Moreira mostra a ampola da vacina contra a covid-19 antes de aplicar a inje\u00e7\u00e3o. Vacina\u00e7\u00e3o dos profissionais de sa\u00fade, veterin\u00e1rios e agentes funer\u00e1rios com 60 anos ou mais de idade, que estam na ativa, na Cl\u00ednica da Fam\u00edlia Est\u00e1cio de S\u00e1, na regi\u00e3o central da cidade. O munic\u00edpio do Rio de Janeiro ampliou hoje (27) o p\u00fablico-alvo da campanha de vacina\u00e7\u00e3o contra a covid-19."},{"@type":"BreadcrumbList","@id":"https:\/\/noticiaempauta.com\/portal\/ministerio-da-saude-lanca-nova-campanha-de-vacinacao-contra-covid-19\/#breadcrumb","itemListElement":[{"@type":"ListItem","position":1,"name":"P\u00e1gina Inicial","item":"https:\/\/noticiaempauta.com\/portal\/"},{"@type":"ListItem","position":2,"name":"Destaques","item":"https:\/\/noticiaempauta.com\/portal\/destaques-site\/"},{"@type":"ListItem","position":3,"name":"Minist\u00e9rio da Sa\u00fade lan\u00e7a nova campanha de vacina\u00e7\u00e3o contra covid-19"}]},{"@type":"WebSite","@id":"https:\/\/noticiaempauta.com\/portal\/#website","url":"https:\/\/noticiaempauta.com\/portal\/","name":"Portal Not\u00edcia em Pauta","description":"Voc\u00ea bem informado","publisher":{"@id":"https:\/\/noticiaempauta.com\/portal\/#organization"},"potentialAction":[{"@type":"SearchAction","target":{"@type":"EntryPoint","urlTemplate":"https:\/\/noticiaempauta.com\/portal\/?s={search_term_string}"},"query-input":{"@type":"PropertyValueSpecification","valueRequired":true,"valueName":"search_term_string"}}],"inLanguage":"pt-BR"},{"@type":"Organization","@id":"https:\/\/noticiaempauta.com\/portal\/#organization","name":"Portal Not\u00edcia em Pauta","url":"https:\/\/noticiaempauta.com\/portal\/","logo":{"@type":"ImageObject","inLanguage":"pt-BR","@id":"https:\/\/noticiaempauta.com\/portal\/#\/schema\/logo\/image\/","url":"https:\/\/noticiaempauta.com\/portal\/wp-content\/uploads\/2022\/08\/logomarca_tema.fw_.png","contentUrl":"https:\/\/noticiaempauta.com\/portal\/wp-content\/uploads\/2022\/08\/logomarca_tema.fw_.png","width":400,"height":232,"caption":"Portal Not\u00edcia em Pauta"},"image":{"@id":"https:\/\/noticiaempauta.com\/portal\/#\/schema\/logo\/image\/"},"sameAs":["https:\/\/www.facebook.com\/Portal-Notcia-Em-Pauta-102292869264820\/","https:\/\/www.instagram.com\/portalnoticiaempauta\/"]},{"@type":"Person","@id":"https:\/\/noticiaempauta.com\/portal\/#\/schema\/person\/a74af43dd1ab3deca45f988c717d57ac","name":"Reda\u00e7\u00e3o","image":{"@type":"ImageObject","inLanguage":"pt-BR","@id":"https:\/\/noticiaempauta.com\/portal\/#\/schema\/person\/image\/","url":"https:\/\/secure.gravatar.com\/avatar\/03179346ecce6cdfc13361603e8f54242a90e5cde8618fa23c5c00aa2b0aadf3?s=96&d=mm&r=g","contentUrl":"https:\/\/secure.gravatar.com\/avatar\/03179346ecce6cdfc13361603e8f54242a90e5cde8618fa23c5c00aa2b0aadf3?s=96&d=mm&r=g","caption":"Reda\u00e7\u00e3o"},"sameAs":["https:\/\/noticiaempauta.com\/portal\/"],"url":"https:\/\/noticiaempauta.com\/portal\/author\/fernando\/"}]}},"_links":{"self":[{"href":"https:\/\/noticiaempauta.com\/portal\/wp-json\/wp\/v2\/posts\/258264","targetHints":{"allow":["GET"]}}],"collection":[{"href":"https:\/\/noticiaempauta.com\/portal\/wp-json\/wp\/v2\/posts"}],"about":[{"href":"https:\/\/noticiaempauta.com\/portal\/wp-json\/wp\/v2\/types\/post"}],"author":[{"embeddable":true,"href":"https:\/\/noticiaempauta.com\/portal\/wp-json\/wp\/v2\/users\/2"}],"replies":[{"embeddable":true,"href":"https:\/\/noticiaempauta.com\/portal\/wp-json\/wp\/v2\/comments?post=258264"}],"version-history":[{"count":2,"href":"https:\/\/noticiaempauta.com\/portal\/wp-json\/wp\/v2\/posts\/258264\/revisions"}],"predecessor-version":[{"id":258268,"href":"https:\/\/noticiaempauta.com\/portal\/wp-json\/wp\/v2\/posts\/258264\/revisions\/258268"}],"wp:featuredmedia":[{"embeddable":true,"href":"https:\/\/noticiaempauta.com\/portal\/wp-json\/wp\/v2\/media\/258266"}],"wp:attachment":[{"href":"https:\/\/noticiaempauta.com\/portal\/wp-json\/wp\/v2\/media?parent=258264"}],"wp:term":[{"taxonomy":"category","embeddable":true,"href":"https:\/\/noticiaempauta.com\/portal\/wp-json\/wp\/v2\/categories?post=258264"},{"taxonomy":"post_tag","embeddable":true,"href":"https:\/\/noticiaempauta.com\/portal\/wp-json\/wp\/v2\/tags?post=258264"}],"curies":[{"name":"wp","href":"https:\/\/api.w.org\/{rel}","templated":true}]}}