{"id":258269,"date":"2024-05-27T09:15:19","date_gmt":"2024-05-27T12:15:19","guid":{"rendered":"https:\/\/noticiaempauta.com\/portal\/?p=258269"},"modified":"2024-05-27T09:15:20","modified_gmt":"2024-05-27T12:15:20","slug":"governo-do-estado-institui-politica-de-protecao-de-dados-pessoais-e-privacidade-do-piaui","status":"publish","type":"post","link":"https:\/\/noticiaempauta.com\/portal\/governo-do-estado-institui-politica-de-protecao-de-dados-pessoais-e-privacidade-do-piaui\/","title":{"rendered":"Governo do Estado institui Pol\u00edtica de Prote\u00e7\u00e3o de Dados Pessoais e Privacidade do Piau\u00ed"},"content":{"rendered":"\n<p>O Governo do Piau\u00ed, por meio do decreto N\u00ba 23.003, de 21 de maio de 2024, instituiu a Pol\u00edtica Estadual de Prote\u00e7\u00e3o de Dados Pessoais e Privacidade. Publicado no Di\u00e1rio Oficial desta quinta-feira (23), o documento serve como um norteador para toda e qualquer opera\u00e7\u00e3o de tratamento de dados pessoais, realizada tanto em meios f\u00edsicos quanto digitais no \u00e2mbito p\u00fablico estadual.<\/p>\n\n\n\n<figure class=\"wp-block-image size-full\"><img fetchpriority=\"high\" decoding=\"async\" width=\"790\" height=\"511\" src=\"https:\/\/noticiaempauta.com\/portal\/wp-content\/uploads\/2024\/05\/cac106462b16fb3935edb3b779e4a1ef.jpg\" alt=\"\" class=\"wp-image-258271\" srcset=\"https:\/\/noticiaempauta.com\/portal\/wp-content\/uploads\/2024\/05\/cac106462b16fb3935edb3b779e4a1ef.jpg 790w, https:\/\/noticiaempauta.com\/portal\/wp-content\/uploads\/2024\/05\/cac106462b16fb3935edb3b779e4a1ef-300x194.jpg 300w, https:\/\/noticiaempauta.com\/portal\/wp-content\/uploads\/2024\/05\/cac106462b16fb3935edb3b779e4a1ef-768x497.jpg 768w\" sizes=\"(max-width: 790px) 100vw, 790px\" \/><\/figure>\n\n\n\n<p>A Pol\u00edtica Estadual de Prote\u00e7\u00e3o de Dados Pessoais e Privacidade tem como objetivo principal resguardar os direitos fundamentais \u00e0 liberdade, \u00e0 privacidade e ao livre desenvolvimento da personalidade do indiv\u00edduo, em conson\u00e2ncia com os princ\u00edpios e normas estabelecidos na Lei Federal n\u00ba 13.709, de 14 de agosto de 2018 (Lei Geral de Prote\u00e7\u00e3o de Dados \u2013 LGPD).<\/p>\n\n\n\n<p>Para o Encarregado da Prote\u00e7\u00e3o de Dados da Etipi, Raimundo Neto, o Piau\u00ed avan\u00e7ou nessa quest\u00e3o e, por meio da nova pol\u00edtica institu\u00edda, vai melhorar a seguran\u00e7a, garantir a privacidade e a prote\u00e7\u00e3o de dados do cidad\u00e3o, al\u00e9m de cumprir o que prev\u00ea a Lei Geral de Prote\u00e7\u00e3o de Dados (LGPD).<\/p>\n\n\n\n<p>\u201cO Piau\u00ed deu mais um passo no que se refere \u00e0s a\u00e7\u00f5es de prote\u00e7\u00e3o de dados no estado, com a institui\u00e7\u00e3o da pol\u00edtica que prev\u00ea que todos os \u00f3rg\u00e3os da administra\u00e7\u00e3o p\u00fablica se adequem \u00e0s leis vigentes dessa \u00e1rea e sigam as normas\u201d, disse Raimundo Neto.<\/p>\n\n\n\n<p>As diretrizes fundamentais desta pol\u00edtica preveem o estabelecimento de regras de boas pr\u00e1ticas pelos agentes de tratamento, observando a natureza, o escopo, a finalidade e a probabilidade e gravidade dos riscos e dos benef\u00edcios decorrentes do tratamento de dados do titular; levantamento dos dados pessoais; mapeamento dos fluxos dos dados pessoais no \u00e2mbito dos \u00f3rg\u00e3os e entidades do poder Executivo estadual; alinhamento \u00e0 Pol\u00edtica Estadual de Seguran\u00e7a da Informa\u00e7\u00e3o e Comunica\u00e7\u00e3o (Posic); revis\u00e3o e adequa\u00e7\u00e3o dos contratos firmados pelos \u00f3rg\u00e3os e entidades do Poder Executivo Estadual \u00e0 LGPD; e institui\u00e7\u00e3o de medidas de proporcionalidade entre os conceitos de prote\u00e7\u00e3o de dados, privacidade, seguran\u00e7a da informa\u00e7\u00e3o e transpar\u00eancia, a fim de estabelecer harmonia entre a LGPD e a Lei de Acesso \u00e0 Informa\u00e7\u00e3o (LAI).<\/p>\n\n\n\n<p><strong>Comit\u00ea Estadual de Prote\u00e7\u00e3o de Dados Pessoais e Privacidade<\/strong><\/p>\n\n\n\n<p>Dentro da Pol\u00edtica Estadual de Prote\u00e7\u00e3o de Dados Pessoais e Privacidade do Piau\u00ed, fica institu\u00eddo o Comit\u00ea Estadual de Prote\u00e7\u00e3o de Dados Pessoais e Privacidade, que atuar\u00e1 como canal de comunica\u00e7\u00e3o entre o controlador, os titulares dos dados, os demais \u00f3rg\u00e3os e entidades p\u00fablicos e a Autoridade Nacional de Prote\u00e7\u00e3o de Dados (ANPD), al\u00e9m de centralizar as fun\u00e7\u00f5es de encarregado pelo tratamento de dados pessoais dos \u00f3rg\u00e3os e entidades do Poder Executivo do Estado do Piau\u00ed.<\/p>\n\n\n\n<p>Caber\u00e1 ao Comit\u00ea Estadual de Prote\u00e7\u00e3o de Dados Pessoais e Privacidade, ainda, exercer as fun\u00e7\u00f5es do encarregado, atendendo \u00e0s obriga\u00e7\u00f5es previstas no art. 41 da Lei Geral de Prote\u00e7\u00e3o de Dados, e auxiliar os encarregados internos de cada \u00f3rg\u00e3o ou entidade no exerc\u00edcio dessas mesmas fun\u00e7\u00f5es.<\/p>\n\n\n\n<p>Fonte: CidadesEmFoco<\/p>\n","protected":false},"excerpt":{"rendered":"<p>O Governo do Piau\u00ed, por meio do decreto N\u00ba 23.003, de 21 de maio de 2024, instituiu a Pol\u00edtica Estadual de Prote\u00e7\u00e3o de Dados Pessoais e Privacidade. Publicado no Di\u00e1rio Oficial desta quinta-feira (23), o documento serve como um norteador para toda e qualquer opera\u00e7\u00e3o de tratamento de dados pessoais, realizada tanto em meios f\u00edsicos [&hellip;]<\/p>\n","protected":false},"author":2,"featured_media":258271,"comment_status":"open","ping_status":"open","sticky":false,"template":"","format":"standard","meta":{"_mi_skip_tracking":false,"footnotes":""},"categories":[25,1,16],"tags":[192],"class_list":["post-258269","post","type-post","status-publish","format-standard","has-post-thumbnail","hentry","category-destaques-site","category-geral","category-todas","tag-destaqueprincipal"],"acf":[],"yoast_head":"<!-- This site is optimized with the Yoast SEO Premium plugin v19.2 (Yoast SEO v26.9) - https:\/\/yoast.com\/product\/yoast-seo-premium-wordpress\/ -->\n<title>Governo do Estado institui Pol\u00edtica de Prote\u00e7\u00e3o de Dados Pessoais e Privacidade do Piau\u00ed - Portal Not\u00edcia em Pauta<\/title>\n<meta name=\"robots\" content=\"index, follow, max-snippet:-1, max-image-preview:large, max-video-preview:-1\" \/>\n<link rel=\"canonical\" href=\"https:\/\/noticiaempauta.com\/portal\/governo-do-estado-institui-politica-de-protecao-de-dados-pessoais-e-privacidade-do-piaui\/\" \/>\n<meta property=\"og:locale\" content=\"pt_BR\" \/>\n<meta property=\"og:type\" content=\"article\" \/>\n<meta property=\"og:title\" content=\"Governo do Estado institui Pol\u00edtica de Prote\u00e7\u00e3o de Dados Pessoais e Privacidade do Piau\u00ed\" \/>\n<meta property=\"og:description\" content=\"O Governo do Piau\u00ed, por meio do decreto N\u00ba 23.003, de 21 de maio de 2024, instituiu a Pol\u00edtica Estadual de Prote\u00e7\u00e3o de Dados Pessoais e Privacidade. Publicado no Di\u00e1rio Oficial desta quinta-feira (23), o documento serve como um norteador para toda e qualquer opera\u00e7\u00e3o de tratamento de dados pessoais, realizada tanto em meios f\u00edsicos [&hellip;]\" \/>\n<meta property=\"og:url\" content=\"https:\/\/noticiaempauta.com\/portal\/governo-do-estado-institui-politica-de-protecao-de-dados-pessoais-e-privacidade-do-piaui\/\" \/>\n<meta property=\"og:site_name\" content=\"Portal Not\u00edcia em Pauta\" \/>\n<meta property=\"article:publisher\" content=\"https:\/\/www.facebook.com\/Portal-Notcia-Em-Pauta-102292869264820\/\" \/>\n<meta property=\"article:published_time\" content=\"2024-05-27T12:15:19+00:00\" \/>\n<meta property=\"article:modified_time\" content=\"2024-05-27T12:15:20+00:00\" \/>\n<meta property=\"og:image\" content=\"https:\/\/noticiaempauta.com\/portal\/wp-content\/uploads\/2024\/05\/cac106462b16fb3935edb3b779e4a1ef.jpg\" \/>\n\t<meta property=\"og:image:width\" content=\"790\" \/>\n\t<meta property=\"og:image:height\" content=\"511\" \/>\n\t<meta property=\"og:image:type\" content=\"image\/jpeg\" \/>\n<meta name=\"author\" content=\"Reda\u00e7\u00e3o\" \/>\n<meta name=\"twitter:card\" content=\"summary_large_image\" \/>\n<meta name=\"twitter:label1\" content=\"Escrito por\" \/>\n\t<meta name=\"twitter:data1\" content=\"Reda\u00e7\u00e3o\" \/>\n\t<meta name=\"twitter:label2\" content=\"Est. tempo de leitura\" \/>\n\t<meta name=\"twitter:data2\" content=\"3 minutos\" \/>\n<script type=\"application\/ld+json\" class=\"yoast-schema-graph\">{\"@context\":\"https:\/\/schema.org\",\"@graph\":[{\"@type\":\"Article\",\"@id\":\"https:\/\/noticiaempauta.com\/portal\/governo-do-estado-institui-politica-de-protecao-de-dados-pessoais-e-privacidade-do-piaui\/#article\",\"isPartOf\":{\"@id\":\"https:\/\/noticiaempauta.com\/portal\/governo-do-estado-institui-politica-de-protecao-de-dados-pessoais-e-privacidade-do-piaui\/\"},\"author\":{\"name\":\"Reda\u00e7\u00e3o\",\"@id\":\"https:\/\/noticiaempauta.com\/portal\/#\/schema\/person\/a74af43dd1ab3deca45f988c717d57ac\"},\"headline\":\"Governo do Estado institui Pol\u00edtica de Prote\u00e7\u00e3o de Dados Pessoais e Privacidade do Piau\u00ed\",\"datePublished\":\"2024-05-27T12:15:19+00:00\",\"dateModified\":\"2024-05-27T12:15:20+00:00\",\"mainEntityOfPage\":{\"@id\":\"https:\/\/noticiaempauta.com\/portal\/governo-do-estado-institui-politica-de-protecao-de-dados-pessoais-e-privacidade-do-piaui\/\"},\"wordCount\":538,\"commentCount\":0,\"publisher\":{\"@id\":\"https:\/\/noticiaempauta.com\/portal\/#organization\"},\"image\":{\"@id\":\"https:\/\/noticiaempauta.com\/portal\/governo-do-estado-institui-politica-de-protecao-de-dados-pessoais-e-privacidade-do-piaui\/#primaryimage\"},\"thumbnailUrl\":\"https:\/\/noticiaempauta.com\/portal\/wp-content\/uploads\/2024\/05\/cac106462b16fb3935edb3b779e4a1ef.jpg\",\"keywords\":[\"destaqueprincipal\"],\"articleSection\":[\"Destaques\",\"Geral\",\"Todas as Not\u00edcias\"],\"inLanguage\":\"pt-BR\",\"potentialAction\":[{\"@type\":\"CommentAction\",\"name\":\"Comment\",\"target\":[\"https:\/\/noticiaempauta.com\/portal\/governo-do-estado-institui-politica-de-protecao-de-dados-pessoais-e-privacidade-do-piaui\/#respond\"]}]},{\"@type\":\"WebPage\",\"@id\":\"https:\/\/noticiaempauta.com\/portal\/governo-do-estado-institui-politica-de-protecao-de-dados-pessoais-e-privacidade-do-piaui\/\",\"url\":\"https:\/\/noticiaempauta.com\/portal\/governo-do-estado-institui-politica-de-protecao-de-dados-pessoais-e-privacidade-do-piaui\/\",\"name\":\"Governo do Estado institui Pol\u00edtica de Prote\u00e7\u00e3o de Dados Pessoais e Privacidade do Piau\u00ed - Portal Not\u00edcia em Pauta\",\"isPartOf\":{\"@id\":\"https:\/\/noticiaempauta.com\/portal\/#website\"},\"primaryImageOfPage\":{\"@id\":\"https:\/\/noticiaempauta.com\/portal\/governo-do-estado-institui-politica-de-protecao-de-dados-pessoais-e-privacidade-do-piaui\/#primaryimage\"},\"image\":{\"@id\":\"https:\/\/noticiaempauta.com\/portal\/governo-do-estado-institui-politica-de-protecao-de-dados-pessoais-e-privacidade-do-piaui\/#primaryimage\"},\"thumbnailUrl\":\"https:\/\/noticiaempauta.com\/portal\/wp-content\/uploads\/2024\/05\/cac106462b16fb3935edb3b779e4a1ef.jpg\",\"datePublished\":\"2024-05-27T12:15:19+00:00\",\"dateModified\":\"2024-05-27T12:15:20+00:00\",\"breadcrumb\":{\"@id\":\"https:\/\/noticiaempauta.com\/portal\/governo-do-estado-institui-politica-de-protecao-de-dados-pessoais-e-privacidade-do-piaui\/#breadcrumb\"},\"inLanguage\":\"pt-BR\",\"potentialAction\":[{\"@type\":\"ReadAction\",\"target\":[\"https:\/\/noticiaempauta.com\/portal\/governo-do-estado-institui-politica-de-protecao-de-dados-pessoais-e-privacidade-do-piaui\/\"]}]},{\"@type\":\"ImageObject\",\"inLanguage\":\"pt-BR\",\"@id\":\"https:\/\/noticiaempauta.com\/portal\/governo-do-estado-institui-politica-de-protecao-de-dados-pessoais-e-privacidade-do-piaui\/#primaryimage\",\"url\":\"https:\/\/noticiaempauta.com\/portal\/wp-content\/uploads\/2024\/05\/cac106462b16fb3935edb3b779e4a1ef.jpg\",\"contentUrl\":\"https:\/\/noticiaempauta.com\/portal\/wp-content\/uploads\/2024\/05\/cac106462b16fb3935edb3b779e4a1ef.jpg\",\"width\":790,\"height\":511},{\"@type\":\"BreadcrumbList\",\"@id\":\"https:\/\/noticiaempauta.com\/portal\/governo-do-estado-institui-politica-de-protecao-de-dados-pessoais-e-privacidade-do-piaui\/#breadcrumb\",\"itemListElement\":[{\"@type\":\"ListItem\",\"position\":1,\"name\":\"P\u00e1gina Inicial\",\"item\":\"https:\/\/noticiaempauta.com\/portal\/\"},{\"@type\":\"ListItem\",\"position\":2,\"name\":\"Destaques\",\"item\":\"https:\/\/noticiaempauta.com\/portal\/destaques-site\/\"},{\"@type\":\"ListItem\",\"position\":3,\"name\":\"Governo do Estado institui Pol\u00edtica de Prote\u00e7\u00e3o de Dados Pessoais e Privacidade do Piau\u00ed\"}]},{\"@type\":\"WebSite\",\"@id\":\"https:\/\/noticiaempauta.com\/portal\/#website\",\"url\":\"https:\/\/noticiaempauta.com\/portal\/\",\"name\":\"Portal Not\u00edcia em Pauta\",\"description\":\"Voc\u00ea bem informado\",\"publisher\":{\"@id\":\"https:\/\/noticiaempauta.com\/portal\/#organization\"},\"potentialAction\":[{\"@type\":\"SearchAction\",\"target\":{\"@type\":\"EntryPoint\",\"urlTemplate\":\"https:\/\/noticiaempauta.com\/portal\/?s={search_term_string}\"},\"query-input\":{\"@type\":\"PropertyValueSpecification\",\"valueRequired\":true,\"valueName\":\"search_term_string\"}}],\"inLanguage\":\"pt-BR\"},{\"@type\":\"Organization\",\"@id\":\"https:\/\/noticiaempauta.com\/portal\/#organization\",\"name\":\"Portal Not\u00edcia em Pauta\",\"url\":\"https:\/\/noticiaempauta.com\/portal\/\",\"logo\":{\"@type\":\"ImageObject\",\"inLanguage\":\"pt-BR\",\"@id\":\"https:\/\/noticiaempauta.com\/portal\/#\/schema\/logo\/image\/\",\"url\":\"https:\/\/noticiaempauta.com\/portal\/wp-content\/uploads\/2022\/08\/logomarca_tema.fw_.png\",\"contentUrl\":\"https:\/\/noticiaempauta.com\/portal\/wp-content\/uploads\/2022\/08\/logomarca_tema.fw_.png\",\"width\":400,\"height\":232,\"caption\":\"Portal Not\u00edcia em Pauta\"},\"image\":{\"@id\":\"https:\/\/noticiaempauta.com\/portal\/#\/schema\/logo\/image\/\"},\"sameAs\":[\"https:\/\/www.facebook.com\/Portal-Notcia-Em-Pauta-102292869264820\/\",\"https:\/\/www.instagram.com\/portalnoticiaempauta\/\"]},{\"@type\":\"Person\",\"@id\":\"https:\/\/noticiaempauta.com\/portal\/#\/schema\/person\/a74af43dd1ab3deca45f988c717d57ac\",\"name\":\"Reda\u00e7\u00e3o\",\"image\":{\"@type\":\"ImageObject\",\"inLanguage\":\"pt-BR\",\"@id\":\"https:\/\/noticiaempauta.com\/portal\/#\/schema\/person\/image\/\",\"url\":\"https:\/\/secure.gravatar.com\/avatar\/03179346ecce6cdfc13361603e8f54242a90e5cde8618fa23c5c00aa2b0aadf3?s=96&d=mm&r=g\",\"contentUrl\":\"https:\/\/secure.gravatar.com\/avatar\/03179346ecce6cdfc13361603e8f54242a90e5cde8618fa23c5c00aa2b0aadf3?s=96&d=mm&r=g\",\"caption\":\"Reda\u00e7\u00e3o\"},\"sameAs\":[\"https:\/\/noticiaempauta.com\/portal\/\"],\"url\":\"https:\/\/noticiaempauta.com\/portal\/author\/fernando\/\"}]}<\/script>\n<!-- \/ Yoast SEO Premium plugin. -->","yoast_head_json":{"title":"Governo do Estado institui Pol\u00edtica de Prote\u00e7\u00e3o de Dados Pessoais e Privacidade do Piau\u00ed - Portal Not\u00edcia em Pauta","robots":{"index":"index","follow":"follow","max-snippet":"max-snippet:-1","max-image-preview":"max-image-preview:large","max-video-preview":"max-video-preview:-1"},"canonical":"https:\/\/noticiaempauta.com\/portal\/governo-do-estado-institui-politica-de-protecao-de-dados-pessoais-e-privacidade-do-piaui\/","og_locale":"pt_BR","og_type":"article","og_title":"Governo do Estado institui Pol\u00edtica de Prote\u00e7\u00e3o de Dados Pessoais e Privacidade do Piau\u00ed","og_description":"O Governo do Piau\u00ed, por meio do decreto N\u00ba 23.003, de 21 de maio de 2024, instituiu a Pol\u00edtica Estadual de Prote\u00e7\u00e3o de Dados Pessoais e Privacidade. Publicado no Di\u00e1rio Oficial desta quinta-feira (23), o documento serve como um norteador para toda e qualquer opera\u00e7\u00e3o de tratamento de dados pessoais, realizada tanto em meios f\u00edsicos [&hellip;]","og_url":"https:\/\/noticiaempauta.com\/portal\/governo-do-estado-institui-politica-de-protecao-de-dados-pessoais-e-privacidade-do-piaui\/","og_site_name":"Portal Not\u00edcia em Pauta","article_publisher":"https:\/\/www.facebook.com\/Portal-Notcia-Em-Pauta-102292869264820\/","article_published_time":"2024-05-27T12:15:19+00:00","article_modified_time":"2024-05-27T12:15:20+00:00","og_image":[{"width":790,"height":511,"url":"https:\/\/noticiaempauta.com\/portal\/wp-content\/uploads\/2024\/05\/cac106462b16fb3935edb3b779e4a1ef.jpg","type":"image\/jpeg"}],"author":"Reda\u00e7\u00e3o","twitter_card":"summary_large_image","twitter_misc":{"Escrito por":"Reda\u00e7\u00e3o","Est. tempo de leitura":"3 minutos"},"schema":{"@context":"https:\/\/schema.org","@graph":[{"@type":"Article","@id":"https:\/\/noticiaempauta.com\/portal\/governo-do-estado-institui-politica-de-protecao-de-dados-pessoais-e-privacidade-do-piaui\/#article","isPartOf":{"@id":"https:\/\/noticiaempauta.com\/portal\/governo-do-estado-institui-politica-de-protecao-de-dados-pessoais-e-privacidade-do-piaui\/"},"author":{"name":"Reda\u00e7\u00e3o","@id":"https:\/\/noticiaempauta.com\/portal\/#\/schema\/person\/a74af43dd1ab3deca45f988c717d57ac"},"headline":"Governo do Estado institui Pol\u00edtica de Prote\u00e7\u00e3o de Dados Pessoais e Privacidade do Piau\u00ed","datePublished":"2024-05-27T12:15:19+00:00","dateModified":"2024-05-27T12:15:20+00:00","mainEntityOfPage":{"@id":"https:\/\/noticiaempauta.com\/portal\/governo-do-estado-institui-politica-de-protecao-de-dados-pessoais-e-privacidade-do-piaui\/"},"wordCount":538,"commentCount":0,"publisher":{"@id":"https:\/\/noticiaempauta.com\/portal\/#organization"},"image":{"@id":"https:\/\/noticiaempauta.com\/portal\/governo-do-estado-institui-politica-de-protecao-de-dados-pessoais-e-privacidade-do-piaui\/#primaryimage"},"thumbnailUrl":"https:\/\/noticiaempauta.com\/portal\/wp-content\/uploads\/2024\/05\/cac106462b16fb3935edb3b779e4a1ef.jpg","keywords":["destaqueprincipal"],"articleSection":["Destaques","Geral","Todas as Not\u00edcias"],"inLanguage":"pt-BR","potentialAction":[{"@type":"CommentAction","name":"Comment","target":["https:\/\/noticiaempauta.com\/portal\/governo-do-estado-institui-politica-de-protecao-de-dados-pessoais-e-privacidade-do-piaui\/#respond"]}]},{"@type":"WebPage","@id":"https:\/\/noticiaempauta.com\/portal\/governo-do-estado-institui-politica-de-protecao-de-dados-pessoais-e-privacidade-do-piaui\/","url":"https:\/\/noticiaempauta.com\/portal\/governo-do-estado-institui-politica-de-protecao-de-dados-pessoais-e-privacidade-do-piaui\/","name":"Governo do Estado institui Pol\u00edtica de Prote\u00e7\u00e3o de Dados Pessoais e Privacidade do Piau\u00ed - Portal Not\u00edcia em Pauta","isPartOf":{"@id":"https:\/\/noticiaempauta.com\/portal\/#website"},"primaryImageOfPage":{"@id":"https:\/\/noticiaempauta.com\/portal\/governo-do-estado-institui-politica-de-protecao-de-dados-pessoais-e-privacidade-do-piaui\/#primaryimage"},"image":{"@id":"https:\/\/noticiaempauta.com\/portal\/governo-do-estado-institui-politica-de-protecao-de-dados-pessoais-e-privacidade-do-piaui\/#primaryimage"},"thumbnailUrl":"https:\/\/noticiaempauta.com\/portal\/wp-content\/uploads\/2024\/05\/cac106462b16fb3935edb3b779e4a1ef.jpg","datePublished":"2024-05-27T12:15:19+00:00","dateModified":"2024-05-27T12:15:20+00:00","breadcrumb":{"@id":"https:\/\/noticiaempauta.com\/portal\/governo-do-estado-institui-politica-de-protecao-de-dados-pessoais-e-privacidade-do-piaui\/#breadcrumb"},"inLanguage":"pt-BR","potentialAction":[{"@type":"ReadAction","target":["https:\/\/noticiaempauta.com\/portal\/governo-do-estado-institui-politica-de-protecao-de-dados-pessoais-e-privacidade-do-piaui\/"]}]},{"@type":"ImageObject","inLanguage":"pt-BR","@id":"https:\/\/noticiaempauta.com\/portal\/governo-do-estado-institui-politica-de-protecao-de-dados-pessoais-e-privacidade-do-piaui\/#primaryimage","url":"https:\/\/noticiaempauta.com\/portal\/wp-content\/uploads\/2024\/05\/cac106462b16fb3935edb3b779e4a1ef.jpg","contentUrl":"https:\/\/noticiaempauta.com\/portal\/wp-content\/uploads\/2024\/05\/cac106462b16fb3935edb3b779e4a1ef.jpg","width":790,"height":511},{"@type":"BreadcrumbList","@id":"https:\/\/noticiaempauta.com\/portal\/governo-do-estado-institui-politica-de-protecao-de-dados-pessoais-e-privacidade-do-piaui\/#breadcrumb","itemListElement":[{"@type":"ListItem","position":1,"name":"P\u00e1gina Inicial","item":"https:\/\/noticiaempauta.com\/portal\/"},{"@type":"ListItem","position":2,"name":"Destaques","item":"https:\/\/noticiaempauta.com\/portal\/destaques-site\/"},{"@type":"ListItem","position":3,"name":"Governo do Estado institui Pol\u00edtica de Prote\u00e7\u00e3o de Dados Pessoais e Privacidade do Piau\u00ed"}]},{"@type":"WebSite","@id":"https:\/\/noticiaempauta.com\/portal\/#website","url":"https:\/\/noticiaempauta.com\/portal\/","name":"Portal Not\u00edcia em Pauta","description":"Voc\u00ea bem informado","publisher":{"@id":"https:\/\/noticiaempauta.com\/portal\/#organization"},"potentialAction":[{"@type":"SearchAction","target":{"@type":"EntryPoint","urlTemplate":"https:\/\/noticiaempauta.com\/portal\/?s={search_term_string}"},"query-input":{"@type":"PropertyValueSpecification","valueRequired":true,"valueName":"search_term_string"}}],"inLanguage":"pt-BR"},{"@type":"Organization","@id":"https:\/\/noticiaempauta.com\/portal\/#organization","name":"Portal Not\u00edcia em Pauta","url":"https:\/\/noticiaempauta.com\/portal\/","logo":{"@type":"ImageObject","inLanguage":"pt-BR","@id":"https:\/\/noticiaempauta.com\/portal\/#\/schema\/logo\/image\/","url":"https:\/\/noticiaempauta.com\/portal\/wp-content\/uploads\/2022\/08\/logomarca_tema.fw_.png","contentUrl":"https:\/\/noticiaempauta.com\/portal\/wp-content\/uploads\/2022\/08\/logomarca_tema.fw_.png","width":400,"height":232,"caption":"Portal Not\u00edcia em Pauta"},"image":{"@id":"https:\/\/noticiaempauta.com\/portal\/#\/schema\/logo\/image\/"},"sameAs":["https:\/\/www.facebook.com\/Portal-Notcia-Em-Pauta-102292869264820\/","https:\/\/www.instagram.com\/portalnoticiaempauta\/"]},{"@type":"Person","@id":"https:\/\/noticiaempauta.com\/portal\/#\/schema\/person\/a74af43dd1ab3deca45f988c717d57ac","name":"Reda\u00e7\u00e3o","image":{"@type":"ImageObject","inLanguage":"pt-BR","@id":"https:\/\/noticiaempauta.com\/portal\/#\/schema\/person\/image\/","url":"https:\/\/secure.gravatar.com\/avatar\/03179346ecce6cdfc13361603e8f54242a90e5cde8618fa23c5c00aa2b0aadf3?s=96&d=mm&r=g","contentUrl":"https:\/\/secure.gravatar.com\/avatar\/03179346ecce6cdfc13361603e8f54242a90e5cde8618fa23c5c00aa2b0aadf3?s=96&d=mm&r=g","caption":"Reda\u00e7\u00e3o"},"sameAs":["https:\/\/noticiaempauta.com\/portal\/"],"url":"https:\/\/noticiaempauta.com\/portal\/author\/fernando\/"}]}},"_links":{"self":[{"href":"https:\/\/noticiaempauta.com\/portal\/wp-json\/wp\/v2\/posts\/258269","targetHints":{"allow":["GET"]}}],"collection":[{"href":"https:\/\/noticiaempauta.com\/portal\/wp-json\/wp\/v2\/posts"}],"about":[{"href":"https:\/\/noticiaempauta.com\/portal\/wp-json\/wp\/v2\/types\/post"}],"author":[{"embeddable":true,"href":"https:\/\/noticiaempauta.com\/portal\/wp-json\/wp\/v2\/users\/2"}],"replies":[{"embeddable":true,"href":"https:\/\/noticiaempauta.com\/portal\/wp-json\/wp\/v2\/comments?post=258269"}],"version-history":[{"count":2,"href":"https:\/\/noticiaempauta.com\/portal\/wp-json\/wp\/v2\/posts\/258269\/revisions"}],"predecessor-version":[{"id":258273,"href":"https:\/\/noticiaempauta.com\/portal\/wp-json\/wp\/v2\/posts\/258269\/revisions\/258273"}],"wp:featuredmedia":[{"embeddable":true,"href":"https:\/\/noticiaempauta.com\/portal\/wp-json\/wp\/v2\/media\/258271"}],"wp:attachment":[{"href":"https:\/\/noticiaempauta.com\/portal\/wp-json\/wp\/v2\/media?parent=258269"}],"wp:term":[{"taxonomy":"category","embeddable":true,"href":"https:\/\/noticiaempauta.com\/portal\/wp-json\/wp\/v2\/categories?post=258269"},{"taxonomy":"post_tag","embeddable":true,"href":"https:\/\/noticiaempauta.com\/portal\/wp-json\/wp\/v2\/tags?post=258269"}],"curies":[{"name":"wp","href":"https:\/\/api.w.org\/{rel}","templated":true}]}}