{"id":258274,"date":"2024-05-27T11:39:19","date_gmt":"2024-05-27T14:39:19","guid":{"rendered":"https:\/\/noticiaempauta.com\/portal\/?p=258274"},"modified":"2024-05-27T12:17:38","modified_gmt":"2024-05-27T15:17:38","slug":"projeto-despertando-bairros-de-picos-acontece-nesta-quarta-29-no-bairro-paroquial","status":"publish","type":"post","link":"https:\/\/noticiaempauta.com\/portal\/projeto-despertando-bairros-de-picos-acontece-nesta-quarta-29-no-bairro-paroquial\/","title":{"rendered":"Projeto Despertando Bairros de Picos acontece nesta quarta (29) no bairro Paroquial"},"content":{"rendered":"\n<p>Acontece nesta quarta-feira, 29 de maio, mais uma edi\u00e7\u00e3o do projeto Despertando Bairros de Picos, uma iniciativa de fomento a cultura local que tem apoio da SETUR-PI e Associa\u00e7\u00e3o dos Artistas do Vale do Guaribas, al\u00e9m de amigos e empresas patrocinantes. O projeto teve in\u00edcio no dia 12 de maio e segue com apresenta\u00e7\u00f5es culturais nos mais diversos bairros da cidade at\u00e9 07 de julho. <\/p>\n\n\n\n<figure class=\"wp-block-image size-large\"><img fetchpriority=\"high\" decoding=\"async\" width=\"1024\" height=\"642\" src=\"https:\/\/noticiaempauta.com\/portal\/wp-content\/uploads\/2024\/05\/Logo-Despertando-Bairros-de-Picos-1024x642.jpg\" alt=\"\" class=\"wp-image-258276\" srcset=\"https:\/\/noticiaempauta.com\/portal\/wp-content\/uploads\/2024\/05\/Logo-Despertando-Bairros-de-Picos-1024x642.jpg 1024w, https:\/\/noticiaempauta.com\/portal\/wp-content\/uploads\/2024\/05\/Logo-Despertando-Bairros-de-Picos-300x188.jpg 300w, https:\/\/noticiaempauta.com\/portal\/wp-content\/uploads\/2024\/05\/Logo-Despertando-Bairros-de-Picos-768x482.jpg 768w, https:\/\/noticiaempauta.com\/portal\/wp-content\/uploads\/2024\/05\/Logo-Despertando-Bairros-de-Picos.jpg 1280w\" sizes=\"(max-width: 1024px) 100vw, 1024px\" \/><\/figure>\n\n\n\n<p>A primeira edi\u00e7\u00e3o do projeto foi promovida no bairro Aerol\u00e2ndia, e nesta quarta-feira, 29, v\u00e9spera de feriado as 22h o bairro paroquial recebe mais uma edi\u00e7\u00e3o, com apresenta\u00e7\u00f5es culturais diversas e shows com os artistas locais, Aninha Ten\u00f3rio &amp; Bid\u00fa e Nen\u00e9m Pizada. <\/p>\n\n\n\n<figure class=\"wp-block-image size-full\"><img decoding=\"async\" width=\"480\" height=\"720\" src=\"https:\/\/noticiaempauta.com\/portal\/wp-content\/uploads\/2024\/05\/WhatsApp-Image-2024-05-24-at-11.51.47.jpeg\" alt=\"\" class=\"wp-image-258282\" srcset=\"https:\/\/noticiaempauta.com\/portal\/wp-content\/uploads\/2024\/05\/WhatsApp-Image-2024-05-24-at-11.51.47.jpeg 480w, https:\/\/noticiaempauta.com\/portal\/wp-content\/uploads\/2024\/05\/WhatsApp-Image-2024-05-24-at-11.51.47-200x300.jpeg 200w\" sizes=\"(max-width: 480px) 100vw, 480px\" \/><\/figure>\n\n\n\n<p>Evento totalmente gratuito, participe !!!<\/p>\n\n\n\n<p><strong>APOIO<\/strong><\/p>\n\n\n\n<figure class=\"wp-block-image size-full\"><img decoding=\"async\" width=\"730\" height=\"289\" src=\"https:\/\/noticiaempauta.com\/portal\/wp-content\/uploads\/2024\/05\/d32355cd-6b92-4ece-913d-964e0485600e-730x730-1.jpg\" alt=\"\" class=\"wp-image-258283\" srcset=\"https:\/\/noticiaempauta.com\/portal\/wp-content\/uploads\/2024\/05\/d32355cd-6b92-4ece-913d-964e0485600e-730x730-1.jpg 730w, https:\/\/noticiaempauta.com\/portal\/wp-content\/uploads\/2024\/05\/d32355cd-6b92-4ece-913d-964e0485600e-730x730-1-300x119.jpg 300w\" sizes=\"(max-width: 730px) 100vw, 730px\" \/><\/figure>\n\n\n\n<figure class=\"wp-block-image size-large\"><img loading=\"lazy\" decoding=\"async\" width=\"1024\" height=\"528\" src=\"https:\/\/noticiaempauta.com\/portal\/wp-content\/uploads\/2024\/05\/Logo-Nordeste-Biju-sem-fundo-efeito-gold-1-1024x528.png\" alt=\"\" class=\"wp-image-258284\" srcset=\"https:\/\/noticiaempauta.com\/portal\/wp-content\/uploads\/2024\/05\/Logo-Nordeste-Biju-sem-fundo-efeito-gold-1-1024x528.png 1024w, https:\/\/noticiaempauta.com\/portal\/wp-content\/uploads\/2024\/05\/Logo-Nordeste-Biju-sem-fundo-efeito-gold-1-300x155.png 300w, https:\/\/noticiaempauta.com\/portal\/wp-content\/uploads\/2024\/05\/Logo-Nordeste-Biju-sem-fundo-efeito-gold-1-768x396.png 768w, https:\/\/noticiaempauta.com\/portal\/wp-content\/uploads\/2024\/05\/Logo-Nordeste-Biju-sem-fundo-efeito-gold-1-1536x792.png 1536w, https:\/\/noticiaempauta.com\/portal\/wp-content\/uploads\/2024\/05\/Logo-Nordeste-Biju-sem-fundo-efeito-gold-1-2048x1056.png 2048w\" sizes=\"(max-width: 1024px) 100vw, 1024px\" \/><\/figure>\n\n\n\n<figure class=\"wp-block-image size-large\"><img loading=\"lazy\" decoding=\"async\" width=\"1024\" height=\"574\" src=\"https:\/\/noticiaempauta.com\/portal\/wp-content\/uploads\/2024\/05\/WhatsApp-Image-2024-05-27-at-10.21.33-1024x574.jpeg\" alt=\"\" class=\"wp-image-258285\" srcset=\"https:\/\/noticiaempauta.com\/portal\/wp-content\/uploads\/2024\/05\/WhatsApp-Image-2024-05-27-at-10.21.33-1024x574.jpeg 1024w, https:\/\/noticiaempauta.com\/portal\/wp-content\/uploads\/2024\/05\/WhatsApp-Image-2024-05-27-at-10.21.33-300x168.jpeg 300w, https:\/\/noticiaempauta.com\/portal\/wp-content\/uploads\/2024\/05\/WhatsApp-Image-2024-05-27-at-10.21.33-768x430.jpeg 768w, https:\/\/noticiaempauta.com\/portal\/wp-content\/uploads\/2024\/05\/WhatsApp-Image-2024-05-27-at-10.21.33.jpeg 1290w\" sizes=\"(max-width: 1024px) 100vw, 1024px\" \/><\/figure>\n\n\n\n<figure class=\"wp-block-image size-full\"><img loading=\"lazy\" decoding=\"async\" width=\"842\" height=\"369\" src=\"https:\/\/noticiaempauta.com\/portal\/wp-content\/uploads\/2024\/05\/329182088_871001950849797_2514380851270660997_n.png\" alt=\"\" class=\"wp-image-258286\" srcset=\"https:\/\/noticiaempauta.com\/portal\/wp-content\/uploads\/2024\/05\/329182088_871001950849797_2514380851270660997_n.png 842w, https:\/\/noticiaempauta.com\/portal\/wp-content\/uploads\/2024\/05\/329182088_871001950849797_2514380851270660997_n-300x131.png 300w, https:\/\/noticiaempauta.com\/portal\/wp-content\/uploads\/2024\/05\/329182088_871001950849797_2514380851270660997_n-768x337.png 768w\" sizes=\"(max-width: 842px) 100vw, 842px\" \/><\/figure>\n\n\n\n<figure class=\"wp-block-image size-large\"><img loading=\"lazy\" decoding=\"async\" width=\"1024\" height=\"560\" src=\"https:\/\/noticiaempauta.com\/portal\/wp-content\/uploads\/2024\/05\/WhatsApp-Image-2024-05-27-at-10.21.33-1-1024x560.jpeg\" alt=\"\" class=\"wp-image-258287\" srcset=\"https:\/\/noticiaempauta.com\/portal\/wp-content\/uploads\/2024\/05\/WhatsApp-Image-2024-05-27-at-10.21.33-1-1024x560.jpeg 1024w, https:\/\/noticiaempauta.com\/portal\/wp-content\/uploads\/2024\/05\/WhatsApp-Image-2024-05-27-at-10.21.33-1-300x164.jpeg 300w, https:\/\/noticiaempauta.com\/portal\/wp-content\/uploads\/2024\/05\/WhatsApp-Image-2024-05-27-at-10.21.33-1-768x420.jpeg 768w, https:\/\/noticiaempauta.com\/portal\/wp-content\/uploads\/2024\/05\/WhatsApp-Image-2024-05-27-at-10.21.33-1.jpeg 1290w\" sizes=\"(max-width: 1024px) 100vw, 1024px\" \/><\/figure>\n\n\n\n<figure class=\"wp-block-image size-full\"><img loading=\"lazy\" decoding=\"async\" width=\"877\" height=\"480\" src=\"https:\/\/noticiaempauta.com\/portal\/wp-content\/uploads\/2024\/05\/belabuji.png\" alt=\"\" class=\"wp-image-258288\" srcset=\"https:\/\/noticiaempauta.com\/portal\/wp-content\/uploads\/2024\/05\/belabuji.png 877w, https:\/\/noticiaempauta.com\/portal\/wp-content\/uploads\/2024\/05\/belabuji-300x164.png 300w, https:\/\/noticiaempauta.com\/portal\/wp-content\/uploads\/2024\/05\/belabuji-768x420.png 768w\" sizes=\"(max-width: 877px) 100vw, 877px\" \/><\/figure>\n\n\n\n<figure class=\"wp-block-image size-large\"><img loading=\"lazy\" decoding=\"async\" width=\"1024\" height=\"667\" src=\"https:\/\/noticiaempauta.com\/portal\/wp-content\/uploads\/2024\/05\/WhatsApp-Image-2024-05-27-at-10.22.34-1024x667.jpeg\" alt=\"\" class=\"wp-image-258289\" srcset=\"https:\/\/noticiaempauta.com\/portal\/wp-content\/uploads\/2024\/05\/WhatsApp-Image-2024-05-27-at-10.22.34-1024x667.jpeg 1024w, https:\/\/noticiaempauta.com\/portal\/wp-content\/uploads\/2024\/05\/WhatsApp-Image-2024-05-27-at-10.22.34-300x195.jpeg 300w, https:\/\/noticiaempauta.com\/portal\/wp-content\/uploads\/2024\/05\/WhatsApp-Image-2024-05-27-at-10.22.34-768x500.jpeg 768w, https:\/\/noticiaempauta.com\/portal\/wp-content\/uploads\/2024\/05\/WhatsApp-Image-2024-05-27-at-10.22.34.jpeg 1275w\" sizes=\"(max-width: 1024px) 100vw, 1024px\" \/><\/figure>\n","protected":false},"excerpt":{"rendered":"<p>Acontece nesta quarta-feira, 29 de maio, mais uma edi\u00e7\u00e3o do projeto Despertando Bairros de Picos, uma iniciativa de fomento a cultura local que tem apoio da SETUR-PI e Associa\u00e7\u00e3o dos Artistas do Vale do Guaribas, al\u00e9m de amigos e empresas patrocinantes. O projeto teve in\u00edcio no dia 12 de maio e segue com apresenta\u00e7\u00f5es culturais [&hellip;]<\/p>\n","protected":false},"author":2,"featured_media":258276,"comment_status":"open","ping_status":"open","sticky":false,"template":"","format":"standard","meta":{"_mi_skip_tracking":false,"footnotes":""},"categories":[167,25,1,8,16],"tags":[192],"class_list":["post-258274","post","type-post","status-publish","format-standard","has-post-thumbnail","hentry","category-cultura","category-destaques-site","category-geral","category-social","category-todas","tag-destaqueprincipal"],"acf":[],"yoast_head":"<!-- This site is optimized with the Yoast SEO Premium plugin v19.2 (Yoast SEO v26.9) - https:\/\/yoast.com\/product\/yoast-seo-premium-wordpress\/ -->\n<title>Projeto Despertando Bairros de Picos acontece nesta quarta (29) no bairro Paroquial - Portal Not\u00edcia em Pauta<\/title>\n<meta name=\"robots\" content=\"index, follow, max-snippet:-1, max-image-preview:large, max-video-preview:-1\" \/>\n<link rel=\"canonical\" href=\"https:\/\/noticiaempauta.com\/portal\/projeto-despertando-bairros-de-picos-acontece-nesta-quarta-29-no-bairro-paroquial\/\" \/>\n<meta property=\"og:locale\" content=\"pt_BR\" \/>\n<meta property=\"og:type\" content=\"article\" \/>\n<meta property=\"og:title\" content=\"Projeto Despertando Bairros de Picos acontece nesta quarta (29) no bairro Paroquial\" \/>\n<meta property=\"og:description\" content=\"Acontece nesta quarta-feira, 29 de maio, mais uma edi\u00e7\u00e3o do projeto Despertando Bairros de Picos, uma iniciativa de fomento a cultura local que tem apoio da SETUR-PI e Associa\u00e7\u00e3o dos Artistas do Vale do Guaribas, al\u00e9m de amigos e empresas patrocinantes. O projeto teve in\u00edcio no dia 12 de maio e segue com apresenta\u00e7\u00f5es culturais [&hellip;]\" \/>\n<meta property=\"og:url\" content=\"https:\/\/noticiaempauta.com\/portal\/projeto-despertando-bairros-de-picos-acontece-nesta-quarta-29-no-bairro-paroquial\/\" \/>\n<meta property=\"og:site_name\" content=\"Portal Not\u00edcia em Pauta\" \/>\n<meta property=\"article:publisher\" content=\"https:\/\/www.facebook.com\/Portal-Notcia-Em-Pauta-102292869264820\/\" \/>\n<meta property=\"article:published_time\" content=\"2024-05-27T14:39:19+00:00\" \/>\n<meta property=\"article:modified_time\" content=\"2024-05-27T15:17:38+00:00\" \/>\n<meta property=\"og:image\" content=\"https:\/\/noticiaempauta.com\/portal\/wp-content\/uploads\/2024\/05\/Logo-Despertando-Bairros-de-Picos.jpg\" \/>\n\t<meta property=\"og:image:width\" content=\"1280\" \/>\n\t<meta property=\"og:image:height\" content=\"803\" \/>\n\t<meta property=\"og:image:type\" content=\"image\/jpeg\" \/>\n<meta name=\"author\" content=\"Reda\u00e7\u00e3o\" \/>\n<meta name=\"twitter:card\" content=\"summary_large_image\" \/>\n<meta name=\"twitter:label1\" content=\"Escrito por\" \/>\n\t<meta name=\"twitter:data1\" content=\"Reda\u00e7\u00e3o\" \/>\n\t<meta name=\"twitter:label2\" content=\"Est. tempo de leitura\" \/>\n\t<meta name=\"twitter:data2\" content=\"3 minutos\" \/>\n<script type=\"application\/ld+json\" class=\"yoast-schema-graph\">{\"@context\":\"https:\/\/schema.org\",\"@graph\":[{\"@type\":\"Article\",\"@id\":\"https:\/\/noticiaempauta.com\/portal\/projeto-despertando-bairros-de-picos-acontece-nesta-quarta-29-no-bairro-paroquial\/#article\",\"isPartOf\":{\"@id\":\"https:\/\/noticiaempauta.com\/portal\/projeto-despertando-bairros-de-picos-acontece-nesta-quarta-29-no-bairro-paroquial\/\"},\"author\":{\"name\":\"Reda\u00e7\u00e3o\",\"@id\":\"https:\/\/noticiaempauta.com\/portal\/#\/schema\/person\/a74af43dd1ab3deca45f988c717d57ac\"},\"headline\":\"Projeto Despertando Bairros de Picos acontece nesta quarta (29) no bairro Paroquial\",\"datePublished\":\"2024-05-27T14:39:19+00:00\",\"dateModified\":\"2024-05-27T15:17:38+00:00\",\"mainEntityOfPage\":{\"@id\":\"https:\/\/noticiaempauta.com\/portal\/projeto-despertando-bairros-de-picos-acontece-nesta-quarta-29-no-bairro-paroquial\/\"},\"wordCount\":132,\"commentCount\":0,\"publisher\":{\"@id\":\"https:\/\/noticiaempauta.com\/portal\/#organization\"},\"image\":{\"@id\":\"https:\/\/noticiaempauta.com\/portal\/projeto-despertando-bairros-de-picos-acontece-nesta-quarta-29-no-bairro-paroquial\/#primaryimage\"},\"thumbnailUrl\":\"https:\/\/noticiaempauta.com\/portal\/wp-content\/uploads\/2024\/05\/Logo-Despertando-Bairros-de-Picos.jpg\",\"keywords\":[\"destaqueprincipal\"],\"articleSection\":[\"Cultura\",\"Destaques\",\"Geral\",\"Social\",\"Todas as Not\u00edcias\"],\"inLanguage\":\"pt-BR\",\"potentialAction\":[{\"@type\":\"CommentAction\",\"name\":\"Comment\",\"target\":[\"https:\/\/noticiaempauta.com\/portal\/projeto-despertando-bairros-de-picos-acontece-nesta-quarta-29-no-bairro-paroquial\/#respond\"]}]},{\"@type\":\"WebPage\",\"@id\":\"https:\/\/noticiaempauta.com\/portal\/projeto-despertando-bairros-de-picos-acontece-nesta-quarta-29-no-bairro-paroquial\/\",\"url\":\"https:\/\/noticiaempauta.com\/portal\/projeto-despertando-bairros-de-picos-acontece-nesta-quarta-29-no-bairro-paroquial\/\",\"name\":\"Projeto Despertando Bairros de Picos acontece nesta quarta (29) no bairro Paroquial - Portal Not\u00edcia em Pauta\",\"isPartOf\":{\"@id\":\"https:\/\/noticiaempauta.com\/portal\/#website\"},\"primaryImageOfPage\":{\"@id\":\"https:\/\/noticiaempauta.com\/portal\/projeto-despertando-bairros-de-picos-acontece-nesta-quarta-29-no-bairro-paroquial\/#primaryimage\"},\"image\":{\"@id\":\"https:\/\/noticiaempauta.com\/portal\/projeto-despertando-bairros-de-picos-acontece-nesta-quarta-29-no-bairro-paroquial\/#primaryimage\"},\"thumbnailUrl\":\"https:\/\/noticiaempauta.com\/portal\/wp-content\/uploads\/2024\/05\/Logo-Despertando-Bairros-de-Picos.jpg\",\"datePublished\":\"2024-05-27T14:39:19+00:00\",\"dateModified\":\"2024-05-27T15:17:38+00:00\",\"breadcrumb\":{\"@id\":\"https:\/\/noticiaempauta.com\/portal\/projeto-despertando-bairros-de-picos-acontece-nesta-quarta-29-no-bairro-paroquial\/#breadcrumb\"},\"inLanguage\":\"pt-BR\",\"potentialAction\":[{\"@type\":\"ReadAction\",\"target\":[\"https:\/\/noticiaempauta.com\/portal\/projeto-despertando-bairros-de-picos-acontece-nesta-quarta-29-no-bairro-paroquial\/\"]}]},{\"@type\":\"ImageObject\",\"inLanguage\":\"pt-BR\",\"@id\":\"https:\/\/noticiaempauta.com\/portal\/projeto-despertando-bairros-de-picos-acontece-nesta-quarta-29-no-bairro-paroquial\/#primaryimage\",\"url\":\"https:\/\/noticiaempauta.com\/portal\/wp-content\/uploads\/2024\/05\/Logo-Despertando-Bairros-de-Picos.jpg\",\"contentUrl\":\"https:\/\/noticiaempauta.com\/portal\/wp-content\/uploads\/2024\/05\/Logo-Despertando-Bairros-de-Picos.jpg\",\"width\":1280,\"height\":803},{\"@type\":\"BreadcrumbList\",\"@id\":\"https:\/\/noticiaempauta.com\/portal\/projeto-despertando-bairros-de-picos-acontece-nesta-quarta-29-no-bairro-paroquial\/#breadcrumb\",\"itemListElement\":[{\"@type\":\"ListItem\",\"position\":1,\"name\":\"P\u00e1gina Inicial\",\"item\":\"https:\/\/noticiaempauta.com\/portal\/\"},{\"@type\":\"ListItem\",\"position\":2,\"name\":\"Geral\",\"item\":\"https:\/\/noticiaempauta.com\/portal\/geral\/\"},{\"@type\":\"ListItem\",\"position\":3,\"name\":\"Projeto Despertando Bairros de Picos acontece nesta quarta (29) no bairro Paroquial\"}]},{\"@type\":\"WebSite\",\"@id\":\"https:\/\/noticiaempauta.com\/portal\/#website\",\"url\":\"https:\/\/noticiaempauta.com\/portal\/\",\"name\":\"Portal Not\u00edcia em Pauta\",\"description\":\"Voc\u00ea bem informado\",\"publisher\":{\"@id\":\"https:\/\/noticiaempauta.com\/portal\/#organization\"},\"potentialAction\":[{\"@type\":\"SearchAction\",\"target\":{\"@type\":\"EntryPoint\",\"urlTemplate\":\"https:\/\/noticiaempauta.com\/portal\/?s={search_term_string}\"},\"query-input\":{\"@type\":\"PropertyValueSpecification\",\"valueRequired\":true,\"valueName\":\"search_term_string\"}}],\"inLanguage\":\"pt-BR\"},{\"@type\":\"Organization\",\"@id\":\"https:\/\/noticiaempauta.com\/portal\/#organization\",\"name\":\"Portal Not\u00edcia em Pauta\",\"url\":\"https:\/\/noticiaempauta.com\/portal\/\",\"logo\":{\"@type\":\"ImageObject\",\"inLanguage\":\"pt-BR\",\"@id\":\"https:\/\/noticiaempauta.com\/portal\/#\/schema\/logo\/image\/\",\"url\":\"https:\/\/noticiaempauta.com\/portal\/wp-content\/uploads\/2022\/08\/logomarca_tema.fw_.png\",\"contentUrl\":\"https:\/\/noticiaempauta.com\/portal\/wp-content\/uploads\/2022\/08\/logomarca_tema.fw_.png\",\"width\":400,\"height\":232,\"caption\":\"Portal Not\u00edcia em Pauta\"},\"image\":{\"@id\":\"https:\/\/noticiaempauta.com\/portal\/#\/schema\/logo\/image\/\"},\"sameAs\":[\"https:\/\/www.facebook.com\/Portal-Notcia-Em-Pauta-102292869264820\/\",\"https:\/\/www.instagram.com\/portalnoticiaempauta\/\"]},{\"@type\":\"Person\",\"@id\":\"https:\/\/noticiaempauta.com\/portal\/#\/schema\/person\/a74af43dd1ab3deca45f988c717d57ac\",\"name\":\"Reda\u00e7\u00e3o\",\"image\":{\"@type\":\"ImageObject\",\"inLanguage\":\"pt-BR\",\"@id\":\"https:\/\/noticiaempauta.com\/portal\/#\/schema\/person\/image\/\",\"url\":\"https:\/\/secure.gravatar.com\/avatar\/03179346ecce6cdfc13361603e8f54242a90e5cde8618fa23c5c00aa2b0aadf3?s=96&d=mm&r=g\",\"contentUrl\":\"https:\/\/secure.gravatar.com\/avatar\/03179346ecce6cdfc13361603e8f54242a90e5cde8618fa23c5c00aa2b0aadf3?s=96&d=mm&r=g\",\"caption\":\"Reda\u00e7\u00e3o\"},\"sameAs\":[\"https:\/\/noticiaempauta.com\/portal\/\"],\"url\":\"https:\/\/noticiaempauta.com\/portal\/author\/fernando\/\"}]}<\/script>\n<!-- \/ Yoast SEO Premium plugin. -->","yoast_head_json":{"title":"Projeto Despertando Bairros de Picos acontece nesta quarta (29) no bairro Paroquial - Portal Not\u00edcia em Pauta","robots":{"index":"index","follow":"follow","max-snippet":"max-snippet:-1","max-image-preview":"max-image-preview:large","max-video-preview":"max-video-preview:-1"},"canonical":"https:\/\/noticiaempauta.com\/portal\/projeto-despertando-bairros-de-picos-acontece-nesta-quarta-29-no-bairro-paroquial\/","og_locale":"pt_BR","og_type":"article","og_title":"Projeto Despertando Bairros de Picos acontece nesta quarta (29) no bairro Paroquial","og_description":"Acontece nesta quarta-feira, 29 de maio, mais uma edi\u00e7\u00e3o do projeto Despertando Bairros de Picos, uma iniciativa de fomento a cultura local que tem apoio da SETUR-PI e Associa\u00e7\u00e3o dos Artistas do Vale do Guaribas, al\u00e9m de amigos e empresas patrocinantes. O projeto teve in\u00edcio no dia 12 de maio e segue com apresenta\u00e7\u00f5es culturais [&hellip;]","og_url":"https:\/\/noticiaempauta.com\/portal\/projeto-despertando-bairros-de-picos-acontece-nesta-quarta-29-no-bairro-paroquial\/","og_site_name":"Portal Not\u00edcia em Pauta","article_publisher":"https:\/\/www.facebook.com\/Portal-Notcia-Em-Pauta-102292869264820\/","article_published_time":"2024-05-27T14:39:19+00:00","article_modified_time":"2024-05-27T15:17:38+00:00","og_image":[{"width":1280,"height":803,"url":"https:\/\/noticiaempauta.com\/portal\/wp-content\/uploads\/2024\/05\/Logo-Despertando-Bairros-de-Picos.jpg","type":"image\/jpeg"}],"author":"Reda\u00e7\u00e3o","twitter_card":"summary_large_image","twitter_misc":{"Escrito por":"Reda\u00e7\u00e3o","Est. tempo de leitura":"3 minutos"},"schema":{"@context":"https:\/\/schema.org","@graph":[{"@type":"Article","@id":"https:\/\/noticiaempauta.com\/portal\/projeto-despertando-bairros-de-picos-acontece-nesta-quarta-29-no-bairro-paroquial\/#article","isPartOf":{"@id":"https:\/\/noticiaempauta.com\/portal\/projeto-despertando-bairros-de-picos-acontece-nesta-quarta-29-no-bairro-paroquial\/"},"author":{"name":"Reda\u00e7\u00e3o","@id":"https:\/\/noticiaempauta.com\/portal\/#\/schema\/person\/a74af43dd1ab3deca45f988c717d57ac"},"headline":"Projeto Despertando Bairros de Picos acontece nesta quarta (29) no bairro Paroquial","datePublished":"2024-05-27T14:39:19+00:00","dateModified":"2024-05-27T15:17:38+00:00","mainEntityOfPage":{"@id":"https:\/\/noticiaempauta.com\/portal\/projeto-despertando-bairros-de-picos-acontece-nesta-quarta-29-no-bairro-paroquial\/"},"wordCount":132,"commentCount":0,"publisher":{"@id":"https:\/\/noticiaempauta.com\/portal\/#organization"},"image":{"@id":"https:\/\/noticiaempauta.com\/portal\/projeto-despertando-bairros-de-picos-acontece-nesta-quarta-29-no-bairro-paroquial\/#primaryimage"},"thumbnailUrl":"https:\/\/noticiaempauta.com\/portal\/wp-content\/uploads\/2024\/05\/Logo-Despertando-Bairros-de-Picos.jpg","keywords":["destaqueprincipal"],"articleSection":["Cultura","Destaques","Geral","Social","Todas as Not\u00edcias"],"inLanguage":"pt-BR","potentialAction":[{"@type":"CommentAction","name":"Comment","target":["https:\/\/noticiaempauta.com\/portal\/projeto-despertando-bairros-de-picos-acontece-nesta-quarta-29-no-bairro-paroquial\/#respond"]}]},{"@type":"WebPage","@id":"https:\/\/noticiaempauta.com\/portal\/projeto-despertando-bairros-de-picos-acontece-nesta-quarta-29-no-bairro-paroquial\/","url":"https:\/\/noticiaempauta.com\/portal\/projeto-despertando-bairros-de-picos-acontece-nesta-quarta-29-no-bairro-paroquial\/","name":"Projeto Despertando Bairros de Picos acontece nesta quarta (29) no bairro Paroquial - Portal Not\u00edcia em Pauta","isPartOf":{"@id":"https:\/\/noticiaempauta.com\/portal\/#website"},"primaryImageOfPage":{"@id":"https:\/\/noticiaempauta.com\/portal\/projeto-despertando-bairros-de-picos-acontece-nesta-quarta-29-no-bairro-paroquial\/#primaryimage"},"image":{"@id":"https:\/\/noticiaempauta.com\/portal\/projeto-despertando-bairros-de-picos-acontece-nesta-quarta-29-no-bairro-paroquial\/#primaryimage"},"thumbnailUrl":"https:\/\/noticiaempauta.com\/portal\/wp-content\/uploads\/2024\/05\/Logo-Despertando-Bairros-de-Picos.jpg","datePublished":"2024-05-27T14:39:19+00:00","dateModified":"2024-05-27T15:17:38+00:00","breadcrumb":{"@id":"https:\/\/noticiaempauta.com\/portal\/projeto-despertando-bairros-de-picos-acontece-nesta-quarta-29-no-bairro-paroquial\/#breadcrumb"},"inLanguage":"pt-BR","potentialAction":[{"@type":"ReadAction","target":["https:\/\/noticiaempauta.com\/portal\/projeto-despertando-bairros-de-picos-acontece-nesta-quarta-29-no-bairro-paroquial\/"]}]},{"@type":"ImageObject","inLanguage":"pt-BR","@id":"https:\/\/noticiaempauta.com\/portal\/projeto-despertando-bairros-de-picos-acontece-nesta-quarta-29-no-bairro-paroquial\/#primaryimage","url":"https:\/\/noticiaempauta.com\/portal\/wp-content\/uploads\/2024\/05\/Logo-Despertando-Bairros-de-Picos.jpg","contentUrl":"https:\/\/noticiaempauta.com\/portal\/wp-content\/uploads\/2024\/05\/Logo-Despertando-Bairros-de-Picos.jpg","width":1280,"height":803},{"@type":"BreadcrumbList","@id":"https:\/\/noticiaempauta.com\/portal\/projeto-despertando-bairros-de-picos-acontece-nesta-quarta-29-no-bairro-paroquial\/#breadcrumb","itemListElement":[{"@type":"ListItem","position":1,"name":"P\u00e1gina Inicial","item":"https:\/\/noticiaempauta.com\/portal\/"},{"@type":"ListItem","position":2,"name":"Geral","item":"https:\/\/noticiaempauta.com\/portal\/geral\/"},{"@type":"ListItem","position":3,"name":"Projeto Despertando Bairros de Picos acontece nesta quarta (29) no bairro Paroquial"}]},{"@type":"WebSite","@id":"https:\/\/noticiaempauta.com\/portal\/#website","url":"https:\/\/noticiaempauta.com\/portal\/","name":"Portal Not\u00edcia em Pauta","description":"Voc\u00ea bem informado","publisher":{"@id":"https:\/\/noticiaempauta.com\/portal\/#organization"},"potentialAction":[{"@type":"SearchAction","target":{"@type":"EntryPoint","urlTemplate":"https:\/\/noticiaempauta.com\/portal\/?s={search_term_string}"},"query-input":{"@type":"PropertyValueSpecification","valueRequired":true,"valueName":"search_term_string"}}],"inLanguage":"pt-BR"},{"@type":"Organization","@id":"https:\/\/noticiaempauta.com\/portal\/#organization","name":"Portal Not\u00edcia em Pauta","url":"https:\/\/noticiaempauta.com\/portal\/","logo":{"@type":"ImageObject","inLanguage":"pt-BR","@id":"https:\/\/noticiaempauta.com\/portal\/#\/schema\/logo\/image\/","url":"https:\/\/noticiaempauta.com\/portal\/wp-content\/uploads\/2022\/08\/logomarca_tema.fw_.png","contentUrl":"https:\/\/noticiaempauta.com\/portal\/wp-content\/uploads\/2022\/08\/logomarca_tema.fw_.png","width":400,"height":232,"caption":"Portal Not\u00edcia em Pauta"},"image":{"@id":"https:\/\/noticiaempauta.com\/portal\/#\/schema\/logo\/image\/"},"sameAs":["https:\/\/www.facebook.com\/Portal-Notcia-Em-Pauta-102292869264820\/","https:\/\/www.instagram.com\/portalnoticiaempauta\/"]},{"@type":"Person","@id":"https:\/\/noticiaempauta.com\/portal\/#\/schema\/person\/a74af43dd1ab3deca45f988c717d57ac","name":"Reda\u00e7\u00e3o","image":{"@type":"ImageObject","inLanguage":"pt-BR","@id":"https:\/\/noticiaempauta.com\/portal\/#\/schema\/person\/image\/","url":"https:\/\/secure.gravatar.com\/avatar\/03179346ecce6cdfc13361603e8f54242a90e5cde8618fa23c5c00aa2b0aadf3?s=96&d=mm&r=g","contentUrl":"https:\/\/secure.gravatar.com\/avatar\/03179346ecce6cdfc13361603e8f54242a90e5cde8618fa23c5c00aa2b0aadf3?s=96&d=mm&r=g","caption":"Reda\u00e7\u00e3o"},"sameAs":["https:\/\/noticiaempauta.com\/portal\/"],"url":"https:\/\/noticiaempauta.com\/portal\/author\/fernando\/"}]}},"_links":{"self":[{"href":"https:\/\/noticiaempauta.com\/portal\/wp-json\/wp\/v2\/posts\/258274","targetHints":{"allow":["GET"]}}],"collection":[{"href":"https:\/\/noticiaempauta.com\/portal\/wp-json\/wp\/v2\/posts"}],"about":[{"href":"https:\/\/noticiaempauta.com\/portal\/wp-json\/wp\/v2\/types\/post"}],"author":[{"embeddable":true,"href":"https:\/\/noticiaempauta.com\/portal\/wp-json\/wp\/v2\/users\/2"}],"replies":[{"embeddable":true,"href":"https:\/\/noticiaempauta.com\/portal\/wp-json\/wp\/v2\/comments?post=258274"}],"version-history":[{"count":2,"href":"https:\/\/noticiaempauta.com\/portal\/wp-json\/wp\/v2\/posts\/258274\/revisions"}],"predecessor-version":[{"id":258291,"href":"https:\/\/noticiaempauta.com\/portal\/wp-json\/wp\/v2\/posts\/258274\/revisions\/258291"}],"wp:featuredmedia":[{"embeddable":true,"href":"https:\/\/noticiaempauta.com\/portal\/wp-json\/wp\/v2\/media\/258276"}],"wp:attachment":[{"href":"https:\/\/noticiaempauta.com\/portal\/wp-json\/wp\/v2\/media?parent=258274"}],"wp:term":[{"taxonomy":"category","embeddable":true,"href":"https:\/\/noticiaempauta.com\/portal\/wp-json\/wp\/v2\/categories?post=258274"},{"taxonomy":"post_tag","embeddable":true,"href":"https:\/\/noticiaempauta.com\/portal\/wp-json\/wp\/v2\/tags?post=258274"}],"curies":[{"name":"wp","href":"https:\/\/api.w.org\/{rel}","templated":true}]}}