{"id":258384,"date":"2024-05-31T08:54:56","date_gmt":"2024-05-31T11:54:56","guid":{"rendered":"https:\/\/noticiaempauta.com\/portal\/?p=258384"},"modified":"2024-05-31T08:54:58","modified_gmt":"2024-05-31T11:54:58","slug":"piaui-comecara-a-viver-periodo-de-estiagem-e-temperatura-pode-chegar-a-39c-antes-de-agosto","status":"publish","type":"post","link":"https:\/\/noticiaempauta.com\/portal\/piaui-comecara-a-viver-periodo-de-estiagem-e-temperatura-pode-chegar-a-39c-antes-de-agosto\/","title":{"rendered":"Piau\u00ed come\u00e7ar\u00e1 a viver per\u00edodo de estiagem e temperatura pode chegar a 39\u00b0C antes de agosto"},"content":{"rendered":"\n<p>O Piau\u00ed deve apresentar\u00a0<strong>caracter\u00edsticas de estiagem a partir do final de junho<\/strong>\u00a0deste ano, principalmente na regi\u00e3o do semi\u00e1rido, na mesorregi\u00e3o Sudeste, onde ficam cidades como Floriano e Canto do Buriti, e tamb\u00e9m na mesorregi\u00e3o Sudeste, onde ficam Picos, Pio IX e outros munic\u00edpios. A informa\u00e7\u00e3o foi confirmada por Sara Cardoso, climatologista e coordenadora da Sala de Monitoramento e Previs\u00e3o de Eventos Clim\u00e1ticos Extremos da Secretaria de Meio Ambiente e Recursos H\u00eddricos do Estado do Piau\u00ed \u2013 SEMARH.\u00a0<\/p>\n\n\n\n<figure class=\"wp-block-image size-full\"><img fetchpriority=\"high\" decoding=\"async\" width=\"790\" height=\"550\" src=\"https:\/\/noticiaempauta.com\/portal\/wp-content\/uploads\/2024\/05\/897000cf6951d22dc483a0ae1de51f92.jpg\" alt=\"\" class=\"wp-image-258386\" srcset=\"https:\/\/noticiaempauta.com\/portal\/wp-content\/uploads\/2024\/05\/897000cf6951d22dc483a0ae1de51f92.jpg 790w, https:\/\/noticiaempauta.com\/portal\/wp-content\/uploads\/2024\/05\/897000cf6951d22dc483a0ae1de51f92-300x209.jpg 300w, https:\/\/noticiaempauta.com\/portal\/wp-content\/uploads\/2024\/05\/897000cf6951d22dc483a0ae1de51f92-768x535.jpg 768w\" sizes=\"(max-width: 790px) 100vw, 790px\" \/><\/figure>\n\n\n\n<p>De acordo com Sara Cardoso, a regi\u00e3o j\u00e1 come\u00e7a a sentir os efeitos do fim do per\u00edodo chuvoso, aumento de temperatura e baixa umidade. Podendo ter\u00a0<strong>registro de 39\u00b0C ainda em agosto.\u00a0<\/strong><\/p>\n\n\n\n<blockquote class=\"wp-block-quote is-layout-flow wp-block-quote-is-layout-flow\">\n<p>\u201cFinal de junho, julho e agosto, j\u00e1 est\u00e1 dentro das configura\u00e7\u00f5es de estiagem. Principalmente pra aqueles munic\u00edpios do semi\u00e1rido piauiense, regi\u00e3o que est\u00e1 sofrendo com isso. Observamos alguns chuviscos isolados recentemente por conta da entrada de alguma umidade mas com o passar dos meses, dos dias, isso vai ficar mais dif\u00edcil\u201d descreve a climatologista.&nbsp;<\/p>\n<\/blockquote>\n\n\n\n<p>Segundo levantamento, devido as mudan\u00e7as clim\u00e1ticas, em maio foi observado que as temperaturas est\u00e3o pelo menos um grau acima da m\u00e9dia climatol\u00f3gica hist\u00f3rica. E esse movimento pode se repercutir nas pr\u00f3ximas esta\u00e7\u00f5es.&nbsp;<\/p>\n\n\n\n<p>\u201cO fen\u00f4meno La Ni\u00f1a pode come\u00e7ar a se estabelecer a partir do segundo semestre, mas n\u00e3o vai chover imediatamente. Mas precisamos esperar mais para ver qual ser\u00e1 o impacto, porque estamos sofrendo com as mudan\u00e7as clim\u00e1ticas e elas est\u00e3o interferindo em todos os sistemas atuantes conhecidos\u201d esclarece Sara.<\/p>\n\n\n\n<p><strong>O que podemos esperar?&nbsp;<\/strong><\/p>\n\n\n\n<p>Para final de junho, julho e agosto, \u00e9 poss\u00edvel que sejam registradas chuvas no extremo Norte piauiense, o que compreende a faixa litor\u00e2nea. Al\u00e9m disso, no&nbsp;<strong>per\u00edodo do inverno, que come\u00e7a dia 21 de junho<\/strong>, poder\u00e3o ser observadas baix\u00edssimas temperaturas durante a madrugada, entre 3h e 6h da manh\u00e3,&nbsp;<strong>podendo chegar a 12\u00b0C em munic\u00edpios do Sudoeste piauiense.<\/strong><\/p>\n\n\n\n<p>No geral, iniciar\u00e1 o per\u00edodo de baixa umidade com temperaturas acima da m\u00e9dia, tendo inclusive a possibilidade de registro de&nbsp;<strong>39\u00b0C mesmo antes do m\u00eas de agosto no Piau\u00ed.<\/strong><\/p>\n\n\n\n<blockquote class=\"wp-block-quote is-layout-flow wp-block-quote-is-layout-flow\">\n<p>\u201cMunic\u00edpios que bateram recordes no ano passado como Alvorada do Gugueia, S\u00e3o Jo\u00e3o do Piau\u00ed e Floriano poder\u00e3o atingir altas temperaturas tamb\u00e9m nesse ano. Inclusive temos essa perspectiva de altas temperaturas e possibilidade de bater novos recordes\u201d refor\u00e7a a climatologista.&nbsp;<\/p>\n<\/blockquote>\n\n\n\n<p><em>Fonte: Cidade Verde<\/em><\/p>\n","protected":false},"excerpt":{"rendered":"<p>O Piau\u00ed deve apresentar\u00a0caracter\u00edsticas de estiagem a partir do final de junho\u00a0deste ano, principalmente na regi\u00e3o do semi\u00e1rido, na mesorregi\u00e3o Sudeste, onde ficam cidades como Floriano e Canto do Buriti, e tamb\u00e9m na mesorregi\u00e3o Sudeste, onde ficam Picos, Pio IX e outros munic\u00edpios. A informa\u00e7\u00e3o foi confirmada por Sara Cardoso, climatologista e coordenadora da Sala [&hellip;]<\/p>\n","protected":false},"author":2,"featured_media":248324,"comment_status":"open","ping_status":"open","sticky":false,"template":"","format":"standard","meta":{"_mi_skip_tracking":false,"footnotes":""},"categories":[25,1,9,16],"tags":[192],"class_list":["post-258384","post","type-post","status-publish","format-standard","has-post-thumbnail","hentry","category-destaques-site","category-geral","category-municipios","category-todas","tag-destaqueprincipal"],"acf":[],"yoast_head":"<!-- This site is optimized with the Yoast SEO Premium plugin v19.2 (Yoast SEO v26.9) - https:\/\/yoast.com\/product\/yoast-seo-premium-wordpress\/ -->\n<title>Piau\u00ed come\u00e7ar\u00e1 a viver per\u00edodo de estiagem e temperatura pode chegar a 39\u00b0C antes de agosto - Portal Not\u00edcia em Pauta<\/title>\n<meta name=\"robots\" content=\"index, follow, max-snippet:-1, max-image-preview:large, max-video-preview:-1\" \/>\n<link rel=\"canonical\" href=\"https:\/\/noticiaempauta.com\/portal\/piaui-comecara-a-viver-periodo-de-estiagem-e-temperatura-pode-chegar-a-39c-antes-de-agosto\/\" \/>\n<meta property=\"og:locale\" content=\"pt_BR\" \/>\n<meta property=\"og:type\" content=\"article\" \/>\n<meta property=\"og:title\" content=\"Piau\u00ed come\u00e7ar\u00e1 a viver per\u00edodo de estiagem e temperatura pode chegar a 39\u00b0C antes de agosto\" \/>\n<meta property=\"og:description\" content=\"O Piau\u00ed deve apresentar\u00a0caracter\u00edsticas de estiagem a partir do final de junho\u00a0deste ano, principalmente na regi\u00e3o do semi\u00e1rido, na mesorregi\u00e3o Sudeste, onde ficam cidades como Floriano e Canto do Buriti, e tamb\u00e9m na mesorregi\u00e3o Sudeste, onde ficam Picos, Pio IX e outros munic\u00edpios. A informa\u00e7\u00e3o foi confirmada por Sara Cardoso, climatologista e coordenadora da Sala [&hellip;]\" \/>\n<meta property=\"og:url\" content=\"https:\/\/noticiaempauta.com\/portal\/piaui-comecara-a-viver-periodo-de-estiagem-e-temperatura-pode-chegar-a-39c-antes-de-agosto\/\" \/>\n<meta property=\"og:site_name\" content=\"Portal Not\u00edcia em Pauta\" \/>\n<meta property=\"article:publisher\" content=\"https:\/\/www.facebook.com\/Portal-Notcia-Em-Pauta-102292869264820\/\" \/>\n<meta property=\"article:published_time\" content=\"2024-05-31T11:54:56+00:00\" \/>\n<meta property=\"article:modified_time\" content=\"2024-05-31T11:54:58+00:00\" \/>\n<meta property=\"og:image\" content=\"https:\/\/noticiaempauta.com\/portal\/wp-content\/uploads\/2023\/08\/sol_tempo_clima.jpg\" \/>\n\t<meta property=\"og:image:width\" content=\"790\" \/>\n\t<meta property=\"og:image:height\" content=\"526\" \/>\n\t<meta property=\"og:image:type\" content=\"image\/jpeg\" \/>\n<meta name=\"author\" content=\"Reda\u00e7\u00e3o\" \/>\n<meta name=\"twitter:card\" content=\"summary_large_image\" \/>\n<meta name=\"twitter:label1\" content=\"Escrito por\" \/>\n\t<meta name=\"twitter:data1\" content=\"Reda\u00e7\u00e3o\" \/>\n\t<meta name=\"twitter:label2\" content=\"Est. tempo de leitura\" \/>\n\t<meta name=\"twitter:data2\" content=\"2 minutos\" \/>\n<script type=\"application\/ld+json\" class=\"yoast-schema-graph\">{\"@context\":\"https:\/\/schema.org\",\"@graph\":[{\"@type\":\"Article\",\"@id\":\"https:\/\/noticiaempauta.com\/portal\/piaui-comecara-a-viver-periodo-de-estiagem-e-temperatura-pode-chegar-a-39c-antes-de-agosto\/#article\",\"isPartOf\":{\"@id\":\"https:\/\/noticiaempauta.com\/portal\/piaui-comecara-a-viver-periodo-de-estiagem-e-temperatura-pode-chegar-a-39c-antes-de-agosto\/\"},\"author\":{\"name\":\"Reda\u00e7\u00e3o\",\"@id\":\"https:\/\/noticiaempauta.com\/portal\/#\/schema\/person\/a74af43dd1ab3deca45f988c717d57ac\"},\"headline\":\"Piau\u00ed come\u00e7ar\u00e1 a viver per\u00edodo de estiagem e temperatura pode chegar a 39\u00b0C antes de agosto\",\"datePublished\":\"2024-05-31T11:54:56+00:00\",\"dateModified\":\"2024-05-31T11:54:58+00:00\",\"mainEntityOfPage\":{\"@id\":\"https:\/\/noticiaempauta.com\/portal\/piaui-comecara-a-viver-periodo-de-estiagem-e-temperatura-pode-chegar-a-39c-antes-de-agosto\/\"},\"wordCount\":452,\"commentCount\":0,\"publisher\":{\"@id\":\"https:\/\/noticiaempauta.com\/portal\/#organization\"},\"image\":{\"@id\":\"https:\/\/noticiaempauta.com\/portal\/piaui-comecara-a-viver-periodo-de-estiagem-e-temperatura-pode-chegar-a-39c-antes-de-agosto\/#primaryimage\"},\"thumbnailUrl\":\"https:\/\/noticiaempauta.com\/portal\/wp-content\/uploads\/2023\/08\/sol_tempo_clima.jpg\",\"keywords\":[\"destaqueprincipal\"],\"articleSection\":[\"Destaques\",\"Geral\",\"Munic\u00edpios\",\"Todas as Not\u00edcias\"],\"inLanguage\":\"pt-BR\",\"potentialAction\":[{\"@type\":\"CommentAction\",\"name\":\"Comment\",\"target\":[\"https:\/\/noticiaempauta.com\/portal\/piaui-comecara-a-viver-periodo-de-estiagem-e-temperatura-pode-chegar-a-39c-antes-de-agosto\/#respond\"]}]},{\"@type\":\"WebPage\",\"@id\":\"https:\/\/noticiaempauta.com\/portal\/piaui-comecara-a-viver-periodo-de-estiagem-e-temperatura-pode-chegar-a-39c-antes-de-agosto\/\",\"url\":\"https:\/\/noticiaempauta.com\/portal\/piaui-comecara-a-viver-periodo-de-estiagem-e-temperatura-pode-chegar-a-39c-antes-de-agosto\/\",\"name\":\"Piau\u00ed come\u00e7ar\u00e1 a viver per\u00edodo de estiagem e temperatura pode chegar a 39\u00b0C antes de agosto - Portal Not\u00edcia em Pauta\",\"isPartOf\":{\"@id\":\"https:\/\/noticiaempauta.com\/portal\/#website\"},\"primaryImageOfPage\":{\"@id\":\"https:\/\/noticiaempauta.com\/portal\/piaui-comecara-a-viver-periodo-de-estiagem-e-temperatura-pode-chegar-a-39c-antes-de-agosto\/#primaryimage\"},\"image\":{\"@id\":\"https:\/\/noticiaempauta.com\/portal\/piaui-comecara-a-viver-periodo-de-estiagem-e-temperatura-pode-chegar-a-39c-antes-de-agosto\/#primaryimage\"},\"thumbnailUrl\":\"https:\/\/noticiaempauta.com\/portal\/wp-content\/uploads\/2023\/08\/sol_tempo_clima.jpg\",\"datePublished\":\"2024-05-31T11:54:56+00:00\",\"dateModified\":\"2024-05-31T11:54:58+00:00\",\"breadcrumb\":{\"@id\":\"https:\/\/noticiaempauta.com\/portal\/piaui-comecara-a-viver-periodo-de-estiagem-e-temperatura-pode-chegar-a-39c-antes-de-agosto\/#breadcrumb\"},\"inLanguage\":\"pt-BR\",\"potentialAction\":[{\"@type\":\"ReadAction\",\"target\":[\"https:\/\/noticiaempauta.com\/portal\/piaui-comecara-a-viver-periodo-de-estiagem-e-temperatura-pode-chegar-a-39c-antes-de-agosto\/\"]}]},{\"@type\":\"ImageObject\",\"inLanguage\":\"pt-BR\",\"@id\":\"https:\/\/noticiaempauta.com\/portal\/piaui-comecara-a-viver-periodo-de-estiagem-e-temperatura-pode-chegar-a-39c-antes-de-agosto\/#primaryimage\",\"url\":\"https:\/\/noticiaempauta.com\/portal\/wp-content\/uploads\/2023\/08\/sol_tempo_clima.jpg\",\"contentUrl\":\"https:\/\/noticiaempauta.com\/portal\/wp-content\/uploads\/2023\/08\/sol_tempo_clima.jpg\",\"width\":790,\"height\":526},{\"@type\":\"BreadcrumbList\",\"@id\":\"https:\/\/noticiaempauta.com\/portal\/piaui-comecara-a-viver-periodo-de-estiagem-e-temperatura-pode-chegar-a-39c-antes-de-agosto\/#breadcrumb\",\"itemListElement\":[{\"@type\":\"ListItem\",\"position\":1,\"name\":\"P\u00e1gina Inicial\",\"item\":\"https:\/\/noticiaempauta.com\/portal\/\"},{\"@type\":\"ListItem\",\"position\":2,\"name\":\"Destaques\",\"item\":\"https:\/\/noticiaempauta.com\/portal\/destaques-site\/\"},{\"@type\":\"ListItem\",\"position\":3,\"name\":\"Piau\u00ed come\u00e7ar\u00e1 a viver per\u00edodo de estiagem e temperatura pode chegar a 39\u00b0C antes de agosto\"}]},{\"@type\":\"WebSite\",\"@id\":\"https:\/\/noticiaempauta.com\/portal\/#website\",\"url\":\"https:\/\/noticiaempauta.com\/portal\/\",\"name\":\"Portal Not\u00edcia em Pauta\",\"description\":\"Voc\u00ea bem informado\",\"publisher\":{\"@id\":\"https:\/\/noticiaempauta.com\/portal\/#organization\"},\"potentialAction\":[{\"@type\":\"SearchAction\",\"target\":{\"@type\":\"EntryPoint\",\"urlTemplate\":\"https:\/\/noticiaempauta.com\/portal\/?s={search_term_string}\"},\"query-input\":{\"@type\":\"PropertyValueSpecification\",\"valueRequired\":true,\"valueName\":\"search_term_string\"}}],\"inLanguage\":\"pt-BR\"},{\"@type\":\"Organization\",\"@id\":\"https:\/\/noticiaempauta.com\/portal\/#organization\",\"name\":\"Portal Not\u00edcia em Pauta\",\"url\":\"https:\/\/noticiaempauta.com\/portal\/\",\"logo\":{\"@type\":\"ImageObject\",\"inLanguage\":\"pt-BR\",\"@id\":\"https:\/\/noticiaempauta.com\/portal\/#\/schema\/logo\/image\/\",\"url\":\"https:\/\/noticiaempauta.com\/portal\/wp-content\/uploads\/2022\/08\/logomarca_tema.fw_.png\",\"contentUrl\":\"https:\/\/noticiaempauta.com\/portal\/wp-content\/uploads\/2022\/08\/logomarca_tema.fw_.png\",\"width\":400,\"height\":232,\"caption\":\"Portal Not\u00edcia em Pauta\"},\"image\":{\"@id\":\"https:\/\/noticiaempauta.com\/portal\/#\/schema\/logo\/image\/\"},\"sameAs\":[\"https:\/\/www.facebook.com\/Portal-Notcia-Em-Pauta-102292869264820\/\",\"https:\/\/www.instagram.com\/portalnoticiaempauta\/\"]},{\"@type\":\"Person\",\"@id\":\"https:\/\/noticiaempauta.com\/portal\/#\/schema\/person\/a74af43dd1ab3deca45f988c717d57ac\",\"name\":\"Reda\u00e7\u00e3o\",\"image\":{\"@type\":\"ImageObject\",\"inLanguage\":\"pt-BR\",\"@id\":\"https:\/\/noticiaempauta.com\/portal\/#\/schema\/person\/image\/\",\"url\":\"https:\/\/secure.gravatar.com\/avatar\/03179346ecce6cdfc13361603e8f54242a90e5cde8618fa23c5c00aa2b0aadf3?s=96&d=mm&r=g\",\"contentUrl\":\"https:\/\/secure.gravatar.com\/avatar\/03179346ecce6cdfc13361603e8f54242a90e5cde8618fa23c5c00aa2b0aadf3?s=96&d=mm&r=g\",\"caption\":\"Reda\u00e7\u00e3o\"},\"sameAs\":[\"https:\/\/noticiaempauta.com\/portal\/\"],\"url\":\"https:\/\/noticiaempauta.com\/portal\/author\/fernando\/\"}]}<\/script>\n<!-- \/ Yoast SEO Premium plugin. -->","yoast_head_json":{"title":"Piau\u00ed come\u00e7ar\u00e1 a viver per\u00edodo de estiagem e temperatura pode chegar a 39\u00b0C antes de agosto - Portal Not\u00edcia em Pauta","robots":{"index":"index","follow":"follow","max-snippet":"max-snippet:-1","max-image-preview":"max-image-preview:large","max-video-preview":"max-video-preview:-1"},"canonical":"https:\/\/noticiaempauta.com\/portal\/piaui-comecara-a-viver-periodo-de-estiagem-e-temperatura-pode-chegar-a-39c-antes-de-agosto\/","og_locale":"pt_BR","og_type":"article","og_title":"Piau\u00ed come\u00e7ar\u00e1 a viver per\u00edodo de estiagem e temperatura pode chegar a 39\u00b0C antes de agosto","og_description":"O Piau\u00ed deve apresentar\u00a0caracter\u00edsticas de estiagem a partir do final de junho\u00a0deste ano, principalmente na regi\u00e3o do semi\u00e1rido, na mesorregi\u00e3o Sudeste, onde ficam cidades como Floriano e Canto do Buriti, e tamb\u00e9m na mesorregi\u00e3o Sudeste, onde ficam Picos, Pio IX e outros munic\u00edpios. A informa\u00e7\u00e3o foi confirmada por Sara Cardoso, climatologista e coordenadora da Sala [&hellip;]","og_url":"https:\/\/noticiaempauta.com\/portal\/piaui-comecara-a-viver-periodo-de-estiagem-e-temperatura-pode-chegar-a-39c-antes-de-agosto\/","og_site_name":"Portal Not\u00edcia em Pauta","article_publisher":"https:\/\/www.facebook.com\/Portal-Notcia-Em-Pauta-102292869264820\/","article_published_time":"2024-05-31T11:54:56+00:00","article_modified_time":"2024-05-31T11:54:58+00:00","og_image":[{"width":790,"height":526,"url":"https:\/\/noticiaempauta.com\/portal\/wp-content\/uploads\/2023\/08\/sol_tempo_clima.jpg","type":"image\/jpeg"}],"author":"Reda\u00e7\u00e3o","twitter_card":"summary_large_image","twitter_misc":{"Escrito por":"Reda\u00e7\u00e3o","Est. tempo de leitura":"2 minutos"},"schema":{"@context":"https:\/\/schema.org","@graph":[{"@type":"Article","@id":"https:\/\/noticiaempauta.com\/portal\/piaui-comecara-a-viver-periodo-de-estiagem-e-temperatura-pode-chegar-a-39c-antes-de-agosto\/#article","isPartOf":{"@id":"https:\/\/noticiaempauta.com\/portal\/piaui-comecara-a-viver-periodo-de-estiagem-e-temperatura-pode-chegar-a-39c-antes-de-agosto\/"},"author":{"name":"Reda\u00e7\u00e3o","@id":"https:\/\/noticiaempauta.com\/portal\/#\/schema\/person\/a74af43dd1ab3deca45f988c717d57ac"},"headline":"Piau\u00ed come\u00e7ar\u00e1 a viver per\u00edodo de estiagem e temperatura pode chegar a 39\u00b0C antes de agosto","datePublished":"2024-05-31T11:54:56+00:00","dateModified":"2024-05-31T11:54:58+00:00","mainEntityOfPage":{"@id":"https:\/\/noticiaempauta.com\/portal\/piaui-comecara-a-viver-periodo-de-estiagem-e-temperatura-pode-chegar-a-39c-antes-de-agosto\/"},"wordCount":452,"commentCount":0,"publisher":{"@id":"https:\/\/noticiaempauta.com\/portal\/#organization"},"image":{"@id":"https:\/\/noticiaempauta.com\/portal\/piaui-comecara-a-viver-periodo-de-estiagem-e-temperatura-pode-chegar-a-39c-antes-de-agosto\/#primaryimage"},"thumbnailUrl":"https:\/\/noticiaempauta.com\/portal\/wp-content\/uploads\/2023\/08\/sol_tempo_clima.jpg","keywords":["destaqueprincipal"],"articleSection":["Destaques","Geral","Munic\u00edpios","Todas as Not\u00edcias"],"inLanguage":"pt-BR","potentialAction":[{"@type":"CommentAction","name":"Comment","target":["https:\/\/noticiaempauta.com\/portal\/piaui-comecara-a-viver-periodo-de-estiagem-e-temperatura-pode-chegar-a-39c-antes-de-agosto\/#respond"]}]},{"@type":"WebPage","@id":"https:\/\/noticiaempauta.com\/portal\/piaui-comecara-a-viver-periodo-de-estiagem-e-temperatura-pode-chegar-a-39c-antes-de-agosto\/","url":"https:\/\/noticiaempauta.com\/portal\/piaui-comecara-a-viver-periodo-de-estiagem-e-temperatura-pode-chegar-a-39c-antes-de-agosto\/","name":"Piau\u00ed come\u00e7ar\u00e1 a viver per\u00edodo de estiagem e temperatura pode chegar a 39\u00b0C antes de agosto - Portal Not\u00edcia em Pauta","isPartOf":{"@id":"https:\/\/noticiaempauta.com\/portal\/#website"},"primaryImageOfPage":{"@id":"https:\/\/noticiaempauta.com\/portal\/piaui-comecara-a-viver-periodo-de-estiagem-e-temperatura-pode-chegar-a-39c-antes-de-agosto\/#primaryimage"},"image":{"@id":"https:\/\/noticiaempauta.com\/portal\/piaui-comecara-a-viver-periodo-de-estiagem-e-temperatura-pode-chegar-a-39c-antes-de-agosto\/#primaryimage"},"thumbnailUrl":"https:\/\/noticiaempauta.com\/portal\/wp-content\/uploads\/2023\/08\/sol_tempo_clima.jpg","datePublished":"2024-05-31T11:54:56+00:00","dateModified":"2024-05-31T11:54:58+00:00","breadcrumb":{"@id":"https:\/\/noticiaempauta.com\/portal\/piaui-comecara-a-viver-periodo-de-estiagem-e-temperatura-pode-chegar-a-39c-antes-de-agosto\/#breadcrumb"},"inLanguage":"pt-BR","potentialAction":[{"@type":"ReadAction","target":["https:\/\/noticiaempauta.com\/portal\/piaui-comecara-a-viver-periodo-de-estiagem-e-temperatura-pode-chegar-a-39c-antes-de-agosto\/"]}]},{"@type":"ImageObject","inLanguage":"pt-BR","@id":"https:\/\/noticiaempauta.com\/portal\/piaui-comecara-a-viver-periodo-de-estiagem-e-temperatura-pode-chegar-a-39c-antes-de-agosto\/#primaryimage","url":"https:\/\/noticiaempauta.com\/portal\/wp-content\/uploads\/2023\/08\/sol_tempo_clima.jpg","contentUrl":"https:\/\/noticiaempauta.com\/portal\/wp-content\/uploads\/2023\/08\/sol_tempo_clima.jpg","width":790,"height":526},{"@type":"BreadcrumbList","@id":"https:\/\/noticiaempauta.com\/portal\/piaui-comecara-a-viver-periodo-de-estiagem-e-temperatura-pode-chegar-a-39c-antes-de-agosto\/#breadcrumb","itemListElement":[{"@type":"ListItem","position":1,"name":"P\u00e1gina Inicial","item":"https:\/\/noticiaempauta.com\/portal\/"},{"@type":"ListItem","position":2,"name":"Destaques","item":"https:\/\/noticiaempauta.com\/portal\/destaques-site\/"},{"@type":"ListItem","position":3,"name":"Piau\u00ed come\u00e7ar\u00e1 a viver per\u00edodo de estiagem e temperatura pode chegar a 39\u00b0C antes de agosto"}]},{"@type":"WebSite","@id":"https:\/\/noticiaempauta.com\/portal\/#website","url":"https:\/\/noticiaempauta.com\/portal\/","name":"Portal Not\u00edcia em Pauta","description":"Voc\u00ea bem informado","publisher":{"@id":"https:\/\/noticiaempauta.com\/portal\/#organization"},"potentialAction":[{"@type":"SearchAction","target":{"@type":"EntryPoint","urlTemplate":"https:\/\/noticiaempauta.com\/portal\/?s={search_term_string}"},"query-input":{"@type":"PropertyValueSpecification","valueRequired":true,"valueName":"search_term_string"}}],"inLanguage":"pt-BR"},{"@type":"Organization","@id":"https:\/\/noticiaempauta.com\/portal\/#organization","name":"Portal Not\u00edcia em Pauta","url":"https:\/\/noticiaempauta.com\/portal\/","logo":{"@type":"ImageObject","inLanguage":"pt-BR","@id":"https:\/\/noticiaempauta.com\/portal\/#\/schema\/logo\/image\/","url":"https:\/\/noticiaempauta.com\/portal\/wp-content\/uploads\/2022\/08\/logomarca_tema.fw_.png","contentUrl":"https:\/\/noticiaempauta.com\/portal\/wp-content\/uploads\/2022\/08\/logomarca_tema.fw_.png","width":400,"height":232,"caption":"Portal Not\u00edcia em Pauta"},"image":{"@id":"https:\/\/noticiaempauta.com\/portal\/#\/schema\/logo\/image\/"},"sameAs":["https:\/\/www.facebook.com\/Portal-Notcia-Em-Pauta-102292869264820\/","https:\/\/www.instagram.com\/portalnoticiaempauta\/"]},{"@type":"Person","@id":"https:\/\/noticiaempauta.com\/portal\/#\/schema\/person\/a74af43dd1ab3deca45f988c717d57ac","name":"Reda\u00e7\u00e3o","image":{"@type":"ImageObject","inLanguage":"pt-BR","@id":"https:\/\/noticiaempauta.com\/portal\/#\/schema\/person\/image\/","url":"https:\/\/secure.gravatar.com\/avatar\/03179346ecce6cdfc13361603e8f54242a90e5cde8618fa23c5c00aa2b0aadf3?s=96&d=mm&r=g","contentUrl":"https:\/\/secure.gravatar.com\/avatar\/03179346ecce6cdfc13361603e8f54242a90e5cde8618fa23c5c00aa2b0aadf3?s=96&d=mm&r=g","caption":"Reda\u00e7\u00e3o"},"sameAs":["https:\/\/noticiaempauta.com\/portal\/"],"url":"https:\/\/noticiaempauta.com\/portal\/author\/fernando\/"}]}},"_links":{"self":[{"href":"https:\/\/noticiaempauta.com\/portal\/wp-json\/wp\/v2\/posts\/258384","targetHints":{"allow":["GET"]}}],"collection":[{"href":"https:\/\/noticiaempauta.com\/portal\/wp-json\/wp\/v2\/posts"}],"about":[{"href":"https:\/\/noticiaempauta.com\/portal\/wp-json\/wp\/v2\/types\/post"}],"author":[{"embeddable":true,"href":"https:\/\/noticiaempauta.com\/portal\/wp-json\/wp\/v2\/users\/2"}],"replies":[{"embeddable":true,"href":"https:\/\/noticiaempauta.com\/portal\/wp-json\/wp\/v2\/comments?post=258384"}],"version-history":[{"count":2,"href":"https:\/\/noticiaempauta.com\/portal\/wp-json\/wp\/v2\/posts\/258384\/revisions"}],"predecessor-version":[{"id":258388,"href":"https:\/\/noticiaempauta.com\/portal\/wp-json\/wp\/v2\/posts\/258384\/revisions\/258388"}],"wp:featuredmedia":[{"embeddable":true,"href":"https:\/\/noticiaempauta.com\/portal\/wp-json\/wp\/v2\/media\/248324"}],"wp:attachment":[{"href":"https:\/\/noticiaempauta.com\/portal\/wp-json\/wp\/v2\/media?parent=258384"}],"wp:term":[{"taxonomy":"category","embeddable":true,"href":"https:\/\/noticiaempauta.com\/portal\/wp-json\/wp\/v2\/categories?post=258384"},{"taxonomy":"post_tag","embeddable":true,"href":"https:\/\/noticiaempauta.com\/portal\/wp-json\/wp\/v2\/tags?post=258384"}],"curies":[{"name":"wp","href":"https:\/\/api.w.org\/{rel}","templated":true}]}}