{"id":258389,"date":"2024-05-31T09:02:11","date_gmt":"2024-05-31T12:02:11","guid":{"rendered":"https:\/\/noticiaempauta.com\/portal\/?p=258389"},"modified":"2024-05-31T09:02:12","modified_gmt":"2024-05-31T12:02:12","slug":"governador-realiza-abertura-oficial-da-campus-party-weekend-piaui","status":"publish","type":"post","link":"https:\/\/noticiaempauta.com\/portal\/governador-realiza-abertura-oficial-da-campus-party-weekend-piaui\/","title":{"rendered":"Governador realiza abertura oficial da Campus Party Weekend Piau\u00ed"},"content":{"rendered":"\n<p>Com mais de 10 mil inscritos, a Campus Party Weekend Piau\u00ed \u2013 uma vers\u00e3o resumida do maior festival de tecnologia, empreendedorismo e ci\u00eancia do mundo, foi iniciada na noite desta quarta-feira (29) e contou com a presen\u00e7a do governador Rafael Fonteles. O evento traz uma programa\u00e7\u00e3o repleta de importantes palestras, exposi\u00e7\u00f5es, competi\u00e7\u00f5es de tecnologia, dentre outros.<\/p>\n\n\n\n<figure class=\"wp-block-image size-large\"><img fetchpriority=\"high\" decoding=\"async\" width=\"1024\" height=\"683\" src=\"https:\/\/noticiaempauta.com\/portal\/wp-content\/uploads\/2024\/05\/Whats_App_Image_2024_05_29_at_20_33_09_4fe2d7deba-1024x683.jpeg\" alt=\"\" class=\"wp-image-258394\" srcset=\"https:\/\/noticiaempauta.com\/portal\/wp-content\/uploads\/2024\/05\/Whats_App_Image_2024_05_29_at_20_33_09_4fe2d7deba-1024x683.jpeg 1024w, https:\/\/noticiaempauta.com\/portal\/wp-content\/uploads\/2024\/05\/Whats_App_Image_2024_05_29_at_20_33_09_4fe2d7deba-300x200.jpeg 300w, https:\/\/noticiaempauta.com\/portal\/wp-content\/uploads\/2024\/05\/Whats_App_Image_2024_05_29_at_20_33_09_4fe2d7deba-768x512.jpeg 768w, https:\/\/noticiaempauta.com\/portal\/wp-content\/uploads\/2024\/05\/Whats_App_Image_2024_05_29_at_20_33_09_4fe2d7deba-1536x1024.jpeg 1536w, https:\/\/noticiaempauta.com\/portal\/wp-content\/uploads\/2024\/05\/Whats_App_Image_2024_05_29_at_20_33_09_4fe2d7deba-2048x1365.jpeg 2048w\" sizes=\"(max-width: 1024px) 100vw, 1024px\" \/><\/figure>\n\n\n\n<p>A Campus Party Weekend Piau\u00ed \u00e9 realizada com apoio do Governo do Piau\u00ed, por meio da Ag\u00eancia de Atra\u00e7\u00e3o de Investimentos Estrat\u00e9gicos do Piau\u00ed (Investe Piau\u00ed), e para o \u00a0governador Rafael, refor\u00e7a o ambiente de inova\u00e7\u00e3o do Estado do Piau\u00ed.<\/p>\n\n\n\n<figure class=\"wp-block-image size-large\"><img decoding=\"async\" width=\"1024\" height=\"683\" src=\"https:\/\/noticiaempauta.com\/portal\/wp-content\/uploads\/2024\/05\/Whats_App_Image_2024_05_29_at_20_32_17_8d3a31be1e-1024x683.jpeg\" alt=\"\" class=\"wp-image-258392\" srcset=\"https:\/\/noticiaempauta.com\/portal\/wp-content\/uploads\/2024\/05\/Whats_App_Image_2024_05_29_at_20_32_17_8d3a31be1e-1024x683.jpeg 1024w, https:\/\/noticiaempauta.com\/portal\/wp-content\/uploads\/2024\/05\/Whats_App_Image_2024_05_29_at_20_32_17_8d3a31be1e-300x200.jpeg 300w, https:\/\/noticiaempauta.com\/portal\/wp-content\/uploads\/2024\/05\/Whats_App_Image_2024_05_29_at_20_32_17_8d3a31be1e-768x512.jpeg 768w, https:\/\/noticiaempauta.com\/portal\/wp-content\/uploads\/2024\/05\/Whats_App_Image_2024_05_29_at_20_32_17_8d3a31be1e-1536x1024.jpeg 1536w, https:\/\/noticiaempauta.com\/portal\/wp-content\/uploads\/2024\/05\/Whats_App_Image_2024_05_29_at_20_32_17_8d3a31be1e-2048x1365.jpeg 2048w\" sizes=\"(max-width: 1024px) 100vw, 1024px\" \/><\/figure>\n\n\n\n<p>&#8220;No mesmo dia em que inauguramos, em Teresina, o Hub Investe Piau\u00ed, que \u00e9 um centro de inova\u00e7\u00e3o de excel\u00eancia do Piau\u00ed, n\u00f3s abrimos hoje o Campus Party, um evento de tecnologia global que j\u00e1 aconteceu em dezenas de pa\u00edses e, aqui no Brasil, j\u00e1 teve algumas edi\u00e7\u00f5es em alguns estados, e agora chega em Teresina, no Piau\u00ed. E chega para ficar! Porque n\u00f3s queremos transformar este estado no maior centro de inova\u00e7\u00e3o do pa\u00eds&#8221;, enfatiza Rafael Fonteles.<\/p>\n\n\n\n<p>Fonteles tamb\u00e9m enfatizou que o atual programa de governo do Piau\u00ed se esfor\u00e7a para criar um ambiente de inova\u00e7\u00e3o, investindo principalmente nos jovens, para que eles tenham qualifica\u00e7\u00e3o na \u00e1rea. Exemplo disso \u00e9 a realiza\u00e7\u00e3o da Seduckathon, competi\u00e7\u00e3o de programa\u00e7\u00e3o envolvendo alunos da 2\u00aa e 3\u00aa s\u00e9ries do Ensino M\u00e9dio das escolas da Rede Estadual de Ensino do Piau\u00ed, regularmente matriculados nos cursos de Desenvolvimento de Sistemas e Programa\u00e7\u00e3o de Jogos. O objetivo \u00e9 selecionar alunos e professores para interc\u00e2mbio internacional.<\/p>\n\n\n\n<figure class=\"wp-block-image size-large\"><img decoding=\"async\" width=\"1024\" height=\"683\" src=\"https:\/\/noticiaempauta.com\/portal\/wp-content\/uploads\/2024\/05\/Whats_App_Image_2024_05_29_at_20_33_40_a746e31a40-1024x683.jpeg\" alt=\"\" class=\"wp-image-258393\" srcset=\"https:\/\/noticiaempauta.com\/portal\/wp-content\/uploads\/2024\/05\/Whats_App_Image_2024_05_29_at_20_33_40_a746e31a40-1024x683.jpeg 1024w, https:\/\/noticiaempauta.com\/portal\/wp-content\/uploads\/2024\/05\/Whats_App_Image_2024_05_29_at_20_33_40_a746e31a40-300x200.jpeg 300w, https:\/\/noticiaempauta.com\/portal\/wp-content\/uploads\/2024\/05\/Whats_App_Image_2024_05_29_at_20_33_40_a746e31a40-768x512.jpeg 768w, https:\/\/noticiaempauta.com\/portal\/wp-content\/uploads\/2024\/05\/Whats_App_Image_2024_05_29_at_20_33_40_a746e31a40-1536x1024.jpeg 1536w, https:\/\/noticiaempauta.com\/portal\/wp-content\/uploads\/2024\/05\/Whats_App_Image_2024_05_29_at_20_33_40_a746e31a40-2048x1365.jpeg 2048w\" sizes=\"(max-width: 1024px) 100vw, 1024px\" \/><\/figure>\n\n\n\n<p>&#8220;Hoje, no Piau\u00ed, temos o poder p\u00fablico, a sociedade civil, as empresas e os estudantes caminhando nessa mesma dire\u00e7\u00e3o do fomento da inova\u00e7\u00e3o. Criar esse ambiente de inova\u00e7\u00e3o j\u00e1 faz parte do programa de governo. E como fazemos isso? Primeiro, investindo nos nossos jovens, para que eles tenham qualifica\u00e7\u00e3o na \u00e1rea. \u00c9 o que estamos fazendo quando realizamos a Seduckathon. Neste ano, tivemos 50 estudantes e 10 professores que ir\u00e3o para o interc\u00e2mbio. Em 2025, ser\u00e3o 100; e, em 2026, 200 estudantes&#8221;, garante Fonteles.<\/p>\n\n\n\n<p>Na ocasi\u00e3o, o governador fez a entrega dos passaportes dos alunos que ir\u00e3o para o interc\u00e2mbio internacional do Seduckathon para os Estados Unidos e a Cor\u00e9ia do Sul.<\/p>\n\n\n\n<figure class=\"wp-block-image size-large\"><img loading=\"lazy\" decoding=\"async\" width=\"1024\" height=\"683\" src=\"https:\/\/noticiaempauta.com\/portal\/wp-content\/uploads\/2024\/05\/Whats_App_Image_2024_05_29_at_20_33_38_2_23c35d2cce-1024x683.jpeg\" alt=\"\" class=\"wp-image-258391\" srcset=\"https:\/\/noticiaempauta.com\/portal\/wp-content\/uploads\/2024\/05\/Whats_App_Image_2024_05_29_at_20_33_38_2_23c35d2cce-1024x683.jpeg 1024w, https:\/\/noticiaempauta.com\/portal\/wp-content\/uploads\/2024\/05\/Whats_App_Image_2024_05_29_at_20_33_38_2_23c35d2cce-300x200.jpeg 300w, https:\/\/noticiaempauta.com\/portal\/wp-content\/uploads\/2024\/05\/Whats_App_Image_2024_05_29_at_20_33_38_2_23c35d2cce-768x512.jpeg 768w, https:\/\/noticiaempauta.com\/portal\/wp-content\/uploads\/2024\/05\/Whats_App_Image_2024_05_29_at_20_33_38_2_23c35d2cce-1536x1024.jpeg 1536w, https:\/\/noticiaempauta.com\/portal\/wp-content\/uploads\/2024\/05\/Whats_App_Image_2024_05_29_at_20_33_38_2_23c35d2cce-2048x1365.jpeg 2048w\" sizes=\"(max-width: 1024px) 100vw, 1024px\" \/><\/figure>\n\n\n\n<p><strong>Sobre a Campus Party Weekend Teresina<\/strong><\/p>\n\n\n\n<p>Palestras, workshops, competi\u00e7\u00f5es de startup e diversas atividades voltadas ao universo da tecnologia e do empreendedorismo est\u00e3o na programa\u00e7\u00e3o da Campus Party Weekend Teresina. \u00a0Ao todo, R$ 2 milh\u00f5es ser\u00e3o entregues aos competidores. Ser\u00e3o R$ 200 mil para projetos de estudantes do ensino m\u00e9dio; R$ 300 mil para o Investe Nelas; e mais R$ 1,5 milh\u00e3o para a Batalha de Startups. \u00a0<br>\u00a0<br>Na Batalha de Startups, os participantes v\u00e3o apresentar um \u201cpitch\u201d (apresenta\u00e7\u00e3o r\u00e1pida da sua ideia) avaliado por especialistas e investidores renomados. Al\u00e9m das disputas, haver\u00e1 uma feira de startups \u2013 cerca de 60 est\u00e3o inscritas, ligadas \u00e0s comunidades de startups, como Carna\u00faba, Gurgueia Valley, dentre outras.<\/p>\n\n\n\n<p>Outros R$ 300 mil ser\u00e3o divididos entre as cinco empresas vencedoras do programa Investe Nelas, lan\u00e7ado pela Investe Piau\u00ed no Dia Internacional da Mulher. Rodando h\u00e1 dois meses, o Investe Nelas \u00e9 destinado a neg\u00f3cios liderados por mulheres ou que possuam pelo menos 50% de mulheres em suas equipes.<\/p>\n\n\n\n<p>A Campus Party Weekend ter\u00e1 ainda dois campeonatos de games: Valorant e FreeFire, com R$ 9 mil em pr\u00eamios. As disputas ser\u00e3o na arena Campus Play, que ter\u00e1 as competi\u00e7\u00f5es com times de 5 jogadores para os games. \u00a0<\/p>\n\n\n\n<p>CCOM\/PI<\/p>\n","protected":false},"excerpt":{"rendered":"<p>Mais de 10 mil pessoas se inscreveram para o evento, que refor\u00e7a o ambiente de inova\u00e7\u00e3o do Estado do Piau\u00ed.<\/p>\n","protected":false},"author":2,"featured_media":258391,"comment_status":"open","ping_status":"open","sticky":false,"template":"","format":"standard","meta":{"_mi_skip_tracking":false,"footnotes":""},"categories":[25,1,16],"tags":[192],"class_list":["post-258389","post","type-post","status-publish","format-standard","has-post-thumbnail","hentry","category-destaques-site","category-geral","category-todas","tag-destaqueprincipal"],"acf":[],"yoast_head":"<!-- This site is optimized with the Yoast SEO Premium plugin v19.2 (Yoast SEO v26.9) - https:\/\/yoast.com\/product\/yoast-seo-premium-wordpress\/ -->\n<title>Governador realiza abertura oficial da Campus Party Weekend Piau\u00ed - Portal Not\u00edcia em Pauta<\/title>\n<meta name=\"robots\" content=\"index, follow, max-snippet:-1, max-image-preview:large, max-video-preview:-1\" \/>\n<link rel=\"canonical\" href=\"https:\/\/noticiaempauta.com\/portal\/governador-realiza-abertura-oficial-da-campus-party-weekend-piaui\/\" \/>\n<meta property=\"og:locale\" content=\"pt_BR\" \/>\n<meta property=\"og:type\" content=\"article\" \/>\n<meta property=\"og:title\" content=\"Governador realiza abertura oficial da Campus Party Weekend Piau\u00ed\" \/>\n<meta property=\"og:description\" content=\"Mais de 10 mil pessoas se inscreveram para o evento, que refor\u00e7a o ambiente de inova\u00e7\u00e3o do Estado do Piau\u00ed.\" \/>\n<meta property=\"og:url\" content=\"https:\/\/noticiaempauta.com\/portal\/governador-realiza-abertura-oficial-da-campus-party-weekend-piaui\/\" \/>\n<meta property=\"og:site_name\" content=\"Portal Not\u00edcia em Pauta\" \/>\n<meta property=\"article:publisher\" content=\"https:\/\/www.facebook.com\/Portal-Notcia-Em-Pauta-102292869264820\/\" \/>\n<meta property=\"article:published_time\" content=\"2024-05-31T12:02:11+00:00\" \/>\n<meta property=\"article:modified_time\" content=\"2024-05-31T12:02:12+00:00\" \/>\n<meta property=\"og:image\" content=\"https:\/\/noticiaempauta.com\/portal\/wp-content\/uploads\/2024\/05\/Whats_App_Image_2024_05_29_at_20_33_38_2_23c35d2cce-scaled.jpeg\" \/>\n\t<meta property=\"og:image:width\" content=\"2560\" \/>\n\t<meta property=\"og:image:height\" content=\"1706\" \/>\n\t<meta property=\"og:image:type\" content=\"image\/jpeg\" \/>\n<meta name=\"author\" content=\"Reda\u00e7\u00e3o\" \/>\n<meta name=\"twitter:card\" content=\"summary_large_image\" \/>\n<meta name=\"twitter:label1\" content=\"Escrito por\" \/>\n\t<meta name=\"twitter:data1\" content=\"Reda\u00e7\u00e3o\" \/>\n\t<meta name=\"twitter:label2\" content=\"Est. tempo de leitura\" \/>\n\t<meta name=\"twitter:data2\" content=\"5 minutos\" \/>\n<script type=\"application\/ld+json\" class=\"yoast-schema-graph\">{\"@context\":\"https:\/\/schema.org\",\"@graph\":[{\"@type\":\"Article\",\"@id\":\"https:\/\/noticiaempauta.com\/portal\/governador-realiza-abertura-oficial-da-campus-party-weekend-piaui\/#article\",\"isPartOf\":{\"@id\":\"https:\/\/noticiaempauta.com\/portal\/governador-realiza-abertura-oficial-da-campus-party-weekend-piaui\/\"},\"author\":{\"name\":\"Reda\u00e7\u00e3o\",\"@id\":\"https:\/\/noticiaempauta.com\/portal\/#\/schema\/person\/a74af43dd1ab3deca45f988c717d57ac\"},\"headline\":\"Governador realiza abertura oficial da Campus Party Weekend Piau\u00ed\",\"datePublished\":\"2024-05-31T12:02:11+00:00\",\"dateModified\":\"2024-05-31T12:02:12+00:00\",\"mainEntityOfPage\":{\"@id\":\"https:\/\/noticiaempauta.com\/portal\/governador-realiza-abertura-oficial-da-campus-party-weekend-piaui\/\"},\"wordCount\":613,\"commentCount\":0,\"publisher\":{\"@id\":\"https:\/\/noticiaempauta.com\/portal\/#organization\"},\"image\":{\"@id\":\"https:\/\/noticiaempauta.com\/portal\/governador-realiza-abertura-oficial-da-campus-party-weekend-piaui\/#primaryimage\"},\"thumbnailUrl\":\"https:\/\/noticiaempauta.com\/portal\/wp-content\/uploads\/2024\/05\/Whats_App_Image_2024_05_29_at_20_33_38_2_23c35d2cce-scaled.jpeg\",\"keywords\":[\"destaqueprincipal\"],\"articleSection\":[\"Destaques\",\"Geral\",\"Todas as Not\u00edcias\"],\"inLanguage\":\"pt-BR\",\"potentialAction\":[{\"@type\":\"CommentAction\",\"name\":\"Comment\",\"target\":[\"https:\/\/noticiaempauta.com\/portal\/governador-realiza-abertura-oficial-da-campus-party-weekend-piaui\/#respond\"]}]},{\"@type\":\"WebPage\",\"@id\":\"https:\/\/noticiaempauta.com\/portal\/governador-realiza-abertura-oficial-da-campus-party-weekend-piaui\/\",\"url\":\"https:\/\/noticiaempauta.com\/portal\/governador-realiza-abertura-oficial-da-campus-party-weekend-piaui\/\",\"name\":\"Governador realiza abertura oficial da Campus Party Weekend Piau\u00ed - Portal Not\u00edcia em Pauta\",\"isPartOf\":{\"@id\":\"https:\/\/noticiaempauta.com\/portal\/#website\"},\"primaryImageOfPage\":{\"@id\":\"https:\/\/noticiaempauta.com\/portal\/governador-realiza-abertura-oficial-da-campus-party-weekend-piaui\/#primaryimage\"},\"image\":{\"@id\":\"https:\/\/noticiaempauta.com\/portal\/governador-realiza-abertura-oficial-da-campus-party-weekend-piaui\/#primaryimage\"},\"thumbnailUrl\":\"https:\/\/noticiaempauta.com\/portal\/wp-content\/uploads\/2024\/05\/Whats_App_Image_2024_05_29_at_20_33_38_2_23c35d2cce-scaled.jpeg\",\"datePublished\":\"2024-05-31T12:02:11+00:00\",\"dateModified\":\"2024-05-31T12:02:12+00:00\",\"breadcrumb\":{\"@id\":\"https:\/\/noticiaempauta.com\/portal\/governador-realiza-abertura-oficial-da-campus-party-weekend-piaui\/#breadcrumb\"},\"inLanguage\":\"pt-BR\",\"potentialAction\":[{\"@type\":\"ReadAction\",\"target\":[\"https:\/\/noticiaempauta.com\/portal\/governador-realiza-abertura-oficial-da-campus-party-weekend-piaui\/\"]}]},{\"@type\":\"ImageObject\",\"inLanguage\":\"pt-BR\",\"@id\":\"https:\/\/noticiaempauta.com\/portal\/governador-realiza-abertura-oficial-da-campus-party-weekend-piaui\/#primaryimage\",\"url\":\"https:\/\/noticiaempauta.com\/portal\/wp-content\/uploads\/2024\/05\/Whats_App_Image_2024_05_29_at_20_33_38_2_23c35d2cce-scaled.jpeg\",\"contentUrl\":\"https:\/\/noticiaempauta.com\/portal\/wp-content\/uploads\/2024\/05\/Whats_App_Image_2024_05_29_at_20_33_38_2_23c35d2cce-scaled.jpeg\",\"width\":2560,\"height\":1706},{\"@type\":\"BreadcrumbList\",\"@id\":\"https:\/\/noticiaempauta.com\/portal\/governador-realiza-abertura-oficial-da-campus-party-weekend-piaui\/#breadcrumb\",\"itemListElement\":[{\"@type\":\"ListItem\",\"position\":1,\"name\":\"P\u00e1gina Inicial\",\"item\":\"https:\/\/noticiaempauta.com\/portal\/\"},{\"@type\":\"ListItem\",\"position\":2,\"name\":\"Destaques\",\"item\":\"https:\/\/noticiaempauta.com\/portal\/destaques-site\/\"},{\"@type\":\"ListItem\",\"position\":3,\"name\":\"Governador realiza abertura oficial da Campus Party Weekend Piau\u00ed\"}]},{\"@type\":\"WebSite\",\"@id\":\"https:\/\/noticiaempauta.com\/portal\/#website\",\"url\":\"https:\/\/noticiaempauta.com\/portal\/\",\"name\":\"Portal Not\u00edcia em Pauta\",\"description\":\"Voc\u00ea bem informado\",\"publisher\":{\"@id\":\"https:\/\/noticiaempauta.com\/portal\/#organization\"},\"potentialAction\":[{\"@type\":\"SearchAction\",\"target\":{\"@type\":\"EntryPoint\",\"urlTemplate\":\"https:\/\/noticiaempauta.com\/portal\/?s={search_term_string}\"},\"query-input\":{\"@type\":\"PropertyValueSpecification\",\"valueRequired\":true,\"valueName\":\"search_term_string\"}}],\"inLanguage\":\"pt-BR\"},{\"@type\":\"Organization\",\"@id\":\"https:\/\/noticiaempauta.com\/portal\/#organization\",\"name\":\"Portal Not\u00edcia em Pauta\",\"url\":\"https:\/\/noticiaempauta.com\/portal\/\",\"logo\":{\"@type\":\"ImageObject\",\"inLanguage\":\"pt-BR\",\"@id\":\"https:\/\/noticiaempauta.com\/portal\/#\/schema\/logo\/image\/\",\"url\":\"https:\/\/noticiaempauta.com\/portal\/wp-content\/uploads\/2022\/08\/logomarca_tema.fw_.png\",\"contentUrl\":\"https:\/\/noticiaempauta.com\/portal\/wp-content\/uploads\/2022\/08\/logomarca_tema.fw_.png\",\"width\":400,\"height\":232,\"caption\":\"Portal Not\u00edcia em Pauta\"},\"image\":{\"@id\":\"https:\/\/noticiaempauta.com\/portal\/#\/schema\/logo\/image\/\"},\"sameAs\":[\"https:\/\/www.facebook.com\/Portal-Notcia-Em-Pauta-102292869264820\/\",\"https:\/\/www.instagram.com\/portalnoticiaempauta\/\"]},{\"@type\":\"Person\",\"@id\":\"https:\/\/noticiaempauta.com\/portal\/#\/schema\/person\/a74af43dd1ab3deca45f988c717d57ac\",\"name\":\"Reda\u00e7\u00e3o\",\"image\":{\"@type\":\"ImageObject\",\"inLanguage\":\"pt-BR\",\"@id\":\"https:\/\/noticiaempauta.com\/portal\/#\/schema\/person\/image\/\",\"url\":\"https:\/\/secure.gravatar.com\/avatar\/03179346ecce6cdfc13361603e8f54242a90e5cde8618fa23c5c00aa2b0aadf3?s=96&d=mm&r=g\",\"contentUrl\":\"https:\/\/secure.gravatar.com\/avatar\/03179346ecce6cdfc13361603e8f54242a90e5cde8618fa23c5c00aa2b0aadf3?s=96&d=mm&r=g\",\"caption\":\"Reda\u00e7\u00e3o\"},\"sameAs\":[\"https:\/\/noticiaempauta.com\/portal\/\"],\"url\":\"https:\/\/noticiaempauta.com\/portal\/author\/fernando\/\"}]}<\/script>\n<!-- \/ Yoast SEO Premium plugin. -->","yoast_head_json":{"title":"Governador realiza abertura oficial da Campus Party Weekend Piau\u00ed - Portal Not\u00edcia em Pauta","robots":{"index":"index","follow":"follow","max-snippet":"max-snippet:-1","max-image-preview":"max-image-preview:large","max-video-preview":"max-video-preview:-1"},"canonical":"https:\/\/noticiaempauta.com\/portal\/governador-realiza-abertura-oficial-da-campus-party-weekend-piaui\/","og_locale":"pt_BR","og_type":"article","og_title":"Governador realiza abertura oficial da Campus Party Weekend Piau\u00ed","og_description":"Mais de 10 mil pessoas se inscreveram para o evento, que refor\u00e7a o ambiente de inova\u00e7\u00e3o do Estado do Piau\u00ed.","og_url":"https:\/\/noticiaempauta.com\/portal\/governador-realiza-abertura-oficial-da-campus-party-weekend-piaui\/","og_site_name":"Portal Not\u00edcia em Pauta","article_publisher":"https:\/\/www.facebook.com\/Portal-Notcia-Em-Pauta-102292869264820\/","article_published_time":"2024-05-31T12:02:11+00:00","article_modified_time":"2024-05-31T12:02:12+00:00","og_image":[{"width":2560,"height":1706,"url":"https:\/\/noticiaempauta.com\/portal\/wp-content\/uploads\/2024\/05\/Whats_App_Image_2024_05_29_at_20_33_38_2_23c35d2cce-scaled.jpeg","type":"image\/jpeg"}],"author":"Reda\u00e7\u00e3o","twitter_card":"summary_large_image","twitter_misc":{"Escrito por":"Reda\u00e7\u00e3o","Est. tempo de leitura":"5 minutos"},"schema":{"@context":"https:\/\/schema.org","@graph":[{"@type":"Article","@id":"https:\/\/noticiaempauta.com\/portal\/governador-realiza-abertura-oficial-da-campus-party-weekend-piaui\/#article","isPartOf":{"@id":"https:\/\/noticiaempauta.com\/portal\/governador-realiza-abertura-oficial-da-campus-party-weekend-piaui\/"},"author":{"name":"Reda\u00e7\u00e3o","@id":"https:\/\/noticiaempauta.com\/portal\/#\/schema\/person\/a74af43dd1ab3deca45f988c717d57ac"},"headline":"Governador realiza abertura oficial da Campus Party Weekend Piau\u00ed","datePublished":"2024-05-31T12:02:11+00:00","dateModified":"2024-05-31T12:02:12+00:00","mainEntityOfPage":{"@id":"https:\/\/noticiaempauta.com\/portal\/governador-realiza-abertura-oficial-da-campus-party-weekend-piaui\/"},"wordCount":613,"commentCount":0,"publisher":{"@id":"https:\/\/noticiaempauta.com\/portal\/#organization"},"image":{"@id":"https:\/\/noticiaempauta.com\/portal\/governador-realiza-abertura-oficial-da-campus-party-weekend-piaui\/#primaryimage"},"thumbnailUrl":"https:\/\/noticiaempauta.com\/portal\/wp-content\/uploads\/2024\/05\/Whats_App_Image_2024_05_29_at_20_33_38_2_23c35d2cce-scaled.jpeg","keywords":["destaqueprincipal"],"articleSection":["Destaques","Geral","Todas as Not\u00edcias"],"inLanguage":"pt-BR","potentialAction":[{"@type":"CommentAction","name":"Comment","target":["https:\/\/noticiaempauta.com\/portal\/governador-realiza-abertura-oficial-da-campus-party-weekend-piaui\/#respond"]}]},{"@type":"WebPage","@id":"https:\/\/noticiaempauta.com\/portal\/governador-realiza-abertura-oficial-da-campus-party-weekend-piaui\/","url":"https:\/\/noticiaempauta.com\/portal\/governador-realiza-abertura-oficial-da-campus-party-weekend-piaui\/","name":"Governador realiza abertura oficial da Campus Party Weekend Piau\u00ed - Portal Not\u00edcia em Pauta","isPartOf":{"@id":"https:\/\/noticiaempauta.com\/portal\/#website"},"primaryImageOfPage":{"@id":"https:\/\/noticiaempauta.com\/portal\/governador-realiza-abertura-oficial-da-campus-party-weekend-piaui\/#primaryimage"},"image":{"@id":"https:\/\/noticiaempauta.com\/portal\/governador-realiza-abertura-oficial-da-campus-party-weekend-piaui\/#primaryimage"},"thumbnailUrl":"https:\/\/noticiaempauta.com\/portal\/wp-content\/uploads\/2024\/05\/Whats_App_Image_2024_05_29_at_20_33_38_2_23c35d2cce-scaled.jpeg","datePublished":"2024-05-31T12:02:11+00:00","dateModified":"2024-05-31T12:02:12+00:00","breadcrumb":{"@id":"https:\/\/noticiaempauta.com\/portal\/governador-realiza-abertura-oficial-da-campus-party-weekend-piaui\/#breadcrumb"},"inLanguage":"pt-BR","potentialAction":[{"@type":"ReadAction","target":["https:\/\/noticiaempauta.com\/portal\/governador-realiza-abertura-oficial-da-campus-party-weekend-piaui\/"]}]},{"@type":"ImageObject","inLanguage":"pt-BR","@id":"https:\/\/noticiaempauta.com\/portal\/governador-realiza-abertura-oficial-da-campus-party-weekend-piaui\/#primaryimage","url":"https:\/\/noticiaempauta.com\/portal\/wp-content\/uploads\/2024\/05\/Whats_App_Image_2024_05_29_at_20_33_38_2_23c35d2cce-scaled.jpeg","contentUrl":"https:\/\/noticiaempauta.com\/portal\/wp-content\/uploads\/2024\/05\/Whats_App_Image_2024_05_29_at_20_33_38_2_23c35d2cce-scaled.jpeg","width":2560,"height":1706},{"@type":"BreadcrumbList","@id":"https:\/\/noticiaempauta.com\/portal\/governador-realiza-abertura-oficial-da-campus-party-weekend-piaui\/#breadcrumb","itemListElement":[{"@type":"ListItem","position":1,"name":"P\u00e1gina Inicial","item":"https:\/\/noticiaempauta.com\/portal\/"},{"@type":"ListItem","position":2,"name":"Destaques","item":"https:\/\/noticiaempauta.com\/portal\/destaques-site\/"},{"@type":"ListItem","position":3,"name":"Governador realiza abertura oficial da Campus Party Weekend Piau\u00ed"}]},{"@type":"WebSite","@id":"https:\/\/noticiaempauta.com\/portal\/#website","url":"https:\/\/noticiaempauta.com\/portal\/","name":"Portal Not\u00edcia em Pauta","description":"Voc\u00ea bem informado","publisher":{"@id":"https:\/\/noticiaempauta.com\/portal\/#organization"},"potentialAction":[{"@type":"SearchAction","target":{"@type":"EntryPoint","urlTemplate":"https:\/\/noticiaempauta.com\/portal\/?s={search_term_string}"},"query-input":{"@type":"PropertyValueSpecification","valueRequired":true,"valueName":"search_term_string"}}],"inLanguage":"pt-BR"},{"@type":"Organization","@id":"https:\/\/noticiaempauta.com\/portal\/#organization","name":"Portal Not\u00edcia em Pauta","url":"https:\/\/noticiaempauta.com\/portal\/","logo":{"@type":"ImageObject","inLanguage":"pt-BR","@id":"https:\/\/noticiaempauta.com\/portal\/#\/schema\/logo\/image\/","url":"https:\/\/noticiaempauta.com\/portal\/wp-content\/uploads\/2022\/08\/logomarca_tema.fw_.png","contentUrl":"https:\/\/noticiaempauta.com\/portal\/wp-content\/uploads\/2022\/08\/logomarca_tema.fw_.png","width":400,"height":232,"caption":"Portal Not\u00edcia em Pauta"},"image":{"@id":"https:\/\/noticiaempauta.com\/portal\/#\/schema\/logo\/image\/"},"sameAs":["https:\/\/www.facebook.com\/Portal-Notcia-Em-Pauta-102292869264820\/","https:\/\/www.instagram.com\/portalnoticiaempauta\/"]},{"@type":"Person","@id":"https:\/\/noticiaempauta.com\/portal\/#\/schema\/person\/a74af43dd1ab3deca45f988c717d57ac","name":"Reda\u00e7\u00e3o","image":{"@type":"ImageObject","inLanguage":"pt-BR","@id":"https:\/\/noticiaempauta.com\/portal\/#\/schema\/person\/image\/","url":"https:\/\/secure.gravatar.com\/avatar\/03179346ecce6cdfc13361603e8f54242a90e5cde8618fa23c5c00aa2b0aadf3?s=96&d=mm&r=g","contentUrl":"https:\/\/secure.gravatar.com\/avatar\/03179346ecce6cdfc13361603e8f54242a90e5cde8618fa23c5c00aa2b0aadf3?s=96&d=mm&r=g","caption":"Reda\u00e7\u00e3o"},"sameAs":["https:\/\/noticiaempauta.com\/portal\/"],"url":"https:\/\/noticiaempauta.com\/portal\/author\/fernando\/"}]}},"_links":{"self":[{"href":"https:\/\/noticiaempauta.com\/portal\/wp-json\/wp\/v2\/posts\/258389","targetHints":{"allow":["GET"]}}],"collection":[{"href":"https:\/\/noticiaempauta.com\/portal\/wp-json\/wp\/v2\/posts"}],"about":[{"href":"https:\/\/noticiaempauta.com\/portal\/wp-json\/wp\/v2\/types\/post"}],"author":[{"embeddable":true,"href":"https:\/\/noticiaempauta.com\/portal\/wp-json\/wp\/v2\/users\/2"}],"replies":[{"embeddable":true,"href":"https:\/\/noticiaempauta.com\/portal\/wp-json\/wp\/v2\/comments?post=258389"}],"version-history":[{"count":2,"href":"https:\/\/noticiaempauta.com\/portal\/wp-json\/wp\/v2\/posts\/258389\/revisions"}],"predecessor-version":[{"id":258396,"href":"https:\/\/noticiaempauta.com\/portal\/wp-json\/wp\/v2\/posts\/258389\/revisions\/258396"}],"wp:featuredmedia":[{"embeddable":true,"href":"https:\/\/noticiaempauta.com\/portal\/wp-json\/wp\/v2\/media\/258391"}],"wp:attachment":[{"href":"https:\/\/noticiaempauta.com\/portal\/wp-json\/wp\/v2\/media?parent=258389"}],"wp:term":[{"taxonomy":"category","embeddable":true,"href":"https:\/\/noticiaempauta.com\/portal\/wp-json\/wp\/v2\/categories?post=258389"},{"taxonomy":"post_tag","embeddable":true,"href":"https:\/\/noticiaempauta.com\/portal\/wp-json\/wp\/v2\/tags?post=258389"}],"curies":[{"name":"wp","href":"https:\/\/api.w.org\/{rel}","templated":true}]}}