{"id":258404,"date":"2024-06-01T06:58:17","date_gmt":"2024-06-01T09:58:17","guid":{"rendered":"https:\/\/noticiaempauta.com\/portal\/?p=258404"},"modified":"2024-06-01T06:58:18","modified_gmt":"2024-06-01T09:58:18","slug":"santana-do-piaui-camara-municipal-realiza-sessao-ordinaria","status":"publish","type":"post","link":"https:\/\/noticiaempauta.com\/portal\/santana-do-piaui-camara-municipal-realiza-sessao-ordinaria\/","title":{"rendered":"Santana do Piau\u00ed | C\u00e2mara Municipal realiza sess\u00e3o ordin\u00e1ria"},"content":{"rendered":"\n<p>A c\u00e2mara municipal de Santana do Piau\u00ed realizou na noite desta sexta-feira, 31 de maio, sess\u00e3o ordin\u00e1ria, que foi presidida pelo primeiro secret\u00e1rio da mesa diretora, o vereador Marcus Vin\u00edcio (MDB), e como n\u00e3o havia nenhuma pauta espec\u00edfica, ele abriu a tribuna para que os parlamentares pudessem se pronunciar.<\/p>\n\n\n\n<figure class=\"wp-block-image size-large\"><img fetchpriority=\"high\" decoding=\"async\" width=\"1024\" height=\"768\" src=\"https:\/\/noticiaempauta.com\/portal\/wp-content\/uploads\/2024\/06\/IMG_1924-1024x768.jpeg\" alt=\"\" class=\"wp-image-258409\" srcset=\"https:\/\/noticiaempauta.com\/portal\/wp-content\/uploads\/2024\/06\/IMG_1924-1024x768.jpeg 1024w, https:\/\/noticiaempauta.com\/portal\/wp-content\/uploads\/2024\/06\/IMG_1924-300x225.jpeg 300w, https:\/\/noticiaempauta.com\/portal\/wp-content\/uploads\/2024\/06\/IMG_1924-768x576.jpeg 768w, https:\/\/noticiaempauta.com\/portal\/wp-content\/uploads\/2024\/06\/IMG_1924-1536x1152.jpeg 1536w, https:\/\/noticiaempauta.com\/portal\/wp-content\/uploads\/2024\/06\/IMG_1924-2048x1536.jpeg 2048w\" sizes=\"(max-width: 1024px) 100vw, 1024px\" \/><\/figure>\n\n\n\n<p>O vereador Ricardo Rodrigues, abriu sua fala lamentando a morte de alguns conterr\u00e2neos que partiram e deixaram saudades em seus familiares, e citou como exemplo, a jornalista e conselheira tutelar da cidade de Picos, Valt\u00e2nia Moura, que faleceu recentemente, mas que deixava um legado de trabalho e honradez durante toda sua exist\u00eancia.<\/p>\n\n\n\n<figure class=\"wp-block-image size-large\"><img decoding=\"async\" width=\"1024\" height=\"768\" src=\"https:\/\/noticiaempauta.com\/portal\/wp-content\/uploads\/2024\/06\/IMG_1920-1024x768.jpeg\" alt=\"\" class=\"wp-image-258408\" srcset=\"https:\/\/noticiaempauta.com\/portal\/wp-content\/uploads\/2024\/06\/IMG_1920-1024x768.jpeg 1024w, https:\/\/noticiaempauta.com\/portal\/wp-content\/uploads\/2024\/06\/IMG_1920-300x225.jpeg 300w, https:\/\/noticiaempauta.com\/portal\/wp-content\/uploads\/2024\/06\/IMG_1920-768x576.jpeg 768w, https:\/\/noticiaempauta.com\/portal\/wp-content\/uploads\/2024\/06\/IMG_1920-1536x1152.jpeg 1536w, https:\/\/noticiaempauta.com\/portal\/wp-content\/uploads\/2024\/06\/IMG_1920-2048x1536.jpeg 2048w\" sizes=\"(max-width: 1024px) 100vw, 1024px\" \/><figcaption class=\"wp-element-caption\">Vereador Ricardo <\/figcaption><\/figure>\n\n\n\n<p>O mesmo pediu em sua fala ao secret\u00e1rio municipal de Obras, que fa\u00e7a a recupera\u00e7\u00e3o da estrada vicinal que liga o munic\u00edpio a localidade Tanque, pois devido o inverno, o trecho ficou bastante esburacado e de dif\u00edcil acesso.<\/p>\n\n\n\n<p>Ricardo disse tamb\u00e9m que foi procurado por moradores do munic\u00edpio, que alegam que n\u00e3o existe nenhum assistente social no Centro de Refer\u00eancia de Assist\u00eancia Social (CRAS), pois esse \u00e9 um profissional de extrema necessidade naquele \u00f3rg\u00e3o, mas tomou conhecimento de que a prefeitura havia convocado um do recente concurso p\u00fablico, e que espera que este seja colocado l\u00e1, frisou.<\/p>\n\n\n\n<p>\u201cEu tomei conhecimento que s\u00f3 foi chamado at\u00e9 agora pouco mais de 20 pessoas que foram aprovadas no \u00faltimo concurso, n\u00famero bem abaixo de todos aprovados e tamb\u00e9m classificados, mas que espero que a gestora chame o restante, por que afinal de conta, essas pessoas estudaram e passaram, ent\u00e3o n\u00e3o vejo nenhum motivo para n\u00e3o chamar todos\u201d, comentou ele.<\/p>\n\n\n\n<p>No final de sua fala, Ricardo Rodrigues convidou os santanenses para participarem dos festejos de S\u00e3o Marcelino, da comunidade Lagoa dos Marcelino.<\/p>\n\n\n\n<figure class=\"wp-block-image size-large\"><img decoding=\"async\" width=\"1024\" height=\"768\" src=\"https:\/\/noticiaempauta.com\/portal\/wp-content\/uploads\/2024\/06\/IMG_1925-1024x768.jpeg\" alt=\"\" class=\"wp-image-258410\" srcset=\"https:\/\/noticiaempauta.com\/portal\/wp-content\/uploads\/2024\/06\/IMG_1925-1024x768.jpeg 1024w, https:\/\/noticiaempauta.com\/portal\/wp-content\/uploads\/2024\/06\/IMG_1925-300x225.jpeg 300w, https:\/\/noticiaempauta.com\/portal\/wp-content\/uploads\/2024\/06\/IMG_1925-768x576.jpeg 768w, https:\/\/noticiaempauta.com\/portal\/wp-content\/uploads\/2024\/06\/IMG_1925-1536x1152.jpeg 1536w, https:\/\/noticiaempauta.com\/portal\/wp-content\/uploads\/2024\/06\/IMG_1925-2048x1536.jpeg 2048w\" sizes=\"(max-width: 1024px) 100vw, 1024px\" \/><figcaption class=\"wp-element-caption\">Vereador Ismael Borges<\/figcaption><\/figure>\n\n\n\n<p>O vereador Ismael Borges, falou da fiscaliza\u00e7\u00e3o do Tribunal de Contas do Estados (TCE), na prefeitura de Santana do Piau\u00ed, pois de acordo com ele, a corte estadual notificou a prefeitura por que ela ultrapassou o limite prudencial ou legal da Lei de Responsabilidade Fiscal (LRF) com gastos com pessoal. A notifica\u00e7\u00e3o foi aprovada na Sess\u00e3o Plen\u00e1ria do dia 23 de maio, seguindo o relat\u00f3rio da Divis\u00e3o de Fiscaliza\u00e7\u00e3o de Pessoal e Folha de Pagamentos (DFPESSOAL 2).<\/p>\n\n\n\n<p>Segundo Ismael Borges, a gest\u00e3o municipal antes n\u00e3o se preocupava em realizar atividades festivas, mas agora no per\u00edodo pr\u00e9-eleitoral \u00e9 uma festa atr\u00e1s da outra. O parlamentar tamb\u00e9m cobrou da gestora municipal que chame todos os concursados, n\u00e3o apenas essa quantidade que tem, pois, a car\u00eancia \u00e9 grande em v\u00e1rias \u00e1reas da administra\u00e7\u00e3o municipal, disse ele.<\/p>\n\n\n\n<figure class=\"wp-block-image size-large\"><img loading=\"lazy\" decoding=\"async\" width=\"1024\" height=\"768\" src=\"https:\/\/noticiaempauta.com\/portal\/wp-content\/uploads\/2024\/06\/IMG_1929-1024x768.jpeg\" alt=\"\" class=\"wp-image-258411\" srcset=\"https:\/\/noticiaempauta.com\/portal\/wp-content\/uploads\/2024\/06\/IMG_1929-1024x768.jpeg 1024w, https:\/\/noticiaempauta.com\/portal\/wp-content\/uploads\/2024\/06\/IMG_1929-300x225.jpeg 300w, https:\/\/noticiaempauta.com\/portal\/wp-content\/uploads\/2024\/06\/IMG_1929-768x576.jpeg 768w, https:\/\/noticiaempauta.com\/portal\/wp-content\/uploads\/2024\/06\/IMG_1929-1536x1152.jpeg 1536w, https:\/\/noticiaempauta.com\/portal\/wp-content\/uploads\/2024\/06\/IMG_1929-2048x1536.jpeg 2048w\" sizes=\"(max-width: 1024px) 100vw, 1024px\" \/><figcaption class=\"wp-element-caption\">Vereador Francisquinho <\/figcaption><\/figure>\n\n\n\n<p>O vereador Francisquinho tamb\u00e9m cobrou a recupera\u00e7\u00e3o da estrada vicinal, que liga a sede do munic\u00edpio ao povoado Coroat\u00e1, pois de acordo com o mesmo, al\u00e9m da estrada est\u00e1 toda esburacada, ainda leva risco as pessoas que passam por ela, o que termina colocando em risco a vida das pessoas, frisou.<\/p>\n\n\n\n<p>O parlamentar tamb\u00e9m considerou pouco o n\u00famero de convocados do \u00faltimo concurso pela prefeitura, pois segundo ele, n\u00e3o justifica ter mais de 90 aprovados e chamar pouco mais de 20 pessoas, pois no seu entendimento, tem que chamar todos, j\u00e1 que existem as vagas, comentou.<\/p>\n\n\n\n<p>\u201cO meu papel aqui na C\u00e2mara \u00e9 de legislar e fiscalizar, por isso \u00e9 que cobro da gest\u00e3o municipal mais transpar\u00eancia. A popula\u00e7\u00e3o est\u00e1 ciente do que est\u00e1 acontecendo em nossa cidade, ningu\u00e9m \u00e9 tolo n\u00e3o, estamos sabendo de tudo, o dinheiro est\u00e1 rolando a balde\u201d, falou Francisquinho.<\/p>\n\n\n\n<p>Francisquinho disse ainda que est\u00e1 sendo perseguido politicamente no munic\u00edpio, mas tudo tem um fim e nada \u00e9 para sempre. Ele pediu a gest\u00e3o municipal que mude a forma de administrar o munic\u00edpio, pois do jeito que est\u00e1, no final vai sair tudo errado, finalizou ele.<\/p>\n\n\n\n<p>A vereadora Elenilsa Gabriel lamentou a morte de um m\u00fasico santanense e falou que ele foi um grande profissional. A parlamentar disse tamb\u00e9m que a gest\u00e3o municipal nunca deixou de realizar os eventos festivos n\u00e3o, pois desde cedo ela sempre tem cumprido o calend\u00e1rio cultural do munic\u00edpio.<\/p>\n\n\n\n<figure class=\"wp-block-image size-large\"><img loading=\"lazy\" decoding=\"async\" width=\"1024\" height=\"768\" src=\"https:\/\/noticiaempauta.com\/portal\/wp-content\/uploads\/2024\/06\/IMG_1930-1024x768.jpeg\" alt=\"\" class=\"wp-image-258412\" srcset=\"https:\/\/noticiaempauta.com\/portal\/wp-content\/uploads\/2024\/06\/IMG_1930-1024x768.jpeg 1024w, https:\/\/noticiaempauta.com\/portal\/wp-content\/uploads\/2024\/06\/IMG_1930-300x225.jpeg 300w, https:\/\/noticiaempauta.com\/portal\/wp-content\/uploads\/2024\/06\/IMG_1930-768x576.jpeg 768w, https:\/\/noticiaempauta.com\/portal\/wp-content\/uploads\/2024\/06\/IMG_1930-1536x1152.jpeg 1536w, https:\/\/noticiaempauta.com\/portal\/wp-content\/uploads\/2024\/06\/IMG_1930-2048x1536.jpeg 2048w\" sizes=\"(max-width: 1024px) 100vw, 1024px\" \/><figcaption class=\"wp-element-caption\">Vereadora Elenilsa Gabriel <\/figcaption><\/figure>\n\n\n\n<p>Elenilsa Gabriel disse ainda que os aprovados do concurso est\u00e3o sendo chamados, e espera que em breve a prefeita consiga chamar todos, frisou a parlamentar.<\/p>\n\n\n\n<figure class=\"wp-block-image size-large\"><img loading=\"lazy\" decoding=\"async\" width=\"1024\" height=\"768\" src=\"https:\/\/noticiaempauta.com\/portal\/wp-content\/uploads\/2024\/06\/IMG_1913-1024x768.jpeg\" alt=\"\" class=\"wp-image-258413\" srcset=\"https:\/\/noticiaempauta.com\/portal\/wp-content\/uploads\/2024\/06\/IMG_1913-1024x768.jpeg 1024w, https:\/\/noticiaempauta.com\/portal\/wp-content\/uploads\/2024\/06\/IMG_1913-300x225.jpeg 300w, https:\/\/noticiaempauta.com\/portal\/wp-content\/uploads\/2024\/06\/IMG_1913-768x576.jpeg 768w, https:\/\/noticiaempauta.com\/portal\/wp-content\/uploads\/2024\/06\/IMG_1913-1536x1152.jpeg 1536w, https:\/\/noticiaempauta.com\/portal\/wp-content\/uploads\/2024\/06\/IMG_1913-2048x1536.jpeg 2048w\" sizes=\"(max-width: 1024px) 100vw, 1024px\" \/><\/figure>\n\n\n\n<p>Presidindo a mesa diretora o vereador Vinicio informou que a pr\u00f3xima sess\u00e3o ordin\u00e1ria acontecer\u00e1 dia 14 de junho.<\/p>\n\n\n\n<p>Fonte: Portal AgoraED<\/p>\n","protected":false},"excerpt":{"rendered":"<p>A c\u00e2mara municipal de Santana do Piau\u00ed realizou na noite desta sexta-feira, 31 de maio, sess\u00e3o ordin\u00e1ria, que foi presidida pelo primeiro secret\u00e1rio da mesa diretora, o vereador Marcus Vin\u00edcio (MDB), e como n\u00e3o havia nenhuma pauta espec\u00edfica, ele abriu a tribuna para que os parlamentares pudessem se pronunciar. O vereador Ricardo Rodrigues, abriu sua [&hellip;]<\/p>\n","protected":false},"author":2,"featured_media":258409,"comment_status":"open","ping_status":"open","sticky":false,"template":"","format":"standard","meta":{"_mi_skip_tracking":false,"footnotes":""},"categories":[1,9,16],"tags":[],"class_list":["post-258404","post","type-post","status-publish","format-standard","has-post-thumbnail","hentry","category-geral","category-municipios","category-todas"],"acf":[],"yoast_head":"<!-- This site is optimized with the Yoast SEO Premium plugin v19.2 (Yoast SEO v26.9) - https:\/\/yoast.com\/product\/yoast-seo-premium-wordpress\/ -->\n<title>Santana do Piau\u00ed | C\u00e2mara Municipal realiza sess\u00e3o ordin\u00e1ria - Portal Not\u00edcia em Pauta<\/title>\n<meta name=\"robots\" content=\"index, follow, max-snippet:-1, max-image-preview:large, max-video-preview:-1\" \/>\n<link rel=\"canonical\" href=\"https:\/\/noticiaempauta.com\/portal\/santana-do-piaui-camara-municipal-realiza-sessao-ordinaria\/\" \/>\n<meta property=\"og:locale\" content=\"pt_BR\" \/>\n<meta property=\"og:type\" content=\"article\" \/>\n<meta property=\"og:title\" content=\"Santana do Piau\u00ed | C\u00e2mara Municipal realiza sess\u00e3o ordin\u00e1ria\" \/>\n<meta property=\"og:description\" content=\"A c\u00e2mara municipal de Santana do Piau\u00ed realizou na noite desta sexta-feira, 31 de maio, sess\u00e3o ordin\u00e1ria, que foi presidida pelo primeiro secret\u00e1rio da mesa diretora, o vereador Marcus Vin\u00edcio (MDB), e como n\u00e3o havia nenhuma pauta espec\u00edfica, ele abriu a tribuna para que os parlamentares pudessem se pronunciar. O vereador Ricardo Rodrigues, abriu sua [&hellip;]\" \/>\n<meta property=\"og:url\" content=\"https:\/\/noticiaempauta.com\/portal\/santana-do-piaui-camara-municipal-realiza-sessao-ordinaria\/\" \/>\n<meta property=\"og:site_name\" content=\"Portal Not\u00edcia em Pauta\" \/>\n<meta property=\"article:publisher\" content=\"https:\/\/www.facebook.com\/Portal-Notcia-Em-Pauta-102292869264820\/\" \/>\n<meta property=\"article:published_time\" content=\"2024-06-01T09:58:17+00:00\" \/>\n<meta property=\"article:modified_time\" content=\"2024-06-01T09:58:18+00:00\" \/>\n<meta property=\"og:image\" content=\"https:\/\/noticiaempauta.com\/portal\/wp-content\/uploads\/2024\/06\/IMG_1924-scaled.jpeg\" \/>\n\t<meta property=\"og:image:width\" content=\"2560\" \/>\n\t<meta property=\"og:image:height\" content=\"1920\" \/>\n\t<meta property=\"og:image:type\" content=\"image\/jpeg\" \/>\n<meta name=\"author\" content=\"Reda\u00e7\u00e3o\" \/>\n<meta name=\"twitter:card\" content=\"summary_large_image\" \/>\n<meta name=\"twitter:label1\" content=\"Escrito por\" \/>\n\t<meta name=\"twitter:data1\" content=\"Reda\u00e7\u00e3o\" \/>\n\t<meta name=\"twitter:label2\" content=\"Est. tempo de leitura\" \/>\n\t<meta name=\"twitter:data2\" content=\"6 minutos\" \/>\n<script type=\"application\/ld+json\" class=\"yoast-schema-graph\">{\"@context\":\"https:\/\/schema.org\",\"@graph\":[{\"@type\":\"Article\",\"@id\":\"https:\/\/noticiaempauta.com\/portal\/santana-do-piaui-camara-municipal-realiza-sessao-ordinaria\/#article\",\"isPartOf\":{\"@id\":\"https:\/\/noticiaempauta.com\/portal\/santana-do-piaui-camara-municipal-realiza-sessao-ordinaria\/\"},\"author\":{\"name\":\"Reda\u00e7\u00e3o\",\"@id\":\"https:\/\/noticiaempauta.com\/portal\/#\/schema\/person\/a74af43dd1ab3deca45f988c717d57ac\"},\"headline\":\"Santana do Piau\u00ed | C\u00e2mara Municipal realiza sess\u00e3o ordin\u00e1ria\",\"datePublished\":\"2024-06-01T09:58:17+00:00\",\"dateModified\":\"2024-06-01T09:58:18+00:00\",\"mainEntityOfPage\":{\"@id\":\"https:\/\/noticiaempauta.com\/portal\/santana-do-piaui-camara-municipal-realiza-sessao-ordinaria\/\"},\"wordCount\":773,\"commentCount\":0,\"publisher\":{\"@id\":\"https:\/\/noticiaempauta.com\/portal\/#organization\"},\"image\":{\"@id\":\"https:\/\/noticiaempauta.com\/portal\/santana-do-piaui-camara-municipal-realiza-sessao-ordinaria\/#primaryimage\"},\"thumbnailUrl\":\"https:\/\/noticiaempauta.com\/portal\/wp-content\/uploads\/2024\/06\/IMG_1924-scaled.jpeg\",\"articleSection\":[\"Geral\",\"Munic\u00edpios\",\"Todas as Not\u00edcias\"],\"inLanguage\":\"pt-BR\",\"potentialAction\":[{\"@type\":\"CommentAction\",\"name\":\"Comment\",\"target\":[\"https:\/\/noticiaempauta.com\/portal\/santana-do-piaui-camara-municipal-realiza-sessao-ordinaria\/#respond\"]}]},{\"@type\":\"WebPage\",\"@id\":\"https:\/\/noticiaempauta.com\/portal\/santana-do-piaui-camara-municipal-realiza-sessao-ordinaria\/\",\"url\":\"https:\/\/noticiaempauta.com\/portal\/santana-do-piaui-camara-municipal-realiza-sessao-ordinaria\/\",\"name\":\"Santana do Piau\u00ed | C\u00e2mara Municipal realiza sess\u00e3o ordin\u00e1ria - Portal Not\u00edcia em Pauta\",\"isPartOf\":{\"@id\":\"https:\/\/noticiaempauta.com\/portal\/#website\"},\"primaryImageOfPage\":{\"@id\":\"https:\/\/noticiaempauta.com\/portal\/santana-do-piaui-camara-municipal-realiza-sessao-ordinaria\/#primaryimage\"},\"image\":{\"@id\":\"https:\/\/noticiaempauta.com\/portal\/santana-do-piaui-camara-municipal-realiza-sessao-ordinaria\/#primaryimage\"},\"thumbnailUrl\":\"https:\/\/noticiaempauta.com\/portal\/wp-content\/uploads\/2024\/06\/IMG_1924-scaled.jpeg\",\"datePublished\":\"2024-06-01T09:58:17+00:00\",\"dateModified\":\"2024-06-01T09:58:18+00:00\",\"breadcrumb\":{\"@id\":\"https:\/\/noticiaempauta.com\/portal\/santana-do-piaui-camara-municipal-realiza-sessao-ordinaria\/#breadcrumb\"},\"inLanguage\":\"pt-BR\",\"potentialAction\":[{\"@type\":\"ReadAction\",\"target\":[\"https:\/\/noticiaempauta.com\/portal\/santana-do-piaui-camara-municipal-realiza-sessao-ordinaria\/\"]}]},{\"@type\":\"ImageObject\",\"inLanguage\":\"pt-BR\",\"@id\":\"https:\/\/noticiaempauta.com\/portal\/santana-do-piaui-camara-municipal-realiza-sessao-ordinaria\/#primaryimage\",\"url\":\"https:\/\/noticiaempauta.com\/portal\/wp-content\/uploads\/2024\/06\/IMG_1924-scaled.jpeg\",\"contentUrl\":\"https:\/\/noticiaempauta.com\/portal\/wp-content\/uploads\/2024\/06\/IMG_1924-scaled.jpeg\",\"width\":2560,\"height\":1920},{\"@type\":\"BreadcrumbList\",\"@id\":\"https:\/\/noticiaempauta.com\/portal\/santana-do-piaui-camara-municipal-realiza-sessao-ordinaria\/#breadcrumb\",\"itemListElement\":[{\"@type\":\"ListItem\",\"position\":1,\"name\":\"P\u00e1gina Inicial\",\"item\":\"https:\/\/noticiaempauta.com\/portal\/\"},{\"@type\":\"ListItem\",\"position\":2,\"name\":\"Geral\",\"item\":\"https:\/\/noticiaempauta.com\/portal\/geral\/\"},{\"@type\":\"ListItem\",\"position\":3,\"name\":\"Santana do Piau\u00ed | C\u00e2mara Municipal realiza sess\u00e3o ordin\u00e1ria\"}]},{\"@type\":\"WebSite\",\"@id\":\"https:\/\/noticiaempauta.com\/portal\/#website\",\"url\":\"https:\/\/noticiaempauta.com\/portal\/\",\"name\":\"Portal Not\u00edcia em Pauta\",\"description\":\"Voc\u00ea bem informado\",\"publisher\":{\"@id\":\"https:\/\/noticiaempauta.com\/portal\/#organization\"},\"potentialAction\":[{\"@type\":\"SearchAction\",\"target\":{\"@type\":\"EntryPoint\",\"urlTemplate\":\"https:\/\/noticiaempauta.com\/portal\/?s={search_term_string}\"},\"query-input\":{\"@type\":\"PropertyValueSpecification\",\"valueRequired\":true,\"valueName\":\"search_term_string\"}}],\"inLanguage\":\"pt-BR\"},{\"@type\":\"Organization\",\"@id\":\"https:\/\/noticiaempauta.com\/portal\/#organization\",\"name\":\"Portal Not\u00edcia em Pauta\",\"url\":\"https:\/\/noticiaempauta.com\/portal\/\",\"logo\":{\"@type\":\"ImageObject\",\"inLanguage\":\"pt-BR\",\"@id\":\"https:\/\/noticiaempauta.com\/portal\/#\/schema\/logo\/image\/\",\"url\":\"https:\/\/noticiaempauta.com\/portal\/wp-content\/uploads\/2022\/08\/logomarca_tema.fw_.png\",\"contentUrl\":\"https:\/\/noticiaempauta.com\/portal\/wp-content\/uploads\/2022\/08\/logomarca_tema.fw_.png\",\"width\":400,\"height\":232,\"caption\":\"Portal Not\u00edcia em Pauta\"},\"image\":{\"@id\":\"https:\/\/noticiaempauta.com\/portal\/#\/schema\/logo\/image\/\"},\"sameAs\":[\"https:\/\/www.facebook.com\/Portal-Notcia-Em-Pauta-102292869264820\/\",\"https:\/\/www.instagram.com\/portalnoticiaempauta\/\"]},{\"@type\":\"Person\",\"@id\":\"https:\/\/noticiaempauta.com\/portal\/#\/schema\/person\/a74af43dd1ab3deca45f988c717d57ac\",\"name\":\"Reda\u00e7\u00e3o\",\"image\":{\"@type\":\"ImageObject\",\"inLanguage\":\"pt-BR\",\"@id\":\"https:\/\/noticiaempauta.com\/portal\/#\/schema\/person\/image\/\",\"url\":\"https:\/\/secure.gravatar.com\/avatar\/03179346ecce6cdfc13361603e8f54242a90e5cde8618fa23c5c00aa2b0aadf3?s=96&d=mm&r=g\",\"contentUrl\":\"https:\/\/secure.gravatar.com\/avatar\/03179346ecce6cdfc13361603e8f54242a90e5cde8618fa23c5c00aa2b0aadf3?s=96&d=mm&r=g\",\"caption\":\"Reda\u00e7\u00e3o\"},\"sameAs\":[\"https:\/\/noticiaempauta.com\/portal\/\"],\"url\":\"https:\/\/noticiaempauta.com\/portal\/author\/fernando\/\"}]}<\/script>\n<!-- \/ Yoast SEO Premium plugin. -->","yoast_head_json":{"title":"Santana do Piau\u00ed | C\u00e2mara Municipal realiza sess\u00e3o ordin\u00e1ria - Portal Not\u00edcia em Pauta","robots":{"index":"index","follow":"follow","max-snippet":"max-snippet:-1","max-image-preview":"max-image-preview:large","max-video-preview":"max-video-preview:-1"},"canonical":"https:\/\/noticiaempauta.com\/portal\/santana-do-piaui-camara-municipal-realiza-sessao-ordinaria\/","og_locale":"pt_BR","og_type":"article","og_title":"Santana do Piau\u00ed | C\u00e2mara Municipal realiza sess\u00e3o ordin\u00e1ria","og_description":"A c\u00e2mara municipal de Santana do Piau\u00ed realizou na noite desta sexta-feira, 31 de maio, sess\u00e3o ordin\u00e1ria, que foi presidida pelo primeiro secret\u00e1rio da mesa diretora, o vereador Marcus Vin\u00edcio (MDB), e como n\u00e3o havia nenhuma pauta espec\u00edfica, ele abriu a tribuna para que os parlamentares pudessem se pronunciar. O vereador Ricardo Rodrigues, abriu sua [&hellip;]","og_url":"https:\/\/noticiaempauta.com\/portal\/santana-do-piaui-camara-municipal-realiza-sessao-ordinaria\/","og_site_name":"Portal Not\u00edcia em Pauta","article_publisher":"https:\/\/www.facebook.com\/Portal-Notcia-Em-Pauta-102292869264820\/","article_published_time":"2024-06-01T09:58:17+00:00","article_modified_time":"2024-06-01T09:58:18+00:00","og_image":[{"width":2560,"height":1920,"url":"https:\/\/noticiaempauta.com\/portal\/wp-content\/uploads\/2024\/06\/IMG_1924-scaled.jpeg","type":"image\/jpeg"}],"author":"Reda\u00e7\u00e3o","twitter_card":"summary_large_image","twitter_misc":{"Escrito por":"Reda\u00e7\u00e3o","Est. tempo de leitura":"6 minutos"},"schema":{"@context":"https:\/\/schema.org","@graph":[{"@type":"Article","@id":"https:\/\/noticiaempauta.com\/portal\/santana-do-piaui-camara-municipal-realiza-sessao-ordinaria\/#article","isPartOf":{"@id":"https:\/\/noticiaempauta.com\/portal\/santana-do-piaui-camara-municipal-realiza-sessao-ordinaria\/"},"author":{"name":"Reda\u00e7\u00e3o","@id":"https:\/\/noticiaempauta.com\/portal\/#\/schema\/person\/a74af43dd1ab3deca45f988c717d57ac"},"headline":"Santana do Piau\u00ed | C\u00e2mara Municipal realiza sess\u00e3o ordin\u00e1ria","datePublished":"2024-06-01T09:58:17+00:00","dateModified":"2024-06-01T09:58:18+00:00","mainEntityOfPage":{"@id":"https:\/\/noticiaempauta.com\/portal\/santana-do-piaui-camara-municipal-realiza-sessao-ordinaria\/"},"wordCount":773,"commentCount":0,"publisher":{"@id":"https:\/\/noticiaempauta.com\/portal\/#organization"},"image":{"@id":"https:\/\/noticiaempauta.com\/portal\/santana-do-piaui-camara-municipal-realiza-sessao-ordinaria\/#primaryimage"},"thumbnailUrl":"https:\/\/noticiaempauta.com\/portal\/wp-content\/uploads\/2024\/06\/IMG_1924-scaled.jpeg","articleSection":["Geral","Munic\u00edpios","Todas as Not\u00edcias"],"inLanguage":"pt-BR","potentialAction":[{"@type":"CommentAction","name":"Comment","target":["https:\/\/noticiaempauta.com\/portal\/santana-do-piaui-camara-municipal-realiza-sessao-ordinaria\/#respond"]}]},{"@type":"WebPage","@id":"https:\/\/noticiaempauta.com\/portal\/santana-do-piaui-camara-municipal-realiza-sessao-ordinaria\/","url":"https:\/\/noticiaempauta.com\/portal\/santana-do-piaui-camara-municipal-realiza-sessao-ordinaria\/","name":"Santana do Piau\u00ed | C\u00e2mara Municipal realiza sess\u00e3o ordin\u00e1ria - Portal Not\u00edcia em Pauta","isPartOf":{"@id":"https:\/\/noticiaempauta.com\/portal\/#website"},"primaryImageOfPage":{"@id":"https:\/\/noticiaempauta.com\/portal\/santana-do-piaui-camara-municipal-realiza-sessao-ordinaria\/#primaryimage"},"image":{"@id":"https:\/\/noticiaempauta.com\/portal\/santana-do-piaui-camara-municipal-realiza-sessao-ordinaria\/#primaryimage"},"thumbnailUrl":"https:\/\/noticiaempauta.com\/portal\/wp-content\/uploads\/2024\/06\/IMG_1924-scaled.jpeg","datePublished":"2024-06-01T09:58:17+00:00","dateModified":"2024-06-01T09:58:18+00:00","breadcrumb":{"@id":"https:\/\/noticiaempauta.com\/portal\/santana-do-piaui-camara-municipal-realiza-sessao-ordinaria\/#breadcrumb"},"inLanguage":"pt-BR","potentialAction":[{"@type":"ReadAction","target":["https:\/\/noticiaempauta.com\/portal\/santana-do-piaui-camara-municipal-realiza-sessao-ordinaria\/"]}]},{"@type":"ImageObject","inLanguage":"pt-BR","@id":"https:\/\/noticiaempauta.com\/portal\/santana-do-piaui-camara-municipal-realiza-sessao-ordinaria\/#primaryimage","url":"https:\/\/noticiaempauta.com\/portal\/wp-content\/uploads\/2024\/06\/IMG_1924-scaled.jpeg","contentUrl":"https:\/\/noticiaempauta.com\/portal\/wp-content\/uploads\/2024\/06\/IMG_1924-scaled.jpeg","width":2560,"height":1920},{"@type":"BreadcrumbList","@id":"https:\/\/noticiaempauta.com\/portal\/santana-do-piaui-camara-municipal-realiza-sessao-ordinaria\/#breadcrumb","itemListElement":[{"@type":"ListItem","position":1,"name":"P\u00e1gina Inicial","item":"https:\/\/noticiaempauta.com\/portal\/"},{"@type":"ListItem","position":2,"name":"Geral","item":"https:\/\/noticiaempauta.com\/portal\/geral\/"},{"@type":"ListItem","position":3,"name":"Santana do Piau\u00ed | C\u00e2mara Municipal realiza sess\u00e3o ordin\u00e1ria"}]},{"@type":"WebSite","@id":"https:\/\/noticiaempauta.com\/portal\/#website","url":"https:\/\/noticiaempauta.com\/portal\/","name":"Portal Not\u00edcia em Pauta","description":"Voc\u00ea bem informado","publisher":{"@id":"https:\/\/noticiaempauta.com\/portal\/#organization"},"potentialAction":[{"@type":"SearchAction","target":{"@type":"EntryPoint","urlTemplate":"https:\/\/noticiaempauta.com\/portal\/?s={search_term_string}"},"query-input":{"@type":"PropertyValueSpecification","valueRequired":true,"valueName":"search_term_string"}}],"inLanguage":"pt-BR"},{"@type":"Organization","@id":"https:\/\/noticiaempauta.com\/portal\/#organization","name":"Portal Not\u00edcia em Pauta","url":"https:\/\/noticiaempauta.com\/portal\/","logo":{"@type":"ImageObject","inLanguage":"pt-BR","@id":"https:\/\/noticiaempauta.com\/portal\/#\/schema\/logo\/image\/","url":"https:\/\/noticiaempauta.com\/portal\/wp-content\/uploads\/2022\/08\/logomarca_tema.fw_.png","contentUrl":"https:\/\/noticiaempauta.com\/portal\/wp-content\/uploads\/2022\/08\/logomarca_tema.fw_.png","width":400,"height":232,"caption":"Portal Not\u00edcia em Pauta"},"image":{"@id":"https:\/\/noticiaempauta.com\/portal\/#\/schema\/logo\/image\/"},"sameAs":["https:\/\/www.facebook.com\/Portal-Notcia-Em-Pauta-102292869264820\/","https:\/\/www.instagram.com\/portalnoticiaempauta\/"]},{"@type":"Person","@id":"https:\/\/noticiaempauta.com\/portal\/#\/schema\/person\/a74af43dd1ab3deca45f988c717d57ac","name":"Reda\u00e7\u00e3o","image":{"@type":"ImageObject","inLanguage":"pt-BR","@id":"https:\/\/noticiaempauta.com\/portal\/#\/schema\/person\/image\/","url":"https:\/\/secure.gravatar.com\/avatar\/03179346ecce6cdfc13361603e8f54242a90e5cde8618fa23c5c00aa2b0aadf3?s=96&d=mm&r=g","contentUrl":"https:\/\/secure.gravatar.com\/avatar\/03179346ecce6cdfc13361603e8f54242a90e5cde8618fa23c5c00aa2b0aadf3?s=96&d=mm&r=g","caption":"Reda\u00e7\u00e3o"},"sameAs":["https:\/\/noticiaempauta.com\/portal\/"],"url":"https:\/\/noticiaempauta.com\/portal\/author\/fernando\/"}]}},"_links":{"self":[{"href":"https:\/\/noticiaempauta.com\/portal\/wp-json\/wp\/v2\/posts\/258404","targetHints":{"allow":["GET"]}}],"collection":[{"href":"https:\/\/noticiaempauta.com\/portal\/wp-json\/wp\/v2\/posts"}],"about":[{"href":"https:\/\/noticiaempauta.com\/portal\/wp-json\/wp\/v2\/types\/post"}],"author":[{"embeddable":true,"href":"https:\/\/noticiaempauta.com\/portal\/wp-json\/wp\/v2\/users\/2"}],"replies":[{"embeddable":true,"href":"https:\/\/noticiaempauta.com\/portal\/wp-json\/wp\/v2\/comments?post=258404"}],"version-history":[{"count":2,"href":"https:\/\/noticiaempauta.com\/portal\/wp-json\/wp\/v2\/posts\/258404\/revisions"}],"predecessor-version":[{"id":258415,"href":"https:\/\/noticiaempauta.com\/portal\/wp-json\/wp\/v2\/posts\/258404\/revisions\/258415"}],"wp:featuredmedia":[{"embeddable":true,"href":"https:\/\/noticiaempauta.com\/portal\/wp-json\/wp\/v2\/media\/258409"}],"wp:attachment":[{"href":"https:\/\/noticiaempauta.com\/portal\/wp-json\/wp\/v2\/media?parent=258404"}],"wp:term":[{"taxonomy":"category","embeddable":true,"href":"https:\/\/noticiaempauta.com\/portal\/wp-json\/wp\/v2\/categories?post=258404"},{"taxonomy":"post_tag","embeddable":true,"href":"https:\/\/noticiaempauta.com\/portal\/wp-json\/wp\/v2\/tags?post=258404"}],"curies":[{"name":"wp","href":"https:\/\/api.w.org\/{rel}","templated":true}]}}