{"id":258406,"date":"2024-06-01T07:16:39","date_gmt":"2024-06-01T10:16:39","guid":{"rendered":"https:\/\/noticiaempauta.com\/portal\/?p=258406"},"modified":"2024-06-01T07:21:34","modified_gmt":"2024-06-01T10:21:34","slug":"itainopolis-oposicao-confirma-o-ex-vereador-ze-carlos-como-pre-candidato-a-vice-na-chapa-com-maninho-de-henrique","status":"publish","type":"post","link":"https:\/\/noticiaempauta.com\/portal\/itainopolis-oposicao-confirma-o-ex-vereador-ze-carlos-como-pre-candidato-a-vice-na-chapa-com-maninho-de-henrique\/","title":{"rendered":"ITAIN\u00d3POLIS | Oposi\u00e7\u00e3o confirma o ex-vereador Z\u00e9 Carlos como pr\u00e9-candidato a vice na chapa com Maninho de Henrique"},"content":{"rendered":"\n<p>Na noite desta sexta-feira, 31 de maio, durante as festividades alusiva aos 70 anos emancipa\u00e7\u00e3o do munic\u00edpio de Itain\u00f3polis, o grupo oposicionista reuniu amigos, vereadores e demais l\u00edderes pol\u00edticos para formaliza\u00e7\u00e3o da escolha do empres\u00e1rio e ex-vereador Z\u00e9 Carlos como pr\u00e9-candidato a vice-prefeito na chapa majorit\u00e1ria, que tem como pr\u00e9-candidato a prefeito o atual vereador Maninho de Henrique (MDB).<\/p>\n\n\n\n<figure class=\"wp-block-image size-large\"><img fetchpriority=\"high\" decoding=\"async\" width=\"1024\" height=\"747\" src=\"https:\/\/noticiaempauta.com\/portal\/wp-content\/uploads\/2024\/06\/472917c4-ceb7-4988-9077-2a72ed4673a9-1024x747.jpeg\" alt=\"\" class=\"wp-image-258419\" srcset=\"https:\/\/noticiaempauta.com\/portal\/wp-content\/uploads\/2024\/06\/472917c4-ceb7-4988-9077-2a72ed4673a9-1024x747.jpeg 1024w, https:\/\/noticiaempauta.com\/portal\/wp-content\/uploads\/2024\/06\/472917c4-ceb7-4988-9077-2a72ed4673a9-300x219.jpeg 300w, https:\/\/noticiaempauta.com\/portal\/wp-content\/uploads\/2024\/06\/472917c4-ceb7-4988-9077-2a72ed4673a9-768x560.jpeg 768w, https:\/\/noticiaempauta.com\/portal\/wp-content\/uploads\/2024\/06\/472917c4-ceb7-4988-9077-2a72ed4673a9.jpeg 1170w\" sizes=\"(max-width: 1024px) 100vw, 1024px\" \/><\/figure>\n\n\n\n<p>Na ocasi\u00e3o tamb\u00e9m estiveram presentes o ex-prefeito Z\u00e9 Maia, o ex-prefeito e atual o Superintendente de Desenvolvimento Econ\u00f4mico do Piau\u00ed , Mainha, vereador Nicael, o presidente do MDB municipal Valderson Dantas e demais nomes que formar\u00e3o a chapa proporcional para disputa ao cargo de vereador, al\u00e9m de amigos e correligion\u00e1rios pol\u00edticos que integram a oposi\u00e7\u00e3o em Itain\u00f3polis.<\/p>\n\n\n\n<figure class=\"wp-block-image size-large\"><img decoding=\"async\" width=\"1024\" height=\"768\" src=\"https:\/\/noticiaempauta.com\/portal\/wp-content\/uploads\/2024\/06\/WhatsApp-Image-2024-06-01-at-06.59.28-1024x768.jpeg\" alt=\"\" class=\"wp-image-258416\" srcset=\"https:\/\/noticiaempauta.com\/portal\/wp-content\/uploads\/2024\/06\/WhatsApp-Image-2024-06-01-at-06.59.28-1024x768.jpeg 1024w, https:\/\/noticiaempauta.com\/portal\/wp-content\/uploads\/2024\/06\/WhatsApp-Image-2024-06-01-at-06.59.28-300x225.jpeg 300w, https:\/\/noticiaempauta.com\/portal\/wp-content\/uploads\/2024\/06\/WhatsApp-Image-2024-06-01-at-06.59.28-768x576.jpeg 768w, https:\/\/noticiaempauta.com\/portal\/wp-content\/uploads\/2024\/06\/WhatsApp-Image-2024-06-01-at-06.59.28.jpeg 1170w\" sizes=\"(max-width: 1024px) 100vw, 1024px\" \/><\/figure>\n\n\n\n<p>&#8221; \u00c9 com muita alegria que anunciamos o nosso amigo Z\u00e9 Carlos como nosso companheiro de chapa nessa jornada. Um homem do povo que conhece como ningu\u00e9m as necessidades da nossa gente, seja bem-vindo meu amigo, juntos faremos hist\u00f3ria &#8220;, comentou Maninho de Henrique.<\/p>\n\n\n\n<figure class=\"wp-block-image size-large\"><img decoding=\"async\" width=\"1024\" height=\"779\" src=\"https:\/\/noticiaempauta.com\/portal\/wp-content\/uploads\/2024\/06\/76e1b21d-0be2-475e-8a79-cc83ef076e79-1024x779.jpeg\" alt=\"\" class=\"wp-image-258421\" srcset=\"https:\/\/noticiaempauta.com\/portal\/wp-content\/uploads\/2024\/06\/76e1b21d-0be2-475e-8a79-cc83ef076e79-1024x779.jpeg 1024w, https:\/\/noticiaempauta.com\/portal\/wp-content\/uploads\/2024\/06\/76e1b21d-0be2-475e-8a79-cc83ef076e79-300x228.jpeg 300w, https:\/\/noticiaempauta.com\/portal\/wp-content\/uploads\/2024\/06\/76e1b21d-0be2-475e-8a79-cc83ef076e79-768x584.jpeg 768w, https:\/\/noticiaempauta.com\/portal\/wp-content\/uploads\/2024\/06\/76e1b21d-0be2-475e-8a79-cc83ef076e79.jpeg 1170w\" sizes=\"(max-width: 1024px) 100vw, 1024px\" \/><\/figure>\n\n\n\n<p>Bastante conhecido em todo o munic\u00edpio, Z\u00e9 Carlos por v\u00e1rios mandatos foi vereador em Itain\u00f3polis, e nas elei\u00e7\u00f5es de 2016 disputou o cargo de prefeito do munic\u00edpio, obtendo 1.457 votos v\u00e1lidos.<\/p>\n","protected":false},"excerpt":{"rendered":"<p>Na noite desta sexta-feira, 31 de maio, durante as festividades alusiva aos 70 anos emancipa\u00e7\u00e3o do munic\u00edpio de Itain\u00f3polis, o grupo oposicionista reuniu amigos, vereadores e demais l\u00edderes pol\u00edticos para formaliza\u00e7\u00e3o da escolha do empres\u00e1rio e ex-vereador Z\u00e9 Carlos como pr\u00e9-candidato a vice-prefeito na chapa majorit\u00e1ria, que tem como pr\u00e9-candidato a prefeito o atual vereador [&hellip;]<\/p>\n","protected":false},"author":2,"featured_media":258416,"comment_status":"open","ping_status":"open","sticky":false,"template":"","format":"standard","meta":{"_mi_skip_tracking":false,"footnotes":""},"categories":[25,1,9,3,16],"tags":[192],"class_list":["post-258406","post","type-post","status-publish","format-standard","has-post-thumbnail","hentry","category-destaques-site","category-geral","category-municipios","category-politica","category-todas","tag-destaqueprincipal"],"acf":[],"yoast_head":"<!-- This site is optimized with the Yoast SEO Premium plugin v19.2 (Yoast SEO v26.9) - https:\/\/yoast.com\/product\/yoast-seo-premium-wordpress\/ -->\n<title>ITAIN\u00d3POLIS | Oposi\u00e7\u00e3o confirma o ex-vereador Z\u00e9 Carlos como pr\u00e9-candidato a vice na chapa com Maninho de Henrique - Portal Not\u00edcia em Pauta<\/title>\n<meta name=\"robots\" content=\"index, follow, max-snippet:-1, max-image-preview:large, max-video-preview:-1\" \/>\n<link rel=\"canonical\" href=\"https:\/\/noticiaempauta.com\/portal\/itainopolis-oposicao-confirma-o-ex-vereador-ze-carlos-como-pre-candidato-a-vice-na-chapa-com-maninho-de-henrique\/\" \/>\n<meta property=\"og:locale\" content=\"pt_BR\" \/>\n<meta property=\"og:type\" content=\"article\" \/>\n<meta property=\"og:title\" content=\"ITAIN\u00d3POLIS | Oposi\u00e7\u00e3o confirma o ex-vereador Z\u00e9 Carlos como pr\u00e9-candidato a vice na chapa com Maninho de Henrique\" \/>\n<meta property=\"og:description\" content=\"Na noite desta sexta-feira, 31 de maio, durante as festividades alusiva aos 70 anos emancipa\u00e7\u00e3o do munic\u00edpio de Itain\u00f3polis, o grupo oposicionista reuniu amigos, vereadores e demais l\u00edderes pol\u00edticos para formaliza\u00e7\u00e3o da escolha do empres\u00e1rio e ex-vereador Z\u00e9 Carlos como pr\u00e9-candidato a vice-prefeito na chapa majorit\u00e1ria, que tem como pr\u00e9-candidato a prefeito o atual vereador [&hellip;]\" \/>\n<meta property=\"og:url\" content=\"https:\/\/noticiaempauta.com\/portal\/itainopolis-oposicao-confirma-o-ex-vereador-ze-carlos-como-pre-candidato-a-vice-na-chapa-com-maninho-de-henrique\/\" \/>\n<meta property=\"og:site_name\" content=\"Portal Not\u00edcia em Pauta\" \/>\n<meta property=\"article:publisher\" content=\"https:\/\/www.facebook.com\/Portal-Notcia-Em-Pauta-102292869264820\/\" \/>\n<meta property=\"article:published_time\" content=\"2024-06-01T10:16:39+00:00\" \/>\n<meta property=\"article:modified_time\" content=\"2024-06-01T10:21:34+00:00\" \/>\n<meta property=\"og:image\" content=\"https:\/\/noticiaempauta.com\/portal\/wp-content\/uploads\/2024\/06\/WhatsApp-Image-2024-06-01-at-06.59.28.jpeg\" \/>\n\t<meta property=\"og:image:width\" content=\"1170\" \/>\n\t<meta property=\"og:image:height\" content=\"877\" \/>\n\t<meta property=\"og:image:type\" content=\"image\/jpeg\" \/>\n<meta name=\"author\" content=\"Reda\u00e7\u00e3o\" \/>\n<meta name=\"twitter:card\" content=\"summary_large_image\" \/>\n<meta name=\"twitter:label1\" content=\"Escrito por\" \/>\n\t<meta name=\"twitter:data1\" content=\"Reda\u00e7\u00e3o\" \/>\n\t<meta name=\"twitter:label2\" content=\"Est. tempo de leitura\" \/>\n\t<meta name=\"twitter:data2\" content=\"2 minutos\" \/>\n<script type=\"application\/ld+json\" class=\"yoast-schema-graph\">{\"@context\":\"https:\/\/schema.org\",\"@graph\":[{\"@type\":\"Article\",\"@id\":\"https:\/\/noticiaempauta.com\/portal\/itainopolis-oposicao-confirma-o-ex-vereador-ze-carlos-como-pre-candidato-a-vice-na-chapa-com-maninho-de-henrique\/#article\",\"isPartOf\":{\"@id\":\"https:\/\/noticiaempauta.com\/portal\/itainopolis-oposicao-confirma-o-ex-vereador-ze-carlos-como-pre-candidato-a-vice-na-chapa-com-maninho-de-henrique\/\"},\"author\":{\"name\":\"Reda\u00e7\u00e3o\",\"@id\":\"https:\/\/noticiaempauta.com\/portal\/#\/schema\/person\/a74af43dd1ab3deca45f988c717d57ac\"},\"headline\":\"ITAIN\u00d3POLIS | Oposi\u00e7\u00e3o confirma o ex-vereador Z\u00e9 Carlos como pr\u00e9-candidato a vice na chapa com Maninho de Henrique\",\"datePublished\":\"2024-06-01T10:16:39+00:00\",\"dateModified\":\"2024-06-01T10:21:34+00:00\",\"mainEntityOfPage\":{\"@id\":\"https:\/\/noticiaempauta.com\/portal\/itainopolis-oposicao-confirma-o-ex-vereador-ze-carlos-como-pre-candidato-a-vice-na-chapa-com-maninho-de-henrique\/\"},\"wordCount\":230,\"commentCount\":0,\"publisher\":{\"@id\":\"https:\/\/noticiaempauta.com\/portal\/#organization\"},\"image\":{\"@id\":\"https:\/\/noticiaempauta.com\/portal\/itainopolis-oposicao-confirma-o-ex-vereador-ze-carlos-como-pre-candidato-a-vice-na-chapa-com-maninho-de-henrique\/#primaryimage\"},\"thumbnailUrl\":\"https:\/\/noticiaempauta.com\/portal\/wp-content\/uploads\/2024\/06\/WhatsApp-Image-2024-06-01-at-06.59.28.jpeg\",\"keywords\":[\"destaqueprincipal\"],\"articleSection\":[\"Destaques\",\"Geral\",\"Munic\u00edpios\",\"Pol\u00edtica\",\"Todas as Not\u00edcias\"],\"inLanguage\":\"pt-BR\",\"potentialAction\":[{\"@type\":\"CommentAction\",\"name\":\"Comment\",\"target\":[\"https:\/\/noticiaempauta.com\/portal\/itainopolis-oposicao-confirma-o-ex-vereador-ze-carlos-como-pre-candidato-a-vice-na-chapa-com-maninho-de-henrique\/#respond\"]}]},{\"@type\":\"WebPage\",\"@id\":\"https:\/\/noticiaempauta.com\/portal\/itainopolis-oposicao-confirma-o-ex-vereador-ze-carlos-como-pre-candidato-a-vice-na-chapa-com-maninho-de-henrique\/\",\"url\":\"https:\/\/noticiaempauta.com\/portal\/itainopolis-oposicao-confirma-o-ex-vereador-ze-carlos-como-pre-candidato-a-vice-na-chapa-com-maninho-de-henrique\/\",\"name\":\"ITAIN\u00d3POLIS | Oposi\u00e7\u00e3o confirma o ex-vereador Z\u00e9 Carlos como pr\u00e9-candidato a vice na chapa com Maninho de Henrique - Portal Not\u00edcia em Pauta\",\"isPartOf\":{\"@id\":\"https:\/\/noticiaempauta.com\/portal\/#website\"},\"primaryImageOfPage\":{\"@id\":\"https:\/\/noticiaempauta.com\/portal\/itainopolis-oposicao-confirma-o-ex-vereador-ze-carlos-como-pre-candidato-a-vice-na-chapa-com-maninho-de-henrique\/#primaryimage\"},\"image\":{\"@id\":\"https:\/\/noticiaempauta.com\/portal\/itainopolis-oposicao-confirma-o-ex-vereador-ze-carlos-como-pre-candidato-a-vice-na-chapa-com-maninho-de-henrique\/#primaryimage\"},\"thumbnailUrl\":\"https:\/\/noticiaempauta.com\/portal\/wp-content\/uploads\/2024\/06\/WhatsApp-Image-2024-06-01-at-06.59.28.jpeg\",\"datePublished\":\"2024-06-01T10:16:39+00:00\",\"dateModified\":\"2024-06-01T10:21:34+00:00\",\"breadcrumb\":{\"@id\":\"https:\/\/noticiaempauta.com\/portal\/itainopolis-oposicao-confirma-o-ex-vereador-ze-carlos-como-pre-candidato-a-vice-na-chapa-com-maninho-de-henrique\/#breadcrumb\"},\"inLanguage\":\"pt-BR\",\"potentialAction\":[{\"@type\":\"ReadAction\",\"target\":[\"https:\/\/noticiaempauta.com\/portal\/itainopolis-oposicao-confirma-o-ex-vereador-ze-carlos-como-pre-candidato-a-vice-na-chapa-com-maninho-de-henrique\/\"]}]},{\"@type\":\"ImageObject\",\"inLanguage\":\"pt-BR\",\"@id\":\"https:\/\/noticiaempauta.com\/portal\/itainopolis-oposicao-confirma-o-ex-vereador-ze-carlos-como-pre-candidato-a-vice-na-chapa-com-maninho-de-henrique\/#primaryimage\",\"url\":\"https:\/\/noticiaempauta.com\/portal\/wp-content\/uploads\/2024\/06\/WhatsApp-Image-2024-06-01-at-06.59.28.jpeg\",\"contentUrl\":\"https:\/\/noticiaempauta.com\/portal\/wp-content\/uploads\/2024\/06\/WhatsApp-Image-2024-06-01-at-06.59.28.jpeg\",\"width\":1170,\"height\":877},{\"@type\":\"BreadcrumbList\",\"@id\":\"https:\/\/noticiaempauta.com\/portal\/itainopolis-oposicao-confirma-o-ex-vereador-ze-carlos-como-pre-candidato-a-vice-na-chapa-com-maninho-de-henrique\/#breadcrumb\",\"itemListElement\":[{\"@type\":\"ListItem\",\"position\":1,\"name\":\"P\u00e1gina Inicial\",\"item\":\"https:\/\/noticiaempauta.com\/portal\/\"},{\"@type\":\"ListItem\",\"position\":2,\"name\":\"Destaques\",\"item\":\"https:\/\/noticiaempauta.com\/portal\/destaques-site\/\"},{\"@type\":\"ListItem\",\"position\":3,\"name\":\"ITAIN\u00d3POLIS | Oposi\u00e7\u00e3o confirma o ex-vereador Z\u00e9 Carlos como pr\u00e9-candidato a vice na chapa com Maninho de Henrique\"}]},{\"@type\":\"WebSite\",\"@id\":\"https:\/\/noticiaempauta.com\/portal\/#website\",\"url\":\"https:\/\/noticiaempauta.com\/portal\/\",\"name\":\"Portal Not\u00edcia em Pauta\",\"description\":\"Voc\u00ea bem informado\",\"publisher\":{\"@id\":\"https:\/\/noticiaempauta.com\/portal\/#organization\"},\"potentialAction\":[{\"@type\":\"SearchAction\",\"target\":{\"@type\":\"EntryPoint\",\"urlTemplate\":\"https:\/\/noticiaempauta.com\/portal\/?s={search_term_string}\"},\"query-input\":{\"@type\":\"PropertyValueSpecification\",\"valueRequired\":true,\"valueName\":\"search_term_string\"}}],\"inLanguage\":\"pt-BR\"},{\"@type\":\"Organization\",\"@id\":\"https:\/\/noticiaempauta.com\/portal\/#organization\",\"name\":\"Portal Not\u00edcia em Pauta\",\"url\":\"https:\/\/noticiaempauta.com\/portal\/\",\"logo\":{\"@type\":\"ImageObject\",\"inLanguage\":\"pt-BR\",\"@id\":\"https:\/\/noticiaempauta.com\/portal\/#\/schema\/logo\/image\/\",\"url\":\"https:\/\/noticiaempauta.com\/portal\/wp-content\/uploads\/2022\/08\/logomarca_tema.fw_.png\",\"contentUrl\":\"https:\/\/noticiaempauta.com\/portal\/wp-content\/uploads\/2022\/08\/logomarca_tema.fw_.png\",\"width\":400,\"height\":232,\"caption\":\"Portal Not\u00edcia em Pauta\"},\"image\":{\"@id\":\"https:\/\/noticiaempauta.com\/portal\/#\/schema\/logo\/image\/\"},\"sameAs\":[\"https:\/\/www.facebook.com\/Portal-Notcia-Em-Pauta-102292869264820\/\",\"https:\/\/www.instagram.com\/portalnoticiaempauta\/\"]},{\"@type\":\"Person\",\"@id\":\"https:\/\/noticiaempauta.com\/portal\/#\/schema\/person\/a74af43dd1ab3deca45f988c717d57ac\",\"name\":\"Reda\u00e7\u00e3o\",\"image\":{\"@type\":\"ImageObject\",\"inLanguage\":\"pt-BR\",\"@id\":\"https:\/\/noticiaempauta.com\/portal\/#\/schema\/person\/image\/\",\"url\":\"https:\/\/secure.gravatar.com\/avatar\/03179346ecce6cdfc13361603e8f54242a90e5cde8618fa23c5c00aa2b0aadf3?s=96&d=mm&r=g\",\"contentUrl\":\"https:\/\/secure.gravatar.com\/avatar\/03179346ecce6cdfc13361603e8f54242a90e5cde8618fa23c5c00aa2b0aadf3?s=96&d=mm&r=g\",\"caption\":\"Reda\u00e7\u00e3o\"},\"sameAs\":[\"https:\/\/noticiaempauta.com\/portal\/\"],\"url\":\"https:\/\/noticiaempauta.com\/portal\/author\/fernando\/\"}]}<\/script>\n<!-- \/ Yoast SEO Premium plugin. -->","yoast_head_json":{"title":"ITAIN\u00d3POLIS | Oposi\u00e7\u00e3o confirma o ex-vereador Z\u00e9 Carlos como pr\u00e9-candidato a vice na chapa com Maninho de Henrique - Portal Not\u00edcia em Pauta","robots":{"index":"index","follow":"follow","max-snippet":"max-snippet:-1","max-image-preview":"max-image-preview:large","max-video-preview":"max-video-preview:-1"},"canonical":"https:\/\/noticiaempauta.com\/portal\/itainopolis-oposicao-confirma-o-ex-vereador-ze-carlos-como-pre-candidato-a-vice-na-chapa-com-maninho-de-henrique\/","og_locale":"pt_BR","og_type":"article","og_title":"ITAIN\u00d3POLIS | Oposi\u00e7\u00e3o confirma o ex-vereador Z\u00e9 Carlos como pr\u00e9-candidato a vice na chapa com Maninho de Henrique","og_description":"Na noite desta sexta-feira, 31 de maio, durante as festividades alusiva aos 70 anos emancipa\u00e7\u00e3o do munic\u00edpio de Itain\u00f3polis, o grupo oposicionista reuniu amigos, vereadores e demais l\u00edderes pol\u00edticos para formaliza\u00e7\u00e3o da escolha do empres\u00e1rio e ex-vereador Z\u00e9 Carlos como pr\u00e9-candidato a vice-prefeito na chapa majorit\u00e1ria, que tem como pr\u00e9-candidato a prefeito o atual vereador [&hellip;]","og_url":"https:\/\/noticiaempauta.com\/portal\/itainopolis-oposicao-confirma-o-ex-vereador-ze-carlos-como-pre-candidato-a-vice-na-chapa-com-maninho-de-henrique\/","og_site_name":"Portal Not\u00edcia em Pauta","article_publisher":"https:\/\/www.facebook.com\/Portal-Notcia-Em-Pauta-102292869264820\/","article_published_time":"2024-06-01T10:16:39+00:00","article_modified_time":"2024-06-01T10:21:34+00:00","og_image":[{"width":1170,"height":877,"url":"https:\/\/noticiaempauta.com\/portal\/wp-content\/uploads\/2024\/06\/WhatsApp-Image-2024-06-01-at-06.59.28.jpeg","type":"image\/jpeg"}],"author":"Reda\u00e7\u00e3o","twitter_card":"summary_large_image","twitter_misc":{"Escrito por":"Reda\u00e7\u00e3o","Est. tempo de leitura":"2 minutos"},"schema":{"@context":"https:\/\/schema.org","@graph":[{"@type":"Article","@id":"https:\/\/noticiaempauta.com\/portal\/itainopolis-oposicao-confirma-o-ex-vereador-ze-carlos-como-pre-candidato-a-vice-na-chapa-com-maninho-de-henrique\/#article","isPartOf":{"@id":"https:\/\/noticiaempauta.com\/portal\/itainopolis-oposicao-confirma-o-ex-vereador-ze-carlos-como-pre-candidato-a-vice-na-chapa-com-maninho-de-henrique\/"},"author":{"name":"Reda\u00e7\u00e3o","@id":"https:\/\/noticiaempauta.com\/portal\/#\/schema\/person\/a74af43dd1ab3deca45f988c717d57ac"},"headline":"ITAIN\u00d3POLIS | Oposi\u00e7\u00e3o confirma o ex-vereador Z\u00e9 Carlos como pr\u00e9-candidato a vice na chapa com Maninho de Henrique","datePublished":"2024-06-01T10:16:39+00:00","dateModified":"2024-06-01T10:21:34+00:00","mainEntityOfPage":{"@id":"https:\/\/noticiaempauta.com\/portal\/itainopolis-oposicao-confirma-o-ex-vereador-ze-carlos-como-pre-candidato-a-vice-na-chapa-com-maninho-de-henrique\/"},"wordCount":230,"commentCount":0,"publisher":{"@id":"https:\/\/noticiaempauta.com\/portal\/#organization"},"image":{"@id":"https:\/\/noticiaempauta.com\/portal\/itainopolis-oposicao-confirma-o-ex-vereador-ze-carlos-como-pre-candidato-a-vice-na-chapa-com-maninho-de-henrique\/#primaryimage"},"thumbnailUrl":"https:\/\/noticiaempauta.com\/portal\/wp-content\/uploads\/2024\/06\/WhatsApp-Image-2024-06-01-at-06.59.28.jpeg","keywords":["destaqueprincipal"],"articleSection":["Destaques","Geral","Munic\u00edpios","Pol\u00edtica","Todas as Not\u00edcias"],"inLanguage":"pt-BR","potentialAction":[{"@type":"CommentAction","name":"Comment","target":["https:\/\/noticiaempauta.com\/portal\/itainopolis-oposicao-confirma-o-ex-vereador-ze-carlos-como-pre-candidato-a-vice-na-chapa-com-maninho-de-henrique\/#respond"]}]},{"@type":"WebPage","@id":"https:\/\/noticiaempauta.com\/portal\/itainopolis-oposicao-confirma-o-ex-vereador-ze-carlos-como-pre-candidato-a-vice-na-chapa-com-maninho-de-henrique\/","url":"https:\/\/noticiaempauta.com\/portal\/itainopolis-oposicao-confirma-o-ex-vereador-ze-carlos-como-pre-candidato-a-vice-na-chapa-com-maninho-de-henrique\/","name":"ITAIN\u00d3POLIS | Oposi\u00e7\u00e3o confirma o ex-vereador Z\u00e9 Carlos como pr\u00e9-candidato a vice na chapa com Maninho de Henrique - Portal Not\u00edcia em Pauta","isPartOf":{"@id":"https:\/\/noticiaempauta.com\/portal\/#website"},"primaryImageOfPage":{"@id":"https:\/\/noticiaempauta.com\/portal\/itainopolis-oposicao-confirma-o-ex-vereador-ze-carlos-como-pre-candidato-a-vice-na-chapa-com-maninho-de-henrique\/#primaryimage"},"image":{"@id":"https:\/\/noticiaempauta.com\/portal\/itainopolis-oposicao-confirma-o-ex-vereador-ze-carlos-como-pre-candidato-a-vice-na-chapa-com-maninho-de-henrique\/#primaryimage"},"thumbnailUrl":"https:\/\/noticiaempauta.com\/portal\/wp-content\/uploads\/2024\/06\/WhatsApp-Image-2024-06-01-at-06.59.28.jpeg","datePublished":"2024-06-01T10:16:39+00:00","dateModified":"2024-06-01T10:21:34+00:00","breadcrumb":{"@id":"https:\/\/noticiaempauta.com\/portal\/itainopolis-oposicao-confirma-o-ex-vereador-ze-carlos-como-pre-candidato-a-vice-na-chapa-com-maninho-de-henrique\/#breadcrumb"},"inLanguage":"pt-BR","potentialAction":[{"@type":"ReadAction","target":["https:\/\/noticiaempauta.com\/portal\/itainopolis-oposicao-confirma-o-ex-vereador-ze-carlos-como-pre-candidato-a-vice-na-chapa-com-maninho-de-henrique\/"]}]},{"@type":"ImageObject","inLanguage":"pt-BR","@id":"https:\/\/noticiaempauta.com\/portal\/itainopolis-oposicao-confirma-o-ex-vereador-ze-carlos-como-pre-candidato-a-vice-na-chapa-com-maninho-de-henrique\/#primaryimage","url":"https:\/\/noticiaempauta.com\/portal\/wp-content\/uploads\/2024\/06\/WhatsApp-Image-2024-06-01-at-06.59.28.jpeg","contentUrl":"https:\/\/noticiaempauta.com\/portal\/wp-content\/uploads\/2024\/06\/WhatsApp-Image-2024-06-01-at-06.59.28.jpeg","width":1170,"height":877},{"@type":"BreadcrumbList","@id":"https:\/\/noticiaempauta.com\/portal\/itainopolis-oposicao-confirma-o-ex-vereador-ze-carlos-como-pre-candidato-a-vice-na-chapa-com-maninho-de-henrique\/#breadcrumb","itemListElement":[{"@type":"ListItem","position":1,"name":"P\u00e1gina Inicial","item":"https:\/\/noticiaempauta.com\/portal\/"},{"@type":"ListItem","position":2,"name":"Destaques","item":"https:\/\/noticiaempauta.com\/portal\/destaques-site\/"},{"@type":"ListItem","position":3,"name":"ITAIN\u00d3POLIS | Oposi\u00e7\u00e3o confirma o ex-vereador Z\u00e9 Carlos como pr\u00e9-candidato a vice na chapa com Maninho de Henrique"}]},{"@type":"WebSite","@id":"https:\/\/noticiaempauta.com\/portal\/#website","url":"https:\/\/noticiaempauta.com\/portal\/","name":"Portal Not\u00edcia em Pauta","description":"Voc\u00ea bem informado","publisher":{"@id":"https:\/\/noticiaempauta.com\/portal\/#organization"},"potentialAction":[{"@type":"SearchAction","target":{"@type":"EntryPoint","urlTemplate":"https:\/\/noticiaempauta.com\/portal\/?s={search_term_string}"},"query-input":{"@type":"PropertyValueSpecification","valueRequired":true,"valueName":"search_term_string"}}],"inLanguage":"pt-BR"},{"@type":"Organization","@id":"https:\/\/noticiaempauta.com\/portal\/#organization","name":"Portal Not\u00edcia em Pauta","url":"https:\/\/noticiaempauta.com\/portal\/","logo":{"@type":"ImageObject","inLanguage":"pt-BR","@id":"https:\/\/noticiaempauta.com\/portal\/#\/schema\/logo\/image\/","url":"https:\/\/noticiaempauta.com\/portal\/wp-content\/uploads\/2022\/08\/logomarca_tema.fw_.png","contentUrl":"https:\/\/noticiaempauta.com\/portal\/wp-content\/uploads\/2022\/08\/logomarca_tema.fw_.png","width":400,"height":232,"caption":"Portal Not\u00edcia em Pauta"},"image":{"@id":"https:\/\/noticiaempauta.com\/portal\/#\/schema\/logo\/image\/"},"sameAs":["https:\/\/www.facebook.com\/Portal-Notcia-Em-Pauta-102292869264820\/","https:\/\/www.instagram.com\/portalnoticiaempauta\/"]},{"@type":"Person","@id":"https:\/\/noticiaempauta.com\/portal\/#\/schema\/person\/a74af43dd1ab3deca45f988c717d57ac","name":"Reda\u00e7\u00e3o","image":{"@type":"ImageObject","inLanguage":"pt-BR","@id":"https:\/\/noticiaempauta.com\/portal\/#\/schema\/person\/image\/","url":"https:\/\/secure.gravatar.com\/avatar\/03179346ecce6cdfc13361603e8f54242a90e5cde8618fa23c5c00aa2b0aadf3?s=96&d=mm&r=g","contentUrl":"https:\/\/secure.gravatar.com\/avatar\/03179346ecce6cdfc13361603e8f54242a90e5cde8618fa23c5c00aa2b0aadf3?s=96&d=mm&r=g","caption":"Reda\u00e7\u00e3o"},"sameAs":["https:\/\/noticiaempauta.com\/portal\/"],"url":"https:\/\/noticiaempauta.com\/portal\/author\/fernando\/"}]}},"_links":{"self":[{"href":"https:\/\/noticiaempauta.com\/portal\/wp-json\/wp\/v2\/posts\/258406","targetHints":{"allow":["GET"]}}],"collection":[{"href":"https:\/\/noticiaempauta.com\/portal\/wp-json\/wp\/v2\/posts"}],"about":[{"href":"https:\/\/noticiaempauta.com\/portal\/wp-json\/wp\/v2\/types\/post"}],"author":[{"embeddable":true,"href":"https:\/\/noticiaempauta.com\/portal\/wp-json\/wp\/v2\/users\/2"}],"replies":[{"embeddable":true,"href":"https:\/\/noticiaempauta.com\/portal\/wp-json\/wp\/v2\/comments?post=258406"}],"version-history":[{"count":5,"href":"https:\/\/noticiaempauta.com\/portal\/wp-json\/wp\/v2\/posts\/258406\/revisions"}],"predecessor-version":[{"id":258424,"href":"https:\/\/noticiaempauta.com\/portal\/wp-json\/wp\/v2\/posts\/258406\/revisions\/258424"}],"wp:featuredmedia":[{"embeddable":true,"href":"https:\/\/noticiaempauta.com\/portal\/wp-json\/wp\/v2\/media\/258416"}],"wp:attachment":[{"href":"https:\/\/noticiaempauta.com\/portal\/wp-json\/wp\/v2\/media?parent=258406"}],"wp:term":[{"taxonomy":"category","embeddable":true,"href":"https:\/\/noticiaempauta.com\/portal\/wp-json\/wp\/v2\/categories?post=258406"},{"taxonomy":"post_tag","embeddable":true,"href":"https:\/\/noticiaempauta.com\/portal\/wp-json\/wp\/v2\/tags?post=258406"}],"curies":[{"name":"wp","href":"https:\/\/api.w.org\/{rel}","templated":true}]}}