{"id":258425,"date":"2024-06-01T08:55:37","date_gmt":"2024-06-01T11:55:37","guid":{"rendered":"https:\/\/noticiaempauta.com\/portal\/?p=258425"},"modified":"2024-06-01T08:55:38","modified_gmt":"2024-06-01T11:55:38","slug":"picos-pro-race-abre-lote-extra-de-inscricoes","status":"publish","type":"post","link":"https:\/\/noticiaempauta.com\/portal\/picos-pro-race-abre-lote-extra-de-inscricoes\/","title":{"rendered":"Picos Pro Race abre lote extra de inscri\u00e7\u00f5es"},"content":{"rendered":"\n<p>Os atletas pediram e a dire\u00e7\u00e3o  atendeu. A Picos Pro Race lan\u00e7a neste s\u00e1bado, 01, um lote extra para a maior prova e mountain bike do Norte e Nordeste. Ser\u00e3o apenas 50 vagas dispon\u00edveis e as inscri\u00e7\u00f5es encerram no dia 06, ou enquanto durarem as vagas. A prova ser\u00e1 realizada entre os dias 05 e 07 de julho, em Picos, em pleno sert\u00e3o piauiense.<\/p>\n\n\n\n<figure class=\"wp-block-image size-large\"><img fetchpriority=\"high\" decoding=\"async\" width=\"1024\" height=\"683\" src=\"https:\/\/noticiaempauta.com\/portal\/wp-content\/uploads\/2024\/06\/IMG_1957-1024x683.jpeg\" alt=\"\" class=\"wp-image-258427\" srcset=\"https:\/\/noticiaempauta.com\/portal\/wp-content\/uploads\/2024\/06\/IMG_1957-1024x683.jpeg 1024w, https:\/\/noticiaempauta.com\/portal\/wp-content\/uploads\/2024\/06\/IMG_1957-300x200.jpeg 300w, https:\/\/noticiaempauta.com\/portal\/wp-content\/uploads\/2024\/06\/IMG_1957-768x512.jpeg 768w, https:\/\/noticiaempauta.com\/portal\/wp-content\/uploads\/2024\/06\/IMG_1957-1536x1024.jpeg 1536w, https:\/\/noticiaempauta.com\/portal\/wp-content\/uploads\/2024\/06\/IMG_1957.jpeg 1920w\" sizes=\"(max-width: 1024px) 100vw, 1024px\" \/><\/figure>\n\n\n\n<p>Daniel Freitas, organizador da Prova, explica que mais de 800 atletas j\u00e1 garantiram participa\u00e7\u00e3o na prova. \u201cJ\u00e1 hav\u00edamos encerrado as inscri\u00e7\u00f5es, mas atletas entraram em contato conosco pedindo a abertura de um lote extra, porque queriam participar da prova. Ent\u00e3o, decidimos abrir essas 50 vagas e, depois, n\u00e3o haver\u00e1 mais possibilidade de participar da prova\u201d, pontua.<\/p>\n\n\n\n<p>O lote extra contempla tanto os atletas que pretendem disputar a etapa Classic (um dia de prova), quanto a etapa Ultra (Com dois dias de competi\u00e7\u00e3o). S\u00e3o mais de 50 categorias dispon\u00edveis, entre masculina e feminina.<\/p>\n\n\n\n<p>Em 2024, a Picos Pro Race, al\u00e9m de valer pontos no calend\u00e1rio nacional e estadual da federa\u00e7\u00e3o, tamb\u00e9m ir\u00e1 pontuar no ranking da UCI (Union Cyliste Internacionale), abrindo as portas da competi\u00e7\u00e3o para atletas do mundo todo participarem. \u00c9 a primeira prova genuinamente nordestina a valer pontos no ranking da UCI, uma conquista comemorada pela organiza\u00e7\u00e3o. \u201cDesde a nossa primeira edi\u00e7\u00e3o, trabalhamos para que a Picos Pro Race rompesse as barreiras e se tornasse uma prova de refer\u00eancia nacional. Hoje, a gente pode comemorar estarmos na lista de provas da UCI, a maior entidade do ciclismo do mundo. E tudo isso \u00e9 gra\u00e7as a cada atleta e parceiro que acredita em nosso evento\u201d, comemora Daniel.<\/p>\n\n\n\n<p>Vale destacar que, al\u00e9m da competi\u00e7\u00e3o de mountain bike, a Picos Pro Race re\u00fane no mesmo espa\u00e7o, cultura, artesanato, gastronomia, apresenta\u00e7\u00f5es musicais e neg\u00f3cios. \u201c\u00c9 um evento para toda a fam\u00edlia\u201d,&nbsp;resume&nbsp;Daniel.<\/p>\n\n\n\n<p>Ascom<\/p>\n","protected":false},"excerpt":{"rendered":"<p>Os atletas pediram e a dire\u00e7\u00e3o atendeu. A Picos Pro Race lan\u00e7a neste s\u00e1bado, 01, um lote extra para a maior prova e mountain bike do Norte e Nordeste. Ser\u00e3o apenas 50 vagas dispon\u00edveis e as inscri\u00e7\u00f5es encerram no dia 06, ou enquanto durarem as vagas. A prova ser\u00e1 realizada entre os dias 05 e [&hellip;]<\/p>\n","protected":false},"author":2,"featured_media":258427,"comment_status":"open","ping_status":"open","sticky":false,"template":"","format":"standard","meta":{"_mi_skip_tracking":false,"footnotes":""},"categories":[25,1,16],"tags":[192],"class_list":["post-258425","post","type-post","status-publish","format-standard","has-post-thumbnail","hentry","category-destaques-site","category-geral","category-todas","tag-destaqueprincipal"],"acf":[],"yoast_head":"<!-- This site is optimized with the Yoast SEO Premium plugin v19.2 (Yoast SEO v26.9) - https:\/\/yoast.com\/product\/yoast-seo-premium-wordpress\/ -->\n<title>Picos Pro Race abre lote extra de inscri\u00e7\u00f5es - Portal Not\u00edcia em Pauta<\/title>\n<meta name=\"robots\" content=\"index, follow, max-snippet:-1, max-image-preview:large, max-video-preview:-1\" \/>\n<link rel=\"canonical\" href=\"https:\/\/noticiaempauta.com\/portal\/picos-pro-race-abre-lote-extra-de-inscricoes\/\" \/>\n<meta property=\"og:locale\" content=\"pt_BR\" \/>\n<meta property=\"og:type\" content=\"article\" \/>\n<meta property=\"og:title\" content=\"Picos Pro Race abre lote extra de inscri\u00e7\u00f5es\" \/>\n<meta property=\"og:description\" content=\"Os atletas pediram e a dire\u00e7\u00e3o atendeu. A Picos Pro Race lan\u00e7a neste s\u00e1bado, 01, um lote extra para a maior prova e mountain bike do Norte e Nordeste. Ser\u00e3o apenas 50 vagas dispon\u00edveis e as inscri\u00e7\u00f5es encerram no dia 06, ou enquanto durarem as vagas. A prova ser\u00e1 realizada entre os dias 05 e [&hellip;]\" \/>\n<meta property=\"og:url\" content=\"https:\/\/noticiaempauta.com\/portal\/picos-pro-race-abre-lote-extra-de-inscricoes\/\" \/>\n<meta property=\"og:site_name\" content=\"Portal Not\u00edcia em Pauta\" \/>\n<meta property=\"article:publisher\" content=\"https:\/\/www.facebook.com\/Portal-Notcia-Em-Pauta-102292869264820\/\" \/>\n<meta property=\"article:published_time\" content=\"2024-06-01T11:55:37+00:00\" \/>\n<meta property=\"article:modified_time\" content=\"2024-06-01T11:55:38+00:00\" \/>\n<meta property=\"og:image\" content=\"https:\/\/noticiaempauta.com\/portal\/wp-content\/uploads\/2024\/06\/IMG_1957.jpeg\" \/>\n\t<meta property=\"og:image:width\" content=\"1920\" \/>\n\t<meta property=\"og:image:height\" content=\"1280\" \/>\n\t<meta property=\"og:image:type\" content=\"image\/jpeg\" \/>\n<meta name=\"author\" content=\"Reda\u00e7\u00e3o\" \/>\n<meta name=\"twitter:card\" content=\"summary_large_image\" \/>\n<meta name=\"twitter:label1\" content=\"Escrito por\" \/>\n\t<meta name=\"twitter:data1\" content=\"Reda\u00e7\u00e3o\" \/>\n\t<meta name=\"twitter:label2\" content=\"Est. tempo de leitura\" \/>\n\t<meta name=\"twitter:data2\" content=\"3 minutos\" \/>\n<script type=\"application\/ld+json\" class=\"yoast-schema-graph\">{\"@context\":\"https:\/\/schema.org\",\"@graph\":[{\"@type\":\"Article\",\"@id\":\"https:\/\/noticiaempauta.com\/portal\/picos-pro-race-abre-lote-extra-de-inscricoes\/#article\",\"isPartOf\":{\"@id\":\"https:\/\/noticiaempauta.com\/portal\/picos-pro-race-abre-lote-extra-de-inscricoes\/\"},\"author\":{\"name\":\"Reda\u00e7\u00e3o\",\"@id\":\"https:\/\/noticiaempauta.com\/portal\/#\/schema\/person\/a74af43dd1ab3deca45f988c717d57ac\"},\"headline\":\"Picos Pro Race abre lote extra de inscri\u00e7\u00f5es\",\"datePublished\":\"2024-06-01T11:55:37+00:00\",\"dateModified\":\"2024-06-01T11:55:38+00:00\",\"mainEntityOfPage\":{\"@id\":\"https:\/\/noticiaempauta.com\/portal\/picos-pro-race-abre-lote-extra-de-inscricoes\/\"},\"wordCount\":335,\"commentCount\":0,\"publisher\":{\"@id\":\"https:\/\/noticiaempauta.com\/portal\/#organization\"},\"image\":{\"@id\":\"https:\/\/noticiaempauta.com\/portal\/picos-pro-race-abre-lote-extra-de-inscricoes\/#primaryimage\"},\"thumbnailUrl\":\"https:\/\/noticiaempauta.com\/portal\/wp-content\/uploads\/2024\/06\/IMG_1957.jpeg\",\"keywords\":[\"destaqueprincipal\"],\"articleSection\":[\"Destaques\",\"Geral\",\"Todas as Not\u00edcias\"],\"inLanguage\":\"pt-BR\",\"potentialAction\":[{\"@type\":\"CommentAction\",\"name\":\"Comment\",\"target\":[\"https:\/\/noticiaempauta.com\/portal\/picos-pro-race-abre-lote-extra-de-inscricoes\/#respond\"]}]},{\"@type\":\"WebPage\",\"@id\":\"https:\/\/noticiaempauta.com\/portal\/picos-pro-race-abre-lote-extra-de-inscricoes\/\",\"url\":\"https:\/\/noticiaempauta.com\/portal\/picos-pro-race-abre-lote-extra-de-inscricoes\/\",\"name\":\"Picos Pro Race abre lote extra de inscri\u00e7\u00f5es - Portal Not\u00edcia em Pauta\",\"isPartOf\":{\"@id\":\"https:\/\/noticiaempauta.com\/portal\/#website\"},\"primaryImageOfPage\":{\"@id\":\"https:\/\/noticiaempauta.com\/portal\/picos-pro-race-abre-lote-extra-de-inscricoes\/#primaryimage\"},\"image\":{\"@id\":\"https:\/\/noticiaempauta.com\/portal\/picos-pro-race-abre-lote-extra-de-inscricoes\/#primaryimage\"},\"thumbnailUrl\":\"https:\/\/noticiaempauta.com\/portal\/wp-content\/uploads\/2024\/06\/IMG_1957.jpeg\",\"datePublished\":\"2024-06-01T11:55:37+00:00\",\"dateModified\":\"2024-06-01T11:55:38+00:00\",\"breadcrumb\":{\"@id\":\"https:\/\/noticiaempauta.com\/portal\/picos-pro-race-abre-lote-extra-de-inscricoes\/#breadcrumb\"},\"inLanguage\":\"pt-BR\",\"potentialAction\":[{\"@type\":\"ReadAction\",\"target\":[\"https:\/\/noticiaempauta.com\/portal\/picos-pro-race-abre-lote-extra-de-inscricoes\/\"]}]},{\"@type\":\"ImageObject\",\"inLanguage\":\"pt-BR\",\"@id\":\"https:\/\/noticiaempauta.com\/portal\/picos-pro-race-abre-lote-extra-de-inscricoes\/#primaryimage\",\"url\":\"https:\/\/noticiaempauta.com\/portal\/wp-content\/uploads\/2024\/06\/IMG_1957.jpeg\",\"contentUrl\":\"https:\/\/noticiaempauta.com\/portal\/wp-content\/uploads\/2024\/06\/IMG_1957.jpeg\",\"width\":1920,\"height\":1280},{\"@type\":\"BreadcrumbList\",\"@id\":\"https:\/\/noticiaempauta.com\/portal\/picos-pro-race-abre-lote-extra-de-inscricoes\/#breadcrumb\",\"itemListElement\":[{\"@type\":\"ListItem\",\"position\":1,\"name\":\"P\u00e1gina Inicial\",\"item\":\"https:\/\/noticiaempauta.com\/portal\/\"},{\"@type\":\"ListItem\",\"position\":2,\"name\":\"Destaques\",\"item\":\"https:\/\/noticiaempauta.com\/portal\/destaques-site\/\"},{\"@type\":\"ListItem\",\"position\":3,\"name\":\"Picos Pro Race abre lote extra de inscri\u00e7\u00f5es\"}]},{\"@type\":\"WebSite\",\"@id\":\"https:\/\/noticiaempauta.com\/portal\/#website\",\"url\":\"https:\/\/noticiaempauta.com\/portal\/\",\"name\":\"Portal Not\u00edcia em Pauta\",\"description\":\"Voc\u00ea bem informado\",\"publisher\":{\"@id\":\"https:\/\/noticiaempauta.com\/portal\/#organization\"},\"potentialAction\":[{\"@type\":\"SearchAction\",\"target\":{\"@type\":\"EntryPoint\",\"urlTemplate\":\"https:\/\/noticiaempauta.com\/portal\/?s={search_term_string}\"},\"query-input\":{\"@type\":\"PropertyValueSpecification\",\"valueRequired\":true,\"valueName\":\"search_term_string\"}}],\"inLanguage\":\"pt-BR\"},{\"@type\":\"Organization\",\"@id\":\"https:\/\/noticiaempauta.com\/portal\/#organization\",\"name\":\"Portal Not\u00edcia em Pauta\",\"url\":\"https:\/\/noticiaempauta.com\/portal\/\",\"logo\":{\"@type\":\"ImageObject\",\"inLanguage\":\"pt-BR\",\"@id\":\"https:\/\/noticiaempauta.com\/portal\/#\/schema\/logo\/image\/\",\"url\":\"https:\/\/noticiaempauta.com\/portal\/wp-content\/uploads\/2022\/08\/logomarca_tema.fw_.png\",\"contentUrl\":\"https:\/\/noticiaempauta.com\/portal\/wp-content\/uploads\/2022\/08\/logomarca_tema.fw_.png\",\"width\":400,\"height\":232,\"caption\":\"Portal Not\u00edcia em Pauta\"},\"image\":{\"@id\":\"https:\/\/noticiaempauta.com\/portal\/#\/schema\/logo\/image\/\"},\"sameAs\":[\"https:\/\/www.facebook.com\/Portal-Notcia-Em-Pauta-102292869264820\/\",\"https:\/\/www.instagram.com\/portalnoticiaempauta\/\"]},{\"@type\":\"Person\",\"@id\":\"https:\/\/noticiaempauta.com\/portal\/#\/schema\/person\/a74af43dd1ab3deca45f988c717d57ac\",\"name\":\"Reda\u00e7\u00e3o\",\"image\":{\"@type\":\"ImageObject\",\"inLanguage\":\"pt-BR\",\"@id\":\"https:\/\/noticiaempauta.com\/portal\/#\/schema\/person\/image\/\",\"url\":\"https:\/\/secure.gravatar.com\/avatar\/03179346ecce6cdfc13361603e8f54242a90e5cde8618fa23c5c00aa2b0aadf3?s=96&d=mm&r=g\",\"contentUrl\":\"https:\/\/secure.gravatar.com\/avatar\/03179346ecce6cdfc13361603e8f54242a90e5cde8618fa23c5c00aa2b0aadf3?s=96&d=mm&r=g\",\"caption\":\"Reda\u00e7\u00e3o\"},\"sameAs\":[\"https:\/\/noticiaempauta.com\/portal\/\"],\"url\":\"https:\/\/noticiaempauta.com\/portal\/author\/fernando\/\"}]}<\/script>\n<!-- \/ Yoast SEO Premium plugin. -->","yoast_head_json":{"title":"Picos Pro Race abre lote extra de inscri\u00e7\u00f5es - Portal Not\u00edcia em Pauta","robots":{"index":"index","follow":"follow","max-snippet":"max-snippet:-1","max-image-preview":"max-image-preview:large","max-video-preview":"max-video-preview:-1"},"canonical":"https:\/\/noticiaempauta.com\/portal\/picos-pro-race-abre-lote-extra-de-inscricoes\/","og_locale":"pt_BR","og_type":"article","og_title":"Picos Pro Race abre lote extra de inscri\u00e7\u00f5es","og_description":"Os atletas pediram e a dire\u00e7\u00e3o atendeu. A Picos Pro Race lan\u00e7a neste s\u00e1bado, 01, um lote extra para a maior prova e mountain bike do Norte e Nordeste. Ser\u00e3o apenas 50 vagas dispon\u00edveis e as inscri\u00e7\u00f5es encerram no dia 06, ou enquanto durarem as vagas. A prova ser\u00e1 realizada entre os dias 05 e [&hellip;]","og_url":"https:\/\/noticiaempauta.com\/portal\/picos-pro-race-abre-lote-extra-de-inscricoes\/","og_site_name":"Portal Not\u00edcia em Pauta","article_publisher":"https:\/\/www.facebook.com\/Portal-Notcia-Em-Pauta-102292869264820\/","article_published_time":"2024-06-01T11:55:37+00:00","article_modified_time":"2024-06-01T11:55:38+00:00","og_image":[{"width":1920,"height":1280,"url":"https:\/\/noticiaempauta.com\/portal\/wp-content\/uploads\/2024\/06\/IMG_1957.jpeg","type":"image\/jpeg"}],"author":"Reda\u00e7\u00e3o","twitter_card":"summary_large_image","twitter_misc":{"Escrito por":"Reda\u00e7\u00e3o","Est. tempo de leitura":"3 minutos"},"schema":{"@context":"https:\/\/schema.org","@graph":[{"@type":"Article","@id":"https:\/\/noticiaempauta.com\/portal\/picos-pro-race-abre-lote-extra-de-inscricoes\/#article","isPartOf":{"@id":"https:\/\/noticiaempauta.com\/portal\/picos-pro-race-abre-lote-extra-de-inscricoes\/"},"author":{"name":"Reda\u00e7\u00e3o","@id":"https:\/\/noticiaempauta.com\/portal\/#\/schema\/person\/a74af43dd1ab3deca45f988c717d57ac"},"headline":"Picos Pro Race abre lote extra de inscri\u00e7\u00f5es","datePublished":"2024-06-01T11:55:37+00:00","dateModified":"2024-06-01T11:55:38+00:00","mainEntityOfPage":{"@id":"https:\/\/noticiaempauta.com\/portal\/picos-pro-race-abre-lote-extra-de-inscricoes\/"},"wordCount":335,"commentCount":0,"publisher":{"@id":"https:\/\/noticiaempauta.com\/portal\/#organization"},"image":{"@id":"https:\/\/noticiaempauta.com\/portal\/picos-pro-race-abre-lote-extra-de-inscricoes\/#primaryimage"},"thumbnailUrl":"https:\/\/noticiaempauta.com\/portal\/wp-content\/uploads\/2024\/06\/IMG_1957.jpeg","keywords":["destaqueprincipal"],"articleSection":["Destaques","Geral","Todas as Not\u00edcias"],"inLanguage":"pt-BR","potentialAction":[{"@type":"CommentAction","name":"Comment","target":["https:\/\/noticiaempauta.com\/portal\/picos-pro-race-abre-lote-extra-de-inscricoes\/#respond"]}]},{"@type":"WebPage","@id":"https:\/\/noticiaempauta.com\/portal\/picos-pro-race-abre-lote-extra-de-inscricoes\/","url":"https:\/\/noticiaempauta.com\/portal\/picos-pro-race-abre-lote-extra-de-inscricoes\/","name":"Picos Pro Race abre lote extra de inscri\u00e7\u00f5es - Portal Not\u00edcia em Pauta","isPartOf":{"@id":"https:\/\/noticiaempauta.com\/portal\/#website"},"primaryImageOfPage":{"@id":"https:\/\/noticiaempauta.com\/portal\/picos-pro-race-abre-lote-extra-de-inscricoes\/#primaryimage"},"image":{"@id":"https:\/\/noticiaempauta.com\/portal\/picos-pro-race-abre-lote-extra-de-inscricoes\/#primaryimage"},"thumbnailUrl":"https:\/\/noticiaempauta.com\/portal\/wp-content\/uploads\/2024\/06\/IMG_1957.jpeg","datePublished":"2024-06-01T11:55:37+00:00","dateModified":"2024-06-01T11:55:38+00:00","breadcrumb":{"@id":"https:\/\/noticiaempauta.com\/portal\/picos-pro-race-abre-lote-extra-de-inscricoes\/#breadcrumb"},"inLanguage":"pt-BR","potentialAction":[{"@type":"ReadAction","target":["https:\/\/noticiaempauta.com\/portal\/picos-pro-race-abre-lote-extra-de-inscricoes\/"]}]},{"@type":"ImageObject","inLanguage":"pt-BR","@id":"https:\/\/noticiaempauta.com\/portal\/picos-pro-race-abre-lote-extra-de-inscricoes\/#primaryimage","url":"https:\/\/noticiaempauta.com\/portal\/wp-content\/uploads\/2024\/06\/IMG_1957.jpeg","contentUrl":"https:\/\/noticiaempauta.com\/portal\/wp-content\/uploads\/2024\/06\/IMG_1957.jpeg","width":1920,"height":1280},{"@type":"BreadcrumbList","@id":"https:\/\/noticiaempauta.com\/portal\/picos-pro-race-abre-lote-extra-de-inscricoes\/#breadcrumb","itemListElement":[{"@type":"ListItem","position":1,"name":"P\u00e1gina Inicial","item":"https:\/\/noticiaempauta.com\/portal\/"},{"@type":"ListItem","position":2,"name":"Destaques","item":"https:\/\/noticiaempauta.com\/portal\/destaques-site\/"},{"@type":"ListItem","position":3,"name":"Picos Pro Race abre lote extra de inscri\u00e7\u00f5es"}]},{"@type":"WebSite","@id":"https:\/\/noticiaempauta.com\/portal\/#website","url":"https:\/\/noticiaempauta.com\/portal\/","name":"Portal Not\u00edcia em Pauta","description":"Voc\u00ea bem informado","publisher":{"@id":"https:\/\/noticiaempauta.com\/portal\/#organization"},"potentialAction":[{"@type":"SearchAction","target":{"@type":"EntryPoint","urlTemplate":"https:\/\/noticiaempauta.com\/portal\/?s={search_term_string}"},"query-input":{"@type":"PropertyValueSpecification","valueRequired":true,"valueName":"search_term_string"}}],"inLanguage":"pt-BR"},{"@type":"Organization","@id":"https:\/\/noticiaempauta.com\/portal\/#organization","name":"Portal Not\u00edcia em Pauta","url":"https:\/\/noticiaempauta.com\/portal\/","logo":{"@type":"ImageObject","inLanguage":"pt-BR","@id":"https:\/\/noticiaempauta.com\/portal\/#\/schema\/logo\/image\/","url":"https:\/\/noticiaempauta.com\/portal\/wp-content\/uploads\/2022\/08\/logomarca_tema.fw_.png","contentUrl":"https:\/\/noticiaempauta.com\/portal\/wp-content\/uploads\/2022\/08\/logomarca_tema.fw_.png","width":400,"height":232,"caption":"Portal Not\u00edcia em Pauta"},"image":{"@id":"https:\/\/noticiaempauta.com\/portal\/#\/schema\/logo\/image\/"},"sameAs":["https:\/\/www.facebook.com\/Portal-Notcia-Em-Pauta-102292869264820\/","https:\/\/www.instagram.com\/portalnoticiaempauta\/"]},{"@type":"Person","@id":"https:\/\/noticiaempauta.com\/portal\/#\/schema\/person\/a74af43dd1ab3deca45f988c717d57ac","name":"Reda\u00e7\u00e3o","image":{"@type":"ImageObject","inLanguage":"pt-BR","@id":"https:\/\/noticiaempauta.com\/portal\/#\/schema\/person\/image\/","url":"https:\/\/secure.gravatar.com\/avatar\/03179346ecce6cdfc13361603e8f54242a90e5cde8618fa23c5c00aa2b0aadf3?s=96&d=mm&r=g","contentUrl":"https:\/\/secure.gravatar.com\/avatar\/03179346ecce6cdfc13361603e8f54242a90e5cde8618fa23c5c00aa2b0aadf3?s=96&d=mm&r=g","caption":"Reda\u00e7\u00e3o"},"sameAs":["https:\/\/noticiaempauta.com\/portal\/"],"url":"https:\/\/noticiaempauta.com\/portal\/author\/fernando\/"}]}},"_links":{"self":[{"href":"https:\/\/noticiaempauta.com\/portal\/wp-json\/wp\/v2\/posts\/258425","targetHints":{"allow":["GET"]}}],"collection":[{"href":"https:\/\/noticiaempauta.com\/portal\/wp-json\/wp\/v2\/posts"}],"about":[{"href":"https:\/\/noticiaempauta.com\/portal\/wp-json\/wp\/v2\/types\/post"}],"author":[{"embeddable":true,"href":"https:\/\/noticiaempauta.com\/portal\/wp-json\/wp\/v2\/users\/2"}],"replies":[{"embeddable":true,"href":"https:\/\/noticiaempauta.com\/portal\/wp-json\/wp\/v2\/comments?post=258425"}],"version-history":[{"count":2,"href":"https:\/\/noticiaempauta.com\/portal\/wp-json\/wp\/v2\/posts\/258425\/revisions"}],"predecessor-version":[{"id":258429,"href":"https:\/\/noticiaempauta.com\/portal\/wp-json\/wp\/v2\/posts\/258425\/revisions\/258429"}],"wp:featuredmedia":[{"embeddable":true,"href":"https:\/\/noticiaempauta.com\/portal\/wp-json\/wp\/v2\/media\/258427"}],"wp:attachment":[{"href":"https:\/\/noticiaempauta.com\/portal\/wp-json\/wp\/v2\/media?parent=258425"}],"wp:term":[{"taxonomy":"category","embeddable":true,"href":"https:\/\/noticiaempauta.com\/portal\/wp-json\/wp\/v2\/categories?post=258425"},{"taxonomy":"post_tag","embeddable":true,"href":"https:\/\/noticiaempauta.com\/portal\/wp-json\/wp\/v2\/tags?post=258425"}],"curies":[{"name":"wp","href":"https:\/\/api.w.org\/{rel}","templated":true}]}}