{"id":258431,"date":"2024-06-02T16:33:24","date_gmt":"2024-06-02T19:33:24","guid":{"rendered":"https:\/\/noticiaempauta.com\/portal\/?p=258431"},"modified":"2024-06-02T16:45:27","modified_gmt":"2024-06-02T19:45:27","slug":"picos-cidade-junina-primeira-noite-reune-multidao-que-celebra-a-cultura-e-a-tradicao-nordestina","status":"publish","type":"post","link":"https:\/\/noticiaempauta.com\/portal\/picos-cidade-junina-primeira-noite-reune-multidao-que-celebra-a-cultura-e-a-tradicao-nordestina\/","title":{"rendered":"Picos Cidade Junina: primeira noite re\u00fane multid\u00e3o que celebra a cultura e a tradi\u00e7\u00e3o nordestina"},"content":{"rendered":"\n<p>O Picos Cidade Junina, iniciado neste s\u00e1bado (1\u00ba), mostrou-se como um dos maiores e mais animados festivais do Piau\u00ed, trazendo uma celebra\u00e7\u00e3o vibrante das tradi\u00e7\u00f5es culturais brasileiras para a cidade de Picos. O primeiro dia do evento, contou com uma programa\u00e7\u00e3o diversificada que incluiu quadrilhas, shows musicais, barracas de comidas t\u00edpicas e outras atra\u00e7\u00f5es.<\/p>\n\n\n\n<figure class=\"wp-block-image size-large\"><img fetchpriority=\"high\" decoding=\"async\" width=\"1024\" height=\"684\" src=\"https:\/\/noticiaempauta.com\/portal\/wp-content\/uploads\/2024\/06\/1304345f-db35-46be-be5c-04b3736f8eab-1024x684.jpeg\" alt=\"\" class=\"wp-image-258433\" srcset=\"https:\/\/noticiaempauta.com\/portal\/wp-content\/uploads\/2024\/06\/1304345f-db35-46be-be5c-04b3736f8eab-1024x684.jpeg 1024w, https:\/\/noticiaempauta.com\/portal\/wp-content\/uploads\/2024\/06\/1304345f-db35-46be-be5c-04b3736f8eab-300x200.jpeg 300w, https:\/\/noticiaempauta.com\/portal\/wp-content\/uploads\/2024\/06\/1304345f-db35-46be-be5c-04b3736f8eab-768x513.jpeg 768w, https:\/\/noticiaempauta.com\/portal\/wp-content\/uploads\/2024\/06\/1304345f-db35-46be-be5c-04b3736f8eab-1536x1025.jpeg 1536w, https:\/\/noticiaempauta.com\/portal\/wp-content\/uploads\/2024\/06\/1304345f-db35-46be-be5c-04b3736f8eab.jpeg 1600w\" sizes=\"(max-width: 1024px) 100vw, 1024px\" \/><\/figure>\n\n\n\n<p>Para o secret\u00e1rio do Turismo do Piau\u00ed, Jos\u00e9 Neto Monteiro, eventos como o Picos Cidade Junina t\u00eam um papel significativo no turismo do estado, gerando v\u00e1rios benef\u00edcios econ\u00f4micos, culturais e sociais. <\/p>\n\n\n\n<figure class=\"wp-block-image size-large\"><img decoding=\"async\" width=\"1024\" height=\"682\" src=\"https:\/\/noticiaempauta.com\/portal\/wp-content\/uploads\/2024\/06\/dde27256-71db-4aac-aecb-2d3d0325109a-1024x682.jpeg\" alt=\"\" class=\"wp-image-258434\" srcset=\"https:\/\/noticiaempauta.com\/portal\/wp-content\/uploads\/2024\/06\/dde27256-71db-4aac-aecb-2d3d0325109a-1024x682.jpeg 1024w, https:\/\/noticiaempauta.com\/portal\/wp-content\/uploads\/2024\/06\/dde27256-71db-4aac-aecb-2d3d0325109a-300x200.jpeg 300w, https:\/\/noticiaempauta.com\/portal\/wp-content\/uploads\/2024\/06\/dde27256-71db-4aac-aecb-2d3d0325109a-768x512.jpeg 768w, https:\/\/noticiaempauta.com\/portal\/wp-content\/uploads\/2024\/06\/dde27256-71db-4aac-aecb-2d3d0325109a-1536x1023.jpeg 1536w, https:\/\/noticiaempauta.com\/portal\/wp-content\/uploads\/2024\/06\/dde27256-71db-4aac-aecb-2d3d0325109a.jpeg 1600w\" sizes=\"(max-width: 1024px) 100vw, 1024px\" \/><\/figure>\n\n\n\n<p><br>\u201cAs festas juninas s\u00e3o um motor vital para o turismo em muitas regi\u00f5es do Brasil, pois atraem turistas, impulsionam o com\u00e9rcio, oportunizam novos empregos, dinamizam o setor de eventos, no qual somos fortes e populares, al\u00e9m de preservarem nossas tradi\u00e7\u00f5es e promoverem o interc\u00e2mbio cultural\u201d, frisa o gestor.<\/p>\n\n\n\n<figure class=\"wp-block-image size-large\"><img decoding=\"async\" width=\"1024\" height=\"684\" src=\"https:\/\/noticiaempauta.com\/portal\/wp-content\/uploads\/2024\/06\/1bc7d609-454b-4948-839c-86d9a0299048-1024x684.jpeg\" alt=\"\" class=\"wp-image-258435\" srcset=\"https:\/\/noticiaempauta.com\/portal\/wp-content\/uploads\/2024\/06\/1bc7d609-454b-4948-839c-86d9a0299048-1024x684.jpeg 1024w, https:\/\/noticiaempauta.com\/portal\/wp-content\/uploads\/2024\/06\/1bc7d609-454b-4948-839c-86d9a0299048-300x200.jpeg 300w, https:\/\/noticiaempauta.com\/portal\/wp-content\/uploads\/2024\/06\/1bc7d609-454b-4948-839c-86d9a0299048-768x513.jpeg 768w, https:\/\/noticiaempauta.com\/portal\/wp-content\/uploads\/2024\/06\/1bc7d609-454b-4948-839c-86d9a0299048-1536x1025.jpeg 1536w, https:\/\/noticiaempauta.com\/portal\/wp-content\/uploads\/2024\/06\/1bc7d609-454b-4948-839c-86d9a0299048.jpeg 1600w\" sizes=\"(max-width: 1024px) 100vw, 1024px\" \/><\/figure>\n\n\n\n<p>A programa\u00e7\u00e3o da primeira noite incluiu apresenta\u00e7\u00f5es de grupos de quadrilhas piauienses e de outros estados, como Cear\u00e1, Bahia, Pernambuco, Maranh\u00e3o e, tamb\u00e9m, do Distrito Federal, que levaram muita alegria e emo\u00e7\u00e3o ao 14\u00ba Festival Nordestino de Cultura Junina Nacional. Al\u00e9m disso, atra\u00e7\u00f5es musicais, como Taty Girl e Guilherme Dantas, subiram ao palco, garantindo a anima\u00e7\u00e3o do p\u00fablico presente.<\/p>\n\n\n\n<figure class=\"wp-block-image size-large\"><img loading=\"lazy\" decoding=\"async\" width=\"1024\" height=\"682\" src=\"https:\/\/noticiaempauta.com\/portal\/wp-content\/uploads\/2024\/06\/33a09404-5205-48cc-bf9f-84c19be8b765-1024x682.jpeg\" alt=\"\" class=\"wp-image-258437\" srcset=\"https:\/\/noticiaempauta.com\/portal\/wp-content\/uploads\/2024\/06\/33a09404-5205-48cc-bf9f-84c19be8b765-1024x682.jpeg 1024w, https:\/\/noticiaempauta.com\/portal\/wp-content\/uploads\/2024\/06\/33a09404-5205-48cc-bf9f-84c19be8b765-300x200.jpeg 300w, https:\/\/noticiaempauta.com\/portal\/wp-content\/uploads\/2024\/06\/33a09404-5205-48cc-bf9f-84c19be8b765-768x512.jpeg 768w, https:\/\/noticiaempauta.com\/portal\/wp-content\/uploads\/2024\/06\/33a09404-5205-48cc-bf9f-84c19be8b765-1536x1023.jpeg 1536w, https:\/\/noticiaempauta.com\/portal\/wp-content\/uploads\/2024\/06\/33a09404-5205-48cc-bf9f-84c19be8b765.jpeg 1600w\" sizes=\"(max-width: 1024px) 100vw, 1024px\" \/><\/figure>\n\n\n\n<figure class=\"wp-block-image size-large\"><img loading=\"lazy\" decoding=\"async\" width=\"1024\" height=\"682\" src=\"https:\/\/noticiaempauta.com\/portal\/wp-content\/uploads\/2024\/06\/bcf53ffc-f7dc-46f0-9307-b462df619aec-1024x682.jpeg\" alt=\"\" class=\"wp-image-258436\" srcset=\"https:\/\/noticiaempauta.com\/portal\/wp-content\/uploads\/2024\/06\/bcf53ffc-f7dc-46f0-9307-b462df619aec-1024x682.jpeg 1024w, https:\/\/noticiaempauta.com\/portal\/wp-content\/uploads\/2024\/06\/bcf53ffc-f7dc-46f0-9307-b462df619aec-300x200.jpeg 300w, https:\/\/noticiaempauta.com\/portal\/wp-content\/uploads\/2024\/06\/bcf53ffc-f7dc-46f0-9307-b462df619aec-768x512.jpeg 768w, https:\/\/noticiaempauta.com\/portal\/wp-content\/uploads\/2024\/06\/bcf53ffc-f7dc-46f0-9307-b462df619aec-1536x1023.jpeg 1536w, https:\/\/noticiaempauta.com\/portal\/wp-content\/uploads\/2024\/06\/bcf53ffc-f7dc-46f0-9307-b462df619aec.jpeg 1600w\" sizes=\"(max-width: 1024px) 100vw, 1024px\" \/><\/figure>\n\n\n\n<p>J\u00e1 para o segundo e \u00faltimo dia do evento, que segue nesta noite de domingo (02), no estacionamento do Piau\u00ed Shopping, a partir das 17h, mais grupos de quadrilhas se apresentam. O p\u00fablico ainda poder\u00e1 curtir a noite e dan\u00e7ar ao som de artistas e bandas como Wesley Safad\u00e3o, Seu Desejo e Vitor Amaral, que encerra a edi\u00e7\u00e3o deste ano.<\/p>\n\n\n\n<figure class=\"wp-block-image size-large\"><img loading=\"lazy\" decoding=\"async\" width=\"1024\" height=\"682\" src=\"https:\/\/noticiaempauta.com\/portal\/wp-content\/uploads\/2024\/06\/a1454ed3-90d7-4e81-aa41-37d37b468996-1024x682.jpeg\" alt=\"\" class=\"wp-image-258438\" srcset=\"https:\/\/noticiaempauta.com\/portal\/wp-content\/uploads\/2024\/06\/a1454ed3-90d7-4e81-aa41-37d37b468996-1024x682.jpeg 1024w, https:\/\/noticiaempauta.com\/portal\/wp-content\/uploads\/2024\/06\/a1454ed3-90d7-4e81-aa41-37d37b468996-300x200.jpeg 300w, https:\/\/noticiaempauta.com\/portal\/wp-content\/uploads\/2024\/06\/a1454ed3-90d7-4e81-aa41-37d37b468996-768x512.jpeg 768w, https:\/\/noticiaempauta.com\/portal\/wp-content\/uploads\/2024\/06\/a1454ed3-90d7-4e81-aa41-37d37b468996-1536x1023.jpeg 1536w, https:\/\/noticiaempauta.com\/portal\/wp-content\/uploads\/2024\/06\/a1454ed3-90d7-4e81-aa41-37d37b468996.jpeg 1600w\" sizes=\"(max-width: 1024px) 100vw, 1024px\" \/><\/figure>\n\n\n\n<p>Realizado pela Pronome Produ\u00e7\u00e3o e Eventos, o Picos Cidade Junina conta com patroc\u00ednio do Governo do Estado do Piau\u00ed, por meio da Secretaria de Estado do Turismo (Setur).<\/p>\n\n\n\n<figure class=\"wp-block-image size-large\"><img loading=\"lazy\" decoding=\"async\" width=\"1024\" height=\"684\" src=\"https:\/\/noticiaempauta.com\/portal\/wp-content\/uploads\/2024\/06\/be75ed9b-d50c-472f-a763-473148dd79c0-1024x684.jpeg\" alt=\"\" class=\"wp-image-258439\" srcset=\"https:\/\/noticiaempauta.com\/portal\/wp-content\/uploads\/2024\/06\/be75ed9b-d50c-472f-a763-473148dd79c0-1024x684.jpeg 1024w, https:\/\/noticiaempauta.com\/portal\/wp-content\/uploads\/2024\/06\/be75ed9b-d50c-472f-a763-473148dd79c0-300x200.jpeg 300w, https:\/\/noticiaempauta.com\/portal\/wp-content\/uploads\/2024\/06\/be75ed9b-d50c-472f-a763-473148dd79c0-768x513.jpeg 768w, https:\/\/noticiaempauta.com\/portal\/wp-content\/uploads\/2024\/06\/be75ed9b-d50c-472f-a763-473148dd79c0-1536x1025.jpeg 1536w, https:\/\/noticiaempauta.com\/portal\/wp-content\/uploads\/2024\/06\/be75ed9b-d50c-472f-a763-473148dd79c0.jpeg 1600w\" sizes=\"(max-width: 1024px) 100vw, 1024px\" \/><\/figure>\n\n\n\n<figure class=\"wp-block-image size-large\"><img loading=\"lazy\" decoding=\"async\" width=\"1024\" height=\"684\" src=\"https:\/\/noticiaempauta.com\/portal\/wp-content\/uploads\/2024\/06\/5c8868e5-1e53-411e-b678-00cc49adc62c-1024x684.jpeg\" alt=\"\" class=\"wp-image-258440\" srcset=\"https:\/\/noticiaempauta.com\/portal\/wp-content\/uploads\/2024\/06\/5c8868e5-1e53-411e-b678-00cc49adc62c-1024x684.jpeg 1024w, https:\/\/noticiaempauta.com\/portal\/wp-content\/uploads\/2024\/06\/5c8868e5-1e53-411e-b678-00cc49adc62c-300x200.jpeg 300w, https:\/\/noticiaempauta.com\/portal\/wp-content\/uploads\/2024\/06\/5c8868e5-1e53-411e-b678-00cc49adc62c-768x513.jpeg 768w, https:\/\/noticiaempauta.com\/portal\/wp-content\/uploads\/2024\/06\/5c8868e5-1e53-411e-b678-00cc49adc62c-1536x1025.jpeg 1536w, https:\/\/noticiaempauta.com\/portal\/wp-content\/uploads\/2024\/06\/5c8868e5-1e53-411e-b678-00cc49adc62c.jpeg 1600w\" sizes=\"(max-width: 1024px) 100vw, 1024px\" \/><\/figure>\n\n\n\n<figure class=\"wp-block-image size-full\"><img loading=\"lazy\" decoding=\"async\" width=\"640\" height=\"428\" src=\"https:\/\/noticiaempauta.com\/portal\/wp-content\/uploads\/2024\/06\/IMG_1980.jpeg\" alt=\"\" class=\"wp-image-258441\" srcset=\"https:\/\/noticiaempauta.com\/portal\/wp-content\/uploads\/2024\/06\/IMG_1980.jpeg 640w, https:\/\/noticiaempauta.com\/portal\/wp-content\/uploads\/2024\/06\/IMG_1980-300x201.jpeg 300w\" sizes=\"(max-width: 640px) 100vw, 640px\" \/><\/figure>\n\n\n\n<figure class=\"wp-block-image size-full\"><img loading=\"lazy\" decoding=\"async\" width=\"640\" height=\"428\" src=\"https:\/\/noticiaempauta.com\/portal\/wp-content\/uploads\/2024\/06\/IMG_1983.jpeg\" alt=\"\" class=\"wp-image-258442\" srcset=\"https:\/\/noticiaempauta.com\/portal\/wp-content\/uploads\/2024\/06\/IMG_1983.jpeg 640w, https:\/\/noticiaempauta.com\/portal\/wp-content\/uploads\/2024\/06\/IMG_1983-300x201.jpeg 300w\" sizes=\"(max-width: 640px) 100vw, 640px\" \/><\/figure>\n\n\n\n<figure class=\"wp-block-image size-full\"><img loading=\"lazy\" decoding=\"async\" width=\"640\" height=\"428\" src=\"https:\/\/noticiaempauta.com\/portal\/wp-content\/uploads\/2024\/06\/IMG_1985.jpeg\" alt=\"\" class=\"wp-image-258443\" srcset=\"https:\/\/noticiaempauta.com\/portal\/wp-content\/uploads\/2024\/06\/IMG_1985.jpeg 640w, https:\/\/noticiaempauta.com\/portal\/wp-content\/uploads\/2024\/06\/IMG_1985-300x201.jpeg 300w\" sizes=\"(max-width: 640px) 100vw, 640px\" \/><\/figure>\n\n\n\n<figure class=\"wp-block-image size-full\"><img loading=\"lazy\" decoding=\"async\" width=\"640\" height=\"428\" src=\"https:\/\/noticiaempauta.com\/portal\/wp-content\/uploads\/2024\/06\/IMG_1982.jpeg\" alt=\"\" class=\"wp-image-258444\" srcset=\"https:\/\/noticiaempauta.com\/portal\/wp-content\/uploads\/2024\/06\/IMG_1982.jpeg 640w, https:\/\/noticiaempauta.com\/portal\/wp-content\/uploads\/2024\/06\/IMG_1982-300x201.jpeg 300w\" sizes=\"(max-width: 640px) 100vw, 640px\" \/><\/figure>\n\n\n\n<figure class=\"wp-block-image size-full\"><img loading=\"lazy\" decoding=\"async\" width=\"640\" height=\"428\" src=\"https:\/\/noticiaempauta.com\/portal\/wp-content\/uploads\/2024\/06\/IMG_1981.jpeg\" alt=\"\" class=\"wp-image-258445\" srcset=\"https:\/\/noticiaempauta.com\/portal\/wp-content\/uploads\/2024\/06\/IMG_1981.jpeg 640w, https:\/\/noticiaempauta.com\/portal\/wp-content\/uploads\/2024\/06\/IMG_1981-300x201.jpeg 300w\" sizes=\"(max-width: 640px) 100vw, 640px\" \/><\/figure>\n\n\n\n<figure class=\"wp-block-image size-full\"><img loading=\"lazy\" decoding=\"async\" width=\"640\" height=\"428\" src=\"https:\/\/noticiaempauta.com\/portal\/wp-content\/uploads\/2024\/06\/IMG_1984.jpeg\" alt=\"\" class=\"wp-image-258446\" srcset=\"https:\/\/noticiaempauta.com\/portal\/wp-content\/uploads\/2024\/06\/IMG_1984.jpeg 640w, https:\/\/noticiaempauta.com\/portal\/wp-content\/uploads\/2024\/06\/IMG_1984-300x201.jpeg 300w\" sizes=\"(max-width: 640px) 100vw, 640px\" \/><\/figure>\n\n\n\n<figure class=\"wp-block-image size-full\"><img loading=\"lazy\" decoding=\"async\" width=\"640\" height=\"428\" src=\"https:\/\/noticiaempauta.com\/portal\/wp-content\/uploads\/2024\/06\/IMG_1986.jpeg\" alt=\"\" class=\"wp-image-258447\" srcset=\"https:\/\/noticiaempauta.com\/portal\/wp-content\/uploads\/2024\/06\/IMG_1986.jpeg 640w, https:\/\/noticiaempauta.com\/portal\/wp-content\/uploads\/2024\/06\/IMG_1986-300x201.jpeg 300w\" sizes=\"(max-width: 640px) 100vw, 640px\" \/><\/figure>\n","protected":false},"excerpt":{"rendered":"<p>O Picos Cidade Junina, iniciado neste s\u00e1bado (1\u00ba), mostrou-se como um dos maiores e mais animados festivais do Piau\u00ed, trazendo uma celebra\u00e7\u00e3o vibrante das tradi\u00e7\u00f5es culturais brasileiras para a cidade de Picos. O primeiro dia do evento, contou com uma programa\u00e7\u00e3o diversificada que incluiu quadrilhas, shows musicais, barracas de comidas t\u00edpicas e outras atra\u00e7\u00f5es. Para [&hellip;]<\/p>\n","protected":false},"author":2,"featured_media":258435,"comment_status":"open","ping_status":"open","sticky":false,"template":"","format":"standard","meta":{"_mi_skip_tracking":false,"footnotes":""},"categories":[167,25,1,16],"tags":[192],"class_list":["post-258431","post","type-post","status-publish","format-standard","has-post-thumbnail","hentry","category-cultura","category-destaques-site","category-geral","category-todas","tag-destaqueprincipal"],"acf":[],"yoast_head":"<!-- This site is optimized with the Yoast SEO Premium plugin v19.2 (Yoast SEO v26.9) - https:\/\/yoast.com\/product\/yoast-seo-premium-wordpress\/ -->\n<title>Picos Cidade Junina: primeira noite re\u00fane multid\u00e3o que celebra a cultura e a tradi\u00e7\u00e3o nordestina - Portal Not\u00edcia em Pauta<\/title>\n<meta name=\"robots\" content=\"index, follow, max-snippet:-1, max-image-preview:large, max-video-preview:-1\" \/>\n<link rel=\"canonical\" href=\"https:\/\/noticiaempauta.com\/portal\/picos-cidade-junina-primeira-noite-reune-multidao-que-celebra-a-cultura-e-a-tradicao-nordestina\/\" \/>\n<meta property=\"og:locale\" content=\"pt_BR\" \/>\n<meta property=\"og:type\" content=\"article\" \/>\n<meta property=\"og:title\" content=\"Picos Cidade Junina: primeira noite re\u00fane multid\u00e3o que celebra a cultura e a tradi\u00e7\u00e3o nordestina\" \/>\n<meta property=\"og:description\" content=\"O Picos Cidade Junina, iniciado neste s\u00e1bado (1\u00ba), mostrou-se como um dos maiores e mais animados festivais do Piau\u00ed, trazendo uma celebra\u00e7\u00e3o vibrante das tradi\u00e7\u00f5es culturais brasileiras para a cidade de Picos. O primeiro dia do evento, contou com uma programa\u00e7\u00e3o diversificada que incluiu quadrilhas, shows musicais, barracas de comidas t\u00edpicas e outras atra\u00e7\u00f5es. Para [&hellip;]\" \/>\n<meta property=\"og:url\" content=\"https:\/\/noticiaempauta.com\/portal\/picos-cidade-junina-primeira-noite-reune-multidao-que-celebra-a-cultura-e-a-tradicao-nordestina\/\" \/>\n<meta property=\"og:site_name\" content=\"Portal Not\u00edcia em Pauta\" \/>\n<meta property=\"article:publisher\" content=\"https:\/\/www.facebook.com\/Portal-Notcia-Em-Pauta-102292869264820\/\" \/>\n<meta property=\"article:published_time\" content=\"2024-06-02T19:33:24+00:00\" \/>\n<meta property=\"article:modified_time\" content=\"2024-06-02T19:45:27+00:00\" \/>\n<meta property=\"og:image\" content=\"https:\/\/noticiaempauta.com\/portal\/wp-content\/uploads\/2024\/06\/1bc7d609-454b-4948-839c-86d9a0299048.jpeg\" \/>\n\t<meta property=\"og:image:width\" content=\"1600\" \/>\n\t<meta property=\"og:image:height\" content=\"1068\" \/>\n\t<meta property=\"og:image:type\" content=\"image\/jpeg\" \/>\n<meta name=\"author\" content=\"Reda\u00e7\u00e3o\" \/>\n<meta name=\"twitter:card\" content=\"summary_large_image\" \/>\n<meta name=\"twitter:label1\" content=\"Escrito por\" \/>\n\t<meta name=\"twitter:data1\" content=\"Reda\u00e7\u00e3o\" \/>\n\t<meta name=\"twitter:label2\" content=\"Est. tempo de leitura\" \/>\n\t<meta name=\"twitter:data2\" content=\"5 minutos\" \/>\n<script type=\"application\/ld+json\" class=\"yoast-schema-graph\">{\"@context\":\"https:\/\/schema.org\",\"@graph\":[{\"@type\":\"Article\",\"@id\":\"https:\/\/noticiaempauta.com\/portal\/picos-cidade-junina-primeira-noite-reune-multidao-que-celebra-a-cultura-e-a-tradicao-nordestina\/#article\",\"isPartOf\":{\"@id\":\"https:\/\/noticiaempauta.com\/portal\/picos-cidade-junina-primeira-noite-reune-multidao-que-celebra-a-cultura-e-a-tradicao-nordestina\/\"},\"author\":{\"name\":\"Reda\u00e7\u00e3o\",\"@id\":\"https:\/\/noticiaempauta.com\/portal\/#\/schema\/person\/a74af43dd1ab3deca45f988c717d57ac\"},\"headline\":\"Picos Cidade Junina: primeira noite re\u00fane multid\u00e3o que celebra a cultura e a tradi\u00e7\u00e3o nordestina\",\"datePublished\":\"2024-06-02T19:33:24+00:00\",\"dateModified\":\"2024-06-02T19:45:27+00:00\",\"mainEntityOfPage\":{\"@id\":\"https:\/\/noticiaempauta.com\/portal\/picos-cidade-junina-primeira-noite-reune-multidao-que-celebra-a-cultura-e-a-tradicao-nordestina\/\"},\"wordCount\":327,\"commentCount\":0,\"publisher\":{\"@id\":\"https:\/\/noticiaempauta.com\/portal\/#organization\"},\"image\":{\"@id\":\"https:\/\/noticiaempauta.com\/portal\/picos-cidade-junina-primeira-noite-reune-multidao-que-celebra-a-cultura-e-a-tradicao-nordestina\/#primaryimage\"},\"thumbnailUrl\":\"https:\/\/noticiaempauta.com\/portal\/wp-content\/uploads\/2024\/06\/1bc7d609-454b-4948-839c-86d9a0299048.jpeg\",\"keywords\":[\"destaqueprincipal\"],\"articleSection\":[\"Cultura\",\"Destaques\",\"Geral\",\"Todas as Not\u00edcias\"],\"inLanguage\":\"pt-BR\",\"potentialAction\":[{\"@type\":\"CommentAction\",\"name\":\"Comment\",\"target\":[\"https:\/\/noticiaempauta.com\/portal\/picos-cidade-junina-primeira-noite-reune-multidao-que-celebra-a-cultura-e-a-tradicao-nordestina\/#respond\"]}]},{\"@type\":\"WebPage\",\"@id\":\"https:\/\/noticiaempauta.com\/portal\/picos-cidade-junina-primeira-noite-reune-multidao-que-celebra-a-cultura-e-a-tradicao-nordestina\/\",\"url\":\"https:\/\/noticiaempauta.com\/portal\/picos-cidade-junina-primeira-noite-reune-multidao-que-celebra-a-cultura-e-a-tradicao-nordestina\/\",\"name\":\"Picos Cidade Junina: primeira noite re\u00fane multid\u00e3o que celebra a cultura e a tradi\u00e7\u00e3o nordestina - Portal Not\u00edcia em Pauta\",\"isPartOf\":{\"@id\":\"https:\/\/noticiaempauta.com\/portal\/#website\"},\"primaryImageOfPage\":{\"@id\":\"https:\/\/noticiaempauta.com\/portal\/picos-cidade-junina-primeira-noite-reune-multidao-que-celebra-a-cultura-e-a-tradicao-nordestina\/#primaryimage\"},\"image\":{\"@id\":\"https:\/\/noticiaempauta.com\/portal\/picos-cidade-junina-primeira-noite-reune-multidao-que-celebra-a-cultura-e-a-tradicao-nordestina\/#primaryimage\"},\"thumbnailUrl\":\"https:\/\/noticiaempauta.com\/portal\/wp-content\/uploads\/2024\/06\/1bc7d609-454b-4948-839c-86d9a0299048.jpeg\",\"datePublished\":\"2024-06-02T19:33:24+00:00\",\"dateModified\":\"2024-06-02T19:45:27+00:00\",\"breadcrumb\":{\"@id\":\"https:\/\/noticiaempauta.com\/portal\/picos-cidade-junina-primeira-noite-reune-multidao-que-celebra-a-cultura-e-a-tradicao-nordestina\/#breadcrumb\"},\"inLanguage\":\"pt-BR\",\"potentialAction\":[{\"@type\":\"ReadAction\",\"target\":[\"https:\/\/noticiaempauta.com\/portal\/picos-cidade-junina-primeira-noite-reune-multidao-que-celebra-a-cultura-e-a-tradicao-nordestina\/\"]}]},{\"@type\":\"ImageObject\",\"inLanguage\":\"pt-BR\",\"@id\":\"https:\/\/noticiaempauta.com\/portal\/picos-cidade-junina-primeira-noite-reune-multidao-que-celebra-a-cultura-e-a-tradicao-nordestina\/#primaryimage\",\"url\":\"https:\/\/noticiaempauta.com\/portal\/wp-content\/uploads\/2024\/06\/1bc7d609-454b-4948-839c-86d9a0299048.jpeg\",\"contentUrl\":\"https:\/\/noticiaempauta.com\/portal\/wp-content\/uploads\/2024\/06\/1bc7d609-454b-4948-839c-86d9a0299048.jpeg\",\"width\":1600,\"height\":1068},{\"@type\":\"BreadcrumbList\",\"@id\":\"https:\/\/noticiaempauta.com\/portal\/picos-cidade-junina-primeira-noite-reune-multidao-que-celebra-a-cultura-e-a-tradicao-nordestina\/#breadcrumb\",\"itemListElement\":[{\"@type\":\"ListItem\",\"position\":1,\"name\":\"P\u00e1gina Inicial\",\"item\":\"https:\/\/noticiaempauta.com\/portal\/\"},{\"@type\":\"ListItem\",\"position\":2,\"name\":\"Geral\",\"item\":\"https:\/\/noticiaempauta.com\/portal\/geral\/\"},{\"@type\":\"ListItem\",\"position\":3,\"name\":\"Picos Cidade Junina: primeira noite re\u00fane multid\u00e3o que celebra a cultura e a tradi\u00e7\u00e3o nordestina\"}]},{\"@type\":\"WebSite\",\"@id\":\"https:\/\/noticiaempauta.com\/portal\/#website\",\"url\":\"https:\/\/noticiaempauta.com\/portal\/\",\"name\":\"Portal Not\u00edcia em Pauta\",\"description\":\"Voc\u00ea bem informado\",\"publisher\":{\"@id\":\"https:\/\/noticiaempauta.com\/portal\/#organization\"},\"potentialAction\":[{\"@type\":\"SearchAction\",\"target\":{\"@type\":\"EntryPoint\",\"urlTemplate\":\"https:\/\/noticiaempauta.com\/portal\/?s={search_term_string}\"},\"query-input\":{\"@type\":\"PropertyValueSpecification\",\"valueRequired\":true,\"valueName\":\"search_term_string\"}}],\"inLanguage\":\"pt-BR\"},{\"@type\":\"Organization\",\"@id\":\"https:\/\/noticiaempauta.com\/portal\/#organization\",\"name\":\"Portal Not\u00edcia em Pauta\",\"url\":\"https:\/\/noticiaempauta.com\/portal\/\",\"logo\":{\"@type\":\"ImageObject\",\"inLanguage\":\"pt-BR\",\"@id\":\"https:\/\/noticiaempauta.com\/portal\/#\/schema\/logo\/image\/\",\"url\":\"https:\/\/noticiaempauta.com\/portal\/wp-content\/uploads\/2022\/08\/logomarca_tema.fw_.png\",\"contentUrl\":\"https:\/\/noticiaempauta.com\/portal\/wp-content\/uploads\/2022\/08\/logomarca_tema.fw_.png\",\"width\":400,\"height\":232,\"caption\":\"Portal Not\u00edcia em Pauta\"},\"image\":{\"@id\":\"https:\/\/noticiaempauta.com\/portal\/#\/schema\/logo\/image\/\"},\"sameAs\":[\"https:\/\/www.facebook.com\/Portal-Notcia-Em-Pauta-102292869264820\/\",\"https:\/\/www.instagram.com\/portalnoticiaempauta\/\"]},{\"@type\":\"Person\",\"@id\":\"https:\/\/noticiaempauta.com\/portal\/#\/schema\/person\/a74af43dd1ab3deca45f988c717d57ac\",\"name\":\"Reda\u00e7\u00e3o\",\"image\":{\"@type\":\"ImageObject\",\"inLanguage\":\"pt-BR\",\"@id\":\"https:\/\/noticiaempauta.com\/portal\/#\/schema\/person\/image\/\",\"url\":\"https:\/\/secure.gravatar.com\/avatar\/03179346ecce6cdfc13361603e8f54242a90e5cde8618fa23c5c00aa2b0aadf3?s=96&d=mm&r=g\",\"contentUrl\":\"https:\/\/secure.gravatar.com\/avatar\/03179346ecce6cdfc13361603e8f54242a90e5cde8618fa23c5c00aa2b0aadf3?s=96&d=mm&r=g\",\"caption\":\"Reda\u00e7\u00e3o\"},\"sameAs\":[\"https:\/\/noticiaempauta.com\/portal\/\"],\"url\":\"https:\/\/noticiaempauta.com\/portal\/author\/fernando\/\"}]}<\/script>\n<!-- \/ Yoast SEO Premium plugin. -->","yoast_head_json":{"title":"Picos Cidade Junina: primeira noite re\u00fane multid\u00e3o que celebra a cultura e a tradi\u00e7\u00e3o nordestina - Portal Not\u00edcia em Pauta","robots":{"index":"index","follow":"follow","max-snippet":"max-snippet:-1","max-image-preview":"max-image-preview:large","max-video-preview":"max-video-preview:-1"},"canonical":"https:\/\/noticiaempauta.com\/portal\/picos-cidade-junina-primeira-noite-reune-multidao-que-celebra-a-cultura-e-a-tradicao-nordestina\/","og_locale":"pt_BR","og_type":"article","og_title":"Picos Cidade Junina: primeira noite re\u00fane multid\u00e3o que celebra a cultura e a tradi\u00e7\u00e3o nordestina","og_description":"O Picos Cidade Junina, iniciado neste s\u00e1bado (1\u00ba), mostrou-se como um dos maiores e mais animados festivais do Piau\u00ed, trazendo uma celebra\u00e7\u00e3o vibrante das tradi\u00e7\u00f5es culturais brasileiras para a cidade de Picos. O primeiro dia do evento, contou com uma programa\u00e7\u00e3o diversificada que incluiu quadrilhas, shows musicais, barracas de comidas t\u00edpicas e outras atra\u00e7\u00f5es. Para [&hellip;]","og_url":"https:\/\/noticiaempauta.com\/portal\/picos-cidade-junina-primeira-noite-reune-multidao-que-celebra-a-cultura-e-a-tradicao-nordestina\/","og_site_name":"Portal Not\u00edcia em Pauta","article_publisher":"https:\/\/www.facebook.com\/Portal-Notcia-Em-Pauta-102292869264820\/","article_published_time":"2024-06-02T19:33:24+00:00","article_modified_time":"2024-06-02T19:45:27+00:00","og_image":[{"width":1600,"height":1068,"url":"https:\/\/noticiaempauta.com\/portal\/wp-content\/uploads\/2024\/06\/1bc7d609-454b-4948-839c-86d9a0299048.jpeg","type":"image\/jpeg"}],"author":"Reda\u00e7\u00e3o","twitter_card":"summary_large_image","twitter_misc":{"Escrito por":"Reda\u00e7\u00e3o","Est. tempo de leitura":"5 minutos"},"schema":{"@context":"https:\/\/schema.org","@graph":[{"@type":"Article","@id":"https:\/\/noticiaempauta.com\/portal\/picos-cidade-junina-primeira-noite-reune-multidao-que-celebra-a-cultura-e-a-tradicao-nordestina\/#article","isPartOf":{"@id":"https:\/\/noticiaempauta.com\/portal\/picos-cidade-junina-primeira-noite-reune-multidao-que-celebra-a-cultura-e-a-tradicao-nordestina\/"},"author":{"name":"Reda\u00e7\u00e3o","@id":"https:\/\/noticiaempauta.com\/portal\/#\/schema\/person\/a74af43dd1ab3deca45f988c717d57ac"},"headline":"Picos Cidade Junina: primeira noite re\u00fane multid\u00e3o que celebra a cultura e a tradi\u00e7\u00e3o nordestina","datePublished":"2024-06-02T19:33:24+00:00","dateModified":"2024-06-02T19:45:27+00:00","mainEntityOfPage":{"@id":"https:\/\/noticiaempauta.com\/portal\/picos-cidade-junina-primeira-noite-reune-multidao-que-celebra-a-cultura-e-a-tradicao-nordestina\/"},"wordCount":327,"commentCount":0,"publisher":{"@id":"https:\/\/noticiaempauta.com\/portal\/#organization"},"image":{"@id":"https:\/\/noticiaempauta.com\/portal\/picos-cidade-junina-primeira-noite-reune-multidao-que-celebra-a-cultura-e-a-tradicao-nordestina\/#primaryimage"},"thumbnailUrl":"https:\/\/noticiaempauta.com\/portal\/wp-content\/uploads\/2024\/06\/1bc7d609-454b-4948-839c-86d9a0299048.jpeg","keywords":["destaqueprincipal"],"articleSection":["Cultura","Destaques","Geral","Todas as Not\u00edcias"],"inLanguage":"pt-BR","potentialAction":[{"@type":"CommentAction","name":"Comment","target":["https:\/\/noticiaempauta.com\/portal\/picos-cidade-junina-primeira-noite-reune-multidao-que-celebra-a-cultura-e-a-tradicao-nordestina\/#respond"]}]},{"@type":"WebPage","@id":"https:\/\/noticiaempauta.com\/portal\/picos-cidade-junina-primeira-noite-reune-multidao-que-celebra-a-cultura-e-a-tradicao-nordestina\/","url":"https:\/\/noticiaempauta.com\/portal\/picos-cidade-junina-primeira-noite-reune-multidao-que-celebra-a-cultura-e-a-tradicao-nordestina\/","name":"Picos Cidade Junina: primeira noite re\u00fane multid\u00e3o que celebra a cultura e a tradi\u00e7\u00e3o nordestina - Portal Not\u00edcia em Pauta","isPartOf":{"@id":"https:\/\/noticiaempauta.com\/portal\/#website"},"primaryImageOfPage":{"@id":"https:\/\/noticiaempauta.com\/portal\/picos-cidade-junina-primeira-noite-reune-multidao-que-celebra-a-cultura-e-a-tradicao-nordestina\/#primaryimage"},"image":{"@id":"https:\/\/noticiaempauta.com\/portal\/picos-cidade-junina-primeira-noite-reune-multidao-que-celebra-a-cultura-e-a-tradicao-nordestina\/#primaryimage"},"thumbnailUrl":"https:\/\/noticiaempauta.com\/portal\/wp-content\/uploads\/2024\/06\/1bc7d609-454b-4948-839c-86d9a0299048.jpeg","datePublished":"2024-06-02T19:33:24+00:00","dateModified":"2024-06-02T19:45:27+00:00","breadcrumb":{"@id":"https:\/\/noticiaempauta.com\/portal\/picos-cidade-junina-primeira-noite-reune-multidao-que-celebra-a-cultura-e-a-tradicao-nordestina\/#breadcrumb"},"inLanguage":"pt-BR","potentialAction":[{"@type":"ReadAction","target":["https:\/\/noticiaempauta.com\/portal\/picos-cidade-junina-primeira-noite-reune-multidao-que-celebra-a-cultura-e-a-tradicao-nordestina\/"]}]},{"@type":"ImageObject","inLanguage":"pt-BR","@id":"https:\/\/noticiaempauta.com\/portal\/picos-cidade-junina-primeira-noite-reune-multidao-que-celebra-a-cultura-e-a-tradicao-nordestina\/#primaryimage","url":"https:\/\/noticiaempauta.com\/portal\/wp-content\/uploads\/2024\/06\/1bc7d609-454b-4948-839c-86d9a0299048.jpeg","contentUrl":"https:\/\/noticiaempauta.com\/portal\/wp-content\/uploads\/2024\/06\/1bc7d609-454b-4948-839c-86d9a0299048.jpeg","width":1600,"height":1068},{"@type":"BreadcrumbList","@id":"https:\/\/noticiaempauta.com\/portal\/picos-cidade-junina-primeira-noite-reune-multidao-que-celebra-a-cultura-e-a-tradicao-nordestina\/#breadcrumb","itemListElement":[{"@type":"ListItem","position":1,"name":"P\u00e1gina Inicial","item":"https:\/\/noticiaempauta.com\/portal\/"},{"@type":"ListItem","position":2,"name":"Geral","item":"https:\/\/noticiaempauta.com\/portal\/geral\/"},{"@type":"ListItem","position":3,"name":"Picos Cidade Junina: primeira noite re\u00fane multid\u00e3o que celebra a cultura e a tradi\u00e7\u00e3o nordestina"}]},{"@type":"WebSite","@id":"https:\/\/noticiaempauta.com\/portal\/#website","url":"https:\/\/noticiaempauta.com\/portal\/","name":"Portal Not\u00edcia em Pauta","description":"Voc\u00ea bem informado","publisher":{"@id":"https:\/\/noticiaempauta.com\/portal\/#organization"},"potentialAction":[{"@type":"SearchAction","target":{"@type":"EntryPoint","urlTemplate":"https:\/\/noticiaempauta.com\/portal\/?s={search_term_string}"},"query-input":{"@type":"PropertyValueSpecification","valueRequired":true,"valueName":"search_term_string"}}],"inLanguage":"pt-BR"},{"@type":"Organization","@id":"https:\/\/noticiaempauta.com\/portal\/#organization","name":"Portal Not\u00edcia em Pauta","url":"https:\/\/noticiaempauta.com\/portal\/","logo":{"@type":"ImageObject","inLanguage":"pt-BR","@id":"https:\/\/noticiaempauta.com\/portal\/#\/schema\/logo\/image\/","url":"https:\/\/noticiaempauta.com\/portal\/wp-content\/uploads\/2022\/08\/logomarca_tema.fw_.png","contentUrl":"https:\/\/noticiaempauta.com\/portal\/wp-content\/uploads\/2022\/08\/logomarca_tema.fw_.png","width":400,"height":232,"caption":"Portal Not\u00edcia em Pauta"},"image":{"@id":"https:\/\/noticiaempauta.com\/portal\/#\/schema\/logo\/image\/"},"sameAs":["https:\/\/www.facebook.com\/Portal-Notcia-Em-Pauta-102292869264820\/","https:\/\/www.instagram.com\/portalnoticiaempauta\/"]},{"@type":"Person","@id":"https:\/\/noticiaempauta.com\/portal\/#\/schema\/person\/a74af43dd1ab3deca45f988c717d57ac","name":"Reda\u00e7\u00e3o","image":{"@type":"ImageObject","inLanguage":"pt-BR","@id":"https:\/\/noticiaempauta.com\/portal\/#\/schema\/person\/image\/","url":"https:\/\/secure.gravatar.com\/avatar\/03179346ecce6cdfc13361603e8f54242a90e5cde8618fa23c5c00aa2b0aadf3?s=96&d=mm&r=g","contentUrl":"https:\/\/secure.gravatar.com\/avatar\/03179346ecce6cdfc13361603e8f54242a90e5cde8618fa23c5c00aa2b0aadf3?s=96&d=mm&r=g","caption":"Reda\u00e7\u00e3o"},"sameAs":["https:\/\/noticiaempauta.com\/portal\/"],"url":"https:\/\/noticiaempauta.com\/portal\/author\/fernando\/"}]}},"_links":{"self":[{"href":"https:\/\/noticiaempauta.com\/portal\/wp-json\/wp\/v2\/posts\/258431","targetHints":{"allow":["GET"]}}],"collection":[{"href":"https:\/\/noticiaempauta.com\/portal\/wp-json\/wp\/v2\/posts"}],"about":[{"href":"https:\/\/noticiaempauta.com\/portal\/wp-json\/wp\/v2\/types\/post"}],"author":[{"embeddable":true,"href":"https:\/\/noticiaempauta.com\/portal\/wp-json\/wp\/v2\/users\/2"}],"replies":[{"embeddable":true,"href":"https:\/\/noticiaempauta.com\/portal\/wp-json\/wp\/v2\/comments?post=258431"}],"version-history":[{"count":3,"href":"https:\/\/noticiaempauta.com\/portal\/wp-json\/wp\/v2\/posts\/258431\/revisions"}],"predecessor-version":[{"id":258456,"href":"https:\/\/noticiaempauta.com\/portal\/wp-json\/wp\/v2\/posts\/258431\/revisions\/258456"}],"wp:featuredmedia":[{"embeddable":true,"href":"https:\/\/noticiaempauta.com\/portal\/wp-json\/wp\/v2\/media\/258435"}],"wp:attachment":[{"href":"https:\/\/noticiaempauta.com\/portal\/wp-json\/wp\/v2\/media?parent=258431"}],"wp:term":[{"taxonomy":"category","embeddable":true,"href":"https:\/\/noticiaempauta.com\/portal\/wp-json\/wp\/v2\/categories?post=258431"},{"taxonomy":"post_tag","embeddable":true,"href":"https:\/\/noticiaempauta.com\/portal\/wp-json\/wp\/v2\/tags?post=258431"}],"curies":[{"name":"wp","href":"https:\/\/api.w.org\/{rel}","templated":true}]}}