{"id":258483,"date":"2024-06-03T10:05:36","date_gmt":"2024-06-03T13:05:36","guid":{"rendered":"https:\/\/noticiaempauta.com\/portal\/?p=258483"},"modified":"2024-06-03T10:05:37","modified_gmt":"2024-06-03T13:05:37","slug":"monsenhor-hipolito-67-anos-prefeito-djalma-policarpo-anuncia-primeira-atracao-para-o-aniversario-de-emancipacao","status":"publish","type":"post","link":"https:\/\/noticiaempauta.com\/portal\/monsenhor-hipolito-67-anos-prefeito-djalma-policarpo-anuncia-primeira-atracao-para-o-aniversario-de-emancipacao\/","title":{"rendered":"Monsenhor Hip\u00f3lito 67 anos | Prefeito Djalma Policarpo anuncia primeira atra\u00e7\u00e3o para o anivers\u00e1rio de emancipa\u00e7\u00e3o"},"content":{"rendered":"\n<p>Nesta segunda-feira (03), foi confirmada a primeira atra\u00e7\u00e3o musical que animar\u00e1 as comemora\u00e7\u00f5es do 67\u00ba anivers\u00e1rio de Monsenhor Hip\u00f3lito. As festividades est\u00e3o sendo organizadas pela gest\u00e3o do prefeito Djalma Policarpo e prometem agitar a cidade.<\/p>\n\n\n\n<p>O primeiro nome divulgado para animar a festa \u00e9 o do cantor Eric Land. Nascido em Fortaleza, Cear\u00e1, Eric Land \u00e9 considerado uma das grandes apostas da nova gera\u00e7\u00e3o do forr\u00f3. Com uma carreira profissional na m\u00fasica que j\u00e1 ultrapassa nove anos, ele acumula n\u00fameros impressionantes nas plataformas digitais. Seus hits, como \u201cChorei na Vaquejada\u201d, em parceria com Tarc\u00edsio do Acordeon, e \u201cCidade Inteira\u201d, conquistaram o p\u00fablico, solidificando sua posi\u00e7\u00e3o como um fen\u00f4meno do piseiro.<\/p>\n\n\n\n<figure class=\"wp-block-image size-full\"><img fetchpriority=\"high\" decoding=\"async\" width=\"1020\" height=\"680\" src=\"https:\/\/noticiaempauta.com\/portal\/wp-content\/uploads\/2024\/06\/batch_DSC_7389.jpg\" alt=\"\" class=\"wp-image-258484\" srcset=\"https:\/\/noticiaempauta.com\/portal\/wp-content\/uploads\/2024\/06\/batch_DSC_7389.jpg 1020w, https:\/\/noticiaempauta.com\/portal\/wp-content\/uploads\/2024\/06\/batch_DSC_7389-300x200.jpg 300w, https:\/\/noticiaempauta.com\/portal\/wp-content\/uploads\/2024\/06\/batch_DSC_7389-768x512.jpg 768w\" sizes=\"(max-width: 1020px) 100vw, 1020px\" \/><\/figure>\n\n\n\n<p>O prefeito Djalma Policarpo destacou que a programa\u00e7\u00e3o est\u00e1 sendo preparada com especial aten\u00e7\u00e3o e que mais atra\u00e7\u00f5es ser\u00e3o divulgadas em breve.<\/p>\n\n\n\n<figure class=\"wp-block-image size-full\"><img decoding=\"async\" width=\"640\" height=\"427\" src=\"https:\/\/noticiaempauta.com\/portal\/wp-content\/uploads\/2024\/01\/dj1.jpg\" alt=\"\" class=\"wp-image-254155\" srcset=\"https:\/\/noticiaempauta.com\/portal\/wp-content\/uploads\/2024\/01\/dj1.jpg 640w, https:\/\/noticiaempauta.com\/portal\/wp-content\/uploads\/2024\/01\/dj1-300x200.jpg 300w\" sizes=\"(max-width: 640px) 100vw, 640px\" \/><\/figure>\n\n\n\n<p>\u201cEstamos muito entusiasmados em anunciar o in\u00edcio das comemora\u00e7\u00f5es do 67\u00ba anivers\u00e1rio de Monsenhor Hip\u00f3lito. Nossa cidade tem uma rica hist\u00f3ria e um futuro promissor, e nada melhor do que celebrarmos juntos com muita alegria e m\u00fasica, estamos preparando uma programa\u00e7\u00e3o especial, com diversas atra\u00e7\u00f5es para agradar a todos os p\u00fablicos. Fiquem atentos, pois ainda temos muitas surpresas por vir. Contamos com a presen\u00e7a de todos para fazermos dessa celebra\u00e7\u00e3o um momento inesquec\u00edvel\u201d, declarou.<\/p>\n\n\n\n<p>As festividades, que ser\u00e3o celebradas no m\u00eas de julho, prometem ser um grande evento, atraindo moradores e visitantes para comemorar o anivers\u00e1rio de Monsenhor Hip\u00f3lito.<\/p>\n\n\n\n<p><strong>Conhe\u00e7a um hit do cantor<\/strong><\/p>\n\n\n\n<figure class=\"wp-block-embed is-type-video is-provider-youtube wp-block-embed-youtube wp-embed-aspect-16-9 wp-has-aspect-ratio\"><div class=\"wp-block-embed__wrapper\">\n<iframe title=\"CHOREI NA VAQUEJADA - Eric Land e @tarcisiodoacordeon (Clipe Oficial)\" width=\"800\" height=\"450\" src=\"https:\/\/www.youtube.com\/embed\/bydRD0taXIY?feature=oembed\" frameborder=\"0\" allow=\"accelerometer; autoplay; clipboard-write; encrypted-media; gyroscope; picture-in-picture; web-share\" referrerpolicy=\"strict-origin-when-cross-origin\" allowfullscreen><\/iframe>\n<\/div><\/figure>\n\n\n\n<p><strong>Fonte: CidadesnaNet<\/strong><\/p>\n","protected":false},"excerpt":{"rendered":"<p>Nesta segunda-feira (03), foi confirmada a primeira atra\u00e7\u00e3o musical que animar\u00e1 as comemora\u00e7\u00f5es do 67\u00ba anivers\u00e1rio de Monsenhor Hip\u00f3lito. As festividades est\u00e3o sendo organizadas pela gest\u00e3o do prefeito Djalma Policarpo e prometem agitar a cidade. O primeiro nome divulgado para animar a festa \u00e9 o do cantor Eric Land. Nascido em Fortaleza, Cear\u00e1, Eric Land [&hellip;]<\/p>\n","protected":false},"author":2,"featured_media":254155,"comment_status":"open","ping_status":"open","sticky":false,"template":"","format":"standard","meta":{"_mi_skip_tracking":false,"footnotes":""},"categories":[25,1,9,16],"tags":[192],"class_list":["post-258483","post","type-post","status-publish","format-standard","has-post-thumbnail","hentry","category-destaques-site","category-geral","category-municipios","category-todas","tag-destaqueprincipal"],"acf":[],"yoast_head":"<!-- This site is optimized with the Yoast SEO Premium plugin v19.2 (Yoast SEO v26.9) - https:\/\/yoast.com\/product\/yoast-seo-premium-wordpress\/ -->\n<title>Monsenhor Hip\u00f3lito 67 anos | Prefeito Djalma Policarpo anuncia primeira atra\u00e7\u00e3o para o anivers\u00e1rio de emancipa\u00e7\u00e3o - Portal Not\u00edcia em Pauta<\/title>\n<meta name=\"robots\" content=\"index, follow, max-snippet:-1, max-image-preview:large, max-video-preview:-1\" \/>\n<link rel=\"canonical\" href=\"https:\/\/noticiaempauta.com\/portal\/monsenhor-hipolito-67-anos-prefeito-djalma-policarpo-anuncia-primeira-atracao-para-o-aniversario-de-emancipacao\/\" \/>\n<meta property=\"og:locale\" content=\"pt_BR\" \/>\n<meta property=\"og:type\" content=\"article\" \/>\n<meta property=\"og:title\" content=\"Monsenhor Hip\u00f3lito 67 anos | Prefeito Djalma Policarpo anuncia primeira atra\u00e7\u00e3o para o anivers\u00e1rio de emancipa\u00e7\u00e3o\" \/>\n<meta property=\"og:description\" content=\"Nesta segunda-feira (03), foi confirmada a primeira atra\u00e7\u00e3o musical que animar\u00e1 as comemora\u00e7\u00f5es do 67\u00ba anivers\u00e1rio de Monsenhor Hip\u00f3lito. As festividades est\u00e3o sendo organizadas pela gest\u00e3o do prefeito Djalma Policarpo e prometem agitar a cidade. O primeiro nome divulgado para animar a festa \u00e9 o do cantor Eric Land. Nascido em Fortaleza, Cear\u00e1, Eric Land [&hellip;]\" \/>\n<meta property=\"og:url\" content=\"https:\/\/noticiaempauta.com\/portal\/monsenhor-hipolito-67-anos-prefeito-djalma-policarpo-anuncia-primeira-atracao-para-o-aniversario-de-emancipacao\/\" \/>\n<meta property=\"og:site_name\" content=\"Portal Not\u00edcia em Pauta\" \/>\n<meta property=\"article:publisher\" content=\"https:\/\/www.facebook.com\/Portal-Notcia-Em-Pauta-102292869264820\/\" \/>\n<meta property=\"article:published_time\" content=\"2024-06-03T13:05:36+00:00\" \/>\n<meta property=\"article:modified_time\" content=\"2024-06-03T13:05:37+00:00\" \/>\n<meta property=\"og:image\" content=\"https:\/\/noticiaempauta.com\/portal\/wp-content\/uploads\/2024\/01\/dj1.jpg\" \/>\n\t<meta property=\"og:image:width\" content=\"640\" \/>\n\t<meta property=\"og:image:height\" content=\"427\" \/>\n\t<meta property=\"og:image:type\" content=\"image\/jpeg\" \/>\n<meta name=\"author\" content=\"Reda\u00e7\u00e3o\" \/>\n<meta name=\"twitter:card\" content=\"summary_large_image\" \/>\n<meta name=\"twitter:label1\" content=\"Escrito por\" \/>\n\t<meta name=\"twitter:data1\" content=\"Reda\u00e7\u00e3o\" \/>\n\t<meta name=\"twitter:label2\" content=\"Est. tempo de leitura\" \/>\n\t<meta name=\"twitter:data2\" content=\"2 minutos\" \/>\n<script type=\"application\/ld+json\" class=\"yoast-schema-graph\">{\"@context\":\"https:\/\/schema.org\",\"@graph\":[{\"@type\":\"Article\",\"@id\":\"https:\/\/noticiaempauta.com\/portal\/monsenhor-hipolito-67-anos-prefeito-djalma-policarpo-anuncia-primeira-atracao-para-o-aniversario-de-emancipacao\/#article\",\"isPartOf\":{\"@id\":\"https:\/\/noticiaempauta.com\/portal\/monsenhor-hipolito-67-anos-prefeito-djalma-policarpo-anuncia-primeira-atracao-para-o-aniversario-de-emancipacao\/\"},\"author\":{\"name\":\"Reda\u00e7\u00e3o\",\"@id\":\"https:\/\/noticiaempauta.com\/portal\/#\/schema\/person\/a74af43dd1ab3deca45f988c717d57ac\"},\"headline\":\"Monsenhor Hip\u00f3lito 67 anos | Prefeito Djalma Policarpo anuncia primeira atra\u00e7\u00e3o para o anivers\u00e1rio de emancipa\u00e7\u00e3o\",\"datePublished\":\"2024-06-03T13:05:36+00:00\",\"dateModified\":\"2024-06-03T13:05:37+00:00\",\"mainEntityOfPage\":{\"@id\":\"https:\/\/noticiaempauta.com\/portal\/monsenhor-hipolito-67-anos-prefeito-djalma-policarpo-anuncia-primeira-atracao-para-o-aniversario-de-emancipacao\/\"},\"wordCount\":293,\"commentCount\":0,\"publisher\":{\"@id\":\"https:\/\/noticiaempauta.com\/portal\/#organization\"},\"image\":{\"@id\":\"https:\/\/noticiaempauta.com\/portal\/monsenhor-hipolito-67-anos-prefeito-djalma-policarpo-anuncia-primeira-atracao-para-o-aniversario-de-emancipacao\/#primaryimage\"},\"thumbnailUrl\":\"https:\/\/noticiaempauta.com\/portal\/wp-content\/uploads\/2024\/01\/dj1.jpg\",\"keywords\":[\"destaqueprincipal\"],\"articleSection\":[\"Destaques\",\"Geral\",\"Munic\u00edpios\",\"Todas as Not\u00edcias\"],\"inLanguage\":\"pt-BR\",\"potentialAction\":[{\"@type\":\"CommentAction\",\"name\":\"Comment\",\"target\":[\"https:\/\/noticiaempauta.com\/portal\/monsenhor-hipolito-67-anos-prefeito-djalma-policarpo-anuncia-primeira-atracao-para-o-aniversario-de-emancipacao\/#respond\"]}]},{\"@type\":\"WebPage\",\"@id\":\"https:\/\/noticiaempauta.com\/portal\/monsenhor-hipolito-67-anos-prefeito-djalma-policarpo-anuncia-primeira-atracao-para-o-aniversario-de-emancipacao\/\",\"url\":\"https:\/\/noticiaempauta.com\/portal\/monsenhor-hipolito-67-anos-prefeito-djalma-policarpo-anuncia-primeira-atracao-para-o-aniversario-de-emancipacao\/\",\"name\":\"Monsenhor Hip\u00f3lito 67 anos | Prefeito Djalma Policarpo anuncia primeira atra\u00e7\u00e3o para o anivers\u00e1rio de emancipa\u00e7\u00e3o - Portal Not\u00edcia em Pauta\",\"isPartOf\":{\"@id\":\"https:\/\/noticiaempauta.com\/portal\/#website\"},\"primaryImageOfPage\":{\"@id\":\"https:\/\/noticiaempauta.com\/portal\/monsenhor-hipolito-67-anos-prefeito-djalma-policarpo-anuncia-primeira-atracao-para-o-aniversario-de-emancipacao\/#primaryimage\"},\"image\":{\"@id\":\"https:\/\/noticiaempauta.com\/portal\/monsenhor-hipolito-67-anos-prefeito-djalma-policarpo-anuncia-primeira-atracao-para-o-aniversario-de-emancipacao\/#primaryimage\"},\"thumbnailUrl\":\"https:\/\/noticiaempauta.com\/portal\/wp-content\/uploads\/2024\/01\/dj1.jpg\",\"datePublished\":\"2024-06-03T13:05:36+00:00\",\"dateModified\":\"2024-06-03T13:05:37+00:00\",\"breadcrumb\":{\"@id\":\"https:\/\/noticiaempauta.com\/portal\/monsenhor-hipolito-67-anos-prefeito-djalma-policarpo-anuncia-primeira-atracao-para-o-aniversario-de-emancipacao\/#breadcrumb\"},\"inLanguage\":\"pt-BR\",\"potentialAction\":[{\"@type\":\"ReadAction\",\"target\":[\"https:\/\/noticiaempauta.com\/portal\/monsenhor-hipolito-67-anos-prefeito-djalma-policarpo-anuncia-primeira-atracao-para-o-aniversario-de-emancipacao\/\"]}]},{\"@type\":\"ImageObject\",\"inLanguage\":\"pt-BR\",\"@id\":\"https:\/\/noticiaempauta.com\/portal\/monsenhor-hipolito-67-anos-prefeito-djalma-policarpo-anuncia-primeira-atracao-para-o-aniversario-de-emancipacao\/#primaryimage\",\"url\":\"https:\/\/noticiaempauta.com\/portal\/wp-content\/uploads\/2024\/01\/dj1.jpg\",\"contentUrl\":\"https:\/\/noticiaempauta.com\/portal\/wp-content\/uploads\/2024\/01\/dj1.jpg\",\"width\":640,\"height\":427},{\"@type\":\"BreadcrumbList\",\"@id\":\"https:\/\/noticiaempauta.com\/portal\/monsenhor-hipolito-67-anos-prefeito-djalma-policarpo-anuncia-primeira-atracao-para-o-aniversario-de-emancipacao\/#breadcrumb\",\"itemListElement\":[{\"@type\":\"ListItem\",\"position\":1,\"name\":\"P\u00e1gina Inicial\",\"item\":\"https:\/\/noticiaempauta.com\/portal\/\"},{\"@type\":\"ListItem\",\"position\":2,\"name\":\"Destaques\",\"item\":\"https:\/\/noticiaempauta.com\/portal\/destaques-site\/\"},{\"@type\":\"ListItem\",\"position\":3,\"name\":\"Monsenhor Hip\u00f3lito 67 anos | Prefeito Djalma Policarpo anuncia primeira atra\u00e7\u00e3o para o anivers\u00e1rio de emancipa\u00e7\u00e3o\"}]},{\"@type\":\"WebSite\",\"@id\":\"https:\/\/noticiaempauta.com\/portal\/#website\",\"url\":\"https:\/\/noticiaempauta.com\/portal\/\",\"name\":\"Portal Not\u00edcia em Pauta\",\"description\":\"Voc\u00ea bem informado\",\"publisher\":{\"@id\":\"https:\/\/noticiaempauta.com\/portal\/#organization\"},\"potentialAction\":[{\"@type\":\"SearchAction\",\"target\":{\"@type\":\"EntryPoint\",\"urlTemplate\":\"https:\/\/noticiaempauta.com\/portal\/?s={search_term_string}\"},\"query-input\":{\"@type\":\"PropertyValueSpecification\",\"valueRequired\":true,\"valueName\":\"search_term_string\"}}],\"inLanguage\":\"pt-BR\"},{\"@type\":\"Organization\",\"@id\":\"https:\/\/noticiaempauta.com\/portal\/#organization\",\"name\":\"Portal Not\u00edcia em Pauta\",\"url\":\"https:\/\/noticiaempauta.com\/portal\/\",\"logo\":{\"@type\":\"ImageObject\",\"inLanguage\":\"pt-BR\",\"@id\":\"https:\/\/noticiaempauta.com\/portal\/#\/schema\/logo\/image\/\",\"url\":\"https:\/\/noticiaempauta.com\/portal\/wp-content\/uploads\/2022\/08\/logomarca_tema.fw_.png\",\"contentUrl\":\"https:\/\/noticiaempauta.com\/portal\/wp-content\/uploads\/2022\/08\/logomarca_tema.fw_.png\",\"width\":400,\"height\":232,\"caption\":\"Portal Not\u00edcia em Pauta\"},\"image\":{\"@id\":\"https:\/\/noticiaempauta.com\/portal\/#\/schema\/logo\/image\/\"},\"sameAs\":[\"https:\/\/www.facebook.com\/Portal-Notcia-Em-Pauta-102292869264820\/\",\"https:\/\/www.instagram.com\/portalnoticiaempauta\/\"]},{\"@type\":\"Person\",\"@id\":\"https:\/\/noticiaempauta.com\/portal\/#\/schema\/person\/a74af43dd1ab3deca45f988c717d57ac\",\"name\":\"Reda\u00e7\u00e3o\",\"image\":{\"@type\":\"ImageObject\",\"inLanguage\":\"pt-BR\",\"@id\":\"https:\/\/noticiaempauta.com\/portal\/#\/schema\/person\/image\/\",\"url\":\"https:\/\/secure.gravatar.com\/avatar\/03179346ecce6cdfc13361603e8f54242a90e5cde8618fa23c5c00aa2b0aadf3?s=96&d=mm&r=g\",\"contentUrl\":\"https:\/\/secure.gravatar.com\/avatar\/03179346ecce6cdfc13361603e8f54242a90e5cde8618fa23c5c00aa2b0aadf3?s=96&d=mm&r=g\",\"caption\":\"Reda\u00e7\u00e3o\"},\"sameAs\":[\"https:\/\/noticiaempauta.com\/portal\/\"],\"url\":\"https:\/\/noticiaempauta.com\/portal\/author\/fernando\/\"}]}<\/script>\n<!-- \/ Yoast SEO Premium plugin. -->","yoast_head_json":{"title":"Monsenhor Hip\u00f3lito 67 anos | Prefeito Djalma Policarpo anuncia primeira atra\u00e7\u00e3o para o anivers\u00e1rio de emancipa\u00e7\u00e3o - Portal Not\u00edcia em Pauta","robots":{"index":"index","follow":"follow","max-snippet":"max-snippet:-1","max-image-preview":"max-image-preview:large","max-video-preview":"max-video-preview:-1"},"canonical":"https:\/\/noticiaempauta.com\/portal\/monsenhor-hipolito-67-anos-prefeito-djalma-policarpo-anuncia-primeira-atracao-para-o-aniversario-de-emancipacao\/","og_locale":"pt_BR","og_type":"article","og_title":"Monsenhor Hip\u00f3lito 67 anos | Prefeito Djalma Policarpo anuncia primeira atra\u00e7\u00e3o para o anivers\u00e1rio de emancipa\u00e7\u00e3o","og_description":"Nesta segunda-feira (03), foi confirmada a primeira atra\u00e7\u00e3o musical que animar\u00e1 as comemora\u00e7\u00f5es do 67\u00ba anivers\u00e1rio de Monsenhor Hip\u00f3lito. As festividades est\u00e3o sendo organizadas pela gest\u00e3o do prefeito Djalma Policarpo e prometem agitar a cidade. O primeiro nome divulgado para animar a festa \u00e9 o do cantor Eric Land. Nascido em Fortaleza, Cear\u00e1, Eric Land [&hellip;]","og_url":"https:\/\/noticiaempauta.com\/portal\/monsenhor-hipolito-67-anos-prefeito-djalma-policarpo-anuncia-primeira-atracao-para-o-aniversario-de-emancipacao\/","og_site_name":"Portal Not\u00edcia em Pauta","article_publisher":"https:\/\/www.facebook.com\/Portal-Notcia-Em-Pauta-102292869264820\/","article_published_time":"2024-06-03T13:05:36+00:00","article_modified_time":"2024-06-03T13:05:37+00:00","og_image":[{"width":640,"height":427,"url":"https:\/\/noticiaempauta.com\/portal\/wp-content\/uploads\/2024\/01\/dj1.jpg","type":"image\/jpeg"}],"author":"Reda\u00e7\u00e3o","twitter_card":"summary_large_image","twitter_misc":{"Escrito por":"Reda\u00e7\u00e3o","Est. tempo de leitura":"2 minutos"},"schema":{"@context":"https:\/\/schema.org","@graph":[{"@type":"Article","@id":"https:\/\/noticiaempauta.com\/portal\/monsenhor-hipolito-67-anos-prefeito-djalma-policarpo-anuncia-primeira-atracao-para-o-aniversario-de-emancipacao\/#article","isPartOf":{"@id":"https:\/\/noticiaempauta.com\/portal\/monsenhor-hipolito-67-anos-prefeito-djalma-policarpo-anuncia-primeira-atracao-para-o-aniversario-de-emancipacao\/"},"author":{"name":"Reda\u00e7\u00e3o","@id":"https:\/\/noticiaempauta.com\/portal\/#\/schema\/person\/a74af43dd1ab3deca45f988c717d57ac"},"headline":"Monsenhor Hip\u00f3lito 67 anos | Prefeito Djalma Policarpo anuncia primeira atra\u00e7\u00e3o para o anivers\u00e1rio de emancipa\u00e7\u00e3o","datePublished":"2024-06-03T13:05:36+00:00","dateModified":"2024-06-03T13:05:37+00:00","mainEntityOfPage":{"@id":"https:\/\/noticiaempauta.com\/portal\/monsenhor-hipolito-67-anos-prefeito-djalma-policarpo-anuncia-primeira-atracao-para-o-aniversario-de-emancipacao\/"},"wordCount":293,"commentCount":0,"publisher":{"@id":"https:\/\/noticiaempauta.com\/portal\/#organization"},"image":{"@id":"https:\/\/noticiaempauta.com\/portal\/monsenhor-hipolito-67-anos-prefeito-djalma-policarpo-anuncia-primeira-atracao-para-o-aniversario-de-emancipacao\/#primaryimage"},"thumbnailUrl":"https:\/\/noticiaempauta.com\/portal\/wp-content\/uploads\/2024\/01\/dj1.jpg","keywords":["destaqueprincipal"],"articleSection":["Destaques","Geral","Munic\u00edpios","Todas as Not\u00edcias"],"inLanguage":"pt-BR","potentialAction":[{"@type":"CommentAction","name":"Comment","target":["https:\/\/noticiaempauta.com\/portal\/monsenhor-hipolito-67-anos-prefeito-djalma-policarpo-anuncia-primeira-atracao-para-o-aniversario-de-emancipacao\/#respond"]}]},{"@type":"WebPage","@id":"https:\/\/noticiaempauta.com\/portal\/monsenhor-hipolito-67-anos-prefeito-djalma-policarpo-anuncia-primeira-atracao-para-o-aniversario-de-emancipacao\/","url":"https:\/\/noticiaempauta.com\/portal\/monsenhor-hipolito-67-anos-prefeito-djalma-policarpo-anuncia-primeira-atracao-para-o-aniversario-de-emancipacao\/","name":"Monsenhor Hip\u00f3lito 67 anos | Prefeito Djalma Policarpo anuncia primeira atra\u00e7\u00e3o para o anivers\u00e1rio de emancipa\u00e7\u00e3o - Portal Not\u00edcia em Pauta","isPartOf":{"@id":"https:\/\/noticiaempauta.com\/portal\/#website"},"primaryImageOfPage":{"@id":"https:\/\/noticiaempauta.com\/portal\/monsenhor-hipolito-67-anos-prefeito-djalma-policarpo-anuncia-primeira-atracao-para-o-aniversario-de-emancipacao\/#primaryimage"},"image":{"@id":"https:\/\/noticiaempauta.com\/portal\/monsenhor-hipolito-67-anos-prefeito-djalma-policarpo-anuncia-primeira-atracao-para-o-aniversario-de-emancipacao\/#primaryimage"},"thumbnailUrl":"https:\/\/noticiaempauta.com\/portal\/wp-content\/uploads\/2024\/01\/dj1.jpg","datePublished":"2024-06-03T13:05:36+00:00","dateModified":"2024-06-03T13:05:37+00:00","breadcrumb":{"@id":"https:\/\/noticiaempauta.com\/portal\/monsenhor-hipolito-67-anos-prefeito-djalma-policarpo-anuncia-primeira-atracao-para-o-aniversario-de-emancipacao\/#breadcrumb"},"inLanguage":"pt-BR","potentialAction":[{"@type":"ReadAction","target":["https:\/\/noticiaempauta.com\/portal\/monsenhor-hipolito-67-anos-prefeito-djalma-policarpo-anuncia-primeira-atracao-para-o-aniversario-de-emancipacao\/"]}]},{"@type":"ImageObject","inLanguage":"pt-BR","@id":"https:\/\/noticiaempauta.com\/portal\/monsenhor-hipolito-67-anos-prefeito-djalma-policarpo-anuncia-primeira-atracao-para-o-aniversario-de-emancipacao\/#primaryimage","url":"https:\/\/noticiaempauta.com\/portal\/wp-content\/uploads\/2024\/01\/dj1.jpg","contentUrl":"https:\/\/noticiaempauta.com\/portal\/wp-content\/uploads\/2024\/01\/dj1.jpg","width":640,"height":427},{"@type":"BreadcrumbList","@id":"https:\/\/noticiaempauta.com\/portal\/monsenhor-hipolito-67-anos-prefeito-djalma-policarpo-anuncia-primeira-atracao-para-o-aniversario-de-emancipacao\/#breadcrumb","itemListElement":[{"@type":"ListItem","position":1,"name":"P\u00e1gina Inicial","item":"https:\/\/noticiaempauta.com\/portal\/"},{"@type":"ListItem","position":2,"name":"Destaques","item":"https:\/\/noticiaempauta.com\/portal\/destaques-site\/"},{"@type":"ListItem","position":3,"name":"Monsenhor Hip\u00f3lito 67 anos | Prefeito Djalma Policarpo anuncia primeira atra\u00e7\u00e3o para o anivers\u00e1rio de emancipa\u00e7\u00e3o"}]},{"@type":"WebSite","@id":"https:\/\/noticiaempauta.com\/portal\/#website","url":"https:\/\/noticiaempauta.com\/portal\/","name":"Portal Not\u00edcia em Pauta","description":"Voc\u00ea bem informado","publisher":{"@id":"https:\/\/noticiaempauta.com\/portal\/#organization"},"potentialAction":[{"@type":"SearchAction","target":{"@type":"EntryPoint","urlTemplate":"https:\/\/noticiaempauta.com\/portal\/?s={search_term_string}"},"query-input":{"@type":"PropertyValueSpecification","valueRequired":true,"valueName":"search_term_string"}}],"inLanguage":"pt-BR"},{"@type":"Organization","@id":"https:\/\/noticiaempauta.com\/portal\/#organization","name":"Portal Not\u00edcia em Pauta","url":"https:\/\/noticiaempauta.com\/portal\/","logo":{"@type":"ImageObject","inLanguage":"pt-BR","@id":"https:\/\/noticiaempauta.com\/portal\/#\/schema\/logo\/image\/","url":"https:\/\/noticiaempauta.com\/portal\/wp-content\/uploads\/2022\/08\/logomarca_tema.fw_.png","contentUrl":"https:\/\/noticiaempauta.com\/portal\/wp-content\/uploads\/2022\/08\/logomarca_tema.fw_.png","width":400,"height":232,"caption":"Portal Not\u00edcia em Pauta"},"image":{"@id":"https:\/\/noticiaempauta.com\/portal\/#\/schema\/logo\/image\/"},"sameAs":["https:\/\/www.facebook.com\/Portal-Notcia-Em-Pauta-102292869264820\/","https:\/\/www.instagram.com\/portalnoticiaempauta\/"]},{"@type":"Person","@id":"https:\/\/noticiaempauta.com\/portal\/#\/schema\/person\/a74af43dd1ab3deca45f988c717d57ac","name":"Reda\u00e7\u00e3o","image":{"@type":"ImageObject","inLanguage":"pt-BR","@id":"https:\/\/noticiaempauta.com\/portal\/#\/schema\/person\/image\/","url":"https:\/\/secure.gravatar.com\/avatar\/03179346ecce6cdfc13361603e8f54242a90e5cde8618fa23c5c00aa2b0aadf3?s=96&d=mm&r=g","contentUrl":"https:\/\/secure.gravatar.com\/avatar\/03179346ecce6cdfc13361603e8f54242a90e5cde8618fa23c5c00aa2b0aadf3?s=96&d=mm&r=g","caption":"Reda\u00e7\u00e3o"},"sameAs":["https:\/\/noticiaempauta.com\/portal\/"],"url":"https:\/\/noticiaempauta.com\/portal\/author\/fernando\/"}]}},"_links":{"self":[{"href":"https:\/\/noticiaempauta.com\/portal\/wp-json\/wp\/v2\/posts\/258483","targetHints":{"allow":["GET"]}}],"collection":[{"href":"https:\/\/noticiaempauta.com\/portal\/wp-json\/wp\/v2\/posts"}],"about":[{"href":"https:\/\/noticiaempauta.com\/portal\/wp-json\/wp\/v2\/types\/post"}],"author":[{"embeddable":true,"href":"https:\/\/noticiaempauta.com\/portal\/wp-json\/wp\/v2\/users\/2"}],"replies":[{"embeddable":true,"href":"https:\/\/noticiaempauta.com\/portal\/wp-json\/wp\/v2\/comments?post=258483"}],"version-history":[{"count":2,"href":"https:\/\/noticiaempauta.com\/portal\/wp-json\/wp\/v2\/posts\/258483\/revisions"}],"predecessor-version":[{"id":258486,"href":"https:\/\/noticiaempauta.com\/portal\/wp-json\/wp\/v2\/posts\/258483\/revisions\/258486"}],"wp:featuredmedia":[{"embeddable":true,"href":"https:\/\/noticiaempauta.com\/portal\/wp-json\/wp\/v2\/media\/254155"}],"wp:attachment":[{"href":"https:\/\/noticiaempauta.com\/portal\/wp-json\/wp\/v2\/media?parent=258483"}],"wp:term":[{"taxonomy":"category","embeddable":true,"href":"https:\/\/noticiaempauta.com\/portal\/wp-json\/wp\/v2\/categories?post=258483"},{"taxonomy":"post_tag","embeddable":true,"href":"https:\/\/noticiaempauta.com\/portal\/wp-json\/wp\/v2\/tags?post=258483"}],"curies":[{"name":"wp","href":"https:\/\/api.w.org\/{rel}","templated":true}]}}