{"id":258490,"date":"2024-06-04T09:13:33","date_gmt":"2024-06-04T12:13:33","guid":{"rendered":"https:\/\/noticiaempauta.com\/portal\/?p=258490"},"modified":"2024-06-04T09:25:30","modified_gmt":"2024-06-04T12:25:30","slug":"governador-anuncia-r-22-milhoes-em-credito-para-o-turismo-piauiense-ate-o-fim-deste-ano","status":"publish","type":"post","link":"https:\/\/noticiaempauta.com\/portal\/governador-anuncia-r-22-milhoes-em-credito-para-o-turismo-piauiense-ate-o-fim-deste-ano\/","title":{"rendered":"Governador anuncia R$ 22 milh\u00f5es em cr\u00e9dito para o turismo piauiense at\u00e9 o fim deste ano"},"content":{"rendered":"\n<p>O governador Rafael Fonteles e o presidente da Ag\u00eancia de Fomento do Piau\u00ed (Badespi), Feliphe Ara\u00fajo, anunciaram, nesta segunda-feira (3), a libera\u00e7\u00e3o de cerca de R$ 22 milh\u00f5es em cr\u00e9dito, at\u00e9 o fim deste ano, para os agentes de turismo do Piau\u00ed. O valor representa um crescimento de 150% em rela\u00e7\u00e3o ao ano de 2023, em que os recursos garantidos junto ao Novo Fundo Geral de Turismo (Fungetur), do Minist\u00e9rio do Turismo, foram de R$ 8 milh\u00f5es.<\/p>\n\n\n\n<figure class=\"wp-block-image size-full\"><img fetchpriority=\"high\" decoding=\"async\" width=\"1000\" height=\"667\" src=\"https:\/\/noticiaempauta.com\/portal\/wp-content\/uploads\/2024\/06\/FA-IMG-ae3b9ea40abeb507b9d6.jpg\" alt=\"\" class=\"wp-image-258491\" srcset=\"https:\/\/noticiaempauta.com\/portal\/wp-content\/uploads\/2024\/06\/FA-IMG-ae3b9ea40abeb507b9d6.jpg 1000w, https:\/\/noticiaempauta.com\/portal\/wp-content\/uploads\/2024\/06\/FA-IMG-ae3b9ea40abeb507b9d6-300x200.jpg 300w, https:\/\/noticiaempauta.com\/portal\/wp-content\/uploads\/2024\/06\/FA-IMG-ae3b9ea40abeb507b9d6-768x512.jpg 768w\" sizes=\"(max-width: 1000px) 100vw, 1000px\" \/><figcaption class=\"wp-element-caption\">Governador Rafael Fonteles e o presidente da Ag\u00eancia de Fomento do Piau\u00ed (Badespi), Feliphe Ara\u00fajo\/Reprodu\u00e7\u00e3o<\/figcaption><\/figure>\n\n\n\n<p>Segundo o governador, o investimento ir\u00e1 potencializar o turismo piauiense, gerando emprego e renda \u00e0 popula\u00e7\u00e3o e movimentando cada vez mais a economia local. \u201c\u00c9 uma grande oportunidade para os empreendedores do setor investirem em seus neg\u00f3cios com boas condi\u00e7\u00f5es de financiamento, incluindo car\u00eancia de at\u00e9 dois anos, longo prazo para amortizar e uma das menores taxas de juros do mercado\u201d, destacou Rafael Fonteles.<\/p>\n\n\n\n<p>Os recursos destinados ao turismo pela Badespi contemplam uma grande variedade de neg\u00f3cios, como meios de hospedagem, ag\u00eancias de turismo, transportadoras tur\u00edsticas, organizadoras de eventos, parques tem\u00e1ticos, acampamentos tur\u00edsticos, restaurantes, cafeterias, bares e similares. S\u00e3o destinados, preferencialmente, aos segmentos de micros, m\u00e9dias e pequenas empresas; empres\u00e1rios individuais (MEI); e empresas individuais de responsabilidade limitada (Eireli), legalmente constitu\u00eddas e estabelecidas no setor tur\u00edstico.<\/p>\n\n\n\n<p>As linhas de cr\u00e9dito dispon\u00edveis t\u00eam o valor m\u00e9dio de R$ 130 mil, podendo chegar at\u00e9 R$ 500 mil. Os empreendedores poder\u00e3o finalizar o pagamento do financiamento em at\u00e9 120 meses, com car\u00eancia de at\u00e9 24 meses. A Badespi garante, ainda, uma das menores taxas de juros do mercado: INPC + 5% ao ano.<\/p>\n\n\n\n<p>Segundo o presidente da Badespi, Feliphe Ara\u00fajo, as linhas de cr\u00e9ditos para o setor do turismo, incluindo o ano de 2023, j\u00e1 chegaram a 13 munic\u00edpios. O gestor afirmou, ainda, que a meta \u00e9 chegar a mais cidades, e empreendedores at\u00e9 o fim de 2024. \u201cO nosso objetivo \u00e9 expandir a chegada desses recursos, para que os agentes do turismo possam iniciar ou modernizar os seus neg\u00f3cios. A partir disso, os turistas poder\u00e3o desfrutar de mais op\u00e7\u00f5es de lazer e melhor infraestrutura em nosso estado. \u00c9 dessa forma que eles retornar\u00e3o ao Piau\u00ed mais vezes, o que impacta diretamente na economia dos mun\u00edcipios e em mais oportunidades de emprego\u201d, ressaltou o gestor.<\/p>\n\n\n\n<p><strong><em>Fonte: Governo do Piau\u00ed<\/em><\/strong><\/p>\n","protected":false},"excerpt":{"rendered":"<p>O governador Rafael Fonteles e o presidente da Ag\u00eancia de Fomento do Piau\u00ed (Badespi), Feliphe Ara\u00fajo, anunciaram, nesta segunda-feira (3), a libera\u00e7\u00e3o de cerca de R$ 22 milh\u00f5es em cr\u00e9dito, at\u00e9 o fim deste ano, para os agentes de turismo do Piau\u00ed. O valor representa um crescimento de 150% em rela\u00e7\u00e3o ao ano de 2023, [&hellip;]<\/p>\n","protected":false},"author":2,"featured_media":258499,"comment_status":"open","ping_status":"open","sticky":false,"template":"","format":"standard","meta":{"_mi_skip_tracking":false,"footnotes":""},"categories":[25,1,16],"tags":[192],"class_list":["post-258490","post","type-post","status-publish","format-standard","has-post-thumbnail","hentry","category-destaques-site","category-geral","category-todas","tag-destaqueprincipal"],"acf":[],"yoast_head":"<!-- This site is optimized with the Yoast SEO Premium plugin v19.2 (Yoast SEO v26.9) - https:\/\/yoast.com\/product\/yoast-seo-premium-wordpress\/ -->\n<title>Governador anuncia R$ 22 milh\u00f5es em cr\u00e9dito para o turismo piauiense at\u00e9 o fim deste ano - Portal Not\u00edcia em Pauta<\/title>\n<meta name=\"robots\" content=\"index, follow, max-snippet:-1, max-image-preview:large, max-video-preview:-1\" \/>\n<link rel=\"canonical\" href=\"https:\/\/noticiaempauta.com\/portal\/governador-anuncia-r-22-milhoes-em-credito-para-o-turismo-piauiense-ate-o-fim-deste-ano\/\" \/>\n<meta property=\"og:locale\" content=\"pt_BR\" \/>\n<meta property=\"og:type\" content=\"article\" \/>\n<meta property=\"og:title\" content=\"Governador anuncia R$ 22 milh\u00f5es em cr\u00e9dito para o turismo piauiense at\u00e9 o fim deste ano\" \/>\n<meta property=\"og:description\" content=\"O governador Rafael Fonteles e o presidente da Ag\u00eancia de Fomento do Piau\u00ed (Badespi), Feliphe Ara\u00fajo, anunciaram, nesta segunda-feira (3), a libera\u00e7\u00e3o de cerca de R$ 22 milh\u00f5es em cr\u00e9dito, at\u00e9 o fim deste ano, para os agentes de turismo do Piau\u00ed. O valor representa um crescimento de 150% em rela\u00e7\u00e3o ao ano de 2023, [&hellip;]\" \/>\n<meta property=\"og:url\" content=\"https:\/\/noticiaempauta.com\/portal\/governador-anuncia-r-22-milhoes-em-credito-para-o-turismo-piauiense-ate-o-fim-deste-ano\/\" \/>\n<meta property=\"og:site_name\" content=\"Portal Not\u00edcia em Pauta\" \/>\n<meta property=\"article:publisher\" content=\"https:\/\/www.facebook.com\/Portal-Notcia-Em-Pauta-102292869264820\/\" \/>\n<meta property=\"article:published_time\" content=\"2024-06-04T12:13:33+00:00\" \/>\n<meta property=\"article:modified_time\" content=\"2024-06-04T12:25:30+00:00\" \/>\n<meta property=\"og:image\" content=\"https:\/\/noticiaempauta.com\/portal\/wp-content\/uploads\/2024\/06\/IMG_8093.webp\" \/>\n\t<meta property=\"og:image:width\" content=\"1220\" \/>\n\t<meta property=\"og:image:height\" content=\"674\" \/>\n\t<meta property=\"og:image:type\" content=\"image\/webp\" \/>\n<meta name=\"author\" content=\"Reda\u00e7\u00e3o\" \/>\n<meta name=\"twitter:card\" content=\"summary_large_image\" \/>\n<meta name=\"twitter:label1\" content=\"Escrito por\" \/>\n\t<meta name=\"twitter:data1\" content=\"Reda\u00e7\u00e3o\" \/>\n\t<meta name=\"twitter:label2\" content=\"Est. tempo de leitura\" \/>\n\t<meta name=\"twitter:data2\" content=\"3 minutos\" \/>\n<script type=\"application\/ld+json\" class=\"yoast-schema-graph\">{\"@context\":\"https:\/\/schema.org\",\"@graph\":[{\"@type\":\"Article\",\"@id\":\"https:\/\/noticiaempauta.com\/portal\/governador-anuncia-r-22-milhoes-em-credito-para-o-turismo-piauiense-ate-o-fim-deste-ano\/#article\",\"isPartOf\":{\"@id\":\"https:\/\/noticiaempauta.com\/portal\/governador-anuncia-r-22-milhoes-em-credito-para-o-turismo-piauiense-ate-o-fim-deste-ano\/\"},\"author\":{\"name\":\"Reda\u00e7\u00e3o\",\"@id\":\"https:\/\/noticiaempauta.com\/portal\/#\/schema\/person\/a74af43dd1ab3deca45f988c717d57ac\"},\"headline\":\"Governador anuncia R$ 22 milh\u00f5es em cr\u00e9dito para o turismo piauiense at\u00e9 o fim deste ano\",\"datePublished\":\"2024-06-04T12:13:33+00:00\",\"dateModified\":\"2024-06-04T12:25:30+00:00\",\"mainEntityOfPage\":{\"@id\":\"https:\/\/noticiaempauta.com\/portal\/governador-anuncia-r-22-milhoes-em-credito-para-o-turismo-piauiense-ate-o-fim-deste-ano\/\"},\"wordCount\":426,\"commentCount\":0,\"publisher\":{\"@id\":\"https:\/\/noticiaempauta.com\/portal\/#organization\"},\"image\":{\"@id\":\"https:\/\/noticiaempauta.com\/portal\/governador-anuncia-r-22-milhoes-em-credito-para-o-turismo-piauiense-ate-o-fim-deste-ano\/#primaryimage\"},\"thumbnailUrl\":\"https:\/\/noticiaempauta.com\/portal\/wp-content\/uploads\/2024\/06\/IMG_8093.webp\",\"keywords\":[\"destaqueprincipal\"],\"articleSection\":[\"Destaques\",\"Geral\",\"Todas as Not\u00edcias\"],\"inLanguage\":\"pt-BR\",\"potentialAction\":[{\"@type\":\"CommentAction\",\"name\":\"Comment\",\"target\":[\"https:\/\/noticiaempauta.com\/portal\/governador-anuncia-r-22-milhoes-em-credito-para-o-turismo-piauiense-ate-o-fim-deste-ano\/#respond\"]}]},{\"@type\":\"WebPage\",\"@id\":\"https:\/\/noticiaempauta.com\/portal\/governador-anuncia-r-22-milhoes-em-credito-para-o-turismo-piauiense-ate-o-fim-deste-ano\/\",\"url\":\"https:\/\/noticiaempauta.com\/portal\/governador-anuncia-r-22-milhoes-em-credito-para-o-turismo-piauiense-ate-o-fim-deste-ano\/\",\"name\":\"Governador anuncia R$ 22 milh\u00f5es em cr\u00e9dito para o turismo piauiense at\u00e9 o fim deste ano - Portal Not\u00edcia em Pauta\",\"isPartOf\":{\"@id\":\"https:\/\/noticiaempauta.com\/portal\/#website\"},\"primaryImageOfPage\":{\"@id\":\"https:\/\/noticiaempauta.com\/portal\/governador-anuncia-r-22-milhoes-em-credito-para-o-turismo-piauiense-ate-o-fim-deste-ano\/#primaryimage\"},\"image\":{\"@id\":\"https:\/\/noticiaempauta.com\/portal\/governador-anuncia-r-22-milhoes-em-credito-para-o-turismo-piauiense-ate-o-fim-deste-ano\/#primaryimage\"},\"thumbnailUrl\":\"https:\/\/noticiaempauta.com\/portal\/wp-content\/uploads\/2024\/06\/IMG_8093.webp\",\"datePublished\":\"2024-06-04T12:13:33+00:00\",\"dateModified\":\"2024-06-04T12:25:30+00:00\",\"breadcrumb\":{\"@id\":\"https:\/\/noticiaempauta.com\/portal\/governador-anuncia-r-22-milhoes-em-credito-para-o-turismo-piauiense-ate-o-fim-deste-ano\/#breadcrumb\"},\"inLanguage\":\"pt-BR\",\"potentialAction\":[{\"@type\":\"ReadAction\",\"target\":[\"https:\/\/noticiaempauta.com\/portal\/governador-anuncia-r-22-milhoes-em-credito-para-o-turismo-piauiense-ate-o-fim-deste-ano\/\"]}]},{\"@type\":\"ImageObject\",\"inLanguage\":\"pt-BR\",\"@id\":\"https:\/\/noticiaempauta.com\/portal\/governador-anuncia-r-22-milhoes-em-credito-para-o-turismo-piauiense-ate-o-fim-deste-ano\/#primaryimage\",\"url\":\"https:\/\/noticiaempauta.com\/portal\/wp-content\/uploads\/2024\/06\/IMG_8093.webp\",\"contentUrl\":\"https:\/\/noticiaempauta.com\/portal\/wp-content\/uploads\/2024\/06\/IMG_8093.webp\",\"width\":1220,\"height\":674},{\"@type\":\"BreadcrumbList\",\"@id\":\"https:\/\/noticiaempauta.com\/portal\/governador-anuncia-r-22-milhoes-em-credito-para-o-turismo-piauiense-ate-o-fim-deste-ano\/#breadcrumb\",\"itemListElement\":[{\"@type\":\"ListItem\",\"position\":1,\"name\":\"P\u00e1gina Inicial\",\"item\":\"https:\/\/noticiaempauta.com\/portal\/\"},{\"@type\":\"ListItem\",\"position\":2,\"name\":\"Geral\",\"item\":\"https:\/\/noticiaempauta.com\/portal\/geral\/\"},{\"@type\":\"ListItem\",\"position\":3,\"name\":\"Governador anuncia R$ 22 milh\u00f5es em cr\u00e9dito para o turismo piauiense at\u00e9 o fim deste ano\"}]},{\"@type\":\"WebSite\",\"@id\":\"https:\/\/noticiaempauta.com\/portal\/#website\",\"url\":\"https:\/\/noticiaempauta.com\/portal\/\",\"name\":\"Portal Not\u00edcia em Pauta\",\"description\":\"Voc\u00ea bem informado\",\"publisher\":{\"@id\":\"https:\/\/noticiaempauta.com\/portal\/#organization\"},\"potentialAction\":[{\"@type\":\"SearchAction\",\"target\":{\"@type\":\"EntryPoint\",\"urlTemplate\":\"https:\/\/noticiaempauta.com\/portal\/?s={search_term_string}\"},\"query-input\":{\"@type\":\"PropertyValueSpecification\",\"valueRequired\":true,\"valueName\":\"search_term_string\"}}],\"inLanguage\":\"pt-BR\"},{\"@type\":\"Organization\",\"@id\":\"https:\/\/noticiaempauta.com\/portal\/#organization\",\"name\":\"Portal Not\u00edcia em Pauta\",\"url\":\"https:\/\/noticiaempauta.com\/portal\/\",\"logo\":{\"@type\":\"ImageObject\",\"inLanguage\":\"pt-BR\",\"@id\":\"https:\/\/noticiaempauta.com\/portal\/#\/schema\/logo\/image\/\",\"url\":\"https:\/\/noticiaempauta.com\/portal\/wp-content\/uploads\/2022\/08\/logomarca_tema.fw_.png\",\"contentUrl\":\"https:\/\/noticiaempauta.com\/portal\/wp-content\/uploads\/2022\/08\/logomarca_tema.fw_.png\",\"width\":400,\"height\":232,\"caption\":\"Portal Not\u00edcia em Pauta\"},\"image\":{\"@id\":\"https:\/\/noticiaempauta.com\/portal\/#\/schema\/logo\/image\/\"},\"sameAs\":[\"https:\/\/www.facebook.com\/Portal-Notcia-Em-Pauta-102292869264820\/\",\"https:\/\/www.instagram.com\/portalnoticiaempauta\/\"]},{\"@type\":\"Person\",\"@id\":\"https:\/\/noticiaempauta.com\/portal\/#\/schema\/person\/a74af43dd1ab3deca45f988c717d57ac\",\"name\":\"Reda\u00e7\u00e3o\",\"image\":{\"@type\":\"ImageObject\",\"inLanguage\":\"pt-BR\",\"@id\":\"https:\/\/noticiaempauta.com\/portal\/#\/schema\/person\/image\/\",\"url\":\"https:\/\/secure.gravatar.com\/avatar\/03179346ecce6cdfc13361603e8f54242a90e5cde8618fa23c5c00aa2b0aadf3?s=96&d=mm&r=g\",\"contentUrl\":\"https:\/\/secure.gravatar.com\/avatar\/03179346ecce6cdfc13361603e8f54242a90e5cde8618fa23c5c00aa2b0aadf3?s=96&d=mm&r=g\",\"caption\":\"Reda\u00e7\u00e3o\"},\"sameAs\":[\"https:\/\/noticiaempauta.com\/portal\/\"],\"url\":\"https:\/\/noticiaempauta.com\/portal\/author\/fernando\/\"}]}<\/script>\n<!-- \/ Yoast SEO Premium plugin. -->","yoast_head_json":{"title":"Governador anuncia R$ 22 milh\u00f5es em cr\u00e9dito para o turismo piauiense at\u00e9 o fim deste ano - Portal Not\u00edcia em Pauta","robots":{"index":"index","follow":"follow","max-snippet":"max-snippet:-1","max-image-preview":"max-image-preview:large","max-video-preview":"max-video-preview:-1"},"canonical":"https:\/\/noticiaempauta.com\/portal\/governador-anuncia-r-22-milhoes-em-credito-para-o-turismo-piauiense-ate-o-fim-deste-ano\/","og_locale":"pt_BR","og_type":"article","og_title":"Governador anuncia R$ 22 milh\u00f5es em cr\u00e9dito para o turismo piauiense at\u00e9 o fim deste ano","og_description":"O governador Rafael Fonteles e o presidente da Ag\u00eancia de Fomento do Piau\u00ed (Badespi), Feliphe Ara\u00fajo, anunciaram, nesta segunda-feira (3), a libera\u00e7\u00e3o de cerca de R$ 22 milh\u00f5es em cr\u00e9dito, at\u00e9 o fim deste ano, para os agentes de turismo do Piau\u00ed. O valor representa um crescimento de 150% em rela\u00e7\u00e3o ao ano de 2023, [&hellip;]","og_url":"https:\/\/noticiaempauta.com\/portal\/governador-anuncia-r-22-milhoes-em-credito-para-o-turismo-piauiense-ate-o-fim-deste-ano\/","og_site_name":"Portal Not\u00edcia em Pauta","article_publisher":"https:\/\/www.facebook.com\/Portal-Notcia-Em-Pauta-102292869264820\/","article_published_time":"2024-06-04T12:13:33+00:00","article_modified_time":"2024-06-04T12:25:30+00:00","og_image":[{"width":1220,"height":674,"url":"https:\/\/noticiaempauta.com\/portal\/wp-content\/uploads\/2024\/06\/IMG_8093.webp","type":"image\/webp"}],"author":"Reda\u00e7\u00e3o","twitter_card":"summary_large_image","twitter_misc":{"Escrito por":"Reda\u00e7\u00e3o","Est. tempo de leitura":"3 minutos"},"schema":{"@context":"https:\/\/schema.org","@graph":[{"@type":"Article","@id":"https:\/\/noticiaempauta.com\/portal\/governador-anuncia-r-22-milhoes-em-credito-para-o-turismo-piauiense-ate-o-fim-deste-ano\/#article","isPartOf":{"@id":"https:\/\/noticiaempauta.com\/portal\/governador-anuncia-r-22-milhoes-em-credito-para-o-turismo-piauiense-ate-o-fim-deste-ano\/"},"author":{"name":"Reda\u00e7\u00e3o","@id":"https:\/\/noticiaempauta.com\/portal\/#\/schema\/person\/a74af43dd1ab3deca45f988c717d57ac"},"headline":"Governador anuncia R$ 22 milh\u00f5es em cr\u00e9dito para o turismo piauiense at\u00e9 o fim deste ano","datePublished":"2024-06-04T12:13:33+00:00","dateModified":"2024-06-04T12:25:30+00:00","mainEntityOfPage":{"@id":"https:\/\/noticiaempauta.com\/portal\/governador-anuncia-r-22-milhoes-em-credito-para-o-turismo-piauiense-ate-o-fim-deste-ano\/"},"wordCount":426,"commentCount":0,"publisher":{"@id":"https:\/\/noticiaempauta.com\/portal\/#organization"},"image":{"@id":"https:\/\/noticiaempauta.com\/portal\/governador-anuncia-r-22-milhoes-em-credito-para-o-turismo-piauiense-ate-o-fim-deste-ano\/#primaryimage"},"thumbnailUrl":"https:\/\/noticiaempauta.com\/portal\/wp-content\/uploads\/2024\/06\/IMG_8093.webp","keywords":["destaqueprincipal"],"articleSection":["Destaques","Geral","Todas as Not\u00edcias"],"inLanguage":"pt-BR","potentialAction":[{"@type":"CommentAction","name":"Comment","target":["https:\/\/noticiaempauta.com\/portal\/governador-anuncia-r-22-milhoes-em-credito-para-o-turismo-piauiense-ate-o-fim-deste-ano\/#respond"]}]},{"@type":"WebPage","@id":"https:\/\/noticiaempauta.com\/portal\/governador-anuncia-r-22-milhoes-em-credito-para-o-turismo-piauiense-ate-o-fim-deste-ano\/","url":"https:\/\/noticiaempauta.com\/portal\/governador-anuncia-r-22-milhoes-em-credito-para-o-turismo-piauiense-ate-o-fim-deste-ano\/","name":"Governador anuncia R$ 22 milh\u00f5es em cr\u00e9dito para o turismo piauiense at\u00e9 o fim deste ano - Portal Not\u00edcia em Pauta","isPartOf":{"@id":"https:\/\/noticiaempauta.com\/portal\/#website"},"primaryImageOfPage":{"@id":"https:\/\/noticiaempauta.com\/portal\/governador-anuncia-r-22-milhoes-em-credito-para-o-turismo-piauiense-ate-o-fim-deste-ano\/#primaryimage"},"image":{"@id":"https:\/\/noticiaempauta.com\/portal\/governador-anuncia-r-22-milhoes-em-credito-para-o-turismo-piauiense-ate-o-fim-deste-ano\/#primaryimage"},"thumbnailUrl":"https:\/\/noticiaempauta.com\/portal\/wp-content\/uploads\/2024\/06\/IMG_8093.webp","datePublished":"2024-06-04T12:13:33+00:00","dateModified":"2024-06-04T12:25:30+00:00","breadcrumb":{"@id":"https:\/\/noticiaempauta.com\/portal\/governador-anuncia-r-22-milhoes-em-credito-para-o-turismo-piauiense-ate-o-fim-deste-ano\/#breadcrumb"},"inLanguage":"pt-BR","potentialAction":[{"@type":"ReadAction","target":["https:\/\/noticiaempauta.com\/portal\/governador-anuncia-r-22-milhoes-em-credito-para-o-turismo-piauiense-ate-o-fim-deste-ano\/"]}]},{"@type":"ImageObject","inLanguage":"pt-BR","@id":"https:\/\/noticiaempauta.com\/portal\/governador-anuncia-r-22-milhoes-em-credito-para-o-turismo-piauiense-ate-o-fim-deste-ano\/#primaryimage","url":"https:\/\/noticiaempauta.com\/portal\/wp-content\/uploads\/2024\/06\/IMG_8093.webp","contentUrl":"https:\/\/noticiaempauta.com\/portal\/wp-content\/uploads\/2024\/06\/IMG_8093.webp","width":1220,"height":674},{"@type":"BreadcrumbList","@id":"https:\/\/noticiaempauta.com\/portal\/governador-anuncia-r-22-milhoes-em-credito-para-o-turismo-piauiense-ate-o-fim-deste-ano\/#breadcrumb","itemListElement":[{"@type":"ListItem","position":1,"name":"P\u00e1gina Inicial","item":"https:\/\/noticiaempauta.com\/portal\/"},{"@type":"ListItem","position":2,"name":"Geral","item":"https:\/\/noticiaempauta.com\/portal\/geral\/"},{"@type":"ListItem","position":3,"name":"Governador anuncia R$ 22 milh\u00f5es em cr\u00e9dito para o turismo piauiense at\u00e9 o fim deste ano"}]},{"@type":"WebSite","@id":"https:\/\/noticiaempauta.com\/portal\/#website","url":"https:\/\/noticiaempauta.com\/portal\/","name":"Portal Not\u00edcia em Pauta","description":"Voc\u00ea bem informado","publisher":{"@id":"https:\/\/noticiaempauta.com\/portal\/#organization"},"potentialAction":[{"@type":"SearchAction","target":{"@type":"EntryPoint","urlTemplate":"https:\/\/noticiaempauta.com\/portal\/?s={search_term_string}"},"query-input":{"@type":"PropertyValueSpecification","valueRequired":true,"valueName":"search_term_string"}}],"inLanguage":"pt-BR"},{"@type":"Organization","@id":"https:\/\/noticiaempauta.com\/portal\/#organization","name":"Portal Not\u00edcia em Pauta","url":"https:\/\/noticiaempauta.com\/portal\/","logo":{"@type":"ImageObject","inLanguage":"pt-BR","@id":"https:\/\/noticiaempauta.com\/portal\/#\/schema\/logo\/image\/","url":"https:\/\/noticiaempauta.com\/portal\/wp-content\/uploads\/2022\/08\/logomarca_tema.fw_.png","contentUrl":"https:\/\/noticiaempauta.com\/portal\/wp-content\/uploads\/2022\/08\/logomarca_tema.fw_.png","width":400,"height":232,"caption":"Portal Not\u00edcia em Pauta"},"image":{"@id":"https:\/\/noticiaempauta.com\/portal\/#\/schema\/logo\/image\/"},"sameAs":["https:\/\/www.facebook.com\/Portal-Notcia-Em-Pauta-102292869264820\/","https:\/\/www.instagram.com\/portalnoticiaempauta\/"]},{"@type":"Person","@id":"https:\/\/noticiaempauta.com\/portal\/#\/schema\/person\/a74af43dd1ab3deca45f988c717d57ac","name":"Reda\u00e7\u00e3o","image":{"@type":"ImageObject","inLanguage":"pt-BR","@id":"https:\/\/noticiaempauta.com\/portal\/#\/schema\/person\/image\/","url":"https:\/\/secure.gravatar.com\/avatar\/03179346ecce6cdfc13361603e8f54242a90e5cde8618fa23c5c00aa2b0aadf3?s=96&d=mm&r=g","contentUrl":"https:\/\/secure.gravatar.com\/avatar\/03179346ecce6cdfc13361603e8f54242a90e5cde8618fa23c5c00aa2b0aadf3?s=96&d=mm&r=g","caption":"Reda\u00e7\u00e3o"},"sameAs":["https:\/\/noticiaempauta.com\/portal\/"],"url":"https:\/\/noticiaempauta.com\/portal\/author\/fernando\/"}]}},"_links":{"self":[{"href":"https:\/\/noticiaempauta.com\/portal\/wp-json\/wp\/v2\/posts\/258490","targetHints":{"allow":["GET"]}}],"collection":[{"href":"https:\/\/noticiaempauta.com\/portal\/wp-json\/wp\/v2\/posts"}],"about":[{"href":"https:\/\/noticiaempauta.com\/portal\/wp-json\/wp\/v2\/types\/post"}],"author":[{"embeddable":true,"href":"https:\/\/noticiaempauta.com\/portal\/wp-json\/wp\/v2\/users\/2"}],"replies":[{"embeddable":true,"href":"https:\/\/noticiaempauta.com\/portal\/wp-json\/wp\/v2\/comments?post=258490"}],"version-history":[{"count":2,"href":"https:\/\/noticiaempauta.com\/portal\/wp-json\/wp\/v2\/posts\/258490\/revisions"}],"predecessor-version":[{"id":258493,"href":"https:\/\/noticiaempauta.com\/portal\/wp-json\/wp\/v2\/posts\/258490\/revisions\/258493"}],"wp:featuredmedia":[{"embeddable":true,"href":"https:\/\/noticiaempauta.com\/portal\/wp-json\/wp\/v2\/media\/258499"}],"wp:attachment":[{"href":"https:\/\/noticiaempauta.com\/portal\/wp-json\/wp\/v2\/media?parent=258490"}],"wp:term":[{"taxonomy":"category","embeddable":true,"href":"https:\/\/noticiaempauta.com\/portal\/wp-json\/wp\/v2\/categories?post=258490"},{"taxonomy":"post_tag","embeddable":true,"href":"https:\/\/noticiaempauta.com\/portal\/wp-json\/wp\/v2\/tags?post=258490"}],"curies":[{"name":"wp","href":"https:\/\/api.w.org\/{rel}","templated":true}]}}