{"id":258532,"date":"2024-06-04T16:22:20","date_gmt":"2024-06-04T19:22:20","guid":{"rendered":"https:\/\/noticiaempauta.com\/portal\/?p=258532"},"modified":"2024-06-04T16:22:22","modified_gmt":"2024-06-04T19:22:22","slug":"fe-e-tradicao-comunidade-catolica-celebra-a-127-festa-em-honra-ao-sagrado-coracao-de-jesus-em-picos","status":"publish","type":"post","link":"https:\/\/noticiaempauta.com\/portal\/fe-e-tradicao-comunidade-catolica-celebra-a-127-festa-em-honra-ao-sagrado-coracao-de-jesus-em-picos\/","title":{"rendered":"F\u00e9 e Tradi\u00e7\u00e3o | Comunidade cat\u00f3lica celebra a 127\u00b0 festa em honra ao Sagrado Cora\u00e7\u00e3o de Jesus em Picos"},"content":{"rendered":"\n<p>Teve in\u00edcio neste s\u00e1bado, 1\u00ba de junho, a festa centen\u00e1ria do Sagrado Cora\u00e7\u00e3o de Jesus no munic\u00edpio de Picos. S\u00e3o 127 anos de f\u00e9 e devo\u00e7\u00e3o ao Santo Padroeiro da Igrejinha de Picos, que segue com uma vasta programa\u00e7\u00e3o religiosa at\u00e9 30 de junho.<\/p>\n\n\n\n<figure class=\"wp-block-image size-large\"><img fetchpriority=\"high\" decoding=\"async\" width=\"1024\" height=\"1022\" src=\"https:\/\/noticiaempauta.com\/portal\/wp-content\/uploads\/2024\/06\/WhatsApp-Image-2024-06-04-at-16.21.08-1024x1022.jpeg\" alt=\"\" class=\"wp-image-258534\" srcset=\"https:\/\/noticiaempauta.com\/portal\/wp-content\/uploads\/2024\/06\/WhatsApp-Image-2024-06-04-at-16.21.08-1024x1022.jpeg 1024w, https:\/\/noticiaempauta.com\/portal\/wp-content\/uploads\/2024\/06\/WhatsApp-Image-2024-06-04-at-16.21.08-300x300.jpeg 300w, https:\/\/noticiaempauta.com\/portal\/wp-content\/uploads\/2024\/06\/WhatsApp-Image-2024-06-04-at-16.21.08-150x150.jpeg 150w, https:\/\/noticiaempauta.com\/portal\/wp-content\/uploads\/2024\/06\/WhatsApp-Image-2024-06-04-at-16.21.08-768x767.jpeg 768w, https:\/\/noticiaempauta.com\/portal\/wp-content\/uploads\/2024\/06\/WhatsApp-Image-2024-06-04-at-16.21.08-1536x1533.jpeg 1536w, https:\/\/noticiaempauta.com\/portal\/wp-content\/uploads\/2024\/06\/WhatsApp-Image-2024-06-04-at-16.21.08.jpeg 1600w\" sizes=\"(max-width: 1024px) 100vw, 1024px\" \/><\/figure>\n\n\n\n<p>O evento deste ano destaca-se pelo tema \u201cCora\u00e7\u00e3o de Jesus, lugar de encontro entre Deus e o homem, ensina-nos a rezar\u201d, escolhido em alus\u00e3o ao ano da ora\u00e7\u00e3o e em prepara\u00e7\u00e3o para o ano jubilar.<\/p>\n\n\n\n<figure class=\"wp-block-image size-large\"><img decoding=\"async\" width=\"1024\" height=\"759\" src=\"https:\/\/noticiaempauta.com\/portal\/wp-content\/uploads\/2024\/06\/WhatsApp-Image-2024-06-04-at-16.17.45-1024x759.jpeg\" alt=\"\" class=\"wp-image-258535\" srcset=\"https:\/\/noticiaempauta.com\/portal\/wp-content\/uploads\/2024\/06\/WhatsApp-Image-2024-06-04-at-16.17.45-1024x759.jpeg 1024w, https:\/\/noticiaempauta.com\/portal\/wp-content\/uploads\/2024\/06\/WhatsApp-Image-2024-06-04-at-16.17.45-300x222.jpeg 300w, https:\/\/noticiaempauta.com\/portal\/wp-content\/uploads\/2024\/06\/WhatsApp-Image-2024-06-04-at-16.17.45-768x569.jpeg 768w, https:\/\/noticiaempauta.com\/portal\/wp-content\/uploads\/2024\/06\/WhatsApp-Image-2024-06-04-at-16.17.45.jpeg 1170w\" sizes=\"(max-width: 1024px) 100vw, 1024px\" \/><\/figure>\n\n\n\n<p>Diariamente, os fi\u00e9is s\u00e3o convidados a participar da programa\u00e7\u00e3o religiosa que come\u00e7a \u00e0s 18h com a ora\u00e7\u00e3o do ter\u00e7o, e segue \u00e0s 19h, com a novena missa, animadas por diversos grupos, pastorais e movimentos da Par\u00f3quia de Nossa Senhora dos Rem\u00e9dios (Catedral).<\/p>\n\n\n\n<figure class=\"wp-block-image size-large\"><img decoding=\"async\" width=\"1024\" height=\"749\" src=\"https:\/\/noticiaempauta.com\/portal\/wp-content\/uploads\/2024\/06\/WhatsApp-Image-2024-06-04-at-16.17.33-1024x749.jpeg\" alt=\"\" class=\"wp-image-258536\" srcset=\"https:\/\/noticiaempauta.com\/portal\/wp-content\/uploads\/2024\/06\/WhatsApp-Image-2024-06-04-at-16.17.33-1024x749.jpeg 1024w, https:\/\/noticiaempauta.com\/portal\/wp-content\/uploads\/2024\/06\/WhatsApp-Image-2024-06-04-at-16.17.33-300x219.jpeg 300w, https:\/\/noticiaempauta.com\/portal\/wp-content\/uploads\/2024\/06\/WhatsApp-Image-2024-06-04-at-16.17.33-768x562.jpeg 768w, https:\/\/noticiaempauta.com\/portal\/wp-content\/uploads\/2024\/06\/WhatsApp-Image-2024-06-04-at-16.17.33.jpeg 1170w\" sizes=\"(max-width: 1024px) 100vw, 1024px\" \/><\/figure>\n\n\n\n<p>A programa\u00e7\u00e3o deste ano tamb\u00e9m inclui uma rifa com dois pr\u00eamios: uma imagem de 80 cent\u00edmetros do Cora\u00e7\u00e3o de Jesus e um pr\u00eamio em dinheiro no valor de R$ 1.000,00 via Pix. O objetivo com a arrecada\u00e7\u00e3o da rifa \u00e9 construir um espa\u00e7o, que funcionar\u00e1 como ponto de apoio, dos atendimentos da Igrejinha.<\/p>\n\n\n\n<figure class=\"wp-block-image size-large\"><img loading=\"lazy\" decoding=\"async\" width=\"1024\" height=\"817\" src=\"https:\/\/noticiaempauta.com\/portal\/wp-content\/uploads\/2024\/06\/WhatsApp-Image-2024-06-04-at-16.16.35-1024x817.jpeg\" alt=\"\" class=\"wp-image-258533\" srcset=\"https:\/\/noticiaempauta.com\/portal\/wp-content\/uploads\/2024\/06\/WhatsApp-Image-2024-06-04-at-16.16.35-1024x817.jpeg 1024w, https:\/\/noticiaempauta.com\/portal\/wp-content\/uploads\/2024\/06\/WhatsApp-Image-2024-06-04-at-16.16.35-300x239.jpeg 300w, https:\/\/noticiaempauta.com\/portal\/wp-content\/uploads\/2024\/06\/WhatsApp-Image-2024-06-04-at-16.16.35-768x612.jpeg 768w, https:\/\/noticiaempauta.com\/portal\/wp-content\/uploads\/2024\/06\/WhatsApp-Image-2024-06-04-at-16.16.35.jpeg 1170w\" sizes=\"(max-width: 1024px) 100vw, 1024px\" \/><\/figure>\n\n\n\n<p><em><strong>Com informa\u00e7\u00f5es do Portal Folha Atual<\/strong><\/em><\/p>\n","protected":false},"excerpt":{"rendered":"<p>Teve in\u00edcio neste s\u00e1bado, 1\u00ba de junho, a festa centen\u00e1ria do Sagrado Cora\u00e7\u00e3o de Jesus no munic\u00edpio de Picos. S\u00e3o 127 anos de f\u00e9 e devo\u00e7\u00e3o ao Santo Padroeiro da Igrejinha de Picos, que segue com uma vasta programa\u00e7\u00e3o religiosa at\u00e9 30 de junho. O evento deste ano destaca-se pelo tema \u201cCora\u00e7\u00e3o de Jesus, lugar [&hellip;]<\/p>\n","protected":false},"author":2,"featured_media":258533,"comment_status":"open","ping_status":"open","sticky":false,"template":"","format":"standard","meta":{"_mi_skip_tracking":false,"footnotes":""},"categories":[25,1,8,16],"tags":[192],"class_list":["post-258532","post","type-post","status-publish","format-standard","has-post-thumbnail","hentry","category-destaques-site","category-geral","category-social","category-todas","tag-destaqueprincipal"],"acf":[],"yoast_head":"<!-- This site is optimized with the Yoast SEO Premium plugin v19.2 (Yoast SEO v26.9) - https:\/\/yoast.com\/product\/yoast-seo-premium-wordpress\/ -->\n<title>F\u00e9 e Tradi\u00e7\u00e3o | Comunidade cat\u00f3lica celebra a 127\u00b0 festa em honra ao Sagrado Cora\u00e7\u00e3o de Jesus em Picos - Portal Not\u00edcia em Pauta<\/title>\n<meta name=\"robots\" content=\"index, follow, max-snippet:-1, max-image-preview:large, max-video-preview:-1\" \/>\n<link rel=\"canonical\" href=\"https:\/\/noticiaempauta.com\/portal\/fe-e-tradicao-comunidade-catolica-celebra-a-127-festa-em-honra-ao-sagrado-coracao-de-jesus-em-picos\/\" \/>\n<meta property=\"og:locale\" content=\"pt_BR\" \/>\n<meta property=\"og:type\" content=\"article\" \/>\n<meta property=\"og:title\" content=\"F\u00e9 e Tradi\u00e7\u00e3o | Comunidade cat\u00f3lica celebra a 127\u00b0 festa em honra ao Sagrado Cora\u00e7\u00e3o de Jesus em Picos\" \/>\n<meta property=\"og:description\" content=\"Teve in\u00edcio neste s\u00e1bado, 1\u00ba de junho, a festa centen\u00e1ria do Sagrado Cora\u00e7\u00e3o de Jesus no munic\u00edpio de Picos. S\u00e3o 127 anos de f\u00e9 e devo\u00e7\u00e3o ao Santo Padroeiro da Igrejinha de Picos, que segue com uma vasta programa\u00e7\u00e3o religiosa at\u00e9 30 de junho. O evento deste ano destaca-se pelo tema \u201cCora\u00e7\u00e3o de Jesus, lugar [&hellip;]\" \/>\n<meta property=\"og:url\" content=\"https:\/\/noticiaempauta.com\/portal\/fe-e-tradicao-comunidade-catolica-celebra-a-127-festa-em-honra-ao-sagrado-coracao-de-jesus-em-picos\/\" \/>\n<meta property=\"og:site_name\" content=\"Portal Not\u00edcia em Pauta\" \/>\n<meta property=\"article:publisher\" content=\"https:\/\/www.facebook.com\/Portal-Notcia-Em-Pauta-102292869264820\/\" \/>\n<meta property=\"article:published_time\" content=\"2024-06-04T19:22:20+00:00\" \/>\n<meta property=\"article:modified_time\" content=\"2024-06-04T19:22:22+00:00\" \/>\n<meta property=\"og:image\" content=\"https:\/\/noticiaempauta.com\/portal\/wp-content\/uploads\/2024\/06\/WhatsApp-Image-2024-06-04-at-16.16.35.jpeg\" \/>\n\t<meta property=\"og:image:width\" content=\"1170\" \/>\n\t<meta property=\"og:image:height\" content=\"933\" \/>\n\t<meta property=\"og:image:type\" content=\"image\/jpeg\" \/>\n<meta name=\"author\" content=\"Reda\u00e7\u00e3o\" \/>\n<meta name=\"twitter:card\" content=\"summary_large_image\" \/>\n<meta name=\"twitter:label1\" content=\"Escrito por\" \/>\n\t<meta name=\"twitter:data1\" content=\"Reda\u00e7\u00e3o\" \/>\n\t<meta name=\"twitter:label2\" content=\"Est. tempo de leitura\" \/>\n\t<meta name=\"twitter:data2\" content=\"2 minutos\" \/>\n<script type=\"application\/ld+json\" class=\"yoast-schema-graph\">{\"@context\":\"https:\/\/schema.org\",\"@graph\":[{\"@type\":\"Article\",\"@id\":\"https:\/\/noticiaempauta.com\/portal\/fe-e-tradicao-comunidade-catolica-celebra-a-127-festa-em-honra-ao-sagrado-coracao-de-jesus-em-picos\/#article\",\"isPartOf\":{\"@id\":\"https:\/\/noticiaempauta.com\/portal\/fe-e-tradicao-comunidade-catolica-celebra-a-127-festa-em-honra-ao-sagrado-coracao-de-jesus-em-picos\/\"},\"author\":{\"name\":\"Reda\u00e7\u00e3o\",\"@id\":\"https:\/\/noticiaempauta.com\/portal\/#\/schema\/person\/a74af43dd1ab3deca45f988c717d57ac\"},\"headline\":\"F\u00e9 e Tradi\u00e7\u00e3o | Comunidade cat\u00f3lica celebra a 127\u00b0 festa em honra ao Sagrado Cora\u00e7\u00e3o de Jesus em Picos\",\"datePublished\":\"2024-06-04T19:22:20+00:00\",\"dateModified\":\"2024-06-04T19:22:22+00:00\",\"mainEntityOfPage\":{\"@id\":\"https:\/\/noticiaempauta.com\/portal\/fe-e-tradicao-comunidade-catolica-celebra-a-127-festa-em-honra-ao-sagrado-coracao-de-jesus-em-picos\/\"},\"wordCount\":223,\"commentCount\":0,\"publisher\":{\"@id\":\"https:\/\/noticiaempauta.com\/portal\/#organization\"},\"image\":{\"@id\":\"https:\/\/noticiaempauta.com\/portal\/fe-e-tradicao-comunidade-catolica-celebra-a-127-festa-em-honra-ao-sagrado-coracao-de-jesus-em-picos\/#primaryimage\"},\"thumbnailUrl\":\"https:\/\/noticiaempauta.com\/portal\/wp-content\/uploads\/2024\/06\/WhatsApp-Image-2024-06-04-at-16.16.35.jpeg\",\"keywords\":[\"destaqueprincipal\"],\"articleSection\":[\"Destaques\",\"Geral\",\"Social\",\"Todas as Not\u00edcias\"],\"inLanguage\":\"pt-BR\",\"potentialAction\":[{\"@type\":\"CommentAction\",\"name\":\"Comment\",\"target\":[\"https:\/\/noticiaempauta.com\/portal\/fe-e-tradicao-comunidade-catolica-celebra-a-127-festa-em-honra-ao-sagrado-coracao-de-jesus-em-picos\/#respond\"]}]},{\"@type\":\"WebPage\",\"@id\":\"https:\/\/noticiaempauta.com\/portal\/fe-e-tradicao-comunidade-catolica-celebra-a-127-festa-em-honra-ao-sagrado-coracao-de-jesus-em-picos\/\",\"url\":\"https:\/\/noticiaempauta.com\/portal\/fe-e-tradicao-comunidade-catolica-celebra-a-127-festa-em-honra-ao-sagrado-coracao-de-jesus-em-picos\/\",\"name\":\"F\u00e9 e Tradi\u00e7\u00e3o | Comunidade cat\u00f3lica celebra a 127\u00b0 festa em honra ao Sagrado Cora\u00e7\u00e3o de Jesus em Picos - Portal Not\u00edcia em Pauta\",\"isPartOf\":{\"@id\":\"https:\/\/noticiaempauta.com\/portal\/#website\"},\"primaryImageOfPage\":{\"@id\":\"https:\/\/noticiaempauta.com\/portal\/fe-e-tradicao-comunidade-catolica-celebra-a-127-festa-em-honra-ao-sagrado-coracao-de-jesus-em-picos\/#primaryimage\"},\"image\":{\"@id\":\"https:\/\/noticiaempauta.com\/portal\/fe-e-tradicao-comunidade-catolica-celebra-a-127-festa-em-honra-ao-sagrado-coracao-de-jesus-em-picos\/#primaryimage\"},\"thumbnailUrl\":\"https:\/\/noticiaempauta.com\/portal\/wp-content\/uploads\/2024\/06\/WhatsApp-Image-2024-06-04-at-16.16.35.jpeg\",\"datePublished\":\"2024-06-04T19:22:20+00:00\",\"dateModified\":\"2024-06-04T19:22:22+00:00\",\"breadcrumb\":{\"@id\":\"https:\/\/noticiaempauta.com\/portal\/fe-e-tradicao-comunidade-catolica-celebra-a-127-festa-em-honra-ao-sagrado-coracao-de-jesus-em-picos\/#breadcrumb\"},\"inLanguage\":\"pt-BR\",\"potentialAction\":[{\"@type\":\"ReadAction\",\"target\":[\"https:\/\/noticiaempauta.com\/portal\/fe-e-tradicao-comunidade-catolica-celebra-a-127-festa-em-honra-ao-sagrado-coracao-de-jesus-em-picos\/\"]}]},{\"@type\":\"ImageObject\",\"inLanguage\":\"pt-BR\",\"@id\":\"https:\/\/noticiaempauta.com\/portal\/fe-e-tradicao-comunidade-catolica-celebra-a-127-festa-em-honra-ao-sagrado-coracao-de-jesus-em-picos\/#primaryimage\",\"url\":\"https:\/\/noticiaempauta.com\/portal\/wp-content\/uploads\/2024\/06\/WhatsApp-Image-2024-06-04-at-16.16.35.jpeg\",\"contentUrl\":\"https:\/\/noticiaempauta.com\/portal\/wp-content\/uploads\/2024\/06\/WhatsApp-Image-2024-06-04-at-16.16.35.jpeg\",\"width\":1170,\"height\":933},{\"@type\":\"BreadcrumbList\",\"@id\":\"https:\/\/noticiaempauta.com\/portal\/fe-e-tradicao-comunidade-catolica-celebra-a-127-festa-em-honra-ao-sagrado-coracao-de-jesus-em-picos\/#breadcrumb\",\"itemListElement\":[{\"@type\":\"ListItem\",\"position\":1,\"name\":\"P\u00e1gina Inicial\",\"item\":\"https:\/\/noticiaempauta.com\/portal\/\"},{\"@type\":\"ListItem\",\"position\":2,\"name\":\"Destaques\",\"item\":\"https:\/\/noticiaempauta.com\/portal\/destaques-site\/\"},{\"@type\":\"ListItem\",\"position\":3,\"name\":\"F\u00e9 e Tradi\u00e7\u00e3o | Comunidade cat\u00f3lica celebra a 127\u00b0 festa em honra ao Sagrado Cora\u00e7\u00e3o de Jesus em Picos\"}]},{\"@type\":\"WebSite\",\"@id\":\"https:\/\/noticiaempauta.com\/portal\/#website\",\"url\":\"https:\/\/noticiaempauta.com\/portal\/\",\"name\":\"Portal Not\u00edcia em Pauta\",\"description\":\"Voc\u00ea bem informado\",\"publisher\":{\"@id\":\"https:\/\/noticiaempauta.com\/portal\/#organization\"},\"potentialAction\":[{\"@type\":\"SearchAction\",\"target\":{\"@type\":\"EntryPoint\",\"urlTemplate\":\"https:\/\/noticiaempauta.com\/portal\/?s={search_term_string}\"},\"query-input\":{\"@type\":\"PropertyValueSpecification\",\"valueRequired\":true,\"valueName\":\"search_term_string\"}}],\"inLanguage\":\"pt-BR\"},{\"@type\":\"Organization\",\"@id\":\"https:\/\/noticiaempauta.com\/portal\/#organization\",\"name\":\"Portal Not\u00edcia em Pauta\",\"url\":\"https:\/\/noticiaempauta.com\/portal\/\",\"logo\":{\"@type\":\"ImageObject\",\"inLanguage\":\"pt-BR\",\"@id\":\"https:\/\/noticiaempauta.com\/portal\/#\/schema\/logo\/image\/\",\"url\":\"https:\/\/noticiaempauta.com\/portal\/wp-content\/uploads\/2022\/08\/logomarca_tema.fw_.png\",\"contentUrl\":\"https:\/\/noticiaempauta.com\/portal\/wp-content\/uploads\/2022\/08\/logomarca_tema.fw_.png\",\"width\":400,\"height\":232,\"caption\":\"Portal Not\u00edcia em Pauta\"},\"image\":{\"@id\":\"https:\/\/noticiaempauta.com\/portal\/#\/schema\/logo\/image\/\"},\"sameAs\":[\"https:\/\/www.facebook.com\/Portal-Notcia-Em-Pauta-102292869264820\/\",\"https:\/\/www.instagram.com\/portalnoticiaempauta\/\"]},{\"@type\":\"Person\",\"@id\":\"https:\/\/noticiaempauta.com\/portal\/#\/schema\/person\/a74af43dd1ab3deca45f988c717d57ac\",\"name\":\"Reda\u00e7\u00e3o\",\"image\":{\"@type\":\"ImageObject\",\"inLanguage\":\"pt-BR\",\"@id\":\"https:\/\/noticiaempauta.com\/portal\/#\/schema\/person\/image\/\",\"url\":\"https:\/\/secure.gravatar.com\/avatar\/03179346ecce6cdfc13361603e8f54242a90e5cde8618fa23c5c00aa2b0aadf3?s=96&d=mm&r=g\",\"contentUrl\":\"https:\/\/secure.gravatar.com\/avatar\/03179346ecce6cdfc13361603e8f54242a90e5cde8618fa23c5c00aa2b0aadf3?s=96&d=mm&r=g\",\"caption\":\"Reda\u00e7\u00e3o\"},\"sameAs\":[\"https:\/\/noticiaempauta.com\/portal\/\"],\"url\":\"https:\/\/noticiaempauta.com\/portal\/author\/fernando\/\"}]}<\/script>\n<!-- \/ Yoast SEO Premium plugin. -->","yoast_head_json":{"title":"F\u00e9 e Tradi\u00e7\u00e3o | Comunidade cat\u00f3lica celebra a 127\u00b0 festa em honra ao Sagrado Cora\u00e7\u00e3o de Jesus em Picos - Portal Not\u00edcia em Pauta","robots":{"index":"index","follow":"follow","max-snippet":"max-snippet:-1","max-image-preview":"max-image-preview:large","max-video-preview":"max-video-preview:-1"},"canonical":"https:\/\/noticiaempauta.com\/portal\/fe-e-tradicao-comunidade-catolica-celebra-a-127-festa-em-honra-ao-sagrado-coracao-de-jesus-em-picos\/","og_locale":"pt_BR","og_type":"article","og_title":"F\u00e9 e Tradi\u00e7\u00e3o | Comunidade cat\u00f3lica celebra a 127\u00b0 festa em honra ao Sagrado Cora\u00e7\u00e3o de Jesus em Picos","og_description":"Teve in\u00edcio neste s\u00e1bado, 1\u00ba de junho, a festa centen\u00e1ria do Sagrado Cora\u00e7\u00e3o de Jesus no munic\u00edpio de Picos. S\u00e3o 127 anos de f\u00e9 e devo\u00e7\u00e3o ao Santo Padroeiro da Igrejinha de Picos, que segue com uma vasta programa\u00e7\u00e3o religiosa at\u00e9 30 de junho. O evento deste ano destaca-se pelo tema \u201cCora\u00e7\u00e3o de Jesus, lugar [&hellip;]","og_url":"https:\/\/noticiaempauta.com\/portal\/fe-e-tradicao-comunidade-catolica-celebra-a-127-festa-em-honra-ao-sagrado-coracao-de-jesus-em-picos\/","og_site_name":"Portal Not\u00edcia em Pauta","article_publisher":"https:\/\/www.facebook.com\/Portal-Notcia-Em-Pauta-102292869264820\/","article_published_time":"2024-06-04T19:22:20+00:00","article_modified_time":"2024-06-04T19:22:22+00:00","og_image":[{"width":1170,"height":933,"url":"https:\/\/noticiaempauta.com\/portal\/wp-content\/uploads\/2024\/06\/WhatsApp-Image-2024-06-04-at-16.16.35.jpeg","type":"image\/jpeg"}],"author":"Reda\u00e7\u00e3o","twitter_card":"summary_large_image","twitter_misc":{"Escrito por":"Reda\u00e7\u00e3o","Est. tempo de leitura":"2 minutos"},"schema":{"@context":"https:\/\/schema.org","@graph":[{"@type":"Article","@id":"https:\/\/noticiaempauta.com\/portal\/fe-e-tradicao-comunidade-catolica-celebra-a-127-festa-em-honra-ao-sagrado-coracao-de-jesus-em-picos\/#article","isPartOf":{"@id":"https:\/\/noticiaempauta.com\/portal\/fe-e-tradicao-comunidade-catolica-celebra-a-127-festa-em-honra-ao-sagrado-coracao-de-jesus-em-picos\/"},"author":{"name":"Reda\u00e7\u00e3o","@id":"https:\/\/noticiaempauta.com\/portal\/#\/schema\/person\/a74af43dd1ab3deca45f988c717d57ac"},"headline":"F\u00e9 e Tradi\u00e7\u00e3o | Comunidade cat\u00f3lica celebra a 127\u00b0 festa em honra ao Sagrado Cora\u00e7\u00e3o de Jesus em Picos","datePublished":"2024-06-04T19:22:20+00:00","dateModified":"2024-06-04T19:22:22+00:00","mainEntityOfPage":{"@id":"https:\/\/noticiaempauta.com\/portal\/fe-e-tradicao-comunidade-catolica-celebra-a-127-festa-em-honra-ao-sagrado-coracao-de-jesus-em-picos\/"},"wordCount":223,"commentCount":0,"publisher":{"@id":"https:\/\/noticiaempauta.com\/portal\/#organization"},"image":{"@id":"https:\/\/noticiaempauta.com\/portal\/fe-e-tradicao-comunidade-catolica-celebra-a-127-festa-em-honra-ao-sagrado-coracao-de-jesus-em-picos\/#primaryimage"},"thumbnailUrl":"https:\/\/noticiaempauta.com\/portal\/wp-content\/uploads\/2024\/06\/WhatsApp-Image-2024-06-04-at-16.16.35.jpeg","keywords":["destaqueprincipal"],"articleSection":["Destaques","Geral","Social","Todas as Not\u00edcias"],"inLanguage":"pt-BR","potentialAction":[{"@type":"CommentAction","name":"Comment","target":["https:\/\/noticiaempauta.com\/portal\/fe-e-tradicao-comunidade-catolica-celebra-a-127-festa-em-honra-ao-sagrado-coracao-de-jesus-em-picos\/#respond"]}]},{"@type":"WebPage","@id":"https:\/\/noticiaempauta.com\/portal\/fe-e-tradicao-comunidade-catolica-celebra-a-127-festa-em-honra-ao-sagrado-coracao-de-jesus-em-picos\/","url":"https:\/\/noticiaempauta.com\/portal\/fe-e-tradicao-comunidade-catolica-celebra-a-127-festa-em-honra-ao-sagrado-coracao-de-jesus-em-picos\/","name":"F\u00e9 e Tradi\u00e7\u00e3o | Comunidade cat\u00f3lica celebra a 127\u00b0 festa em honra ao Sagrado Cora\u00e7\u00e3o de Jesus em Picos - Portal Not\u00edcia em Pauta","isPartOf":{"@id":"https:\/\/noticiaempauta.com\/portal\/#website"},"primaryImageOfPage":{"@id":"https:\/\/noticiaempauta.com\/portal\/fe-e-tradicao-comunidade-catolica-celebra-a-127-festa-em-honra-ao-sagrado-coracao-de-jesus-em-picos\/#primaryimage"},"image":{"@id":"https:\/\/noticiaempauta.com\/portal\/fe-e-tradicao-comunidade-catolica-celebra-a-127-festa-em-honra-ao-sagrado-coracao-de-jesus-em-picos\/#primaryimage"},"thumbnailUrl":"https:\/\/noticiaempauta.com\/portal\/wp-content\/uploads\/2024\/06\/WhatsApp-Image-2024-06-04-at-16.16.35.jpeg","datePublished":"2024-06-04T19:22:20+00:00","dateModified":"2024-06-04T19:22:22+00:00","breadcrumb":{"@id":"https:\/\/noticiaempauta.com\/portal\/fe-e-tradicao-comunidade-catolica-celebra-a-127-festa-em-honra-ao-sagrado-coracao-de-jesus-em-picos\/#breadcrumb"},"inLanguage":"pt-BR","potentialAction":[{"@type":"ReadAction","target":["https:\/\/noticiaempauta.com\/portal\/fe-e-tradicao-comunidade-catolica-celebra-a-127-festa-em-honra-ao-sagrado-coracao-de-jesus-em-picos\/"]}]},{"@type":"ImageObject","inLanguage":"pt-BR","@id":"https:\/\/noticiaempauta.com\/portal\/fe-e-tradicao-comunidade-catolica-celebra-a-127-festa-em-honra-ao-sagrado-coracao-de-jesus-em-picos\/#primaryimage","url":"https:\/\/noticiaempauta.com\/portal\/wp-content\/uploads\/2024\/06\/WhatsApp-Image-2024-06-04-at-16.16.35.jpeg","contentUrl":"https:\/\/noticiaempauta.com\/portal\/wp-content\/uploads\/2024\/06\/WhatsApp-Image-2024-06-04-at-16.16.35.jpeg","width":1170,"height":933},{"@type":"BreadcrumbList","@id":"https:\/\/noticiaempauta.com\/portal\/fe-e-tradicao-comunidade-catolica-celebra-a-127-festa-em-honra-ao-sagrado-coracao-de-jesus-em-picos\/#breadcrumb","itemListElement":[{"@type":"ListItem","position":1,"name":"P\u00e1gina Inicial","item":"https:\/\/noticiaempauta.com\/portal\/"},{"@type":"ListItem","position":2,"name":"Destaques","item":"https:\/\/noticiaempauta.com\/portal\/destaques-site\/"},{"@type":"ListItem","position":3,"name":"F\u00e9 e Tradi\u00e7\u00e3o | Comunidade cat\u00f3lica celebra a 127\u00b0 festa em honra ao Sagrado Cora\u00e7\u00e3o de Jesus em Picos"}]},{"@type":"WebSite","@id":"https:\/\/noticiaempauta.com\/portal\/#website","url":"https:\/\/noticiaempauta.com\/portal\/","name":"Portal Not\u00edcia em Pauta","description":"Voc\u00ea bem informado","publisher":{"@id":"https:\/\/noticiaempauta.com\/portal\/#organization"},"potentialAction":[{"@type":"SearchAction","target":{"@type":"EntryPoint","urlTemplate":"https:\/\/noticiaempauta.com\/portal\/?s={search_term_string}"},"query-input":{"@type":"PropertyValueSpecification","valueRequired":true,"valueName":"search_term_string"}}],"inLanguage":"pt-BR"},{"@type":"Organization","@id":"https:\/\/noticiaempauta.com\/portal\/#organization","name":"Portal Not\u00edcia em Pauta","url":"https:\/\/noticiaempauta.com\/portal\/","logo":{"@type":"ImageObject","inLanguage":"pt-BR","@id":"https:\/\/noticiaempauta.com\/portal\/#\/schema\/logo\/image\/","url":"https:\/\/noticiaempauta.com\/portal\/wp-content\/uploads\/2022\/08\/logomarca_tema.fw_.png","contentUrl":"https:\/\/noticiaempauta.com\/portal\/wp-content\/uploads\/2022\/08\/logomarca_tema.fw_.png","width":400,"height":232,"caption":"Portal Not\u00edcia em Pauta"},"image":{"@id":"https:\/\/noticiaempauta.com\/portal\/#\/schema\/logo\/image\/"},"sameAs":["https:\/\/www.facebook.com\/Portal-Notcia-Em-Pauta-102292869264820\/","https:\/\/www.instagram.com\/portalnoticiaempauta\/"]},{"@type":"Person","@id":"https:\/\/noticiaempauta.com\/portal\/#\/schema\/person\/a74af43dd1ab3deca45f988c717d57ac","name":"Reda\u00e7\u00e3o","image":{"@type":"ImageObject","inLanguage":"pt-BR","@id":"https:\/\/noticiaempauta.com\/portal\/#\/schema\/person\/image\/","url":"https:\/\/secure.gravatar.com\/avatar\/03179346ecce6cdfc13361603e8f54242a90e5cde8618fa23c5c00aa2b0aadf3?s=96&d=mm&r=g","contentUrl":"https:\/\/secure.gravatar.com\/avatar\/03179346ecce6cdfc13361603e8f54242a90e5cde8618fa23c5c00aa2b0aadf3?s=96&d=mm&r=g","caption":"Reda\u00e7\u00e3o"},"sameAs":["https:\/\/noticiaempauta.com\/portal\/"],"url":"https:\/\/noticiaempauta.com\/portal\/author\/fernando\/"}]}},"_links":{"self":[{"href":"https:\/\/noticiaempauta.com\/portal\/wp-json\/wp\/v2\/posts\/258532","targetHints":{"allow":["GET"]}}],"collection":[{"href":"https:\/\/noticiaempauta.com\/portal\/wp-json\/wp\/v2\/posts"}],"about":[{"href":"https:\/\/noticiaempauta.com\/portal\/wp-json\/wp\/v2\/types\/post"}],"author":[{"embeddable":true,"href":"https:\/\/noticiaempauta.com\/portal\/wp-json\/wp\/v2\/users\/2"}],"replies":[{"embeddable":true,"href":"https:\/\/noticiaempauta.com\/portal\/wp-json\/wp\/v2\/comments?post=258532"}],"version-history":[{"count":2,"href":"https:\/\/noticiaempauta.com\/portal\/wp-json\/wp\/v2\/posts\/258532\/revisions"}],"predecessor-version":[{"id":258538,"href":"https:\/\/noticiaempauta.com\/portal\/wp-json\/wp\/v2\/posts\/258532\/revisions\/258538"}],"wp:featuredmedia":[{"embeddable":true,"href":"https:\/\/noticiaempauta.com\/portal\/wp-json\/wp\/v2\/media\/258533"}],"wp:attachment":[{"href":"https:\/\/noticiaempauta.com\/portal\/wp-json\/wp\/v2\/media?parent=258532"}],"wp:term":[{"taxonomy":"category","embeddable":true,"href":"https:\/\/noticiaempauta.com\/portal\/wp-json\/wp\/v2\/categories?post=258532"},{"taxonomy":"post_tag","embeddable":true,"href":"https:\/\/noticiaempauta.com\/portal\/wp-json\/wp\/v2\/tags?post=258532"}],"curies":[{"name":"wp","href":"https:\/\/api.w.org\/{rel}","templated":true}]}}