{"id":258539,"date":"2024-06-04T16:30:44","date_gmt":"2024-06-04T19:30:44","guid":{"rendered":"https:\/\/noticiaempauta.com\/portal\/?p=258539"},"modified":"2024-06-04T16:30:45","modified_gmt":"2024-06-04T19:30:45","slug":"operacao-corpo-fechado-e-deflagrada-no-combate-a-organizacao-criminosa-que-atua-em-crimes-de-latrocinio-e-furtos-em-picos-e-regiao","status":"publish","type":"post","link":"https:\/\/noticiaempauta.com\/portal\/operacao-corpo-fechado-e-deflagrada-no-combate-a-organizacao-criminosa-que-atua-em-crimes-de-latrocinio-e-furtos-em-picos-e-regiao\/","title":{"rendered":"Opera\u00e7\u00e3o Corpo Fechado \u00e9 deflagrada no combate a organiza\u00e7\u00e3o criminosa que atua em crimes de latroc\u00ednio e furtos em Picos e regi\u00e3o"},"content":{"rendered":"\n<p>Na manh\u00e3 desta ter\u00e7a-feira (04) a Pol\u00edcia Civil do Piau\u00ed atrav\u00e9s da Delegacia Especializada de Atendimento \u00e0 Mulher (Deam) e Delegacia de Combate \u00e0s Fac\u00e7\u00f5es Criminosas, Homic\u00eddios e Tr\u00e1fico de Drogas (DFHT) deflagrou a Opera\u00e7\u00e3o Corpo Fechado em Picos e mais quatro cidades da regi\u00e3o. Na a\u00e7\u00e3o, foram dados cumprimentos a 18 mandados de busca e apreens\u00e3o, duas pessoas presas preventivamente e quatro pris\u00f5es em flagrantes.<\/p>\n\n\n\n<figure class=\"wp-block-image size-full\"><img fetchpriority=\"high\" decoding=\"async\" width=\"790\" height=\"592\" src=\"https:\/\/noticiaempauta.com\/portal\/wp-content\/uploads\/2024\/06\/1e406440260f06183242dc600d2503fc.jpg\" alt=\"\" class=\"wp-image-258542\" srcset=\"https:\/\/noticiaempauta.com\/portal\/wp-content\/uploads\/2024\/06\/1e406440260f06183242dc600d2503fc.jpg 790w, https:\/\/noticiaempauta.com\/portal\/wp-content\/uploads\/2024\/06\/1e406440260f06183242dc600d2503fc-300x225.jpg 300w, https:\/\/noticiaempauta.com\/portal\/wp-content\/uploads\/2024\/06\/1e406440260f06183242dc600d2503fc-768x576.jpg 768w\" sizes=\"(max-width: 790px) 100vw, 790px\" \/><\/figure>\n\n\n\n<p>A Opera\u00e7\u00e3o Corpo Fechado teve por objetivo desarrolar organiza\u00e7\u00e3o criminosa que atua na regi\u00e3o de Picos e praticava crimes de latroc\u00ednio, homic\u00eddios, roubos e furtos qualificados. Um dos atos il\u00edcitos supostamente praticados pela organiza\u00e7\u00e3o foi o latroc\u00ednio ocorrido no munic\u00edpio de Vera Mendes, em 29 de abril do corrente ano, em que um membro da associa\u00e7\u00e3o de moradores foi assassinado ap\u00f3s dois homens roubarem a quantia de R$ 23.000 de uma feira realizada no munic\u00edpio. O fato ocorreu na comunidade Gameleira e a v\u00edtima reagiu ao assalto, sendo assassinada \u00e0 tiros.<\/p>\n\n\n\n<figure class=\"wp-block-image size-full\"><img decoding=\"async\" width=\"790\" height=\"592\" src=\"https:\/\/noticiaempauta.com\/portal\/wp-content\/uploads\/2024\/06\/34325cae6d7097e16da415ec6609ceb6.jpg\" alt=\"\" class=\"wp-image-258541\" srcset=\"https:\/\/noticiaempauta.com\/portal\/wp-content\/uploads\/2024\/06\/34325cae6d7097e16da415ec6609ceb6.jpg 790w, https:\/\/noticiaempauta.com\/portal\/wp-content\/uploads\/2024\/06\/34325cae6d7097e16da415ec6609ceb6-300x225.jpg 300w, https:\/\/noticiaempauta.com\/portal\/wp-content\/uploads\/2024\/06\/34325cae6d7097e16da415ec6609ceb6-768x576.jpg 768w\" sizes=\"(max-width: 790px) 100vw, 790px\" \/><figcaption class=\"wp-element-caption\"><strong><em>Delegada Robiane Nunes\u00a0<\/em><\/strong><\/figcaption><\/figure>\n\n\n\n<p>As investiga\u00e7\u00f5es seguem em andamento e outras opera\u00e7\u00f5es poder\u00e3o ser realizadas para levantamento de informa\u00e7\u00f5es e pris\u00e3o de agentes que possam atuar na organiza\u00e7\u00e3o criminosa.<\/p>\n\n\n\n<p>&#8220;As investiga\u00e7\u00f5es seguem, mas j\u00e1 sabemos quem operava financeiramente, levantava alvos e fazia a execu\u00e7\u00e3o dos crimes. Atualmente o que levantamos \u00e9 que pelos menos seis pessoas atuam&#8221;, disse a delegada.<\/p>\n\n\n\n<figure class=\"wp-block-image size-full\"><img decoding=\"async\" width=\"790\" height=\"592\" src=\"https:\/\/noticiaempauta.com\/portal\/wp-content\/uploads\/2024\/06\/f9722c4e415622bd2d326630d401b175.jpg\" alt=\"\" class=\"wp-image-258543\" srcset=\"https:\/\/noticiaempauta.com\/portal\/wp-content\/uploads\/2024\/06\/f9722c4e415622bd2d326630d401b175.jpg 790w, https:\/\/noticiaempauta.com\/portal\/wp-content\/uploads\/2024\/06\/f9722c4e415622bd2d326630d401b175-300x225.jpg 300w, https:\/\/noticiaempauta.com\/portal\/wp-content\/uploads\/2024\/06\/f9722c4e415622bd2d326630d401b175-768x576.jpg 768w\" sizes=\"(max-width: 790px) 100vw, 790px\" \/><\/figure>\n\n\n\n<p>A Opera\u00e7\u00e3o deu cumprimento a mandados de busca e apreens\u00e3o em Picos, Vera Mendes, Isa\u00edas Coelho, Itain\u00f3polis e Sussuapara. Cerca de 70 policiais que comp\u00f5em as for\u00e7as de seguran\u00e7a estaduais estiveram participando. Al\u00e9m das pris\u00f5es, foram apreendidos tr\u00eas pistolas, um rev\u00f3lver, duas espingardas de fabrica\u00e7\u00e3o caseira, motocicleta, muni\u00e7\u00f5es, aparelhos celulares e quantia em dinheiro.<\/p>\n\n\n\n<figure class=\"wp-block-embed is-type-video is-provider-youtube wp-block-embed-youtube wp-embed-aspect-16-9 wp-has-aspect-ratio\"><div class=\"wp-block-embed__wrapper\">\n<iframe title=\"Opera\u00e7\u00e3o Corpo Fechado: entenda esquema de organiza\u00e7\u00e3o criminosa que atua no interior do Piau\u00ed\" width=\"800\" height=\"450\" src=\"https:\/\/www.youtube.com\/embed\/rnMCqj0fFLQ?start=2&#038;feature=oembed\" frameborder=\"0\" allow=\"accelerometer; autoplay; clipboard-write; encrypted-media; gyroscope; picture-in-picture; web-share\" referrerpolicy=\"strict-origin-when-cross-origin\" allowfullscreen><\/iframe>\n<\/div><\/figure>\n\n\n\n<p><strong><em>Fonte: Cidade Verde<\/em><\/strong><\/p>\n","protected":false},"excerpt":{"rendered":"<p>Na manh\u00e3 desta ter\u00e7a-feira (04) a Pol\u00edcia Civil do Piau\u00ed atrav\u00e9s da Delegacia Especializada de Atendimento \u00e0 Mulher (Deam) e Delegacia de Combate \u00e0s Fac\u00e7\u00f5es Criminosas, Homic\u00eddios e Tr\u00e1fico de Drogas (DFHT) deflagrou a Opera\u00e7\u00e3o Corpo Fechado em Picos e mais quatro cidades da regi\u00e3o. Na a\u00e7\u00e3o, foram dados cumprimentos a 18 mandados de busca [&hellip;]<\/p>\n","protected":false},"author":2,"featured_media":258540,"comment_status":"open","ping_status":"open","sticky":false,"template":"","format":"standard","meta":{"_mi_skip_tracking":false,"footnotes":""},"categories":[25,1,9,137,16],"tags":[192],"class_list":["post-258539","post","type-post","status-publish","format-standard","has-post-thumbnail","hentry","category-destaques-site","category-geral","category-municipios","category-policia","category-todas","tag-destaqueprincipal"],"acf":[],"yoast_head":"<!-- This site is optimized with the Yoast SEO Premium plugin v19.2 (Yoast SEO v26.9) - https:\/\/yoast.com\/product\/yoast-seo-premium-wordpress\/ -->\n<title>Opera\u00e7\u00e3o Corpo Fechado \u00e9 deflagrada no combate a organiza\u00e7\u00e3o criminosa que atua em crimes de latroc\u00ednio e furtos em Picos e regi\u00e3o - Portal Not\u00edcia em Pauta<\/title>\n<meta name=\"robots\" content=\"index, follow, max-snippet:-1, max-image-preview:large, max-video-preview:-1\" \/>\n<link rel=\"canonical\" href=\"https:\/\/noticiaempauta.com\/portal\/operacao-corpo-fechado-e-deflagrada-no-combate-a-organizacao-criminosa-que-atua-em-crimes-de-latrocinio-e-furtos-em-picos-e-regiao\/\" \/>\n<meta property=\"og:locale\" content=\"pt_BR\" \/>\n<meta property=\"og:type\" content=\"article\" \/>\n<meta property=\"og:title\" content=\"Opera\u00e7\u00e3o Corpo Fechado \u00e9 deflagrada no combate a organiza\u00e7\u00e3o criminosa que atua em crimes de latroc\u00ednio e furtos em Picos e regi\u00e3o\" \/>\n<meta property=\"og:description\" content=\"Na manh\u00e3 desta ter\u00e7a-feira (04) a Pol\u00edcia Civil do Piau\u00ed atrav\u00e9s da Delegacia Especializada de Atendimento \u00e0 Mulher (Deam) e Delegacia de Combate \u00e0s Fac\u00e7\u00f5es Criminosas, Homic\u00eddios e Tr\u00e1fico de Drogas (DFHT) deflagrou a Opera\u00e7\u00e3o Corpo Fechado em Picos e mais quatro cidades da regi\u00e3o. Na a\u00e7\u00e3o, foram dados cumprimentos a 18 mandados de busca [&hellip;]\" \/>\n<meta property=\"og:url\" content=\"https:\/\/noticiaempauta.com\/portal\/operacao-corpo-fechado-e-deflagrada-no-combate-a-organizacao-criminosa-que-atua-em-crimes-de-latrocinio-e-furtos-em-picos-e-regiao\/\" \/>\n<meta property=\"og:site_name\" content=\"Portal Not\u00edcia em Pauta\" \/>\n<meta property=\"article:publisher\" content=\"https:\/\/www.facebook.com\/Portal-Notcia-Em-Pauta-102292869264820\/\" \/>\n<meta property=\"article:published_time\" content=\"2024-06-04T19:30:44+00:00\" \/>\n<meta property=\"article:modified_time\" content=\"2024-06-04T19:30:45+00:00\" \/>\n<meta property=\"og:image\" content=\"https:\/\/noticiaempauta.com\/portal\/wp-content\/uploads\/2024\/06\/4af165969e969c3313d3a4100932bdd6.jpg\" \/>\n\t<meta property=\"og:image:width\" content=\"790\" \/>\n\t<meta property=\"og:image:height\" content=\"592\" \/>\n\t<meta property=\"og:image:type\" content=\"image\/jpeg\" \/>\n<meta name=\"author\" content=\"Reda\u00e7\u00e3o\" \/>\n<meta name=\"twitter:card\" content=\"summary_large_image\" \/>\n<meta name=\"twitter:label1\" content=\"Escrito por\" \/>\n\t<meta name=\"twitter:data1\" content=\"Reda\u00e7\u00e3o\" \/>\n\t<meta name=\"twitter:label2\" content=\"Est. tempo de leitura\" \/>\n\t<meta name=\"twitter:data2\" content=\"3 minutos\" \/>\n<script type=\"application\/ld+json\" class=\"yoast-schema-graph\">{\"@context\":\"https:\/\/schema.org\",\"@graph\":[{\"@type\":\"Article\",\"@id\":\"https:\/\/noticiaempauta.com\/portal\/operacao-corpo-fechado-e-deflagrada-no-combate-a-organizacao-criminosa-que-atua-em-crimes-de-latrocinio-e-furtos-em-picos-e-regiao\/#article\",\"isPartOf\":{\"@id\":\"https:\/\/noticiaempauta.com\/portal\/operacao-corpo-fechado-e-deflagrada-no-combate-a-organizacao-criminosa-que-atua-em-crimes-de-latrocinio-e-furtos-em-picos-e-regiao\/\"},\"author\":{\"name\":\"Reda\u00e7\u00e3o\",\"@id\":\"https:\/\/noticiaempauta.com\/portal\/#\/schema\/person\/a74af43dd1ab3deca45f988c717d57ac\"},\"headline\":\"Opera\u00e7\u00e3o Corpo Fechado \u00e9 deflagrada no combate a organiza\u00e7\u00e3o criminosa que atua em crimes de latroc\u00ednio e furtos em Picos e regi\u00e3o\",\"datePublished\":\"2024-06-04T19:30:44+00:00\",\"dateModified\":\"2024-06-04T19:30:45+00:00\",\"mainEntityOfPage\":{\"@id\":\"https:\/\/noticiaempauta.com\/portal\/operacao-corpo-fechado-e-deflagrada-no-combate-a-organizacao-criminosa-que-atua-em-crimes-de-latrocinio-e-furtos-em-picos-e-regiao\/\"},\"wordCount\":346,\"commentCount\":0,\"publisher\":{\"@id\":\"https:\/\/noticiaempauta.com\/portal\/#organization\"},\"image\":{\"@id\":\"https:\/\/noticiaempauta.com\/portal\/operacao-corpo-fechado-e-deflagrada-no-combate-a-organizacao-criminosa-que-atua-em-crimes-de-latrocinio-e-furtos-em-picos-e-regiao\/#primaryimage\"},\"thumbnailUrl\":\"https:\/\/noticiaempauta.com\/portal\/wp-content\/uploads\/2024\/06\/4af165969e969c3313d3a4100932bdd6.jpg\",\"keywords\":[\"destaqueprincipal\"],\"articleSection\":[\"Destaques\",\"Geral\",\"Munic\u00edpios\",\"Pol\u00edcia\",\"Todas as Not\u00edcias\"],\"inLanguage\":\"pt-BR\",\"potentialAction\":[{\"@type\":\"CommentAction\",\"name\":\"Comment\",\"target\":[\"https:\/\/noticiaempauta.com\/portal\/operacao-corpo-fechado-e-deflagrada-no-combate-a-organizacao-criminosa-que-atua-em-crimes-de-latrocinio-e-furtos-em-picos-e-regiao\/#respond\"]}]},{\"@type\":\"WebPage\",\"@id\":\"https:\/\/noticiaempauta.com\/portal\/operacao-corpo-fechado-e-deflagrada-no-combate-a-organizacao-criminosa-que-atua-em-crimes-de-latrocinio-e-furtos-em-picos-e-regiao\/\",\"url\":\"https:\/\/noticiaempauta.com\/portal\/operacao-corpo-fechado-e-deflagrada-no-combate-a-organizacao-criminosa-que-atua-em-crimes-de-latrocinio-e-furtos-em-picos-e-regiao\/\",\"name\":\"Opera\u00e7\u00e3o Corpo Fechado \u00e9 deflagrada no combate a organiza\u00e7\u00e3o criminosa que atua em crimes de latroc\u00ednio e furtos em Picos e regi\u00e3o - Portal Not\u00edcia em Pauta\",\"isPartOf\":{\"@id\":\"https:\/\/noticiaempauta.com\/portal\/#website\"},\"primaryImageOfPage\":{\"@id\":\"https:\/\/noticiaempauta.com\/portal\/operacao-corpo-fechado-e-deflagrada-no-combate-a-organizacao-criminosa-que-atua-em-crimes-de-latrocinio-e-furtos-em-picos-e-regiao\/#primaryimage\"},\"image\":{\"@id\":\"https:\/\/noticiaempauta.com\/portal\/operacao-corpo-fechado-e-deflagrada-no-combate-a-organizacao-criminosa-que-atua-em-crimes-de-latrocinio-e-furtos-em-picos-e-regiao\/#primaryimage\"},\"thumbnailUrl\":\"https:\/\/noticiaempauta.com\/portal\/wp-content\/uploads\/2024\/06\/4af165969e969c3313d3a4100932bdd6.jpg\",\"datePublished\":\"2024-06-04T19:30:44+00:00\",\"dateModified\":\"2024-06-04T19:30:45+00:00\",\"breadcrumb\":{\"@id\":\"https:\/\/noticiaempauta.com\/portal\/operacao-corpo-fechado-e-deflagrada-no-combate-a-organizacao-criminosa-que-atua-em-crimes-de-latrocinio-e-furtos-em-picos-e-regiao\/#breadcrumb\"},\"inLanguage\":\"pt-BR\",\"potentialAction\":[{\"@type\":\"ReadAction\",\"target\":[\"https:\/\/noticiaempauta.com\/portal\/operacao-corpo-fechado-e-deflagrada-no-combate-a-organizacao-criminosa-que-atua-em-crimes-de-latrocinio-e-furtos-em-picos-e-regiao\/\"]}]},{\"@type\":\"ImageObject\",\"inLanguage\":\"pt-BR\",\"@id\":\"https:\/\/noticiaempauta.com\/portal\/operacao-corpo-fechado-e-deflagrada-no-combate-a-organizacao-criminosa-que-atua-em-crimes-de-latrocinio-e-furtos-em-picos-e-regiao\/#primaryimage\",\"url\":\"https:\/\/noticiaempauta.com\/portal\/wp-content\/uploads\/2024\/06\/4af165969e969c3313d3a4100932bdd6.jpg\",\"contentUrl\":\"https:\/\/noticiaempauta.com\/portal\/wp-content\/uploads\/2024\/06\/4af165969e969c3313d3a4100932bdd6.jpg\",\"width\":790,\"height\":592},{\"@type\":\"BreadcrumbList\",\"@id\":\"https:\/\/noticiaempauta.com\/portal\/operacao-corpo-fechado-e-deflagrada-no-combate-a-organizacao-criminosa-que-atua-em-crimes-de-latrocinio-e-furtos-em-picos-e-regiao\/#breadcrumb\",\"itemListElement\":[{\"@type\":\"ListItem\",\"position\":1,\"name\":\"P\u00e1gina Inicial\",\"item\":\"https:\/\/noticiaempauta.com\/portal\/\"},{\"@type\":\"ListItem\",\"position\":2,\"name\":\"Destaques\",\"item\":\"https:\/\/noticiaempauta.com\/portal\/destaques-site\/\"},{\"@type\":\"ListItem\",\"position\":3,\"name\":\"Opera\u00e7\u00e3o Corpo Fechado \u00e9 deflagrada no combate a organiza\u00e7\u00e3o criminosa que atua em crimes de latroc\u00ednio e furtos em Picos e regi\u00e3o\"}]},{\"@type\":\"WebSite\",\"@id\":\"https:\/\/noticiaempauta.com\/portal\/#website\",\"url\":\"https:\/\/noticiaempauta.com\/portal\/\",\"name\":\"Portal Not\u00edcia em Pauta\",\"description\":\"Voc\u00ea bem informado\",\"publisher\":{\"@id\":\"https:\/\/noticiaempauta.com\/portal\/#organization\"},\"potentialAction\":[{\"@type\":\"SearchAction\",\"target\":{\"@type\":\"EntryPoint\",\"urlTemplate\":\"https:\/\/noticiaempauta.com\/portal\/?s={search_term_string}\"},\"query-input\":{\"@type\":\"PropertyValueSpecification\",\"valueRequired\":true,\"valueName\":\"search_term_string\"}}],\"inLanguage\":\"pt-BR\"},{\"@type\":\"Organization\",\"@id\":\"https:\/\/noticiaempauta.com\/portal\/#organization\",\"name\":\"Portal Not\u00edcia em Pauta\",\"url\":\"https:\/\/noticiaempauta.com\/portal\/\",\"logo\":{\"@type\":\"ImageObject\",\"inLanguage\":\"pt-BR\",\"@id\":\"https:\/\/noticiaempauta.com\/portal\/#\/schema\/logo\/image\/\",\"url\":\"https:\/\/noticiaempauta.com\/portal\/wp-content\/uploads\/2022\/08\/logomarca_tema.fw_.png\",\"contentUrl\":\"https:\/\/noticiaempauta.com\/portal\/wp-content\/uploads\/2022\/08\/logomarca_tema.fw_.png\",\"width\":400,\"height\":232,\"caption\":\"Portal Not\u00edcia em Pauta\"},\"image\":{\"@id\":\"https:\/\/noticiaempauta.com\/portal\/#\/schema\/logo\/image\/\"},\"sameAs\":[\"https:\/\/www.facebook.com\/Portal-Notcia-Em-Pauta-102292869264820\/\",\"https:\/\/www.instagram.com\/portalnoticiaempauta\/\"]},{\"@type\":\"Person\",\"@id\":\"https:\/\/noticiaempauta.com\/portal\/#\/schema\/person\/a74af43dd1ab3deca45f988c717d57ac\",\"name\":\"Reda\u00e7\u00e3o\",\"image\":{\"@type\":\"ImageObject\",\"inLanguage\":\"pt-BR\",\"@id\":\"https:\/\/noticiaempauta.com\/portal\/#\/schema\/person\/image\/\",\"url\":\"https:\/\/secure.gravatar.com\/avatar\/03179346ecce6cdfc13361603e8f54242a90e5cde8618fa23c5c00aa2b0aadf3?s=96&d=mm&r=g\",\"contentUrl\":\"https:\/\/secure.gravatar.com\/avatar\/03179346ecce6cdfc13361603e8f54242a90e5cde8618fa23c5c00aa2b0aadf3?s=96&d=mm&r=g\",\"caption\":\"Reda\u00e7\u00e3o\"},\"sameAs\":[\"https:\/\/noticiaempauta.com\/portal\/\"],\"url\":\"https:\/\/noticiaempauta.com\/portal\/author\/fernando\/\"}]}<\/script>\n<!-- \/ Yoast SEO Premium plugin. -->","yoast_head_json":{"title":"Opera\u00e7\u00e3o Corpo Fechado \u00e9 deflagrada no combate a organiza\u00e7\u00e3o criminosa que atua em crimes de latroc\u00ednio e furtos em Picos e regi\u00e3o - Portal Not\u00edcia em Pauta","robots":{"index":"index","follow":"follow","max-snippet":"max-snippet:-1","max-image-preview":"max-image-preview:large","max-video-preview":"max-video-preview:-1"},"canonical":"https:\/\/noticiaempauta.com\/portal\/operacao-corpo-fechado-e-deflagrada-no-combate-a-organizacao-criminosa-que-atua-em-crimes-de-latrocinio-e-furtos-em-picos-e-regiao\/","og_locale":"pt_BR","og_type":"article","og_title":"Opera\u00e7\u00e3o Corpo Fechado \u00e9 deflagrada no combate a organiza\u00e7\u00e3o criminosa que atua em crimes de latroc\u00ednio e furtos em Picos e regi\u00e3o","og_description":"Na manh\u00e3 desta ter\u00e7a-feira (04) a Pol\u00edcia Civil do Piau\u00ed atrav\u00e9s da Delegacia Especializada de Atendimento \u00e0 Mulher (Deam) e Delegacia de Combate \u00e0s Fac\u00e7\u00f5es Criminosas, Homic\u00eddios e Tr\u00e1fico de Drogas (DFHT) deflagrou a Opera\u00e7\u00e3o Corpo Fechado em Picos e mais quatro cidades da regi\u00e3o. Na a\u00e7\u00e3o, foram dados cumprimentos a 18 mandados de busca [&hellip;]","og_url":"https:\/\/noticiaempauta.com\/portal\/operacao-corpo-fechado-e-deflagrada-no-combate-a-organizacao-criminosa-que-atua-em-crimes-de-latrocinio-e-furtos-em-picos-e-regiao\/","og_site_name":"Portal Not\u00edcia em Pauta","article_publisher":"https:\/\/www.facebook.com\/Portal-Notcia-Em-Pauta-102292869264820\/","article_published_time":"2024-06-04T19:30:44+00:00","article_modified_time":"2024-06-04T19:30:45+00:00","og_image":[{"width":790,"height":592,"url":"https:\/\/noticiaempauta.com\/portal\/wp-content\/uploads\/2024\/06\/4af165969e969c3313d3a4100932bdd6.jpg","type":"image\/jpeg"}],"author":"Reda\u00e7\u00e3o","twitter_card":"summary_large_image","twitter_misc":{"Escrito por":"Reda\u00e7\u00e3o","Est. tempo de leitura":"3 minutos"},"schema":{"@context":"https:\/\/schema.org","@graph":[{"@type":"Article","@id":"https:\/\/noticiaempauta.com\/portal\/operacao-corpo-fechado-e-deflagrada-no-combate-a-organizacao-criminosa-que-atua-em-crimes-de-latrocinio-e-furtos-em-picos-e-regiao\/#article","isPartOf":{"@id":"https:\/\/noticiaempauta.com\/portal\/operacao-corpo-fechado-e-deflagrada-no-combate-a-organizacao-criminosa-que-atua-em-crimes-de-latrocinio-e-furtos-em-picos-e-regiao\/"},"author":{"name":"Reda\u00e7\u00e3o","@id":"https:\/\/noticiaempauta.com\/portal\/#\/schema\/person\/a74af43dd1ab3deca45f988c717d57ac"},"headline":"Opera\u00e7\u00e3o Corpo Fechado \u00e9 deflagrada no combate a organiza\u00e7\u00e3o criminosa que atua em crimes de latroc\u00ednio e furtos em Picos e regi\u00e3o","datePublished":"2024-06-04T19:30:44+00:00","dateModified":"2024-06-04T19:30:45+00:00","mainEntityOfPage":{"@id":"https:\/\/noticiaempauta.com\/portal\/operacao-corpo-fechado-e-deflagrada-no-combate-a-organizacao-criminosa-que-atua-em-crimes-de-latrocinio-e-furtos-em-picos-e-regiao\/"},"wordCount":346,"commentCount":0,"publisher":{"@id":"https:\/\/noticiaempauta.com\/portal\/#organization"},"image":{"@id":"https:\/\/noticiaempauta.com\/portal\/operacao-corpo-fechado-e-deflagrada-no-combate-a-organizacao-criminosa-que-atua-em-crimes-de-latrocinio-e-furtos-em-picos-e-regiao\/#primaryimage"},"thumbnailUrl":"https:\/\/noticiaempauta.com\/portal\/wp-content\/uploads\/2024\/06\/4af165969e969c3313d3a4100932bdd6.jpg","keywords":["destaqueprincipal"],"articleSection":["Destaques","Geral","Munic\u00edpios","Pol\u00edcia","Todas as Not\u00edcias"],"inLanguage":"pt-BR","potentialAction":[{"@type":"CommentAction","name":"Comment","target":["https:\/\/noticiaempauta.com\/portal\/operacao-corpo-fechado-e-deflagrada-no-combate-a-organizacao-criminosa-que-atua-em-crimes-de-latrocinio-e-furtos-em-picos-e-regiao\/#respond"]}]},{"@type":"WebPage","@id":"https:\/\/noticiaempauta.com\/portal\/operacao-corpo-fechado-e-deflagrada-no-combate-a-organizacao-criminosa-que-atua-em-crimes-de-latrocinio-e-furtos-em-picos-e-regiao\/","url":"https:\/\/noticiaempauta.com\/portal\/operacao-corpo-fechado-e-deflagrada-no-combate-a-organizacao-criminosa-que-atua-em-crimes-de-latrocinio-e-furtos-em-picos-e-regiao\/","name":"Opera\u00e7\u00e3o Corpo Fechado \u00e9 deflagrada no combate a organiza\u00e7\u00e3o criminosa que atua em crimes de latroc\u00ednio e furtos em Picos e regi\u00e3o - Portal Not\u00edcia em Pauta","isPartOf":{"@id":"https:\/\/noticiaempauta.com\/portal\/#website"},"primaryImageOfPage":{"@id":"https:\/\/noticiaempauta.com\/portal\/operacao-corpo-fechado-e-deflagrada-no-combate-a-organizacao-criminosa-que-atua-em-crimes-de-latrocinio-e-furtos-em-picos-e-regiao\/#primaryimage"},"image":{"@id":"https:\/\/noticiaempauta.com\/portal\/operacao-corpo-fechado-e-deflagrada-no-combate-a-organizacao-criminosa-que-atua-em-crimes-de-latrocinio-e-furtos-em-picos-e-regiao\/#primaryimage"},"thumbnailUrl":"https:\/\/noticiaempauta.com\/portal\/wp-content\/uploads\/2024\/06\/4af165969e969c3313d3a4100932bdd6.jpg","datePublished":"2024-06-04T19:30:44+00:00","dateModified":"2024-06-04T19:30:45+00:00","breadcrumb":{"@id":"https:\/\/noticiaempauta.com\/portal\/operacao-corpo-fechado-e-deflagrada-no-combate-a-organizacao-criminosa-que-atua-em-crimes-de-latrocinio-e-furtos-em-picos-e-regiao\/#breadcrumb"},"inLanguage":"pt-BR","potentialAction":[{"@type":"ReadAction","target":["https:\/\/noticiaempauta.com\/portal\/operacao-corpo-fechado-e-deflagrada-no-combate-a-organizacao-criminosa-que-atua-em-crimes-de-latrocinio-e-furtos-em-picos-e-regiao\/"]}]},{"@type":"ImageObject","inLanguage":"pt-BR","@id":"https:\/\/noticiaempauta.com\/portal\/operacao-corpo-fechado-e-deflagrada-no-combate-a-organizacao-criminosa-que-atua-em-crimes-de-latrocinio-e-furtos-em-picos-e-regiao\/#primaryimage","url":"https:\/\/noticiaempauta.com\/portal\/wp-content\/uploads\/2024\/06\/4af165969e969c3313d3a4100932bdd6.jpg","contentUrl":"https:\/\/noticiaempauta.com\/portal\/wp-content\/uploads\/2024\/06\/4af165969e969c3313d3a4100932bdd6.jpg","width":790,"height":592},{"@type":"BreadcrumbList","@id":"https:\/\/noticiaempauta.com\/portal\/operacao-corpo-fechado-e-deflagrada-no-combate-a-organizacao-criminosa-que-atua-em-crimes-de-latrocinio-e-furtos-em-picos-e-regiao\/#breadcrumb","itemListElement":[{"@type":"ListItem","position":1,"name":"P\u00e1gina Inicial","item":"https:\/\/noticiaempauta.com\/portal\/"},{"@type":"ListItem","position":2,"name":"Destaques","item":"https:\/\/noticiaempauta.com\/portal\/destaques-site\/"},{"@type":"ListItem","position":3,"name":"Opera\u00e7\u00e3o Corpo Fechado \u00e9 deflagrada no combate a organiza\u00e7\u00e3o criminosa que atua em crimes de latroc\u00ednio e furtos em Picos e regi\u00e3o"}]},{"@type":"WebSite","@id":"https:\/\/noticiaempauta.com\/portal\/#website","url":"https:\/\/noticiaempauta.com\/portal\/","name":"Portal Not\u00edcia em Pauta","description":"Voc\u00ea bem informado","publisher":{"@id":"https:\/\/noticiaempauta.com\/portal\/#organization"},"potentialAction":[{"@type":"SearchAction","target":{"@type":"EntryPoint","urlTemplate":"https:\/\/noticiaempauta.com\/portal\/?s={search_term_string}"},"query-input":{"@type":"PropertyValueSpecification","valueRequired":true,"valueName":"search_term_string"}}],"inLanguage":"pt-BR"},{"@type":"Organization","@id":"https:\/\/noticiaempauta.com\/portal\/#organization","name":"Portal Not\u00edcia em Pauta","url":"https:\/\/noticiaempauta.com\/portal\/","logo":{"@type":"ImageObject","inLanguage":"pt-BR","@id":"https:\/\/noticiaempauta.com\/portal\/#\/schema\/logo\/image\/","url":"https:\/\/noticiaempauta.com\/portal\/wp-content\/uploads\/2022\/08\/logomarca_tema.fw_.png","contentUrl":"https:\/\/noticiaempauta.com\/portal\/wp-content\/uploads\/2022\/08\/logomarca_tema.fw_.png","width":400,"height":232,"caption":"Portal Not\u00edcia em Pauta"},"image":{"@id":"https:\/\/noticiaempauta.com\/portal\/#\/schema\/logo\/image\/"},"sameAs":["https:\/\/www.facebook.com\/Portal-Notcia-Em-Pauta-102292869264820\/","https:\/\/www.instagram.com\/portalnoticiaempauta\/"]},{"@type":"Person","@id":"https:\/\/noticiaempauta.com\/portal\/#\/schema\/person\/a74af43dd1ab3deca45f988c717d57ac","name":"Reda\u00e7\u00e3o","image":{"@type":"ImageObject","inLanguage":"pt-BR","@id":"https:\/\/noticiaempauta.com\/portal\/#\/schema\/person\/image\/","url":"https:\/\/secure.gravatar.com\/avatar\/03179346ecce6cdfc13361603e8f54242a90e5cde8618fa23c5c00aa2b0aadf3?s=96&d=mm&r=g","contentUrl":"https:\/\/secure.gravatar.com\/avatar\/03179346ecce6cdfc13361603e8f54242a90e5cde8618fa23c5c00aa2b0aadf3?s=96&d=mm&r=g","caption":"Reda\u00e7\u00e3o"},"sameAs":["https:\/\/noticiaempauta.com\/portal\/"],"url":"https:\/\/noticiaempauta.com\/portal\/author\/fernando\/"}]}},"_links":{"self":[{"href":"https:\/\/noticiaempauta.com\/portal\/wp-json\/wp\/v2\/posts\/258539","targetHints":{"allow":["GET"]}}],"collection":[{"href":"https:\/\/noticiaempauta.com\/portal\/wp-json\/wp\/v2\/posts"}],"about":[{"href":"https:\/\/noticiaempauta.com\/portal\/wp-json\/wp\/v2\/types\/post"}],"author":[{"embeddable":true,"href":"https:\/\/noticiaempauta.com\/portal\/wp-json\/wp\/v2\/users\/2"}],"replies":[{"embeddable":true,"href":"https:\/\/noticiaempauta.com\/portal\/wp-json\/wp\/v2\/comments?post=258539"}],"version-history":[{"count":2,"href":"https:\/\/noticiaempauta.com\/portal\/wp-json\/wp\/v2\/posts\/258539\/revisions"}],"predecessor-version":[{"id":258545,"href":"https:\/\/noticiaempauta.com\/portal\/wp-json\/wp\/v2\/posts\/258539\/revisions\/258545"}],"wp:featuredmedia":[{"embeddable":true,"href":"https:\/\/noticiaempauta.com\/portal\/wp-json\/wp\/v2\/media\/258540"}],"wp:attachment":[{"href":"https:\/\/noticiaempauta.com\/portal\/wp-json\/wp\/v2\/media?parent=258539"}],"wp:term":[{"taxonomy":"category","embeddable":true,"href":"https:\/\/noticiaempauta.com\/portal\/wp-json\/wp\/v2\/categories?post=258539"},{"taxonomy":"post_tag","embeddable":true,"href":"https:\/\/noticiaempauta.com\/portal\/wp-json\/wp\/v2\/tags?post=258539"}],"curies":[{"name":"wp","href":"https:\/\/api.w.org\/{rel}","templated":true}]}}