{"id":258559,"date":"2024-06-05T10:48:35","date_gmt":"2024-06-05T13:48:35","guid":{"rendered":"https:\/\/noticiaempauta.com\/portal\/?p=258559"},"modified":"2024-06-05T10:48:36","modified_gmt":"2024-06-05T13:48:36","slug":"apos-11-dias-internada-mulher-vitima-de-acidente-morre-no-hospital-de-picos","status":"publish","type":"post","link":"https:\/\/noticiaempauta.com\/portal\/apos-11-dias-internada-mulher-vitima-de-acidente-morre-no-hospital-de-picos\/","title":{"rendered":"Ap\u00f3s 11 dias internada, mulher v\u00edtima de acidente morre no Hospital de Picos"},"content":{"rendered":"\n<p>Faleceu na madrugada desta quarta-feira (05), por volta de 4h46min, a jovem Rafaela Pinheiro dos Santos, de 27 anos.\u00a0A mulher era segunda v\u00edtima do acidente ocorrido em 26 de maio no bairro Samambaia, em Picos, e h\u00e1 11 dias, estava internada no Hospital Regional Justino Luz.\u00a0<\/p>\n\n\n\n<figure class=\"wp-block-image size-full\"><img fetchpriority=\"high\" decoding=\"async\" width=\"790\" height=\"656\" src=\"https:\/\/noticiaempauta.com\/portal\/wp-content\/uploads\/2024\/06\/81cdd3acbd37f192295d1c4f2e8b57a3.jpeg\" alt=\"\" class=\"wp-image-258560\" srcset=\"https:\/\/noticiaempauta.com\/portal\/wp-content\/uploads\/2024\/06\/81cdd3acbd37f192295d1c4f2e8b57a3.jpeg 790w, https:\/\/noticiaempauta.com\/portal\/wp-content\/uploads\/2024\/06\/81cdd3acbd37f192295d1c4f2e8b57a3-300x249.jpeg 300w, https:\/\/noticiaempauta.com\/portal\/wp-content\/uploads\/2024\/06\/81cdd3acbd37f192295d1c4f2e8b57a3-768x638.jpeg 768w\" sizes=\"(max-width: 790px) 100vw, 790px\" \/><figcaption class=\"wp-element-caption\">(Foto: Reprodu\u00e7\u00e3o)<\/figcaption><\/figure>\n\n\n\n<p>Segundo informa\u00e7\u00f5es fornecidas pelo Hospital, Rafaela sofreu traumatismo craniano, passou por diversas cirurgias e teve a perna amputada. A mesma estava internada na Unidade de Terapia Intensiva (UTI), mas veio a \u00f3bito em raz\u00e3o da gravidade do seu estado de sa\u00fade.<\/p>\n\n\n\n<p>Diversas campanhas para doa\u00e7\u00e3o de sangue foram realizadas para Rafaela Pinheiro. A mesma estava sendo submetida a hemodi\u00e1lise para fazer a limpeza e filtragem do sangue, por\u00e9m n\u00e3o havia estabiliza\u00e7\u00e3o do quadro de sa\u00fade.<\/p>\n\n\n\n<p>Rafaela Pinheiro \u00e9 a segunda v\u00edtima fatal da colis\u00e3o envolvendo um carro de passeio e a motocicleta em que ela e seu companheiro, Ivan, de 23 anos, que veio a \u00f3bito no local do acidente transitavam.<\/p>\n\n\n\n<p><strong>O acidente<\/strong><\/p>\n\n\n\n<p>Informa\u00e7\u00f5es da Pol\u00edcia Rodovi\u00e1ria Federal (PRF) d\u00e3o conta que o carro de passeio teria invadindo a contram\u00e3o, vindo a colidir frontalmente contra a motocileta em que seguia o casal na BR-407.<\/p>\n\n\n\n<p>Rafaela e Ivan foram arremessados h\u00e1 v\u00e1rios metros, vindo a cair numa \u00e1rea de ribanceira.<\/p>\n\n\n\n<p><strong>Pol\u00edcia investiga o caso<\/strong><\/p>\n\n\n\n<p>A Pol\u00edcia Civil de Picos atrav\u00e9s da delegada, Laura Carneiro, est\u00e1 investigando o acidente que deixou duas pessoas mortas. O condutor do ve\u00edculo j\u00e1 se apresentou na Delegacia e foi ouvido pela autoridade policial.\u00a0<\/p>\n\n\n\n<p><strong><em>Fonte: Cidade Verde<\/em><\/strong><\/p>\n","protected":false},"excerpt":{"rendered":"<p>Faleceu na madrugada desta quarta-feira (05), por volta de 4h46min, a jovem Rafaela Pinheiro dos Santos, de 27 anos.\u00a0A mulher era segunda v\u00edtima do acidente ocorrido em 26 de maio no bairro Samambaia, em Picos, e h\u00e1 11 dias, estava internada no Hospital Regional Justino Luz.\u00a0 Segundo informa\u00e7\u00f5es fornecidas pelo Hospital, Rafaela sofreu traumatismo craniano, [&hellip;]<\/p>\n","protected":false},"author":2,"featured_media":258560,"comment_status":"open","ping_status":"open","sticky":false,"template":"","format":"standard","meta":{"_mi_skip_tracking":false,"footnotes":""},"categories":[25,1,16],"tags":[192],"class_list":["post-258559","post","type-post","status-publish","format-standard","has-post-thumbnail","hentry","category-destaques-site","category-geral","category-todas","tag-destaqueprincipal"],"acf":[],"yoast_head":"<!-- This site is optimized with the Yoast SEO Premium plugin v19.2 (Yoast SEO v26.9) - https:\/\/yoast.com\/product\/yoast-seo-premium-wordpress\/ -->\n<title>Ap\u00f3s 11 dias internada, mulher v\u00edtima de acidente morre no Hospital de Picos - Portal Not\u00edcia em Pauta<\/title>\n<meta name=\"robots\" content=\"index, follow, max-snippet:-1, max-image-preview:large, max-video-preview:-1\" \/>\n<link rel=\"canonical\" href=\"https:\/\/noticiaempauta.com\/portal\/apos-11-dias-internada-mulher-vitima-de-acidente-morre-no-hospital-de-picos\/\" \/>\n<meta property=\"og:locale\" content=\"pt_BR\" \/>\n<meta property=\"og:type\" content=\"article\" \/>\n<meta property=\"og:title\" content=\"Ap\u00f3s 11 dias internada, mulher v\u00edtima de acidente morre no Hospital de Picos\" \/>\n<meta property=\"og:description\" content=\"Faleceu na madrugada desta quarta-feira (05), por volta de 4h46min, a jovem Rafaela Pinheiro dos Santos, de 27 anos.\u00a0A mulher era segunda v\u00edtima do acidente ocorrido em 26 de maio no bairro Samambaia, em Picos, e h\u00e1 11 dias, estava internada no Hospital Regional Justino Luz.\u00a0 Segundo informa\u00e7\u00f5es fornecidas pelo Hospital, Rafaela sofreu traumatismo craniano, [&hellip;]\" \/>\n<meta property=\"og:url\" content=\"https:\/\/noticiaempauta.com\/portal\/apos-11-dias-internada-mulher-vitima-de-acidente-morre-no-hospital-de-picos\/\" \/>\n<meta property=\"og:site_name\" content=\"Portal Not\u00edcia em Pauta\" \/>\n<meta property=\"article:publisher\" content=\"https:\/\/www.facebook.com\/Portal-Notcia-Em-Pauta-102292869264820\/\" \/>\n<meta property=\"article:published_time\" content=\"2024-06-05T13:48:35+00:00\" \/>\n<meta property=\"article:modified_time\" content=\"2024-06-05T13:48:36+00:00\" \/>\n<meta property=\"og:image\" content=\"https:\/\/noticiaempauta.com\/portal\/wp-content\/uploads\/2024\/06\/81cdd3acbd37f192295d1c4f2e8b57a3.jpeg\" \/>\n\t<meta property=\"og:image:width\" content=\"790\" \/>\n\t<meta property=\"og:image:height\" content=\"656\" \/>\n\t<meta property=\"og:image:type\" content=\"image\/jpeg\" \/>\n<meta name=\"author\" content=\"Reda\u00e7\u00e3o\" \/>\n<meta name=\"twitter:card\" content=\"summary_large_image\" \/>\n<meta name=\"twitter:label1\" content=\"Escrito por\" \/>\n\t<meta name=\"twitter:data1\" content=\"Reda\u00e7\u00e3o\" \/>\n\t<meta name=\"twitter:label2\" content=\"Est. tempo de leitura\" \/>\n\t<meta name=\"twitter:data2\" content=\"2 minutos\" \/>\n<script type=\"application\/ld+json\" class=\"yoast-schema-graph\">{\"@context\":\"https:\/\/schema.org\",\"@graph\":[{\"@type\":\"Article\",\"@id\":\"https:\/\/noticiaempauta.com\/portal\/apos-11-dias-internada-mulher-vitima-de-acidente-morre-no-hospital-de-picos\/#article\",\"isPartOf\":{\"@id\":\"https:\/\/noticiaempauta.com\/portal\/apos-11-dias-internada-mulher-vitima-de-acidente-morre-no-hospital-de-picos\/\"},\"author\":{\"name\":\"Reda\u00e7\u00e3o\",\"@id\":\"https:\/\/noticiaempauta.com\/portal\/#\/schema\/person\/a74af43dd1ab3deca45f988c717d57ac\"},\"headline\":\"Ap\u00f3s 11 dias internada, mulher v\u00edtima de acidente morre no Hospital de Picos\",\"datePublished\":\"2024-06-05T13:48:35+00:00\",\"dateModified\":\"2024-06-05T13:48:36+00:00\",\"mainEntityOfPage\":{\"@id\":\"https:\/\/noticiaempauta.com\/portal\/apos-11-dias-internada-mulher-vitima-de-acidente-morre-no-hospital-de-picos\/\"},\"wordCount\":281,\"commentCount\":0,\"publisher\":{\"@id\":\"https:\/\/noticiaempauta.com\/portal\/#organization\"},\"image\":{\"@id\":\"https:\/\/noticiaempauta.com\/portal\/apos-11-dias-internada-mulher-vitima-de-acidente-morre-no-hospital-de-picos\/#primaryimage\"},\"thumbnailUrl\":\"https:\/\/noticiaempauta.com\/portal\/wp-content\/uploads\/2024\/06\/81cdd3acbd37f192295d1c4f2e8b57a3.jpeg\",\"keywords\":[\"destaqueprincipal\"],\"articleSection\":[\"Destaques\",\"Geral\",\"Todas as Not\u00edcias\"],\"inLanguage\":\"pt-BR\",\"potentialAction\":[{\"@type\":\"CommentAction\",\"name\":\"Comment\",\"target\":[\"https:\/\/noticiaempauta.com\/portal\/apos-11-dias-internada-mulher-vitima-de-acidente-morre-no-hospital-de-picos\/#respond\"]}]},{\"@type\":\"WebPage\",\"@id\":\"https:\/\/noticiaempauta.com\/portal\/apos-11-dias-internada-mulher-vitima-de-acidente-morre-no-hospital-de-picos\/\",\"url\":\"https:\/\/noticiaempauta.com\/portal\/apos-11-dias-internada-mulher-vitima-de-acidente-morre-no-hospital-de-picos\/\",\"name\":\"Ap\u00f3s 11 dias internada, mulher v\u00edtima de acidente morre no Hospital de Picos - Portal Not\u00edcia em Pauta\",\"isPartOf\":{\"@id\":\"https:\/\/noticiaempauta.com\/portal\/#website\"},\"primaryImageOfPage\":{\"@id\":\"https:\/\/noticiaempauta.com\/portal\/apos-11-dias-internada-mulher-vitima-de-acidente-morre-no-hospital-de-picos\/#primaryimage\"},\"image\":{\"@id\":\"https:\/\/noticiaempauta.com\/portal\/apos-11-dias-internada-mulher-vitima-de-acidente-morre-no-hospital-de-picos\/#primaryimage\"},\"thumbnailUrl\":\"https:\/\/noticiaempauta.com\/portal\/wp-content\/uploads\/2024\/06\/81cdd3acbd37f192295d1c4f2e8b57a3.jpeg\",\"datePublished\":\"2024-06-05T13:48:35+00:00\",\"dateModified\":\"2024-06-05T13:48:36+00:00\",\"breadcrumb\":{\"@id\":\"https:\/\/noticiaempauta.com\/portal\/apos-11-dias-internada-mulher-vitima-de-acidente-morre-no-hospital-de-picos\/#breadcrumb\"},\"inLanguage\":\"pt-BR\",\"potentialAction\":[{\"@type\":\"ReadAction\",\"target\":[\"https:\/\/noticiaempauta.com\/portal\/apos-11-dias-internada-mulher-vitima-de-acidente-morre-no-hospital-de-picos\/\"]}]},{\"@type\":\"ImageObject\",\"inLanguage\":\"pt-BR\",\"@id\":\"https:\/\/noticiaempauta.com\/portal\/apos-11-dias-internada-mulher-vitima-de-acidente-morre-no-hospital-de-picos\/#primaryimage\",\"url\":\"https:\/\/noticiaempauta.com\/portal\/wp-content\/uploads\/2024\/06\/81cdd3acbd37f192295d1c4f2e8b57a3.jpeg\",\"contentUrl\":\"https:\/\/noticiaempauta.com\/portal\/wp-content\/uploads\/2024\/06\/81cdd3acbd37f192295d1c4f2e8b57a3.jpeg\",\"width\":790,\"height\":656},{\"@type\":\"BreadcrumbList\",\"@id\":\"https:\/\/noticiaempauta.com\/portal\/apos-11-dias-internada-mulher-vitima-de-acidente-morre-no-hospital-de-picos\/#breadcrumb\",\"itemListElement\":[{\"@type\":\"ListItem\",\"position\":1,\"name\":\"P\u00e1gina Inicial\",\"item\":\"https:\/\/noticiaempauta.com\/portal\/\"},{\"@type\":\"ListItem\",\"position\":2,\"name\":\"Destaques\",\"item\":\"https:\/\/noticiaempauta.com\/portal\/destaques-site\/\"},{\"@type\":\"ListItem\",\"position\":3,\"name\":\"Ap\u00f3s 11 dias internada, mulher v\u00edtima de acidente morre no Hospital de Picos\"}]},{\"@type\":\"WebSite\",\"@id\":\"https:\/\/noticiaempauta.com\/portal\/#website\",\"url\":\"https:\/\/noticiaempauta.com\/portal\/\",\"name\":\"Portal Not\u00edcia em Pauta\",\"description\":\"Voc\u00ea bem informado\",\"publisher\":{\"@id\":\"https:\/\/noticiaempauta.com\/portal\/#organization\"},\"potentialAction\":[{\"@type\":\"SearchAction\",\"target\":{\"@type\":\"EntryPoint\",\"urlTemplate\":\"https:\/\/noticiaempauta.com\/portal\/?s={search_term_string}\"},\"query-input\":{\"@type\":\"PropertyValueSpecification\",\"valueRequired\":true,\"valueName\":\"search_term_string\"}}],\"inLanguage\":\"pt-BR\"},{\"@type\":\"Organization\",\"@id\":\"https:\/\/noticiaempauta.com\/portal\/#organization\",\"name\":\"Portal Not\u00edcia em Pauta\",\"url\":\"https:\/\/noticiaempauta.com\/portal\/\",\"logo\":{\"@type\":\"ImageObject\",\"inLanguage\":\"pt-BR\",\"@id\":\"https:\/\/noticiaempauta.com\/portal\/#\/schema\/logo\/image\/\",\"url\":\"https:\/\/noticiaempauta.com\/portal\/wp-content\/uploads\/2022\/08\/logomarca_tema.fw_.png\",\"contentUrl\":\"https:\/\/noticiaempauta.com\/portal\/wp-content\/uploads\/2022\/08\/logomarca_tema.fw_.png\",\"width\":400,\"height\":232,\"caption\":\"Portal Not\u00edcia em Pauta\"},\"image\":{\"@id\":\"https:\/\/noticiaempauta.com\/portal\/#\/schema\/logo\/image\/\"},\"sameAs\":[\"https:\/\/www.facebook.com\/Portal-Notcia-Em-Pauta-102292869264820\/\",\"https:\/\/www.instagram.com\/portalnoticiaempauta\/\"]},{\"@type\":\"Person\",\"@id\":\"https:\/\/noticiaempauta.com\/portal\/#\/schema\/person\/a74af43dd1ab3deca45f988c717d57ac\",\"name\":\"Reda\u00e7\u00e3o\",\"image\":{\"@type\":\"ImageObject\",\"inLanguage\":\"pt-BR\",\"@id\":\"https:\/\/noticiaempauta.com\/portal\/#\/schema\/person\/image\/\",\"url\":\"https:\/\/secure.gravatar.com\/avatar\/03179346ecce6cdfc13361603e8f54242a90e5cde8618fa23c5c00aa2b0aadf3?s=96&d=mm&r=g\",\"contentUrl\":\"https:\/\/secure.gravatar.com\/avatar\/03179346ecce6cdfc13361603e8f54242a90e5cde8618fa23c5c00aa2b0aadf3?s=96&d=mm&r=g\",\"caption\":\"Reda\u00e7\u00e3o\"},\"sameAs\":[\"https:\/\/noticiaempauta.com\/portal\/\"],\"url\":\"https:\/\/noticiaempauta.com\/portal\/author\/fernando\/\"}]}<\/script>\n<!-- \/ Yoast SEO Premium plugin. -->","yoast_head_json":{"title":"Ap\u00f3s 11 dias internada, mulher v\u00edtima de acidente morre no Hospital de Picos - Portal Not\u00edcia em Pauta","robots":{"index":"index","follow":"follow","max-snippet":"max-snippet:-1","max-image-preview":"max-image-preview:large","max-video-preview":"max-video-preview:-1"},"canonical":"https:\/\/noticiaempauta.com\/portal\/apos-11-dias-internada-mulher-vitima-de-acidente-morre-no-hospital-de-picos\/","og_locale":"pt_BR","og_type":"article","og_title":"Ap\u00f3s 11 dias internada, mulher v\u00edtima de acidente morre no Hospital de Picos","og_description":"Faleceu na madrugada desta quarta-feira (05), por volta de 4h46min, a jovem Rafaela Pinheiro dos Santos, de 27 anos.\u00a0A mulher era segunda v\u00edtima do acidente ocorrido em 26 de maio no bairro Samambaia, em Picos, e h\u00e1 11 dias, estava internada no Hospital Regional Justino Luz.\u00a0 Segundo informa\u00e7\u00f5es fornecidas pelo Hospital, Rafaela sofreu traumatismo craniano, [&hellip;]","og_url":"https:\/\/noticiaempauta.com\/portal\/apos-11-dias-internada-mulher-vitima-de-acidente-morre-no-hospital-de-picos\/","og_site_name":"Portal Not\u00edcia em Pauta","article_publisher":"https:\/\/www.facebook.com\/Portal-Notcia-Em-Pauta-102292869264820\/","article_published_time":"2024-06-05T13:48:35+00:00","article_modified_time":"2024-06-05T13:48:36+00:00","og_image":[{"width":790,"height":656,"url":"https:\/\/noticiaempauta.com\/portal\/wp-content\/uploads\/2024\/06\/81cdd3acbd37f192295d1c4f2e8b57a3.jpeg","type":"image\/jpeg"}],"author":"Reda\u00e7\u00e3o","twitter_card":"summary_large_image","twitter_misc":{"Escrito por":"Reda\u00e7\u00e3o","Est. tempo de leitura":"2 minutos"},"schema":{"@context":"https:\/\/schema.org","@graph":[{"@type":"Article","@id":"https:\/\/noticiaempauta.com\/portal\/apos-11-dias-internada-mulher-vitima-de-acidente-morre-no-hospital-de-picos\/#article","isPartOf":{"@id":"https:\/\/noticiaempauta.com\/portal\/apos-11-dias-internada-mulher-vitima-de-acidente-morre-no-hospital-de-picos\/"},"author":{"name":"Reda\u00e7\u00e3o","@id":"https:\/\/noticiaempauta.com\/portal\/#\/schema\/person\/a74af43dd1ab3deca45f988c717d57ac"},"headline":"Ap\u00f3s 11 dias internada, mulher v\u00edtima de acidente morre no Hospital de Picos","datePublished":"2024-06-05T13:48:35+00:00","dateModified":"2024-06-05T13:48:36+00:00","mainEntityOfPage":{"@id":"https:\/\/noticiaempauta.com\/portal\/apos-11-dias-internada-mulher-vitima-de-acidente-morre-no-hospital-de-picos\/"},"wordCount":281,"commentCount":0,"publisher":{"@id":"https:\/\/noticiaempauta.com\/portal\/#organization"},"image":{"@id":"https:\/\/noticiaempauta.com\/portal\/apos-11-dias-internada-mulher-vitima-de-acidente-morre-no-hospital-de-picos\/#primaryimage"},"thumbnailUrl":"https:\/\/noticiaempauta.com\/portal\/wp-content\/uploads\/2024\/06\/81cdd3acbd37f192295d1c4f2e8b57a3.jpeg","keywords":["destaqueprincipal"],"articleSection":["Destaques","Geral","Todas as Not\u00edcias"],"inLanguage":"pt-BR","potentialAction":[{"@type":"CommentAction","name":"Comment","target":["https:\/\/noticiaempauta.com\/portal\/apos-11-dias-internada-mulher-vitima-de-acidente-morre-no-hospital-de-picos\/#respond"]}]},{"@type":"WebPage","@id":"https:\/\/noticiaempauta.com\/portal\/apos-11-dias-internada-mulher-vitima-de-acidente-morre-no-hospital-de-picos\/","url":"https:\/\/noticiaempauta.com\/portal\/apos-11-dias-internada-mulher-vitima-de-acidente-morre-no-hospital-de-picos\/","name":"Ap\u00f3s 11 dias internada, mulher v\u00edtima de acidente morre no Hospital de Picos - Portal Not\u00edcia em Pauta","isPartOf":{"@id":"https:\/\/noticiaempauta.com\/portal\/#website"},"primaryImageOfPage":{"@id":"https:\/\/noticiaempauta.com\/portal\/apos-11-dias-internada-mulher-vitima-de-acidente-morre-no-hospital-de-picos\/#primaryimage"},"image":{"@id":"https:\/\/noticiaempauta.com\/portal\/apos-11-dias-internada-mulher-vitima-de-acidente-morre-no-hospital-de-picos\/#primaryimage"},"thumbnailUrl":"https:\/\/noticiaempauta.com\/portal\/wp-content\/uploads\/2024\/06\/81cdd3acbd37f192295d1c4f2e8b57a3.jpeg","datePublished":"2024-06-05T13:48:35+00:00","dateModified":"2024-06-05T13:48:36+00:00","breadcrumb":{"@id":"https:\/\/noticiaempauta.com\/portal\/apos-11-dias-internada-mulher-vitima-de-acidente-morre-no-hospital-de-picos\/#breadcrumb"},"inLanguage":"pt-BR","potentialAction":[{"@type":"ReadAction","target":["https:\/\/noticiaempauta.com\/portal\/apos-11-dias-internada-mulher-vitima-de-acidente-morre-no-hospital-de-picos\/"]}]},{"@type":"ImageObject","inLanguage":"pt-BR","@id":"https:\/\/noticiaempauta.com\/portal\/apos-11-dias-internada-mulher-vitima-de-acidente-morre-no-hospital-de-picos\/#primaryimage","url":"https:\/\/noticiaempauta.com\/portal\/wp-content\/uploads\/2024\/06\/81cdd3acbd37f192295d1c4f2e8b57a3.jpeg","contentUrl":"https:\/\/noticiaempauta.com\/portal\/wp-content\/uploads\/2024\/06\/81cdd3acbd37f192295d1c4f2e8b57a3.jpeg","width":790,"height":656},{"@type":"BreadcrumbList","@id":"https:\/\/noticiaempauta.com\/portal\/apos-11-dias-internada-mulher-vitima-de-acidente-morre-no-hospital-de-picos\/#breadcrumb","itemListElement":[{"@type":"ListItem","position":1,"name":"P\u00e1gina Inicial","item":"https:\/\/noticiaempauta.com\/portal\/"},{"@type":"ListItem","position":2,"name":"Destaques","item":"https:\/\/noticiaempauta.com\/portal\/destaques-site\/"},{"@type":"ListItem","position":3,"name":"Ap\u00f3s 11 dias internada, mulher v\u00edtima de acidente morre no Hospital de Picos"}]},{"@type":"WebSite","@id":"https:\/\/noticiaempauta.com\/portal\/#website","url":"https:\/\/noticiaempauta.com\/portal\/","name":"Portal Not\u00edcia em Pauta","description":"Voc\u00ea bem informado","publisher":{"@id":"https:\/\/noticiaempauta.com\/portal\/#organization"},"potentialAction":[{"@type":"SearchAction","target":{"@type":"EntryPoint","urlTemplate":"https:\/\/noticiaempauta.com\/portal\/?s={search_term_string}"},"query-input":{"@type":"PropertyValueSpecification","valueRequired":true,"valueName":"search_term_string"}}],"inLanguage":"pt-BR"},{"@type":"Organization","@id":"https:\/\/noticiaempauta.com\/portal\/#organization","name":"Portal Not\u00edcia em Pauta","url":"https:\/\/noticiaempauta.com\/portal\/","logo":{"@type":"ImageObject","inLanguage":"pt-BR","@id":"https:\/\/noticiaempauta.com\/portal\/#\/schema\/logo\/image\/","url":"https:\/\/noticiaempauta.com\/portal\/wp-content\/uploads\/2022\/08\/logomarca_tema.fw_.png","contentUrl":"https:\/\/noticiaempauta.com\/portal\/wp-content\/uploads\/2022\/08\/logomarca_tema.fw_.png","width":400,"height":232,"caption":"Portal Not\u00edcia em Pauta"},"image":{"@id":"https:\/\/noticiaempauta.com\/portal\/#\/schema\/logo\/image\/"},"sameAs":["https:\/\/www.facebook.com\/Portal-Notcia-Em-Pauta-102292869264820\/","https:\/\/www.instagram.com\/portalnoticiaempauta\/"]},{"@type":"Person","@id":"https:\/\/noticiaempauta.com\/portal\/#\/schema\/person\/a74af43dd1ab3deca45f988c717d57ac","name":"Reda\u00e7\u00e3o","image":{"@type":"ImageObject","inLanguage":"pt-BR","@id":"https:\/\/noticiaempauta.com\/portal\/#\/schema\/person\/image\/","url":"https:\/\/secure.gravatar.com\/avatar\/03179346ecce6cdfc13361603e8f54242a90e5cde8618fa23c5c00aa2b0aadf3?s=96&d=mm&r=g","contentUrl":"https:\/\/secure.gravatar.com\/avatar\/03179346ecce6cdfc13361603e8f54242a90e5cde8618fa23c5c00aa2b0aadf3?s=96&d=mm&r=g","caption":"Reda\u00e7\u00e3o"},"sameAs":["https:\/\/noticiaempauta.com\/portal\/"],"url":"https:\/\/noticiaempauta.com\/portal\/author\/fernando\/"}]}},"_links":{"self":[{"href":"https:\/\/noticiaempauta.com\/portal\/wp-json\/wp\/v2\/posts\/258559","targetHints":{"allow":["GET"]}}],"collection":[{"href":"https:\/\/noticiaempauta.com\/portal\/wp-json\/wp\/v2\/posts"}],"about":[{"href":"https:\/\/noticiaempauta.com\/portal\/wp-json\/wp\/v2\/types\/post"}],"author":[{"embeddable":true,"href":"https:\/\/noticiaempauta.com\/portal\/wp-json\/wp\/v2\/users\/2"}],"replies":[{"embeddable":true,"href":"https:\/\/noticiaempauta.com\/portal\/wp-json\/wp\/v2\/comments?post=258559"}],"version-history":[{"count":2,"href":"https:\/\/noticiaempauta.com\/portal\/wp-json\/wp\/v2\/posts\/258559\/revisions"}],"predecessor-version":[{"id":258562,"href":"https:\/\/noticiaempauta.com\/portal\/wp-json\/wp\/v2\/posts\/258559\/revisions\/258562"}],"wp:featuredmedia":[{"embeddable":true,"href":"https:\/\/noticiaempauta.com\/portal\/wp-json\/wp\/v2\/media\/258560"}],"wp:attachment":[{"href":"https:\/\/noticiaempauta.com\/portal\/wp-json\/wp\/v2\/media?parent=258559"}],"wp:term":[{"taxonomy":"category","embeddable":true,"href":"https:\/\/noticiaempauta.com\/portal\/wp-json\/wp\/v2\/categories?post=258559"},{"taxonomy":"post_tag","embeddable":true,"href":"https:\/\/noticiaempauta.com\/portal\/wp-json\/wp\/v2\/tags?post=258559"}],"curies":[{"name":"wp","href":"https:\/\/api.w.org\/{rel}","templated":true}]}}