{"id":258563,"date":"2024-06-05T11:01:24","date_gmt":"2024-06-05T14:01:24","guid":{"rendered":"https:\/\/noticiaempauta.com\/portal\/?p=258563"},"modified":"2024-06-05T11:01:26","modified_gmt":"2024-06-05T14:01:26","slug":"camara-municipal-de-picos-promove-palestra-motivacional-e-capacitacao-para-servidores","status":"publish","type":"post","link":"https:\/\/noticiaempauta.com\/portal\/camara-municipal-de-picos-promove-palestra-motivacional-e-capacitacao-para-servidores\/","title":{"rendered":"C\u00e2mara Municipal de Picos promove palestra motivacional e capacita\u00e7\u00e3o para servidores"},"content":{"rendered":"\n<p>A C\u00e2mara Municipal de Picos, por meio de seu presidente, vereador Eriberto Barros, realizou na manh\u00e3 desta ter\u00e7a-feira, 04 de junho, um encontro com servidores da Casa Legislativa, no qual foi ministrada uma palestra motivacional no Plen\u00e1rio Ver. Pedro Barbosa da Silva.<\/p>\n\n\n\n<figure class=\"wp-block-image size-full\"><img fetchpriority=\"high\" decoding=\"async\" width=\"640\" height=\"440\" src=\"https:\/\/noticiaempauta.com\/portal\/wp-content\/uploads\/2024\/06\/22265.jpg\" alt=\"\" class=\"wp-image-258565\" srcset=\"https:\/\/noticiaempauta.com\/portal\/wp-content\/uploads\/2024\/06\/22265.jpg 640w, https:\/\/noticiaempauta.com\/portal\/wp-content\/uploads\/2024\/06\/22265-300x206.jpg 300w\" sizes=\"(max-width: 640px) 100vw, 640px\" \/><\/figure>\n\n\n\n<p>O professor Mury Campos foi quem ministrou a palestra motivacional, com o tema \u201cMude Voc\u00ea, Mude o Mundo\u201d, cujo intuito era mostrar aos servidores que tudo come\u00e7a por cada um de n\u00f3s e que, se quisermos mudar o mundo, primeiro temos que mudar a n\u00f3s mesmos.<\/p>\n\n\n\n<figure class=\"wp-block-image size-full\"><img decoding=\"async\" width=\"640\" height=\"433\" src=\"https:\/\/noticiaempauta.com\/portal\/wp-content\/uploads\/2024\/06\/21278.jpg\" alt=\"\" class=\"wp-image-258566\" srcset=\"https:\/\/noticiaempauta.com\/portal\/wp-content\/uploads\/2024\/06\/21278.jpg 640w, https:\/\/noticiaempauta.com\/portal\/wp-content\/uploads\/2024\/06\/21278-300x203.jpg 300w\" sizes=\"(max-width: 640px) 100vw, 640px\" \/><\/figure>\n\n\n\n<p>Durante a palestra, Mury Campos tamb\u00e9m falou sobre espiritualidade, citando alguns vers\u00edculos b\u00edblicos e as energias que as boas a\u00e7\u00f5es t\u00eam na vida de todos. O presidente da C\u00e2mara, vereador Eriberto Barros, esteve presente, assim como os vereadores Ant\u00f4nio Moura e Toinho de Chic\u00e1.<\/p>\n\n\n\n<figure class=\"wp-block-image size-full\"><img decoding=\"async\" width=\"640\" height=\"428\" src=\"https:\/\/noticiaempauta.com\/portal\/wp-content\/uploads\/2024\/06\/DSC_070916.jpeg\" alt=\"\" class=\"wp-image-258568\" srcset=\"https:\/\/noticiaempauta.com\/portal\/wp-content\/uploads\/2024\/06\/DSC_070916.jpeg 640w, https:\/\/noticiaempauta.com\/portal\/wp-content\/uploads\/2024\/06\/DSC_070916-300x201.jpeg 300w\" sizes=\"(max-width: 640px) 100vw, 640px\" \/><\/figure>\n\n\n\n<p>O palestrante, Mury Campos, deixou sua mensagem motivacional resumindo a palestra: \u201cA vida quem faz somos n\u00f3s. \u00c0s vezes, ficamos pensando em deixar a vida nos levar, mas quem faz a diferen\u00e7a somos n\u00f3s. Deus tamb\u00e9m diz: fa\u00e7a sua parte que eu lhe ajudarei. Ent\u00e3o, tem que come\u00e7ar pela gente. A minha mensagem \u00e9 essa, de f\u00e9, de esperan\u00e7a, mostrando que tudo come\u00e7a por n\u00f3s mesmos\u201d, disse Mury Campos.<\/p>\n\n\n\n<figure class=\"wp-block-image size-full\"><img loading=\"lazy\" decoding=\"async\" width=\"640\" height=\"434\" src=\"https:\/\/noticiaempauta.com\/portal\/wp-content\/uploads\/2024\/06\/23232.jpg\" alt=\"\" class=\"wp-image-258567\" srcset=\"https:\/\/noticiaempauta.com\/portal\/wp-content\/uploads\/2024\/06\/23232.jpg 640w, https:\/\/noticiaempauta.com\/portal\/wp-content\/uploads\/2024\/06\/23232-300x203.jpg 300w\" sizes=\"(max-width: 640px) 100vw, 640px\" \/><\/figure>\n\n\n\n<p>O presidente da Casa, vereador Eriberto Barros, classificou o momento como especial, onde segundo ele, por meio da palestra todos podem refletir sobre sobre suas a\u00e7\u00f5es e como podem melhorar. &#8220;O objetivo foi este, motivar nossos colaboradores&#8221;, disse.<\/p>\n\n\n\n<figure class=\"wp-block-image size-large\"><img loading=\"lazy\" decoding=\"async\" width=\"1024\" height=\"718\" src=\"https:\/\/noticiaempauta.com\/portal\/wp-content\/uploads\/2024\/06\/WhatsApp-Image-2024-06-05-at-10.58.48-1024x718.jpeg\" alt=\"\" class=\"wp-image-258564\" srcset=\"https:\/\/noticiaempauta.com\/portal\/wp-content\/uploads\/2024\/06\/WhatsApp-Image-2024-06-05-at-10.58.48-1024x718.jpeg 1024w, https:\/\/noticiaempauta.com\/portal\/wp-content\/uploads\/2024\/06\/WhatsApp-Image-2024-06-05-at-10.58.48-300x210.jpeg 300w, https:\/\/noticiaempauta.com\/portal\/wp-content\/uploads\/2024\/06\/WhatsApp-Image-2024-06-05-at-10.58.48-768x538.jpeg 768w, https:\/\/noticiaempauta.com\/portal\/wp-content\/uploads\/2024\/06\/WhatsApp-Image-2024-06-05-at-10.58.48.jpeg 1170w\" sizes=\"(max-width: 1024px) 100vw, 1024px\" \/><\/figure>\n\n\n\n<p><strong><em>Com informa\u00e7\u00f5es do Portal Folha Atual<\/em><\/strong><\/p>\n","protected":false},"excerpt":{"rendered":"<p>A C\u00e2mara Municipal de Picos, por meio de seu presidente, vereador Eriberto Barros, realizou na manh\u00e3 desta ter\u00e7a-feira, 04 de junho, um encontro com servidores da Casa Legislativa, no qual foi ministrada uma palestra motivacional no Plen\u00e1rio Ver. Pedro Barbosa da Silva. O professor Mury Campos foi quem ministrou a palestra motivacional, com o tema [&hellip;]<\/p>\n","protected":false},"author":2,"featured_media":258564,"comment_status":"open","ping_status":"open","sticky":false,"template":"","format":"standard","meta":{"_mi_skip_tracking":false,"footnotes":""},"categories":[25,1,16],"tags":[192],"class_list":["post-258563","post","type-post","status-publish","format-standard","has-post-thumbnail","hentry","category-destaques-site","category-geral","category-todas","tag-destaqueprincipal"],"acf":[],"yoast_head":"<!-- This site is optimized with the Yoast SEO Premium plugin v19.2 (Yoast SEO v26.9) - https:\/\/yoast.com\/product\/yoast-seo-premium-wordpress\/ -->\n<title>C\u00e2mara Municipal de Picos promove palestra motivacional e capacita\u00e7\u00e3o para servidores - Portal Not\u00edcia em Pauta<\/title>\n<meta name=\"robots\" content=\"index, follow, max-snippet:-1, max-image-preview:large, max-video-preview:-1\" \/>\n<link rel=\"canonical\" href=\"https:\/\/noticiaempauta.com\/portal\/camara-municipal-de-picos-promove-palestra-motivacional-e-capacitacao-para-servidores\/\" \/>\n<meta property=\"og:locale\" content=\"pt_BR\" \/>\n<meta property=\"og:type\" content=\"article\" \/>\n<meta property=\"og:title\" content=\"C\u00e2mara Municipal de Picos promove palestra motivacional e capacita\u00e7\u00e3o para servidores\" \/>\n<meta property=\"og:description\" content=\"A C\u00e2mara Municipal de Picos, por meio de seu presidente, vereador Eriberto Barros, realizou na manh\u00e3 desta ter\u00e7a-feira, 04 de junho, um encontro com servidores da Casa Legislativa, no qual foi ministrada uma palestra motivacional no Plen\u00e1rio Ver. Pedro Barbosa da Silva. O professor Mury Campos foi quem ministrou a palestra motivacional, com o tema [&hellip;]\" \/>\n<meta property=\"og:url\" content=\"https:\/\/noticiaempauta.com\/portal\/camara-municipal-de-picos-promove-palestra-motivacional-e-capacitacao-para-servidores\/\" \/>\n<meta property=\"og:site_name\" content=\"Portal Not\u00edcia em Pauta\" \/>\n<meta property=\"article:publisher\" content=\"https:\/\/www.facebook.com\/Portal-Notcia-Em-Pauta-102292869264820\/\" \/>\n<meta property=\"article:published_time\" content=\"2024-06-05T14:01:24+00:00\" \/>\n<meta property=\"article:modified_time\" content=\"2024-06-05T14:01:26+00:00\" \/>\n<meta property=\"og:image\" content=\"https:\/\/noticiaempauta.com\/portal\/wp-content\/uploads\/2024\/06\/WhatsApp-Image-2024-06-05-at-10.58.48.jpeg\" \/>\n\t<meta property=\"og:image:width\" content=\"1170\" \/>\n\t<meta property=\"og:image:height\" content=\"820\" \/>\n\t<meta property=\"og:image:type\" content=\"image\/jpeg\" \/>\n<meta name=\"author\" content=\"Reda\u00e7\u00e3o\" \/>\n<meta name=\"twitter:card\" content=\"summary_large_image\" \/>\n<meta name=\"twitter:label1\" content=\"Escrito por\" \/>\n\t<meta name=\"twitter:data1\" content=\"Reda\u00e7\u00e3o\" \/>\n\t<meta name=\"twitter:label2\" content=\"Est. tempo de leitura\" \/>\n\t<meta name=\"twitter:data2\" content=\"3 minutos\" \/>\n<script type=\"application\/ld+json\" class=\"yoast-schema-graph\">{\"@context\":\"https:\/\/schema.org\",\"@graph\":[{\"@type\":\"Article\",\"@id\":\"https:\/\/noticiaempauta.com\/portal\/camara-municipal-de-picos-promove-palestra-motivacional-e-capacitacao-para-servidores\/#article\",\"isPartOf\":{\"@id\":\"https:\/\/noticiaempauta.com\/portal\/camara-municipal-de-picos-promove-palestra-motivacional-e-capacitacao-para-servidores\/\"},\"author\":{\"name\":\"Reda\u00e7\u00e3o\",\"@id\":\"https:\/\/noticiaempauta.com\/portal\/#\/schema\/person\/a74af43dd1ab3deca45f988c717d57ac\"},\"headline\":\"C\u00e2mara Municipal de Picos promove palestra motivacional e capacita\u00e7\u00e3o para servidores\",\"datePublished\":\"2024-06-05T14:01:24+00:00\",\"dateModified\":\"2024-06-05T14:01:26+00:00\",\"mainEntityOfPage\":{\"@id\":\"https:\/\/noticiaempauta.com\/portal\/camara-municipal-de-picos-promove-palestra-motivacional-e-capacitacao-para-servidores\/\"},\"wordCount\":281,\"commentCount\":0,\"publisher\":{\"@id\":\"https:\/\/noticiaempauta.com\/portal\/#organization\"},\"image\":{\"@id\":\"https:\/\/noticiaempauta.com\/portal\/camara-municipal-de-picos-promove-palestra-motivacional-e-capacitacao-para-servidores\/#primaryimage\"},\"thumbnailUrl\":\"https:\/\/noticiaempauta.com\/portal\/wp-content\/uploads\/2024\/06\/WhatsApp-Image-2024-06-05-at-10.58.48.jpeg\",\"keywords\":[\"destaqueprincipal\"],\"articleSection\":[\"Destaques\",\"Geral\",\"Todas as Not\u00edcias\"],\"inLanguage\":\"pt-BR\",\"potentialAction\":[{\"@type\":\"CommentAction\",\"name\":\"Comment\",\"target\":[\"https:\/\/noticiaempauta.com\/portal\/camara-municipal-de-picos-promove-palestra-motivacional-e-capacitacao-para-servidores\/#respond\"]}]},{\"@type\":\"WebPage\",\"@id\":\"https:\/\/noticiaempauta.com\/portal\/camara-municipal-de-picos-promove-palestra-motivacional-e-capacitacao-para-servidores\/\",\"url\":\"https:\/\/noticiaempauta.com\/portal\/camara-municipal-de-picos-promove-palestra-motivacional-e-capacitacao-para-servidores\/\",\"name\":\"C\u00e2mara Municipal de Picos promove palestra motivacional e capacita\u00e7\u00e3o para servidores - Portal Not\u00edcia em Pauta\",\"isPartOf\":{\"@id\":\"https:\/\/noticiaempauta.com\/portal\/#website\"},\"primaryImageOfPage\":{\"@id\":\"https:\/\/noticiaempauta.com\/portal\/camara-municipal-de-picos-promove-palestra-motivacional-e-capacitacao-para-servidores\/#primaryimage\"},\"image\":{\"@id\":\"https:\/\/noticiaempauta.com\/portal\/camara-municipal-de-picos-promove-palestra-motivacional-e-capacitacao-para-servidores\/#primaryimage\"},\"thumbnailUrl\":\"https:\/\/noticiaempauta.com\/portal\/wp-content\/uploads\/2024\/06\/WhatsApp-Image-2024-06-05-at-10.58.48.jpeg\",\"datePublished\":\"2024-06-05T14:01:24+00:00\",\"dateModified\":\"2024-06-05T14:01:26+00:00\",\"breadcrumb\":{\"@id\":\"https:\/\/noticiaempauta.com\/portal\/camara-municipal-de-picos-promove-palestra-motivacional-e-capacitacao-para-servidores\/#breadcrumb\"},\"inLanguage\":\"pt-BR\",\"potentialAction\":[{\"@type\":\"ReadAction\",\"target\":[\"https:\/\/noticiaempauta.com\/portal\/camara-municipal-de-picos-promove-palestra-motivacional-e-capacitacao-para-servidores\/\"]}]},{\"@type\":\"ImageObject\",\"inLanguage\":\"pt-BR\",\"@id\":\"https:\/\/noticiaempauta.com\/portal\/camara-municipal-de-picos-promove-palestra-motivacional-e-capacitacao-para-servidores\/#primaryimage\",\"url\":\"https:\/\/noticiaempauta.com\/portal\/wp-content\/uploads\/2024\/06\/WhatsApp-Image-2024-06-05-at-10.58.48.jpeg\",\"contentUrl\":\"https:\/\/noticiaempauta.com\/portal\/wp-content\/uploads\/2024\/06\/WhatsApp-Image-2024-06-05-at-10.58.48.jpeg\",\"width\":1170,\"height\":820},{\"@type\":\"BreadcrumbList\",\"@id\":\"https:\/\/noticiaempauta.com\/portal\/camara-municipal-de-picos-promove-palestra-motivacional-e-capacitacao-para-servidores\/#breadcrumb\",\"itemListElement\":[{\"@type\":\"ListItem\",\"position\":1,\"name\":\"P\u00e1gina Inicial\",\"item\":\"https:\/\/noticiaempauta.com\/portal\/\"},{\"@type\":\"ListItem\",\"position\":2,\"name\":\"Destaques\",\"item\":\"https:\/\/noticiaempauta.com\/portal\/destaques-site\/\"},{\"@type\":\"ListItem\",\"position\":3,\"name\":\"C\u00e2mara Municipal de Picos promove palestra motivacional e capacita\u00e7\u00e3o para servidores\"}]},{\"@type\":\"WebSite\",\"@id\":\"https:\/\/noticiaempauta.com\/portal\/#website\",\"url\":\"https:\/\/noticiaempauta.com\/portal\/\",\"name\":\"Portal Not\u00edcia em Pauta\",\"description\":\"Voc\u00ea bem informado\",\"publisher\":{\"@id\":\"https:\/\/noticiaempauta.com\/portal\/#organization\"},\"potentialAction\":[{\"@type\":\"SearchAction\",\"target\":{\"@type\":\"EntryPoint\",\"urlTemplate\":\"https:\/\/noticiaempauta.com\/portal\/?s={search_term_string}\"},\"query-input\":{\"@type\":\"PropertyValueSpecification\",\"valueRequired\":true,\"valueName\":\"search_term_string\"}}],\"inLanguage\":\"pt-BR\"},{\"@type\":\"Organization\",\"@id\":\"https:\/\/noticiaempauta.com\/portal\/#organization\",\"name\":\"Portal Not\u00edcia em Pauta\",\"url\":\"https:\/\/noticiaempauta.com\/portal\/\",\"logo\":{\"@type\":\"ImageObject\",\"inLanguage\":\"pt-BR\",\"@id\":\"https:\/\/noticiaempauta.com\/portal\/#\/schema\/logo\/image\/\",\"url\":\"https:\/\/noticiaempauta.com\/portal\/wp-content\/uploads\/2022\/08\/logomarca_tema.fw_.png\",\"contentUrl\":\"https:\/\/noticiaempauta.com\/portal\/wp-content\/uploads\/2022\/08\/logomarca_tema.fw_.png\",\"width\":400,\"height\":232,\"caption\":\"Portal Not\u00edcia em Pauta\"},\"image\":{\"@id\":\"https:\/\/noticiaempauta.com\/portal\/#\/schema\/logo\/image\/\"},\"sameAs\":[\"https:\/\/www.facebook.com\/Portal-Notcia-Em-Pauta-102292869264820\/\",\"https:\/\/www.instagram.com\/portalnoticiaempauta\/\"]},{\"@type\":\"Person\",\"@id\":\"https:\/\/noticiaempauta.com\/portal\/#\/schema\/person\/a74af43dd1ab3deca45f988c717d57ac\",\"name\":\"Reda\u00e7\u00e3o\",\"image\":{\"@type\":\"ImageObject\",\"inLanguage\":\"pt-BR\",\"@id\":\"https:\/\/noticiaempauta.com\/portal\/#\/schema\/person\/image\/\",\"url\":\"https:\/\/secure.gravatar.com\/avatar\/03179346ecce6cdfc13361603e8f54242a90e5cde8618fa23c5c00aa2b0aadf3?s=96&d=mm&r=g\",\"contentUrl\":\"https:\/\/secure.gravatar.com\/avatar\/03179346ecce6cdfc13361603e8f54242a90e5cde8618fa23c5c00aa2b0aadf3?s=96&d=mm&r=g\",\"caption\":\"Reda\u00e7\u00e3o\"},\"sameAs\":[\"https:\/\/noticiaempauta.com\/portal\/\"],\"url\":\"https:\/\/noticiaempauta.com\/portal\/author\/fernando\/\"}]}<\/script>\n<!-- \/ Yoast SEO Premium plugin. -->","yoast_head_json":{"title":"C\u00e2mara Municipal de Picos promove palestra motivacional e capacita\u00e7\u00e3o para servidores - Portal Not\u00edcia em Pauta","robots":{"index":"index","follow":"follow","max-snippet":"max-snippet:-1","max-image-preview":"max-image-preview:large","max-video-preview":"max-video-preview:-1"},"canonical":"https:\/\/noticiaempauta.com\/portal\/camara-municipal-de-picos-promove-palestra-motivacional-e-capacitacao-para-servidores\/","og_locale":"pt_BR","og_type":"article","og_title":"C\u00e2mara Municipal de Picos promove palestra motivacional e capacita\u00e7\u00e3o para servidores","og_description":"A C\u00e2mara Municipal de Picos, por meio de seu presidente, vereador Eriberto Barros, realizou na manh\u00e3 desta ter\u00e7a-feira, 04 de junho, um encontro com servidores da Casa Legislativa, no qual foi ministrada uma palestra motivacional no Plen\u00e1rio Ver. Pedro Barbosa da Silva. O professor Mury Campos foi quem ministrou a palestra motivacional, com o tema [&hellip;]","og_url":"https:\/\/noticiaempauta.com\/portal\/camara-municipal-de-picos-promove-palestra-motivacional-e-capacitacao-para-servidores\/","og_site_name":"Portal Not\u00edcia em Pauta","article_publisher":"https:\/\/www.facebook.com\/Portal-Notcia-Em-Pauta-102292869264820\/","article_published_time":"2024-06-05T14:01:24+00:00","article_modified_time":"2024-06-05T14:01:26+00:00","og_image":[{"width":1170,"height":820,"url":"https:\/\/noticiaempauta.com\/portal\/wp-content\/uploads\/2024\/06\/WhatsApp-Image-2024-06-05-at-10.58.48.jpeg","type":"image\/jpeg"}],"author":"Reda\u00e7\u00e3o","twitter_card":"summary_large_image","twitter_misc":{"Escrito por":"Reda\u00e7\u00e3o","Est. tempo de leitura":"3 minutos"},"schema":{"@context":"https:\/\/schema.org","@graph":[{"@type":"Article","@id":"https:\/\/noticiaempauta.com\/portal\/camara-municipal-de-picos-promove-palestra-motivacional-e-capacitacao-para-servidores\/#article","isPartOf":{"@id":"https:\/\/noticiaempauta.com\/portal\/camara-municipal-de-picos-promove-palestra-motivacional-e-capacitacao-para-servidores\/"},"author":{"name":"Reda\u00e7\u00e3o","@id":"https:\/\/noticiaempauta.com\/portal\/#\/schema\/person\/a74af43dd1ab3deca45f988c717d57ac"},"headline":"C\u00e2mara Municipal de Picos promove palestra motivacional e capacita\u00e7\u00e3o para servidores","datePublished":"2024-06-05T14:01:24+00:00","dateModified":"2024-06-05T14:01:26+00:00","mainEntityOfPage":{"@id":"https:\/\/noticiaempauta.com\/portal\/camara-municipal-de-picos-promove-palestra-motivacional-e-capacitacao-para-servidores\/"},"wordCount":281,"commentCount":0,"publisher":{"@id":"https:\/\/noticiaempauta.com\/portal\/#organization"},"image":{"@id":"https:\/\/noticiaempauta.com\/portal\/camara-municipal-de-picos-promove-palestra-motivacional-e-capacitacao-para-servidores\/#primaryimage"},"thumbnailUrl":"https:\/\/noticiaempauta.com\/portal\/wp-content\/uploads\/2024\/06\/WhatsApp-Image-2024-06-05-at-10.58.48.jpeg","keywords":["destaqueprincipal"],"articleSection":["Destaques","Geral","Todas as Not\u00edcias"],"inLanguage":"pt-BR","potentialAction":[{"@type":"CommentAction","name":"Comment","target":["https:\/\/noticiaempauta.com\/portal\/camara-municipal-de-picos-promove-palestra-motivacional-e-capacitacao-para-servidores\/#respond"]}]},{"@type":"WebPage","@id":"https:\/\/noticiaempauta.com\/portal\/camara-municipal-de-picos-promove-palestra-motivacional-e-capacitacao-para-servidores\/","url":"https:\/\/noticiaempauta.com\/portal\/camara-municipal-de-picos-promove-palestra-motivacional-e-capacitacao-para-servidores\/","name":"C\u00e2mara Municipal de Picos promove palestra motivacional e capacita\u00e7\u00e3o para servidores - Portal Not\u00edcia em Pauta","isPartOf":{"@id":"https:\/\/noticiaempauta.com\/portal\/#website"},"primaryImageOfPage":{"@id":"https:\/\/noticiaempauta.com\/portal\/camara-municipal-de-picos-promove-palestra-motivacional-e-capacitacao-para-servidores\/#primaryimage"},"image":{"@id":"https:\/\/noticiaempauta.com\/portal\/camara-municipal-de-picos-promove-palestra-motivacional-e-capacitacao-para-servidores\/#primaryimage"},"thumbnailUrl":"https:\/\/noticiaempauta.com\/portal\/wp-content\/uploads\/2024\/06\/WhatsApp-Image-2024-06-05-at-10.58.48.jpeg","datePublished":"2024-06-05T14:01:24+00:00","dateModified":"2024-06-05T14:01:26+00:00","breadcrumb":{"@id":"https:\/\/noticiaempauta.com\/portal\/camara-municipal-de-picos-promove-palestra-motivacional-e-capacitacao-para-servidores\/#breadcrumb"},"inLanguage":"pt-BR","potentialAction":[{"@type":"ReadAction","target":["https:\/\/noticiaempauta.com\/portal\/camara-municipal-de-picos-promove-palestra-motivacional-e-capacitacao-para-servidores\/"]}]},{"@type":"ImageObject","inLanguage":"pt-BR","@id":"https:\/\/noticiaempauta.com\/portal\/camara-municipal-de-picos-promove-palestra-motivacional-e-capacitacao-para-servidores\/#primaryimage","url":"https:\/\/noticiaempauta.com\/portal\/wp-content\/uploads\/2024\/06\/WhatsApp-Image-2024-06-05-at-10.58.48.jpeg","contentUrl":"https:\/\/noticiaempauta.com\/portal\/wp-content\/uploads\/2024\/06\/WhatsApp-Image-2024-06-05-at-10.58.48.jpeg","width":1170,"height":820},{"@type":"BreadcrumbList","@id":"https:\/\/noticiaempauta.com\/portal\/camara-municipal-de-picos-promove-palestra-motivacional-e-capacitacao-para-servidores\/#breadcrumb","itemListElement":[{"@type":"ListItem","position":1,"name":"P\u00e1gina Inicial","item":"https:\/\/noticiaempauta.com\/portal\/"},{"@type":"ListItem","position":2,"name":"Destaques","item":"https:\/\/noticiaempauta.com\/portal\/destaques-site\/"},{"@type":"ListItem","position":3,"name":"C\u00e2mara Municipal de Picos promove palestra motivacional e capacita\u00e7\u00e3o para servidores"}]},{"@type":"WebSite","@id":"https:\/\/noticiaempauta.com\/portal\/#website","url":"https:\/\/noticiaempauta.com\/portal\/","name":"Portal Not\u00edcia em Pauta","description":"Voc\u00ea bem informado","publisher":{"@id":"https:\/\/noticiaempauta.com\/portal\/#organization"},"potentialAction":[{"@type":"SearchAction","target":{"@type":"EntryPoint","urlTemplate":"https:\/\/noticiaempauta.com\/portal\/?s={search_term_string}"},"query-input":{"@type":"PropertyValueSpecification","valueRequired":true,"valueName":"search_term_string"}}],"inLanguage":"pt-BR"},{"@type":"Organization","@id":"https:\/\/noticiaempauta.com\/portal\/#organization","name":"Portal Not\u00edcia em Pauta","url":"https:\/\/noticiaempauta.com\/portal\/","logo":{"@type":"ImageObject","inLanguage":"pt-BR","@id":"https:\/\/noticiaempauta.com\/portal\/#\/schema\/logo\/image\/","url":"https:\/\/noticiaempauta.com\/portal\/wp-content\/uploads\/2022\/08\/logomarca_tema.fw_.png","contentUrl":"https:\/\/noticiaempauta.com\/portal\/wp-content\/uploads\/2022\/08\/logomarca_tema.fw_.png","width":400,"height":232,"caption":"Portal Not\u00edcia em Pauta"},"image":{"@id":"https:\/\/noticiaempauta.com\/portal\/#\/schema\/logo\/image\/"},"sameAs":["https:\/\/www.facebook.com\/Portal-Notcia-Em-Pauta-102292869264820\/","https:\/\/www.instagram.com\/portalnoticiaempauta\/"]},{"@type":"Person","@id":"https:\/\/noticiaempauta.com\/portal\/#\/schema\/person\/a74af43dd1ab3deca45f988c717d57ac","name":"Reda\u00e7\u00e3o","image":{"@type":"ImageObject","inLanguage":"pt-BR","@id":"https:\/\/noticiaempauta.com\/portal\/#\/schema\/person\/image\/","url":"https:\/\/secure.gravatar.com\/avatar\/03179346ecce6cdfc13361603e8f54242a90e5cde8618fa23c5c00aa2b0aadf3?s=96&d=mm&r=g","contentUrl":"https:\/\/secure.gravatar.com\/avatar\/03179346ecce6cdfc13361603e8f54242a90e5cde8618fa23c5c00aa2b0aadf3?s=96&d=mm&r=g","caption":"Reda\u00e7\u00e3o"},"sameAs":["https:\/\/noticiaempauta.com\/portal\/"],"url":"https:\/\/noticiaempauta.com\/portal\/author\/fernando\/"}]}},"_links":{"self":[{"href":"https:\/\/noticiaempauta.com\/portal\/wp-json\/wp\/v2\/posts\/258563","targetHints":{"allow":["GET"]}}],"collection":[{"href":"https:\/\/noticiaempauta.com\/portal\/wp-json\/wp\/v2\/posts"}],"about":[{"href":"https:\/\/noticiaempauta.com\/portal\/wp-json\/wp\/v2\/types\/post"}],"author":[{"embeddable":true,"href":"https:\/\/noticiaempauta.com\/portal\/wp-json\/wp\/v2\/users\/2"}],"replies":[{"embeddable":true,"href":"https:\/\/noticiaempauta.com\/portal\/wp-json\/wp\/v2\/comments?post=258563"}],"version-history":[{"count":2,"href":"https:\/\/noticiaempauta.com\/portal\/wp-json\/wp\/v2\/posts\/258563\/revisions"}],"predecessor-version":[{"id":258570,"href":"https:\/\/noticiaempauta.com\/portal\/wp-json\/wp\/v2\/posts\/258563\/revisions\/258570"}],"wp:featuredmedia":[{"embeddable":true,"href":"https:\/\/noticiaempauta.com\/portal\/wp-json\/wp\/v2\/media\/258564"}],"wp:attachment":[{"href":"https:\/\/noticiaempauta.com\/portal\/wp-json\/wp\/v2\/media?parent=258563"}],"wp:term":[{"taxonomy":"category","embeddable":true,"href":"https:\/\/noticiaempauta.com\/portal\/wp-json\/wp\/v2\/categories?post=258563"},{"taxonomy":"post_tag","embeddable":true,"href":"https:\/\/noticiaempauta.com\/portal\/wp-json\/wp\/v2\/tags?post=258563"}],"curies":[{"name":"wp","href":"https:\/\/api.w.org\/{rel}","templated":true}]}}