{"id":258574,"date":"2024-06-06T09:17:38","date_gmt":"2024-06-06T12:17:38","guid":{"rendered":"https:\/\/noticiaempauta.com\/portal\/?p=258574"},"modified":"2024-06-06T09:17:39","modified_gmt":"2024-06-06T12:17:39","slug":"senado-aprova-taxacao-de-compras-internacionais-de-ate-us-50","status":"publish","type":"post","link":"https:\/\/noticiaempauta.com\/portal\/senado-aprova-taxacao-de-compras-internacionais-de-ate-us-50\/","title":{"rendered":"Senado aprova taxa\u00e7\u00e3o de compras internacionais de at\u00e9 US$ 50"},"content":{"rendered":"\n<p>Em uma decis\u00e3o significativa, o Senado aprovou nesta quarta-feira (5) a taxa\u00e7\u00e3o de compras internacionais de at\u00e9 US$ 50. A nova taxa de 20% sobre essas vendas, popularmente conhecida como\u00a0&#8220;taxa das blusinhas&#8221;, afetar\u00e1 diretamente os consumidores de sites estrangeiros como Shopee, Shein e AliExpress.<\/p>\n\n\n\n<figure class=\"wp-block-image size-full\"><img fetchpriority=\"high\" decoding=\"async\" width=\"860\" height=\"570\" src=\"https:\/\/noticiaempauta.com\/portal\/wp-content\/uploads\/2024\/06\/senadoplenario.jpeg\" alt=\"\" class=\"wp-image-258575\" srcset=\"https:\/\/noticiaempauta.com\/portal\/wp-content\/uploads\/2024\/06\/senadoplenario.jpeg 860w, https:\/\/noticiaempauta.com\/portal\/wp-content\/uploads\/2024\/06\/senadoplenario-300x199.jpeg 300w, https:\/\/noticiaempauta.com\/portal\/wp-content\/uploads\/2024\/06\/senadoplenario-768x509.jpeg 768w\" sizes=\"(max-width: 860px) 100vw, 860px\" \/><\/figure>\n\n\n\n<h3 class=\"wp-block-heading\">APROVA\u00c7\u00c3O SIMB\u00d3LICA E EFEITO ELEITORAL<\/h3>\n\n\n\n<p><strong>A aprova\u00e7\u00e3o da taxa\u00e7\u00e3o foi simb\u00f3lica, sem registro de votos no painel eletr\u00f4nico,<\/strong>&nbsp;resultado de um acordo entre a base governista e a oposi\u00e7\u00e3o. Essa estrat\u00e9gia visou evitar desgaste dos senadores em um ano de elei\u00e7\u00e3o municipal, protegendo-os das rea\u00e7\u00f5es tanto dos consumidores de lojas virtuais estrangeiras quanto da ind\u00fastria nacional, que busca equipara\u00e7\u00e3o na carga tribut\u00e1ria.<\/p>\n\n\n\n<h3 class=\"wp-block-heading\">TRAMITA\u00c7\u00c3O&nbsp;<\/h3>\n\n\n\n<p>A taxa\u00e7\u00e3o foi inclu\u00edda durante a tramita\u00e7\u00e3o na C\u00e2mara dos Deputados\u00a0em um projeto com objetivo distinto: a cria\u00e7\u00e3o do\u00a0Programa Mobilidade Verde e Inova\u00e7\u00e3o (Mover), voltado para reduzir as emiss\u00f5es de carbono na ind\u00fastria automobil\u00edstica at\u00e9 2030.\u00a0A C\u00e2mara precisar\u00e1 deliberar novamente apenas sobre pontos alterados pelo Senado,\u00a0mas a parte referente \u00e0 taxa\u00e7\u00e3o segue diretamente para san\u00e7\u00e3o do presidente Lula, que poder\u00e1 manter ou vetar a medida.<\/p>\n\n\n\n<h3 class=\"wp-block-heading\">DEBATE NO SENADO E IMPLICA\u00c7\u00d5ES PARA O VAREJO<\/h3>\n\n\n\n<p>Uma vota\u00e7\u00e3o separada sobre a &#8220;taxa das blusinhas&#8221; foi necess\u00e1ria no Senado porque o relator,\u00a0<strong>Rodrigo Cunha (Podemos-AL),\u00a0<\/strong>havia inicialmente exclu\u00eddo a medida do texto. No entanto, a proposta de reintroduzir o imposto sobre as vendas de lojas estrangeiras venceu a vota\u00e7\u00e3o.<\/p>\n\n\n\n<p>Atualmente, produtos de lojas internacionais n\u00e3o s\u00e3o submetidos ao imposto de importa\u00e7\u00e3o, o que frequentemente os torna mais baratos que os nacionais. Sobre compras abaixo de US$ 50, incide apenas o Imposto Sobre Circula\u00e7\u00e3o de Mercadorias e Servi\u00e7os (ICMS) estadual, com al\u00edquota de 17%.<\/p>\n\n\n\n<h3 class=\"wp-block-heading\">POL\u00caMICA E REA\u00c7\u00d5ES<\/h3>\n\n\n\n<p>A taxa\u00e7\u00e3o das &#8220;blusinhas&#8221; gerou pol\u00eamica, especialmente entre consumidores que compram em sites chineses. O varejo interno defende a medida para evitar concorr\u00eancia desleal. Contudo, a medida \u00e9 impopular entre a popula\u00e7\u00e3o, tendo sido criticada at\u00e9 pela primeira-dama Janja da Silva, que defendeu a isen\u00e7\u00e3o desses produtos.<\/p>\n\n\n\n<h3 class=\"wp-block-heading\">CONTEXTO POL\u00cdTICO<\/h3>\n\n\n\n<p>O presidente da C\u00e2mara, Arthur Lira (PP-AL),\u00a0apoiou a taxa\u00e7\u00e3o e expressou insatisfa\u00e7\u00e3o quando a vota\u00e7\u00e3o foi adiada no Senado por falta de consenso. Lira sugeriu que, se a taxa\u00e7\u00e3o n\u00e3o fosse aprovada, o projeto Mover poderia ser comprometido.<\/p>\n\n\n\n<p>O tema tamb\u00e9m influenciou a pol\u00edtica local em Alagoas, com movimenta\u00e7\u00f5es estrat\u00e9gicas envolvendo a elei\u00e7\u00e3o municipal e alian\u00e7as pol\u00edticas.<\/p>\n\n\n\n<h3 class=\"wp-block-heading\">PROJETO MOVER<\/h3>\n\n\n\n<p>Al\u00e9m da taxa\u00e7\u00e3o, o Senado aprovou o Programa Mobilidade Verde e Inova\u00e7\u00e3o (Mover), focado em reduzir as emiss\u00f5es de carbono na ind\u00fastria automobil\u00edstica at\u00e9 2030. O programa prev\u00ea benef\u00edcios fiscais para empresas que investirem em tecnologias sustent\u00e1veis e estabelece novas obriga\u00e7\u00f5es ambientais para a venda de ve\u00edculos no pa\u00eds.<\/p>\n\n\n\n<p>Empresas que investirem em pesquisa e desenvolvimento de tecnologias sustent\u00e1veis poder\u00e3o receber cr\u00e9ditos financeiros. O governo federal poder\u00e1 impor obriga\u00e7\u00f5es ambientais para a comercializa\u00e7\u00e3o de ve\u00edculos novos, levando em considera\u00e7\u00e3o efici\u00eancia energ\u00e9tica e reciclabilidade, com penalidades para descumprimento.<\/p>\n\n\n\n<p>A proposta tamb\u00e9m introduz um Imposto sobre\u00a0Produtos Industrializados (IPI)\u00a0\u201cverde&#8221;, ajustando a al\u00edquota com base no impacto ambiental dos ve\u00edculos.<\/p>\n\n\n\n<p><em><strong>Fonte: Meio News<\/strong><\/em><\/p>\n","protected":false},"excerpt":{"rendered":"<p>A nova taxa de 20% sobre essas vendas, popularmente conhecida como \u201ctaxa das blusinhas\u201d, afetar\u00e1 diretamente os consumidores de sites estrangeiros.<\/p>\n","protected":false},"author":2,"featured_media":258575,"comment_status":"open","ping_status":"open","sticky":false,"template":"","format":"standard","meta":{"_mi_skip_tracking":false,"footnotes":""},"categories":[25,6,1,16],"tags":[192],"class_list":["post-258574","post","type-post","status-publish","format-standard","has-post-thumbnail","hentry","category-destaques-site","category-economia","category-geral","category-todas","tag-destaqueprincipal"],"acf":[],"yoast_head":"<!-- This site is optimized with the Yoast SEO Premium plugin v19.2 (Yoast SEO v26.9) - https:\/\/yoast.com\/product\/yoast-seo-premium-wordpress\/ -->\n<title>Senado aprova taxa\u00e7\u00e3o de compras internacionais de at\u00e9 US$ 50 - Portal Not\u00edcia em Pauta<\/title>\n<meta name=\"robots\" content=\"index, follow, max-snippet:-1, max-image-preview:large, max-video-preview:-1\" \/>\n<link rel=\"canonical\" href=\"https:\/\/noticiaempauta.com\/portal\/senado-aprova-taxacao-de-compras-internacionais-de-ate-us-50\/\" \/>\n<meta property=\"og:locale\" content=\"pt_BR\" \/>\n<meta property=\"og:type\" content=\"article\" \/>\n<meta property=\"og:title\" content=\"Senado aprova taxa\u00e7\u00e3o de compras internacionais de at\u00e9 US$ 50\" \/>\n<meta property=\"og:description\" content=\"A nova taxa de 20% sobre essas vendas, popularmente conhecida como \u201ctaxa das blusinhas\u201d, afetar\u00e1 diretamente os consumidores de sites estrangeiros.\" \/>\n<meta property=\"og:url\" content=\"https:\/\/noticiaempauta.com\/portal\/senado-aprova-taxacao-de-compras-internacionais-de-ate-us-50\/\" \/>\n<meta property=\"og:site_name\" content=\"Portal Not\u00edcia em Pauta\" \/>\n<meta property=\"article:publisher\" content=\"https:\/\/www.facebook.com\/Portal-Notcia-Em-Pauta-102292869264820\/\" \/>\n<meta property=\"article:published_time\" content=\"2024-06-06T12:17:38+00:00\" \/>\n<meta property=\"article:modified_time\" content=\"2024-06-06T12:17:39+00:00\" \/>\n<meta property=\"og:image\" content=\"https:\/\/noticiaempauta.com\/portal\/wp-content\/uploads\/2024\/06\/senadoplenario.jpeg\" \/>\n\t<meta property=\"og:image:width\" content=\"860\" \/>\n\t<meta property=\"og:image:height\" content=\"570\" \/>\n\t<meta property=\"og:image:type\" content=\"image\/jpeg\" \/>\n<meta name=\"author\" content=\"Reda\u00e7\u00e3o\" \/>\n<meta name=\"twitter:card\" content=\"summary_large_image\" \/>\n<meta name=\"twitter:label1\" content=\"Escrito por\" \/>\n\t<meta name=\"twitter:data1\" content=\"Reda\u00e7\u00e3o\" \/>\n\t<meta name=\"twitter:label2\" content=\"Est. tempo de leitura\" \/>\n\t<meta name=\"twitter:data2\" content=\"4 minutos\" \/>\n<script type=\"application\/ld+json\" class=\"yoast-schema-graph\">{\"@context\":\"https:\/\/schema.org\",\"@graph\":[{\"@type\":\"Article\",\"@id\":\"https:\/\/noticiaempauta.com\/portal\/senado-aprova-taxacao-de-compras-internacionais-de-ate-us-50\/#article\",\"isPartOf\":{\"@id\":\"https:\/\/noticiaempauta.com\/portal\/senado-aprova-taxacao-de-compras-internacionais-de-ate-us-50\/\"},\"author\":{\"name\":\"Reda\u00e7\u00e3o\",\"@id\":\"https:\/\/noticiaempauta.com\/portal\/#\/schema\/person\/a74af43dd1ab3deca45f988c717d57ac\"},\"headline\":\"Senado aprova taxa\u00e7\u00e3o de compras internacionais de at\u00e9 US$ 50\",\"datePublished\":\"2024-06-06T12:17:38+00:00\",\"dateModified\":\"2024-06-06T12:17:39+00:00\",\"mainEntityOfPage\":{\"@id\":\"https:\/\/noticiaempauta.com\/portal\/senado-aprova-taxacao-de-compras-internacionais-de-ate-us-50\/\"},\"wordCount\":580,\"commentCount\":0,\"publisher\":{\"@id\":\"https:\/\/noticiaempauta.com\/portal\/#organization\"},\"image\":{\"@id\":\"https:\/\/noticiaempauta.com\/portal\/senado-aprova-taxacao-de-compras-internacionais-de-ate-us-50\/#primaryimage\"},\"thumbnailUrl\":\"https:\/\/noticiaempauta.com\/portal\/wp-content\/uploads\/2024\/06\/senadoplenario.jpeg\",\"keywords\":[\"destaqueprincipal\"],\"articleSection\":[\"Destaques\",\"Economia\",\"Geral\",\"Todas as Not\u00edcias\"],\"inLanguage\":\"pt-BR\",\"potentialAction\":[{\"@type\":\"CommentAction\",\"name\":\"Comment\",\"target\":[\"https:\/\/noticiaempauta.com\/portal\/senado-aprova-taxacao-de-compras-internacionais-de-ate-us-50\/#respond\"]}]},{\"@type\":\"WebPage\",\"@id\":\"https:\/\/noticiaempauta.com\/portal\/senado-aprova-taxacao-de-compras-internacionais-de-ate-us-50\/\",\"url\":\"https:\/\/noticiaempauta.com\/portal\/senado-aprova-taxacao-de-compras-internacionais-de-ate-us-50\/\",\"name\":\"Senado aprova taxa\u00e7\u00e3o de compras internacionais de at\u00e9 US$ 50 - Portal Not\u00edcia em Pauta\",\"isPartOf\":{\"@id\":\"https:\/\/noticiaempauta.com\/portal\/#website\"},\"primaryImageOfPage\":{\"@id\":\"https:\/\/noticiaempauta.com\/portal\/senado-aprova-taxacao-de-compras-internacionais-de-ate-us-50\/#primaryimage\"},\"image\":{\"@id\":\"https:\/\/noticiaempauta.com\/portal\/senado-aprova-taxacao-de-compras-internacionais-de-ate-us-50\/#primaryimage\"},\"thumbnailUrl\":\"https:\/\/noticiaempauta.com\/portal\/wp-content\/uploads\/2024\/06\/senadoplenario.jpeg\",\"datePublished\":\"2024-06-06T12:17:38+00:00\",\"dateModified\":\"2024-06-06T12:17:39+00:00\",\"breadcrumb\":{\"@id\":\"https:\/\/noticiaempauta.com\/portal\/senado-aprova-taxacao-de-compras-internacionais-de-ate-us-50\/#breadcrumb\"},\"inLanguage\":\"pt-BR\",\"potentialAction\":[{\"@type\":\"ReadAction\",\"target\":[\"https:\/\/noticiaempauta.com\/portal\/senado-aprova-taxacao-de-compras-internacionais-de-ate-us-50\/\"]}]},{\"@type\":\"ImageObject\",\"inLanguage\":\"pt-BR\",\"@id\":\"https:\/\/noticiaempauta.com\/portal\/senado-aprova-taxacao-de-compras-internacionais-de-ate-us-50\/#primaryimage\",\"url\":\"https:\/\/noticiaempauta.com\/portal\/wp-content\/uploads\/2024\/06\/senadoplenario.jpeg\",\"contentUrl\":\"https:\/\/noticiaempauta.com\/portal\/wp-content\/uploads\/2024\/06\/senadoplenario.jpeg\",\"width\":860,\"height\":570},{\"@type\":\"BreadcrumbList\",\"@id\":\"https:\/\/noticiaempauta.com\/portal\/senado-aprova-taxacao-de-compras-internacionais-de-ate-us-50\/#breadcrumb\",\"itemListElement\":[{\"@type\":\"ListItem\",\"position\":1,\"name\":\"P\u00e1gina Inicial\",\"item\":\"https:\/\/noticiaempauta.com\/portal\/\"},{\"@type\":\"ListItem\",\"position\":2,\"name\":\"Destaques\",\"item\":\"https:\/\/noticiaempauta.com\/portal\/destaques-site\/\"},{\"@type\":\"ListItem\",\"position\":3,\"name\":\"Senado aprova taxa\u00e7\u00e3o de compras internacionais de at\u00e9 US$ 50\"}]},{\"@type\":\"WebSite\",\"@id\":\"https:\/\/noticiaempauta.com\/portal\/#website\",\"url\":\"https:\/\/noticiaempauta.com\/portal\/\",\"name\":\"Portal Not\u00edcia em Pauta\",\"description\":\"Voc\u00ea bem informado\",\"publisher\":{\"@id\":\"https:\/\/noticiaempauta.com\/portal\/#organization\"},\"potentialAction\":[{\"@type\":\"SearchAction\",\"target\":{\"@type\":\"EntryPoint\",\"urlTemplate\":\"https:\/\/noticiaempauta.com\/portal\/?s={search_term_string}\"},\"query-input\":{\"@type\":\"PropertyValueSpecification\",\"valueRequired\":true,\"valueName\":\"search_term_string\"}}],\"inLanguage\":\"pt-BR\"},{\"@type\":\"Organization\",\"@id\":\"https:\/\/noticiaempauta.com\/portal\/#organization\",\"name\":\"Portal Not\u00edcia em Pauta\",\"url\":\"https:\/\/noticiaempauta.com\/portal\/\",\"logo\":{\"@type\":\"ImageObject\",\"inLanguage\":\"pt-BR\",\"@id\":\"https:\/\/noticiaempauta.com\/portal\/#\/schema\/logo\/image\/\",\"url\":\"https:\/\/noticiaempauta.com\/portal\/wp-content\/uploads\/2022\/08\/logomarca_tema.fw_.png\",\"contentUrl\":\"https:\/\/noticiaempauta.com\/portal\/wp-content\/uploads\/2022\/08\/logomarca_tema.fw_.png\",\"width\":400,\"height\":232,\"caption\":\"Portal Not\u00edcia em Pauta\"},\"image\":{\"@id\":\"https:\/\/noticiaempauta.com\/portal\/#\/schema\/logo\/image\/\"},\"sameAs\":[\"https:\/\/www.facebook.com\/Portal-Notcia-Em-Pauta-102292869264820\/\",\"https:\/\/www.instagram.com\/portalnoticiaempauta\/\"]},{\"@type\":\"Person\",\"@id\":\"https:\/\/noticiaempauta.com\/portal\/#\/schema\/person\/a74af43dd1ab3deca45f988c717d57ac\",\"name\":\"Reda\u00e7\u00e3o\",\"image\":{\"@type\":\"ImageObject\",\"inLanguage\":\"pt-BR\",\"@id\":\"https:\/\/noticiaempauta.com\/portal\/#\/schema\/person\/image\/\",\"url\":\"https:\/\/secure.gravatar.com\/avatar\/03179346ecce6cdfc13361603e8f54242a90e5cde8618fa23c5c00aa2b0aadf3?s=96&d=mm&r=g\",\"contentUrl\":\"https:\/\/secure.gravatar.com\/avatar\/03179346ecce6cdfc13361603e8f54242a90e5cde8618fa23c5c00aa2b0aadf3?s=96&d=mm&r=g\",\"caption\":\"Reda\u00e7\u00e3o\"},\"sameAs\":[\"https:\/\/noticiaempauta.com\/portal\/\"],\"url\":\"https:\/\/noticiaempauta.com\/portal\/author\/fernando\/\"}]}<\/script>\n<!-- \/ Yoast SEO Premium plugin. -->","yoast_head_json":{"title":"Senado aprova taxa\u00e7\u00e3o de compras internacionais de at\u00e9 US$ 50 - Portal Not\u00edcia em Pauta","robots":{"index":"index","follow":"follow","max-snippet":"max-snippet:-1","max-image-preview":"max-image-preview:large","max-video-preview":"max-video-preview:-1"},"canonical":"https:\/\/noticiaempauta.com\/portal\/senado-aprova-taxacao-de-compras-internacionais-de-ate-us-50\/","og_locale":"pt_BR","og_type":"article","og_title":"Senado aprova taxa\u00e7\u00e3o de compras internacionais de at\u00e9 US$ 50","og_description":"A nova taxa de 20% sobre essas vendas, popularmente conhecida como \u201ctaxa das blusinhas\u201d, afetar\u00e1 diretamente os consumidores de sites estrangeiros.","og_url":"https:\/\/noticiaempauta.com\/portal\/senado-aprova-taxacao-de-compras-internacionais-de-ate-us-50\/","og_site_name":"Portal Not\u00edcia em Pauta","article_publisher":"https:\/\/www.facebook.com\/Portal-Notcia-Em-Pauta-102292869264820\/","article_published_time":"2024-06-06T12:17:38+00:00","article_modified_time":"2024-06-06T12:17:39+00:00","og_image":[{"width":860,"height":570,"url":"https:\/\/noticiaempauta.com\/portal\/wp-content\/uploads\/2024\/06\/senadoplenario.jpeg","type":"image\/jpeg"}],"author":"Reda\u00e7\u00e3o","twitter_card":"summary_large_image","twitter_misc":{"Escrito por":"Reda\u00e7\u00e3o","Est. tempo de leitura":"4 minutos"},"schema":{"@context":"https:\/\/schema.org","@graph":[{"@type":"Article","@id":"https:\/\/noticiaempauta.com\/portal\/senado-aprova-taxacao-de-compras-internacionais-de-ate-us-50\/#article","isPartOf":{"@id":"https:\/\/noticiaempauta.com\/portal\/senado-aprova-taxacao-de-compras-internacionais-de-ate-us-50\/"},"author":{"name":"Reda\u00e7\u00e3o","@id":"https:\/\/noticiaempauta.com\/portal\/#\/schema\/person\/a74af43dd1ab3deca45f988c717d57ac"},"headline":"Senado aprova taxa\u00e7\u00e3o de compras internacionais de at\u00e9 US$ 50","datePublished":"2024-06-06T12:17:38+00:00","dateModified":"2024-06-06T12:17:39+00:00","mainEntityOfPage":{"@id":"https:\/\/noticiaempauta.com\/portal\/senado-aprova-taxacao-de-compras-internacionais-de-ate-us-50\/"},"wordCount":580,"commentCount":0,"publisher":{"@id":"https:\/\/noticiaempauta.com\/portal\/#organization"},"image":{"@id":"https:\/\/noticiaempauta.com\/portal\/senado-aprova-taxacao-de-compras-internacionais-de-ate-us-50\/#primaryimage"},"thumbnailUrl":"https:\/\/noticiaempauta.com\/portal\/wp-content\/uploads\/2024\/06\/senadoplenario.jpeg","keywords":["destaqueprincipal"],"articleSection":["Destaques","Economia","Geral","Todas as Not\u00edcias"],"inLanguage":"pt-BR","potentialAction":[{"@type":"CommentAction","name":"Comment","target":["https:\/\/noticiaempauta.com\/portal\/senado-aprova-taxacao-de-compras-internacionais-de-ate-us-50\/#respond"]}]},{"@type":"WebPage","@id":"https:\/\/noticiaempauta.com\/portal\/senado-aprova-taxacao-de-compras-internacionais-de-ate-us-50\/","url":"https:\/\/noticiaempauta.com\/portal\/senado-aprova-taxacao-de-compras-internacionais-de-ate-us-50\/","name":"Senado aprova taxa\u00e7\u00e3o de compras internacionais de at\u00e9 US$ 50 - Portal Not\u00edcia em Pauta","isPartOf":{"@id":"https:\/\/noticiaempauta.com\/portal\/#website"},"primaryImageOfPage":{"@id":"https:\/\/noticiaempauta.com\/portal\/senado-aprova-taxacao-de-compras-internacionais-de-ate-us-50\/#primaryimage"},"image":{"@id":"https:\/\/noticiaempauta.com\/portal\/senado-aprova-taxacao-de-compras-internacionais-de-ate-us-50\/#primaryimage"},"thumbnailUrl":"https:\/\/noticiaempauta.com\/portal\/wp-content\/uploads\/2024\/06\/senadoplenario.jpeg","datePublished":"2024-06-06T12:17:38+00:00","dateModified":"2024-06-06T12:17:39+00:00","breadcrumb":{"@id":"https:\/\/noticiaempauta.com\/portal\/senado-aprova-taxacao-de-compras-internacionais-de-ate-us-50\/#breadcrumb"},"inLanguage":"pt-BR","potentialAction":[{"@type":"ReadAction","target":["https:\/\/noticiaempauta.com\/portal\/senado-aprova-taxacao-de-compras-internacionais-de-ate-us-50\/"]}]},{"@type":"ImageObject","inLanguage":"pt-BR","@id":"https:\/\/noticiaempauta.com\/portal\/senado-aprova-taxacao-de-compras-internacionais-de-ate-us-50\/#primaryimage","url":"https:\/\/noticiaempauta.com\/portal\/wp-content\/uploads\/2024\/06\/senadoplenario.jpeg","contentUrl":"https:\/\/noticiaempauta.com\/portal\/wp-content\/uploads\/2024\/06\/senadoplenario.jpeg","width":860,"height":570},{"@type":"BreadcrumbList","@id":"https:\/\/noticiaempauta.com\/portal\/senado-aprova-taxacao-de-compras-internacionais-de-ate-us-50\/#breadcrumb","itemListElement":[{"@type":"ListItem","position":1,"name":"P\u00e1gina Inicial","item":"https:\/\/noticiaempauta.com\/portal\/"},{"@type":"ListItem","position":2,"name":"Destaques","item":"https:\/\/noticiaempauta.com\/portal\/destaques-site\/"},{"@type":"ListItem","position":3,"name":"Senado aprova taxa\u00e7\u00e3o de compras internacionais de at\u00e9 US$ 50"}]},{"@type":"WebSite","@id":"https:\/\/noticiaempauta.com\/portal\/#website","url":"https:\/\/noticiaempauta.com\/portal\/","name":"Portal Not\u00edcia em Pauta","description":"Voc\u00ea bem informado","publisher":{"@id":"https:\/\/noticiaempauta.com\/portal\/#organization"},"potentialAction":[{"@type":"SearchAction","target":{"@type":"EntryPoint","urlTemplate":"https:\/\/noticiaempauta.com\/portal\/?s={search_term_string}"},"query-input":{"@type":"PropertyValueSpecification","valueRequired":true,"valueName":"search_term_string"}}],"inLanguage":"pt-BR"},{"@type":"Organization","@id":"https:\/\/noticiaempauta.com\/portal\/#organization","name":"Portal Not\u00edcia em Pauta","url":"https:\/\/noticiaempauta.com\/portal\/","logo":{"@type":"ImageObject","inLanguage":"pt-BR","@id":"https:\/\/noticiaempauta.com\/portal\/#\/schema\/logo\/image\/","url":"https:\/\/noticiaempauta.com\/portal\/wp-content\/uploads\/2022\/08\/logomarca_tema.fw_.png","contentUrl":"https:\/\/noticiaempauta.com\/portal\/wp-content\/uploads\/2022\/08\/logomarca_tema.fw_.png","width":400,"height":232,"caption":"Portal Not\u00edcia em Pauta"},"image":{"@id":"https:\/\/noticiaempauta.com\/portal\/#\/schema\/logo\/image\/"},"sameAs":["https:\/\/www.facebook.com\/Portal-Notcia-Em-Pauta-102292869264820\/","https:\/\/www.instagram.com\/portalnoticiaempauta\/"]},{"@type":"Person","@id":"https:\/\/noticiaempauta.com\/portal\/#\/schema\/person\/a74af43dd1ab3deca45f988c717d57ac","name":"Reda\u00e7\u00e3o","image":{"@type":"ImageObject","inLanguage":"pt-BR","@id":"https:\/\/noticiaempauta.com\/portal\/#\/schema\/person\/image\/","url":"https:\/\/secure.gravatar.com\/avatar\/03179346ecce6cdfc13361603e8f54242a90e5cde8618fa23c5c00aa2b0aadf3?s=96&d=mm&r=g","contentUrl":"https:\/\/secure.gravatar.com\/avatar\/03179346ecce6cdfc13361603e8f54242a90e5cde8618fa23c5c00aa2b0aadf3?s=96&d=mm&r=g","caption":"Reda\u00e7\u00e3o"},"sameAs":["https:\/\/noticiaempauta.com\/portal\/"],"url":"https:\/\/noticiaempauta.com\/portal\/author\/fernando\/"}]}},"_links":{"self":[{"href":"https:\/\/noticiaempauta.com\/portal\/wp-json\/wp\/v2\/posts\/258574","targetHints":{"allow":["GET"]}}],"collection":[{"href":"https:\/\/noticiaempauta.com\/portal\/wp-json\/wp\/v2\/posts"}],"about":[{"href":"https:\/\/noticiaempauta.com\/portal\/wp-json\/wp\/v2\/types\/post"}],"author":[{"embeddable":true,"href":"https:\/\/noticiaempauta.com\/portal\/wp-json\/wp\/v2\/users\/2"}],"replies":[{"embeddable":true,"href":"https:\/\/noticiaempauta.com\/portal\/wp-json\/wp\/v2\/comments?post=258574"}],"version-history":[{"count":2,"href":"https:\/\/noticiaempauta.com\/portal\/wp-json\/wp\/v2\/posts\/258574\/revisions"}],"predecessor-version":[{"id":258577,"href":"https:\/\/noticiaempauta.com\/portal\/wp-json\/wp\/v2\/posts\/258574\/revisions\/258577"}],"wp:featuredmedia":[{"embeddable":true,"href":"https:\/\/noticiaempauta.com\/portal\/wp-json\/wp\/v2\/media\/258575"}],"wp:attachment":[{"href":"https:\/\/noticiaempauta.com\/portal\/wp-json\/wp\/v2\/media?parent=258574"}],"wp:term":[{"taxonomy":"category","embeddable":true,"href":"https:\/\/noticiaempauta.com\/portal\/wp-json\/wp\/v2\/categories?post=258574"},{"taxonomy":"post_tag","embeddable":true,"href":"https:\/\/noticiaempauta.com\/portal\/wp-json\/wp\/v2\/tags?post=258574"}],"curies":[{"name":"wp","href":"https:\/\/api.w.org\/{rel}","templated":true}]}}