{"id":258578,"date":"2024-06-06T09:25:09","date_gmt":"2024-06-06T12:25:09","guid":{"rendered":"https:\/\/noticiaempauta.com\/portal\/?p=258578"},"modified":"2024-06-06T09:25:10","modified_gmt":"2024-06-06T12:25:10","slug":"em-brasilia-rafael-fonteles-visita-ministerios-para-agilizar-obras-do-pac","status":"publish","type":"post","link":"https:\/\/noticiaempauta.com\/portal\/em-brasilia-rafael-fonteles-visita-ministerios-para-agilizar-obras-do-pac\/","title":{"rendered":"Em Bras\u00edlia, Rafael Fonteles visita minist\u00e9rios para agilizar obras do PAC"},"content":{"rendered":"\n<p>O governador Rafael Fonteles cumpriu agenda em Bras\u00edlia nesta quarta-feira (5), onde participou de audi\u00eancias em diversos minist\u00e9rios, entre eles o das Cidades (MCID) e das Rela\u00e7\u00f5es Institucionais (MRI). Dentre as pautas, o chefe do Executivo Estadual tratou das obras do Novo PAC (Programa de Acelera\u00e7\u00e3o do Crescimento), como &#8220;Minha Casa, Minha Vida&#8221; e o Metr\u00f4 de Teresina, que devem injetar recursos no Piau\u00ed. Ficou acertada tamb\u00e9m a realiza\u00e7\u00e3o da Caravana Federativa no Piau\u00ed, uma a\u00e7\u00e3o que facilita o acesso de prefeituras a programas federais.<\/p>\n\n\n\n<p>Lan\u00e7ado em agosto do ano passado pelo presidente Lula, o Novo PAC prev\u00ea R$ 56,5 bilh\u00f5es em investimentos no Piau\u00ed, contemplando diversas \u00e1reas. O objetivo do governador agora \u00e9 superar os entraves burocr\u00e1ticos para garantir a execu\u00e7\u00e3o das obras com rapidez.<\/p>\n\n\n\n<figure class=\"wp-block-image size-large\"><img fetchpriority=\"high\" decoding=\"async\" width=\"1024\" height=\"684\" src=\"https:\/\/noticiaempauta.com\/portal\/wp-content\/uploads\/2024\/06\/Audiencia_com_ministro_Jader_Filho_8_ccbe10588a-1024x684.jpg\" alt=\"\" class=\"wp-image-258580\" srcset=\"https:\/\/noticiaempauta.com\/portal\/wp-content\/uploads\/2024\/06\/Audiencia_com_ministro_Jader_Filho_8_ccbe10588a-1024x684.jpg 1024w, https:\/\/noticiaempauta.com\/portal\/wp-content\/uploads\/2024\/06\/Audiencia_com_ministro_Jader_Filho_8_ccbe10588a-300x200.jpg 300w, https:\/\/noticiaempauta.com\/portal\/wp-content\/uploads\/2024\/06\/Audiencia_com_ministro_Jader_Filho_8_ccbe10588a-768x513.jpg 768w, https:\/\/noticiaempauta.com\/portal\/wp-content\/uploads\/2024\/06\/Audiencia_com_ministro_Jader_Filho_8_ccbe10588a.jpg 1280w\" sizes=\"(max-width: 1024px) 100vw, 1024px\" \/><\/figure>\n\n\n\n<p>\u201cAcelerar aquilo que depender de contrapartida do Estado, fazer o dever de casa. Al\u00e9m de estar, obviamente, presente com as equipes t\u00e9cnicas do Minist\u00e9rio, contando com o apoio important\u00edssimo dos ministros, para esses pleitos do Piau\u00ed acontecerem no tempo mais breve poss\u00edvel\u201d, ponderou Fonteles.<\/p>\n\n\n\n<p>Parte da bancada federal piauiense acompanhou a agenda com o ministro das Cidades, Jader Filho. Os deputados Castro Neto, J\u00falio C\u00e9sar e Jadyel Alencar, al\u00e9m da senadora Jussara Lima, refor\u00e7aram pleitos relacionados a obras de drenagem, intermodal e do Novo PAC Sele\u00e7\u00f5es, que realiza obras e empreendimentos para a popula\u00e7\u00e3o em \u00e1reas essenciais \u00e0 sa\u00fade, educa\u00e7\u00e3o, mobilidade, qualidade de vida e acesso a direitos, com participa\u00e7\u00e3o direta de munic\u00edpios e estados.<\/p>\n\n\n\n<figure class=\"wp-block-image size-large\"><img decoding=\"async\" width=\"1024\" height=\"684\" src=\"https:\/\/noticiaempauta.com\/portal\/wp-content\/uploads\/2024\/06\/Audiencia_com_ministro_Jader_Filho_6_69e1890152-1024x684.jpg\" alt=\"\" class=\"wp-image-258581\" srcset=\"https:\/\/noticiaempauta.com\/portal\/wp-content\/uploads\/2024\/06\/Audiencia_com_ministro_Jader_Filho_6_69e1890152-1024x684.jpg 1024w, https:\/\/noticiaempauta.com\/portal\/wp-content\/uploads\/2024\/06\/Audiencia_com_ministro_Jader_Filho_6_69e1890152-300x200.jpg 300w, https:\/\/noticiaempauta.com\/portal\/wp-content\/uploads\/2024\/06\/Audiencia_com_ministro_Jader_Filho_6_69e1890152-768x513.jpg 768w, https:\/\/noticiaempauta.com\/portal\/wp-content\/uploads\/2024\/06\/Audiencia_com_ministro_Jader_Filho_6_69e1890152.jpg 1280w\" sizes=\"(max-width: 1024px) 100vw, 1024px\" \/><\/figure>\n\n\n\n<p>\u201cTemos certeza que, junto com o presidente Lula e os demais ministros envolvidos, cada vez mais celeridade n\u00f3s teremos na libera\u00e7\u00e3o desses recursos, que s\u00e3o muito importantes para a melhoria da qualidade de vida do nosso povo do Piau\u00ed\u201d, complementou Rafael.<\/p>\n\n\n\n<p><strong>Caravana Federativa<\/strong><\/p>\n\n\n\n<p>Em reuni\u00e3o com o ministro das Rela\u00e7\u00f5es Institucionais, Alexandre Padilha, o governador acertou a realiza\u00e7\u00e3o da Caravana Federativa no Piau\u00ed. Trata-se de uma a\u00e7\u00e3o itinerante do Governo Federal, que leva aos estados, representantes de minist\u00e9rios e bancos p\u00fablicos, para atender prefeitos e gestores locais que desejam ampliar a participa\u00e7\u00e3o dos munic\u00edpios nos programas federais. O evento acontece no Centro de Conven\u00e7\u00f5es de Teresina, em 20 e 21 de junho.\u00a0<\/p>\n\n\n\n<figure class=\"wp-block-image size-large\"><img decoding=\"async\" width=\"1024\" height=\"684\" src=\"https:\/\/noticiaempauta.com\/portal\/wp-content\/uploads\/2024\/06\/Audiencia_com_ministro_Alexandre_Padilha_3_20d3986cba-1024x684.jpg\" alt=\"\" class=\"wp-image-258582\" srcset=\"https:\/\/noticiaempauta.com\/portal\/wp-content\/uploads\/2024\/06\/Audiencia_com_ministro_Alexandre_Padilha_3_20d3986cba-1024x684.jpg 1024w, https:\/\/noticiaempauta.com\/portal\/wp-content\/uploads\/2024\/06\/Audiencia_com_ministro_Alexandre_Padilha_3_20d3986cba-300x200.jpg 300w, https:\/\/noticiaempauta.com\/portal\/wp-content\/uploads\/2024\/06\/Audiencia_com_ministro_Alexandre_Padilha_3_20d3986cba-768x513.jpg 768w, https:\/\/noticiaempauta.com\/portal\/wp-content\/uploads\/2024\/06\/Audiencia_com_ministro_Alexandre_Padilha_3_20d3986cba.jpg 1280w\" sizes=\"(max-width: 1024px) 100vw, 1024px\" \/><\/figure>\n\n\n\n<p>\u201cTodos os minist\u00e9rios estar\u00e3o presentes nesta grande parceria com o Governo do Estado. Vamos montar balc\u00f5es de atendimento, esclarecer d\u00favidas, acelerar libera\u00e7\u00e3o de recursos, de conv\u00eanios, aquilo que o presidente Lula quer fazer, sempre: parceria com o Governo do Estado e com os munic\u00edpios para fazer as coisas andarem\u201d, explicou Padilha.<\/p>\n\n\n\n<p>A Caravana Federativa envolve Governo Federal, Governo do Estado e munic\u00edpios. Rafael destacou a import\u00e2ncia do evento para as prefeituras e para a popula\u00e7\u00e3o. \u201cDestrava recursos, vence a burocracia e faz a pol\u00edtica p\u00fablica que tem que acontecer, que \u00e9 a prioridade do presidente Lula\u201d, destacou o governador Rafael Fonteles.<\/p>\n\n\n\n<figure class=\"wp-block-image size-large\"><img loading=\"lazy\" decoding=\"async\" width=\"1024\" height=\"615\" src=\"https:\/\/noticiaempauta.com\/portal\/wp-content\/uploads\/2024\/06\/Audiencia_com_ministro_Alexandre_Padilha_6_6da0277f06-1024x615.jpg\" alt=\"\" class=\"wp-image-258579\" srcset=\"https:\/\/noticiaempauta.com\/portal\/wp-content\/uploads\/2024\/06\/Audiencia_com_ministro_Alexandre_Padilha_6_6da0277f06-1024x615.jpg 1024w, https:\/\/noticiaempauta.com\/portal\/wp-content\/uploads\/2024\/06\/Audiencia_com_ministro_Alexandre_Padilha_6_6da0277f06-300x180.jpg 300w, https:\/\/noticiaempauta.com\/portal\/wp-content\/uploads\/2024\/06\/Audiencia_com_ministro_Alexandre_Padilha_6_6da0277f06-768x461.jpg 768w, https:\/\/noticiaempauta.com\/portal\/wp-content\/uploads\/2024\/06\/Audiencia_com_ministro_Alexandre_Padilha_6_6da0277f06.jpg 1280w\" sizes=\"(max-width: 1024px) 100vw, 1024px\" \/><\/figure>\n\n\n\n<p><strong>Outras audi\u00eancias<\/strong><\/p>\n\n\n\n<p>Fonteles tamb\u00e9m teve reuni\u00f5es com o ministro do Desenvolvimento Regional, Waldez G\u00f3es; com o ministro da Agricultura e Pecu\u00e1ria em Exerc\u00edcio, Iraj\u00e1 Lacerda; com o ministro dos Portos e Aeroportos, Silvio Costa Filho; e com o subchefe da Secretaria Especial de Articula\u00e7\u00e3o e Monitoramento, Maur\u00edcio Muniz.<\/p>\n\n\n\n<p><strong><em>CCOM\/PI<\/em><\/strong><\/p>\n","protected":false},"excerpt":{"rendered":"<p>Governador tratou de programas como Minha Casa, Minha Vida e tamb\u00e9m o Metr\u00f4 de Teresina.<\/p>\n","protected":false},"author":2,"featured_media":258579,"comment_status":"open","ping_status":"open","sticky":false,"template":"","format":"standard","meta":{"_mi_skip_tracking":false,"footnotes":""},"categories":[25,1,16],"tags":[192],"class_list":["post-258578","post","type-post","status-publish","format-standard","has-post-thumbnail","hentry","category-destaques-site","category-geral","category-todas","tag-destaqueprincipal"],"acf":[],"yoast_head":"<!-- This site is optimized with the Yoast SEO Premium plugin v19.2 (Yoast SEO v26.9) - https:\/\/yoast.com\/product\/yoast-seo-premium-wordpress\/ -->\n<title>Em Bras\u00edlia, Rafael Fonteles visita minist\u00e9rios para agilizar obras do PAC - Portal Not\u00edcia em Pauta<\/title>\n<meta name=\"robots\" content=\"index, follow, max-snippet:-1, max-image-preview:large, max-video-preview:-1\" \/>\n<link rel=\"canonical\" href=\"https:\/\/noticiaempauta.com\/portal\/em-brasilia-rafael-fonteles-visita-ministerios-para-agilizar-obras-do-pac\/\" \/>\n<meta property=\"og:locale\" content=\"pt_BR\" \/>\n<meta property=\"og:type\" content=\"article\" \/>\n<meta property=\"og:title\" content=\"Em Bras\u00edlia, Rafael Fonteles visita minist\u00e9rios para agilizar obras do PAC\" \/>\n<meta property=\"og:description\" content=\"Governador tratou de programas como Minha Casa, Minha Vida e tamb\u00e9m o Metr\u00f4 de Teresina.\" \/>\n<meta property=\"og:url\" content=\"https:\/\/noticiaempauta.com\/portal\/em-brasilia-rafael-fonteles-visita-ministerios-para-agilizar-obras-do-pac\/\" \/>\n<meta property=\"og:site_name\" content=\"Portal Not\u00edcia em Pauta\" \/>\n<meta property=\"article:publisher\" content=\"https:\/\/www.facebook.com\/Portal-Notcia-Em-Pauta-102292869264820\/\" \/>\n<meta property=\"article:published_time\" content=\"2024-06-06T12:25:09+00:00\" \/>\n<meta property=\"article:modified_time\" content=\"2024-06-06T12:25:10+00:00\" \/>\n<meta property=\"og:image\" content=\"https:\/\/noticiaempauta.com\/portal\/wp-content\/uploads\/2024\/06\/Audiencia_com_ministro_Alexandre_Padilha_6_6da0277f06.jpg\" \/>\n\t<meta property=\"og:image:width\" content=\"1280\" \/>\n\t<meta property=\"og:image:height\" content=\"769\" \/>\n\t<meta property=\"og:image:type\" content=\"image\/jpeg\" \/>\n<meta name=\"author\" content=\"Reda\u00e7\u00e3o\" \/>\n<meta name=\"twitter:card\" content=\"summary_large_image\" \/>\n<meta name=\"twitter:label1\" content=\"Escrito por\" \/>\n\t<meta name=\"twitter:data1\" content=\"Reda\u00e7\u00e3o\" \/>\n\t<meta name=\"twitter:label2\" content=\"Est. tempo de leitura\" \/>\n\t<meta name=\"twitter:data2\" content=\"4 minutos\" \/>\n<script type=\"application\/ld+json\" class=\"yoast-schema-graph\">{\"@context\":\"https:\/\/schema.org\",\"@graph\":[{\"@type\":\"Article\",\"@id\":\"https:\/\/noticiaempauta.com\/portal\/em-brasilia-rafael-fonteles-visita-ministerios-para-agilizar-obras-do-pac\/#article\",\"isPartOf\":{\"@id\":\"https:\/\/noticiaempauta.com\/portal\/em-brasilia-rafael-fonteles-visita-ministerios-para-agilizar-obras-do-pac\/\"},\"author\":{\"name\":\"Reda\u00e7\u00e3o\",\"@id\":\"https:\/\/noticiaempauta.com\/portal\/#\/schema\/person\/a74af43dd1ab3deca45f988c717d57ac\"},\"headline\":\"Em Bras\u00edlia, Rafael Fonteles visita minist\u00e9rios para agilizar obras do PAC\",\"datePublished\":\"2024-06-06T12:25:09+00:00\",\"dateModified\":\"2024-06-06T12:25:10+00:00\",\"mainEntityOfPage\":{\"@id\":\"https:\/\/noticiaempauta.com\/portal\/em-brasilia-rafael-fonteles-visita-ministerios-para-agilizar-obras-do-pac\/\"},\"wordCount\":569,\"commentCount\":0,\"publisher\":{\"@id\":\"https:\/\/noticiaempauta.com\/portal\/#organization\"},\"image\":{\"@id\":\"https:\/\/noticiaempauta.com\/portal\/em-brasilia-rafael-fonteles-visita-ministerios-para-agilizar-obras-do-pac\/#primaryimage\"},\"thumbnailUrl\":\"https:\/\/noticiaempauta.com\/portal\/wp-content\/uploads\/2024\/06\/Audiencia_com_ministro_Alexandre_Padilha_6_6da0277f06.jpg\",\"keywords\":[\"destaqueprincipal\"],\"articleSection\":[\"Destaques\",\"Geral\",\"Todas as Not\u00edcias\"],\"inLanguage\":\"pt-BR\",\"potentialAction\":[{\"@type\":\"CommentAction\",\"name\":\"Comment\",\"target\":[\"https:\/\/noticiaempauta.com\/portal\/em-brasilia-rafael-fonteles-visita-ministerios-para-agilizar-obras-do-pac\/#respond\"]}]},{\"@type\":\"WebPage\",\"@id\":\"https:\/\/noticiaempauta.com\/portal\/em-brasilia-rafael-fonteles-visita-ministerios-para-agilizar-obras-do-pac\/\",\"url\":\"https:\/\/noticiaempauta.com\/portal\/em-brasilia-rafael-fonteles-visita-ministerios-para-agilizar-obras-do-pac\/\",\"name\":\"Em Bras\u00edlia, Rafael Fonteles visita minist\u00e9rios para agilizar obras do PAC - Portal Not\u00edcia em Pauta\",\"isPartOf\":{\"@id\":\"https:\/\/noticiaempauta.com\/portal\/#website\"},\"primaryImageOfPage\":{\"@id\":\"https:\/\/noticiaempauta.com\/portal\/em-brasilia-rafael-fonteles-visita-ministerios-para-agilizar-obras-do-pac\/#primaryimage\"},\"image\":{\"@id\":\"https:\/\/noticiaempauta.com\/portal\/em-brasilia-rafael-fonteles-visita-ministerios-para-agilizar-obras-do-pac\/#primaryimage\"},\"thumbnailUrl\":\"https:\/\/noticiaempauta.com\/portal\/wp-content\/uploads\/2024\/06\/Audiencia_com_ministro_Alexandre_Padilha_6_6da0277f06.jpg\",\"datePublished\":\"2024-06-06T12:25:09+00:00\",\"dateModified\":\"2024-06-06T12:25:10+00:00\",\"breadcrumb\":{\"@id\":\"https:\/\/noticiaempauta.com\/portal\/em-brasilia-rafael-fonteles-visita-ministerios-para-agilizar-obras-do-pac\/#breadcrumb\"},\"inLanguage\":\"pt-BR\",\"potentialAction\":[{\"@type\":\"ReadAction\",\"target\":[\"https:\/\/noticiaempauta.com\/portal\/em-brasilia-rafael-fonteles-visita-ministerios-para-agilizar-obras-do-pac\/\"]}]},{\"@type\":\"ImageObject\",\"inLanguage\":\"pt-BR\",\"@id\":\"https:\/\/noticiaempauta.com\/portal\/em-brasilia-rafael-fonteles-visita-ministerios-para-agilizar-obras-do-pac\/#primaryimage\",\"url\":\"https:\/\/noticiaempauta.com\/portal\/wp-content\/uploads\/2024\/06\/Audiencia_com_ministro_Alexandre_Padilha_6_6da0277f06.jpg\",\"contentUrl\":\"https:\/\/noticiaempauta.com\/portal\/wp-content\/uploads\/2024\/06\/Audiencia_com_ministro_Alexandre_Padilha_6_6da0277f06.jpg\",\"width\":1280,\"height\":769},{\"@type\":\"BreadcrumbList\",\"@id\":\"https:\/\/noticiaempauta.com\/portal\/em-brasilia-rafael-fonteles-visita-ministerios-para-agilizar-obras-do-pac\/#breadcrumb\",\"itemListElement\":[{\"@type\":\"ListItem\",\"position\":1,\"name\":\"P\u00e1gina Inicial\",\"item\":\"https:\/\/noticiaempauta.com\/portal\/\"},{\"@type\":\"ListItem\",\"position\":2,\"name\":\"Destaques\",\"item\":\"https:\/\/noticiaempauta.com\/portal\/destaques-site\/\"},{\"@type\":\"ListItem\",\"position\":3,\"name\":\"Em Bras\u00edlia, Rafael Fonteles visita minist\u00e9rios para agilizar obras do PAC\"}]},{\"@type\":\"WebSite\",\"@id\":\"https:\/\/noticiaempauta.com\/portal\/#website\",\"url\":\"https:\/\/noticiaempauta.com\/portal\/\",\"name\":\"Portal Not\u00edcia em Pauta\",\"description\":\"Voc\u00ea bem informado\",\"publisher\":{\"@id\":\"https:\/\/noticiaempauta.com\/portal\/#organization\"},\"potentialAction\":[{\"@type\":\"SearchAction\",\"target\":{\"@type\":\"EntryPoint\",\"urlTemplate\":\"https:\/\/noticiaempauta.com\/portal\/?s={search_term_string}\"},\"query-input\":{\"@type\":\"PropertyValueSpecification\",\"valueRequired\":true,\"valueName\":\"search_term_string\"}}],\"inLanguage\":\"pt-BR\"},{\"@type\":\"Organization\",\"@id\":\"https:\/\/noticiaempauta.com\/portal\/#organization\",\"name\":\"Portal Not\u00edcia em Pauta\",\"url\":\"https:\/\/noticiaempauta.com\/portal\/\",\"logo\":{\"@type\":\"ImageObject\",\"inLanguage\":\"pt-BR\",\"@id\":\"https:\/\/noticiaempauta.com\/portal\/#\/schema\/logo\/image\/\",\"url\":\"https:\/\/noticiaempauta.com\/portal\/wp-content\/uploads\/2022\/08\/logomarca_tema.fw_.png\",\"contentUrl\":\"https:\/\/noticiaempauta.com\/portal\/wp-content\/uploads\/2022\/08\/logomarca_tema.fw_.png\",\"width\":400,\"height\":232,\"caption\":\"Portal Not\u00edcia em Pauta\"},\"image\":{\"@id\":\"https:\/\/noticiaempauta.com\/portal\/#\/schema\/logo\/image\/\"},\"sameAs\":[\"https:\/\/www.facebook.com\/Portal-Notcia-Em-Pauta-102292869264820\/\",\"https:\/\/www.instagram.com\/portalnoticiaempauta\/\"]},{\"@type\":\"Person\",\"@id\":\"https:\/\/noticiaempauta.com\/portal\/#\/schema\/person\/a74af43dd1ab3deca45f988c717d57ac\",\"name\":\"Reda\u00e7\u00e3o\",\"image\":{\"@type\":\"ImageObject\",\"inLanguage\":\"pt-BR\",\"@id\":\"https:\/\/noticiaempauta.com\/portal\/#\/schema\/person\/image\/\",\"url\":\"https:\/\/secure.gravatar.com\/avatar\/03179346ecce6cdfc13361603e8f54242a90e5cde8618fa23c5c00aa2b0aadf3?s=96&d=mm&r=g\",\"contentUrl\":\"https:\/\/secure.gravatar.com\/avatar\/03179346ecce6cdfc13361603e8f54242a90e5cde8618fa23c5c00aa2b0aadf3?s=96&d=mm&r=g\",\"caption\":\"Reda\u00e7\u00e3o\"},\"sameAs\":[\"https:\/\/noticiaempauta.com\/portal\/\"],\"url\":\"https:\/\/noticiaempauta.com\/portal\/author\/fernando\/\"}]}<\/script>\n<!-- \/ Yoast SEO Premium plugin. -->","yoast_head_json":{"title":"Em Bras\u00edlia, Rafael Fonteles visita minist\u00e9rios para agilizar obras do PAC - Portal Not\u00edcia em Pauta","robots":{"index":"index","follow":"follow","max-snippet":"max-snippet:-1","max-image-preview":"max-image-preview:large","max-video-preview":"max-video-preview:-1"},"canonical":"https:\/\/noticiaempauta.com\/portal\/em-brasilia-rafael-fonteles-visita-ministerios-para-agilizar-obras-do-pac\/","og_locale":"pt_BR","og_type":"article","og_title":"Em Bras\u00edlia, Rafael Fonteles visita minist\u00e9rios para agilizar obras do PAC","og_description":"Governador tratou de programas como Minha Casa, Minha Vida e tamb\u00e9m o Metr\u00f4 de Teresina.","og_url":"https:\/\/noticiaempauta.com\/portal\/em-brasilia-rafael-fonteles-visita-ministerios-para-agilizar-obras-do-pac\/","og_site_name":"Portal Not\u00edcia em Pauta","article_publisher":"https:\/\/www.facebook.com\/Portal-Notcia-Em-Pauta-102292869264820\/","article_published_time":"2024-06-06T12:25:09+00:00","article_modified_time":"2024-06-06T12:25:10+00:00","og_image":[{"width":1280,"height":769,"url":"https:\/\/noticiaempauta.com\/portal\/wp-content\/uploads\/2024\/06\/Audiencia_com_ministro_Alexandre_Padilha_6_6da0277f06.jpg","type":"image\/jpeg"}],"author":"Reda\u00e7\u00e3o","twitter_card":"summary_large_image","twitter_misc":{"Escrito por":"Reda\u00e7\u00e3o","Est. tempo de leitura":"4 minutos"},"schema":{"@context":"https:\/\/schema.org","@graph":[{"@type":"Article","@id":"https:\/\/noticiaempauta.com\/portal\/em-brasilia-rafael-fonteles-visita-ministerios-para-agilizar-obras-do-pac\/#article","isPartOf":{"@id":"https:\/\/noticiaempauta.com\/portal\/em-brasilia-rafael-fonteles-visita-ministerios-para-agilizar-obras-do-pac\/"},"author":{"name":"Reda\u00e7\u00e3o","@id":"https:\/\/noticiaempauta.com\/portal\/#\/schema\/person\/a74af43dd1ab3deca45f988c717d57ac"},"headline":"Em Bras\u00edlia, Rafael Fonteles visita minist\u00e9rios para agilizar obras do PAC","datePublished":"2024-06-06T12:25:09+00:00","dateModified":"2024-06-06T12:25:10+00:00","mainEntityOfPage":{"@id":"https:\/\/noticiaempauta.com\/portal\/em-brasilia-rafael-fonteles-visita-ministerios-para-agilizar-obras-do-pac\/"},"wordCount":569,"commentCount":0,"publisher":{"@id":"https:\/\/noticiaempauta.com\/portal\/#organization"},"image":{"@id":"https:\/\/noticiaempauta.com\/portal\/em-brasilia-rafael-fonteles-visita-ministerios-para-agilizar-obras-do-pac\/#primaryimage"},"thumbnailUrl":"https:\/\/noticiaempauta.com\/portal\/wp-content\/uploads\/2024\/06\/Audiencia_com_ministro_Alexandre_Padilha_6_6da0277f06.jpg","keywords":["destaqueprincipal"],"articleSection":["Destaques","Geral","Todas as Not\u00edcias"],"inLanguage":"pt-BR","potentialAction":[{"@type":"CommentAction","name":"Comment","target":["https:\/\/noticiaempauta.com\/portal\/em-brasilia-rafael-fonteles-visita-ministerios-para-agilizar-obras-do-pac\/#respond"]}]},{"@type":"WebPage","@id":"https:\/\/noticiaempauta.com\/portal\/em-brasilia-rafael-fonteles-visita-ministerios-para-agilizar-obras-do-pac\/","url":"https:\/\/noticiaempauta.com\/portal\/em-brasilia-rafael-fonteles-visita-ministerios-para-agilizar-obras-do-pac\/","name":"Em Bras\u00edlia, Rafael Fonteles visita minist\u00e9rios para agilizar obras do PAC - Portal Not\u00edcia em Pauta","isPartOf":{"@id":"https:\/\/noticiaempauta.com\/portal\/#website"},"primaryImageOfPage":{"@id":"https:\/\/noticiaempauta.com\/portal\/em-brasilia-rafael-fonteles-visita-ministerios-para-agilizar-obras-do-pac\/#primaryimage"},"image":{"@id":"https:\/\/noticiaempauta.com\/portal\/em-brasilia-rafael-fonteles-visita-ministerios-para-agilizar-obras-do-pac\/#primaryimage"},"thumbnailUrl":"https:\/\/noticiaempauta.com\/portal\/wp-content\/uploads\/2024\/06\/Audiencia_com_ministro_Alexandre_Padilha_6_6da0277f06.jpg","datePublished":"2024-06-06T12:25:09+00:00","dateModified":"2024-06-06T12:25:10+00:00","breadcrumb":{"@id":"https:\/\/noticiaempauta.com\/portal\/em-brasilia-rafael-fonteles-visita-ministerios-para-agilizar-obras-do-pac\/#breadcrumb"},"inLanguage":"pt-BR","potentialAction":[{"@type":"ReadAction","target":["https:\/\/noticiaempauta.com\/portal\/em-brasilia-rafael-fonteles-visita-ministerios-para-agilizar-obras-do-pac\/"]}]},{"@type":"ImageObject","inLanguage":"pt-BR","@id":"https:\/\/noticiaempauta.com\/portal\/em-brasilia-rafael-fonteles-visita-ministerios-para-agilizar-obras-do-pac\/#primaryimage","url":"https:\/\/noticiaempauta.com\/portal\/wp-content\/uploads\/2024\/06\/Audiencia_com_ministro_Alexandre_Padilha_6_6da0277f06.jpg","contentUrl":"https:\/\/noticiaempauta.com\/portal\/wp-content\/uploads\/2024\/06\/Audiencia_com_ministro_Alexandre_Padilha_6_6da0277f06.jpg","width":1280,"height":769},{"@type":"BreadcrumbList","@id":"https:\/\/noticiaempauta.com\/portal\/em-brasilia-rafael-fonteles-visita-ministerios-para-agilizar-obras-do-pac\/#breadcrumb","itemListElement":[{"@type":"ListItem","position":1,"name":"P\u00e1gina Inicial","item":"https:\/\/noticiaempauta.com\/portal\/"},{"@type":"ListItem","position":2,"name":"Destaques","item":"https:\/\/noticiaempauta.com\/portal\/destaques-site\/"},{"@type":"ListItem","position":3,"name":"Em Bras\u00edlia, Rafael Fonteles visita minist\u00e9rios para agilizar obras do PAC"}]},{"@type":"WebSite","@id":"https:\/\/noticiaempauta.com\/portal\/#website","url":"https:\/\/noticiaempauta.com\/portal\/","name":"Portal Not\u00edcia em Pauta","description":"Voc\u00ea bem informado","publisher":{"@id":"https:\/\/noticiaempauta.com\/portal\/#organization"},"potentialAction":[{"@type":"SearchAction","target":{"@type":"EntryPoint","urlTemplate":"https:\/\/noticiaempauta.com\/portal\/?s={search_term_string}"},"query-input":{"@type":"PropertyValueSpecification","valueRequired":true,"valueName":"search_term_string"}}],"inLanguage":"pt-BR"},{"@type":"Organization","@id":"https:\/\/noticiaempauta.com\/portal\/#organization","name":"Portal Not\u00edcia em Pauta","url":"https:\/\/noticiaempauta.com\/portal\/","logo":{"@type":"ImageObject","inLanguage":"pt-BR","@id":"https:\/\/noticiaempauta.com\/portal\/#\/schema\/logo\/image\/","url":"https:\/\/noticiaempauta.com\/portal\/wp-content\/uploads\/2022\/08\/logomarca_tema.fw_.png","contentUrl":"https:\/\/noticiaempauta.com\/portal\/wp-content\/uploads\/2022\/08\/logomarca_tema.fw_.png","width":400,"height":232,"caption":"Portal Not\u00edcia em Pauta"},"image":{"@id":"https:\/\/noticiaempauta.com\/portal\/#\/schema\/logo\/image\/"},"sameAs":["https:\/\/www.facebook.com\/Portal-Notcia-Em-Pauta-102292869264820\/","https:\/\/www.instagram.com\/portalnoticiaempauta\/"]},{"@type":"Person","@id":"https:\/\/noticiaempauta.com\/portal\/#\/schema\/person\/a74af43dd1ab3deca45f988c717d57ac","name":"Reda\u00e7\u00e3o","image":{"@type":"ImageObject","inLanguage":"pt-BR","@id":"https:\/\/noticiaempauta.com\/portal\/#\/schema\/person\/image\/","url":"https:\/\/secure.gravatar.com\/avatar\/03179346ecce6cdfc13361603e8f54242a90e5cde8618fa23c5c00aa2b0aadf3?s=96&d=mm&r=g","contentUrl":"https:\/\/secure.gravatar.com\/avatar\/03179346ecce6cdfc13361603e8f54242a90e5cde8618fa23c5c00aa2b0aadf3?s=96&d=mm&r=g","caption":"Reda\u00e7\u00e3o"},"sameAs":["https:\/\/noticiaempauta.com\/portal\/"],"url":"https:\/\/noticiaempauta.com\/portal\/author\/fernando\/"}]}},"_links":{"self":[{"href":"https:\/\/noticiaempauta.com\/portal\/wp-json\/wp\/v2\/posts\/258578","targetHints":{"allow":["GET"]}}],"collection":[{"href":"https:\/\/noticiaempauta.com\/portal\/wp-json\/wp\/v2\/posts"}],"about":[{"href":"https:\/\/noticiaempauta.com\/portal\/wp-json\/wp\/v2\/types\/post"}],"author":[{"embeddable":true,"href":"https:\/\/noticiaempauta.com\/portal\/wp-json\/wp\/v2\/users\/2"}],"replies":[{"embeddable":true,"href":"https:\/\/noticiaempauta.com\/portal\/wp-json\/wp\/v2\/comments?post=258578"}],"version-history":[{"count":2,"href":"https:\/\/noticiaempauta.com\/portal\/wp-json\/wp\/v2\/posts\/258578\/revisions"}],"predecessor-version":[{"id":258584,"href":"https:\/\/noticiaempauta.com\/portal\/wp-json\/wp\/v2\/posts\/258578\/revisions\/258584"}],"wp:featuredmedia":[{"embeddable":true,"href":"https:\/\/noticiaempauta.com\/portal\/wp-json\/wp\/v2\/media\/258579"}],"wp:attachment":[{"href":"https:\/\/noticiaempauta.com\/portal\/wp-json\/wp\/v2\/media?parent=258578"}],"wp:term":[{"taxonomy":"category","embeddable":true,"href":"https:\/\/noticiaempauta.com\/portal\/wp-json\/wp\/v2\/categories?post=258578"},{"taxonomy":"post_tag","embeddable":true,"href":"https:\/\/noticiaempauta.com\/portal\/wp-json\/wp\/v2\/tags?post=258578"}],"curies":[{"name":"wp","href":"https:\/\/api.w.org\/{rel}","templated":true}]}}