{"id":258587,"date":"2024-06-07T11:56:29","date_gmt":"2024-06-07T14:56:29","guid":{"rendered":"https:\/\/noticiaempauta.com\/portal\/?p=258587"},"modified":"2024-06-07T11:56:30","modified_gmt":"2024-06-07T14:56:30","slug":"orcamento-participativo-inicia-fase-de-votacao-popular-nesta-sexta-7","status":"publish","type":"post","link":"https:\/\/noticiaempauta.com\/portal\/orcamento-participativo-inicia-fase-de-votacao-popular-nesta-sexta-7\/","title":{"rendered":"Or\u00e7amento Participativo inicia fase de vota\u00e7\u00e3o popular nesta sexta (7)"},"content":{"rendered":"\n<p>A segunda fase do programa de Or\u00e7amento Participativo (OPA) come\u00e7a, nesta sexta-feira (7), e \u00e9 marcada pelo per\u00edodo de vota\u00e7\u00e3o popular.\u00a0A popula\u00e7\u00e3o piauiense poder\u00e1 votar para eleger a proposta que quer ver executada em Teresina, Parna\u00edba, Picos, Piripiri e Floriano.\u00a0Todo o processo de vota\u00e7\u00e3o ocorre de forma online, por meio do aplicativo Colab, site ou WhatsApp.<\/p>\n\n\n\n<figure class=\"wp-block-image size-full\"><img fetchpriority=\"high\" decoding=\"async\" width=\"750\" height=\"500\" src=\"https:\/\/noticiaempauta.com\/portal\/wp-content\/uploads\/2024\/06\/medium_piaui_tera_orcamento_popular_de_r100_milhoes_ate_2026_6069622180095465331_bc3ca546e0.jpg\" alt=\"\" class=\"wp-image-258588\" srcset=\"https:\/\/noticiaempauta.com\/portal\/wp-content\/uploads\/2024\/06\/medium_piaui_tera_orcamento_popular_de_r100_milhoes_ate_2026_6069622180095465331_bc3ca546e0.jpg 750w, https:\/\/noticiaempauta.com\/portal\/wp-content\/uploads\/2024\/06\/medium_piaui_tera_orcamento_popular_de_r100_milhoes_ate_2026_6069622180095465331_bc3ca546e0-300x200.jpg 300w\" sizes=\"(max-width: 750px) 100vw, 750px\" \/><\/figure>\n\n\n\n<p>As entidades de bairro cadastradas lan\u00e7aram 1.255 propostas, em que 838 foram consideradas aptas a irem para a fase de vota\u00e7\u00e3o popular. Dessas propostas, 397 s\u00e3o para Teresina, 85 em Parna\u00edba, 105 em Picos, 178 em Piripiri e 73 em Floriano.<\/p>\n\n\n\n<p>\u201cAgora, na nova etapa, qualquer pessoa com mais de 16 anos e com CPF pode escolher uma proposta que deseja ver executada a partir de 2025. Quanto mais votos uma proposta receber, maiores s\u00e3o as chances dela ser inclu\u00edda no Or\u00e7amento Anual\u201d, disse o secret\u00e1rio do Planejamento, Washington Bonfim.<\/p>\n\n\n\n<p>Para ajudar nessa fase de mobiliza\u00e7\u00e3o, a equipe t\u00e9cnica da Secretaria do Planejamento (Seplan) vai disponibilizar vans que ser\u00e3o \u201ccabines m\u00f3veis\u201d para vota\u00e7\u00e3o. Os autom\u00f3veis j\u00e1 come\u00e7aram a circular pelos bairros e zonas participantes (confira roteiro no Instagram do OPA), em Teresina, Parna\u00edba, Picos, Piripiri e Floriano. \u201cOs ve\u00edculos s\u00e3o equipados com rede wi-fi, tablets e celulares, al\u00e9m de agentes preparados para tirar d\u00favidas e auxiliar as pessoas na hora de votar\u201d, explica Enia Meneses, diretora de Or\u00e7amento Participativo da Seplan.<\/p>\n\n\n\n<p><strong>Funcionamento das vans:<\/strong><\/p>\n\n\n\n<ul class=\"wp-block-list\">\n<li><strong>Hor\u00e1rios:<\/strong>\u00a0Dois turnos (manh\u00e3 e tarde), incluindo fins de semana, com 4 horas cada (8h \u00e0s 12h e 14h \u00e0s 18h).<\/li>\n\n\n\n<li><strong>Agendamento:<\/strong>\u00a0As entidades podem solicitar o agendamento da van para seu bairro pelo\u00a0<a href=\"https:\/\/wa.me\/558688312288\" target=\"_blank\" rel=\"noreferrer noopener\">WhatsApp do Suporte OPA.<\/a><\/li>\n<\/ul>\n\n\n\n<h2 class=\"wp-block-heading\"><strong>Como votar<\/strong><\/h2>\n\n\n\n<p>Voc\u00ea pode votar na proposta que julgar melhor para seu bairro ou regi\u00e3o. Por meio de celular ou computador com acesso \u00e0 internet, \u00e9 s\u00f3 escolher um dos canais abaixo. Para facilitar, tenha em m\u00e3os o n\u00famero da proposta para a qual pretende registrar seu voto. A vota\u00e7\u00e3o encerra dia 17 de junho \u00e0s 23h59.&nbsp;<\/p>\n\n\n\n<ul class=\"wp-block-list\">\n<li><a href=\"https:\/\/onelink.to\/colabapp\" target=\"_blank\" rel=\"noreferrer noopener\">Vote pelo aplicativo<\/a><br>\u00a0<\/li>\n\n\n\n<li><a href=\"https:\/\/wa.me\/558681302765\" target=\"_blank\" rel=\"noreferrer noopener\">Vote pelo WhatsApp<\/a><\/li>\n<\/ul>\n\n\n\n<p>Ou, procure uma das vans do OPA no bairro mais pr\u00f3ximo de voc\u00ea!<\/p>\n\n\n\n<p><a href=\"https:\/\/drive.google.com\/file\/d\/1oyAtBEbYTxW5DTxdby90hjTEWzh9DJ3-\/view?pli=1\" target=\"_blank\" rel=\"noreferrer noopener\"><strong>Confira o n\u00famero das propostas<\/strong><\/a><\/p>\n\n\n\n<p><\/p>\n\n\n\n<p><strong><em>CCOM\/PI<\/em><\/strong><\/p>\n","protected":false},"excerpt":{"rendered":"<p>Cada pessoa poder\u00e1 escolher uma proposta e registrar o voto por meio do aplicativo ou WhatsApp.<\/p>\n","protected":false},"author":2,"featured_media":258588,"comment_status":"open","ping_status":"open","sticky":false,"template":"","format":"standard","meta":{"_mi_skip_tracking":false,"footnotes":""},"categories":[25,1,16],"tags":[192],"class_list":["post-258587","post","type-post","status-publish","format-standard","has-post-thumbnail","hentry","category-destaques-site","category-geral","category-todas","tag-destaqueprincipal"],"acf":[],"yoast_head":"<!-- This site is optimized with the Yoast SEO Premium plugin v19.2 (Yoast SEO v26.9) - https:\/\/yoast.com\/product\/yoast-seo-premium-wordpress\/ -->\n<title>Or\u00e7amento Participativo inicia fase de vota\u00e7\u00e3o popular nesta sexta (7) - Portal Not\u00edcia em Pauta<\/title>\n<meta name=\"robots\" content=\"index, follow, max-snippet:-1, max-image-preview:large, max-video-preview:-1\" \/>\n<link rel=\"canonical\" href=\"https:\/\/noticiaempauta.com\/portal\/orcamento-participativo-inicia-fase-de-votacao-popular-nesta-sexta-7\/\" \/>\n<meta property=\"og:locale\" content=\"pt_BR\" \/>\n<meta property=\"og:type\" content=\"article\" \/>\n<meta property=\"og:title\" content=\"Or\u00e7amento Participativo inicia fase de vota\u00e7\u00e3o popular nesta sexta (7)\" \/>\n<meta property=\"og:description\" content=\"Cada pessoa poder\u00e1 escolher uma proposta e registrar o voto por meio do aplicativo ou WhatsApp.\" \/>\n<meta property=\"og:url\" content=\"https:\/\/noticiaempauta.com\/portal\/orcamento-participativo-inicia-fase-de-votacao-popular-nesta-sexta-7\/\" \/>\n<meta property=\"og:site_name\" content=\"Portal Not\u00edcia em Pauta\" \/>\n<meta property=\"article:publisher\" content=\"https:\/\/www.facebook.com\/Portal-Notcia-Em-Pauta-102292869264820\/\" \/>\n<meta property=\"article:published_time\" content=\"2024-06-07T14:56:29+00:00\" \/>\n<meta property=\"article:modified_time\" content=\"2024-06-07T14:56:30+00:00\" \/>\n<meta property=\"og:image\" content=\"https:\/\/noticiaempauta.com\/portal\/wp-content\/uploads\/2024\/06\/medium_piaui_tera_orcamento_popular_de_r100_milhoes_ate_2026_6069622180095465331_bc3ca546e0.jpg\" \/>\n\t<meta property=\"og:image:width\" content=\"750\" \/>\n\t<meta property=\"og:image:height\" content=\"500\" \/>\n\t<meta property=\"og:image:type\" content=\"image\/jpeg\" \/>\n<meta name=\"author\" content=\"Reda\u00e7\u00e3o\" \/>\n<meta name=\"twitter:card\" content=\"summary_large_image\" \/>\n<meta name=\"twitter:label1\" content=\"Escrito por\" \/>\n\t<meta name=\"twitter:data1\" content=\"Reda\u00e7\u00e3o\" \/>\n\t<meta name=\"twitter:label2\" content=\"Est. tempo de leitura\" \/>\n\t<meta name=\"twitter:data2\" content=\"3 minutos\" \/>\n<script type=\"application\/ld+json\" class=\"yoast-schema-graph\">{\"@context\":\"https:\/\/schema.org\",\"@graph\":[{\"@type\":\"Article\",\"@id\":\"https:\/\/noticiaempauta.com\/portal\/orcamento-participativo-inicia-fase-de-votacao-popular-nesta-sexta-7\/#article\",\"isPartOf\":{\"@id\":\"https:\/\/noticiaempauta.com\/portal\/orcamento-participativo-inicia-fase-de-votacao-popular-nesta-sexta-7\/\"},\"author\":{\"name\":\"Reda\u00e7\u00e3o\",\"@id\":\"https:\/\/noticiaempauta.com\/portal\/#\/schema\/person\/a74af43dd1ab3deca45f988c717d57ac\"},\"headline\":\"Or\u00e7amento Participativo inicia fase de vota\u00e7\u00e3o popular nesta sexta (7)\",\"datePublished\":\"2024-06-07T14:56:29+00:00\",\"dateModified\":\"2024-06-07T14:56:30+00:00\",\"mainEntityOfPage\":{\"@id\":\"https:\/\/noticiaempauta.com\/portal\/orcamento-participativo-inicia-fase-de-votacao-popular-nesta-sexta-7\/\"},\"wordCount\":385,\"commentCount\":0,\"publisher\":{\"@id\":\"https:\/\/noticiaempauta.com\/portal\/#organization\"},\"image\":{\"@id\":\"https:\/\/noticiaempauta.com\/portal\/orcamento-participativo-inicia-fase-de-votacao-popular-nesta-sexta-7\/#primaryimage\"},\"thumbnailUrl\":\"https:\/\/noticiaempauta.com\/portal\/wp-content\/uploads\/2024\/06\/medium_piaui_tera_orcamento_popular_de_r100_milhoes_ate_2026_6069622180095465331_bc3ca546e0.jpg\",\"keywords\":[\"destaqueprincipal\"],\"articleSection\":[\"Destaques\",\"Geral\",\"Todas as Not\u00edcias\"],\"inLanguage\":\"pt-BR\",\"potentialAction\":[{\"@type\":\"CommentAction\",\"name\":\"Comment\",\"target\":[\"https:\/\/noticiaempauta.com\/portal\/orcamento-participativo-inicia-fase-de-votacao-popular-nesta-sexta-7\/#respond\"]}]},{\"@type\":\"WebPage\",\"@id\":\"https:\/\/noticiaempauta.com\/portal\/orcamento-participativo-inicia-fase-de-votacao-popular-nesta-sexta-7\/\",\"url\":\"https:\/\/noticiaempauta.com\/portal\/orcamento-participativo-inicia-fase-de-votacao-popular-nesta-sexta-7\/\",\"name\":\"Or\u00e7amento Participativo inicia fase de vota\u00e7\u00e3o popular nesta sexta (7) - Portal Not\u00edcia em Pauta\",\"isPartOf\":{\"@id\":\"https:\/\/noticiaempauta.com\/portal\/#website\"},\"primaryImageOfPage\":{\"@id\":\"https:\/\/noticiaempauta.com\/portal\/orcamento-participativo-inicia-fase-de-votacao-popular-nesta-sexta-7\/#primaryimage\"},\"image\":{\"@id\":\"https:\/\/noticiaempauta.com\/portal\/orcamento-participativo-inicia-fase-de-votacao-popular-nesta-sexta-7\/#primaryimage\"},\"thumbnailUrl\":\"https:\/\/noticiaempauta.com\/portal\/wp-content\/uploads\/2024\/06\/medium_piaui_tera_orcamento_popular_de_r100_milhoes_ate_2026_6069622180095465331_bc3ca546e0.jpg\",\"datePublished\":\"2024-06-07T14:56:29+00:00\",\"dateModified\":\"2024-06-07T14:56:30+00:00\",\"breadcrumb\":{\"@id\":\"https:\/\/noticiaempauta.com\/portal\/orcamento-participativo-inicia-fase-de-votacao-popular-nesta-sexta-7\/#breadcrumb\"},\"inLanguage\":\"pt-BR\",\"potentialAction\":[{\"@type\":\"ReadAction\",\"target\":[\"https:\/\/noticiaempauta.com\/portal\/orcamento-participativo-inicia-fase-de-votacao-popular-nesta-sexta-7\/\"]}]},{\"@type\":\"ImageObject\",\"inLanguage\":\"pt-BR\",\"@id\":\"https:\/\/noticiaempauta.com\/portal\/orcamento-participativo-inicia-fase-de-votacao-popular-nesta-sexta-7\/#primaryimage\",\"url\":\"https:\/\/noticiaempauta.com\/portal\/wp-content\/uploads\/2024\/06\/medium_piaui_tera_orcamento_popular_de_r100_milhoes_ate_2026_6069622180095465331_bc3ca546e0.jpg\",\"contentUrl\":\"https:\/\/noticiaempauta.com\/portal\/wp-content\/uploads\/2024\/06\/medium_piaui_tera_orcamento_popular_de_r100_milhoes_ate_2026_6069622180095465331_bc3ca546e0.jpg\",\"width\":750,\"height\":500},{\"@type\":\"BreadcrumbList\",\"@id\":\"https:\/\/noticiaempauta.com\/portal\/orcamento-participativo-inicia-fase-de-votacao-popular-nesta-sexta-7\/#breadcrumb\",\"itemListElement\":[{\"@type\":\"ListItem\",\"position\":1,\"name\":\"P\u00e1gina Inicial\",\"item\":\"https:\/\/noticiaempauta.com\/portal\/\"},{\"@type\":\"ListItem\",\"position\":2,\"name\":\"Destaques\",\"item\":\"https:\/\/noticiaempauta.com\/portal\/destaques-site\/\"},{\"@type\":\"ListItem\",\"position\":3,\"name\":\"Or\u00e7amento Participativo inicia fase de vota\u00e7\u00e3o popular nesta sexta (7)\"}]},{\"@type\":\"WebSite\",\"@id\":\"https:\/\/noticiaempauta.com\/portal\/#website\",\"url\":\"https:\/\/noticiaempauta.com\/portal\/\",\"name\":\"Portal Not\u00edcia em Pauta\",\"description\":\"Voc\u00ea bem informado\",\"publisher\":{\"@id\":\"https:\/\/noticiaempauta.com\/portal\/#organization\"},\"potentialAction\":[{\"@type\":\"SearchAction\",\"target\":{\"@type\":\"EntryPoint\",\"urlTemplate\":\"https:\/\/noticiaempauta.com\/portal\/?s={search_term_string}\"},\"query-input\":{\"@type\":\"PropertyValueSpecification\",\"valueRequired\":true,\"valueName\":\"search_term_string\"}}],\"inLanguage\":\"pt-BR\"},{\"@type\":\"Organization\",\"@id\":\"https:\/\/noticiaempauta.com\/portal\/#organization\",\"name\":\"Portal Not\u00edcia em Pauta\",\"url\":\"https:\/\/noticiaempauta.com\/portal\/\",\"logo\":{\"@type\":\"ImageObject\",\"inLanguage\":\"pt-BR\",\"@id\":\"https:\/\/noticiaempauta.com\/portal\/#\/schema\/logo\/image\/\",\"url\":\"https:\/\/noticiaempauta.com\/portal\/wp-content\/uploads\/2022\/08\/logomarca_tema.fw_.png\",\"contentUrl\":\"https:\/\/noticiaempauta.com\/portal\/wp-content\/uploads\/2022\/08\/logomarca_tema.fw_.png\",\"width\":400,\"height\":232,\"caption\":\"Portal Not\u00edcia em Pauta\"},\"image\":{\"@id\":\"https:\/\/noticiaempauta.com\/portal\/#\/schema\/logo\/image\/\"},\"sameAs\":[\"https:\/\/www.facebook.com\/Portal-Notcia-Em-Pauta-102292869264820\/\",\"https:\/\/www.instagram.com\/portalnoticiaempauta\/\"]},{\"@type\":\"Person\",\"@id\":\"https:\/\/noticiaempauta.com\/portal\/#\/schema\/person\/a74af43dd1ab3deca45f988c717d57ac\",\"name\":\"Reda\u00e7\u00e3o\",\"image\":{\"@type\":\"ImageObject\",\"inLanguage\":\"pt-BR\",\"@id\":\"https:\/\/noticiaempauta.com\/portal\/#\/schema\/person\/image\/\",\"url\":\"https:\/\/secure.gravatar.com\/avatar\/03179346ecce6cdfc13361603e8f54242a90e5cde8618fa23c5c00aa2b0aadf3?s=96&d=mm&r=g\",\"contentUrl\":\"https:\/\/secure.gravatar.com\/avatar\/03179346ecce6cdfc13361603e8f54242a90e5cde8618fa23c5c00aa2b0aadf3?s=96&d=mm&r=g\",\"caption\":\"Reda\u00e7\u00e3o\"},\"sameAs\":[\"https:\/\/noticiaempauta.com\/portal\/\"],\"url\":\"https:\/\/noticiaempauta.com\/portal\/author\/fernando\/\"}]}<\/script>\n<!-- \/ Yoast SEO Premium plugin. -->","yoast_head_json":{"title":"Or\u00e7amento Participativo inicia fase de vota\u00e7\u00e3o popular nesta sexta (7) - Portal Not\u00edcia em Pauta","robots":{"index":"index","follow":"follow","max-snippet":"max-snippet:-1","max-image-preview":"max-image-preview:large","max-video-preview":"max-video-preview:-1"},"canonical":"https:\/\/noticiaempauta.com\/portal\/orcamento-participativo-inicia-fase-de-votacao-popular-nesta-sexta-7\/","og_locale":"pt_BR","og_type":"article","og_title":"Or\u00e7amento Participativo inicia fase de vota\u00e7\u00e3o popular nesta sexta (7)","og_description":"Cada pessoa poder\u00e1 escolher uma proposta e registrar o voto por meio do aplicativo ou WhatsApp.","og_url":"https:\/\/noticiaempauta.com\/portal\/orcamento-participativo-inicia-fase-de-votacao-popular-nesta-sexta-7\/","og_site_name":"Portal Not\u00edcia em Pauta","article_publisher":"https:\/\/www.facebook.com\/Portal-Notcia-Em-Pauta-102292869264820\/","article_published_time":"2024-06-07T14:56:29+00:00","article_modified_time":"2024-06-07T14:56:30+00:00","og_image":[{"width":750,"height":500,"url":"https:\/\/noticiaempauta.com\/portal\/wp-content\/uploads\/2024\/06\/medium_piaui_tera_orcamento_popular_de_r100_milhoes_ate_2026_6069622180095465331_bc3ca546e0.jpg","type":"image\/jpeg"}],"author":"Reda\u00e7\u00e3o","twitter_card":"summary_large_image","twitter_misc":{"Escrito por":"Reda\u00e7\u00e3o","Est. tempo de leitura":"3 minutos"},"schema":{"@context":"https:\/\/schema.org","@graph":[{"@type":"Article","@id":"https:\/\/noticiaempauta.com\/portal\/orcamento-participativo-inicia-fase-de-votacao-popular-nesta-sexta-7\/#article","isPartOf":{"@id":"https:\/\/noticiaempauta.com\/portal\/orcamento-participativo-inicia-fase-de-votacao-popular-nesta-sexta-7\/"},"author":{"name":"Reda\u00e7\u00e3o","@id":"https:\/\/noticiaempauta.com\/portal\/#\/schema\/person\/a74af43dd1ab3deca45f988c717d57ac"},"headline":"Or\u00e7amento Participativo inicia fase de vota\u00e7\u00e3o popular nesta sexta (7)","datePublished":"2024-06-07T14:56:29+00:00","dateModified":"2024-06-07T14:56:30+00:00","mainEntityOfPage":{"@id":"https:\/\/noticiaempauta.com\/portal\/orcamento-participativo-inicia-fase-de-votacao-popular-nesta-sexta-7\/"},"wordCount":385,"commentCount":0,"publisher":{"@id":"https:\/\/noticiaempauta.com\/portal\/#organization"},"image":{"@id":"https:\/\/noticiaempauta.com\/portal\/orcamento-participativo-inicia-fase-de-votacao-popular-nesta-sexta-7\/#primaryimage"},"thumbnailUrl":"https:\/\/noticiaempauta.com\/portal\/wp-content\/uploads\/2024\/06\/medium_piaui_tera_orcamento_popular_de_r100_milhoes_ate_2026_6069622180095465331_bc3ca546e0.jpg","keywords":["destaqueprincipal"],"articleSection":["Destaques","Geral","Todas as Not\u00edcias"],"inLanguage":"pt-BR","potentialAction":[{"@type":"CommentAction","name":"Comment","target":["https:\/\/noticiaempauta.com\/portal\/orcamento-participativo-inicia-fase-de-votacao-popular-nesta-sexta-7\/#respond"]}]},{"@type":"WebPage","@id":"https:\/\/noticiaempauta.com\/portal\/orcamento-participativo-inicia-fase-de-votacao-popular-nesta-sexta-7\/","url":"https:\/\/noticiaempauta.com\/portal\/orcamento-participativo-inicia-fase-de-votacao-popular-nesta-sexta-7\/","name":"Or\u00e7amento Participativo inicia fase de vota\u00e7\u00e3o popular nesta sexta (7) - Portal Not\u00edcia em Pauta","isPartOf":{"@id":"https:\/\/noticiaempauta.com\/portal\/#website"},"primaryImageOfPage":{"@id":"https:\/\/noticiaempauta.com\/portal\/orcamento-participativo-inicia-fase-de-votacao-popular-nesta-sexta-7\/#primaryimage"},"image":{"@id":"https:\/\/noticiaempauta.com\/portal\/orcamento-participativo-inicia-fase-de-votacao-popular-nesta-sexta-7\/#primaryimage"},"thumbnailUrl":"https:\/\/noticiaempauta.com\/portal\/wp-content\/uploads\/2024\/06\/medium_piaui_tera_orcamento_popular_de_r100_milhoes_ate_2026_6069622180095465331_bc3ca546e0.jpg","datePublished":"2024-06-07T14:56:29+00:00","dateModified":"2024-06-07T14:56:30+00:00","breadcrumb":{"@id":"https:\/\/noticiaempauta.com\/portal\/orcamento-participativo-inicia-fase-de-votacao-popular-nesta-sexta-7\/#breadcrumb"},"inLanguage":"pt-BR","potentialAction":[{"@type":"ReadAction","target":["https:\/\/noticiaempauta.com\/portal\/orcamento-participativo-inicia-fase-de-votacao-popular-nesta-sexta-7\/"]}]},{"@type":"ImageObject","inLanguage":"pt-BR","@id":"https:\/\/noticiaempauta.com\/portal\/orcamento-participativo-inicia-fase-de-votacao-popular-nesta-sexta-7\/#primaryimage","url":"https:\/\/noticiaempauta.com\/portal\/wp-content\/uploads\/2024\/06\/medium_piaui_tera_orcamento_popular_de_r100_milhoes_ate_2026_6069622180095465331_bc3ca546e0.jpg","contentUrl":"https:\/\/noticiaempauta.com\/portal\/wp-content\/uploads\/2024\/06\/medium_piaui_tera_orcamento_popular_de_r100_milhoes_ate_2026_6069622180095465331_bc3ca546e0.jpg","width":750,"height":500},{"@type":"BreadcrumbList","@id":"https:\/\/noticiaempauta.com\/portal\/orcamento-participativo-inicia-fase-de-votacao-popular-nesta-sexta-7\/#breadcrumb","itemListElement":[{"@type":"ListItem","position":1,"name":"P\u00e1gina Inicial","item":"https:\/\/noticiaempauta.com\/portal\/"},{"@type":"ListItem","position":2,"name":"Destaques","item":"https:\/\/noticiaempauta.com\/portal\/destaques-site\/"},{"@type":"ListItem","position":3,"name":"Or\u00e7amento Participativo inicia fase de vota\u00e7\u00e3o popular nesta sexta (7)"}]},{"@type":"WebSite","@id":"https:\/\/noticiaempauta.com\/portal\/#website","url":"https:\/\/noticiaempauta.com\/portal\/","name":"Portal Not\u00edcia em Pauta","description":"Voc\u00ea bem informado","publisher":{"@id":"https:\/\/noticiaempauta.com\/portal\/#organization"},"potentialAction":[{"@type":"SearchAction","target":{"@type":"EntryPoint","urlTemplate":"https:\/\/noticiaempauta.com\/portal\/?s={search_term_string}"},"query-input":{"@type":"PropertyValueSpecification","valueRequired":true,"valueName":"search_term_string"}}],"inLanguage":"pt-BR"},{"@type":"Organization","@id":"https:\/\/noticiaempauta.com\/portal\/#organization","name":"Portal Not\u00edcia em Pauta","url":"https:\/\/noticiaempauta.com\/portal\/","logo":{"@type":"ImageObject","inLanguage":"pt-BR","@id":"https:\/\/noticiaempauta.com\/portal\/#\/schema\/logo\/image\/","url":"https:\/\/noticiaempauta.com\/portal\/wp-content\/uploads\/2022\/08\/logomarca_tema.fw_.png","contentUrl":"https:\/\/noticiaempauta.com\/portal\/wp-content\/uploads\/2022\/08\/logomarca_tema.fw_.png","width":400,"height":232,"caption":"Portal Not\u00edcia em Pauta"},"image":{"@id":"https:\/\/noticiaempauta.com\/portal\/#\/schema\/logo\/image\/"},"sameAs":["https:\/\/www.facebook.com\/Portal-Notcia-Em-Pauta-102292869264820\/","https:\/\/www.instagram.com\/portalnoticiaempauta\/"]},{"@type":"Person","@id":"https:\/\/noticiaempauta.com\/portal\/#\/schema\/person\/a74af43dd1ab3deca45f988c717d57ac","name":"Reda\u00e7\u00e3o","image":{"@type":"ImageObject","inLanguage":"pt-BR","@id":"https:\/\/noticiaempauta.com\/portal\/#\/schema\/person\/image\/","url":"https:\/\/secure.gravatar.com\/avatar\/03179346ecce6cdfc13361603e8f54242a90e5cde8618fa23c5c00aa2b0aadf3?s=96&d=mm&r=g","contentUrl":"https:\/\/secure.gravatar.com\/avatar\/03179346ecce6cdfc13361603e8f54242a90e5cde8618fa23c5c00aa2b0aadf3?s=96&d=mm&r=g","caption":"Reda\u00e7\u00e3o"},"sameAs":["https:\/\/noticiaempauta.com\/portal\/"],"url":"https:\/\/noticiaempauta.com\/portal\/author\/fernando\/"}]}},"_links":{"self":[{"href":"https:\/\/noticiaempauta.com\/portal\/wp-json\/wp\/v2\/posts\/258587","targetHints":{"allow":["GET"]}}],"collection":[{"href":"https:\/\/noticiaempauta.com\/portal\/wp-json\/wp\/v2\/posts"}],"about":[{"href":"https:\/\/noticiaempauta.com\/portal\/wp-json\/wp\/v2\/types\/post"}],"author":[{"embeddable":true,"href":"https:\/\/noticiaempauta.com\/portal\/wp-json\/wp\/v2\/users\/2"}],"replies":[{"embeddable":true,"href":"https:\/\/noticiaempauta.com\/portal\/wp-json\/wp\/v2\/comments?post=258587"}],"version-history":[{"count":2,"href":"https:\/\/noticiaempauta.com\/portal\/wp-json\/wp\/v2\/posts\/258587\/revisions"}],"predecessor-version":[{"id":258590,"href":"https:\/\/noticiaempauta.com\/portal\/wp-json\/wp\/v2\/posts\/258587\/revisions\/258590"}],"wp:featuredmedia":[{"embeddable":true,"href":"https:\/\/noticiaempauta.com\/portal\/wp-json\/wp\/v2\/media\/258588"}],"wp:attachment":[{"href":"https:\/\/noticiaempauta.com\/portal\/wp-json\/wp\/v2\/media?parent=258587"}],"wp:term":[{"taxonomy":"category","embeddable":true,"href":"https:\/\/noticiaempauta.com\/portal\/wp-json\/wp\/v2\/categories?post=258587"},{"taxonomy":"post_tag","embeddable":true,"href":"https:\/\/noticiaempauta.com\/portal\/wp-json\/wp\/v2\/tags?post=258587"}],"curies":[{"name":"wp","href":"https:\/\/api.w.org\/{rel}","templated":true}]}}