{"id":258591,"date":"2024-06-07T12:02:06","date_gmt":"2024-06-07T15:02:06","guid":{"rendered":"https:\/\/noticiaempauta.com\/portal\/?p=258591"},"modified":"2024-06-07T12:02:07","modified_gmt":"2024-06-07T15:02:07","slug":"inscricoes-para-o-enem-2024-encerram-nesta-sexta-feira-07","status":"publish","type":"post","link":"https:\/\/noticiaempauta.com\/portal\/inscricoes-para-o-enem-2024-encerram-nesta-sexta-feira-07\/","title":{"rendered":"Inscri\u00e7\u00f5es para o Enem 2024 encerram nesta sexta-feira (07)"},"content":{"rendered":"\n<p>Terminam na pr\u00f3xima sexta-feira (7) as inscri\u00e7\u00f5es para o Exame Nacional do Ensino M\u00e9dio (Enem) 2024. Interessados devem acessar a\u00a0<a href=\"https:\/\/enem.inep.gov.br\/participante\/#!\/\" target=\"_blank\" rel=\"noreferrer noopener\"><strong>P\u00e1gina do Participante<\/strong><\/a>\u00a0e utilizar o cadastro na conta\u00a0<a href=\"https:\/\/sso.acesso.gov.br\/login?client_id=portal-logado.estaleiro.serpro.gov.br&amp;authorization_id=18fe3815337\" target=\"_blank\" rel=\"noreferrer noopener\"><strong>Gov.br<\/strong><\/a>. O prazo tamb\u00e9m vale para pedidos de atendimento especializado e tratamento por nome social. As provas ser\u00e3o aplicadas nos dias 3 e 10 de novembro.<\/p>\n\n\n\n<p>A taxa de inscri\u00e7\u00e3o custa R$ 85 e pode ser paga por boleto, PIX, cart\u00e3o de cr\u00e9dito e d\u00e9bito em conta corrente ou poupan\u00e7a&nbsp;at\u00e9 o dia 12 de junho. Os<strong>&nbsp;resultados de recursos sobre isen\u00e7\u00e3o da taxa foram divulgados no \u00faltimo dia 24<\/strong>, assim como de recursos que tratam das justificativas de aus\u00eancia no Enem 2023 para candidatos que estavam isentos da taxa.<\/p>\n\n\n\n<p>No Rio Grande do Sul, em raz\u00e3o da situa\u00e7\u00e3o de calamidade p\u00fablica provocada pelas enchentes, a popula\u00e7\u00e3o ter\u00e1 um prazo extra para se inscrever no exame. Um calend\u00e1rio estendido ainda ser\u00e1 divulgado pelo Instituto Nacional de Estudos e Pesquisas Educacionais An\u00edsio Teixeira (Inep). Moradores de munic\u00edpios ga\u00fachos t\u00eam isen\u00e7\u00e3o da taxa de inscri\u00e7\u00e3o.<\/p>\n\n\n\n<p>Criado em 1998, o Enem avalia o desempenho escolar dos estudantes ao t\u00e9rmino da educa\u00e7\u00e3o b\u00e1sica. O exame \u00e9 considerado como a principal porta de entrada para a educa\u00e7\u00e3o superior no pa\u00eds.<\/p>\n\n\n\n<p>Os resultados da prova podem ser usados para\u00a0<strong>acesso ao Sistema de Sele\u00e7\u00e3o Unificada (Sisu) e ao Programa Universidade para Todos (ProUni)<\/strong>, al\u00e9m de serem aceitos em institui\u00e7\u00f5es privadas e de outros pa\u00edses de l\u00edngua portuguesa que tenham acordo com o Brasil. Estudantes que n\u00e3o conclu\u00edram o ensino m\u00e9dio podem participar do Enem na condi\u00e7\u00e3o de treineiros, para autoavalia\u00e7\u00e3o nos anos anteriores ao t\u00e9rmino da educa\u00e7\u00e3o b\u00e1sica.<\/p>\n\n\n\n<p><strong><em>Fonte: Portal O Dia<\/em><\/strong><\/p>\n","protected":false},"excerpt":{"rendered":"<p>Terminam na pr\u00f3xima sexta-feira (7) as inscri\u00e7\u00f5es para o Exame Nacional do Ensino M\u00e9dio (Enem) 2024. Interessados devem acessar a\u00a0P\u00e1gina do Participante\u00a0e utilizar o cadastro na conta\u00a0Gov.br. O prazo tamb\u00e9m vale para pedidos de atendimento especializado e tratamento por nome social. As provas ser\u00e3o aplicadas nos dias 3 e 10 de novembro. A taxa de [&hellip;]<\/p>\n","protected":false},"author":2,"featured_media":256823,"comment_status":"open","ping_status":"open","sticky":false,"template":"","format":"standard","meta":{"_mi_skip_tracking":false,"footnotes":""},"categories":[25,1,16],"tags":[192],"class_list":["post-258591","post","type-post","status-publish","format-standard","has-post-thumbnail","hentry","category-destaques-site","category-geral","category-todas","tag-destaqueprincipal"],"acf":[],"yoast_head":"<!-- This site is optimized with the Yoast SEO Premium plugin v19.2 (Yoast SEO v26.9) - https:\/\/yoast.com\/product\/yoast-seo-premium-wordpress\/ -->\n<title>Inscri\u00e7\u00f5es para o Enem 2024 encerram nesta sexta-feira (07) - Portal Not\u00edcia em Pauta<\/title>\n<meta name=\"robots\" content=\"index, follow, max-snippet:-1, max-image-preview:large, max-video-preview:-1\" \/>\n<link rel=\"canonical\" href=\"https:\/\/noticiaempauta.com\/portal\/inscricoes-para-o-enem-2024-encerram-nesta-sexta-feira-07\/\" \/>\n<meta property=\"og:locale\" content=\"pt_BR\" \/>\n<meta property=\"og:type\" content=\"article\" \/>\n<meta property=\"og:title\" content=\"Inscri\u00e7\u00f5es para o Enem 2024 encerram nesta sexta-feira (07)\" \/>\n<meta property=\"og:description\" content=\"Terminam na pr\u00f3xima sexta-feira (7) as inscri\u00e7\u00f5es para o Exame Nacional do Ensino M\u00e9dio (Enem) 2024. Interessados devem acessar a\u00a0P\u00e1gina do Participante\u00a0e utilizar o cadastro na conta\u00a0Gov.br. O prazo tamb\u00e9m vale para pedidos de atendimento especializado e tratamento por nome social. As provas ser\u00e3o aplicadas nos dias 3 e 10 de novembro. A taxa de [&hellip;]\" \/>\n<meta property=\"og:url\" content=\"https:\/\/noticiaempauta.com\/portal\/inscricoes-para-o-enem-2024-encerram-nesta-sexta-feira-07\/\" \/>\n<meta property=\"og:site_name\" content=\"Portal Not\u00edcia em Pauta\" \/>\n<meta property=\"article:publisher\" content=\"https:\/\/www.facebook.com\/Portal-Notcia-Em-Pauta-102292869264820\/\" \/>\n<meta property=\"article:published_time\" content=\"2024-06-07T15:02:06+00:00\" \/>\n<meta property=\"article:modified_time\" content=\"2024-06-07T15:02:07+00:00\" \/>\n<meta property=\"og:image\" content=\"https:\/\/noticiaempauta.com\/portal\/wp-content\/uploads\/2024\/04\/enem-2024-prazo-para-pedir-isencao-comeca-nesta-segunda-saiba-como-solicitar-104bb28e-8598-47a7-8c49-2da5126ec998.jpg.webp\" \/>\n\t<meta property=\"og:image:width\" content=\"854\" \/>\n\t<meta property=\"og:image:height\" content=\"479\" \/>\n\t<meta property=\"og:image:type\" content=\"image\/webp\" \/>\n<meta name=\"author\" content=\"Reda\u00e7\u00e3o\" \/>\n<meta name=\"twitter:card\" content=\"summary_large_image\" \/>\n<meta name=\"twitter:label1\" content=\"Escrito por\" \/>\n\t<meta name=\"twitter:data1\" content=\"Reda\u00e7\u00e3o\" \/>\n\t<meta name=\"twitter:label2\" content=\"Est. tempo de leitura\" \/>\n\t<meta name=\"twitter:data2\" content=\"2 minutos\" \/>\n<script type=\"application\/ld+json\" class=\"yoast-schema-graph\">{\"@context\":\"https:\/\/schema.org\",\"@graph\":[{\"@type\":\"Article\",\"@id\":\"https:\/\/noticiaempauta.com\/portal\/inscricoes-para-o-enem-2024-encerram-nesta-sexta-feira-07\/#article\",\"isPartOf\":{\"@id\":\"https:\/\/noticiaempauta.com\/portal\/inscricoes-para-o-enem-2024-encerram-nesta-sexta-feira-07\/\"},\"author\":{\"name\":\"Reda\u00e7\u00e3o\",\"@id\":\"https:\/\/noticiaempauta.com\/portal\/#\/schema\/person\/a74af43dd1ab3deca45f988c717d57ac\"},\"headline\":\"Inscri\u00e7\u00f5es para o Enem 2024 encerram nesta sexta-feira (07)\",\"datePublished\":\"2024-06-07T15:02:06+00:00\",\"dateModified\":\"2024-06-07T15:02:07+00:00\",\"mainEntityOfPage\":{\"@id\":\"https:\/\/noticiaempauta.com\/portal\/inscricoes-para-o-enem-2024-encerram-nesta-sexta-feira-07\/\"},\"wordCount\":318,\"commentCount\":0,\"publisher\":{\"@id\":\"https:\/\/noticiaempauta.com\/portal\/#organization\"},\"image\":{\"@id\":\"https:\/\/noticiaempauta.com\/portal\/inscricoes-para-o-enem-2024-encerram-nesta-sexta-feira-07\/#primaryimage\"},\"thumbnailUrl\":\"https:\/\/noticiaempauta.com\/portal\/wp-content\/uploads\/2024\/04\/enem-2024-prazo-para-pedir-isencao-comeca-nesta-segunda-saiba-como-solicitar-104bb28e-8598-47a7-8c49-2da5126ec998.jpg.webp\",\"keywords\":[\"destaqueprincipal\"],\"articleSection\":[\"Destaques\",\"Geral\",\"Todas as Not\u00edcias\"],\"inLanguage\":\"pt-BR\",\"potentialAction\":[{\"@type\":\"CommentAction\",\"name\":\"Comment\",\"target\":[\"https:\/\/noticiaempauta.com\/portal\/inscricoes-para-o-enem-2024-encerram-nesta-sexta-feira-07\/#respond\"]}]},{\"@type\":\"WebPage\",\"@id\":\"https:\/\/noticiaempauta.com\/portal\/inscricoes-para-o-enem-2024-encerram-nesta-sexta-feira-07\/\",\"url\":\"https:\/\/noticiaempauta.com\/portal\/inscricoes-para-o-enem-2024-encerram-nesta-sexta-feira-07\/\",\"name\":\"Inscri\u00e7\u00f5es para o Enem 2024 encerram nesta sexta-feira (07) - Portal Not\u00edcia em Pauta\",\"isPartOf\":{\"@id\":\"https:\/\/noticiaempauta.com\/portal\/#website\"},\"primaryImageOfPage\":{\"@id\":\"https:\/\/noticiaempauta.com\/portal\/inscricoes-para-o-enem-2024-encerram-nesta-sexta-feira-07\/#primaryimage\"},\"image\":{\"@id\":\"https:\/\/noticiaempauta.com\/portal\/inscricoes-para-o-enem-2024-encerram-nesta-sexta-feira-07\/#primaryimage\"},\"thumbnailUrl\":\"https:\/\/noticiaempauta.com\/portal\/wp-content\/uploads\/2024\/04\/enem-2024-prazo-para-pedir-isencao-comeca-nesta-segunda-saiba-como-solicitar-104bb28e-8598-47a7-8c49-2da5126ec998.jpg.webp\",\"datePublished\":\"2024-06-07T15:02:06+00:00\",\"dateModified\":\"2024-06-07T15:02:07+00:00\",\"breadcrumb\":{\"@id\":\"https:\/\/noticiaempauta.com\/portal\/inscricoes-para-o-enem-2024-encerram-nesta-sexta-feira-07\/#breadcrumb\"},\"inLanguage\":\"pt-BR\",\"potentialAction\":[{\"@type\":\"ReadAction\",\"target\":[\"https:\/\/noticiaempauta.com\/portal\/inscricoes-para-o-enem-2024-encerram-nesta-sexta-feira-07\/\"]}]},{\"@type\":\"ImageObject\",\"inLanguage\":\"pt-BR\",\"@id\":\"https:\/\/noticiaempauta.com\/portal\/inscricoes-para-o-enem-2024-encerram-nesta-sexta-feira-07\/#primaryimage\",\"url\":\"https:\/\/noticiaempauta.com\/portal\/wp-content\/uploads\/2024\/04\/enem-2024-prazo-para-pedir-isencao-comeca-nesta-segunda-saiba-como-solicitar-104bb28e-8598-47a7-8c49-2da5126ec998.jpg.webp\",\"contentUrl\":\"https:\/\/noticiaempauta.com\/portal\/wp-content\/uploads\/2024\/04\/enem-2024-prazo-para-pedir-isencao-comeca-nesta-segunda-saiba-como-solicitar-104bb28e-8598-47a7-8c49-2da5126ec998.jpg.webp\",\"width\":854,\"height\":479},{\"@type\":\"BreadcrumbList\",\"@id\":\"https:\/\/noticiaempauta.com\/portal\/inscricoes-para-o-enem-2024-encerram-nesta-sexta-feira-07\/#breadcrumb\",\"itemListElement\":[{\"@type\":\"ListItem\",\"position\":1,\"name\":\"P\u00e1gina Inicial\",\"item\":\"https:\/\/noticiaempauta.com\/portal\/\"},{\"@type\":\"ListItem\",\"position\":2,\"name\":\"Destaques\",\"item\":\"https:\/\/noticiaempauta.com\/portal\/destaques-site\/\"},{\"@type\":\"ListItem\",\"position\":3,\"name\":\"Inscri\u00e7\u00f5es para o Enem 2024 encerram nesta sexta-feira (07)\"}]},{\"@type\":\"WebSite\",\"@id\":\"https:\/\/noticiaempauta.com\/portal\/#website\",\"url\":\"https:\/\/noticiaempauta.com\/portal\/\",\"name\":\"Portal Not\u00edcia em Pauta\",\"description\":\"Voc\u00ea bem informado\",\"publisher\":{\"@id\":\"https:\/\/noticiaempauta.com\/portal\/#organization\"},\"potentialAction\":[{\"@type\":\"SearchAction\",\"target\":{\"@type\":\"EntryPoint\",\"urlTemplate\":\"https:\/\/noticiaempauta.com\/portal\/?s={search_term_string}\"},\"query-input\":{\"@type\":\"PropertyValueSpecification\",\"valueRequired\":true,\"valueName\":\"search_term_string\"}}],\"inLanguage\":\"pt-BR\"},{\"@type\":\"Organization\",\"@id\":\"https:\/\/noticiaempauta.com\/portal\/#organization\",\"name\":\"Portal Not\u00edcia em Pauta\",\"url\":\"https:\/\/noticiaempauta.com\/portal\/\",\"logo\":{\"@type\":\"ImageObject\",\"inLanguage\":\"pt-BR\",\"@id\":\"https:\/\/noticiaempauta.com\/portal\/#\/schema\/logo\/image\/\",\"url\":\"https:\/\/noticiaempauta.com\/portal\/wp-content\/uploads\/2022\/08\/logomarca_tema.fw_.png\",\"contentUrl\":\"https:\/\/noticiaempauta.com\/portal\/wp-content\/uploads\/2022\/08\/logomarca_tema.fw_.png\",\"width\":400,\"height\":232,\"caption\":\"Portal Not\u00edcia em Pauta\"},\"image\":{\"@id\":\"https:\/\/noticiaempauta.com\/portal\/#\/schema\/logo\/image\/\"},\"sameAs\":[\"https:\/\/www.facebook.com\/Portal-Notcia-Em-Pauta-102292869264820\/\",\"https:\/\/www.instagram.com\/portalnoticiaempauta\/\"]},{\"@type\":\"Person\",\"@id\":\"https:\/\/noticiaempauta.com\/portal\/#\/schema\/person\/a74af43dd1ab3deca45f988c717d57ac\",\"name\":\"Reda\u00e7\u00e3o\",\"image\":{\"@type\":\"ImageObject\",\"inLanguage\":\"pt-BR\",\"@id\":\"https:\/\/noticiaempauta.com\/portal\/#\/schema\/person\/image\/\",\"url\":\"https:\/\/secure.gravatar.com\/avatar\/03179346ecce6cdfc13361603e8f54242a90e5cde8618fa23c5c00aa2b0aadf3?s=96&d=mm&r=g\",\"contentUrl\":\"https:\/\/secure.gravatar.com\/avatar\/03179346ecce6cdfc13361603e8f54242a90e5cde8618fa23c5c00aa2b0aadf3?s=96&d=mm&r=g\",\"caption\":\"Reda\u00e7\u00e3o\"},\"sameAs\":[\"https:\/\/noticiaempauta.com\/portal\/\"],\"url\":\"https:\/\/noticiaempauta.com\/portal\/author\/fernando\/\"}]}<\/script>\n<!-- \/ Yoast SEO Premium plugin. -->","yoast_head_json":{"title":"Inscri\u00e7\u00f5es para o Enem 2024 encerram nesta sexta-feira (07) - Portal Not\u00edcia em Pauta","robots":{"index":"index","follow":"follow","max-snippet":"max-snippet:-1","max-image-preview":"max-image-preview:large","max-video-preview":"max-video-preview:-1"},"canonical":"https:\/\/noticiaempauta.com\/portal\/inscricoes-para-o-enem-2024-encerram-nesta-sexta-feira-07\/","og_locale":"pt_BR","og_type":"article","og_title":"Inscri\u00e7\u00f5es para o Enem 2024 encerram nesta sexta-feira (07)","og_description":"Terminam na pr\u00f3xima sexta-feira (7) as inscri\u00e7\u00f5es para o Exame Nacional do Ensino M\u00e9dio (Enem) 2024. Interessados devem acessar a\u00a0P\u00e1gina do Participante\u00a0e utilizar o cadastro na conta\u00a0Gov.br. O prazo tamb\u00e9m vale para pedidos de atendimento especializado e tratamento por nome social. As provas ser\u00e3o aplicadas nos dias 3 e 10 de novembro. A taxa de [&hellip;]","og_url":"https:\/\/noticiaempauta.com\/portal\/inscricoes-para-o-enem-2024-encerram-nesta-sexta-feira-07\/","og_site_name":"Portal Not\u00edcia em Pauta","article_publisher":"https:\/\/www.facebook.com\/Portal-Notcia-Em-Pauta-102292869264820\/","article_published_time":"2024-06-07T15:02:06+00:00","article_modified_time":"2024-06-07T15:02:07+00:00","og_image":[{"width":854,"height":479,"url":"https:\/\/noticiaempauta.com\/portal\/wp-content\/uploads\/2024\/04\/enem-2024-prazo-para-pedir-isencao-comeca-nesta-segunda-saiba-como-solicitar-104bb28e-8598-47a7-8c49-2da5126ec998.jpg.webp","type":"image\/webp"}],"author":"Reda\u00e7\u00e3o","twitter_card":"summary_large_image","twitter_misc":{"Escrito por":"Reda\u00e7\u00e3o","Est. tempo de leitura":"2 minutos"},"schema":{"@context":"https:\/\/schema.org","@graph":[{"@type":"Article","@id":"https:\/\/noticiaempauta.com\/portal\/inscricoes-para-o-enem-2024-encerram-nesta-sexta-feira-07\/#article","isPartOf":{"@id":"https:\/\/noticiaempauta.com\/portal\/inscricoes-para-o-enem-2024-encerram-nesta-sexta-feira-07\/"},"author":{"name":"Reda\u00e7\u00e3o","@id":"https:\/\/noticiaempauta.com\/portal\/#\/schema\/person\/a74af43dd1ab3deca45f988c717d57ac"},"headline":"Inscri\u00e7\u00f5es para o Enem 2024 encerram nesta sexta-feira (07)","datePublished":"2024-06-07T15:02:06+00:00","dateModified":"2024-06-07T15:02:07+00:00","mainEntityOfPage":{"@id":"https:\/\/noticiaempauta.com\/portal\/inscricoes-para-o-enem-2024-encerram-nesta-sexta-feira-07\/"},"wordCount":318,"commentCount":0,"publisher":{"@id":"https:\/\/noticiaempauta.com\/portal\/#organization"},"image":{"@id":"https:\/\/noticiaempauta.com\/portal\/inscricoes-para-o-enem-2024-encerram-nesta-sexta-feira-07\/#primaryimage"},"thumbnailUrl":"https:\/\/noticiaempauta.com\/portal\/wp-content\/uploads\/2024\/04\/enem-2024-prazo-para-pedir-isencao-comeca-nesta-segunda-saiba-como-solicitar-104bb28e-8598-47a7-8c49-2da5126ec998.jpg.webp","keywords":["destaqueprincipal"],"articleSection":["Destaques","Geral","Todas as Not\u00edcias"],"inLanguage":"pt-BR","potentialAction":[{"@type":"CommentAction","name":"Comment","target":["https:\/\/noticiaempauta.com\/portal\/inscricoes-para-o-enem-2024-encerram-nesta-sexta-feira-07\/#respond"]}]},{"@type":"WebPage","@id":"https:\/\/noticiaempauta.com\/portal\/inscricoes-para-o-enem-2024-encerram-nesta-sexta-feira-07\/","url":"https:\/\/noticiaempauta.com\/portal\/inscricoes-para-o-enem-2024-encerram-nesta-sexta-feira-07\/","name":"Inscri\u00e7\u00f5es para o Enem 2024 encerram nesta sexta-feira (07) - Portal Not\u00edcia em Pauta","isPartOf":{"@id":"https:\/\/noticiaempauta.com\/portal\/#website"},"primaryImageOfPage":{"@id":"https:\/\/noticiaempauta.com\/portal\/inscricoes-para-o-enem-2024-encerram-nesta-sexta-feira-07\/#primaryimage"},"image":{"@id":"https:\/\/noticiaempauta.com\/portal\/inscricoes-para-o-enem-2024-encerram-nesta-sexta-feira-07\/#primaryimage"},"thumbnailUrl":"https:\/\/noticiaempauta.com\/portal\/wp-content\/uploads\/2024\/04\/enem-2024-prazo-para-pedir-isencao-comeca-nesta-segunda-saiba-como-solicitar-104bb28e-8598-47a7-8c49-2da5126ec998.jpg.webp","datePublished":"2024-06-07T15:02:06+00:00","dateModified":"2024-06-07T15:02:07+00:00","breadcrumb":{"@id":"https:\/\/noticiaempauta.com\/portal\/inscricoes-para-o-enem-2024-encerram-nesta-sexta-feira-07\/#breadcrumb"},"inLanguage":"pt-BR","potentialAction":[{"@type":"ReadAction","target":["https:\/\/noticiaempauta.com\/portal\/inscricoes-para-o-enem-2024-encerram-nesta-sexta-feira-07\/"]}]},{"@type":"ImageObject","inLanguage":"pt-BR","@id":"https:\/\/noticiaempauta.com\/portal\/inscricoes-para-o-enem-2024-encerram-nesta-sexta-feira-07\/#primaryimage","url":"https:\/\/noticiaempauta.com\/portal\/wp-content\/uploads\/2024\/04\/enem-2024-prazo-para-pedir-isencao-comeca-nesta-segunda-saiba-como-solicitar-104bb28e-8598-47a7-8c49-2da5126ec998.jpg.webp","contentUrl":"https:\/\/noticiaempauta.com\/portal\/wp-content\/uploads\/2024\/04\/enem-2024-prazo-para-pedir-isencao-comeca-nesta-segunda-saiba-como-solicitar-104bb28e-8598-47a7-8c49-2da5126ec998.jpg.webp","width":854,"height":479},{"@type":"BreadcrumbList","@id":"https:\/\/noticiaempauta.com\/portal\/inscricoes-para-o-enem-2024-encerram-nesta-sexta-feira-07\/#breadcrumb","itemListElement":[{"@type":"ListItem","position":1,"name":"P\u00e1gina Inicial","item":"https:\/\/noticiaempauta.com\/portal\/"},{"@type":"ListItem","position":2,"name":"Destaques","item":"https:\/\/noticiaempauta.com\/portal\/destaques-site\/"},{"@type":"ListItem","position":3,"name":"Inscri\u00e7\u00f5es para o Enem 2024 encerram nesta sexta-feira (07)"}]},{"@type":"WebSite","@id":"https:\/\/noticiaempauta.com\/portal\/#website","url":"https:\/\/noticiaempauta.com\/portal\/","name":"Portal Not\u00edcia em Pauta","description":"Voc\u00ea bem informado","publisher":{"@id":"https:\/\/noticiaempauta.com\/portal\/#organization"},"potentialAction":[{"@type":"SearchAction","target":{"@type":"EntryPoint","urlTemplate":"https:\/\/noticiaempauta.com\/portal\/?s={search_term_string}"},"query-input":{"@type":"PropertyValueSpecification","valueRequired":true,"valueName":"search_term_string"}}],"inLanguage":"pt-BR"},{"@type":"Organization","@id":"https:\/\/noticiaempauta.com\/portal\/#organization","name":"Portal Not\u00edcia em Pauta","url":"https:\/\/noticiaempauta.com\/portal\/","logo":{"@type":"ImageObject","inLanguage":"pt-BR","@id":"https:\/\/noticiaempauta.com\/portal\/#\/schema\/logo\/image\/","url":"https:\/\/noticiaempauta.com\/portal\/wp-content\/uploads\/2022\/08\/logomarca_tema.fw_.png","contentUrl":"https:\/\/noticiaempauta.com\/portal\/wp-content\/uploads\/2022\/08\/logomarca_tema.fw_.png","width":400,"height":232,"caption":"Portal Not\u00edcia em Pauta"},"image":{"@id":"https:\/\/noticiaempauta.com\/portal\/#\/schema\/logo\/image\/"},"sameAs":["https:\/\/www.facebook.com\/Portal-Notcia-Em-Pauta-102292869264820\/","https:\/\/www.instagram.com\/portalnoticiaempauta\/"]},{"@type":"Person","@id":"https:\/\/noticiaempauta.com\/portal\/#\/schema\/person\/a74af43dd1ab3deca45f988c717d57ac","name":"Reda\u00e7\u00e3o","image":{"@type":"ImageObject","inLanguage":"pt-BR","@id":"https:\/\/noticiaempauta.com\/portal\/#\/schema\/person\/image\/","url":"https:\/\/secure.gravatar.com\/avatar\/03179346ecce6cdfc13361603e8f54242a90e5cde8618fa23c5c00aa2b0aadf3?s=96&d=mm&r=g","contentUrl":"https:\/\/secure.gravatar.com\/avatar\/03179346ecce6cdfc13361603e8f54242a90e5cde8618fa23c5c00aa2b0aadf3?s=96&d=mm&r=g","caption":"Reda\u00e7\u00e3o"},"sameAs":["https:\/\/noticiaempauta.com\/portal\/"],"url":"https:\/\/noticiaempauta.com\/portal\/author\/fernando\/"}]}},"_links":{"self":[{"href":"https:\/\/noticiaempauta.com\/portal\/wp-json\/wp\/v2\/posts\/258591","targetHints":{"allow":["GET"]}}],"collection":[{"href":"https:\/\/noticiaempauta.com\/portal\/wp-json\/wp\/v2\/posts"}],"about":[{"href":"https:\/\/noticiaempauta.com\/portal\/wp-json\/wp\/v2\/types\/post"}],"author":[{"embeddable":true,"href":"https:\/\/noticiaempauta.com\/portal\/wp-json\/wp\/v2\/users\/2"}],"replies":[{"embeddable":true,"href":"https:\/\/noticiaempauta.com\/portal\/wp-json\/wp\/v2\/comments?post=258591"}],"version-history":[{"count":2,"href":"https:\/\/noticiaempauta.com\/portal\/wp-json\/wp\/v2\/posts\/258591\/revisions"}],"predecessor-version":[{"id":258593,"href":"https:\/\/noticiaempauta.com\/portal\/wp-json\/wp\/v2\/posts\/258591\/revisions\/258593"}],"wp:featuredmedia":[{"embeddable":true,"href":"https:\/\/noticiaempauta.com\/portal\/wp-json\/wp\/v2\/media\/256823"}],"wp:attachment":[{"href":"https:\/\/noticiaempauta.com\/portal\/wp-json\/wp\/v2\/media?parent=258591"}],"wp:term":[{"taxonomy":"category","embeddable":true,"href":"https:\/\/noticiaempauta.com\/portal\/wp-json\/wp\/v2\/categories?post=258591"},{"taxonomy":"post_tag","embeddable":true,"href":"https:\/\/noticiaempauta.com\/portal\/wp-json\/wp\/v2\/tags?post=258591"}],"curies":[{"name":"wp","href":"https:\/\/api.w.org\/{rel}","templated":true}]}}