{"id":258594,"date":"2024-06-07T12:18:17","date_gmt":"2024-06-07T15:18:17","guid":{"rendered":"https:\/\/noticiaempauta.com\/portal\/?p=258594"},"modified":"2024-06-07T12:18:18","modified_gmt":"2024-06-07T15:18:18","slug":"educacao-de-monsenhor-hipolito-e-destaque-com-100-de-alfabetizacao-na-idade-certa","status":"publish","type":"post","link":"https:\/\/noticiaempauta.com\/portal\/educacao-de-monsenhor-hipolito-e-destaque-com-100-de-alfabetizacao-na-idade-certa\/","title":{"rendered":"Educa\u00e7\u00e3o de Monsenhor Hip\u00f3lito \u00e9 destaque com 100% de alfabetiza\u00e7\u00e3o na idade certa"},"content":{"rendered":"\n<p>O munic\u00edpio de Monsenhor Hip\u00f3lito tem se destacado continuamente na \u00e1rea da educa\u00e7\u00e3o, e desta vez n\u00e3o foi diferente. A gest\u00e3o do prefeito Djalma Policarpo celebra mais um resultado recorde no Compromisso Nacional Crian\u00e7a Alfabetizada, atingindo a marca de 100% de crian\u00e7as alfabetizadas na idade certa, um feito que supera significativamente as m\u00e9dias estadual e federal.<\/p>\n\n\n\n<figure class=\"wp-block-image size-large\"><img fetchpriority=\"high\" decoding=\"async\" width=\"1024\" height=\"1024\" src=\"https:\/\/noticiaempauta.com\/portal\/wp-content\/uploads\/2024\/06\/1765-1024x1024.jpg\" alt=\"\" class=\"wp-image-258598\" srcset=\"https:\/\/noticiaempauta.com\/portal\/wp-content\/uploads\/2024\/06\/1765-1024x1024.jpg 1024w, https:\/\/noticiaempauta.com\/portal\/wp-content\/uploads\/2024\/06\/1765-300x300.jpg 300w, https:\/\/noticiaempauta.com\/portal\/wp-content\/uploads\/2024\/06\/1765-150x150.jpg 150w, https:\/\/noticiaempauta.com\/portal\/wp-content\/uploads\/2024\/06\/1765-768x768.jpg 768w, https:\/\/noticiaempauta.com\/portal\/wp-content\/uploads\/2024\/06\/1765.jpg 1200w\" sizes=\"(max-width: 1024px) 100vw, 1024px\" \/><\/figure>\n\n\n\n<p>No contexto estadual, a m\u00e9dia de crian\u00e7as alfabetizadas na idade certa no Piau\u00ed \u00e9 de 54%, enquanto a m\u00e9dia nacional \u00e9 de 56%. Monsenhor Hip\u00f3lito n\u00e3o s\u00f3 ultrapassou essas m\u00e9dias, como tamb\u00e9m se posicionou em sexto lugar a n\u00edvel estadual, destacando-se entre os demais munic\u00edpios do Piau\u00ed.<\/p>\n\n\n\n<figure class=\"wp-block-image size-large\"><img decoding=\"async\" width=\"1024\" height=\"733\" src=\"https:\/\/noticiaempauta.com\/portal\/wp-content\/uploads\/2024\/06\/WhatsApp-Image-2024-06-07-at-12.17.34-1024x733.jpeg\" alt=\"\" class=\"wp-image-258600\" srcset=\"https:\/\/noticiaempauta.com\/portal\/wp-content\/uploads\/2024\/06\/WhatsApp-Image-2024-06-07-at-12.17.34-1024x733.jpeg 1024w, https:\/\/noticiaempauta.com\/portal\/wp-content\/uploads\/2024\/06\/WhatsApp-Image-2024-06-07-at-12.17.34-300x215.jpeg 300w, https:\/\/noticiaempauta.com\/portal\/wp-content\/uploads\/2024\/06\/WhatsApp-Image-2024-06-07-at-12.17.34-768x550.jpeg 768w, https:\/\/noticiaempauta.com\/portal\/wp-content\/uploads\/2024\/06\/WhatsApp-Image-2024-06-07-at-12.17.34.jpeg 1165w\" sizes=\"(max-width: 1024px) 100vw, 1024px\" \/><\/figure>\n\n\n\n<p>Esse desempenho not\u00e1vel \u00e9 fruto de um esfor\u00e7o cont\u00ednuo e de pol\u00edticas educacionais eficazes implementadas pela gest\u00e3o municipal. Investimentos em forma\u00e7\u00e3o de professores, utiliza\u00e7\u00e3o de materiais did\u00e1ticos de alta qualidade e um acompanhamento pedag\u00f3gico rigoroso t\u00eam sido fundamentais para alcan\u00e7ar esses resultados.<\/p>\n\n\n\n<figure class=\"wp-block-image size-large\"><img decoding=\"async\" width=\"1024\" height=\"1024\" src=\"https:\/\/noticiaempauta.com\/portal\/wp-content\/uploads\/2024\/06\/2782-1024x1024.jpg\" alt=\"\" class=\"wp-image-258599\" srcset=\"https:\/\/noticiaempauta.com\/portal\/wp-content\/uploads\/2024\/06\/2782-1024x1024.jpg 1024w, https:\/\/noticiaempauta.com\/portal\/wp-content\/uploads\/2024\/06\/2782-300x300.jpg 300w, https:\/\/noticiaempauta.com\/portal\/wp-content\/uploads\/2024\/06\/2782-150x150.jpg 150w, https:\/\/noticiaempauta.com\/portal\/wp-content\/uploads\/2024\/06\/2782-768x768.jpg 768w, https:\/\/noticiaempauta.com\/portal\/wp-content\/uploads\/2024\/06\/2782.jpg 1200w\" sizes=\"(max-width: 1024px) 100vw, 1024px\" \/><\/figure>\n\n\n\n<p>Al\u00e9m de superar as m\u00e9dias estadual e federal, Monsenhor Hip\u00f3lito tamb\u00e9m excedeu as metas estabelecidas para 2030, destacando-se como um exemplo de excel\u00eancia na educa\u00e7\u00e3o infantil. Esse resultado refor\u00e7a a import\u00e2ncia de pol\u00edticas educacionais bem planejadas e do investimento constante na forma\u00e7\u00e3o e capacita\u00e7\u00e3o dos professores.<\/p>\n\n\n\n<figure class=\"wp-block-image size-full\"><img loading=\"lazy\" decoding=\"async\" width=\"736\" height=\"657\" src=\"https:\/\/noticiaempauta.com\/portal\/wp-content\/uploads\/2024\/06\/djalmaa.png\" alt=\"\" class=\"wp-image-258596\" srcset=\"https:\/\/noticiaempauta.com\/portal\/wp-content\/uploads\/2024\/06\/djalmaa.png 736w, https:\/\/noticiaempauta.com\/portal\/wp-content\/uploads\/2024\/06\/djalmaa-300x268.png 300w\" sizes=\"(max-width: 736px) 100vw, 736px\" \/><\/figure>\n\n\n\n<p>O prefeito de Monsenhor Hip\u00f3lito, Djalma Policarpo, ressaltou o comprometimento de todos os envolvidos: &#8220;Este resultado \u00e9 um testemunho do trabalho \u00e1rduo e da dedica\u00e7\u00e3o de nossa equipe de educa\u00e7\u00e3o, dos professores aos alunos e suas fam\u00edlias. Estamos investindo no futuro das nossas crian\u00e7as, e ver esses n\u00fameros \u00e9 extremamente gratificante. Continuaremos a implementar pol\u00edticas que priorizem a educa\u00e7\u00e3o de qualidade e que preparem nossos jovens para um futuro brilhante&#8221;, destacou.<\/p>\n\n\n\n<figure class=\"wp-block-image size-full\"><img loading=\"lazy\" decoding=\"async\" width=\"640\" height=\"427\" src=\"https:\/\/noticiaempauta.com\/portal\/wp-content\/uploads\/2024\/06\/4611.jpg\" alt=\"\" class=\"wp-image-258597\" srcset=\"https:\/\/noticiaempauta.com\/portal\/wp-content\/uploads\/2024\/06\/4611.jpg 640w, https:\/\/noticiaempauta.com\/portal\/wp-content\/uploads\/2024\/06\/4611-300x200.jpg 300w\" sizes=\"(max-width: 640px) 100vw, 640px\" \/><\/figure>\n\n\n\n<p>O secret\u00e1rio de educa\u00e7\u00e3o, Luiz Ant\u00f4nio, expressou seu orgulho em rela\u00e7\u00e3o ao desempenho do munic\u00edpio: &#8220;Alcan\u00e7ar 100% de alfabetiza\u00e7\u00e3o na idade certa \u00e9 uma conquista extraordin\u00e1ria e demonstra o comprometimento de toda a nossa comunidade escolar. Estamos determinados a continuar com esse trabalho exemplar e a garantir que nossas crian\u00e7as recebam a melhor educa\u00e7\u00e3o poss\u00edvel&#8221;, disse.<\/p>\n\n\n\n<p><em>Com informa\u00e7\u00f5es do Portal Folha Atual<\/em><\/p>\n","protected":false},"excerpt":{"rendered":"<p>O munic\u00edpio de Monsenhor Hip\u00f3lito tem se destacado continuamente na \u00e1rea da educa\u00e7\u00e3o, e desta vez n\u00e3o foi diferente. A gest\u00e3o do prefeito Djalma Policarpo celebra mais um resultado recorde no Compromisso Nacional Crian\u00e7a Alfabetizada, atingindo a marca de 100% de crian\u00e7as alfabetizadas na idade certa, um feito que supera significativamente as m\u00e9dias estadual e [&hellip;]<\/p>\n","protected":false},"author":2,"featured_media":258600,"comment_status":"open","ping_status":"open","sticky":false,"template":"","format":"standard","meta":{"_mi_skip_tracking":false,"footnotes":""},"categories":[25,9,16],"tags":[192],"class_list":["post-258594","post","type-post","status-publish","format-standard","has-post-thumbnail","hentry","category-destaques-site","category-municipios","category-todas","tag-destaqueprincipal"],"acf":[],"yoast_head":"<!-- This site is optimized with the Yoast SEO Premium plugin v19.2 (Yoast SEO v26.9) - https:\/\/yoast.com\/product\/yoast-seo-premium-wordpress\/ -->\n<title>Educa\u00e7\u00e3o de Monsenhor Hip\u00f3lito \u00e9 destaque com 100% de alfabetiza\u00e7\u00e3o na idade certa - Portal Not\u00edcia em Pauta<\/title>\n<meta name=\"robots\" content=\"index, follow, max-snippet:-1, max-image-preview:large, max-video-preview:-1\" \/>\n<link rel=\"canonical\" href=\"https:\/\/noticiaempauta.com\/portal\/educacao-de-monsenhor-hipolito-e-destaque-com-100-de-alfabetizacao-na-idade-certa\/\" \/>\n<meta property=\"og:locale\" content=\"pt_BR\" \/>\n<meta property=\"og:type\" content=\"article\" \/>\n<meta property=\"og:title\" content=\"Educa\u00e7\u00e3o de Monsenhor Hip\u00f3lito \u00e9 destaque com 100% de alfabetiza\u00e7\u00e3o na idade certa\" \/>\n<meta property=\"og:description\" content=\"O munic\u00edpio de Monsenhor Hip\u00f3lito tem se destacado continuamente na \u00e1rea da educa\u00e7\u00e3o, e desta vez n\u00e3o foi diferente. A gest\u00e3o do prefeito Djalma Policarpo celebra mais um resultado recorde no Compromisso Nacional Crian\u00e7a Alfabetizada, atingindo a marca de 100% de crian\u00e7as alfabetizadas na idade certa, um feito que supera significativamente as m\u00e9dias estadual e [&hellip;]\" \/>\n<meta property=\"og:url\" content=\"https:\/\/noticiaempauta.com\/portal\/educacao-de-monsenhor-hipolito-e-destaque-com-100-de-alfabetizacao-na-idade-certa\/\" \/>\n<meta property=\"og:site_name\" content=\"Portal Not\u00edcia em Pauta\" \/>\n<meta property=\"article:publisher\" content=\"https:\/\/www.facebook.com\/Portal-Notcia-Em-Pauta-102292869264820\/\" \/>\n<meta property=\"article:published_time\" content=\"2024-06-07T15:18:17+00:00\" \/>\n<meta property=\"article:modified_time\" content=\"2024-06-07T15:18:18+00:00\" \/>\n<meta property=\"og:image\" content=\"https:\/\/noticiaempauta.com\/portal\/wp-content\/uploads\/2024\/06\/WhatsApp-Image-2024-06-07-at-12.17.34.jpeg\" \/>\n\t<meta property=\"og:image:width\" content=\"1165\" \/>\n\t<meta property=\"og:image:height\" content=\"834\" \/>\n\t<meta property=\"og:image:type\" content=\"image\/jpeg\" \/>\n<meta name=\"author\" content=\"Reda\u00e7\u00e3o\" \/>\n<meta name=\"twitter:card\" content=\"summary_large_image\" \/>\n<meta name=\"twitter:label1\" content=\"Escrito por\" \/>\n\t<meta name=\"twitter:data1\" content=\"Reda\u00e7\u00e3o\" \/>\n\t<meta name=\"twitter:label2\" content=\"Est. tempo de leitura\" \/>\n\t<meta name=\"twitter:data2\" content=\"3 minutos\" \/>\n<script type=\"application\/ld+json\" class=\"yoast-schema-graph\">{\"@context\":\"https:\/\/schema.org\",\"@graph\":[{\"@type\":\"Article\",\"@id\":\"https:\/\/noticiaempauta.com\/portal\/educacao-de-monsenhor-hipolito-e-destaque-com-100-de-alfabetizacao-na-idade-certa\/#article\",\"isPartOf\":{\"@id\":\"https:\/\/noticiaempauta.com\/portal\/educacao-de-monsenhor-hipolito-e-destaque-com-100-de-alfabetizacao-na-idade-certa\/\"},\"author\":{\"name\":\"Reda\u00e7\u00e3o\",\"@id\":\"https:\/\/noticiaempauta.com\/portal\/#\/schema\/person\/a74af43dd1ab3deca45f988c717d57ac\"},\"headline\":\"Educa\u00e7\u00e3o de Monsenhor Hip\u00f3lito \u00e9 destaque com 100% de alfabetiza\u00e7\u00e3o na idade certa\",\"datePublished\":\"2024-06-07T15:18:17+00:00\",\"dateModified\":\"2024-06-07T15:18:18+00:00\",\"mainEntityOfPage\":{\"@id\":\"https:\/\/noticiaempauta.com\/portal\/educacao-de-monsenhor-hipolito-e-destaque-com-100-de-alfabetizacao-na-idade-certa\/\"},\"wordCount\":386,\"commentCount\":0,\"publisher\":{\"@id\":\"https:\/\/noticiaempauta.com\/portal\/#organization\"},\"image\":{\"@id\":\"https:\/\/noticiaempauta.com\/portal\/educacao-de-monsenhor-hipolito-e-destaque-com-100-de-alfabetizacao-na-idade-certa\/#primaryimage\"},\"thumbnailUrl\":\"https:\/\/noticiaempauta.com\/portal\/wp-content\/uploads\/2024\/06\/WhatsApp-Image-2024-06-07-at-12.17.34.jpeg\",\"keywords\":[\"destaqueprincipal\"],\"articleSection\":[\"Destaques\",\"Munic\u00edpios\",\"Todas as Not\u00edcias\"],\"inLanguage\":\"pt-BR\",\"potentialAction\":[{\"@type\":\"CommentAction\",\"name\":\"Comment\",\"target\":[\"https:\/\/noticiaempauta.com\/portal\/educacao-de-monsenhor-hipolito-e-destaque-com-100-de-alfabetizacao-na-idade-certa\/#respond\"]}]},{\"@type\":\"WebPage\",\"@id\":\"https:\/\/noticiaempauta.com\/portal\/educacao-de-monsenhor-hipolito-e-destaque-com-100-de-alfabetizacao-na-idade-certa\/\",\"url\":\"https:\/\/noticiaempauta.com\/portal\/educacao-de-monsenhor-hipolito-e-destaque-com-100-de-alfabetizacao-na-idade-certa\/\",\"name\":\"Educa\u00e7\u00e3o de Monsenhor Hip\u00f3lito \u00e9 destaque com 100% de alfabetiza\u00e7\u00e3o na idade certa - Portal Not\u00edcia em Pauta\",\"isPartOf\":{\"@id\":\"https:\/\/noticiaempauta.com\/portal\/#website\"},\"primaryImageOfPage\":{\"@id\":\"https:\/\/noticiaempauta.com\/portal\/educacao-de-monsenhor-hipolito-e-destaque-com-100-de-alfabetizacao-na-idade-certa\/#primaryimage\"},\"image\":{\"@id\":\"https:\/\/noticiaempauta.com\/portal\/educacao-de-monsenhor-hipolito-e-destaque-com-100-de-alfabetizacao-na-idade-certa\/#primaryimage\"},\"thumbnailUrl\":\"https:\/\/noticiaempauta.com\/portal\/wp-content\/uploads\/2024\/06\/WhatsApp-Image-2024-06-07-at-12.17.34.jpeg\",\"datePublished\":\"2024-06-07T15:18:17+00:00\",\"dateModified\":\"2024-06-07T15:18:18+00:00\",\"breadcrumb\":{\"@id\":\"https:\/\/noticiaempauta.com\/portal\/educacao-de-monsenhor-hipolito-e-destaque-com-100-de-alfabetizacao-na-idade-certa\/#breadcrumb\"},\"inLanguage\":\"pt-BR\",\"potentialAction\":[{\"@type\":\"ReadAction\",\"target\":[\"https:\/\/noticiaempauta.com\/portal\/educacao-de-monsenhor-hipolito-e-destaque-com-100-de-alfabetizacao-na-idade-certa\/\"]}]},{\"@type\":\"ImageObject\",\"inLanguage\":\"pt-BR\",\"@id\":\"https:\/\/noticiaempauta.com\/portal\/educacao-de-monsenhor-hipolito-e-destaque-com-100-de-alfabetizacao-na-idade-certa\/#primaryimage\",\"url\":\"https:\/\/noticiaempauta.com\/portal\/wp-content\/uploads\/2024\/06\/WhatsApp-Image-2024-06-07-at-12.17.34.jpeg\",\"contentUrl\":\"https:\/\/noticiaempauta.com\/portal\/wp-content\/uploads\/2024\/06\/WhatsApp-Image-2024-06-07-at-12.17.34.jpeg\",\"width\":1165,\"height\":834},{\"@type\":\"BreadcrumbList\",\"@id\":\"https:\/\/noticiaempauta.com\/portal\/educacao-de-monsenhor-hipolito-e-destaque-com-100-de-alfabetizacao-na-idade-certa\/#breadcrumb\",\"itemListElement\":[{\"@type\":\"ListItem\",\"position\":1,\"name\":\"P\u00e1gina Inicial\",\"item\":\"https:\/\/noticiaempauta.com\/portal\/\"},{\"@type\":\"ListItem\",\"position\":2,\"name\":\"Destaques\",\"item\":\"https:\/\/noticiaempauta.com\/portal\/destaques-site\/\"},{\"@type\":\"ListItem\",\"position\":3,\"name\":\"Educa\u00e7\u00e3o de Monsenhor Hip\u00f3lito \u00e9 destaque com 100% de alfabetiza\u00e7\u00e3o na idade certa\"}]},{\"@type\":\"WebSite\",\"@id\":\"https:\/\/noticiaempauta.com\/portal\/#website\",\"url\":\"https:\/\/noticiaempauta.com\/portal\/\",\"name\":\"Portal Not\u00edcia em Pauta\",\"description\":\"Voc\u00ea bem informado\",\"publisher\":{\"@id\":\"https:\/\/noticiaempauta.com\/portal\/#organization\"},\"potentialAction\":[{\"@type\":\"SearchAction\",\"target\":{\"@type\":\"EntryPoint\",\"urlTemplate\":\"https:\/\/noticiaempauta.com\/portal\/?s={search_term_string}\"},\"query-input\":{\"@type\":\"PropertyValueSpecification\",\"valueRequired\":true,\"valueName\":\"search_term_string\"}}],\"inLanguage\":\"pt-BR\"},{\"@type\":\"Organization\",\"@id\":\"https:\/\/noticiaempauta.com\/portal\/#organization\",\"name\":\"Portal Not\u00edcia em Pauta\",\"url\":\"https:\/\/noticiaempauta.com\/portal\/\",\"logo\":{\"@type\":\"ImageObject\",\"inLanguage\":\"pt-BR\",\"@id\":\"https:\/\/noticiaempauta.com\/portal\/#\/schema\/logo\/image\/\",\"url\":\"https:\/\/noticiaempauta.com\/portal\/wp-content\/uploads\/2022\/08\/logomarca_tema.fw_.png\",\"contentUrl\":\"https:\/\/noticiaempauta.com\/portal\/wp-content\/uploads\/2022\/08\/logomarca_tema.fw_.png\",\"width\":400,\"height\":232,\"caption\":\"Portal Not\u00edcia em Pauta\"},\"image\":{\"@id\":\"https:\/\/noticiaempauta.com\/portal\/#\/schema\/logo\/image\/\"},\"sameAs\":[\"https:\/\/www.facebook.com\/Portal-Notcia-Em-Pauta-102292869264820\/\",\"https:\/\/www.instagram.com\/portalnoticiaempauta\/\"]},{\"@type\":\"Person\",\"@id\":\"https:\/\/noticiaempauta.com\/portal\/#\/schema\/person\/a74af43dd1ab3deca45f988c717d57ac\",\"name\":\"Reda\u00e7\u00e3o\",\"image\":{\"@type\":\"ImageObject\",\"inLanguage\":\"pt-BR\",\"@id\":\"https:\/\/noticiaempauta.com\/portal\/#\/schema\/person\/image\/\",\"url\":\"https:\/\/secure.gravatar.com\/avatar\/03179346ecce6cdfc13361603e8f54242a90e5cde8618fa23c5c00aa2b0aadf3?s=96&d=mm&r=g\",\"contentUrl\":\"https:\/\/secure.gravatar.com\/avatar\/03179346ecce6cdfc13361603e8f54242a90e5cde8618fa23c5c00aa2b0aadf3?s=96&d=mm&r=g\",\"caption\":\"Reda\u00e7\u00e3o\"},\"sameAs\":[\"https:\/\/noticiaempauta.com\/portal\/\"],\"url\":\"https:\/\/noticiaempauta.com\/portal\/author\/fernando\/\"}]}<\/script>\n<!-- \/ Yoast SEO Premium plugin. -->","yoast_head_json":{"title":"Educa\u00e7\u00e3o de Monsenhor Hip\u00f3lito \u00e9 destaque com 100% de alfabetiza\u00e7\u00e3o na idade certa - Portal Not\u00edcia em Pauta","robots":{"index":"index","follow":"follow","max-snippet":"max-snippet:-1","max-image-preview":"max-image-preview:large","max-video-preview":"max-video-preview:-1"},"canonical":"https:\/\/noticiaempauta.com\/portal\/educacao-de-monsenhor-hipolito-e-destaque-com-100-de-alfabetizacao-na-idade-certa\/","og_locale":"pt_BR","og_type":"article","og_title":"Educa\u00e7\u00e3o de Monsenhor Hip\u00f3lito \u00e9 destaque com 100% de alfabetiza\u00e7\u00e3o na idade certa","og_description":"O munic\u00edpio de Monsenhor Hip\u00f3lito tem se destacado continuamente na \u00e1rea da educa\u00e7\u00e3o, e desta vez n\u00e3o foi diferente. A gest\u00e3o do prefeito Djalma Policarpo celebra mais um resultado recorde no Compromisso Nacional Crian\u00e7a Alfabetizada, atingindo a marca de 100% de crian\u00e7as alfabetizadas na idade certa, um feito que supera significativamente as m\u00e9dias estadual e [&hellip;]","og_url":"https:\/\/noticiaempauta.com\/portal\/educacao-de-monsenhor-hipolito-e-destaque-com-100-de-alfabetizacao-na-idade-certa\/","og_site_name":"Portal Not\u00edcia em Pauta","article_publisher":"https:\/\/www.facebook.com\/Portal-Notcia-Em-Pauta-102292869264820\/","article_published_time":"2024-06-07T15:18:17+00:00","article_modified_time":"2024-06-07T15:18:18+00:00","og_image":[{"width":1165,"height":834,"url":"https:\/\/noticiaempauta.com\/portal\/wp-content\/uploads\/2024\/06\/WhatsApp-Image-2024-06-07-at-12.17.34.jpeg","type":"image\/jpeg"}],"author":"Reda\u00e7\u00e3o","twitter_card":"summary_large_image","twitter_misc":{"Escrito por":"Reda\u00e7\u00e3o","Est. tempo de leitura":"3 minutos"},"schema":{"@context":"https:\/\/schema.org","@graph":[{"@type":"Article","@id":"https:\/\/noticiaempauta.com\/portal\/educacao-de-monsenhor-hipolito-e-destaque-com-100-de-alfabetizacao-na-idade-certa\/#article","isPartOf":{"@id":"https:\/\/noticiaempauta.com\/portal\/educacao-de-monsenhor-hipolito-e-destaque-com-100-de-alfabetizacao-na-idade-certa\/"},"author":{"name":"Reda\u00e7\u00e3o","@id":"https:\/\/noticiaempauta.com\/portal\/#\/schema\/person\/a74af43dd1ab3deca45f988c717d57ac"},"headline":"Educa\u00e7\u00e3o de Monsenhor Hip\u00f3lito \u00e9 destaque com 100% de alfabetiza\u00e7\u00e3o na idade certa","datePublished":"2024-06-07T15:18:17+00:00","dateModified":"2024-06-07T15:18:18+00:00","mainEntityOfPage":{"@id":"https:\/\/noticiaempauta.com\/portal\/educacao-de-monsenhor-hipolito-e-destaque-com-100-de-alfabetizacao-na-idade-certa\/"},"wordCount":386,"commentCount":0,"publisher":{"@id":"https:\/\/noticiaempauta.com\/portal\/#organization"},"image":{"@id":"https:\/\/noticiaempauta.com\/portal\/educacao-de-monsenhor-hipolito-e-destaque-com-100-de-alfabetizacao-na-idade-certa\/#primaryimage"},"thumbnailUrl":"https:\/\/noticiaempauta.com\/portal\/wp-content\/uploads\/2024\/06\/WhatsApp-Image-2024-06-07-at-12.17.34.jpeg","keywords":["destaqueprincipal"],"articleSection":["Destaques","Munic\u00edpios","Todas as Not\u00edcias"],"inLanguage":"pt-BR","potentialAction":[{"@type":"CommentAction","name":"Comment","target":["https:\/\/noticiaempauta.com\/portal\/educacao-de-monsenhor-hipolito-e-destaque-com-100-de-alfabetizacao-na-idade-certa\/#respond"]}]},{"@type":"WebPage","@id":"https:\/\/noticiaempauta.com\/portal\/educacao-de-monsenhor-hipolito-e-destaque-com-100-de-alfabetizacao-na-idade-certa\/","url":"https:\/\/noticiaempauta.com\/portal\/educacao-de-monsenhor-hipolito-e-destaque-com-100-de-alfabetizacao-na-idade-certa\/","name":"Educa\u00e7\u00e3o de Monsenhor Hip\u00f3lito \u00e9 destaque com 100% de alfabetiza\u00e7\u00e3o na idade certa - Portal Not\u00edcia em Pauta","isPartOf":{"@id":"https:\/\/noticiaempauta.com\/portal\/#website"},"primaryImageOfPage":{"@id":"https:\/\/noticiaempauta.com\/portal\/educacao-de-monsenhor-hipolito-e-destaque-com-100-de-alfabetizacao-na-idade-certa\/#primaryimage"},"image":{"@id":"https:\/\/noticiaempauta.com\/portal\/educacao-de-monsenhor-hipolito-e-destaque-com-100-de-alfabetizacao-na-idade-certa\/#primaryimage"},"thumbnailUrl":"https:\/\/noticiaempauta.com\/portal\/wp-content\/uploads\/2024\/06\/WhatsApp-Image-2024-06-07-at-12.17.34.jpeg","datePublished":"2024-06-07T15:18:17+00:00","dateModified":"2024-06-07T15:18:18+00:00","breadcrumb":{"@id":"https:\/\/noticiaempauta.com\/portal\/educacao-de-monsenhor-hipolito-e-destaque-com-100-de-alfabetizacao-na-idade-certa\/#breadcrumb"},"inLanguage":"pt-BR","potentialAction":[{"@type":"ReadAction","target":["https:\/\/noticiaempauta.com\/portal\/educacao-de-monsenhor-hipolito-e-destaque-com-100-de-alfabetizacao-na-idade-certa\/"]}]},{"@type":"ImageObject","inLanguage":"pt-BR","@id":"https:\/\/noticiaempauta.com\/portal\/educacao-de-monsenhor-hipolito-e-destaque-com-100-de-alfabetizacao-na-idade-certa\/#primaryimage","url":"https:\/\/noticiaempauta.com\/portal\/wp-content\/uploads\/2024\/06\/WhatsApp-Image-2024-06-07-at-12.17.34.jpeg","contentUrl":"https:\/\/noticiaempauta.com\/portal\/wp-content\/uploads\/2024\/06\/WhatsApp-Image-2024-06-07-at-12.17.34.jpeg","width":1165,"height":834},{"@type":"BreadcrumbList","@id":"https:\/\/noticiaempauta.com\/portal\/educacao-de-monsenhor-hipolito-e-destaque-com-100-de-alfabetizacao-na-idade-certa\/#breadcrumb","itemListElement":[{"@type":"ListItem","position":1,"name":"P\u00e1gina Inicial","item":"https:\/\/noticiaempauta.com\/portal\/"},{"@type":"ListItem","position":2,"name":"Destaques","item":"https:\/\/noticiaempauta.com\/portal\/destaques-site\/"},{"@type":"ListItem","position":3,"name":"Educa\u00e7\u00e3o de Monsenhor Hip\u00f3lito \u00e9 destaque com 100% de alfabetiza\u00e7\u00e3o na idade certa"}]},{"@type":"WebSite","@id":"https:\/\/noticiaempauta.com\/portal\/#website","url":"https:\/\/noticiaempauta.com\/portal\/","name":"Portal Not\u00edcia em Pauta","description":"Voc\u00ea bem informado","publisher":{"@id":"https:\/\/noticiaempauta.com\/portal\/#organization"},"potentialAction":[{"@type":"SearchAction","target":{"@type":"EntryPoint","urlTemplate":"https:\/\/noticiaempauta.com\/portal\/?s={search_term_string}"},"query-input":{"@type":"PropertyValueSpecification","valueRequired":true,"valueName":"search_term_string"}}],"inLanguage":"pt-BR"},{"@type":"Organization","@id":"https:\/\/noticiaempauta.com\/portal\/#organization","name":"Portal Not\u00edcia em Pauta","url":"https:\/\/noticiaempauta.com\/portal\/","logo":{"@type":"ImageObject","inLanguage":"pt-BR","@id":"https:\/\/noticiaempauta.com\/portal\/#\/schema\/logo\/image\/","url":"https:\/\/noticiaempauta.com\/portal\/wp-content\/uploads\/2022\/08\/logomarca_tema.fw_.png","contentUrl":"https:\/\/noticiaempauta.com\/portal\/wp-content\/uploads\/2022\/08\/logomarca_tema.fw_.png","width":400,"height":232,"caption":"Portal Not\u00edcia em Pauta"},"image":{"@id":"https:\/\/noticiaempauta.com\/portal\/#\/schema\/logo\/image\/"},"sameAs":["https:\/\/www.facebook.com\/Portal-Notcia-Em-Pauta-102292869264820\/","https:\/\/www.instagram.com\/portalnoticiaempauta\/"]},{"@type":"Person","@id":"https:\/\/noticiaempauta.com\/portal\/#\/schema\/person\/a74af43dd1ab3deca45f988c717d57ac","name":"Reda\u00e7\u00e3o","image":{"@type":"ImageObject","inLanguage":"pt-BR","@id":"https:\/\/noticiaempauta.com\/portal\/#\/schema\/person\/image\/","url":"https:\/\/secure.gravatar.com\/avatar\/03179346ecce6cdfc13361603e8f54242a90e5cde8618fa23c5c00aa2b0aadf3?s=96&d=mm&r=g","contentUrl":"https:\/\/secure.gravatar.com\/avatar\/03179346ecce6cdfc13361603e8f54242a90e5cde8618fa23c5c00aa2b0aadf3?s=96&d=mm&r=g","caption":"Reda\u00e7\u00e3o"},"sameAs":["https:\/\/noticiaempauta.com\/portal\/"],"url":"https:\/\/noticiaempauta.com\/portal\/author\/fernando\/"}]}},"_links":{"self":[{"href":"https:\/\/noticiaempauta.com\/portal\/wp-json\/wp\/v2\/posts\/258594","targetHints":{"allow":["GET"]}}],"collection":[{"href":"https:\/\/noticiaempauta.com\/portal\/wp-json\/wp\/v2\/posts"}],"about":[{"href":"https:\/\/noticiaempauta.com\/portal\/wp-json\/wp\/v2\/types\/post"}],"author":[{"embeddable":true,"href":"https:\/\/noticiaempauta.com\/portal\/wp-json\/wp\/v2\/users\/2"}],"replies":[{"embeddable":true,"href":"https:\/\/noticiaempauta.com\/portal\/wp-json\/wp\/v2\/comments?post=258594"}],"version-history":[{"count":2,"href":"https:\/\/noticiaempauta.com\/portal\/wp-json\/wp\/v2\/posts\/258594\/revisions"}],"predecessor-version":[{"id":258602,"href":"https:\/\/noticiaempauta.com\/portal\/wp-json\/wp\/v2\/posts\/258594\/revisions\/258602"}],"wp:featuredmedia":[{"embeddable":true,"href":"https:\/\/noticiaempauta.com\/portal\/wp-json\/wp\/v2\/media\/258600"}],"wp:attachment":[{"href":"https:\/\/noticiaempauta.com\/portal\/wp-json\/wp\/v2\/media?parent=258594"}],"wp:term":[{"taxonomy":"category","embeddable":true,"href":"https:\/\/noticiaempauta.com\/portal\/wp-json\/wp\/v2\/categories?post=258594"},{"taxonomy":"post_tag","embeddable":true,"href":"https:\/\/noticiaempauta.com\/portal\/wp-json\/wp\/v2\/tags?post=258594"}],"curies":[{"name":"wp","href":"https:\/\/api.w.org\/{rel}","templated":true}]}}