{"id":258603,"date":"2024-06-08T12:43:10","date_gmt":"2024-06-08T15:43:10","guid":{"rendered":"https:\/\/noticiaempauta.com\/portal\/?p=258603"},"modified":"2024-06-08T12:43:10","modified_gmt":"2024-06-08T15:43:10","slug":"enem-2024-inscricoes-sao-prorrogadas-ate-14-de-junho-veja-como-participar","status":"publish","type":"post","link":"https:\/\/noticiaempauta.com\/portal\/enem-2024-inscricoes-sao-prorrogadas-ate-14-de-junho-veja-como-participar\/","title":{"rendered":"Enem 2024: inscri\u00e7\u00f5es s\u00e3o prorrogadas at\u00e9 14 de junho; veja como participar"},"content":{"rendered":"\n<p>O\u00a0prazo para as inscri\u00e7\u00f5es no Exame Nacional do Ensino M\u00e9dio (Enem) 2024foi\u00a0prorrogado at\u00e9 o dia 14 de junho, conforme anunciado pelo ministro da Educa\u00e7\u00e3o, Camilo Santana. Inicialmente, o\u00a0prazo terminaria \u00e0s 23h59 desta sexta-feira (7).\u00a0O ministro explicou que a prorroga\u00e7\u00e3o visa permitir que mais estudantes tenham a oportunidade de participar do Enem.<\/p>\n\n\n\n<blockquote class=\"wp-block-quote is-layout-flow wp-block-quote-is-layout-flow\">\n<p>&#8220;Estudantes do Rio Grande do Sul e de todo o Brasil agora t\u00eam mais uma semana para se inscrever pela P\u00e1gina do Participante. Os concluintes do ensino m\u00e9dio em escola p\u00fablica n\u00e3o pagam taxa de inscri\u00e7\u00e3o&#8221;, publicou em uma rede social.&nbsp;<\/p>\n<\/blockquote>\n\n\n\n<p>Santana declarou que quase<a href=\"https:\/\/www.meionews.com\/\" target=\"_blank\" rel=\"noreferrer noopener\"><strong>&nbsp;100% dos estudantes do \u00faltimo ano do ensino m\u00e9dio&nbsp;<\/strong><\/a>em Alagoas, Amap\u00e1, Bahia, Cear\u00e1, Distrito Federal, Esp\u00edrito Santo, Goi\u00e1s, Par\u00e1, Para\u00edba, Pernambuco, Piau\u00ed, Rio Grande do Norte e Sergipe se inscreveram no Enem.&nbsp;<strong>No Rio Grande do Sul, mais de 70% dos alunos da rede p\u00fablica que est\u00e3o concluindo o ensino m\u00e9dio neste ano se inscreveram no Enem.&nbsp;<\/strong><\/p>\n\n\n\n<h2 class=\"wp-block-heading\">D\u00daVIDAS?<\/h2>\n\n\n\n<p><strong>Em que site fazer a inscri\u00e7\u00e3o?&nbsp;<\/strong>\u00c9 s\u00f3 entrar na P\u00e1gina do Participante, em&nbsp;<a href=\"https:\/\/enem.inep.gov.br\/participante\/\" target=\"_blank\" rel=\"noreferrer noopener\"><strong>enem.inep.gov.br\/participante<\/strong><\/a>.<\/p>\n\n\n\n<p><strong>\ud83d\udcb0Qual \u00e9 o valor da taxa de inscri\u00e7\u00e3o?&nbsp;<\/strong>Ela custa R$ 85 e dever\u00e1 ser quitada at\u00e9 12 de junho. Somente ap\u00f3s o pagamento, a inscri\u00e7\u00e3o estar\u00e1 confirmada (veja passo a passo mais abaixo).<\/p>\n\n\n\n<p><strong>\ud83d\udcb2Quais as formas de pagamento?&nbsp;<\/strong>A taxa deve ser paga por boleto, PIX ou cart\u00e3o de cr\u00e9dito.<\/p>\n\n\n\n<p><strong>\ud83d\uddd3\ufe0f Quando as provas ser\u00e3o aplicadas?&nbsp;<\/strong>Em 3 e 10 de novembro.<\/p>\n\n\n\n<h2 class=\"wp-block-heading\">DISCIPLINAS E HOR\u00c1RIOS<\/h2>\n\n\n\n<p>Como nos \u00faltimos anos, o Enem ser\u00e1 aplicado em dois domingos.<\/p>\n\n\n\n<p><strong>3 de novembro<\/strong><\/p>\n\n\n\n<p>O candidato dever\u00e1 fazer:<\/p>\n\n\n\n<ul class=\"wp-block-list\">\n<li>45 quest\u00f5es de linguagens (40 de l\u00edngua portuguesa e 5 de ingl\u00eas ou espanhol);<\/li>\n\n\n\n<li>45 quest\u00f5es de ci\u00eancias humanas;<\/li>\n\n\n\n<li>reda\u00e7\u00e3o.<\/li>\n<\/ul>\n\n\n\n<p><strong>10 de novembro<\/strong><\/p>\n\n\n\n<p>A prova trar\u00e1:<\/p>\n\n\n\n<ul class=\"wp-block-list\">\n<li>45 quest\u00f5es de matem\u00e1tica;<\/li>\n\n\n\n<li>45 quest\u00f5es de ci\u00eancias da natureza.<\/li>\n<\/ul>\n\n\n\n<p><strong>Veja os hor\u00e1rios de aplica\u00e7\u00e3o (no fuso de Bras\u00edlia):<\/strong><\/p>\n\n\n\n<ul class=\"wp-block-list\">\n<li><strong>Abertura dos port\u00f5es:\u00a0<\/strong>12h<\/li>\n\n\n\n<li><strong>Fechamento dos port\u00f5es:\u00a0<\/strong>13h<\/li>\n\n\n\n<li><strong>In\u00edcio das provas:\u00a0<\/strong>13h30<\/li>\n\n\n\n<li><strong>T\u00e9rmino das provas no 1\u00ba dia:<\/strong>\u00a019h<\/li>\n\n\n\n<li><strong>T\u00e9rmino das provas no 2\u00ba dia:\u00a0<\/strong>18h30<\/li>\n<\/ul>\n\n\n\n<h2 class=\"wp-block-heading\">CRONOGRAMA DO ENEM 2024<\/h2>\n\n\n\n<ul class=\"wp-block-list\">\n<li><strong>Inscri\u00e7\u00f5es:\u00a0<\/strong>de 27\/5 a 7\/6\/2024<\/li>\n\n\n\n<li><strong>Pagamento da taxa de inscri\u00e7\u00e3o:\u00a0<\/strong>de 27\/5 a 12\/6\/2024<\/li>\n\n\n\n<li><strong>Pedido de tratamento pelo nome social:\u00a0<\/strong>de 27\/5 a 7\/6\/2024<\/li>\n\n\n\n<li><strong>Solicita\u00e7\u00e3o de atendimento especializado:\u00a0<\/strong>de 27\/5 a 7\/6\/2024<\/li>\n\n\n\n<li><strong>Resultado das solicita\u00e7\u00f5es de atendimento especializado:\u00a0<\/strong>17\/6\/2024<\/li>\n\n\n\n<li><strong>Recurso para pedidos negados:\u00a0<\/strong>de 17\/6 a 21\/6\/2024<\/li>\n\n\n\n<li><strong>Resultado do recurso:\u00a0<\/strong>27\/6\/2024<\/li>\n\n\n\n<li><strong>Divulga\u00e7\u00e3o dos locais de prova:\u00a0<\/strong>data a ser marcada<\/li>\n\n\n\n<li><strong>Aplica\u00e7\u00e3o do Enem:<\/strong>\u00a03 e 10\/11\/2024<\/li>\n\n\n\n<li><strong>Divulga\u00e7\u00e3o do gabarito:\u00a0<\/strong>20\/11\/2024<\/li>\n\n\n\n<li><strong>Divulga\u00e7\u00e3o do resultado:\u00a0<\/strong>13\/1\/2025<\/li>\n<\/ul>\n\n\n\n<p><\/p>\n\n\n\n<p>Fonte: Meio News<\/p>\n","protected":false},"excerpt":{"rendered":"<p>O\u00a0prazo para as inscri\u00e7\u00f5es no Exame Nacional do Ensino M\u00e9dio (Enem) 2024foi\u00a0prorrogado at\u00e9 o dia 14 de junho, conforme anunciado pelo ministro da Educa\u00e7\u00e3o, Camilo Santana. Inicialmente, o\u00a0prazo terminaria \u00e0s 23h59 desta sexta-feira (7).\u00a0O ministro explicou que a prorroga\u00e7\u00e3o visa permitir que mais estudantes tenham a oportunidade de participar do Enem. &#8220;Estudantes do Rio Grande [&hellip;]<\/p>\n","protected":false},"author":2,"featured_media":258604,"comment_status":"open","ping_status":"open","sticky":false,"template":"","format":"standard","meta":{"_mi_skip_tracking":false,"footnotes":""},"categories":[25,1,16],"tags":[192],"class_list":["post-258603","post","type-post","status-publish","format-standard","has-post-thumbnail","hentry","category-destaques-site","category-geral","category-todas","tag-destaqueprincipal"],"acf":[],"yoast_head":"<!-- This site is optimized with the Yoast SEO Premium plugin v19.2 (Yoast SEO v26.9) - https:\/\/yoast.com\/product\/yoast-seo-premium-wordpress\/ -->\n<title>Enem 2024: inscri\u00e7\u00f5es s\u00e3o prorrogadas at\u00e9 14 de junho; veja como participar - Portal Not\u00edcia em Pauta<\/title>\n<meta name=\"robots\" content=\"index, follow, max-snippet:-1, max-image-preview:large, max-video-preview:-1\" \/>\n<link rel=\"canonical\" href=\"https:\/\/noticiaempauta.com\/portal\/enem-2024-inscricoes-sao-prorrogadas-ate-14-de-junho-veja-como-participar\/\" \/>\n<meta property=\"og:locale\" content=\"pt_BR\" \/>\n<meta property=\"og:type\" content=\"article\" \/>\n<meta property=\"og:title\" content=\"Enem 2024: inscri\u00e7\u00f5es s\u00e3o prorrogadas at\u00e9 14 de junho; veja como participar\" \/>\n<meta property=\"og:description\" content=\"O\u00a0prazo para as inscri\u00e7\u00f5es no Exame Nacional do Ensino M\u00e9dio (Enem) 2024foi\u00a0prorrogado at\u00e9 o dia 14 de junho, conforme anunciado pelo ministro da Educa\u00e7\u00e3o, Camilo Santana. Inicialmente, o\u00a0prazo terminaria \u00e0s 23h59 desta sexta-feira (7).\u00a0O ministro explicou que a prorroga\u00e7\u00e3o visa permitir que mais estudantes tenham a oportunidade de participar do Enem. &#8220;Estudantes do Rio Grande [&hellip;]\" \/>\n<meta property=\"og:url\" content=\"https:\/\/noticiaempauta.com\/portal\/enem-2024-inscricoes-sao-prorrogadas-ate-14-de-junho-veja-como-participar\/\" \/>\n<meta property=\"og:site_name\" content=\"Portal Not\u00edcia em Pauta\" \/>\n<meta property=\"article:publisher\" content=\"https:\/\/www.facebook.com\/Portal-Notcia-Em-Pauta-102292869264820\/\" \/>\n<meta property=\"article:published_time\" content=\"2024-06-08T15:43:10+00:00\" \/>\n<meta property=\"og:image\" content=\"https:\/\/noticiaempauta.com\/portal\/wp-content\/uploads\/2024\/06\/IMG_2104.webp\" \/>\n\t<meta property=\"og:image:width\" content=\"1200\" \/>\n\t<meta property=\"og:image:height\" content=\"793\" \/>\n\t<meta property=\"og:image:type\" content=\"image\/webp\" \/>\n<meta name=\"author\" content=\"Reda\u00e7\u00e3o\" \/>\n<meta name=\"twitter:card\" content=\"summary_large_image\" \/>\n<meta name=\"twitter:label1\" content=\"Escrito por\" \/>\n\t<meta name=\"twitter:data1\" content=\"Reda\u00e7\u00e3o\" \/>\n\t<meta name=\"twitter:label2\" content=\"Est. tempo de leitura\" \/>\n\t<meta name=\"twitter:data2\" content=\"3 minutos\" \/>\n<script type=\"application\/ld+json\" class=\"yoast-schema-graph\">{\"@context\":\"https:\/\/schema.org\",\"@graph\":[{\"@type\":\"Article\",\"@id\":\"https:\/\/noticiaempauta.com\/portal\/enem-2024-inscricoes-sao-prorrogadas-ate-14-de-junho-veja-como-participar\/#article\",\"isPartOf\":{\"@id\":\"https:\/\/noticiaempauta.com\/portal\/enem-2024-inscricoes-sao-prorrogadas-ate-14-de-junho-veja-como-participar\/\"},\"author\":{\"name\":\"Reda\u00e7\u00e3o\",\"@id\":\"https:\/\/noticiaempauta.com\/portal\/#\/schema\/person\/a74af43dd1ab3deca45f988c717d57ac\"},\"headline\":\"Enem 2024: inscri\u00e7\u00f5es s\u00e3o prorrogadas at\u00e9 14 de junho; veja como participar\",\"datePublished\":\"2024-06-08T15:43:10+00:00\",\"mainEntityOfPage\":{\"@id\":\"https:\/\/noticiaempauta.com\/portal\/enem-2024-inscricoes-sao-prorrogadas-ate-14-de-junho-veja-como-participar\/\"},\"wordCount\":451,\"commentCount\":0,\"publisher\":{\"@id\":\"https:\/\/noticiaempauta.com\/portal\/#organization\"},\"image\":{\"@id\":\"https:\/\/noticiaempauta.com\/portal\/enem-2024-inscricoes-sao-prorrogadas-ate-14-de-junho-veja-como-participar\/#primaryimage\"},\"thumbnailUrl\":\"https:\/\/noticiaempauta.com\/portal\/wp-content\/uploads\/2024\/06\/IMG_2104.webp\",\"keywords\":[\"destaqueprincipal\"],\"articleSection\":[\"Destaques\",\"Geral\",\"Todas as Not\u00edcias\"],\"inLanguage\":\"pt-BR\",\"potentialAction\":[{\"@type\":\"CommentAction\",\"name\":\"Comment\",\"target\":[\"https:\/\/noticiaempauta.com\/portal\/enem-2024-inscricoes-sao-prorrogadas-ate-14-de-junho-veja-como-participar\/#respond\"]}]},{\"@type\":\"WebPage\",\"@id\":\"https:\/\/noticiaempauta.com\/portal\/enem-2024-inscricoes-sao-prorrogadas-ate-14-de-junho-veja-como-participar\/\",\"url\":\"https:\/\/noticiaempauta.com\/portal\/enem-2024-inscricoes-sao-prorrogadas-ate-14-de-junho-veja-como-participar\/\",\"name\":\"Enem 2024: inscri\u00e7\u00f5es s\u00e3o prorrogadas at\u00e9 14 de junho; veja como participar - Portal Not\u00edcia em Pauta\",\"isPartOf\":{\"@id\":\"https:\/\/noticiaempauta.com\/portal\/#website\"},\"primaryImageOfPage\":{\"@id\":\"https:\/\/noticiaempauta.com\/portal\/enem-2024-inscricoes-sao-prorrogadas-ate-14-de-junho-veja-como-participar\/#primaryimage\"},\"image\":{\"@id\":\"https:\/\/noticiaempauta.com\/portal\/enem-2024-inscricoes-sao-prorrogadas-ate-14-de-junho-veja-como-participar\/#primaryimage\"},\"thumbnailUrl\":\"https:\/\/noticiaempauta.com\/portal\/wp-content\/uploads\/2024\/06\/IMG_2104.webp\",\"datePublished\":\"2024-06-08T15:43:10+00:00\",\"breadcrumb\":{\"@id\":\"https:\/\/noticiaempauta.com\/portal\/enem-2024-inscricoes-sao-prorrogadas-ate-14-de-junho-veja-como-participar\/#breadcrumb\"},\"inLanguage\":\"pt-BR\",\"potentialAction\":[{\"@type\":\"ReadAction\",\"target\":[\"https:\/\/noticiaempauta.com\/portal\/enem-2024-inscricoes-sao-prorrogadas-ate-14-de-junho-veja-como-participar\/\"]}]},{\"@type\":\"ImageObject\",\"inLanguage\":\"pt-BR\",\"@id\":\"https:\/\/noticiaempauta.com\/portal\/enem-2024-inscricoes-sao-prorrogadas-ate-14-de-junho-veja-como-participar\/#primaryimage\",\"url\":\"https:\/\/noticiaempauta.com\/portal\/wp-content\/uploads\/2024\/06\/IMG_2104.webp\",\"contentUrl\":\"https:\/\/noticiaempauta.com\/portal\/wp-content\/uploads\/2024\/06\/IMG_2104.webp\",\"width\":1200,\"height\":793},{\"@type\":\"BreadcrumbList\",\"@id\":\"https:\/\/noticiaempauta.com\/portal\/enem-2024-inscricoes-sao-prorrogadas-ate-14-de-junho-veja-como-participar\/#breadcrumb\",\"itemListElement\":[{\"@type\":\"ListItem\",\"position\":1,\"name\":\"P\u00e1gina Inicial\",\"item\":\"https:\/\/noticiaempauta.com\/portal\/\"},{\"@type\":\"ListItem\",\"position\":2,\"name\":\"Destaques\",\"item\":\"https:\/\/noticiaempauta.com\/portal\/destaques-site\/\"},{\"@type\":\"ListItem\",\"position\":3,\"name\":\"Enem 2024: inscri\u00e7\u00f5es s\u00e3o prorrogadas at\u00e9 14 de junho; veja como participar\"}]},{\"@type\":\"WebSite\",\"@id\":\"https:\/\/noticiaempauta.com\/portal\/#website\",\"url\":\"https:\/\/noticiaempauta.com\/portal\/\",\"name\":\"Portal Not\u00edcia em Pauta\",\"description\":\"Voc\u00ea bem informado\",\"publisher\":{\"@id\":\"https:\/\/noticiaempauta.com\/portal\/#organization\"},\"potentialAction\":[{\"@type\":\"SearchAction\",\"target\":{\"@type\":\"EntryPoint\",\"urlTemplate\":\"https:\/\/noticiaempauta.com\/portal\/?s={search_term_string}\"},\"query-input\":{\"@type\":\"PropertyValueSpecification\",\"valueRequired\":true,\"valueName\":\"search_term_string\"}}],\"inLanguage\":\"pt-BR\"},{\"@type\":\"Organization\",\"@id\":\"https:\/\/noticiaempauta.com\/portal\/#organization\",\"name\":\"Portal Not\u00edcia em Pauta\",\"url\":\"https:\/\/noticiaempauta.com\/portal\/\",\"logo\":{\"@type\":\"ImageObject\",\"inLanguage\":\"pt-BR\",\"@id\":\"https:\/\/noticiaempauta.com\/portal\/#\/schema\/logo\/image\/\",\"url\":\"https:\/\/noticiaempauta.com\/portal\/wp-content\/uploads\/2022\/08\/logomarca_tema.fw_.png\",\"contentUrl\":\"https:\/\/noticiaempauta.com\/portal\/wp-content\/uploads\/2022\/08\/logomarca_tema.fw_.png\",\"width\":400,\"height\":232,\"caption\":\"Portal Not\u00edcia em Pauta\"},\"image\":{\"@id\":\"https:\/\/noticiaempauta.com\/portal\/#\/schema\/logo\/image\/\"},\"sameAs\":[\"https:\/\/www.facebook.com\/Portal-Notcia-Em-Pauta-102292869264820\/\",\"https:\/\/www.instagram.com\/portalnoticiaempauta\/\"]},{\"@type\":\"Person\",\"@id\":\"https:\/\/noticiaempauta.com\/portal\/#\/schema\/person\/a74af43dd1ab3deca45f988c717d57ac\",\"name\":\"Reda\u00e7\u00e3o\",\"image\":{\"@type\":\"ImageObject\",\"inLanguage\":\"pt-BR\",\"@id\":\"https:\/\/noticiaempauta.com\/portal\/#\/schema\/person\/image\/\",\"url\":\"https:\/\/secure.gravatar.com\/avatar\/03179346ecce6cdfc13361603e8f54242a90e5cde8618fa23c5c00aa2b0aadf3?s=96&d=mm&r=g\",\"contentUrl\":\"https:\/\/secure.gravatar.com\/avatar\/03179346ecce6cdfc13361603e8f54242a90e5cde8618fa23c5c00aa2b0aadf3?s=96&d=mm&r=g\",\"caption\":\"Reda\u00e7\u00e3o\"},\"sameAs\":[\"https:\/\/noticiaempauta.com\/portal\/\"],\"url\":\"https:\/\/noticiaempauta.com\/portal\/author\/fernando\/\"}]}<\/script>\n<!-- \/ Yoast SEO Premium plugin. -->","yoast_head_json":{"title":"Enem 2024: inscri\u00e7\u00f5es s\u00e3o prorrogadas at\u00e9 14 de junho; veja como participar - Portal Not\u00edcia em Pauta","robots":{"index":"index","follow":"follow","max-snippet":"max-snippet:-1","max-image-preview":"max-image-preview:large","max-video-preview":"max-video-preview:-1"},"canonical":"https:\/\/noticiaempauta.com\/portal\/enem-2024-inscricoes-sao-prorrogadas-ate-14-de-junho-veja-como-participar\/","og_locale":"pt_BR","og_type":"article","og_title":"Enem 2024: inscri\u00e7\u00f5es s\u00e3o prorrogadas at\u00e9 14 de junho; veja como participar","og_description":"O\u00a0prazo para as inscri\u00e7\u00f5es no Exame Nacional do Ensino M\u00e9dio (Enem) 2024foi\u00a0prorrogado at\u00e9 o dia 14 de junho, conforme anunciado pelo ministro da Educa\u00e7\u00e3o, Camilo Santana. Inicialmente, o\u00a0prazo terminaria \u00e0s 23h59 desta sexta-feira (7).\u00a0O ministro explicou que a prorroga\u00e7\u00e3o visa permitir que mais estudantes tenham a oportunidade de participar do Enem. &#8220;Estudantes do Rio Grande [&hellip;]","og_url":"https:\/\/noticiaempauta.com\/portal\/enem-2024-inscricoes-sao-prorrogadas-ate-14-de-junho-veja-como-participar\/","og_site_name":"Portal Not\u00edcia em Pauta","article_publisher":"https:\/\/www.facebook.com\/Portal-Notcia-Em-Pauta-102292869264820\/","article_published_time":"2024-06-08T15:43:10+00:00","og_image":[{"width":1200,"height":793,"url":"https:\/\/noticiaempauta.com\/portal\/wp-content\/uploads\/2024\/06\/IMG_2104.webp","type":"image\/webp"}],"author":"Reda\u00e7\u00e3o","twitter_card":"summary_large_image","twitter_misc":{"Escrito por":"Reda\u00e7\u00e3o","Est. tempo de leitura":"3 minutos"},"schema":{"@context":"https:\/\/schema.org","@graph":[{"@type":"Article","@id":"https:\/\/noticiaempauta.com\/portal\/enem-2024-inscricoes-sao-prorrogadas-ate-14-de-junho-veja-como-participar\/#article","isPartOf":{"@id":"https:\/\/noticiaempauta.com\/portal\/enem-2024-inscricoes-sao-prorrogadas-ate-14-de-junho-veja-como-participar\/"},"author":{"name":"Reda\u00e7\u00e3o","@id":"https:\/\/noticiaempauta.com\/portal\/#\/schema\/person\/a74af43dd1ab3deca45f988c717d57ac"},"headline":"Enem 2024: inscri\u00e7\u00f5es s\u00e3o prorrogadas at\u00e9 14 de junho; veja como participar","datePublished":"2024-06-08T15:43:10+00:00","mainEntityOfPage":{"@id":"https:\/\/noticiaempauta.com\/portal\/enem-2024-inscricoes-sao-prorrogadas-ate-14-de-junho-veja-como-participar\/"},"wordCount":451,"commentCount":0,"publisher":{"@id":"https:\/\/noticiaempauta.com\/portal\/#organization"},"image":{"@id":"https:\/\/noticiaempauta.com\/portal\/enem-2024-inscricoes-sao-prorrogadas-ate-14-de-junho-veja-como-participar\/#primaryimage"},"thumbnailUrl":"https:\/\/noticiaempauta.com\/portal\/wp-content\/uploads\/2024\/06\/IMG_2104.webp","keywords":["destaqueprincipal"],"articleSection":["Destaques","Geral","Todas as Not\u00edcias"],"inLanguage":"pt-BR","potentialAction":[{"@type":"CommentAction","name":"Comment","target":["https:\/\/noticiaempauta.com\/portal\/enem-2024-inscricoes-sao-prorrogadas-ate-14-de-junho-veja-como-participar\/#respond"]}]},{"@type":"WebPage","@id":"https:\/\/noticiaempauta.com\/portal\/enem-2024-inscricoes-sao-prorrogadas-ate-14-de-junho-veja-como-participar\/","url":"https:\/\/noticiaempauta.com\/portal\/enem-2024-inscricoes-sao-prorrogadas-ate-14-de-junho-veja-como-participar\/","name":"Enem 2024: inscri\u00e7\u00f5es s\u00e3o prorrogadas at\u00e9 14 de junho; veja como participar - Portal Not\u00edcia em Pauta","isPartOf":{"@id":"https:\/\/noticiaempauta.com\/portal\/#website"},"primaryImageOfPage":{"@id":"https:\/\/noticiaempauta.com\/portal\/enem-2024-inscricoes-sao-prorrogadas-ate-14-de-junho-veja-como-participar\/#primaryimage"},"image":{"@id":"https:\/\/noticiaempauta.com\/portal\/enem-2024-inscricoes-sao-prorrogadas-ate-14-de-junho-veja-como-participar\/#primaryimage"},"thumbnailUrl":"https:\/\/noticiaempauta.com\/portal\/wp-content\/uploads\/2024\/06\/IMG_2104.webp","datePublished":"2024-06-08T15:43:10+00:00","breadcrumb":{"@id":"https:\/\/noticiaempauta.com\/portal\/enem-2024-inscricoes-sao-prorrogadas-ate-14-de-junho-veja-como-participar\/#breadcrumb"},"inLanguage":"pt-BR","potentialAction":[{"@type":"ReadAction","target":["https:\/\/noticiaempauta.com\/portal\/enem-2024-inscricoes-sao-prorrogadas-ate-14-de-junho-veja-como-participar\/"]}]},{"@type":"ImageObject","inLanguage":"pt-BR","@id":"https:\/\/noticiaempauta.com\/portal\/enem-2024-inscricoes-sao-prorrogadas-ate-14-de-junho-veja-como-participar\/#primaryimage","url":"https:\/\/noticiaempauta.com\/portal\/wp-content\/uploads\/2024\/06\/IMG_2104.webp","contentUrl":"https:\/\/noticiaempauta.com\/portal\/wp-content\/uploads\/2024\/06\/IMG_2104.webp","width":1200,"height":793},{"@type":"BreadcrumbList","@id":"https:\/\/noticiaempauta.com\/portal\/enem-2024-inscricoes-sao-prorrogadas-ate-14-de-junho-veja-como-participar\/#breadcrumb","itemListElement":[{"@type":"ListItem","position":1,"name":"P\u00e1gina Inicial","item":"https:\/\/noticiaempauta.com\/portal\/"},{"@type":"ListItem","position":2,"name":"Destaques","item":"https:\/\/noticiaempauta.com\/portal\/destaques-site\/"},{"@type":"ListItem","position":3,"name":"Enem 2024: inscri\u00e7\u00f5es s\u00e3o prorrogadas at\u00e9 14 de junho; veja como participar"}]},{"@type":"WebSite","@id":"https:\/\/noticiaempauta.com\/portal\/#website","url":"https:\/\/noticiaempauta.com\/portal\/","name":"Portal Not\u00edcia em Pauta","description":"Voc\u00ea bem informado","publisher":{"@id":"https:\/\/noticiaempauta.com\/portal\/#organization"},"potentialAction":[{"@type":"SearchAction","target":{"@type":"EntryPoint","urlTemplate":"https:\/\/noticiaempauta.com\/portal\/?s={search_term_string}"},"query-input":{"@type":"PropertyValueSpecification","valueRequired":true,"valueName":"search_term_string"}}],"inLanguage":"pt-BR"},{"@type":"Organization","@id":"https:\/\/noticiaempauta.com\/portal\/#organization","name":"Portal Not\u00edcia em Pauta","url":"https:\/\/noticiaempauta.com\/portal\/","logo":{"@type":"ImageObject","inLanguage":"pt-BR","@id":"https:\/\/noticiaempauta.com\/portal\/#\/schema\/logo\/image\/","url":"https:\/\/noticiaempauta.com\/portal\/wp-content\/uploads\/2022\/08\/logomarca_tema.fw_.png","contentUrl":"https:\/\/noticiaempauta.com\/portal\/wp-content\/uploads\/2022\/08\/logomarca_tema.fw_.png","width":400,"height":232,"caption":"Portal Not\u00edcia em Pauta"},"image":{"@id":"https:\/\/noticiaempauta.com\/portal\/#\/schema\/logo\/image\/"},"sameAs":["https:\/\/www.facebook.com\/Portal-Notcia-Em-Pauta-102292869264820\/","https:\/\/www.instagram.com\/portalnoticiaempauta\/"]},{"@type":"Person","@id":"https:\/\/noticiaempauta.com\/portal\/#\/schema\/person\/a74af43dd1ab3deca45f988c717d57ac","name":"Reda\u00e7\u00e3o","image":{"@type":"ImageObject","inLanguage":"pt-BR","@id":"https:\/\/noticiaempauta.com\/portal\/#\/schema\/person\/image\/","url":"https:\/\/secure.gravatar.com\/avatar\/03179346ecce6cdfc13361603e8f54242a90e5cde8618fa23c5c00aa2b0aadf3?s=96&d=mm&r=g","contentUrl":"https:\/\/secure.gravatar.com\/avatar\/03179346ecce6cdfc13361603e8f54242a90e5cde8618fa23c5c00aa2b0aadf3?s=96&d=mm&r=g","caption":"Reda\u00e7\u00e3o"},"sameAs":["https:\/\/noticiaempauta.com\/portal\/"],"url":"https:\/\/noticiaempauta.com\/portal\/author\/fernando\/"}]}},"_links":{"self":[{"href":"https:\/\/noticiaempauta.com\/portal\/wp-json\/wp\/v2\/posts\/258603","targetHints":{"allow":["GET"]}}],"collection":[{"href":"https:\/\/noticiaempauta.com\/portal\/wp-json\/wp\/v2\/posts"}],"about":[{"href":"https:\/\/noticiaempauta.com\/portal\/wp-json\/wp\/v2\/types\/post"}],"author":[{"embeddable":true,"href":"https:\/\/noticiaempauta.com\/portal\/wp-json\/wp\/v2\/users\/2"}],"replies":[{"embeddable":true,"href":"https:\/\/noticiaempauta.com\/portal\/wp-json\/wp\/v2\/comments?post=258603"}],"version-history":[{"count":2,"href":"https:\/\/noticiaempauta.com\/portal\/wp-json\/wp\/v2\/posts\/258603\/revisions"}],"predecessor-version":[{"id":258606,"href":"https:\/\/noticiaempauta.com\/portal\/wp-json\/wp\/v2\/posts\/258603\/revisions\/258606"}],"wp:featuredmedia":[{"embeddable":true,"href":"https:\/\/noticiaempauta.com\/portal\/wp-json\/wp\/v2\/media\/258604"}],"wp:attachment":[{"href":"https:\/\/noticiaempauta.com\/portal\/wp-json\/wp\/v2\/media?parent=258603"}],"wp:term":[{"taxonomy":"category","embeddable":true,"href":"https:\/\/noticiaempauta.com\/portal\/wp-json\/wp\/v2\/categories?post=258603"},{"taxonomy":"post_tag","embeddable":true,"href":"https:\/\/noticiaempauta.com\/portal\/wp-json\/wp\/v2\/tags?post=258603"}],"curies":[{"name":"wp","href":"https:\/\/api.w.org\/{rel}","templated":true}]}}