{"id":258699,"date":"2024-06-12T09:41:24","date_gmt":"2024-06-12T12:41:24","guid":{"rendered":"https:\/\/noticiaempauta.com\/portal\/?p=258699"},"modified":"2024-06-12T09:41:25","modified_gmt":"2024-06-12T12:41:25","slug":"gestores-da-saude-dos-municipios-da-regiao-de-picos-se-reunem-para-discutir-atendimentos-na-upa-e-justino-luz","status":"publish","type":"post","link":"https:\/\/noticiaempauta.com\/portal\/gestores-da-saude-dos-municipios-da-regiao-de-picos-se-reunem-para-discutir-atendimentos-na-upa-e-justino-luz\/","title":{"rendered":"Gestores da sa\u00fade dos munic\u00edpios da regi\u00e3o de Picos se re\u00fanem para discutir atendimentos na UPA e Justino Luz"},"content":{"rendered":"\n<p>Na manh\u00e3 desta ter\u00e7a-feira (11) gestores em sa\u00fade dos Territ\u00f3rios do Vale do Guaribas e Chapada Vale do Itaim estiveram reunidos para discutir a organiza\u00e7\u00e3o de fluxos de atendimentos na Unidade de Pronto Atendimento (UPA) e Hospital Regional Justino Luz. A reuni\u00e3o aconteceu em uma sala do bloco de Enfermagem da Universidade Federal do Piau\u00ed (UFPI) e contou com a representa\u00e7\u00e3o de colaboradores da Secretaria de Estado da Sa\u00fade do Piau\u00ed (Sesapi).<\/p>\n\n\n\n<figure class=\"wp-block-image size-full\"><img fetchpriority=\"high\" decoding=\"async\" width=\"790\" height=\"592\" src=\"https:\/\/noticiaempauta.com\/portal\/wp-content\/uploads\/2024\/06\/b4f8e4e2f06a8e88a293afd273baee31.jpg\" alt=\"\" class=\"wp-image-258700\" srcset=\"https:\/\/noticiaempauta.com\/portal\/wp-content\/uploads\/2024\/06\/b4f8e4e2f06a8e88a293afd273baee31.jpg 790w, https:\/\/noticiaempauta.com\/portal\/wp-content\/uploads\/2024\/06\/b4f8e4e2f06a8e88a293afd273baee31-300x225.jpg 300w, https:\/\/noticiaempauta.com\/portal\/wp-content\/uploads\/2024\/06\/b4f8e4e2f06a8e88a293afd273baee31-768x576.jpg 768w\" sizes=\"(max-width: 790px) 100vw, 790px\" \/><figcaption class=\"wp-element-caption\"><em>Fotos: Arquivo &#8211; Cidadeverde.com\/picos<\/em><\/figcaption><\/figure>\n\n\n\n<p>Desde a inaugura\u00e7\u00e3o da UPA, em 19 de abril do corrente ano, os munic\u00edpios relatam encontrar dificuldades para referenciar os pacientes para o correto atendimento, e assim, ter acesso ao servi\u00e7o de sa\u00fade.<\/p>\n\n\n\n<figure class=\"wp-block-image size-full\"><img decoding=\"async\" width=\"790\" height=\"592\" src=\"https:\/\/noticiaempauta.com\/portal\/wp-content\/uploads\/2024\/06\/0a60a456dc7695207a58b66b9cc2b26d.jpg\" alt=\"\" class=\"wp-image-258701\" srcset=\"https:\/\/noticiaempauta.com\/portal\/wp-content\/uploads\/2024\/06\/0a60a456dc7695207a58b66b9cc2b26d.jpg 790w, https:\/\/noticiaempauta.com\/portal\/wp-content\/uploads\/2024\/06\/0a60a456dc7695207a58b66b9cc2b26d-300x225.jpg 300w, https:\/\/noticiaempauta.com\/portal\/wp-content\/uploads\/2024\/06\/0a60a456dc7695207a58b66b9cc2b26d-768x576.jpg 768w\" sizes=\"(max-width: 790px) 100vw, 790px\" \/><\/figure>\n\n\n\n<p>\u201cAcontece do nosso paciente ser atendido na UPA e ser referenciado para o Hospital, realizar exames. As vezes retornar para a UPA, fica nessa demora, onde a ambul\u00e2ncia acaba ficando retida para dar assist\u00eancia ao paciente, em que o munic\u00edpio fica descoberto. Outro fator \u00e9 que o paciente j\u00e1 est\u00e1 com a sa\u00fade fragilizada e nesse vai e vem, torna a situa\u00e7\u00e3o ainda mais complexa&#8221;, disse o secret\u00e1rio de Sa\u00fade de Bocaina-PI, Iomar Bezerra.<\/p>\n\n\n\n<p>O presidente da Comiss\u00e3o intergestores Regional do Vale do Rio Guaribas, Derisvaldo Xavier, explicou que durante a reuni\u00e3o a Sesapi apresentar\u00e1 a organiza\u00e7\u00e3o dos atendimentos.&nbsp;<\/p>\n\n\n\n<p>&#8220;O objetivo \u00e9 organizar os fluxos de atendimentos no Hospital Regional e tamb\u00e9m da UPA. Com esta nova op\u00e7\u00e3o de atendimento que \u00e9 a UPA, a gente tem tido dificuldades com os usu\u00e1rios, com os atendimentos, onde cada fluxo ser\u00e1 atendido. Pedimos essa organiza\u00e7\u00e3o de atendimentos documentada a Sesapi para que pudessemos articular nos munic\u00edpios, onde o paciente ao dar sa\u00edda da cidade a gente j\u00e1 o direcionasse. O que tem acontecido \u00e9 que a pessoa chega na UPA, o atendimento n\u00e3o \u00e9 aqui retorna para o Hospital Regional. Quando chega ao hospital \u00e9 informado que o paciente \u00e9 preciso ser regulado pelo munic\u00edpio e fica nesse impasse aguardando o atendimento&#8221;, relata.<\/p>\n\n\n\n<figure class=\"wp-block-image size-full\"><img decoding=\"async\" width=\"790\" height=\"592\" src=\"https:\/\/noticiaempauta.com\/portal\/wp-content\/uploads\/2024\/06\/1c453071c67dd79b1fab0cfa95ac2c03.jpg\" alt=\"\" class=\"wp-image-258702\" srcset=\"https:\/\/noticiaempauta.com\/portal\/wp-content\/uploads\/2024\/06\/1c453071c67dd79b1fab0cfa95ac2c03.jpg 790w, https:\/\/noticiaempauta.com\/portal\/wp-content\/uploads\/2024\/06\/1c453071c67dd79b1fab0cfa95ac2c03-300x225.jpg 300w, https:\/\/noticiaempauta.com\/portal\/wp-content\/uploads\/2024\/06\/1c453071c67dd79b1fab0cfa95ac2c03-768x576.jpg 768w\" sizes=\"(max-width: 790px) 100vw, 790px\" \/><\/figure>\n\n\n\n<p>O diretor da unidade de Sa\u00fade Digital da Sesapi, Gabriel Mauriz, explicou que a Sesapi tem mantido di\u00e1logo aberto com os gestores municipais em sa\u00fade. Assim sendo, a UPA ser\u00e1 a porta de entrada de urg\u00eancia e emerg\u00eancia e o Hospital Regional situa\u00e7\u00f5es mais complexas.<\/p>\n\n\n\n<p>\u201cJ\u00e1 tivemos uma reuni\u00e3o anterior e hoje estamos apresentando essa organiza\u00e7\u00e3o de fluxos de atendimentos. \u00c9 normal que durante uma mudan\u00e7a de rotina, ocorra essa adapta\u00e7\u00e3o. O que destacamos \u00e9 que a UPA \u00e9 a porta de entrada de urg\u00eancia e emerg\u00eancia. J\u00e1 o Hospital Regional ficar\u00e1 respons\u00e1vel por atender traumas graves, obstetr\u00edcia, cirurgias eletivas, pediatria&#8221;, disse o diretor.<\/p>\n\n\n\n<figure class=\"wp-block-image size-full\"><img loading=\"lazy\" decoding=\"async\" width=\"790\" height=\"592\" src=\"https:\/\/noticiaempauta.com\/portal\/wp-content\/uploads\/2024\/06\/1fb0181bb174df7c54867576de2b94fa.jpg\" alt=\"\" class=\"wp-image-258703\" srcset=\"https:\/\/noticiaempauta.com\/portal\/wp-content\/uploads\/2024\/06\/1fb0181bb174df7c54867576de2b94fa.jpg 790w, https:\/\/noticiaempauta.com\/portal\/wp-content\/uploads\/2024\/06\/1fb0181bb174df7c54867576de2b94fa-300x225.jpg 300w, https:\/\/noticiaempauta.com\/portal\/wp-content\/uploads\/2024\/06\/1fb0181bb174df7c54867576de2b94fa-768x576.jpg 768w\" sizes=\"(max-width: 790px) 100vw, 790px\" \/><\/figure>\n\n\n\n<p>Gabriel Mauriz ainda ressaltou que durante a reuni\u00e3o ser\u00e1 explicado como os munic\u00edpios realizam a regula\u00e7\u00e3o direta ao Hospital Regional Justino Luz por meio do sistema utilizado pela Sesapi.<\/p>\n\n\n\n<p><strong><em>Fonte: Cidade Verde<\/em><\/strong><\/p>\n","protected":false},"excerpt":{"rendered":"<p>Na manh\u00e3 desta ter\u00e7a-feira (11) gestores em sa\u00fade dos Territ\u00f3rios do Vale do Guaribas e Chapada Vale do Itaim estiveram reunidos para discutir a organiza\u00e7\u00e3o de fluxos de atendimentos na Unidade de Pronto Atendimento (UPA) e Hospital Regional Justino Luz. A reuni\u00e3o aconteceu em uma sala do bloco de Enfermagem da Universidade Federal do Piau\u00ed [&hellip;]<\/p>\n","protected":false},"author":2,"featured_media":258700,"comment_status":"open","ping_status":"open","sticky":false,"template":"","format":"standard","meta":{"_mi_skip_tracking":false,"footnotes":""},"categories":[25,1,9,5,16],"tags":[192],"class_list":["post-258699","post","type-post","status-publish","format-standard","has-post-thumbnail","hentry","category-destaques-site","category-geral","category-municipios","category-saude","category-todas","tag-destaqueprincipal"],"acf":[],"yoast_head":"<!-- This site is optimized with the Yoast SEO Premium plugin v19.2 (Yoast SEO v26.9) - https:\/\/yoast.com\/product\/yoast-seo-premium-wordpress\/ -->\n<title>Gestores da sa\u00fade dos munic\u00edpios da regi\u00e3o de Picos se re\u00fanem para discutir atendimentos na UPA e Justino Luz - Portal Not\u00edcia em Pauta<\/title>\n<meta name=\"robots\" content=\"index, follow, max-snippet:-1, max-image-preview:large, max-video-preview:-1\" \/>\n<link rel=\"canonical\" href=\"https:\/\/noticiaempauta.com\/portal\/gestores-da-saude-dos-municipios-da-regiao-de-picos-se-reunem-para-discutir-atendimentos-na-upa-e-justino-luz\/\" \/>\n<meta property=\"og:locale\" content=\"pt_BR\" \/>\n<meta property=\"og:type\" content=\"article\" \/>\n<meta property=\"og:title\" content=\"Gestores da sa\u00fade dos munic\u00edpios da regi\u00e3o de Picos se re\u00fanem para discutir atendimentos na UPA e Justino Luz\" \/>\n<meta property=\"og:description\" content=\"Na manh\u00e3 desta ter\u00e7a-feira (11) gestores em sa\u00fade dos Territ\u00f3rios do Vale do Guaribas e Chapada Vale do Itaim estiveram reunidos para discutir a organiza\u00e7\u00e3o de fluxos de atendimentos na Unidade de Pronto Atendimento (UPA) e Hospital Regional Justino Luz. A reuni\u00e3o aconteceu em uma sala do bloco de Enfermagem da Universidade Federal do Piau\u00ed [&hellip;]\" \/>\n<meta property=\"og:url\" content=\"https:\/\/noticiaempauta.com\/portal\/gestores-da-saude-dos-municipios-da-regiao-de-picos-se-reunem-para-discutir-atendimentos-na-upa-e-justino-luz\/\" \/>\n<meta property=\"og:site_name\" content=\"Portal Not\u00edcia em Pauta\" \/>\n<meta property=\"article:publisher\" content=\"https:\/\/www.facebook.com\/Portal-Notcia-Em-Pauta-102292869264820\/\" \/>\n<meta property=\"article:published_time\" content=\"2024-06-12T12:41:24+00:00\" \/>\n<meta property=\"article:modified_time\" content=\"2024-06-12T12:41:25+00:00\" \/>\n<meta property=\"og:image\" content=\"https:\/\/noticiaempauta.com\/portal\/wp-content\/uploads\/2024\/06\/b4f8e4e2f06a8e88a293afd273baee31.jpg\" \/>\n\t<meta property=\"og:image:width\" content=\"790\" \/>\n\t<meta property=\"og:image:height\" content=\"592\" \/>\n\t<meta property=\"og:image:type\" content=\"image\/jpeg\" \/>\n<meta name=\"author\" content=\"Reda\u00e7\u00e3o\" \/>\n<meta name=\"twitter:card\" content=\"summary_large_image\" \/>\n<meta name=\"twitter:label1\" content=\"Escrito por\" \/>\n\t<meta name=\"twitter:data1\" content=\"Reda\u00e7\u00e3o\" \/>\n\t<meta name=\"twitter:label2\" content=\"Est. tempo de leitura\" \/>\n\t<meta name=\"twitter:data2\" content=\"4 minutos\" \/>\n<script type=\"application\/ld+json\" class=\"yoast-schema-graph\">{\"@context\":\"https:\/\/schema.org\",\"@graph\":[{\"@type\":\"Article\",\"@id\":\"https:\/\/noticiaempauta.com\/portal\/gestores-da-saude-dos-municipios-da-regiao-de-picos-se-reunem-para-discutir-atendimentos-na-upa-e-justino-luz\/#article\",\"isPartOf\":{\"@id\":\"https:\/\/noticiaempauta.com\/portal\/gestores-da-saude-dos-municipios-da-regiao-de-picos-se-reunem-para-discutir-atendimentos-na-upa-e-justino-luz\/\"},\"author\":{\"name\":\"Reda\u00e7\u00e3o\",\"@id\":\"https:\/\/noticiaempauta.com\/portal\/#\/schema\/person\/a74af43dd1ab3deca45f988c717d57ac\"},\"headline\":\"Gestores da sa\u00fade dos munic\u00edpios da regi\u00e3o de Picos se re\u00fanem para discutir atendimentos na UPA e Justino Luz\",\"datePublished\":\"2024-06-12T12:41:24+00:00\",\"dateModified\":\"2024-06-12T12:41:25+00:00\",\"mainEntityOfPage\":{\"@id\":\"https:\/\/noticiaempauta.com\/portal\/gestores-da-saude-dos-municipios-da-regiao-de-picos-se-reunem-para-discutir-atendimentos-na-upa-e-justino-luz\/\"},\"wordCount\":516,\"commentCount\":0,\"publisher\":{\"@id\":\"https:\/\/noticiaempauta.com\/portal\/#organization\"},\"image\":{\"@id\":\"https:\/\/noticiaempauta.com\/portal\/gestores-da-saude-dos-municipios-da-regiao-de-picos-se-reunem-para-discutir-atendimentos-na-upa-e-justino-luz\/#primaryimage\"},\"thumbnailUrl\":\"https:\/\/noticiaempauta.com\/portal\/wp-content\/uploads\/2024\/06\/b4f8e4e2f06a8e88a293afd273baee31.jpg\",\"keywords\":[\"destaqueprincipal\"],\"articleSection\":[\"Destaques\",\"Geral\",\"Munic\u00edpios\",\"Sa\u00fade\",\"Todas as Not\u00edcias\"],\"inLanguage\":\"pt-BR\",\"potentialAction\":[{\"@type\":\"CommentAction\",\"name\":\"Comment\",\"target\":[\"https:\/\/noticiaempauta.com\/portal\/gestores-da-saude-dos-municipios-da-regiao-de-picos-se-reunem-para-discutir-atendimentos-na-upa-e-justino-luz\/#respond\"]}]},{\"@type\":\"WebPage\",\"@id\":\"https:\/\/noticiaempauta.com\/portal\/gestores-da-saude-dos-municipios-da-regiao-de-picos-se-reunem-para-discutir-atendimentos-na-upa-e-justino-luz\/\",\"url\":\"https:\/\/noticiaempauta.com\/portal\/gestores-da-saude-dos-municipios-da-regiao-de-picos-se-reunem-para-discutir-atendimentos-na-upa-e-justino-luz\/\",\"name\":\"Gestores da sa\u00fade dos munic\u00edpios da regi\u00e3o de Picos se re\u00fanem para discutir atendimentos na UPA e Justino Luz - Portal Not\u00edcia em Pauta\",\"isPartOf\":{\"@id\":\"https:\/\/noticiaempauta.com\/portal\/#website\"},\"primaryImageOfPage\":{\"@id\":\"https:\/\/noticiaempauta.com\/portal\/gestores-da-saude-dos-municipios-da-regiao-de-picos-se-reunem-para-discutir-atendimentos-na-upa-e-justino-luz\/#primaryimage\"},\"image\":{\"@id\":\"https:\/\/noticiaempauta.com\/portal\/gestores-da-saude-dos-municipios-da-regiao-de-picos-se-reunem-para-discutir-atendimentos-na-upa-e-justino-luz\/#primaryimage\"},\"thumbnailUrl\":\"https:\/\/noticiaempauta.com\/portal\/wp-content\/uploads\/2024\/06\/b4f8e4e2f06a8e88a293afd273baee31.jpg\",\"datePublished\":\"2024-06-12T12:41:24+00:00\",\"dateModified\":\"2024-06-12T12:41:25+00:00\",\"breadcrumb\":{\"@id\":\"https:\/\/noticiaempauta.com\/portal\/gestores-da-saude-dos-municipios-da-regiao-de-picos-se-reunem-para-discutir-atendimentos-na-upa-e-justino-luz\/#breadcrumb\"},\"inLanguage\":\"pt-BR\",\"potentialAction\":[{\"@type\":\"ReadAction\",\"target\":[\"https:\/\/noticiaempauta.com\/portal\/gestores-da-saude-dos-municipios-da-regiao-de-picos-se-reunem-para-discutir-atendimentos-na-upa-e-justino-luz\/\"]}]},{\"@type\":\"ImageObject\",\"inLanguage\":\"pt-BR\",\"@id\":\"https:\/\/noticiaempauta.com\/portal\/gestores-da-saude-dos-municipios-da-regiao-de-picos-se-reunem-para-discutir-atendimentos-na-upa-e-justino-luz\/#primaryimage\",\"url\":\"https:\/\/noticiaempauta.com\/portal\/wp-content\/uploads\/2024\/06\/b4f8e4e2f06a8e88a293afd273baee31.jpg\",\"contentUrl\":\"https:\/\/noticiaempauta.com\/portal\/wp-content\/uploads\/2024\/06\/b4f8e4e2f06a8e88a293afd273baee31.jpg\",\"width\":790,\"height\":592},{\"@type\":\"BreadcrumbList\",\"@id\":\"https:\/\/noticiaempauta.com\/portal\/gestores-da-saude-dos-municipios-da-regiao-de-picos-se-reunem-para-discutir-atendimentos-na-upa-e-justino-luz\/#breadcrumb\",\"itemListElement\":[{\"@type\":\"ListItem\",\"position\":1,\"name\":\"P\u00e1gina Inicial\",\"item\":\"https:\/\/noticiaempauta.com\/portal\/\"},{\"@type\":\"ListItem\",\"position\":2,\"name\":\"Destaques\",\"item\":\"https:\/\/noticiaempauta.com\/portal\/destaques-site\/\"},{\"@type\":\"ListItem\",\"position\":3,\"name\":\"Gestores da sa\u00fade dos munic\u00edpios da regi\u00e3o de Picos se re\u00fanem para discutir atendimentos na UPA e Justino Luz\"}]},{\"@type\":\"WebSite\",\"@id\":\"https:\/\/noticiaempauta.com\/portal\/#website\",\"url\":\"https:\/\/noticiaempauta.com\/portal\/\",\"name\":\"Portal Not\u00edcia em Pauta\",\"description\":\"Voc\u00ea bem informado\",\"publisher\":{\"@id\":\"https:\/\/noticiaempauta.com\/portal\/#organization\"},\"potentialAction\":[{\"@type\":\"SearchAction\",\"target\":{\"@type\":\"EntryPoint\",\"urlTemplate\":\"https:\/\/noticiaempauta.com\/portal\/?s={search_term_string}\"},\"query-input\":{\"@type\":\"PropertyValueSpecification\",\"valueRequired\":true,\"valueName\":\"search_term_string\"}}],\"inLanguage\":\"pt-BR\"},{\"@type\":\"Organization\",\"@id\":\"https:\/\/noticiaempauta.com\/portal\/#organization\",\"name\":\"Portal Not\u00edcia em Pauta\",\"url\":\"https:\/\/noticiaempauta.com\/portal\/\",\"logo\":{\"@type\":\"ImageObject\",\"inLanguage\":\"pt-BR\",\"@id\":\"https:\/\/noticiaempauta.com\/portal\/#\/schema\/logo\/image\/\",\"url\":\"https:\/\/noticiaempauta.com\/portal\/wp-content\/uploads\/2022\/08\/logomarca_tema.fw_.png\",\"contentUrl\":\"https:\/\/noticiaempauta.com\/portal\/wp-content\/uploads\/2022\/08\/logomarca_tema.fw_.png\",\"width\":400,\"height\":232,\"caption\":\"Portal Not\u00edcia em Pauta\"},\"image\":{\"@id\":\"https:\/\/noticiaempauta.com\/portal\/#\/schema\/logo\/image\/\"},\"sameAs\":[\"https:\/\/www.facebook.com\/Portal-Notcia-Em-Pauta-102292869264820\/\",\"https:\/\/www.instagram.com\/portalnoticiaempauta\/\"]},{\"@type\":\"Person\",\"@id\":\"https:\/\/noticiaempauta.com\/portal\/#\/schema\/person\/a74af43dd1ab3deca45f988c717d57ac\",\"name\":\"Reda\u00e7\u00e3o\",\"image\":{\"@type\":\"ImageObject\",\"inLanguage\":\"pt-BR\",\"@id\":\"https:\/\/noticiaempauta.com\/portal\/#\/schema\/person\/image\/\",\"url\":\"https:\/\/secure.gravatar.com\/avatar\/03179346ecce6cdfc13361603e8f54242a90e5cde8618fa23c5c00aa2b0aadf3?s=96&d=mm&r=g\",\"contentUrl\":\"https:\/\/secure.gravatar.com\/avatar\/03179346ecce6cdfc13361603e8f54242a90e5cde8618fa23c5c00aa2b0aadf3?s=96&d=mm&r=g\",\"caption\":\"Reda\u00e7\u00e3o\"},\"sameAs\":[\"https:\/\/noticiaempauta.com\/portal\/\"],\"url\":\"https:\/\/noticiaempauta.com\/portal\/author\/fernando\/\"}]}<\/script>\n<!-- \/ Yoast SEO Premium plugin. -->","yoast_head_json":{"title":"Gestores da sa\u00fade dos munic\u00edpios da regi\u00e3o de Picos se re\u00fanem para discutir atendimentos na UPA e Justino Luz - Portal Not\u00edcia em Pauta","robots":{"index":"index","follow":"follow","max-snippet":"max-snippet:-1","max-image-preview":"max-image-preview:large","max-video-preview":"max-video-preview:-1"},"canonical":"https:\/\/noticiaempauta.com\/portal\/gestores-da-saude-dos-municipios-da-regiao-de-picos-se-reunem-para-discutir-atendimentos-na-upa-e-justino-luz\/","og_locale":"pt_BR","og_type":"article","og_title":"Gestores da sa\u00fade dos munic\u00edpios da regi\u00e3o de Picos se re\u00fanem para discutir atendimentos na UPA e Justino Luz","og_description":"Na manh\u00e3 desta ter\u00e7a-feira (11) gestores em sa\u00fade dos Territ\u00f3rios do Vale do Guaribas e Chapada Vale do Itaim estiveram reunidos para discutir a organiza\u00e7\u00e3o de fluxos de atendimentos na Unidade de Pronto Atendimento (UPA) e Hospital Regional Justino Luz. A reuni\u00e3o aconteceu em uma sala do bloco de Enfermagem da Universidade Federal do Piau\u00ed [&hellip;]","og_url":"https:\/\/noticiaempauta.com\/portal\/gestores-da-saude-dos-municipios-da-regiao-de-picos-se-reunem-para-discutir-atendimentos-na-upa-e-justino-luz\/","og_site_name":"Portal Not\u00edcia em Pauta","article_publisher":"https:\/\/www.facebook.com\/Portal-Notcia-Em-Pauta-102292869264820\/","article_published_time":"2024-06-12T12:41:24+00:00","article_modified_time":"2024-06-12T12:41:25+00:00","og_image":[{"width":790,"height":592,"url":"https:\/\/noticiaempauta.com\/portal\/wp-content\/uploads\/2024\/06\/b4f8e4e2f06a8e88a293afd273baee31.jpg","type":"image\/jpeg"}],"author":"Reda\u00e7\u00e3o","twitter_card":"summary_large_image","twitter_misc":{"Escrito por":"Reda\u00e7\u00e3o","Est. tempo de leitura":"4 minutos"},"schema":{"@context":"https:\/\/schema.org","@graph":[{"@type":"Article","@id":"https:\/\/noticiaempauta.com\/portal\/gestores-da-saude-dos-municipios-da-regiao-de-picos-se-reunem-para-discutir-atendimentos-na-upa-e-justino-luz\/#article","isPartOf":{"@id":"https:\/\/noticiaempauta.com\/portal\/gestores-da-saude-dos-municipios-da-regiao-de-picos-se-reunem-para-discutir-atendimentos-na-upa-e-justino-luz\/"},"author":{"name":"Reda\u00e7\u00e3o","@id":"https:\/\/noticiaempauta.com\/portal\/#\/schema\/person\/a74af43dd1ab3deca45f988c717d57ac"},"headline":"Gestores da sa\u00fade dos munic\u00edpios da regi\u00e3o de Picos se re\u00fanem para discutir atendimentos na UPA e Justino Luz","datePublished":"2024-06-12T12:41:24+00:00","dateModified":"2024-06-12T12:41:25+00:00","mainEntityOfPage":{"@id":"https:\/\/noticiaempauta.com\/portal\/gestores-da-saude-dos-municipios-da-regiao-de-picos-se-reunem-para-discutir-atendimentos-na-upa-e-justino-luz\/"},"wordCount":516,"commentCount":0,"publisher":{"@id":"https:\/\/noticiaempauta.com\/portal\/#organization"},"image":{"@id":"https:\/\/noticiaempauta.com\/portal\/gestores-da-saude-dos-municipios-da-regiao-de-picos-se-reunem-para-discutir-atendimentos-na-upa-e-justino-luz\/#primaryimage"},"thumbnailUrl":"https:\/\/noticiaempauta.com\/portal\/wp-content\/uploads\/2024\/06\/b4f8e4e2f06a8e88a293afd273baee31.jpg","keywords":["destaqueprincipal"],"articleSection":["Destaques","Geral","Munic\u00edpios","Sa\u00fade","Todas as Not\u00edcias"],"inLanguage":"pt-BR","potentialAction":[{"@type":"CommentAction","name":"Comment","target":["https:\/\/noticiaempauta.com\/portal\/gestores-da-saude-dos-municipios-da-regiao-de-picos-se-reunem-para-discutir-atendimentos-na-upa-e-justino-luz\/#respond"]}]},{"@type":"WebPage","@id":"https:\/\/noticiaempauta.com\/portal\/gestores-da-saude-dos-municipios-da-regiao-de-picos-se-reunem-para-discutir-atendimentos-na-upa-e-justino-luz\/","url":"https:\/\/noticiaempauta.com\/portal\/gestores-da-saude-dos-municipios-da-regiao-de-picos-se-reunem-para-discutir-atendimentos-na-upa-e-justino-luz\/","name":"Gestores da sa\u00fade dos munic\u00edpios da regi\u00e3o de Picos se re\u00fanem para discutir atendimentos na UPA e Justino Luz - Portal Not\u00edcia em Pauta","isPartOf":{"@id":"https:\/\/noticiaempauta.com\/portal\/#website"},"primaryImageOfPage":{"@id":"https:\/\/noticiaempauta.com\/portal\/gestores-da-saude-dos-municipios-da-regiao-de-picos-se-reunem-para-discutir-atendimentos-na-upa-e-justino-luz\/#primaryimage"},"image":{"@id":"https:\/\/noticiaempauta.com\/portal\/gestores-da-saude-dos-municipios-da-regiao-de-picos-se-reunem-para-discutir-atendimentos-na-upa-e-justino-luz\/#primaryimage"},"thumbnailUrl":"https:\/\/noticiaempauta.com\/portal\/wp-content\/uploads\/2024\/06\/b4f8e4e2f06a8e88a293afd273baee31.jpg","datePublished":"2024-06-12T12:41:24+00:00","dateModified":"2024-06-12T12:41:25+00:00","breadcrumb":{"@id":"https:\/\/noticiaempauta.com\/portal\/gestores-da-saude-dos-municipios-da-regiao-de-picos-se-reunem-para-discutir-atendimentos-na-upa-e-justino-luz\/#breadcrumb"},"inLanguage":"pt-BR","potentialAction":[{"@type":"ReadAction","target":["https:\/\/noticiaempauta.com\/portal\/gestores-da-saude-dos-municipios-da-regiao-de-picos-se-reunem-para-discutir-atendimentos-na-upa-e-justino-luz\/"]}]},{"@type":"ImageObject","inLanguage":"pt-BR","@id":"https:\/\/noticiaempauta.com\/portal\/gestores-da-saude-dos-municipios-da-regiao-de-picos-se-reunem-para-discutir-atendimentos-na-upa-e-justino-luz\/#primaryimage","url":"https:\/\/noticiaempauta.com\/portal\/wp-content\/uploads\/2024\/06\/b4f8e4e2f06a8e88a293afd273baee31.jpg","contentUrl":"https:\/\/noticiaempauta.com\/portal\/wp-content\/uploads\/2024\/06\/b4f8e4e2f06a8e88a293afd273baee31.jpg","width":790,"height":592},{"@type":"BreadcrumbList","@id":"https:\/\/noticiaempauta.com\/portal\/gestores-da-saude-dos-municipios-da-regiao-de-picos-se-reunem-para-discutir-atendimentos-na-upa-e-justino-luz\/#breadcrumb","itemListElement":[{"@type":"ListItem","position":1,"name":"P\u00e1gina Inicial","item":"https:\/\/noticiaempauta.com\/portal\/"},{"@type":"ListItem","position":2,"name":"Destaques","item":"https:\/\/noticiaempauta.com\/portal\/destaques-site\/"},{"@type":"ListItem","position":3,"name":"Gestores da sa\u00fade dos munic\u00edpios da regi\u00e3o de Picos se re\u00fanem para discutir atendimentos na UPA e Justino Luz"}]},{"@type":"WebSite","@id":"https:\/\/noticiaempauta.com\/portal\/#website","url":"https:\/\/noticiaempauta.com\/portal\/","name":"Portal Not\u00edcia em Pauta","description":"Voc\u00ea bem informado","publisher":{"@id":"https:\/\/noticiaempauta.com\/portal\/#organization"},"potentialAction":[{"@type":"SearchAction","target":{"@type":"EntryPoint","urlTemplate":"https:\/\/noticiaempauta.com\/portal\/?s={search_term_string}"},"query-input":{"@type":"PropertyValueSpecification","valueRequired":true,"valueName":"search_term_string"}}],"inLanguage":"pt-BR"},{"@type":"Organization","@id":"https:\/\/noticiaempauta.com\/portal\/#organization","name":"Portal Not\u00edcia em Pauta","url":"https:\/\/noticiaempauta.com\/portal\/","logo":{"@type":"ImageObject","inLanguage":"pt-BR","@id":"https:\/\/noticiaempauta.com\/portal\/#\/schema\/logo\/image\/","url":"https:\/\/noticiaempauta.com\/portal\/wp-content\/uploads\/2022\/08\/logomarca_tema.fw_.png","contentUrl":"https:\/\/noticiaempauta.com\/portal\/wp-content\/uploads\/2022\/08\/logomarca_tema.fw_.png","width":400,"height":232,"caption":"Portal Not\u00edcia em Pauta"},"image":{"@id":"https:\/\/noticiaempauta.com\/portal\/#\/schema\/logo\/image\/"},"sameAs":["https:\/\/www.facebook.com\/Portal-Notcia-Em-Pauta-102292869264820\/","https:\/\/www.instagram.com\/portalnoticiaempauta\/"]},{"@type":"Person","@id":"https:\/\/noticiaempauta.com\/portal\/#\/schema\/person\/a74af43dd1ab3deca45f988c717d57ac","name":"Reda\u00e7\u00e3o","image":{"@type":"ImageObject","inLanguage":"pt-BR","@id":"https:\/\/noticiaempauta.com\/portal\/#\/schema\/person\/image\/","url":"https:\/\/secure.gravatar.com\/avatar\/03179346ecce6cdfc13361603e8f54242a90e5cde8618fa23c5c00aa2b0aadf3?s=96&d=mm&r=g","contentUrl":"https:\/\/secure.gravatar.com\/avatar\/03179346ecce6cdfc13361603e8f54242a90e5cde8618fa23c5c00aa2b0aadf3?s=96&d=mm&r=g","caption":"Reda\u00e7\u00e3o"},"sameAs":["https:\/\/noticiaempauta.com\/portal\/"],"url":"https:\/\/noticiaempauta.com\/portal\/author\/fernando\/"}]}},"_links":{"self":[{"href":"https:\/\/noticiaempauta.com\/portal\/wp-json\/wp\/v2\/posts\/258699","targetHints":{"allow":["GET"]}}],"collection":[{"href":"https:\/\/noticiaempauta.com\/portal\/wp-json\/wp\/v2\/posts"}],"about":[{"href":"https:\/\/noticiaempauta.com\/portal\/wp-json\/wp\/v2\/types\/post"}],"author":[{"embeddable":true,"href":"https:\/\/noticiaempauta.com\/portal\/wp-json\/wp\/v2\/users\/2"}],"replies":[{"embeddable":true,"href":"https:\/\/noticiaempauta.com\/portal\/wp-json\/wp\/v2\/comments?post=258699"}],"version-history":[{"count":2,"href":"https:\/\/noticiaempauta.com\/portal\/wp-json\/wp\/v2\/posts\/258699\/revisions"}],"predecessor-version":[{"id":258705,"href":"https:\/\/noticiaempauta.com\/portal\/wp-json\/wp\/v2\/posts\/258699\/revisions\/258705"}],"wp:featuredmedia":[{"embeddable":true,"href":"https:\/\/noticiaempauta.com\/portal\/wp-json\/wp\/v2\/media\/258700"}],"wp:attachment":[{"href":"https:\/\/noticiaempauta.com\/portal\/wp-json\/wp\/v2\/media?parent=258699"}],"wp:term":[{"taxonomy":"category","embeddable":true,"href":"https:\/\/noticiaempauta.com\/portal\/wp-json\/wp\/v2\/categories?post=258699"},{"taxonomy":"post_tag","embeddable":true,"href":"https:\/\/noticiaempauta.com\/portal\/wp-json\/wp\/v2\/tags?post=258699"}],"curies":[{"name":"wp","href":"https:\/\/api.w.org\/{rel}","templated":true}]}}