{"id":258706,"date":"2024-06-12T10:05:20","date_gmt":"2024-06-12T13:05:20","guid":{"rendered":"https:\/\/noticiaempauta.com\/portal\/?p=258706"},"modified":"2024-06-12T10:05:21","modified_gmt":"2024-06-12T13:05:21","slug":"prefeitura-de-monsenhor-hipolito-promove-2o-forum-do-selo-unicef-e-avalia-acoes-e-identifica-desafios","status":"publish","type":"post","link":"https:\/\/noticiaempauta.com\/portal\/prefeitura-de-monsenhor-hipolito-promove-2o-forum-do-selo-unicef-e-avalia-acoes-e-identifica-desafios\/","title":{"rendered":"Prefeitura de Monsenhor Hip\u00f3lito promove 2\u00ba F\u00f3rum do Selo Unicef e avalia a\u00e7\u00f5es e identifica desafios"},"content":{"rendered":"\n<p>A Prefeitura de Monsenhor Hip\u00f3lito realizou nesta segunda-feira, 10 de junho, o 2 \u00ba F\u00f3rum Comunit\u00e1rio do Selo Unicef, para avaliar as a\u00e7\u00f5es realizadas pelo munic\u00edpio durante a edi\u00e7\u00e3o 2021-2024.<\/p>\n\n\n\n<p>Coordenado pela a Comiss\u00e3o Intersetorial do Selo Unicef, Conselho Municipal dos Direitos da Crian\u00e7a e do Adolescente-CMDCA, e as Secretarias Municipais de Assist\u00eancia Social, Educa\u00e7\u00e3o e Sa\u00fade, o F\u00f3rum foi marcado pela apresenta\u00e7\u00e3o das atividades do Plano de A\u00e7\u00e3o Municipal, desenvolvido pelo munic\u00edpio ao longo da edi\u00e7\u00e3o.<\/p>\n\n\n\n<figure class=\"wp-block-image size-full\"><img fetchpriority=\"high\" decoding=\"async\" width=\"1024\" height=\"682\" src=\"https:\/\/noticiaempauta.com\/portal\/wp-content\/uploads\/2024\/06\/batch_DSC_0037-1.jpg\" alt=\"\" class=\"wp-image-258721\" srcset=\"https:\/\/noticiaempauta.com\/portal\/wp-content\/uploads\/2024\/06\/batch_DSC_0037-1.jpg 1024w, https:\/\/noticiaempauta.com\/portal\/wp-content\/uploads\/2024\/06\/batch_DSC_0037-1-300x200.jpg 300w, https:\/\/noticiaempauta.com\/portal\/wp-content\/uploads\/2024\/06\/batch_DSC_0037-1-768x512.jpg 768w\" sizes=\"(max-width: 1024px) 100vw, 1024px\" \/><\/figure>\n\n\n\n<p>A cerim\u00f4nia de abertura contou com a presen\u00e7a de diversas autoridades locais. A mesa de honra foi composta pela vereadora Doracelma Policarpo, representando o prefeito Djalma Policarpo, o vereador M\u00e1rio Micheline, o sargento da Pol\u00edcia Militar Jota Cruz, Maria Marta, representante do Conselho Tutelar, a professora Vania Maria, o secret\u00e1rio de Educa\u00e7\u00e3o Luiz Ant\u00f4nio, o enfermeiro Renan de Lima, representando a Secretaria de Sa\u00fade, a articuladora do Selo Unicef, Ana Ra\u00edla, representantes das igrejas, a representante do NUCA, Lara Niely, a presidente do CMDCA, Rosivalda de Jesus, e a secret\u00e1ria do Meio Ambiente, Isabel S\u00e1.<\/p>\n\n\n\n<figure class=\"wp-block-image size-full\"><img decoding=\"async\" width=\"1024\" height=\"682\" src=\"https:\/\/noticiaempauta.com\/portal\/wp-content\/uploads\/2024\/06\/batch_DSC_0175.jpg\" alt=\"\" class=\"wp-image-258720\" srcset=\"https:\/\/noticiaempauta.com\/portal\/wp-content\/uploads\/2024\/06\/batch_DSC_0175.jpg 1024w, https:\/\/noticiaempauta.com\/portal\/wp-content\/uploads\/2024\/06\/batch_DSC_0175-300x200.jpg 300w, https:\/\/noticiaempauta.com\/portal\/wp-content\/uploads\/2024\/06\/batch_DSC_0175-768x512.jpg 768w\" sizes=\"(max-width: 1024px) 100vw, 1024px\" \/><\/figure>\n\n\n\n<p>Durante o evento, v\u00e1rias autoridades tiveram a oportunidade de discursar. A vereadora Doracelma Policarpo ressaltou a import\u00e2ncia do Selo Unicef na defesa e prote\u00e7\u00e3o dos direitos das crian\u00e7as e adolescentes.<\/p>\n\n\n\n<figure class=\"wp-block-image size-full\"><img decoding=\"async\" width=\"1024\" height=\"682\" src=\"https:\/\/noticiaempauta.com\/portal\/wp-content\/uploads\/2024\/06\/batch_DSC_0031.jpg\" alt=\"\" class=\"wp-image-258707\" srcset=\"https:\/\/noticiaempauta.com\/portal\/wp-content\/uploads\/2024\/06\/batch_DSC_0031.jpg 1024w, https:\/\/noticiaempauta.com\/portal\/wp-content\/uploads\/2024\/06\/batch_DSC_0031-300x200.jpg 300w, https:\/\/noticiaempauta.com\/portal\/wp-content\/uploads\/2024\/06\/batch_DSC_0031-768x512.jpg 768w\" sizes=\"(max-width: 1024px) 100vw, 1024px\" \/><\/figure>\n\n\n\n<p>\u201cO Selo UNICEF tem a fun\u00e7\u00e3o de defender e proteger os direitos das crian\u00e7as e adolescentes, criando oportunidades para que eles alcancem seu pleno potencial. Unindo o objetivo do Selo com a humildade do prefeito Djalma e a vontade de ajudar as pessoas, especialmente nossas crian\u00e7as, jovens e adolescentes, nosso munic\u00edpio tem alcan\u00e7ado os melhores \u00edndices em todas as \u00e1reas. Ana Raila, nossa articuladora e coordenadora do Selo, juntamente com a equipe da gest\u00e3o do prefeito Djalma, faz o Selo acontecer por meio de a\u00e7\u00f5es municipais e governamentais. Tenho certeza de que, com o apoio e incentivo cont\u00ednuos, nosso munic\u00edpio ser\u00e1 reconhecido como um modelo pelo Selo UNICEF\u201d, declarou.<\/p>\n\n\n\n<p>Embora ausente no evento por raz\u00f5es inadi\u00e1veis, o prefeito Djalma Policarpo expressou, em uma entrevista concedida por telefone, sua perspectiva sobre o significado do selo UNICEF para o munic\u00edpio.<\/p>\n\n\n\n<figure class=\"wp-block-image size-large\"><img loading=\"lazy\" decoding=\"async\" width=\"1024\" height=\"682\" src=\"https:\/\/noticiaempauta.com\/portal\/wp-content\/uploads\/2024\/06\/djalma-3-1024x682.jpg\" alt=\"\" class=\"wp-image-258708\" srcset=\"https:\/\/noticiaempauta.com\/portal\/wp-content\/uploads\/2024\/06\/djalma-3-1024x682.jpg 1024w, https:\/\/noticiaempauta.com\/portal\/wp-content\/uploads\/2024\/06\/djalma-3-300x200.jpg 300w, https:\/\/noticiaempauta.com\/portal\/wp-content\/uploads\/2024\/06\/djalma-3-768x512.jpg 768w, https:\/\/noticiaempauta.com\/portal\/wp-content\/uploads\/2024\/06\/djalma-3.jpg 1280w\" sizes=\"(max-width: 1024px) 100vw, 1024px\" \/><\/figure>\n\n\n\n<p>\u201cO selo UNICEF \u00e9 uma conquista de extrema import\u00e2ncia para nosso munic\u00edpio. Ele n\u00e3o apenas reconhece nossos esfor\u00e7os em garantir os direitos das crian\u00e7as e adolescentes, mas tamb\u00e9m nos motiva a continuar trabalhando arduamente para melhorar a qualidade de vida de nossos jovens. A ades\u00e3o ao selo nos proporciona diretrizes claras e um caminho bem definido para implementar pol\u00edticas p\u00fablicas eficazes e transformadoras. \u00c9 um compromisso que assumimos com orgulho e responsabilidade, visando sempre o bem-estar e o desenvolvimento pleno das nossas crian\u00e7as e adolescentes\u201d, destacou.<\/p>\n\n\n\n<p>Ana Raila, articuladora do Selo Unicef no munic\u00edpio, pontuou os esfor\u00e7os cont\u00ednuos desde a ades\u00e3o ao programa em 2021.<\/p>\n\n\n\n<figure class=\"wp-block-image size-full\"><img loading=\"lazy\" decoding=\"async\" width=\"1024\" height=\"682\" src=\"https:\/\/noticiaempauta.com\/portal\/wp-content\/uploads\/2024\/06\/batch_DSC_0024-1.jpg\" alt=\"\" class=\"wp-image-258709\" srcset=\"https:\/\/noticiaempauta.com\/portal\/wp-content\/uploads\/2024\/06\/batch_DSC_0024-1.jpg 1024w, https:\/\/noticiaempauta.com\/portal\/wp-content\/uploads\/2024\/06\/batch_DSC_0024-1-300x200.jpg 300w, https:\/\/noticiaempauta.com\/portal\/wp-content\/uploads\/2024\/06\/batch_DSC_0024-1-768x512.jpg 768w\" sizes=\"(max-width: 1024px) 100vw, 1024px\" \/><\/figure>\n\n\n\n<p>\u201cNosso trabalho \u00e9 mostrado cotidianamente, com a maioria das atividades realizadas de maneira intersetorial. Fizemos a ades\u00e3o ao Selo UNICEF em 2021, e nosso primeiro f\u00f3rum ocorreu em 2022. Desde ent\u00e3o, tivemos resultados sist\u00eamicos, pois a maioria das a\u00e7\u00f5es foram realizadas em conjunto. Nosso munic\u00edpio \u00e9 um dos poucos que aderiram ao Selo e possui todos os aparelhos funcionando plenamente, como CRAS, CREAS e os servi\u00e7os de conviv\u00eancia. Desenvolvemos uma s\u00f3lida alian\u00e7a com todos os \u00f3rg\u00e3os, desde a Prefeitura at\u00e9 a pol\u00edcia. A proposta do Selo \u00e9 complexa e trabalhosa, mas as pessoas do nosso munic\u00edpio nunca deixaram de dar o seu melhor. Tenho confian\u00e7a de que seremos certificados e agrade\u00e7o a todos que contribu\u00edram para que isso fosse poss\u00edvel\u201d, enfatizou.<\/p>\n\n\n\n<figure class=\"wp-block-image size-full\"><img loading=\"lazy\" decoding=\"async\" width=\"1024\" height=\"682\" src=\"https:\/\/noticiaempauta.com\/portal\/wp-content\/uploads\/2024\/06\/batch_DSC_0145.jpg\" alt=\"\" class=\"wp-image-258719\" srcset=\"https:\/\/noticiaempauta.com\/portal\/wp-content\/uploads\/2024\/06\/batch_DSC_0145.jpg 1024w, https:\/\/noticiaempauta.com\/portal\/wp-content\/uploads\/2024\/06\/batch_DSC_0145-300x200.jpg 300w, https:\/\/noticiaempauta.com\/portal\/wp-content\/uploads\/2024\/06\/batch_DSC_0145-768x512.jpg 768w\" sizes=\"(max-width: 1024px) 100vw, 1024px\" \/><\/figure>\n\n\n\n<p>O secret\u00e1rio de Educa\u00e7\u00e3o, Luiz Ant\u00f4nio, destacou a import\u00e2ncia do trabalho conjunto proporcionado pelo Selo Unicef.<\/p>\n\n\n\n<figure class=\"wp-block-image size-full\"><img loading=\"lazy\" decoding=\"async\" width=\"1024\" height=\"682\" src=\"https:\/\/noticiaempauta.com\/portal\/wp-content\/uploads\/2024\/06\/batch_DSC_0257.jpg\" alt=\"\" class=\"wp-image-258710\" srcset=\"https:\/\/noticiaempauta.com\/portal\/wp-content\/uploads\/2024\/06\/batch_DSC_0257.jpg 1024w, https:\/\/noticiaempauta.com\/portal\/wp-content\/uploads\/2024\/06\/batch_DSC_0257-300x200.jpg 300w, https:\/\/noticiaempauta.com\/portal\/wp-content\/uploads\/2024\/06\/batch_DSC_0257-768x512.jpg 768w\" sizes=\"(max-width: 1024px) 100vw, 1024px\" \/><\/figure>\n\n\n\n<p>\u201c\u00c9 uma grande alegria participar deste momento, participei da abertura do Selo UNICEF e, agora, ap\u00f3s tr\u00eas anos, estamos na culmin\u00e2ncia do f\u00f3rum comunit\u00e1rio. No campo da educa\u00e7\u00e3o, abra\u00e7amos a causa do Selo UNICEF, que nos d\u00e1 diretrizes e orienta\u00e7\u00f5es claras sobre o trabalho a ser desenvolvido em nossas escolas. Este \u00e9 um esfor\u00e7o intersetorial, envolvendo n\u00e3o apenas a educa\u00e7\u00e3o, mas tamb\u00e9m parcerias com o meio ambiente, esporte, assist\u00eancia social, Conselho Tutelar e a Pol\u00edcia Militar. Na nossa cidade, somos refer\u00eancia no estado: nossa busca ativa j\u00e1 superou as metas para 2030 e estamos entre as cinco melhores cidades no quesito alfabetiza\u00e7\u00e3o, com 100% dos nossos alunos alfabetizados na idade certa. Recentemente, em Teresina, recebemos o pr\u00eamio Alfa 10, onde tr\u00eas de nossas escolas foram premiadas. Ver que o trabalho foi levado a s\u00e9rio, e agora colher os frutos desse esfor\u00e7o \u00e9 muito gratificante\u201d, pontuou.<\/p>\n\n\n\n<p>O evento contou com apresenta\u00e7\u00f5es culturais dos alunos e da equipe gestora e professores da Unidade Escolar Municipal Lino Rodrigues, que encenaram uma pe\u00e7a teatral. Bem como uma prev\u00ea explica\u00e7\u00e3o do assistente social, Eduardo, sobre o trabalho infantil, uma campanha que ser\u00e1 trabalhada nas escolas nos pr\u00f3ximos meses.<\/p>\n\n\n\n<figure class=\"wp-block-image size-full\"><img loading=\"lazy\" decoding=\"async\" width=\"1024\" height=\"682\" src=\"https:\/\/noticiaempauta.com\/portal\/wp-content\/uploads\/2024\/06\/batch_DSC_0051-1.jpg\" alt=\"\" class=\"wp-image-258711\" srcset=\"https:\/\/noticiaempauta.com\/portal\/wp-content\/uploads\/2024\/06\/batch_DSC_0051-1.jpg 1024w, https:\/\/noticiaempauta.com\/portal\/wp-content\/uploads\/2024\/06\/batch_DSC_0051-1-300x200.jpg 300w, https:\/\/noticiaempauta.com\/portal\/wp-content\/uploads\/2024\/06\/batch_DSC_0051-1-768x512.jpg 768w\" sizes=\"(max-width: 1024px) 100vw, 1024px\" \/><\/figure>\n\n\n\n<figure class=\"wp-block-image size-full\"><img loading=\"lazy\" decoding=\"async\" width=\"1024\" height=\"682\" src=\"https:\/\/noticiaempauta.com\/portal\/wp-content\/uploads\/2024\/06\/batch_DSC_0066-1.jpg\" alt=\"\" class=\"wp-image-258712\" srcset=\"https:\/\/noticiaempauta.com\/portal\/wp-content\/uploads\/2024\/06\/batch_DSC_0066-1.jpg 1024w, https:\/\/noticiaempauta.com\/portal\/wp-content\/uploads\/2024\/06\/batch_DSC_0066-1-300x200.jpg 300w, https:\/\/noticiaempauta.com\/portal\/wp-content\/uploads\/2024\/06\/batch_DSC_0066-1-768x512.jpg 768w\" sizes=\"(max-width: 1024px) 100vw, 1024px\" \/><\/figure>\n\n\n\n<p>As atividades do F\u00f3rum prosseguiram com grupos de trabalho, onde os participantes analisaram os resultados das a\u00e7\u00f5es desenvolvidas durante o per\u00edodo da edi\u00e7\u00e3o do Selo Unicef. Os grupos discutiram as metas tra\u00e7adas no Plano de A\u00e7\u00e3o Municipal pelos Direitos de Crian\u00e7as e Adolescentes, aprovado no 1\u00ba F\u00f3rum Comunit\u00e1rio.<\/p>\n\n\n\n<figure class=\"wp-block-image size-full\"><img loading=\"lazy\" decoding=\"async\" width=\"1024\" height=\"682\" src=\"https:\/\/noticiaempauta.com\/portal\/wp-content\/uploads\/2024\/06\/batch_DSC_0216.jpg\" alt=\"\" class=\"wp-image-258713\" srcset=\"https:\/\/noticiaempauta.com\/portal\/wp-content\/uploads\/2024\/06\/batch_DSC_0216.jpg 1024w, https:\/\/noticiaempauta.com\/portal\/wp-content\/uploads\/2024\/06\/batch_DSC_0216-300x200.jpg 300w, https:\/\/noticiaempauta.com\/portal\/wp-content\/uploads\/2024\/06\/batch_DSC_0216-768x512.jpg 768w\" sizes=\"(max-width: 1024px) 100vw, 1024px\" \/><\/figure>\n\n\n\n<figure class=\"wp-block-image size-full\"><img loading=\"lazy\" decoding=\"async\" width=\"1024\" height=\"682\" src=\"https:\/\/noticiaempauta.com\/portal\/wp-content\/uploads\/2024\/06\/batch_DSC_0225.jpg\" alt=\"\" class=\"wp-image-258714\" srcset=\"https:\/\/noticiaempauta.com\/portal\/wp-content\/uploads\/2024\/06\/batch_DSC_0225.jpg 1024w, https:\/\/noticiaempauta.com\/portal\/wp-content\/uploads\/2024\/06\/batch_DSC_0225-300x200.jpg 300w, https:\/\/noticiaempauta.com\/portal\/wp-content\/uploads\/2024\/06\/batch_DSC_0225-768x512.jpg 768w\" sizes=\"(max-width: 1024px) 100vw, 1024px\" \/><\/figure>\n\n\n\n<figure class=\"wp-block-image size-full\"><img loading=\"lazy\" decoding=\"async\" width=\"1024\" height=\"682\" src=\"https:\/\/noticiaempauta.com\/portal\/wp-content\/uploads\/2024\/06\/batch_DSC_0280.jpg\" alt=\"\" class=\"wp-image-258715\" srcset=\"https:\/\/noticiaempauta.com\/portal\/wp-content\/uploads\/2024\/06\/batch_DSC_0280.jpg 1024w, https:\/\/noticiaempauta.com\/portal\/wp-content\/uploads\/2024\/06\/batch_DSC_0280-300x200.jpg 300w, https:\/\/noticiaempauta.com\/portal\/wp-content\/uploads\/2024\/06\/batch_DSC_0280-768x512.jpg 768w\" sizes=\"(max-width: 1024px) 100vw, 1024px\" \/><\/figure>\n\n\n\n<p>O F\u00f3rum foi finalizado com os depoimentos de diversos componentes que trabalharam em prol da conquista do Selo, abordando \u00e1reas como educa\u00e7\u00e3o, sa\u00fade, CRAS e assist\u00eancia social.<\/p>\n\n\n\n<p>Na \u00e1rea da sa\u00fade, o enfermeiro Renan destacou que o munic\u00edpio superou a meta de cobertura vacinal da tr\u00edplice viral, alcan\u00e7ando 100% de vacina\u00e7\u00e3o. Al\u00e9m disso, o munic\u00edpio se destacou como um dos cinco que mais vacinaram contra a influenza no estado.<\/p>\n\n\n\n<figure class=\"wp-block-image size-full\"><img loading=\"lazy\" decoding=\"async\" width=\"1024\" height=\"682\" src=\"https:\/\/noticiaempauta.com\/portal\/wp-content\/uploads\/2024\/06\/batch_DSC_0271.jpg\" alt=\"\" class=\"wp-image-258716\" srcset=\"https:\/\/noticiaempauta.com\/portal\/wp-content\/uploads\/2024\/06\/batch_DSC_0271.jpg 1024w, https:\/\/noticiaempauta.com\/portal\/wp-content\/uploads\/2024\/06\/batch_DSC_0271-300x200.jpg 300w, https:\/\/noticiaempauta.com\/portal\/wp-content\/uploads\/2024\/06\/batch_DSC_0271-768x512.jpg 768w\" sizes=\"(max-width: 1024px) 100vw, 1024px\" \/><\/figure>\n\n\n\n<p>A assessora do secret\u00e1rio de Educa\u00e7\u00e3o, Josefa Edneide, encerrou o evento com suas palavras, seguidas por um jantar ao som do cantor local Fernando.<\/p>\n\n\n\n<figure class=\"wp-block-image size-full\"><img loading=\"lazy\" decoding=\"async\" width=\"1024\" height=\"682\" src=\"https:\/\/noticiaempauta.com\/portal\/wp-content\/uploads\/2024\/06\/batch_DSC_0301.jpg\" alt=\"\" class=\"wp-image-258717\" srcset=\"https:\/\/noticiaempauta.com\/portal\/wp-content\/uploads\/2024\/06\/batch_DSC_0301.jpg 1024w, https:\/\/noticiaempauta.com\/portal\/wp-content\/uploads\/2024\/06\/batch_DSC_0301-300x200.jpg 300w, https:\/\/noticiaempauta.com\/portal\/wp-content\/uploads\/2024\/06\/batch_DSC_0301-768x512.jpg 768w\" sizes=\"(max-width: 1024px) 100vw, 1024px\" \/><\/figure>\n\n\n\n<figure class=\"wp-block-image size-full\"><img loading=\"lazy\" decoding=\"async\" width=\"1024\" height=\"682\" src=\"https:\/\/noticiaempauta.com\/portal\/wp-content\/uploads\/2024\/06\/batch_DSC_0253.jpg\" alt=\"\" class=\"wp-image-258718\" srcset=\"https:\/\/noticiaempauta.com\/portal\/wp-content\/uploads\/2024\/06\/batch_DSC_0253.jpg 1024w, https:\/\/noticiaempauta.com\/portal\/wp-content\/uploads\/2024\/06\/batch_DSC_0253-300x200.jpg 300w, https:\/\/noticiaempauta.com\/portal\/wp-content\/uploads\/2024\/06\/batch_DSC_0253-768x512.jpg 768w\" sizes=\"(max-width: 1024px) 100vw, 1024px\" \/><\/figure>\n\n\n\n<p>Diretores das escolas municipais, membros da sociedade civil e religiosa tamb\u00e9m marcaram presen\u00e7a, refor\u00e7ando o compromisso coletivo com o bem-estar das crian\u00e7as e adolescentes de Monsenhor Hip\u00f3lito.<\/p>\n","protected":false},"excerpt":{"rendered":"<p>A Prefeitura de Monsenhor Hip\u00f3lito realizou nesta segunda-feira, 10 de junho, o 2 \u00ba F\u00f3rum Comunit\u00e1rio do Selo Unicef, para avaliar as a\u00e7\u00f5es realizadas pelo munic\u00edpio durante a edi\u00e7\u00e3o 2021-2024. Coordenado pela a Comiss\u00e3o Intersetorial do Selo Unicef, Conselho Municipal dos Direitos da Crian\u00e7a e do Adolescente-CMDCA, e as Secretarias Municipais de Assist\u00eancia Social, Educa\u00e7\u00e3o [&hellip;]<\/p>\n","protected":false},"author":2,"featured_media":258720,"comment_status":"open","ping_status":"open","sticky":false,"template":"","format":"standard","meta":{"_mi_skip_tracking":false,"footnotes":""},"categories":[25,1,9,16],"tags":[192],"class_list":["post-258706","post","type-post","status-publish","format-standard","has-post-thumbnail","hentry","category-destaques-site","category-geral","category-municipios","category-todas","tag-destaqueprincipal"],"acf":[],"yoast_head":"<!-- This site is optimized with the Yoast SEO Premium plugin v19.2 (Yoast SEO v26.9) - https:\/\/yoast.com\/product\/yoast-seo-premium-wordpress\/ -->\n<title>Prefeitura de Monsenhor Hip\u00f3lito promove 2\u00ba F\u00f3rum do Selo Unicef e avalia a\u00e7\u00f5es e identifica desafios - Portal Not\u00edcia em Pauta<\/title>\n<meta name=\"robots\" content=\"index, follow, max-snippet:-1, max-image-preview:large, max-video-preview:-1\" \/>\n<link rel=\"canonical\" href=\"https:\/\/noticiaempauta.com\/portal\/prefeitura-de-monsenhor-hipolito-promove-2o-forum-do-selo-unicef-e-avalia-acoes-e-identifica-desafios\/\" \/>\n<meta property=\"og:locale\" content=\"pt_BR\" \/>\n<meta property=\"og:type\" content=\"article\" \/>\n<meta property=\"og:title\" content=\"Prefeitura de Monsenhor Hip\u00f3lito promove 2\u00ba F\u00f3rum do Selo Unicef e avalia a\u00e7\u00f5es e identifica desafios\" \/>\n<meta property=\"og:description\" content=\"A Prefeitura de Monsenhor Hip\u00f3lito realizou nesta segunda-feira, 10 de junho, o 2 \u00ba F\u00f3rum Comunit\u00e1rio do Selo Unicef, para avaliar as a\u00e7\u00f5es realizadas pelo munic\u00edpio durante a edi\u00e7\u00e3o 2021-2024. Coordenado pela a Comiss\u00e3o Intersetorial do Selo Unicef, Conselho Municipal dos Direitos da Crian\u00e7a e do Adolescente-CMDCA, e as Secretarias Municipais de Assist\u00eancia Social, Educa\u00e7\u00e3o [&hellip;]\" \/>\n<meta property=\"og:url\" content=\"https:\/\/noticiaempauta.com\/portal\/prefeitura-de-monsenhor-hipolito-promove-2o-forum-do-selo-unicef-e-avalia-acoes-e-identifica-desafios\/\" \/>\n<meta property=\"og:site_name\" content=\"Portal Not\u00edcia em Pauta\" \/>\n<meta property=\"article:publisher\" content=\"https:\/\/www.facebook.com\/Portal-Notcia-Em-Pauta-102292869264820\/\" \/>\n<meta property=\"article:published_time\" content=\"2024-06-12T13:05:20+00:00\" \/>\n<meta property=\"article:modified_time\" content=\"2024-06-12T13:05:21+00:00\" \/>\n<meta property=\"og:image\" content=\"https:\/\/noticiaempauta.com\/portal\/wp-content\/uploads\/2024\/06\/batch_DSC_0175.jpg\" \/>\n\t<meta property=\"og:image:width\" content=\"1024\" \/>\n\t<meta property=\"og:image:height\" content=\"682\" \/>\n\t<meta property=\"og:image:type\" content=\"image\/jpeg\" \/>\n<meta name=\"author\" content=\"Reda\u00e7\u00e3o\" \/>\n<meta name=\"twitter:card\" content=\"summary_large_image\" \/>\n<meta name=\"twitter:label1\" content=\"Escrito por\" \/>\n\t<meta name=\"twitter:data1\" content=\"Reda\u00e7\u00e3o\" \/>\n\t<meta name=\"twitter:label2\" content=\"Est. tempo de leitura\" \/>\n\t<meta name=\"twitter:data2\" content=\"9 minutos\" \/>\n<script type=\"application\/ld+json\" class=\"yoast-schema-graph\">{\"@context\":\"https:\/\/schema.org\",\"@graph\":[{\"@type\":\"Article\",\"@id\":\"https:\/\/noticiaempauta.com\/portal\/prefeitura-de-monsenhor-hipolito-promove-2o-forum-do-selo-unicef-e-avalia-acoes-e-identifica-desafios\/#article\",\"isPartOf\":{\"@id\":\"https:\/\/noticiaempauta.com\/portal\/prefeitura-de-monsenhor-hipolito-promove-2o-forum-do-selo-unicef-e-avalia-acoes-e-identifica-desafios\/\"},\"author\":{\"name\":\"Reda\u00e7\u00e3o\",\"@id\":\"https:\/\/noticiaempauta.com\/portal\/#\/schema\/person\/a74af43dd1ab3deca45f988c717d57ac\"},\"headline\":\"Prefeitura de Monsenhor Hip\u00f3lito promove 2\u00ba F\u00f3rum do Selo Unicef e avalia a\u00e7\u00f5es e identifica desafios\",\"datePublished\":\"2024-06-12T13:05:20+00:00\",\"dateModified\":\"2024-06-12T13:05:21+00:00\",\"mainEntityOfPage\":{\"@id\":\"https:\/\/noticiaempauta.com\/portal\/prefeitura-de-monsenhor-hipolito-promove-2o-forum-do-selo-unicef-e-avalia-acoes-e-identifica-desafios\/\"},\"wordCount\":1070,\"commentCount\":0,\"publisher\":{\"@id\":\"https:\/\/noticiaempauta.com\/portal\/#organization\"},\"image\":{\"@id\":\"https:\/\/noticiaempauta.com\/portal\/prefeitura-de-monsenhor-hipolito-promove-2o-forum-do-selo-unicef-e-avalia-acoes-e-identifica-desafios\/#primaryimage\"},\"thumbnailUrl\":\"https:\/\/noticiaempauta.com\/portal\/wp-content\/uploads\/2024\/06\/batch_DSC_0175.jpg\",\"keywords\":[\"destaqueprincipal\"],\"articleSection\":[\"Destaques\",\"Geral\",\"Munic\u00edpios\",\"Todas as Not\u00edcias\"],\"inLanguage\":\"pt-BR\",\"potentialAction\":[{\"@type\":\"CommentAction\",\"name\":\"Comment\",\"target\":[\"https:\/\/noticiaempauta.com\/portal\/prefeitura-de-monsenhor-hipolito-promove-2o-forum-do-selo-unicef-e-avalia-acoes-e-identifica-desafios\/#respond\"]}]},{\"@type\":\"WebPage\",\"@id\":\"https:\/\/noticiaempauta.com\/portal\/prefeitura-de-monsenhor-hipolito-promove-2o-forum-do-selo-unicef-e-avalia-acoes-e-identifica-desafios\/\",\"url\":\"https:\/\/noticiaempauta.com\/portal\/prefeitura-de-monsenhor-hipolito-promove-2o-forum-do-selo-unicef-e-avalia-acoes-e-identifica-desafios\/\",\"name\":\"Prefeitura de Monsenhor Hip\u00f3lito promove 2\u00ba F\u00f3rum do Selo Unicef e avalia a\u00e7\u00f5es e identifica desafios - Portal Not\u00edcia em Pauta\",\"isPartOf\":{\"@id\":\"https:\/\/noticiaempauta.com\/portal\/#website\"},\"primaryImageOfPage\":{\"@id\":\"https:\/\/noticiaempauta.com\/portal\/prefeitura-de-monsenhor-hipolito-promove-2o-forum-do-selo-unicef-e-avalia-acoes-e-identifica-desafios\/#primaryimage\"},\"image\":{\"@id\":\"https:\/\/noticiaempauta.com\/portal\/prefeitura-de-monsenhor-hipolito-promove-2o-forum-do-selo-unicef-e-avalia-acoes-e-identifica-desafios\/#primaryimage\"},\"thumbnailUrl\":\"https:\/\/noticiaempauta.com\/portal\/wp-content\/uploads\/2024\/06\/batch_DSC_0175.jpg\",\"datePublished\":\"2024-06-12T13:05:20+00:00\",\"dateModified\":\"2024-06-12T13:05:21+00:00\",\"breadcrumb\":{\"@id\":\"https:\/\/noticiaempauta.com\/portal\/prefeitura-de-monsenhor-hipolito-promove-2o-forum-do-selo-unicef-e-avalia-acoes-e-identifica-desafios\/#breadcrumb\"},\"inLanguage\":\"pt-BR\",\"potentialAction\":[{\"@type\":\"ReadAction\",\"target\":[\"https:\/\/noticiaempauta.com\/portal\/prefeitura-de-monsenhor-hipolito-promove-2o-forum-do-selo-unicef-e-avalia-acoes-e-identifica-desafios\/\"]}]},{\"@type\":\"ImageObject\",\"inLanguage\":\"pt-BR\",\"@id\":\"https:\/\/noticiaempauta.com\/portal\/prefeitura-de-monsenhor-hipolito-promove-2o-forum-do-selo-unicef-e-avalia-acoes-e-identifica-desafios\/#primaryimage\",\"url\":\"https:\/\/noticiaempauta.com\/portal\/wp-content\/uploads\/2024\/06\/batch_DSC_0175.jpg\",\"contentUrl\":\"https:\/\/noticiaempauta.com\/portal\/wp-content\/uploads\/2024\/06\/batch_DSC_0175.jpg\",\"width\":1024,\"height\":682},{\"@type\":\"BreadcrumbList\",\"@id\":\"https:\/\/noticiaempauta.com\/portal\/prefeitura-de-monsenhor-hipolito-promove-2o-forum-do-selo-unicef-e-avalia-acoes-e-identifica-desafios\/#breadcrumb\",\"itemListElement\":[{\"@type\":\"ListItem\",\"position\":1,\"name\":\"P\u00e1gina Inicial\",\"item\":\"https:\/\/noticiaempauta.com\/portal\/\"},{\"@type\":\"ListItem\",\"position\":2,\"name\":\"Destaques\",\"item\":\"https:\/\/noticiaempauta.com\/portal\/destaques-site\/\"},{\"@type\":\"ListItem\",\"position\":3,\"name\":\"Prefeitura de Monsenhor Hip\u00f3lito promove 2\u00ba F\u00f3rum do Selo Unicef e avalia a\u00e7\u00f5es e identifica desafios\"}]},{\"@type\":\"WebSite\",\"@id\":\"https:\/\/noticiaempauta.com\/portal\/#website\",\"url\":\"https:\/\/noticiaempauta.com\/portal\/\",\"name\":\"Portal Not\u00edcia em Pauta\",\"description\":\"Voc\u00ea bem informado\",\"publisher\":{\"@id\":\"https:\/\/noticiaempauta.com\/portal\/#organization\"},\"potentialAction\":[{\"@type\":\"SearchAction\",\"target\":{\"@type\":\"EntryPoint\",\"urlTemplate\":\"https:\/\/noticiaempauta.com\/portal\/?s={search_term_string}\"},\"query-input\":{\"@type\":\"PropertyValueSpecification\",\"valueRequired\":true,\"valueName\":\"search_term_string\"}}],\"inLanguage\":\"pt-BR\"},{\"@type\":\"Organization\",\"@id\":\"https:\/\/noticiaempauta.com\/portal\/#organization\",\"name\":\"Portal Not\u00edcia em Pauta\",\"url\":\"https:\/\/noticiaempauta.com\/portal\/\",\"logo\":{\"@type\":\"ImageObject\",\"inLanguage\":\"pt-BR\",\"@id\":\"https:\/\/noticiaempauta.com\/portal\/#\/schema\/logo\/image\/\",\"url\":\"https:\/\/noticiaempauta.com\/portal\/wp-content\/uploads\/2022\/08\/logomarca_tema.fw_.png\",\"contentUrl\":\"https:\/\/noticiaempauta.com\/portal\/wp-content\/uploads\/2022\/08\/logomarca_tema.fw_.png\",\"width\":400,\"height\":232,\"caption\":\"Portal Not\u00edcia em Pauta\"},\"image\":{\"@id\":\"https:\/\/noticiaempauta.com\/portal\/#\/schema\/logo\/image\/\"},\"sameAs\":[\"https:\/\/www.facebook.com\/Portal-Notcia-Em-Pauta-102292869264820\/\",\"https:\/\/www.instagram.com\/portalnoticiaempauta\/\"]},{\"@type\":\"Person\",\"@id\":\"https:\/\/noticiaempauta.com\/portal\/#\/schema\/person\/a74af43dd1ab3deca45f988c717d57ac\",\"name\":\"Reda\u00e7\u00e3o\",\"image\":{\"@type\":\"ImageObject\",\"inLanguage\":\"pt-BR\",\"@id\":\"https:\/\/noticiaempauta.com\/portal\/#\/schema\/person\/image\/\",\"url\":\"https:\/\/secure.gravatar.com\/avatar\/03179346ecce6cdfc13361603e8f54242a90e5cde8618fa23c5c00aa2b0aadf3?s=96&d=mm&r=g\",\"contentUrl\":\"https:\/\/secure.gravatar.com\/avatar\/03179346ecce6cdfc13361603e8f54242a90e5cde8618fa23c5c00aa2b0aadf3?s=96&d=mm&r=g\",\"caption\":\"Reda\u00e7\u00e3o\"},\"sameAs\":[\"https:\/\/noticiaempauta.com\/portal\/\"],\"url\":\"https:\/\/noticiaempauta.com\/portal\/author\/fernando\/\"}]}<\/script>\n<!-- \/ Yoast SEO Premium plugin. -->","yoast_head_json":{"title":"Prefeitura de Monsenhor Hip\u00f3lito promove 2\u00ba F\u00f3rum do Selo Unicef e avalia a\u00e7\u00f5es e identifica desafios - Portal Not\u00edcia em Pauta","robots":{"index":"index","follow":"follow","max-snippet":"max-snippet:-1","max-image-preview":"max-image-preview:large","max-video-preview":"max-video-preview:-1"},"canonical":"https:\/\/noticiaempauta.com\/portal\/prefeitura-de-monsenhor-hipolito-promove-2o-forum-do-selo-unicef-e-avalia-acoes-e-identifica-desafios\/","og_locale":"pt_BR","og_type":"article","og_title":"Prefeitura de Monsenhor Hip\u00f3lito promove 2\u00ba F\u00f3rum do Selo Unicef e avalia a\u00e7\u00f5es e identifica desafios","og_description":"A Prefeitura de Monsenhor Hip\u00f3lito realizou nesta segunda-feira, 10 de junho, o 2 \u00ba F\u00f3rum Comunit\u00e1rio do Selo Unicef, para avaliar as a\u00e7\u00f5es realizadas pelo munic\u00edpio durante a edi\u00e7\u00e3o 2021-2024. Coordenado pela a Comiss\u00e3o Intersetorial do Selo Unicef, Conselho Municipal dos Direitos da Crian\u00e7a e do Adolescente-CMDCA, e as Secretarias Municipais de Assist\u00eancia Social, Educa\u00e7\u00e3o [&hellip;]","og_url":"https:\/\/noticiaempauta.com\/portal\/prefeitura-de-monsenhor-hipolito-promove-2o-forum-do-selo-unicef-e-avalia-acoes-e-identifica-desafios\/","og_site_name":"Portal Not\u00edcia em Pauta","article_publisher":"https:\/\/www.facebook.com\/Portal-Notcia-Em-Pauta-102292869264820\/","article_published_time":"2024-06-12T13:05:20+00:00","article_modified_time":"2024-06-12T13:05:21+00:00","og_image":[{"width":1024,"height":682,"url":"https:\/\/noticiaempauta.com\/portal\/wp-content\/uploads\/2024\/06\/batch_DSC_0175.jpg","type":"image\/jpeg"}],"author":"Reda\u00e7\u00e3o","twitter_card":"summary_large_image","twitter_misc":{"Escrito por":"Reda\u00e7\u00e3o","Est. tempo de leitura":"9 minutos"},"schema":{"@context":"https:\/\/schema.org","@graph":[{"@type":"Article","@id":"https:\/\/noticiaempauta.com\/portal\/prefeitura-de-monsenhor-hipolito-promove-2o-forum-do-selo-unicef-e-avalia-acoes-e-identifica-desafios\/#article","isPartOf":{"@id":"https:\/\/noticiaempauta.com\/portal\/prefeitura-de-monsenhor-hipolito-promove-2o-forum-do-selo-unicef-e-avalia-acoes-e-identifica-desafios\/"},"author":{"name":"Reda\u00e7\u00e3o","@id":"https:\/\/noticiaempauta.com\/portal\/#\/schema\/person\/a74af43dd1ab3deca45f988c717d57ac"},"headline":"Prefeitura de Monsenhor Hip\u00f3lito promove 2\u00ba F\u00f3rum do Selo Unicef e avalia a\u00e7\u00f5es e identifica desafios","datePublished":"2024-06-12T13:05:20+00:00","dateModified":"2024-06-12T13:05:21+00:00","mainEntityOfPage":{"@id":"https:\/\/noticiaempauta.com\/portal\/prefeitura-de-monsenhor-hipolito-promove-2o-forum-do-selo-unicef-e-avalia-acoes-e-identifica-desafios\/"},"wordCount":1070,"commentCount":0,"publisher":{"@id":"https:\/\/noticiaempauta.com\/portal\/#organization"},"image":{"@id":"https:\/\/noticiaempauta.com\/portal\/prefeitura-de-monsenhor-hipolito-promove-2o-forum-do-selo-unicef-e-avalia-acoes-e-identifica-desafios\/#primaryimage"},"thumbnailUrl":"https:\/\/noticiaempauta.com\/portal\/wp-content\/uploads\/2024\/06\/batch_DSC_0175.jpg","keywords":["destaqueprincipal"],"articleSection":["Destaques","Geral","Munic\u00edpios","Todas as Not\u00edcias"],"inLanguage":"pt-BR","potentialAction":[{"@type":"CommentAction","name":"Comment","target":["https:\/\/noticiaempauta.com\/portal\/prefeitura-de-monsenhor-hipolito-promove-2o-forum-do-selo-unicef-e-avalia-acoes-e-identifica-desafios\/#respond"]}]},{"@type":"WebPage","@id":"https:\/\/noticiaempauta.com\/portal\/prefeitura-de-monsenhor-hipolito-promove-2o-forum-do-selo-unicef-e-avalia-acoes-e-identifica-desafios\/","url":"https:\/\/noticiaempauta.com\/portal\/prefeitura-de-monsenhor-hipolito-promove-2o-forum-do-selo-unicef-e-avalia-acoes-e-identifica-desafios\/","name":"Prefeitura de Monsenhor Hip\u00f3lito promove 2\u00ba F\u00f3rum do Selo Unicef e avalia a\u00e7\u00f5es e identifica desafios - Portal Not\u00edcia em Pauta","isPartOf":{"@id":"https:\/\/noticiaempauta.com\/portal\/#website"},"primaryImageOfPage":{"@id":"https:\/\/noticiaempauta.com\/portal\/prefeitura-de-monsenhor-hipolito-promove-2o-forum-do-selo-unicef-e-avalia-acoes-e-identifica-desafios\/#primaryimage"},"image":{"@id":"https:\/\/noticiaempauta.com\/portal\/prefeitura-de-monsenhor-hipolito-promove-2o-forum-do-selo-unicef-e-avalia-acoes-e-identifica-desafios\/#primaryimage"},"thumbnailUrl":"https:\/\/noticiaempauta.com\/portal\/wp-content\/uploads\/2024\/06\/batch_DSC_0175.jpg","datePublished":"2024-06-12T13:05:20+00:00","dateModified":"2024-06-12T13:05:21+00:00","breadcrumb":{"@id":"https:\/\/noticiaempauta.com\/portal\/prefeitura-de-monsenhor-hipolito-promove-2o-forum-do-selo-unicef-e-avalia-acoes-e-identifica-desafios\/#breadcrumb"},"inLanguage":"pt-BR","potentialAction":[{"@type":"ReadAction","target":["https:\/\/noticiaempauta.com\/portal\/prefeitura-de-monsenhor-hipolito-promove-2o-forum-do-selo-unicef-e-avalia-acoes-e-identifica-desafios\/"]}]},{"@type":"ImageObject","inLanguage":"pt-BR","@id":"https:\/\/noticiaempauta.com\/portal\/prefeitura-de-monsenhor-hipolito-promove-2o-forum-do-selo-unicef-e-avalia-acoes-e-identifica-desafios\/#primaryimage","url":"https:\/\/noticiaempauta.com\/portal\/wp-content\/uploads\/2024\/06\/batch_DSC_0175.jpg","contentUrl":"https:\/\/noticiaempauta.com\/portal\/wp-content\/uploads\/2024\/06\/batch_DSC_0175.jpg","width":1024,"height":682},{"@type":"BreadcrumbList","@id":"https:\/\/noticiaempauta.com\/portal\/prefeitura-de-monsenhor-hipolito-promove-2o-forum-do-selo-unicef-e-avalia-acoes-e-identifica-desafios\/#breadcrumb","itemListElement":[{"@type":"ListItem","position":1,"name":"P\u00e1gina Inicial","item":"https:\/\/noticiaempauta.com\/portal\/"},{"@type":"ListItem","position":2,"name":"Destaques","item":"https:\/\/noticiaempauta.com\/portal\/destaques-site\/"},{"@type":"ListItem","position":3,"name":"Prefeitura de Monsenhor Hip\u00f3lito promove 2\u00ba F\u00f3rum do Selo Unicef e avalia a\u00e7\u00f5es e identifica desafios"}]},{"@type":"WebSite","@id":"https:\/\/noticiaempauta.com\/portal\/#website","url":"https:\/\/noticiaempauta.com\/portal\/","name":"Portal Not\u00edcia em Pauta","description":"Voc\u00ea bem informado","publisher":{"@id":"https:\/\/noticiaempauta.com\/portal\/#organization"},"potentialAction":[{"@type":"SearchAction","target":{"@type":"EntryPoint","urlTemplate":"https:\/\/noticiaempauta.com\/portal\/?s={search_term_string}"},"query-input":{"@type":"PropertyValueSpecification","valueRequired":true,"valueName":"search_term_string"}}],"inLanguage":"pt-BR"},{"@type":"Organization","@id":"https:\/\/noticiaempauta.com\/portal\/#organization","name":"Portal Not\u00edcia em Pauta","url":"https:\/\/noticiaempauta.com\/portal\/","logo":{"@type":"ImageObject","inLanguage":"pt-BR","@id":"https:\/\/noticiaempauta.com\/portal\/#\/schema\/logo\/image\/","url":"https:\/\/noticiaempauta.com\/portal\/wp-content\/uploads\/2022\/08\/logomarca_tema.fw_.png","contentUrl":"https:\/\/noticiaempauta.com\/portal\/wp-content\/uploads\/2022\/08\/logomarca_tema.fw_.png","width":400,"height":232,"caption":"Portal Not\u00edcia em Pauta"},"image":{"@id":"https:\/\/noticiaempauta.com\/portal\/#\/schema\/logo\/image\/"},"sameAs":["https:\/\/www.facebook.com\/Portal-Notcia-Em-Pauta-102292869264820\/","https:\/\/www.instagram.com\/portalnoticiaempauta\/"]},{"@type":"Person","@id":"https:\/\/noticiaempauta.com\/portal\/#\/schema\/person\/a74af43dd1ab3deca45f988c717d57ac","name":"Reda\u00e7\u00e3o","image":{"@type":"ImageObject","inLanguage":"pt-BR","@id":"https:\/\/noticiaempauta.com\/portal\/#\/schema\/person\/image\/","url":"https:\/\/secure.gravatar.com\/avatar\/03179346ecce6cdfc13361603e8f54242a90e5cde8618fa23c5c00aa2b0aadf3?s=96&d=mm&r=g","contentUrl":"https:\/\/secure.gravatar.com\/avatar\/03179346ecce6cdfc13361603e8f54242a90e5cde8618fa23c5c00aa2b0aadf3?s=96&d=mm&r=g","caption":"Reda\u00e7\u00e3o"},"sameAs":["https:\/\/noticiaempauta.com\/portal\/"],"url":"https:\/\/noticiaempauta.com\/portal\/author\/fernando\/"}]}},"_links":{"self":[{"href":"https:\/\/noticiaempauta.com\/portal\/wp-json\/wp\/v2\/posts\/258706","targetHints":{"allow":["GET"]}}],"collection":[{"href":"https:\/\/noticiaempauta.com\/portal\/wp-json\/wp\/v2\/posts"}],"about":[{"href":"https:\/\/noticiaempauta.com\/portal\/wp-json\/wp\/v2\/types\/post"}],"author":[{"embeddable":true,"href":"https:\/\/noticiaempauta.com\/portal\/wp-json\/wp\/v2\/users\/2"}],"replies":[{"embeddable":true,"href":"https:\/\/noticiaempauta.com\/portal\/wp-json\/wp\/v2\/comments?post=258706"}],"version-history":[{"count":2,"href":"https:\/\/noticiaempauta.com\/portal\/wp-json\/wp\/v2\/posts\/258706\/revisions"}],"predecessor-version":[{"id":258723,"href":"https:\/\/noticiaempauta.com\/portal\/wp-json\/wp\/v2\/posts\/258706\/revisions\/258723"}],"wp:featuredmedia":[{"embeddable":true,"href":"https:\/\/noticiaempauta.com\/portal\/wp-json\/wp\/v2\/media\/258720"}],"wp:attachment":[{"href":"https:\/\/noticiaempauta.com\/portal\/wp-json\/wp\/v2\/media?parent=258706"}],"wp:term":[{"taxonomy":"category","embeddable":true,"href":"https:\/\/noticiaempauta.com\/portal\/wp-json\/wp\/v2\/categories?post=258706"},{"taxonomy":"post_tag","embeddable":true,"href":"https:\/\/noticiaempauta.com\/portal\/wp-json\/wp\/v2\/tags?post=258706"}],"curies":[{"name":"wp","href":"https:\/\/api.w.org\/{rel}","templated":true}]}}