{"id":258736,"date":"2024-06-13T10:05:01","date_gmt":"2024-06-13T13:05:01","guid":{"rendered":"https:\/\/noticiaempauta.com\/portal\/?p=258736"},"modified":"2024-06-13T10:05:02","modified_gmt":"2024-06-13T13:05:02","slug":"stf-conclui-julgamento-e-decide-que-saldos-do-fgts-devem-ser-corrigidos-pelo-ipca","status":"publish","type":"post","link":"https:\/\/noticiaempauta.com\/portal\/stf-conclui-julgamento-e-decide-que-saldos-do-fgts-devem-ser-corrigidos-pelo-ipca\/","title":{"rendered":"STF conclui julgamento e decide que saldos do FGTS devem ser corrigidos pelo IPCA"},"content":{"rendered":"\n<p>O Supremo Tribunal Federal (STF) decidiu que os saldos do FGTS devem ser corrigidos pelo \u00cdndice Nacional de Pre\u00e7os ao Consumidor Amplo (IPCA). A decis\u00e3o ter\u00e1 efeitos somente para o futuro, sem pagamento retroativo. O resultado atende \u00e0 proposta apresentada pela Advocacia-Geral da Uni\u00e3o (AGU) ap\u00f3s negocia\u00e7\u00e3o com centrais sindicais, conforme antecipou o Broadcast (sistema de not\u00edcias em tempo real do Grupo Estado) mais cedo.<\/p>\n\n\n\n<figure class=\"wp-block-image size-full\"><img fetchpriority=\"high\" decoding=\"async\" width=\"1023\" height=\"669\" src=\"https:\/\/noticiaempauta.com\/portal\/wp-content\/uploads\/2024\/06\/e4cb8acd5651675b354cd326a95927a7.jpg\" alt=\"\" class=\"wp-image-258737\" srcset=\"https:\/\/noticiaempauta.com\/portal\/wp-content\/uploads\/2024\/06\/e4cb8acd5651675b354cd326a95927a7.jpg 1023w, https:\/\/noticiaempauta.com\/portal\/wp-content\/uploads\/2024\/06\/e4cb8acd5651675b354cd326a95927a7-300x196.jpg 300w, https:\/\/noticiaempauta.com\/portal\/wp-content\/uploads\/2024\/06\/e4cb8acd5651675b354cd326a95927a7-768x502.jpg 768w\" sizes=\"(max-width: 1023px) 100vw, 1023px\" \/><\/figure>\n\n\n\n<p>Os ministros julgaram uma a\u00e7\u00e3o do partido Solidariedade que questionou a remunera\u00e7\u00e3o dos dep\u00f3sitos a 3% ao ano mais a Taxa Referencial (TR). A legenda argumentou que desde 1999 a TR rende pr\u00f3ximo a 0 e n\u00e3o \u00e9 suficiente para repor o poder aquisitivo dos trabalhadores.<\/p>\n\n\n\n<p>De acordo com a proposta da Uni\u00e3o, quando a remunera\u00e7\u00e3o das contas vinculadas ao FGTS n\u00e3o alcan\u00e7ar o IPCA, caber\u00e1 ao Conselho Curador do Fundo determinar a forma de compensa\u00e7\u00e3o.<\/p>\n\n\n\n<p>O colegiado se dividiu em tr\u00eas posi\u00e7\u00f5es distintas e o resultado saiu por um &#8220;voto m\u00e9dio&#8221;. Foram tr\u00eas votos para corrigir os saldos pelo IPCA (Fl\u00e1vio Dino, C\u00e1rmen L\u00facia, Luiz Fux); quatro para manter a remunera\u00e7\u00e3o atual (Cristiano Zanin, Alexandre de Moraes, Gilmar Mendes e Dias Toffoli); e quatro para determinar que a corre\u00e7\u00e3o seja no m\u00ednimo igual \u00e0 da caderneta de poupan\u00e7a (Lu\u00eds Roberto Barroso, Andr\u00e9 Mendon\u00e7a, K\u00e1ssio Nunes Marques e Edson Fachin).<\/p>\n\n\n\n<p>&#8220;Se h\u00e1 um campo que recomenda fortemente a autoconten\u00e7\u00e3o \u00e9 a economia e as finan\u00e7as p\u00fablicas. Pode-se discutir, \u00e9 claro, mas aqui h\u00e1 riscos muito s\u00e9rios&#8221;, destacou o decano Gilmar Mendes ao votar.<\/p>\n\n\n\n<p>O governo estimava impacto de R$ 19,9 bilh\u00f5es em 6 anos se a corre\u00e7\u00e3o fosse igual \u00e0 poupan\u00e7a. Se o STF mandasse corrigir os saldos de acordo com a infla\u00e7\u00e3o desde 1999, a estimativa de impacto para os cofres p\u00fablicos seria significativamente maior, de at\u00e9 R$ 295,9 bilh\u00f5es.<\/p>\n\n\n\n<p><em><strong>Fonte: Estad\u00e3o Conte\u00fado<\/strong><\/em><\/p>\n","protected":false},"excerpt":{"rendered":"<p>O Supremo Tribunal Federal (STF) decidiu que os saldos do FGTS devem ser corrigidos pelo \u00cdndice Nacional de Pre\u00e7os ao Consumidor Amplo (IPCA). A decis\u00e3o ter\u00e1 efeitos somente para o futuro, sem pagamento retroativo. O resultado atende \u00e0 proposta apresentada pela Advocacia-Geral da Uni\u00e3o (AGU) ap\u00f3s negocia\u00e7\u00e3o com centrais sindicais, conforme antecipou o Broadcast (sistema [&hellip;]<\/p>\n","protected":false},"author":2,"featured_media":258737,"comment_status":"open","ping_status":"open","sticky":false,"template":"","format":"standard","meta":{"_mi_skip_tracking":false,"footnotes":""},"categories":[25,1,16],"tags":[192],"class_list":["post-258736","post","type-post","status-publish","format-standard","has-post-thumbnail","hentry","category-destaques-site","category-geral","category-todas","tag-destaqueprincipal"],"acf":[],"yoast_head":"<!-- This site is optimized with the Yoast SEO Premium plugin v19.2 (Yoast SEO v26.9) - https:\/\/yoast.com\/product\/yoast-seo-premium-wordpress\/ -->\n<title>STF conclui julgamento e decide que saldos do FGTS devem ser corrigidos pelo IPCA - Portal Not\u00edcia em Pauta<\/title>\n<meta name=\"robots\" content=\"index, follow, max-snippet:-1, max-image-preview:large, max-video-preview:-1\" \/>\n<link rel=\"canonical\" href=\"https:\/\/noticiaempauta.com\/portal\/stf-conclui-julgamento-e-decide-que-saldos-do-fgts-devem-ser-corrigidos-pelo-ipca\/\" \/>\n<meta property=\"og:locale\" content=\"pt_BR\" \/>\n<meta property=\"og:type\" content=\"article\" \/>\n<meta property=\"og:title\" content=\"STF conclui julgamento e decide que saldos do FGTS devem ser corrigidos pelo IPCA\" \/>\n<meta property=\"og:description\" content=\"O Supremo Tribunal Federal (STF) decidiu que os saldos do FGTS devem ser corrigidos pelo \u00cdndice Nacional de Pre\u00e7os ao Consumidor Amplo (IPCA). A decis\u00e3o ter\u00e1 efeitos somente para o futuro, sem pagamento retroativo. O resultado atende \u00e0 proposta apresentada pela Advocacia-Geral da Uni\u00e3o (AGU) ap\u00f3s negocia\u00e7\u00e3o com centrais sindicais, conforme antecipou o Broadcast (sistema [&hellip;]\" \/>\n<meta property=\"og:url\" content=\"https:\/\/noticiaempauta.com\/portal\/stf-conclui-julgamento-e-decide-que-saldos-do-fgts-devem-ser-corrigidos-pelo-ipca\/\" \/>\n<meta property=\"og:site_name\" content=\"Portal Not\u00edcia em Pauta\" \/>\n<meta property=\"article:publisher\" content=\"https:\/\/www.facebook.com\/Portal-Notcia-Em-Pauta-102292869264820\/\" \/>\n<meta property=\"article:published_time\" content=\"2024-06-13T13:05:01+00:00\" \/>\n<meta property=\"article:modified_time\" content=\"2024-06-13T13:05:02+00:00\" \/>\n<meta property=\"og:image\" content=\"https:\/\/noticiaempauta.com\/portal\/wp-content\/uploads\/2024\/06\/e4cb8acd5651675b354cd326a95927a7.jpg\" \/>\n\t<meta property=\"og:image:width\" content=\"1023\" \/>\n\t<meta property=\"og:image:height\" content=\"669\" \/>\n\t<meta property=\"og:image:type\" content=\"image\/jpeg\" \/>\n<meta name=\"author\" content=\"Reda\u00e7\u00e3o\" \/>\n<meta name=\"twitter:card\" content=\"summary_large_image\" \/>\n<meta name=\"twitter:label1\" content=\"Escrito por\" \/>\n\t<meta name=\"twitter:data1\" content=\"Reda\u00e7\u00e3o\" \/>\n\t<meta name=\"twitter:label2\" content=\"Est. tempo de leitura\" \/>\n\t<meta name=\"twitter:data2\" content=\"3 minutos\" \/>\n<script type=\"application\/ld+json\" class=\"yoast-schema-graph\">{\"@context\":\"https:\/\/schema.org\",\"@graph\":[{\"@type\":\"Article\",\"@id\":\"https:\/\/noticiaempauta.com\/portal\/stf-conclui-julgamento-e-decide-que-saldos-do-fgts-devem-ser-corrigidos-pelo-ipca\/#article\",\"isPartOf\":{\"@id\":\"https:\/\/noticiaempauta.com\/portal\/stf-conclui-julgamento-e-decide-que-saldos-do-fgts-devem-ser-corrigidos-pelo-ipca\/\"},\"author\":{\"name\":\"Reda\u00e7\u00e3o\",\"@id\":\"https:\/\/noticiaempauta.com\/portal\/#\/schema\/person\/a74af43dd1ab3deca45f988c717d57ac\"},\"headline\":\"STF conclui julgamento e decide que saldos do FGTS devem ser corrigidos pelo IPCA\",\"datePublished\":\"2024-06-13T13:05:01+00:00\",\"dateModified\":\"2024-06-13T13:05:02+00:00\",\"mainEntityOfPage\":{\"@id\":\"https:\/\/noticiaempauta.com\/portal\/stf-conclui-julgamento-e-decide-que-saldos-do-fgts-devem-ser-corrigidos-pelo-ipca\/\"},\"wordCount\":342,\"commentCount\":0,\"publisher\":{\"@id\":\"https:\/\/noticiaempauta.com\/portal\/#organization\"},\"image\":{\"@id\":\"https:\/\/noticiaempauta.com\/portal\/stf-conclui-julgamento-e-decide-que-saldos-do-fgts-devem-ser-corrigidos-pelo-ipca\/#primaryimage\"},\"thumbnailUrl\":\"https:\/\/noticiaempauta.com\/portal\/wp-content\/uploads\/2024\/06\/e4cb8acd5651675b354cd326a95927a7.jpg\",\"keywords\":[\"destaqueprincipal\"],\"articleSection\":[\"Destaques\",\"Geral\",\"Todas as Not\u00edcias\"],\"inLanguage\":\"pt-BR\",\"potentialAction\":[{\"@type\":\"CommentAction\",\"name\":\"Comment\",\"target\":[\"https:\/\/noticiaempauta.com\/portal\/stf-conclui-julgamento-e-decide-que-saldos-do-fgts-devem-ser-corrigidos-pelo-ipca\/#respond\"]}]},{\"@type\":\"WebPage\",\"@id\":\"https:\/\/noticiaempauta.com\/portal\/stf-conclui-julgamento-e-decide-que-saldos-do-fgts-devem-ser-corrigidos-pelo-ipca\/\",\"url\":\"https:\/\/noticiaempauta.com\/portal\/stf-conclui-julgamento-e-decide-que-saldos-do-fgts-devem-ser-corrigidos-pelo-ipca\/\",\"name\":\"STF conclui julgamento e decide que saldos do FGTS devem ser corrigidos pelo IPCA - Portal Not\u00edcia em Pauta\",\"isPartOf\":{\"@id\":\"https:\/\/noticiaempauta.com\/portal\/#website\"},\"primaryImageOfPage\":{\"@id\":\"https:\/\/noticiaempauta.com\/portal\/stf-conclui-julgamento-e-decide-que-saldos-do-fgts-devem-ser-corrigidos-pelo-ipca\/#primaryimage\"},\"image\":{\"@id\":\"https:\/\/noticiaempauta.com\/portal\/stf-conclui-julgamento-e-decide-que-saldos-do-fgts-devem-ser-corrigidos-pelo-ipca\/#primaryimage\"},\"thumbnailUrl\":\"https:\/\/noticiaempauta.com\/portal\/wp-content\/uploads\/2024\/06\/e4cb8acd5651675b354cd326a95927a7.jpg\",\"datePublished\":\"2024-06-13T13:05:01+00:00\",\"dateModified\":\"2024-06-13T13:05:02+00:00\",\"breadcrumb\":{\"@id\":\"https:\/\/noticiaempauta.com\/portal\/stf-conclui-julgamento-e-decide-que-saldos-do-fgts-devem-ser-corrigidos-pelo-ipca\/#breadcrumb\"},\"inLanguage\":\"pt-BR\",\"potentialAction\":[{\"@type\":\"ReadAction\",\"target\":[\"https:\/\/noticiaempauta.com\/portal\/stf-conclui-julgamento-e-decide-que-saldos-do-fgts-devem-ser-corrigidos-pelo-ipca\/\"]}]},{\"@type\":\"ImageObject\",\"inLanguage\":\"pt-BR\",\"@id\":\"https:\/\/noticiaempauta.com\/portal\/stf-conclui-julgamento-e-decide-que-saldos-do-fgts-devem-ser-corrigidos-pelo-ipca\/#primaryimage\",\"url\":\"https:\/\/noticiaempauta.com\/portal\/wp-content\/uploads\/2024\/06\/e4cb8acd5651675b354cd326a95927a7.jpg\",\"contentUrl\":\"https:\/\/noticiaempauta.com\/portal\/wp-content\/uploads\/2024\/06\/e4cb8acd5651675b354cd326a95927a7.jpg\",\"width\":1023,\"height\":669},{\"@type\":\"BreadcrumbList\",\"@id\":\"https:\/\/noticiaempauta.com\/portal\/stf-conclui-julgamento-e-decide-que-saldos-do-fgts-devem-ser-corrigidos-pelo-ipca\/#breadcrumb\",\"itemListElement\":[{\"@type\":\"ListItem\",\"position\":1,\"name\":\"P\u00e1gina Inicial\",\"item\":\"https:\/\/noticiaempauta.com\/portal\/\"},{\"@type\":\"ListItem\",\"position\":2,\"name\":\"Destaques\",\"item\":\"https:\/\/noticiaempauta.com\/portal\/destaques-site\/\"},{\"@type\":\"ListItem\",\"position\":3,\"name\":\"STF conclui julgamento e decide que saldos do FGTS devem ser corrigidos pelo IPCA\"}]},{\"@type\":\"WebSite\",\"@id\":\"https:\/\/noticiaempauta.com\/portal\/#website\",\"url\":\"https:\/\/noticiaempauta.com\/portal\/\",\"name\":\"Portal Not\u00edcia em Pauta\",\"description\":\"Voc\u00ea bem informado\",\"publisher\":{\"@id\":\"https:\/\/noticiaempauta.com\/portal\/#organization\"},\"potentialAction\":[{\"@type\":\"SearchAction\",\"target\":{\"@type\":\"EntryPoint\",\"urlTemplate\":\"https:\/\/noticiaempauta.com\/portal\/?s={search_term_string}\"},\"query-input\":{\"@type\":\"PropertyValueSpecification\",\"valueRequired\":true,\"valueName\":\"search_term_string\"}}],\"inLanguage\":\"pt-BR\"},{\"@type\":\"Organization\",\"@id\":\"https:\/\/noticiaempauta.com\/portal\/#organization\",\"name\":\"Portal Not\u00edcia em Pauta\",\"url\":\"https:\/\/noticiaempauta.com\/portal\/\",\"logo\":{\"@type\":\"ImageObject\",\"inLanguage\":\"pt-BR\",\"@id\":\"https:\/\/noticiaempauta.com\/portal\/#\/schema\/logo\/image\/\",\"url\":\"https:\/\/noticiaempauta.com\/portal\/wp-content\/uploads\/2022\/08\/logomarca_tema.fw_.png\",\"contentUrl\":\"https:\/\/noticiaempauta.com\/portal\/wp-content\/uploads\/2022\/08\/logomarca_tema.fw_.png\",\"width\":400,\"height\":232,\"caption\":\"Portal Not\u00edcia em Pauta\"},\"image\":{\"@id\":\"https:\/\/noticiaempauta.com\/portal\/#\/schema\/logo\/image\/\"},\"sameAs\":[\"https:\/\/www.facebook.com\/Portal-Notcia-Em-Pauta-102292869264820\/\",\"https:\/\/www.instagram.com\/portalnoticiaempauta\/\"]},{\"@type\":\"Person\",\"@id\":\"https:\/\/noticiaempauta.com\/portal\/#\/schema\/person\/a74af43dd1ab3deca45f988c717d57ac\",\"name\":\"Reda\u00e7\u00e3o\",\"image\":{\"@type\":\"ImageObject\",\"inLanguage\":\"pt-BR\",\"@id\":\"https:\/\/noticiaempauta.com\/portal\/#\/schema\/person\/image\/\",\"url\":\"https:\/\/secure.gravatar.com\/avatar\/03179346ecce6cdfc13361603e8f54242a90e5cde8618fa23c5c00aa2b0aadf3?s=96&d=mm&r=g\",\"contentUrl\":\"https:\/\/secure.gravatar.com\/avatar\/03179346ecce6cdfc13361603e8f54242a90e5cde8618fa23c5c00aa2b0aadf3?s=96&d=mm&r=g\",\"caption\":\"Reda\u00e7\u00e3o\"},\"sameAs\":[\"https:\/\/noticiaempauta.com\/portal\/\"],\"url\":\"https:\/\/noticiaempauta.com\/portal\/author\/fernando\/\"}]}<\/script>\n<!-- \/ Yoast SEO Premium plugin. -->","yoast_head_json":{"title":"STF conclui julgamento e decide que saldos do FGTS devem ser corrigidos pelo IPCA - Portal Not\u00edcia em Pauta","robots":{"index":"index","follow":"follow","max-snippet":"max-snippet:-1","max-image-preview":"max-image-preview:large","max-video-preview":"max-video-preview:-1"},"canonical":"https:\/\/noticiaempauta.com\/portal\/stf-conclui-julgamento-e-decide-que-saldos-do-fgts-devem-ser-corrigidos-pelo-ipca\/","og_locale":"pt_BR","og_type":"article","og_title":"STF conclui julgamento e decide que saldos do FGTS devem ser corrigidos pelo IPCA","og_description":"O Supremo Tribunal Federal (STF) decidiu que os saldos do FGTS devem ser corrigidos pelo \u00cdndice Nacional de Pre\u00e7os ao Consumidor Amplo (IPCA). A decis\u00e3o ter\u00e1 efeitos somente para o futuro, sem pagamento retroativo. O resultado atende \u00e0 proposta apresentada pela Advocacia-Geral da Uni\u00e3o (AGU) ap\u00f3s negocia\u00e7\u00e3o com centrais sindicais, conforme antecipou o Broadcast (sistema [&hellip;]","og_url":"https:\/\/noticiaempauta.com\/portal\/stf-conclui-julgamento-e-decide-que-saldos-do-fgts-devem-ser-corrigidos-pelo-ipca\/","og_site_name":"Portal Not\u00edcia em Pauta","article_publisher":"https:\/\/www.facebook.com\/Portal-Notcia-Em-Pauta-102292869264820\/","article_published_time":"2024-06-13T13:05:01+00:00","article_modified_time":"2024-06-13T13:05:02+00:00","og_image":[{"width":1023,"height":669,"url":"https:\/\/noticiaempauta.com\/portal\/wp-content\/uploads\/2024\/06\/e4cb8acd5651675b354cd326a95927a7.jpg","type":"image\/jpeg"}],"author":"Reda\u00e7\u00e3o","twitter_card":"summary_large_image","twitter_misc":{"Escrito por":"Reda\u00e7\u00e3o","Est. tempo de leitura":"3 minutos"},"schema":{"@context":"https:\/\/schema.org","@graph":[{"@type":"Article","@id":"https:\/\/noticiaempauta.com\/portal\/stf-conclui-julgamento-e-decide-que-saldos-do-fgts-devem-ser-corrigidos-pelo-ipca\/#article","isPartOf":{"@id":"https:\/\/noticiaempauta.com\/portal\/stf-conclui-julgamento-e-decide-que-saldos-do-fgts-devem-ser-corrigidos-pelo-ipca\/"},"author":{"name":"Reda\u00e7\u00e3o","@id":"https:\/\/noticiaempauta.com\/portal\/#\/schema\/person\/a74af43dd1ab3deca45f988c717d57ac"},"headline":"STF conclui julgamento e decide que saldos do FGTS devem ser corrigidos pelo IPCA","datePublished":"2024-06-13T13:05:01+00:00","dateModified":"2024-06-13T13:05:02+00:00","mainEntityOfPage":{"@id":"https:\/\/noticiaempauta.com\/portal\/stf-conclui-julgamento-e-decide-que-saldos-do-fgts-devem-ser-corrigidos-pelo-ipca\/"},"wordCount":342,"commentCount":0,"publisher":{"@id":"https:\/\/noticiaempauta.com\/portal\/#organization"},"image":{"@id":"https:\/\/noticiaempauta.com\/portal\/stf-conclui-julgamento-e-decide-que-saldos-do-fgts-devem-ser-corrigidos-pelo-ipca\/#primaryimage"},"thumbnailUrl":"https:\/\/noticiaempauta.com\/portal\/wp-content\/uploads\/2024\/06\/e4cb8acd5651675b354cd326a95927a7.jpg","keywords":["destaqueprincipal"],"articleSection":["Destaques","Geral","Todas as Not\u00edcias"],"inLanguage":"pt-BR","potentialAction":[{"@type":"CommentAction","name":"Comment","target":["https:\/\/noticiaempauta.com\/portal\/stf-conclui-julgamento-e-decide-que-saldos-do-fgts-devem-ser-corrigidos-pelo-ipca\/#respond"]}]},{"@type":"WebPage","@id":"https:\/\/noticiaempauta.com\/portal\/stf-conclui-julgamento-e-decide-que-saldos-do-fgts-devem-ser-corrigidos-pelo-ipca\/","url":"https:\/\/noticiaempauta.com\/portal\/stf-conclui-julgamento-e-decide-que-saldos-do-fgts-devem-ser-corrigidos-pelo-ipca\/","name":"STF conclui julgamento e decide que saldos do FGTS devem ser corrigidos pelo IPCA - Portal Not\u00edcia em Pauta","isPartOf":{"@id":"https:\/\/noticiaempauta.com\/portal\/#website"},"primaryImageOfPage":{"@id":"https:\/\/noticiaempauta.com\/portal\/stf-conclui-julgamento-e-decide-que-saldos-do-fgts-devem-ser-corrigidos-pelo-ipca\/#primaryimage"},"image":{"@id":"https:\/\/noticiaempauta.com\/portal\/stf-conclui-julgamento-e-decide-que-saldos-do-fgts-devem-ser-corrigidos-pelo-ipca\/#primaryimage"},"thumbnailUrl":"https:\/\/noticiaempauta.com\/portal\/wp-content\/uploads\/2024\/06\/e4cb8acd5651675b354cd326a95927a7.jpg","datePublished":"2024-06-13T13:05:01+00:00","dateModified":"2024-06-13T13:05:02+00:00","breadcrumb":{"@id":"https:\/\/noticiaempauta.com\/portal\/stf-conclui-julgamento-e-decide-que-saldos-do-fgts-devem-ser-corrigidos-pelo-ipca\/#breadcrumb"},"inLanguage":"pt-BR","potentialAction":[{"@type":"ReadAction","target":["https:\/\/noticiaempauta.com\/portal\/stf-conclui-julgamento-e-decide-que-saldos-do-fgts-devem-ser-corrigidos-pelo-ipca\/"]}]},{"@type":"ImageObject","inLanguage":"pt-BR","@id":"https:\/\/noticiaempauta.com\/portal\/stf-conclui-julgamento-e-decide-que-saldos-do-fgts-devem-ser-corrigidos-pelo-ipca\/#primaryimage","url":"https:\/\/noticiaempauta.com\/portal\/wp-content\/uploads\/2024\/06\/e4cb8acd5651675b354cd326a95927a7.jpg","contentUrl":"https:\/\/noticiaempauta.com\/portal\/wp-content\/uploads\/2024\/06\/e4cb8acd5651675b354cd326a95927a7.jpg","width":1023,"height":669},{"@type":"BreadcrumbList","@id":"https:\/\/noticiaempauta.com\/portal\/stf-conclui-julgamento-e-decide-que-saldos-do-fgts-devem-ser-corrigidos-pelo-ipca\/#breadcrumb","itemListElement":[{"@type":"ListItem","position":1,"name":"P\u00e1gina Inicial","item":"https:\/\/noticiaempauta.com\/portal\/"},{"@type":"ListItem","position":2,"name":"Destaques","item":"https:\/\/noticiaempauta.com\/portal\/destaques-site\/"},{"@type":"ListItem","position":3,"name":"STF conclui julgamento e decide que saldos do FGTS devem ser corrigidos pelo IPCA"}]},{"@type":"WebSite","@id":"https:\/\/noticiaempauta.com\/portal\/#website","url":"https:\/\/noticiaempauta.com\/portal\/","name":"Portal Not\u00edcia em Pauta","description":"Voc\u00ea bem informado","publisher":{"@id":"https:\/\/noticiaempauta.com\/portal\/#organization"},"potentialAction":[{"@type":"SearchAction","target":{"@type":"EntryPoint","urlTemplate":"https:\/\/noticiaempauta.com\/portal\/?s={search_term_string}"},"query-input":{"@type":"PropertyValueSpecification","valueRequired":true,"valueName":"search_term_string"}}],"inLanguage":"pt-BR"},{"@type":"Organization","@id":"https:\/\/noticiaempauta.com\/portal\/#organization","name":"Portal Not\u00edcia em Pauta","url":"https:\/\/noticiaempauta.com\/portal\/","logo":{"@type":"ImageObject","inLanguage":"pt-BR","@id":"https:\/\/noticiaempauta.com\/portal\/#\/schema\/logo\/image\/","url":"https:\/\/noticiaempauta.com\/portal\/wp-content\/uploads\/2022\/08\/logomarca_tema.fw_.png","contentUrl":"https:\/\/noticiaempauta.com\/portal\/wp-content\/uploads\/2022\/08\/logomarca_tema.fw_.png","width":400,"height":232,"caption":"Portal Not\u00edcia em Pauta"},"image":{"@id":"https:\/\/noticiaempauta.com\/portal\/#\/schema\/logo\/image\/"},"sameAs":["https:\/\/www.facebook.com\/Portal-Notcia-Em-Pauta-102292869264820\/","https:\/\/www.instagram.com\/portalnoticiaempauta\/"]},{"@type":"Person","@id":"https:\/\/noticiaempauta.com\/portal\/#\/schema\/person\/a74af43dd1ab3deca45f988c717d57ac","name":"Reda\u00e7\u00e3o","image":{"@type":"ImageObject","inLanguage":"pt-BR","@id":"https:\/\/noticiaempauta.com\/portal\/#\/schema\/person\/image\/","url":"https:\/\/secure.gravatar.com\/avatar\/03179346ecce6cdfc13361603e8f54242a90e5cde8618fa23c5c00aa2b0aadf3?s=96&d=mm&r=g","contentUrl":"https:\/\/secure.gravatar.com\/avatar\/03179346ecce6cdfc13361603e8f54242a90e5cde8618fa23c5c00aa2b0aadf3?s=96&d=mm&r=g","caption":"Reda\u00e7\u00e3o"},"sameAs":["https:\/\/noticiaempauta.com\/portal\/"],"url":"https:\/\/noticiaempauta.com\/portal\/author\/fernando\/"}]}},"_links":{"self":[{"href":"https:\/\/noticiaempauta.com\/portal\/wp-json\/wp\/v2\/posts\/258736","targetHints":{"allow":["GET"]}}],"collection":[{"href":"https:\/\/noticiaempauta.com\/portal\/wp-json\/wp\/v2\/posts"}],"about":[{"href":"https:\/\/noticiaempauta.com\/portal\/wp-json\/wp\/v2\/types\/post"}],"author":[{"embeddable":true,"href":"https:\/\/noticiaempauta.com\/portal\/wp-json\/wp\/v2\/users\/2"}],"replies":[{"embeddable":true,"href":"https:\/\/noticiaempauta.com\/portal\/wp-json\/wp\/v2\/comments?post=258736"}],"version-history":[{"count":2,"href":"https:\/\/noticiaempauta.com\/portal\/wp-json\/wp\/v2\/posts\/258736\/revisions"}],"predecessor-version":[{"id":258739,"href":"https:\/\/noticiaempauta.com\/portal\/wp-json\/wp\/v2\/posts\/258736\/revisions\/258739"}],"wp:featuredmedia":[{"embeddable":true,"href":"https:\/\/noticiaempauta.com\/portal\/wp-json\/wp\/v2\/media\/258737"}],"wp:attachment":[{"href":"https:\/\/noticiaempauta.com\/portal\/wp-json\/wp\/v2\/media?parent=258736"}],"wp:term":[{"taxonomy":"category","embeddable":true,"href":"https:\/\/noticiaempauta.com\/portal\/wp-json\/wp\/v2\/categories?post=258736"},{"taxonomy":"post_tag","embeddable":true,"href":"https:\/\/noticiaempauta.com\/portal\/wp-json\/wp\/v2\/tags?post=258736"}],"curies":[{"name":"wp","href":"https:\/\/api.w.org\/{rel}","templated":true}]}}