{"id":258741,"date":"2024-06-14T07:58:34","date_gmt":"2024-06-14T10:58:34","guid":{"rendered":"https:\/\/noticiaempauta.com\/portal\/?p=258741"},"modified":"2024-06-14T07:58:34","modified_gmt":"2024-06-14T10:58:34","slug":"governador-entrega-recuperacao-de-rodovias-e-anuncia-obras-hidricas-no-sul-do-piaui","status":"publish","type":"post","link":"https:\/\/noticiaempauta.com\/portal\/governador-entrega-recuperacao-de-rodovias-e-anuncia-obras-hidricas-no-sul-do-piaui\/","title":{"rendered":"Governador entrega recupera\u00e7\u00e3o de rodovias e anuncia obras h\u00eddricas no Sul do Piau\u00ed"},"content":{"rendered":"\n<p>O governador Rafael Fonteles deu continuidade \u00e0 agenda desta quinta-feira (13) nos munic\u00edpios de J\u00falio Borges e Avelino Lopes, no extremo sul do Piau\u00ed. Durante sua visita, o governador inaugurou obras de rodovias e autorizou a constru\u00e7\u00e3o de novos sistemas de abastecimento de \u00e1gua para resolver a quest\u00e3o h\u00eddrica da regi\u00e3o.<\/p>\n\n\n\n<p>No munic\u00edpio de J\u00falio Borges, o governador inaugurou a restaura\u00e7\u00e3o da rodovia PI-413, no entroncamento com a PI-255, que liga o munic\u00edpio a Curimat\u00e1. Com extens\u00e3o de 40 km, foram investidos R$ 11.505.571,71 nesta obra, oriundos do Tesouro Estadual, tendo sido executada pelo Departamento de Estradas de Rodagem (DER). &nbsp;<\/p>\n\n\n\n<figure class=\"wp-block-image size-full\"><img fetchpriority=\"high\" decoding=\"async\" width=\"1000\" height=\"667\" src=\"https:\/\/noticiaempauta.com\/portal\/wp-content\/uploads\/2024\/06\/IMG_2217.jpeg\" alt=\"\" class=\"wp-image-258742\" srcset=\"https:\/\/noticiaempauta.com\/portal\/wp-content\/uploads\/2024\/06\/IMG_2217.jpeg 1000w, https:\/\/noticiaempauta.com\/portal\/wp-content\/uploads\/2024\/06\/IMG_2217-300x200.jpeg 300w, https:\/\/noticiaempauta.com\/portal\/wp-content\/uploads\/2024\/06\/IMG_2217-768x512.jpeg 768w\" sizes=\"(max-width: 1000px) 100vw, 1000px\" \/><\/figure>\n\n\n\n<p>\u201c Estamos retornando aqui para entregar todos os trechos dessa regi\u00e3o totalmente recuperados, inclusive os 40 km que v\u00e3o daqui para Curimat\u00e1\u201d, destacou Rafael, evidenciando tamb\u00e9m os investimentos e esfor\u00e7os para a reforma da escola estadual, al\u00e9m de, posteriormente, a constru\u00e7\u00e3o de passagens molhadas na cidade.<\/p>\n\n\n\n<p>O governador anunciou, ainda, a chegada de novas obras e a\u00e7\u00f5es a J\u00falio Borges. O Instituto de \u00c1guas e Esgotos do Piau\u00ed e a Secretaria de Estado da Irriga\u00e7\u00e3o e Infraestrutura H\u00eddrica dar\u00e3o abertura aos processos licitat\u00f3rios para a implanta\u00e7\u00e3o de Sistema Simplificado de Abastecimento de \u00c1gua nas localidades: Baix\u00e3o, \u00c1gua Branca, Cacimbinha, Lagoa do Mel, Ara\u00e7\u00e1, Ramira, Vered\u00e3o II, Cara\u00edbas, Lagoa da Canabrava e Vogado, Itiquira, Boa Vista, Salobo, Lagoa dos Brejeiros, Arroz, Baix\u00e3o da Descoberta, Lagoa Branca, S\u00e3o Jo\u00e3o e Varjota. No total, o investimento ser\u00e1 de R$ 3.472.425,75.<\/p>\n\n\n\n<figure class=\"wp-block-image size-full\"><img decoding=\"async\" width=\"1000\" height=\"666\" src=\"https:\/\/noticiaempauta.com\/portal\/wp-content\/uploads\/2024\/06\/IMG_2218.jpeg\" alt=\"\" class=\"wp-image-258743\" srcset=\"https:\/\/noticiaempauta.com\/portal\/wp-content\/uploads\/2024\/06\/IMG_2218.jpeg 1000w, https:\/\/noticiaempauta.com\/portal\/wp-content\/uploads\/2024\/06\/IMG_2218-300x200.jpeg 300w, https:\/\/noticiaempauta.com\/portal\/wp-content\/uploads\/2024\/06\/IMG_2218-768x511.jpeg 768w\" sizes=\"(max-width: 1000px) 100vw, 1000px\" \/><\/figure>\n\n\n\n<p>Rafael Fonteles autorizou, tamb\u00e9m, que a Ag\u00eancia de Desenvolvimento Habitacional do Piau\u00ed d\u00ea abertura ao processo licitat\u00f3rio para a conclus\u00e3o de empreendimentos residenciais no munic\u00edpio, no valor de R$ 1.097.369,10.<\/p>\n\n\n\n<p>Em Avelino Lopes o governador e comitiva ainda inauguraram trecho da PI-255 que liga Curimat\u00e1 a Avelino Lopes. A obra de recupera\u00e7\u00e3o possui extens\u00e3o de 44 km, com investimentos de R$ 8.138.677,14, oriundos do Tesouro Estadual.<\/p>\n\n\n\n<figure class=\"wp-block-image size-full\"><img decoding=\"async\" width=\"1000\" height=\"666\" src=\"https:\/\/noticiaempauta.com\/portal\/wp-content\/uploads\/2024\/06\/IMG_2219.jpeg\" alt=\"\" class=\"wp-image-258744\" srcset=\"https:\/\/noticiaempauta.com\/portal\/wp-content\/uploads\/2024\/06\/IMG_2219.jpeg 1000w, https:\/\/noticiaempauta.com\/portal\/wp-content\/uploads\/2024\/06\/IMG_2219-300x200.jpeg 300w, https:\/\/noticiaempauta.com\/portal\/wp-content\/uploads\/2024\/06\/IMG_2219-768x511.jpeg 768w\" sizes=\"(max-width: 1000px) 100vw, 1000px\" \/><\/figure>\n\n\n\n<p>\u201cAqui entregamos uma rodovia toda recuperada, bem sinalizada, com acostamento preservado, porque n\u00e3o queremos s\u00f3 uma rodovia boa e confort\u00e1vel, queremos uma rodovia segura\u201d, defendeu Fonteles.<\/p>\n\n\n\n<figure class=\"wp-block-image size-full\"><img loading=\"lazy\" decoding=\"async\" width=\"1000\" height=\"666\" src=\"https:\/\/noticiaempauta.com\/portal\/wp-content\/uploads\/2024\/06\/IMG_2220.jpeg\" alt=\"\" class=\"wp-image-258745\" srcset=\"https:\/\/noticiaempauta.com\/portal\/wp-content\/uploads\/2024\/06\/IMG_2220.jpeg 1000w, https:\/\/noticiaempauta.com\/portal\/wp-content\/uploads\/2024\/06\/IMG_2220-300x200.jpeg 300w, https:\/\/noticiaempauta.com\/portal\/wp-content\/uploads\/2024\/06\/IMG_2220-768x511.jpeg 768w\" sizes=\"(max-width: 1000px) 100vw, 1000px\" \/><\/figure>\n\n\n\n<p>Durante sua visita, o governador assinou a autoriza\u00e7\u00e3o para a Secretaria de Infraestrutura iniciar obras de perfura\u00e7\u00e3o de po\u00e7os tubulares no valor de R$ 2.000.000,00, a fim de solucionar problemas de abastecimento de \u00e1gua; ele assinou tamb\u00e9m a autoriza\u00e7\u00e3o de processos licitat\u00f3rios para recupera\u00e7\u00e3o de estradas vicinais com extens\u00e3o de 19,2 km no valor de R$922.507,32; a obra ser\u00e1 executada pela Secretaria de Transportes. Durante a solenidade, o governador anunciou ainda 14 mil m\u00b2 de asfalto urbano para o munic\u00edpio.<\/p>\n\n\n\n<p>Durante a manh\u00e3 desta quinta (13), o governador esteve ainda no munic\u00edpio de Curimat\u00e1, onde inaugurou obras de recupera\u00e7\u00e3o de rodovias, delegacia de pol\u00edcia civil e a instala\u00e7\u00e3o de um novo posto do Instituto de Identifica\u00e7\u00e3o F\u00e9lix Pacheco.<\/p>\n\n\n\n<p>CCOM\/PI<\/p>\n","protected":false},"excerpt":{"rendered":"<p>O governador Rafael Fonteles deu continuidade \u00e0 agenda desta quinta-feira (13) nos munic\u00edpios de J\u00falio Borges e Avelino Lopes, no extremo sul do Piau\u00ed. Durante sua visita, o governador inaugurou obras de rodovias e autorizou a constru\u00e7\u00e3o de novos sistemas de abastecimento de \u00e1gua para resolver a quest\u00e3o h\u00eddrica da regi\u00e3o. No munic\u00edpio de J\u00falio [&hellip;]<\/p>\n","protected":false},"author":2,"featured_media":258743,"comment_status":"open","ping_status":"open","sticky":false,"template":"","format":"standard","meta":{"_mi_skip_tracking":false,"footnotes":""},"categories":[25,1,9,16],"tags":[192],"class_list":["post-258741","post","type-post","status-publish","format-standard","has-post-thumbnail","hentry","category-destaques-site","category-geral","category-municipios","category-todas","tag-destaqueprincipal"],"acf":[],"yoast_head":"<!-- This site is optimized with the Yoast SEO Premium plugin v19.2 (Yoast SEO v26.9) - https:\/\/yoast.com\/product\/yoast-seo-premium-wordpress\/ -->\n<title>Governador entrega recupera\u00e7\u00e3o de rodovias e anuncia obras h\u00eddricas no Sul do Piau\u00ed - Portal Not\u00edcia em Pauta<\/title>\n<meta name=\"robots\" content=\"index, follow, max-snippet:-1, max-image-preview:large, max-video-preview:-1\" \/>\n<link rel=\"canonical\" href=\"https:\/\/noticiaempauta.com\/portal\/governador-entrega-recuperacao-de-rodovias-e-anuncia-obras-hidricas-no-sul-do-piaui\/\" \/>\n<meta property=\"og:locale\" content=\"pt_BR\" \/>\n<meta property=\"og:type\" content=\"article\" \/>\n<meta property=\"og:title\" content=\"Governador entrega recupera\u00e7\u00e3o de rodovias e anuncia obras h\u00eddricas no Sul do Piau\u00ed\" \/>\n<meta property=\"og:description\" content=\"O governador Rafael Fonteles deu continuidade \u00e0 agenda desta quinta-feira (13) nos munic\u00edpios de J\u00falio Borges e Avelino Lopes, no extremo sul do Piau\u00ed. Durante sua visita, o governador inaugurou obras de rodovias e autorizou a constru\u00e7\u00e3o de novos sistemas de abastecimento de \u00e1gua para resolver a quest\u00e3o h\u00eddrica da regi\u00e3o. No munic\u00edpio de J\u00falio [&hellip;]\" \/>\n<meta property=\"og:url\" content=\"https:\/\/noticiaempauta.com\/portal\/governador-entrega-recuperacao-de-rodovias-e-anuncia-obras-hidricas-no-sul-do-piaui\/\" \/>\n<meta property=\"og:site_name\" content=\"Portal Not\u00edcia em Pauta\" \/>\n<meta property=\"article:publisher\" content=\"https:\/\/www.facebook.com\/Portal-Notcia-Em-Pauta-102292869264820\/\" \/>\n<meta property=\"article:published_time\" content=\"2024-06-14T10:58:34+00:00\" \/>\n<meta property=\"og:image\" content=\"https:\/\/noticiaempauta.com\/portal\/wp-content\/uploads\/2024\/06\/IMG_2218.jpeg\" \/>\n\t<meta property=\"og:image:width\" content=\"1000\" \/>\n\t<meta property=\"og:image:height\" content=\"666\" \/>\n\t<meta property=\"og:image:type\" content=\"image\/jpeg\" \/>\n<meta name=\"author\" content=\"Reda\u00e7\u00e3o\" \/>\n<meta name=\"twitter:card\" content=\"summary_large_image\" \/>\n<meta name=\"twitter:label1\" content=\"Escrito por\" \/>\n\t<meta name=\"twitter:data1\" content=\"Reda\u00e7\u00e3o\" \/>\n\t<meta name=\"twitter:label2\" content=\"Est. tempo de leitura\" \/>\n\t<meta name=\"twitter:data2\" content=\"4 minutos\" \/>\n<script type=\"application\/ld+json\" class=\"yoast-schema-graph\">{\"@context\":\"https:\/\/schema.org\",\"@graph\":[{\"@type\":\"Article\",\"@id\":\"https:\/\/noticiaempauta.com\/portal\/governador-entrega-recuperacao-de-rodovias-e-anuncia-obras-hidricas-no-sul-do-piaui\/#article\",\"isPartOf\":{\"@id\":\"https:\/\/noticiaempauta.com\/portal\/governador-entrega-recuperacao-de-rodovias-e-anuncia-obras-hidricas-no-sul-do-piaui\/\"},\"author\":{\"name\":\"Reda\u00e7\u00e3o\",\"@id\":\"https:\/\/noticiaempauta.com\/portal\/#\/schema\/person\/a74af43dd1ab3deca45f988c717d57ac\"},\"headline\":\"Governador entrega recupera\u00e7\u00e3o de rodovias e anuncia obras h\u00eddricas no Sul do Piau\u00ed\",\"datePublished\":\"2024-06-14T10:58:34+00:00\",\"mainEntityOfPage\":{\"@id\":\"https:\/\/noticiaempauta.com\/portal\/governador-entrega-recuperacao-de-rodovias-e-anuncia-obras-hidricas-no-sul-do-piaui\/\"},\"wordCount\":505,\"commentCount\":0,\"publisher\":{\"@id\":\"https:\/\/noticiaempauta.com\/portal\/#organization\"},\"image\":{\"@id\":\"https:\/\/noticiaempauta.com\/portal\/governador-entrega-recuperacao-de-rodovias-e-anuncia-obras-hidricas-no-sul-do-piaui\/#primaryimage\"},\"thumbnailUrl\":\"https:\/\/noticiaempauta.com\/portal\/wp-content\/uploads\/2024\/06\/IMG_2218.jpeg\",\"keywords\":[\"destaqueprincipal\"],\"articleSection\":[\"Destaques\",\"Geral\",\"Munic\u00edpios\",\"Todas as Not\u00edcias\"],\"inLanguage\":\"pt-BR\",\"potentialAction\":[{\"@type\":\"CommentAction\",\"name\":\"Comment\",\"target\":[\"https:\/\/noticiaempauta.com\/portal\/governador-entrega-recuperacao-de-rodovias-e-anuncia-obras-hidricas-no-sul-do-piaui\/#respond\"]}]},{\"@type\":\"WebPage\",\"@id\":\"https:\/\/noticiaempauta.com\/portal\/governador-entrega-recuperacao-de-rodovias-e-anuncia-obras-hidricas-no-sul-do-piaui\/\",\"url\":\"https:\/\/noticiaempauta.com\/portal\/governador-entrega-recuperacao-de-rodovias-e-anuncia-obras-hidricas-no-sul-do-piaui\/\",\"name\":\"Governador entrega recupera\u00e7\u00e3o de rodovias e anuncia obras h\u00eddricas no Sul do Piau\u00ed - Portal Not\u00edcia em Pauta\",\"isPartOf\":{\"@id\":\"https:\/\/noticiaempauta.com\/portal\/#website\"},\"primaryImageOfPage\":{\"@id\":\"https:\/\/noticiaempauta.com\/portal\/governador-entrega-recuperacao-de-rodovias-e-anuncia-obras-hidricas-no-sul-do-piaui\/#primaryimage\"},\"image\":{\"@id\":\"https:\/\/noticiaempauta.com\/portal\/governador-entrega-recuperacao-de-rodovias-e-anuncia-obras-hidricas-no-sul-do-piaui\/#primaryimage\"},\"thumbnailUrl\":\"https:\/\/noticiaempauta.com\/portal\/wp-content\/uploads\/2024\/06\/IMG_2218.jpeg\",\"datePublished\":\"2024-06-14T10:58:34+00:00\",\"breadcrumb\":{\"@id\":\"https:\/\/noticiaempauta.com\/portal\/governador-entrega-recuperacao-de-rodovias-e-anuncia-obras-hidricas-no-sul-do-piaui\/#breadcrumb\"},\"inLanguage\":\"pt-BR\",\"potentialAction\":[{\"@type\":\"ReadAction\",\"target\":[\"https:\/\/noticiaempauta.com\/portal\/governador-entrega-recuperacao-de-rodovias-e-anuncia-obras-hidricas-no-sul-do-piaui\/\"]}]},{\"@type\":\"ImageObject\",\"inLanguage\":\"pt-BR\",\"@id\":\"https:\/\/noticiaempauta.com\/portal\/governador-entrega-recuperacao-de-rodovias-e-anuncia-obras-hidricas-no-sul-do-piaui\/#primaryimage\",\"url\":\"https:\/\/noticiaempauta.com\/portal\/wp-content\/uploads\/2024\/06\/IMG_2218.jpeg\",\"contentUrl\":\"https:\/\/noticiaempauta.com\/portal\/wp-content\/uploads\/2024\/06\/IMG_2218.jpeg\",\"width\":1000,\"height\":666},{\"@type\":\"BreadcrumbList\",\"@id\":\"https:\/\/noticiaempauta.com\/portal\/governador-entrega-recuperacao-de-rodovias-e-anuncia-obras-hidricas-no-sul-do-piaui\/#breadcrumb\",\"itemListElement\":[{\"@type\":\"ListItem\",\"position\":1,\"name\":\"P\u00e1gina Inicial\",\"item\":\"https:\/\/noticiaempauta.com\/portal\/\"},{\"@type\":\"ListItem\",\"position\":2,\"name\":\"Destaques\",\"item\":\"https:\/\/noticiaempauta.com\/portal\/destaques-site\/\"},{\"@type\":\"ListItem\",\"position\":3,\"name\":\"Governador entrega recupera\u00e7\u00e3o de rodovias e anuncia obras h\u00eddricas no Sul do Piau\u00ed\"}]},{\"@type\":\"WebSite\",\"@id\":\"https:\/\/noticiaempauta.com\/portal\/#website\",\"url\":\"https:\/\/noticiaempauta.com\/portal\/\",\"name\":\"Portal Not\u00edcia em Pauta\",\"description\":\"Voc\u00ea bem informado\",\"publisher\":{\"@id\":\"https:\/\/noticiaempauta.com\/portal\/#organization\"},\"potentialAction\":[{\"@type\":\"SearchAction\",\"target\":{\"@type\":\"EntryPoint\",\"urlTemplate\":\"https:\/\/noticiaempauta.com\/portal\/?s={search_term_string}\"},\"query-input\":{\"@type\":\"PropertyValueSpecification\",\"valueRequired\":true,\"valueName\":\"search_term_string\"}}],\"inLanguage\":\"pt-BR\"},{\"@type\":\"Organization\",\"@id\":\"https:\/\/noticiaempauta.com\/portal\/#organization\",\"name\":\"Portal Not\u00edcia em Pauta\",\"url\":\"https:\/\/noticiaempauta.com\/portal\/\",\"logo\":{\"@type\":\"ImageObject\",\"inLanguage\":\"pt-BR\",\"@id\":\"https:\/\/noticiaempauta.com\/portal\/#\/schema\/logo\/image\/\",\"url\":\"https:\/\/noticiaempauta.com\/portal\/wp-content\/uploads\/2022\/08\/logomarca_tema.fw_.png\",\"contentUrl\":\"https:\/\/noticiaempauta.com\/portal\/wp-content\/uploads\/2022\/08\/logomarca_tema.fw_.png\",\"width\":400,\"height\":232,\"caption\":\"Portal Not\u00edcia em Pauta\"},\"image\":{\"@id\":\"https:\/\/noticiaempauta.com\/portal\/#\/schema\/logo\/image\/\"},\"sameAs\":[\"https:\/\/www.facebook.com\/Portal-Notcia-Em-Pauta-102292869264820\/\",\"https:\/\/www.instagram.com\/portalnoticiaempauta\/\"]},{\"@type\":\"Person\",\"@id\":\"https:\/\/noticiaempauta.com\/portal\/#\/schema\/person\/a74af43dd1ab3deca45f988c717d57ac\",\"name\":\"Reda\u00e7\u00e3o\",\"image\":{\"@type\":\"ImageObject\",\"inLanguage\":\"pt-BR\",\"@id\":\"https:\/\/noticiaempauta.com\/portal\/#\/schema\/person\/image\/\",\"url\":\"https:\/\/secure.gravatar.com\/avatar\/03179346ecce6cdfc13361603e8f54242a90e5cde8618fa23c5c00aa2b0aadf3?s=96&d=mm&r=g\",\"contentUrl\":\"https:\/\/secure.gravatar.com\/avatar\/03179346ecce6cdfc13361603e8f54242a90e5cde8618fa23c5c00aa2b0aadf3?s=96&d=mm&r=g\",\"caption\":\"Reda\u00e7\u00e3o\"},\"sameAs\":[\"https:\/\/noticiaempauta.com\/portal\/\"],\"url\":\"https:\/\/noticiaempauta.com\/portal\/author\/fernando\/\"}]}<\/script>\n<!-- \/ Yoast SEO Premium plugin. -->","yoast_head_json":{"title":"Governador entrega recupera\u00e7\u00e3o de rodovias e anuncia obras h\u00eddricas no Sul do Piau\u00ed - Portal Not\u00edcia em Pauta","robots":{"index":"index","follow":"follow","max-snippet":"max-snippet:-1","max-image-preview":"max-image-preview:large","max-video-preview":"max-video-preview:-1"},"canonical":"https:\/\/noticiaempauta.com\/portal\/governador-entrega-recuperacao-de-rodovias-e-anuncia-obras-hidricas-no-sul-do-piaui\/","og_locale":"pt_BR","og_type":"article","og_title":"Governador entrega recupera\u00e7\u00e3o de rodovias e anuncia obras h\u00eddricas no Sul do Piau\u00ed","og_description":"O governador Rafael Fonteles deu continuidade \u00e0 agenda desta quinta-feira (13) nos munic\u00edpios de J\u00falio Borges e Avelino Lopes, no extremo sul do Piau\u00ed. Durante sua visita, o governador inaugurou obras de rodovias e autorizou a constru\u00e7\u00e3o de novos sistemas de abastecimento de \u00e1gua para resolver a quest\u00e3o h\u00eddrica da regi\u00e3o. No munic\u00edpio de J\u00falio [&hellip;]","og_url":"https:\/\/noticiaempauta.com\/portal\/governador-entrega-recuperacao-de-rodovias-e-anuncia-obras-hidricas-no-sul-do-piaui\/","og_site_name":"Portal Not\u00edcia em Pauta","article_publisher":"https:\/\/www.facebook.com\/Portal-Notcia-Em-Pauta-102292869264820\/","article_published_time":"2024-06-14T10:58:34+00:00","og_image":[{"width":1000,"height":666,"url":"https:\/\/noticiaempauta.com\/portal\/wp-content\/uploads\/2024\/06\/IMG_2218.jpeg","type":"image\/jpeg"}],"author":"Reda\u00e7\u00e3o","twitter_card":"summary_large_image","twitter_misc":{"Escrito por":"Reda\u00e7\u00e3o","Est. tempo de leitura":"4 minutos"},"schema":{"@context":"https:\/\/schema.org","@graph":[{"@type":"Article","@id":"https:\/\/noticiaempauta.com\/portal\/governador-entrega-recuperacao-de-rodovias-e-anuncia-obras-hidricas-no-sul-do-piaui\/#article","isPartOf":{"@id":"https:\/\/noticiaempauta.com\/portal\/governador-entrega-recuperacao-de-rodovias-e-anuncia-obras-hidricas-no-sul-do-piaui\/"},"author":{"name":"Reda\u00e7\u00e3o","@id":"https:\/\/noticiaempauta.com\/portal\/#\/schema\/person\/a74af43dd1ab3deca45f988c717d57ac"},"headline":"Governador entrega recupera\u00e7\u00e3o de rodovias e anuncia obras h\u00eddricas no Sul do Piau\u00ed","datePublished":"2024-06-14T10:58:34+00:00","mainEntityOfPage":{"@id":"https:\/\/noticiaempauta.com\/portal\/governador-entrega-recuperacao-de-rodovias-e-anuncia-obras-hidricas-no-sul-do-piaui\/"},"wordCount":505,"commentCount":0,"publisher":{"@id":"https:\/\/noticiaempauta.com\/portal\/#organization"},"image":{"@id":"https:\/\/noticiaempauta.com\/portal\/governador-entrega-recuperacao-de-rodovias-e-anuncia-obras-hidricas-no-sul-do-piaui\/#primaryimage"},"thumbnailUrl":"https:\/\/noticiaempauta.com\/portal\/wp-content\/uploads\/2024\/06\/IMG_2218.jpeg","keywords":["destaqueprincipal"],"articleSection":["Destaques","Geral","Munic\u00edpios","Todas as Not\u00edcias"],"inLanguage":"pt-BR","potentialAction":[{"@type":"CommentAction","name":"Comment","target":["https:\/\/noticiaempauta.com\/portal\/governador-entrega-recuperacao-de-rodovias-e-anuncia-obras-hidricas-no-sul-do-piaui\/#respond"]}]},{"@type":"WebPage","@id":"https:\/\/noticiaempauta.com\/portal\/governador-entrega-recuperacao-de-rodovias-e-anuncia-obras-hidricas-no-sul-do-piaui\/","url":"https:\/\/noticiaempauta.com\/portal\/governador-entrega-recuperacao-de-rodovias-e-anuncia-obras-hidricas-no-sul-do-piaui\/","name":"Governador entrega recupera\u00e7\u00e3o de rodovias e anuncia obras h\u00eddricas no Sul do Piau\u00ed - Portal Not\u00edcia em Pauta","isPartOf":{"@id":"https:\/\/noticiaempauta.com\/portal\/#website"},"primaryImageOfPage":{"@id":"https:\/\/noticiaempauta.com\/portal\/governador-entrega-recuperacao-de-rodovias-e-anuncia-obras-hidricas-no-sul-do-piaui\/#primaryimage"},"image":{"@id":"https:\/\/noticiaempauta.com\/portal\/governador-entrega-recuperacao-de-rodovias-e-anuncia-obras-hidricas-no-sul-do-piaui\/#primaryimage"},"thumbnailUrl":"https:\/\/noticiaempauta.com\/portal\/wp-content\/uploads\/2024\/06\/IMG_2218.jpeg","datePublished":"2024-06-14T10:58:34+00:00","breadcrumb":{"@id":"https:\/\/noticiaempauta.com\/portal\/governador-entrega-recuperacao-de-rodovias-e-anuncia-obras-hidricas-no-sul-do-piaui\/#breadcrumb"},"inLanguage":"pt-BR","potentialAction":[{"@type":"ReadAction","target":["https:\/\/noticiaempauta.com\/portal\/governador-entrega-recuperacao-de-rodovias-e-anuncia-obras-hidricas-no-sul-do-piaui\/"]}]},{"@type":"ImageObject","inLanguage":"pt-BR","@id":"https:\/\/noticiaempauta.com\/portal\/governador-entrega-recuperacao-de-rodovias-e-anuncia-obras-hidricas-no-sul-do-piaui\/#primaryimage","url":"https:\/\/noticiaempauta.com\/portal\/wp-content\/uploads\/2024\/06\/IMG_2218.jpeg","contentUrl":"https:\/\/noticiaempauta.com\/portal\/wp-content\/uploads\/2024\/06\/IMG_2218.jpeg","width":1000,"height":666},{"@type":"BreadcrumbList","@id":"https:\/\/noticiaempauta.com\/portal\/governador-entrega-recuperacao-de-rodovias-e-anuncia-obras-hidricas-no-sul-do-piaui\/#breadcrumb","itemListElement":[{"@type":"ListItem","position":1,"name":"P\u00e1gina Inicial","item":"https:\/\/noticiaempauta.com\/portal\/"},{"@type":"ListItem","position":2,"name":"Destaques","item":"https:\/\/noticiaempauta.com\/portal\/destaques-site\/"},{"@type":"ListItem","position":3,"name":"Governador entrega recupera\u00e7\u00e3o de rodovias e anuncia obras h\u00eddricas no Sul do Piau\u00ed"}]},{"@type":"WebSite","@id":"https:\/\/noticiaempauta.com\/portal\/#website","url":"https:\/\/noticiaempauta.com\/portal\/","name":"Portal Not\u00edcia em Pauta","description":"Voc\u00ea bem informado","publisher":{"@id":"https:\/\/noticiaempauta.com\/portal\/#organization"},"potentialAction":[{"@type":"SearchAction","target":{"@type":"EntryPoint","urlTemplate":"https:\/\/noticiaempauta.com\/portal\/?s={search_term_string}"},"query-input":{"@type":"PropertyValueSpecification","valueRequired":true,"valueName":"search_term_string"}}],"inLanguage":"pt-BR"},{"@type":"Organization","@id":"https:\/\/noticiaempauta.com\/portal\/#organization","name":"Portal Not\u00edcia em Pauta","url":"https:\/\/noticiaempauta.com\/portal\/","logo":{"@type":"ImageObject","inLanguage":"pt-BR","@id":"https:\/\/noticiaempauta.com\/portal\/#\/schema\/logo\/image\/","url":"https:\/\/noticiaempauta.com\/portal\/wp-content\/uploads\/2022\/08\/logomarca_tema.fw_.png","contentUrl":"https:\/\/noticiaempauta.com\/portal\/wp-content\/uploads\/2022\/08\/logomarca_tema.fw_.png","width":400,"height":232,"caption":"Portal Not\u00edcia em Pauta"},"image":{"@id":"https:\/\/noticiaempauta.com\/portal\/#\/schema\/logo\/image\/"},"sameAs":["https:\/\/www.facebook.com\/Portal-Notcia-Em-Pauta-102292869264820\/","https:\/\/www.instagram.com\/portalnoticiaempauta\/"]},{"@type":"Person","@id":"https:\/\/noticiaempauta.com\/portal\/#\/schema\/person\/a74af43dd1ab3deca45f988c717d57ac","name":"Reda\u00e7\u00e3o","image":{"@type":"ImageObject","inLanguage":"pt-BR","@id":"https:\/\/noticiaempauta.com\/portal\/#\/schema\/person\/image\/","url":"https:\/\/secure.gravatar.com\/avatar\/03179346ecce6cdfc13361603e8f54242a90e5cde8618fa23c5c00aa2b0aadf3?s=96&d=mm&r=g","contentUrl":"https:\/\/secure.gravatar.com\/avatar\/03179346ecce6cdfc13361603e8f54242a90e5cde8618fa23c5c00aa2b0aadf3?s=96&d=mm&r=g","caption":"Reda\u00e7\u00e3o"},"sameAs":["https:\/\/noticiaempauta.com\/portal\/"],"url":"https:\/\/noticiaempauta.com\/portal\/author\/fernando\/"}]}},"_links":{"self":[{"href":"https:\/\/noticiaempauta.com\/portal\/wp-json\/wp\/v2\/posts\/258741","targetHints":{"allow":["GET"]}}],"collection":[{"href":"https:\/\/noticiaempauta.com\/portal\/wp-json\/wp\/v2\/posts"}],"about":[{"href":"https:\/\/noticiaempauta.com\/portal\/wp-json\/wp\/v2\/types\/post"}],"author":[{"embeddable":true,"href":"https:\/\/noticiaempauta.com\/portal\/wp-json\/wp\/v2\/users\/2"}],"replies":[{"embeddable":true,"href":"https:\/\/noticiaempauta.com\/portal\/wp-json\/wp\/v2\/comments?post=258741"}],"version-history":[{"count":2,"href":"https:\/\/noticiaempauta.com\/portal\/wp-json\/wp\/v2\/posts\/258741\/revisions"}],"predecessor-version":[{"id":258747,"href":"https:\/\/noticiaempauta.com\/portal\/wp-json\/wp\/v2\/posts\/258741\/revisions\/258747"}],"wp:featuredmedia":[{"embeddable":true,"href":"https:\/\/noticiaempauta.com\/portal\/wp-json\/wp\/v2\/media\/258743"}],"wp:attachment":[{"href":"https:\/\/noticiaempauta.com\/portal\/wp-json\/wp\/v2\/media?parent=258741"}],"wp:term":[{"taxonomy":"category","embeddable":true,"href":"https:\/\/noticiaempauta.com\/portal\/wp-json\/wp\/v2\/categories?post=258741"},{"taxonomy":"post_tag","embeddable":true,"href":"https:\/\/noticiaempauta.com\/portal\/wp-json\/wp\/v2\/tags?post=258741"}],"curies":[{"name":"wp","href":"https:\/\/api.w.org\/{rel}","templated":true}]}}