{"id":258748,"date":"2024-06-14T11:56:49","date_gmt":"2024-06-14T14:56:49","guid":{"rendered":"https:\/\/noticiaempauta.com\/portal\/?p=258748"},"modified":"2024-06-14T11:56:50","modified_gmt":"2024-06-14T14:56:50","slug":"vereador-eriberto-barros-solicita-construcao-de-unidade-basica-de-saude-no-povoado-valparaiso","status":"publish","type":"post","link":"https:\/\/noticiaempauta.com\/portal\/vereador-eriberto-barros-solicita-construcao-de-unidade-basica-de-saude-no-povoado-valparaiso\/","title":{"rendered":"Vereador Eriberto Barros solicita constru\u00e7\u00e3o de Unidade B\u00e1sica de Sa\u00fade no Povoado Valpara\u00edso"},"content":{"rendered":"\n<p>Nesta quinta-feira, 13 de junho, durante a 16\u00aa sess\u00e3o ordin\u00e1ria da C\u00e2mara Municipal de Picos, o presidente da Casa, vereador Eriberto Barros, apresentou importantes solicita\u00e7\u00f5es. Eriberto pediu a constru\u00e7\u00e3o de uma Unidade B\u00e1sica de Sa\u00fade (UBS) no Povoado Valpara\u00edso, destacando a necessidade de melhorar o atendimento de sa\u00fade e o acesso aos servi\u00e7os m\u00e9dicos na regi\u00e3o.<\/p>\n\n\n\n<figure class=\"wp-block-image size-large\"><img fetchpriority=\"high\" decoding=\"async\" width=\"1024\" height=\"718\" src=\"https:\/\/noticiaempauta.com\/portal\/wp-content\/uploads\/2024\/06\/IMG_2227-1024x718.jpeg\" alt=\"\" class=\"wp-image-258749\" srcset=\"https:\/\/noticiaempauta.com\/portal\/wp-content\/uploads\/2024\/06\/IMG_2227-1024x718.jpeg 1024w, https:\/\/noticiaempauta.com\/portal\/wp-content\/uploads\/2024\/06\/IMG_2227-300x210.jpeg 300w, https:\/\/noticiaempauta.com\/portal\/wp-content\/uploads\/2024\/06\/IMG_2227-768x539.jpeg 768w, https:\/\/noticiaempauta.com\/portal\/wp-content\/uploads\/2024\/06\/IMG_2227.jpeg 1045w\" sizes=\"(max-width: 1024px) 100vw, 1024px\" \/><\/figure>\n\n\n\n<p>Al\u00e9m da UBS, o vereador requisitou o servi\u00e7o de capina e limpeza geral nas ruas do Povoado Valpara\u00edso, ressaltando a import\u00e2ncia de manter a \u00e1rea limpa e bem cuidada para o bem-estar dos moradores.<\/p>\n\n\n\n<p>Outro pedido\u00a0foi a pavimenta\u00e7\u00e3o, seja asf\u00e1ltica ou poli\u00e9drica, da via que liga o Povoado Valpara\u00edso ao Povoado Morrinhos, visando melhorar a infraestrutura urbana e facilitar o tr\u00e2nsito entre as localidades.<\/p>\n\n\n\n<figure class=\"wp-block-image size-large\"><img decoding=\"async\" width=\"1024\" height=\"956\" src=\"https:\/\/noticiaempauta.com\/portal\/wp-content\/uploads\/2024\/06\/IMG_2228-1024x956.jpeg\" alt=\"\" class=\"wp-image-258750\" srcset=\"https:\/\/noticiaempauta.com\/portal\/wp-content\/uploads\/2024\/06\/IMG_2228-1024x956.jpeg 1024w, https:\/\/noticiaempauta.com\/portal\/wp-content\/uploads\/2024\/06\/IMG_2228-300x280.jpeg 300w, https:\/\/noticiaempauta.com\/portal\/wp-content\/uploads\/2024\/06\/IMG_2228-768x717.jpeg 768w, https:\/\/noticiaempauta.com\/portal\/wp-content\/uploads\/2024\/06\/IMG_2228.jpeg 1170w\" sizes=\"(max-width: 1024px) 100vw, 1024px\" \/><\/figure>\n\n\n\n<p>Paralelamente, a C\u00e2mara de Picos anunciou a implementa\u00e7\u00e3o de cursos profissionalizantes e oficinas voltadas para a popula\u00e7\u00e3o de baixa renda. As \u00e1reas contempladas incluem t\u00e9cnicas de atendimento, automaquiagem, preparo de salgados para festas e inform\u00e1tica.<\/p>\n\n\n\n<p>As inscri\u00e7\u00f5es ser\u00e3o limitadas e anunciadas pelas redes sociais assim que o compromisso com o Servi\u00e7o Nacional de Aprendizagem Comercial (Senac) for firmado.<\/p>\n\n\n\n<p>O Presidente da C\u00e2mara, vereador Eriberto Barros falou sobre o motivo que o levou a fazer as solicita\u00e7\u00f5es. \u201cEu estive visitando o Valpara\u00edso e conversando com os populares e eles relataram a dificuldade de atendimento, que estavam tendo que improvisar bastante e atender de forma inadequada, ent\u00e3o, fiz essa requisi\u00e7\u00e3o da Unidade B\u00e1sica de Sa\u00fade. \u00c9 um povoado que gosto bastante, tenho muitos amigos e vi essa dificuldade, al\u00e9m da dificuldade de acesso, por isso, aproveitei para pedir essa pavimenta\u00e7\u00e3o\u201d, disse.<\/p>\n\n\n\n<p>Fonte: Folha Atual<\/p>\n","protected":false},"excerpt":{"rendered":"<p>Nesta quinta-feira, 13 de junho, durante a 16\u00aa sess\u00e3o ordin\u00e1ria da C\u00e2mara Municipal de Picos, o presidente da Casa, vereador Eriberto Barros, apresentou importantes solicita\u00e7\u00f5es. Eriberto pediu a constru\u00e7\u00e3o de uma Unidade B\u00e1sica de Sa\u00fade (UBS) no Povoado Valpara\u00edso, destacando a necessidade de melhorar o atendimento de sa\u00fade e o acesso aos servi\u00e7os m\u00e9dicos na [&hellip;]<\/p>\n","protected":false},"author":2,"featured_media":258749,"comment_status":"open","ping_status":"open","sticky":false,"template":"","format":"standard","meta":{"_mi_skip_tracking":false,"footnotes":""},"categories":[25,1,16],"tags":[192],"class_list":["post-258748","post","type-post","status-publish","format-standard","has-post-thumbnail","hentry","category-destaques-site","category-geral","category-todas","tag-destaqueprincipal"],"acf":[],"yoast_head":"<!-- This site is optimized with the Yoast SEO Premium plugin v19.2 (Yoast SEO v26.9) - https:\/\/yoast.com\/product\/yoast-seo-premium-wordpress\/ -->\n<title>Vereador Eriberto Barros solicita constru\u00e7\u00e3o de Unidade B\u00e1sica de Sa\u00fade no Povoado Valpara\u00edso - Portal Not\u00edcia em Pauta<\/title>\n<meta name=\"robots\" content=\"index, follow, max-snippet:-1, max-image-preview:large, max-video-preview:-1\" \/>\n<link rel=\"canonical\" href=\"https:\/\/noticiaempauta.com\/portal\/vereador-eriberto-barros-solicita-construcao-de-unidade-basica-de-saude-no-povoado-valparaiso\/\" \/>\n<meta property=\"og:locale\" content=\"pt_BR\" \/>\n<meta property=\"og:type\" content=\"article\" \/>\n<meta property=\"og:title\" content=\"Vereador Eriberto Barros solicita constru\u00e7\u00e3o de Unidade B\u00e1sica de Sa\u00fade no Povoado Valpara\u00edso\" \/>\n<meta property=\"og:description\" content=\"Nesta quinta-feira, 13 de junho, durante a 16\u00aa sess\u00e3o ordin\u00e1ria da C\u00e2mara Municipal de Picos, o presidente da Casa, vereador Eriberto Barros, apresentou importantes solicita\u00e7\u00f5es. Eriberto pediu a constru\u00e7\u00e3o de uma Unidade B\u00e1sica de Sa\u00fade (UBS) no Povoado Valpara\u00edso, destacando a necessidade de melhorar o atendimento de sa\u00fade e o acesso aos servi\u00e7os m\u00e9dicos na [&hellip;]\" \/>\n<meta property=\"og:url\" content=\"https:\/\/noticiaempauta.com\/portal\/vereador-eriberto-barros-solicita-construcao-de-unidade-basica-de-saude-no-povoado-valparaiso\/\" \/>\n<meta property=\"og:site_name\" content=\"Portal Not\u00edcia em Pauta\" \/>\n<meta property=\"article:publisher\" content=\"https:\/\/www.facebook.com\/Portal-Notcia-Em-Pauta-102292869264820\/\" \/>\n<meta property=\"article:published_time\" content=\"2024-06-14T14:56:49+00:00\" \/>\n<meta property=\"article:modified_time\" content=\"2024-06-14T14:56:50+00:00\" \/>\n<meta property=\"og:image\" content=\"https:\/\/noticiaempauta.com\/portal\/wp-content\/uploads\/2024\/06\/IMG_2227.jpeg\" \/>\n\t<meta property=\"og:image:width\" content=\"1045\" \/>\n\t<meta property=\"og:image:height\" content=\"733\" \/>\n\t<meta property=\"og:image:type\" content=\"image\/jpeg\" \/>\n<meta name=\"author\" content=\"Reda\u00e7\u00e3o\" \/>\n<meta name=\"twitter:card\" content=\"summary_large_image\" \/>\n<meta name=\"twitter:label1\" content=\"Escrito por\" \/>\n\t<meta name=\"twitter:data1\" content=\"Reda\u00e7\u00e3o\" \/>\n\t<meta name=\"twitter:label2\" content=\"Est. tempo de leitura\" \/>\n\t<meta name=\"twitter:data2\" content=\"3 minutos\" \/>\n<script type=\"application\/ld+json\" class=\"yoast-schema-graph\">{\"@context\":\"https:\/\/schema.org\",\"@graph\":[{\"@type\":\"Article\",\"@id\":\"https:\/\/noticiaempauta.com\/portal\/vereador-eriberto-barros-solicita-construcao-de-unidade-basica-de-saude-no-povoado-valparaiso\/#article\",\"isPartOf\":{\"@id\":\"https:\/\/noticiaempauta.com\/portal\/vereador-eriberto-barros-solicita-construcao-de-unidade-basica-de-saude-no-povoado-valparaiso\/\"},\"author\":{\"name\":\"Reda\u00e7\u00e3o\",\"@id\":\"https:\/\/noticiaempauta.com\/portal\/#\/schema\/person\/a74af43dd1ab3deca45f988c717d57ac\"},\"headline\":\"Vereador Eriberto Barros solicita constru\u00e7\u00e3o de Unidade B\u00e1sica de Sa\u00fade no Povoado Valpara\u00edso\",\"datePublished\":\"2024-06-14T14:56:49+00:00\",\"dateModified\":\"2024-06-14T14:56:50+00:00\",\"mainEntityOfPage\":{\"@id\":\"https:\/\/noticiaempauta.com\/portal\/vereador-eriberto-barros-solicita-construcao-de-unidade-basica-de-saude-no-povoado-valparaiso\/\"},\"wordCount\":315,\"commentCount\":0,\"publisher\":{\"@id\":\"https:\/\/noticiaempauta.com\/portal\/#organization\"},\"image\":{\"@id\":\"https:\/\/noticiaempauta.com\/portal\/vereador-eriberto-barros-solicita-construcao-de-unidade-basica-de-saude-no-povoado-valparaiso\/#primaryimage\"},\"thumbnailUrl\":\"https:\/\/noticiaempauta.com\/portal\/wp-content\/uploads\/2024\/06\/IMG_2227.jpeg\",\"keywords\":[\"destaqueprincipal\"],\"articleSection\":[\"Destaques\",\"Geral\",\"Todas as Not\u00edcias\"],\"inLanguage\":\"pt-BR\",\"potentialAction\":[{\"@type\":\"CommentAction\",\"name\":\"Comment\",\"target\":[\"https:\/\/noticiaempauta.com\/portal\/vereador-eriberto-barros-solicita-construcao-de-unidade-basica-de-saude-no-povoado-valparaiso\/#respond\"]}]},{\"@type\":\"WebPage\",\"@id\":\"https:\/\/noticiaempauta.com\/portal\/vereador-eriberto-barros-solicita-construcao-de-unidade-basica-de-saude-no-povoado-valparaiso\/\",\"url\":\"https:\/\/noticiaempauta.com\/portal\/vereador-eriberto-barros-solicita-construcao-de-unidade-basica-de-saude-no-povoado-valparaiso\/\",\"name\":\"Vereador Eriberto Barros solicita constru\u00e7\u00e3o de Unidade B\u00e1sica de Sa\u00fade no Povoado Valpara\u00edso - Portal Not\u00edcia em Pauta\",\"isPartOf\":{\"@id\":\"https:\/\/noticiaempauta.com\/portal\/#website\"},\"primaryImageOfPage\":{\"@id\":\"https:\/\/noticiaempauta.com\/portal\/vereador-eriberto-barros-solicita-construcao-de-unidade-basica-de-saude-no-povoado-valparaiso\/#primaryimage\"},\"image\":{\"@id\":\"https:\/\/noticiaempauta.com\/portal\/vereador-eriberto-barros-solicita-construcao-de-unidade-basica-de-saude-no-povoado-valparaiso\/#primaryimage\"},\"thumbnailUrl\":\"https:\/\/noticiaempauta.com\/portal\/wp-content\/uploads\/2024\/06\/IMG_2227.jpeg\",\"datePublished\":\"2024-06-14T14:56:49+00:00\",\"dateModified\":\"2024-06-14T14:56:50+00:00\",\"breadcrumb\":{\"@id\":\"https:\/\/noticiaempauta.com\/portal\/vereador-eriberto-barros-solicita-construcao-de-unidade-basica-de-saude-no-povoado-valparaiso\/#breadcrumb\"},\"inLanguage\":\"pt-BR\",\"potentialAction\":[{\"@type\":\"ReadAction\",\"target\":[\"https:\/\/noticiaempauta.com\/portal\/vereador-eriberto-barros-solicita-construcao-de-unidade-basica-de-saude-no-povoado-valparaiso\/\"]}]},{\"@type\":\"ImageObject\",\"inLanguage\":\"pt-BR\",\"@id\":\"https:\/\/noticiaempauta.com\/portal\/vereador-eriberto-barros-solicita-construcao-de-unidade-basica-de-saude-no-povoado-valparaiso\/#primaryimage\",\"url\":\"https:\/\/noticiaempauta.com\/portal\/wp-content\/uploads\/2024\/06\/IMG_2227.jpeg\",\"contentUrl\":\"https:\/\/noticiaempauta.com\/portal\/wp-content\/uploads\/2024\/06\/IMG_2227.jpeg\",\"width\":1045,\"height\":733,\"caption\":\"Screenshot\"},{\"@type\":\"BreadcrumbList\",\"@id\":\"https:\/\/noticiaempauta.com\/portal\/vereador-eriberto-barros-solicita-construcao-de-unidade-basica-de-saude-no-povoado-valparaiso\/#breadcrumb\",\"itemListElement\":[{\"@type\":\"ListItem\",\"position\":1,\"name\":\"P\u00e1gina Inicial\",\"item\":\"https:\/\/noticiaempauta.com\/portal\/\"},{\"@type\":\"ListItem\",\"position\":2,\"name\":\"Destaques\",\"item\":\"https:\/\/noticiaempauta.com\/portal\/destaques-site\/\"},{\"@type\":\"ListItem\",\"position\":3,\"name\":\"Vereador Eriberto Barros solicita constru\u00e7\u00e3o de Unidade B\u00e1sica de Sa\u00fade no Povoado Valpara\u00edso\"}]},{\"@type\":\"WebSite\",\"@id\":\"https:\/\/noticiaempauta.com\/portal\/#website\",\"url\":\"https:\/\/noticiaempauta.com\/portal\/\",\"name\":\"Portal Not\u00edcia em Pauta\",\"description\":\"Voc\u00ea bem informado\",\"publisher\":{\"@id\":\"https:\/\/noticiaempauta.com\/portal\/#organization\"},\"potentialAction\":[{\"@type\":\"SearchAction\",\"target\":{\"@type\":\"EntryPoint\",\"urlTemplate\":\"https:\/\/noticiaempauta.com\/portal\/?s={search_term_string}\"},\"query-input\":{\"@type\":\"PropertyValueSpecification\",\"valueRequired\":true,\"valueName\":\"search_term_string\"}}],\"inLanguage\":\"pt-BR\"},{\"@type\":\"Organization\",\"@id\":\"https:\/\/noticiaempauta.com\/portal\/#organization\",\"name\":\"Portal Not\u00edcia em Pauta\",\"url\":\"https:\/\/noticiaempauta.com\/portal\/\",\"logo\":{\"@type\":\"ImageObject\",\"inLanguage\":\"pt-BR\",\"@id\":\"https:\/\/noticiaempauta.com\/portal\/#\/schema\/logo\/image\/\",\"url\":\"https:\/\/noticiaempauta.com\/portal\/wp-content\/uploads\/2022\/08\/logomarca_tema.fw_.png\",\"contentUrl\":\"https:\/\/noticiaempauta.com\/portal\/wp-content\/uploads\/2022\/08\/logomarca_tema.fw_.png\",\"width\":400,\"height\":232,\"caption\":\"Portal Not\u00edcia em Pauta\"},\"image\":{\"@id\":\"https:\/\/noticiaempauta.com\/portal\/#\/schema\/logo\/image\/\"},\"sameAs\":[\"https:\/\/www.facebook.com\/Portal-Notcia-Em-Pauta-102292869264820\/\",\"https:\/\/www.instagram.com\/portalnoticiaempauta\/\"]},{\"@type\":\"Person\",\"@id\":\"https:\/\/noticiaempauta.com\/portal\/#\/schema\/person\/a74af43dd1ab3deca45f988c717d57ac\",\"name\":\"Reda\u00e7\u00e3o\",\"image\":{\"@type\":\"ImageObject\",\"inLanguage\":\"pt-BR\",\"@id\":\"https:\/\/noticiaempauta.com\/portal\/#\/schema\/person\/image\/\",\"url\":\"https:\/\/secure.gravatar.com\/avatar\/03179346ecce6cdfc13361603e8f54242a90e5cde8618fa23c5c00aa2b0aadf3?s=96&d=mm&r=g\",\"contentUrl\":\"https:\/\/secure.gravatar.com\/avatar\/03179346ecce6cdfc13361603e8f54242a90e5cde8618fa23c5c00aa2b0aadf3?s=96&d=mm&r=g\",\"caption\":\"Reda\u00e7\u00e3o\"},\"sameAs\":[\"https:\/\/noticiaempauta.com\/portal\/\"],\"url\":\"https:\/\/noticiaempauta.com\/portal\/author\/fernando\/\"}]}<\/script>\n<!-- \/ Yoast SEO Premium plugin. -->","yoast_head_json":{"title":"Vereador Eriberto Barros solicita constru\u00e7\u00e3o de Unidade B\u00e1sica de Sa\u00fade no Povoado Valpara\u00edso - Portal Not\u00edcia em Pauta","robots":{"index":"index","follow":"follow","max-snippet":"max-snippet:-1","max-image-preview":"max-image-preview:large","max-video-preview":"max-video-preview:-1"},"canonical":"https:\/\/noticiaempauta.com\/portal\/vereador-eriberto-barros-solicita-construcao-de-unidade-basica-de-saude-no-povoado-valparaiso\/","og_locale":"pt_BR","og_type":"article","og_title":"Vereador Eriberto Barros solicita constru\u00e7\u00e3o de Unidade B\u00e1sica de Sa\u00fade no Povoado Valpara\u00edso","og_description":"Nesta quinta-feira, 13 de junho, durante a 16\u00aa sess\u00e3o ordin\u00e1ria da C\u00e2mara Municipal de Picos, o presidente da Casa, vereador Eriberto Barros, apresentou importantes solicita\u00e7\u00f5es. Eriberto pediu a constru\u00e7\u00e3o de uma Unidade B\u00e1sica de Sa\u00fade (UBS) no Povoado Valpara\u00edso, destacando a necessidade de melhorar o atendimento de sa\u00fade e o acesso aos servi\u00e7os m\u00e9dicos na [&hellip;]","og_url":"https:\/\/noticiaempauta.com\/portal\/vereador-eriberto-barros-solicita-construcao-de-unidade-basica-de-saude-no-povoado-valparaiso\/","og_site_name":"Portal Not\u00edcia em Pauta","article_publisher":"https:\/\/www.facebook.com\/Portal-Notcia-Em-Pauta-102292869264820\/","article_published_time":"2024-06-14T14:56:49+00:00","article_modified_time":"2024-06-14T14:56:50+00:00","og_image":[{"width":1045,"height":733,"url":"https:\/\/noticiaempauta.com\/portal\/wp-content\/uploads\/2024\/06\/IMG_2227.jpeg","type":"image\/jpeg"}],"author":"Reda\u00e7\u00e3o","twitter_card":"summary_large_image","twitter_misc":{"Escrito por":"Reda\u00e7\u00e3o","Est. tempo de leitura":"3 minutos"},"schema":{"@context":"https:\/\/schema.org","@graph":[{"@type":"Article","@id":"https:\/\/noticiaempauta.com\/portal\/vereador-eriberto-barros-solicita-construcao-de-unidade-basica-de-saude-no-povoado-valparaiso\/#article","isPartOf":{"@id":"https:\/\/noticiaempauta.com\/portal\/vereador-eriberto-barros-solicita-construcao-de-unidade-basica-de-saude-no-povoado-valparaiso\/"},"author":{"name":"Reda\u00e7\u00e3o","@id":"https:\/\/noticiaempauta.com\/portal\/#\/schema\/person\/a74af43dd1ab3deca45f988c717d57ac"},"headline":"Vereador Eriberto Barros solicita constru\u00e7\u00e3o de Unidade B\u00e1sica de Sa\u00fade no Povoado Valpara\u00edso","datePublished":"2024-06-14T14:56:49+00:00","dateModified":"2024-06-14T14:56:50+00:00","mainEntityOfPage":{"@id":"https:\/\/noticiaempauta.com\/portal\/vereador-eriberto-barros-solicita-construcao-de-unidade-basica-de-saude-no-povoado-valparaiso\/"},"wordCount":315,"commentCount":0,"publisher":{"@id":"https:\/\/noticiaempauta.com\/portal\/#organization"},"image":{"@id":"https:\/\/noticiaempauta.com\/portal\/vereador-eriberto-barros-solicita-construcao-de-unidade-basica-de-saude-no-povoado-valparaiso\/#primaryimage"},"thumbnailUrl":"https:\/\/noticiaempauta.com\/portal\/wp-content\/uploads\/2024\/06\/IMG_2227.jpeg","keywords":["destaqueprincipal"],"articleSection":["Destaques","Geral","Todas as Not\u00edcias"],"inLanguage":"pt-BR","potentialAction":[{"@type":"CommentAction","name":"Comment","target":["https:\/\/noticiaempauta.com\/portal\/vereador-eriberto-barros-solicita-construcao-de-unidade-basica-de-saude-no-povoado-valparaiso\/#respond"]}]},{"@type":"WebPage","@id":"https:\/\/noticiaempauta.com\/portal\/vereador-eriberto-barros-solicita-construcao-de-unidade-basica-de-saude-no-povoado-valparaiso\/","url":"https:\/\/noticiaempauta.com\/portal\/vereador-eriberto-barros-solicita-construcao-de-unidade-basica-de-saude-no-povoado-valparaiso\/","name":"Vereador Eriberto Barros solicita constru\u00e7\u00e3o de Unidade B\u00e1sica de Sa\u00fade no Povoado Valpara\u00edso - Portal Not\u00edcia em Pauta","isPartOf":{"@id":"https:\/\/noticiaempauta.com\/portal\/#website"},"primaryImageOfPage":{"@id":"https:\/\/noticiaempauta.com\/portal\/vereador-eriberto-barros-solicita-construcao-de-unidade-basica-de-saude-no-povoado-valparaiso\/#primaryimage"},"image":{"@id":"https:\/\/noticiaempauta.com\/portal\/vereador-eriberto-barros-solicita-construcao-de-unidade-basica-de-saude-no-povoado-valparaiso\/#primaryimage"},"thumbnailUrl":"https:\/\/noticiaempauta.com\/portal\/wp-content\/uploads\/2024\/06\/IMG_2227.jpeg","datePublished":"2024-06-14T14:56:49+00:00","dateModified":"2024-06-14T14:56:50+00:00","breadcrumb":{"@id":"https:\/\/noticiaempauta.com\/portal\/vereador-eriberto-barros-solicita-construcao-de-unidade-basica-de-saude-no-povoado-valparaiso\/#breadcrumb"},"inLanguage":"pt-BR","potentialAction":[{"@type":"ReadAction","target":["https:\/\/noticiaempauta.com\/portal\/vereador-eriberto-barros-solicita-construcao-de-unidade-basica-de-saude-no-povoado-valparaiso\/"]}]},{"@type":"ImageObject","inLanguage":"pt-BR","@id":"https:\/\/noticiaempauta.com\/portal\/vereador-eriberto-barros-solicita-construcao-de-unidade-basica-de-saude-no-povoado-valparaiso\/#primaryimage","url":"https:\/\/noticiaempauta.com\/portal\/wp-content\/uploads\/2024\/06\/IMG_2227.jpeg","contentUrl":"https:\/\/noticiaempauta.com\/portal\/wp-content\/uploads\/2024\/06\/IMG_2227.jpeg","width":1045,"height":733,"caption":"Screenshot"},{"@type":"BreadcrumbList","@id":"https:\/\/noticiaempauta.com\/portal\/vereador-eriberto-barros-solicita-construcao-de-unidade-basica-de-saude-no-povoado-valparaiso\/#breadcrumb","itemListElement":[{"@type":"ListItem","position":1,"name":"P\u00e1gina Inicial","item":"https:\/\/noticiaempauta.com\/portal\/"},{"@type":"ListItem","position":2,"name":"Destaques","item":"https:\/\/noticiaempauta.com\/portal\/destaques-site\/"},{"@type":"ListItem","position":3,"name":"Vereador Eriberto Barros solicita constru\u00e7\u00e3o de Unidade B\u00e1sica de Sa\u00fade no Povoado Valpara\u00edso"}]},{"@type":"WebSite","@id":"https:\/\/noticiaempauta.com\/portal\/#website","url":"https:\/\/noticiaempauta.com\/portal\/","name":"Portal Not\u00edcia em Pauta","description":"Voc\u00ea bem informado","publisher":{"@id":"https:\/\/noticiaempauta.com\/portal\/#organization"},"potentialAction":[{"@type":"SearchAction","target":{"@type":"EntryPoint","urlTemplate":"https:\/\/noticiaempauta.com\/portal\/?s={search_term_string}"},"query-input":{"@type":"PropertyValueSpecification","valueRequired":true,"valueName":"search_term_string"}}],"inLanguage":"pt-BR"},{"@type":"Organization","@id":"https:\/\/noticiaempauta.com\/portal\/#organization","name":"Portal Not\u00edcia em Pauta","url":"https:\/\/noticiaempauta.com\/portal\/","logo":{"@type":"ImageObject","inLanguage":"pt-BR","@id":"https:\/\/noticiaempauta.com\/portal\/#\/schema\/logo\/image\/","url":"https:\/\/noticiaempauta.com\/portal\/wp-content\/uploads\/2022\/08\/logomarca_tema.fw_.png","contentUrl":"https:\/\/noticiaempauta.com\/portal\/wp-content\/uploads\/2022\/08\/logomarca_tema.fw_.png","width":400,"height":232,"caption":"Portal Not\u00edcia em Pauta"},"image":{"@id":"https:\/\/noticiaempauta.com\/portal\/#\/schema\/logo\/image\/"},"sameAs":["https:\/\/www.facebook.com\/Portal-Notcia-Em-Pauta-102292869264820\/","https:\/\/www.instagram.com\/portalnoticiaempauta\/"]},{"@type":"Person","@id":"https:\/\/noticiaempauta.com\/portal\/#\/schema\/person\/a74af43dd1ab3deca45f988c717d57ac","name":"Reda\u00e7\u00e3o","image":{"@type":"ImageObject","inLanguage":"pt-BR","@id":"https:\/\/noticiaempauta.com\/portal\/#\/schema\/person\/image\/","url":"https:\/\/secure.gravatar.com\/avatar\/03179346ecce6cdfc13361603e8f54242a90e5cde8618fa23c5c00aa2b0aadf3?s=96&d=mm&r=g","contentUrl":"https:\/\/secure.gravatar.com\/avatar\/03179346ecce6cdfc13361603e8f54242a90e5cde8618fa23c5c00aa2b0aadf3?s=96&d=mm&r=g","caption":"Reda\u00e7\u00e3o"},"sameAs":["https:\/\/noticiaempauta.com\/portal\/"],"url":"https:\/\/noticiaempauta.com\/portal\/author\/fernando\/"}]}},"_links":{"self":[{"href":"https:\/\/noticiaempauta.com\/portal\/wp-json\/wp\/v2\/posts\/258748","targetHints":{"allow":["GET"]}}],"collection":[{"href":"https:\/\/noticiaempauta.com\/portal\/wp-json\/wp\/v2\/posts"}],"about":[{"href":"https:\/\/noticiaempauta.com\/portal\/wp-json\/wp\/v2\/types\/post"}],"author":[{"embeddable":true,"href":"https:\/\/noticiaempauta.com\/portal\/wp-json\/wp\/v2\/users\/2"}],"replies":[{"embeddable":true,"href":"https:\/\/noticiaempauta.com\/portal\/wp-json\/wp\/v2\/comments?post=258748"}],"version-history":[{"count":2,"href":"https:\/\/noticiaempauta.com\/portal\/wp-json\/wp\/v2\/posts\/258748\/revisions"}],"predecessor-version":[{"id":258752,"href":"https:\/\/noticiaempauta.com\/portal\/wp-json\/wp\/v2\/posts\/258748\/revisions\/258752"}],"wp:featuredmedia":[{"embeddable":true,"href":"https:\/\/noticiaempauta.com\/portal\/wp-json\/wp\/v2\/media\/258749"}],"wp:attachment":[{"href":"https:\/\/noticiaempauta.com\/portal\/wp-json\/wp\/v2\/media?parent=258748"}],"wp:term":[{"taxonomy":"category","embeddable":true,"href":"https:\/\/noticiaempauta.com\/portal\/wp-json\/wp\/v2\/categories?post=258748"},{"taxonomy":"post_tag","embeddable":true,"href":"https:\/\/noticiaempauta.com\/portal\/wp-json\/wp\/v2\/tags?post=258748"}],"curies":[{"name":"wp","href":"https:\/\/api.w.org\/{rel}","templated":true}]}}