{"id":258767,"date":"2024-06-14T15:32:52","date_gmt":"2024-06-14T18:32:52","guid":{"rendered":"https:\/\/noticiaempauta.com\/portal\/?p=258767"},"modified":"2024-06-14T15:32:53","modified_gmt":"2024-06-14T18:32:53","slug":"hospital-justino-luz-em-picos-realiza-primeira-cirurgia-de-coluna-por-video","status":"publish","type":"post","link":"https:\/\/noticiaempauta.com\/portal\/hospital-justino-luz-em-picos-realiza-primeira-cirurgia-de-coluna-por-video\/","title":{"rendered":"Hospital Justino Luz em Picos realiza primeira cirurgia de coluna por v\u00eddeo"},"content":{"rendered":"\n<p>O Hospital Regional Justino Luz, em Picos, realizou a primeira cirurgia de coluna da unidade de sa\u00fade. &nbsp;O procedimento, realizado pela equipe de neurocirurgia, na ter\u00e7a-feira (11), em uma paciente de 51 anos, que estava h\u00e1 tr\u00eas meses com dor intensa e com dificuldade de locomo\u00e7\u00e3o.<\/p>\n\n\n\n<p>Para solucionar o problema, os m\u00e9dicos do Hospital Regional Justino Luz realizaram um procedimento cir\u00fargico chamado de laminectomia lombar, que alivia a press\u00e3o sobre um nervo lesionado e a medula espinhal.<\/p>\n\n\n\n<figure class=\"wp-block-image size-full\"><img fetchpriority=\"high\" decoding=\"async\" width=\"1000\" height=\"629\" src=\"https:\/\/noticiaempauta.com\/portal\/wp-content\/uploads\/2024\/06\/IMG_2247.jpeg\" alt=\"\" class=\"wp-image-258768\" srcset=\"https:\/\/noticiaempauta.com\/portal\/wp-content\/uploads\/2024\/06\/IMG_2247.jpeg 1000w, https:\/\/noticiaempauta.com\/portal\/wp-content\/uploads\/2024\/06\/IMG_2247-300x189.jpeg 300w, https:\/\/noticiaempauta.com\/portal\/wp-content\/uploads\/2024\/06\/IMG_2247-768x483.jpeg 768w\" sizes=\"(max-width: 1000px) 100vw, 1000px\" \/><\/figure>\n\n\n\n<p>\u201cEsta \u00e9 uma cirurgia minimamente invasiva, que possibilita mais qualidade na recupera\u00e7\u00e3o. Trazer essa tecnologia para nossa regi\u00e3o \u00e9 muito importante para aprimorarmos os servi\u00e7os ofertados na nossa unidade de sa\u00fade\u201d, destaca a diretora do Hospital Regional Justino Luz, Ana L\u00edgia Meira.<\/p>\n\n\n\n<p>Desde o in\u00edcio do ano, a Secretaria de Estado da Sa\u00fade (Sesapi) realizou 81 cirurgias neurol\u00f3gicas no hospital de Picos.<\/p>\n\n\n\n<p>\u201cConseguimos dar mais um passo no acesso aos servi\u00e7os de sa\u00fade p\u00fablicos, para a popula\u00e7\u00e3o do interior do Piau\u00ed, com a realiza\u00e7\u00e3o desta primeira cirurgia na regi\u00e3o do Vale do Itaim. Este procedimento inovador vai nos possibilitar atender mais pessoas, com uma recupera\u00e7\u00e3o melhor, utilizando a tecnologia de v\u00eddeo\u201d, destaca o superintendente da Rede de M\u00e9dia e Alta Complexidade da Sesapi, Dirceu Camp\u00ealo.<\/p>\n\n\n\n<p>CCOM-PI<\/p>\n\n\n\n<p><\/p>\n","protected":false},"excerpt":{"rendered":"<p>O Hospital Regional Justino Luz, em Picos, realizou a primeira cirurgia de coluna da unidade de sa\u00fade. &nbsp;O procedimento, realizado pela equipe de neurocirurgia, na ter\u00e7a-feira (11), em uma paciente de 51 anos, que estava h\u00e1 tr\u00eas meses com dor intensa e com dificuldade de locomo\u00e7\u00e3o. Para solucionar o problema, os m\u00e9dicos do Hospital Regional [&hellip;]<\/p>\n","protected":false},"author":2,"featured_media":258768,"comment_status":"open","ping_status":"open","sticky":false,"template":"","format":"standard","meta":{"_mi_skip_tracking":false,"footnotes":""},"categories":[25,1,5,16],"tags":[192],"class_list":["post-258767","post","type-post","status-publish","format-standard","has-post-thumbnail","hentry","category-destaques-site","category-geral","category-saude","category-todas","tag-destaqueprincipal"],"acf":[],"yoast_head":"<!-- This site is optimized with the Yoast SEO Premium plugin v19.2 (Yoast SEO v26.9) - https:\/\/yoast.com\/product\/yoast-seo-premium-wordpress\/ -->\n<title>Hospital Justino Luz em Picos realiza primeira cirurgia de coluna por v\u00eddeo - Portal Not\u00edcia em Pauta<\/title>\n<meta name=\"robots\" content=\"index, follow, max-snippet:-1, max-image-preview:large, max-video-preview:-1\" \/>\n<link rel=\"canonical\" href=\"https:\/\/noticiaempauta.com\/portal\/hospital-justino-luz-em-picos-realiza-primeira-cirurgia-de-coluna-por-video\/\" \/>\n<meta property=\"og:locale\" content=\"pt_BR\" \/>\n<meta property=\"og:type\" content=\"article\" \/>\n<meta property=\"og:title\" content=\"Hospital Justino Luz em Picos realiza primeira cirurgia de coluna por v\u00eddeo\" \/>\n<meta property=\"og:description\" content=\"O Hospital Regional Justino Luz, em Picos, realizou a primeira cirurgia de coluna da unidade de sa\u00fade. &nbsp;O procedimento, realizado pela equipe de neurocirurgia, na ter\u00e7a-feira (11), em uma paciente de 51 anos, que estava h\u00e1 tr\u00eas meses com dor intensa e com dificuldade de locomo\u00e7\u00e3o. Para solucionar o problema, os m\u00e9dicos do Hospital Regional [&hellip;]\" \/>\n<meta property=\"og:url\" content=\"https:\/\/noticiaempauta.com\/portal\/hospital-justino-luz-em-picos-realiza-primeira-cirurgia-de-coluna-por-video\/\" \/>\n<meta property=\"og:site_name\" content=\"Portal Not\u00edcia em Pauta\" \/>\n<meta property=\"article:publisher\" content=\"https:\/\/www.facebook.com\/Portal-Notcia-Em-Pauta-102292869264820\/\" \/>\n<meta property=\"article:published_time\" content=\"2024-06-14T18:32:52+00:00\" \/>\n<meta property=\"article:modified_time\" content=\"2024-06-14T18:32:53+00:00\" \/>\n<meta property=\"og:image\" content=\"https:\/\/noticiaempauta.com\/portal\/wp-content\/uploads\/2024\/06\/IMG_2247.jpeg\" \/>\n\t<meta property=\"og:image:width\" content=\"1000\" \/>\n\t<meta property=\"og:image:height\" content=\"629\" \/>\n\t<meta property=\"og:image:type\" content=\"image\/jpeg\" \/>\n<meta name=\"author\" content=\"Reda\u00e7\u00e3o\" \/>\n<meta name=\"twitter:card\" content=\"summary_large_image\" \/>\n<meta name=\"twitter:label1\" content=\"Escrito por\" \/>\n\t<meta name=\"twitter:data1\" content=\"Reda\u00e7\u00e3o\" \/>\n\t<meta name=\"twitter:label2\" content=\"Est. tempo de leitura\" \/>\n\t<meta name=\"twitter:data2\" content=\"2 minutos\" \/>\n<script type=\"application\/ld+json\" class=\"yoast-schema-graph\">{\"@context\":\"https:\/\/schema.org\",\"@graph\":[{\"@type\":\"Article\",\"@id\":\"https:\/\/noticiaempauta.com\/portal\/hospital-justino-luz-em-picos-realiza-primeira-cirurgia-de-coluna-por-video\/#article\",\"isPartOf\":{\"@id\":\"https:\/\/noticiaempauta.com\/portal\/hospital-justino-luz-em-picos-realiza-primeira-cirurgia-de-coluna-por-video\/\"},\"author\":{\"name\":\"Reda\u00e7\u00e3o\",\"@id\":\"https:\/\/noticiaempauta.com\/portal\/#\/schema\/person\/a74af43dd1ab3deca45f988c717d57ac\"},\"headline\":\"Hospital Justino Luz em Picos realiza primeira cirurgia de coluna por v\u00eddeo\",\"datePublished\":\"2024-06-14T18:32:52+00:00\",\"dateModified\":\"2024-06-14T18:32:53+00:00\",\"mainEntityOfPage\":{\"@id\":\"https:\/\/noticiaempauta.com\/portal\/hospital-justino-luz-em-picos-realiza-primeira-cirurgia-de-coluna-por-video\/\"},\"wordCount\":237,\"commentCount\":0,\"publisher\":{\"@id\":\"https:\/\/noticiaempauta.com\/portal\/#organization\"},\"image\":{\"@id\":\"https:\/\/noticiaempauta.com\/portal\/hospital-justino-luz-em-picos-realiza-primeira-cirurgia-de-coluna-por-video\/#primaryimage\"},\"thumbnailUrl\":\"https:\/\/noticiaempauta.com\/portal\/wp-content\/uploads\/2024\/06\/IMG_2247.jpeg\",\"keywords\":[\"destaqueprincipal\"],\"articleSection\":[\"Destaques\",\"Geral\",\"Sa\u00fade\",\"Todas as Not\u00edcias\"],\"inLanguage\":\"pt-BR\",\"potentialAction\":[{\"@type\":\"CommentAction\",\"name\":\"Comment\",\"target\":[\"https:\/\/noticiaempauta.com\/portal\/hospital-justino-luz-em-picos-realiza-primeira-cirurgia-de-coluna-por-video\/#respond\"]}]},{\"@type\":\"WebPage\",\"@id\":\"https:\/\/noticiaempauta.com\/portal\/hospital-justino-luz-em-picos-realiza-primeira-cirurgia-de-coluna-por-video\/\",\"url\":\"https:\/\/noticiaempauta.com\/portal\/hospital-justino-luz-em-picos-realiza-primeira-cirurgia-de-coluna-por-video\/\",\"name\":\"Hospital Justino Luz em Picos realiza primeira cirurgia de coluna por v\u00eddeo - Portal Not\u00edcia em Pauta\",\"isPartOf\":{\"@id\":\"https:\/\/noticiaempauta.com\/portal\/#website\"},\"primaryImageOfPage\":{\"@id\":\"https:\/\/noticiaempauta.com\/portal\/hospital-justino-luz-em-picos-realiza-primeira-cirurgia-de-coluna-por-video\/#primaryimage\"},\"image\":{\"@id\":\"https:\/\/noticiaempauta.com\/portal\/hospital-justino-luz-em-picos-realiza-primeira-cirurgia-de-coluna-por-video\/#primaryimage\"},\"thumbnailUrl\":\"https:\/\/noticiaempauta.com\/portal\/wp-content\/uploads\/2024\/06\/IMG_2247.jpeg\",\"datePublished\":\"2024-06-14T18:32:52+00:00\",\"dateModified\":\"2024-06-14T18:32:53+00:00\",\"breadcrumb\":{\"@id\":\"https:\/\/noticiaempauta.com\/portal\/hospital-justino-luz-em-picos-realiza-primeira-cirurgia-de-coluna-por-video\/#breadcrumb\"},\"inLanguage\":\"pt-BR\",\"potentialAction\":[{\"@type\":\"ReadAction\",\"target\":[\"https:\/\/noticiaempauta.com\/portal\/hospital-justino-luz-em-picos-realiza-primeira-cirurgia-de-coluna-por-video\/\"]}]},{\"@type\":\"ImageObject\",\"inLanguage\":\"pt-BR\",\"@id\":\"https:\/\/noticiaempauta.com\/portal\/hospital-justino-luz-em-picos-realiza-primeira-cirurgia-de-coluna-por-video\/#primaryimage\",\"url\":\"https:\/\/noticiaempauta.com\/portal\/wp-content\/uploads\/2024\/06\/IMG_2247.jpeg\",\"contentUrl\":\"https:\/\/noticiaempauta.com\/portal\/wp-content\/uploads\/2024\/06\/IMG_2247.jpeg\",\"width\":1000,\"height\":629},{\"@type\":\"BreadcrumbList\",\"@id\":\"https:\/\/noticiaempauta.com\/portal\/hospital-justino-luz-em-picos-realiza-primeira-cirurgia-de-coluna-por-video\/#breadcrumb\",\"itemListElement\":[{\"@type\":\"ListItem\",\"position\":1,\"name\":\"P\u00e1gina Inicial\",\"item\":\"https:\/\/noticiaempauta.com\/portal\/\"},{\"@type\":\"ListItem\",\"position\":2,\"name\":\"Destaques\",\"item\":\"https:\/\/noticiaempauta.com\/portal\/destaques-site\/\"},{\"@type\":\"ListItem\",\"position\":3,\"name\":\"Hospital Justino Luz em Picos realiza primeira cirurgia de coluna por v\u00eddeo\"}]},{\"@type\":\"WebSite\",\"@id\":\"https:\/\/noticiaempauta.com\/portal\/#website\",\"url\":\"https:\/\/noticiaempauta.com\/portal\/\",\"name\":\"Portal Not\u00edcia em Pauta\",\"description\":\"Voc\u00ea bem informado\",\"publisher\":{\"@id\":\"https:\/\/noticiaempauta.com\/portal\/#organization\"},\"potentialAction\":[{\"@type\":\"SearchAction\",\"target\":{\"@type\":\"EntryPoint\",\"urlTemplate\":\"https:\/\/noticiaempauta.com\/portal\/?s={search_term_string}\"},\"query-input\":{\"@type\":\"PropertyValueSpecification\",\"valueRequired\":true,\"valueName\":\"search_term_string\"}}],\"inLanguage\":\"pt-BR\"},{\"@type\":\"Organization\",\"@id\":\"https:\/\/noticiaempauta.com\/portal\/#organization\",\"name\":\"Portal Not\u00edcia em Pauta\",\"url\":\"https:\/\/noticiaempauta.com\/portal\/\",\"logo\":{\"@type\":\"ImageObject\",\"inLanguage\":\"pt-BR\",\"@id\":\"https:\/\/noticiaempauta.com\/portal\/#\/schema\/logo\/image\/\",\"url\":\"https:\/\/noticiaempauta.com\/portal\/wp-content\/uploads\/2022\/08\/logomarca_tema.fw_.png\",\"contentUrl\":\"https:\/\/noticiaempauta.com\/portal\/wp-content\/uploads\/2022\/08\/logomarca_tema.fw_.png\",\"width\":400,\"height\":232,\"caption\":\"Portal Not\u00edcia em Pauta\"},\"image\":{\"@id\":\"https:\/\/noticiaempauta.com\/portal\/#\/schema\/logo\/image\/\"},\"sameAs\":[\"https:\/\/www.facebook.com\/Portal-Notcia-Em-Pauta-102292869264820\/\",\"https:\/\/www.instagram.com\/portalnoticiaempauta\/\"]},{\"@type\":\"Person\",\"@id\":\"https:\/\/noticiaempauta.com\/portal\/#\/schema\/person\/a74af43dd1ab3deca45f988c717d57ac\",\"name\":\"Reda\u00e7\u00e3o\",\"image\":{\"@type\":\"ImageObject\",\"inLanguage\":\"pt-BR\",\"@id\":\"https:\/\/noticiaempauta.com\/portal\/#\/schema\/person\/image\/\",\"url\":\"https:\/\/secure.gravatar.com\/avatar\/03179346ecce6cdfc13361603e8f54242a90e5cde8618fa23c5c00aa2b0aadf3?s=96&d=mm&r=g\",\"contentUrl\":\"https:\/\/secure.gravatar.com\/avatar\/03179346ecce6cdfc13361603e8f54242a90e5cde8618fa23c5c00aa2b0aadf3?s=96&d=mm&r=g\",\"caption\":\"Reda\u00e7\u00e3o\"},\"sameAs\":[\"https:\/\/noticiaempauta.com\/portal\/\"],\"url\":\"https:\/\/noticiaempauta.com\/portal\/author\/fernando\/\"}]}<\/script>\n<!-- \/ Yoast SEO Premium plugin. -->","yoast_head_json":{"title":"Hospital Justino Luz em Picos realiza primeira cirurgia de coluna por v\u00eddeo - Portal Not\u00edcia em Pauta","robots":{"index":"index","follow":"follow","max-snippet":"max-snippet:-1","max-image-preview":"max-image-preview:large","max-video-preview":"max-video-preview:-1"},"canonical":"https:\/\/noticiaempauta.com\/portal\/hospital-justino-luz-em-picos-realiza-primeira-cirurgia-de-coluna-por-video\/","og_locale":"pt_BR","og_type":"article","og_title":"Hospital Justino Luz em Picos realiza primeira cirurgia de coluna por v\u00eddeo","og_description":"O Hospital Regional Justino Luz, em Picos, realizou a primeira cirurgia de coluna da unidade de sa\u00fade. &nbsp;O procedimento, realizado pela equipe de neurocirurgia, na ter\u00e7a-feira (11), em uma paciente de 51 anos, que estava h\u00e1 tr\u00eas meses com dor intensa e com dificuldade de locomo\u00e7\u00e3o. Para solucionar o problema, os m\u00e9dicos do Hospital Regional [&hellip;]","og_url":"https:\/\/noticiaempauta.com\/portal\/hospital-justino-luz-em-picos-realiza-primeira-cirurgia-de-coluna-por-video\/","og_site_name":"Portal Not\u00edcia em Pauta","article_publisher":"https:\/\/www.facebook.com\/Portal-Notcia-Em-Pauta-102292869264820\/","article_published_time":"2024-06-14T18:32:52+00:00","article_modified_time":"2024-06-14T18:32:53+00:00","og_image":[{"width":1000,"height":629,"url":"https:\/\/noticiaempauta.com\/portal\/wp-content\/uploads\/2024\/06\/IMG_2247.jpeg","type":"image\/jpeg"}],"author":"Reda\u00e7\u00e3o","twitter_card":"summary_large_image","twitter_misc":{"Escrito por":"Reda\u00e7\u00e3o","Est. tempo de leitura":"2 minutos"},"schema":{"@context":"https:\/\/schema.org","@graph":[{"@type":"Article","@id":"https:\/\/noticiaempauta.com\/portal\/hospital-justino-luz-em-picos-realiza-primeira-cirurgia-de-coluna-por-video\/#article","isPartOf":{"@id":"https:\/\/noticiaempauta.com\/portal\/hospital-justino-luz-em-picos-realiza-primeira-cirurgia-de-coluna-por-video\/"},"author":{"name":"Reda\u00e7\u00e3o","@id":"https:\/\/noticiaempauta.com\/portal\/#\/schema\/person\/a74af43dd1ab3deca45f988c717d57ac"},"headline":"Hospital Justino Luz em Picos realiza primeira cirurgia de coluna por v\u00eddeo","datePublished":"2024-06-14T18:32:52+00:00","dateModified":"2024-06-14T18:32:53+00:00","mainEntityOfPage":{"@id":"https:\/\/noticiaempauta.com\/portal\/hospital-justino-luz-em-picos-realiza-primeira-cirurgia-de-coluna-por-video\/"},"wordCount":237,"commentCount":0,"publisher":{"@id":"https:\/\/noticiaempauta.com\/portal\/#organization"},"image":{"@id":"https:\/\/noticiaempauta.com\/portal\/hospital-justino-luz-em-picos-realiza-primeira-cirurgia-de-coluna-por-video\/#primaryimage"},"thumbnailUrl":"https:\/\/noticiaempauta.com\/portal\/wp-content\/uploads\/2024\/06\/IMG_2247.jpeg","keywords":["destaqueprincipal"],"articleSection":["Destaques","Geral","Sa\u00fade","Todas as Not\u00edcias"],"inLanguage":"pt-BR","potentialAction":[{"@type":"CommentAction","name":"Comment","target":["https:\/\/noticiaempauta.com\/portal\/hospital-justino-luz-em-picos-realiza-primeira-cirurgia-de-coluna-por-video\/#respond"]}]},{"@type":"WebPage","@id":"https:\/\/noticiaempauta.com\/portal\/hospital-justino-luz-em-picos-realiza-primeira-cirurgia-de-coluna-por-video\/","url":"https:\/\/noticiaempauta.com\/portal\/hospital-justino-luz-em-picos-realiza-primeira-cirurgia-de-coluna-por-video\/","name":"Hospital Justino Luz em Picos realiza primeira cirurgia de coluna por v\u00eddeo - Portal Not\u00edcia em Pauta","isPartOf":{"@id":"https:\/\/noticiaempauta.com\/portal\/#website"},"primaryImageOfPage":{"@id":"https:\/\/noticiaempauta.com\/portal\/hospital-justino-luz-em-picos-realiza-primeira-cirurgia-de-coluna-por-video\/#primaryimage"},"image":{"@id":"https:\/\/noticiaempauta.com\/portal\/hospital-justino-luz-em-picos-realiza-primeira-cirurgia-de-coluna-por-video\/#primaryimage"},"thumbnailUrl":"https:\/\/noticiaempauta.com\/portal\/wp-content\/uploads\/2024\/06\/IMG_2247.jpeg","datePublished":"2024-06-14T18:32:52+00:00","dateModified":"2024-06-14T18:32:53+00:00","breadcrumb":{"@id":"https:\/\/noticiaempauta.com\/portal\/hospital-justino-luz-em-picos-realiza-primeira-cirurgia-de-coluna-por-video\/#breadcrumb"},"inLanguage":"pt-BR","potentialAction":[{"@type":"ReadAction","target":["https:\/\/noticiaempauta.com\/portal\/hospital-justino-luz-em-picos-realiza-primeira-cirurgia-de-coluna-por-video\/"]}]},{"@type":"ImageObject","inLanguage":"pt-BR","@id":"https:\/\/noticiaempauta.com\/portal\/hospital-justino-luz-em-picos-realiza-primeira-cirurgia-de-coluna-por-video\/#primaryimage","url":"https:\/\/noticiaempauta.com\/portal\/wp-content\/uploads\/2024\/06\/IMG_2247.jpeg","contentUrl":"https:\/\/noticiaempauta.com\/portal\/wp-content\/uploads\/2024\/06\/IMG_2247.jpeg","width":1000,"height":629},{"@type":"BreadcrumbList","@id":"https:\/\/noticiaempauta.com\/portal\/hospital-justino-luz-em-picos-realiza-primeira-cirurgia-de-coluna-por-video\/#breadcrumb","itemListElement":[{"@type":"ListItem","position":1,"name":"P\u00e1gina Inicial","item":"https:\/\/noticiaempauta.com\/portal\/"},{"@type":"ListItem","position":2,"name":"Destaques","item":"https:\/\/noticiaempauta.com\/portal\/destaques-site\/"},{"@type":"ListItem","position":3,"name":"Hospital Justino Luz em Picos realiza primeira cirurgia de coluna por v\u00eddeo"}]},{"@type":"WebSite","@id":"https:\/\/noticiaempauta.com\/portal\/#website","url":"https:\/\/noticiaempauta.com\/portal\/","name":"Portal Not\u00edcia em Pauta","description":"Voc\u00ea bem informado","publisher":{"@id":"https:\/\/noticiaempauta.com\/portal\/#organization"},"potentialAction":[{"@type":"SearchAction","target":{"@type":"EntryPoint","urlTemplate":"https:\/\/noticiaempauta.com\/portal\/?s={search_term_string}"},"query-input":{"@type":"PropertyValueSpecification","valueRequired":true,"valueName":"search_term_string"}}],"inLanguage":"pt-BR"},{"@type":"Organization","@id":"https:\/\/noticiaempauta.com\/portal\/#organization","name":"Portal Not\u00edcia em Pauta","url":"https:\/\/noticiaempauta.com\/portal\/","logo":{"@type":"ImageObject","inLanguage":"pt-BR","@id":"https:\/\/noticiaempauta.com\/portal\/#\/schema\/logo\/image\/","url":"https:\/\/noticiaempauta.com\/portal\/wp-content\/uploads\/2022\/08\/logomarca_tema.fw_.png","contentUrl":"https:\/\/noticiaempauta.com\/portal\/wp-content\/uploads\/2022\/08\/logomarca_tema.fw_.png","width":400,"height":232,"caption":"Portal Not\u00edcia em Pauta"},"image":{"@id":"https:\/\/noticiaempauta.com\/portal\/#\/schema\/logo\/image\/"},"sameAs":["https:\/\/www.facebook.com\/Portal-Notcia-Em-Pauta-102292869264820\/","https:\/\/www.instagram.com\/portalnoticiaempauta\/"]},{"@type":"Person","@id":"https:\/\/noticiaempauta.com\/portal\/#\/schema\/person\/a74af43dd1ab3deca45f988c717d57ac","name":"Reda\u00e7\u00e3o","image":{"@type":"ImageObject","inLanguage":"pt-BR","@id":"https:\/\/noticiaempauta.com\/portal\/#\/schema\/person\/image\/","url":"https:\/\/secure.gravatar.com\/avatar\/03179346ecce6cdfc13361603e8f54242a90e5cde8618fa23c5c00aa2b0aadf3?s=96&d=mm&r=g","contentUrl":"https:\/\/secure.gravatar.com\/avatar\/03179346ecce6cdfc13361603e8f54242a90e5cde8618fa23c5c00aa2b0aadf3?s=96&d=mm&r=g","caption":"Reda\u00e7\u00e3o"},"sameAs":["https:\/\/noticiaempauta.com\/portal\/"],"url":"https:\/\/noticiaempauta.com\/portal\/author\/fernando\/"}]}},"_links":{"self":[{"href":"https:\/\/noticiaempauta.com\/portal\/wp-json\/wp\/v2\/posts\/258767","targetHints":{"allow":["GET"]}}],"collection":[{"href":"https:\/\/noticiaempauta.com\/portal\/wp-json\/wp\/v2\/posts"}],"about":[{"href":"https:\/\/noticiaempauta.com\/portal\/wp-json\/wp\/v2\/types\/post"}],"author":[{"embeddable":true,"href":"https:\/\/noticiaempauta.com\/portal\/wp-json\/wp\/v2\/users\/2"}],"replies":[{"embeddable":true,"href":"https:\/\/noticiaempauta.com\/portal\/wp-json\/wp\/v2\/comments?post=258767"}],"version-history":[{"count":2,"href":"https:\/\/noticiaempauta.com\/portal\/wp-json\/wp\/v2\/posts\/258767\/revisions"}],"predecessor-version":[{"id":258770,"href":"https:\/\/noticiaempauta.com\/portal\/wp-json\/wp\/v2\/posts\/258767\/revisions\/258770"}],"wp:featuredmedia":[{"embeddable":true,"href":"https:\/\/noticiaempauta.com\/portal\/wp-json\/wp\/v2\/media\/258768"}],"wp:attachment":[{"href":"https:\/\/noticiaempauta.com\/portal\/wp-json\/wp\/v2\/media?parent=258767"}],"wp:term":[{"taxonomy":"category","embeddable":true,"href":"https:\/\/noticiaempauta.com\/portal\/wp-json\/wp\/v2\/categories?post=258767"},{"taxonomy":"post_tag","embeddable":true,"href":"https:\/\/noticiaempauta.com\/portal\/wp-json\/wp\/v2\/tags?post=258767"}],"curies":[{"name":"wp","href":"https:\/\/api.w.org\/{rel}","templated":true}]}}