{"id":258771,"date":"2024-06-15T11:41:27","date_gmt":"2024-06-15T14:41:27","guid":{"rendered":"https:\/\/noticiaempauta.com\/portal\/?p=258771"},"modified":"2024-06-15T11:44:09","modified_gmt":"2024-06-15T14:44:09","slug":"sao-luis-do-piaui-josafa-e-tim-recepcionam-deputado-georgiano-e-fortalecem-pre-candidatura-no-municipio","status":"publish","type":"post","link":"https:\/\/noticiaempauta.com\/portal\/sao-luis-do-piaui-josafa-e-tim-recepcionam-deputado-georgiano-e-fortalecem-pre-candidatura-no-municipio\/","title":{"rendered":"S\u00e3o Lu\u00eds do Piau\u00ed | Josaf\u00e1 e Tim recepcionam deputado Georgiano e fortalecem pr\u00e9-candidatura no munic\u00edpio"},"content":{"rendered":"\n<p>Na noite de ontem, sexta-feira (14), durante as festividades religiosas de S\u00e3o Lu\u00eds Gonzaga, padroeiro do munic\u00edpio de S\u00e3o Lu\u00eds do Piau\u00ed, o pr\u00e9-candidato a prefeito Josaf\u00e1 Marques (PT), o ex-prefeito Francisco Jo\u00e3o da Silva, o Tim (PSD), que \u00e9 pr\u00e9-candidato a vice-prefeito, juntamente com vereadores e lideran\u00e7as pol\u00edticas de oposi\u00e7\u00e3o, recepcionaram o deputado estadual Georgiano Neto (MDB) naquela cidade.<\/p>\n\n\n\n<figure class=\"wp-block-image size-full\"><img fetchpriority=\"high\" decoding=\"async\" width=\"1024\" height=\"639\" src=\"https:\/\/noticiaempauta.com\/portal\/wp-content\/uploads\/2024\/06\/IMG_2285.jpeg\" alt=\"\" class=\"wp-image-258772\" srcset=\"https:\/\/noticiaempauta.com\/portal\/wp-content\/uploads\/2024\/06\/IMG_2285.jpeg 1024w, https:\/\/noticiaempauta.com\/portal\/wp-content\/uploads\/2024\/06\/IMG_2285-300x187.jpeg 300w, https:\/\/noticiaempauta.com\/portal\/wp-content\/uploads\/2024\/06\/IMG_2285-768x479.jpeg 768w\" sizes=\"(max-width: 1024px) 100vw, 1024px\" \/><\/figure>\n\n\n\n<p>Ao lado dos pr\u00e9-candidatos, o deputado Georgiano Neto cumprimentou os populares que participavam das festas paralelas ao festejo, realizadas ao longo da avenida principal. O momento serviu ainda para oficializar o apoio de Georgiano \u00e0s pr\u00e9-candidaturas de Josaf\u00e1 e Tim, sendo que a presen\u00e7a do deputado foi bem recebida pelos correligion\u00e1rios oposicionistas.<\/p>\n\n\n\n<figure class=\"wp-block-image size-full\"><img decoding=\"async\" width=\"1024\" height=\"711\" src=\"https:\/\/noticiaempauta.com\/portal\/wp-content\/uploads\/2024\/06\/IMG_2286.jpeg\" alt=\"\" class=\"wp-image-258773\" srcset=\"https:\/\/noticiaempauta.com\/portal\/wp-content\/uploads\/2024\/06\/IMG_2286.jpeg 1024w, https:\/\/noticiaempauta.com\/portal\/wp-content\/uploads\/2024\/06\/IMG_2286-300x208.jpeg 300w, https:\/\/noticiaempauta.com\/portal\/wp-content\/uploads\/2024\/06\/IMG_2286-768x533.jpeg 768w\" sizes=\"(max-width: 1024px) 100vw, 1024px\" \/><\/figure>\n\n\n\n<figure class=\"wp-block-image size-full\"><img decoding=\"async\" width=\"1024\" height=\"639\" src=\"https:\/\/noticiaempauta.com\/portal\/wp-content\/uploads\/2024\/06\/IMG_2285-1.jpeg\" alt=\"\" class=\"wp-image-258774\" srcset=\"https:\/\/noticiaempauta.com\/portal\/wp-content\/uploads\/2024\/06\/IMG_2285-1.jpeg 1024w, https:\/\/noticiaempauta.com\/portal\/wp-content\/uploads\/2024\/06\/IMG_2285-1-300x187.jpeg 300w, https:\/\/noticiaempauta.com\/portal\/wp-content\/uploads\/2024\/06\/IMG_2285-1-768x479.jpeg 768w\" sizes=\"(max-width: 1024px) 100vw, 1024px\" \/><\/figure>\n\n\n\n<p>Georgiano Neto se colocou como interlocutor das demandas do munic\u00edpio junto ao Governo do Estado e demonstrou muito otimismo com a vit\u00f3ria do grupo oposicionista, hoje bem fortalecido com o ingresso de v\u00e1rias lideran\u00e7as que antes integravam o grupo do ex-prefeito Renato Pio e da prefeita Kelsimar Abreu.&nbsp;<\/p>\n\n\n\n<figure class=\"wp-block-image size-full\"><img loading=\"lazy\" decoding=\"async\" width=\"1024\" height=\"634\" src=\"https:\/\/noticiaempauta.com\/portal\/wp-content\/uploads\/2024\/06\/IMG_2291.jpeg\" alt=\"\" class=\"wp-image-258775\" srcset=\"https:\/\/noticiaempauta.com\/portal\/wp-content\/uploads\/2024\/06\/IMG_2291.jpeg 1024w, https:\/\/noticiaempauta.com\/portal\/wp-content\/uploads\/2024\/06\/IMG_2291-300x186.jpeg 300w, https:\/\/noticiaempauta.com\/portal\/wp-content\/uploads\/2024\/06\/IMG_2291-768x476.jpeg 768w\" sizes=\"(max-width: 1024px) 100vw, 1024px\" \/><\/figure>\n\n\n\n<p>\u201cEstamos aqui para reafirmar nosso compromisso com o progresso de S\u00e3o Lu\u00eds do Piau\u00ed. Josaf\u00e1 e Tim t\u00eam minha total confian\u00e7a e apoio para as pr\u00f3ximas elei\u00e7\u00f5es, e acredito que juntos podemos realizar grandes feitos para essa cidade\u201d \u2013 comentou.<\/p>\n\n\n\n<figure class=\"wp-block-image size-full\"><img loading=\"lazy\" decoding=\"async\" width=\"1024\" height=\"681\" src=\"https:\/\/noticiaempauta.com\/portal\/wp-content\/uploads\/2024\/06\/IMG_2288.jpeg\" alt=\"\" class=\"wp-image-258776\" srcset=\"https:\/\/noticiaempauta.com\/portal\/wp-content\/uploads\/2024\/06\/IMG_2288.jpeg 1024w, https:\/\/noticiaempauta.com\/portal\/wp-content\/uploads\/2024\/06\/IMG_2288-300x200.jpeg 300w, https:\/\/noticiaempauta.com\/portal\/wp-content\/uploads\/2024\/06\/IMG_2288-768x511.jpeg 768w\" sizes=\"(max-width: 1024px) 100vw, 1024px\" \/><\/figure>\n\n\n\n<p>Josaf\u00e1 Marques, por sua vez, agradeceu o apoio de Georgiano Neto e ressaltou sua dedica\u00e7\u00e3o em trabalhar para o bem-estar dos mun\u00edcipes. \u201c\u00c9 uma honra contar com o apoio do deputado Georgiano, que com certeza ser\u00e1 um grande parceiro de nossa futura gest\u00e3o\u201d \u2013 destacou.<\/p>\n\n\n\n<figure class=\"wp-block-image size-full\"><img loading=\"lazy\" decoding=\"async\" width=\"1024\" height=\"655\" src=\"https:\/\/noticiaempauta.com\/portal\/wp-content\/uploads\/2024\/06\/IMG_2284.jpeg\" alt=\"\" class=\"wp-image-258778\" srcset=\"https:\/\/noticiaempauta.com\/portal\/wp-content\/uploads\/2024\/06\/IMG_2284.jpeg 1024w, https:\/\/noticiaempauta.com\/portal\/wp-content\/uploads\/2024\/06\/IMG_2284-300x192.jpeg 300w, https:\/\/noticiaempauta.com\/portal\/wp-content\/uploads\/2024\/06\/IMG_2284-768x491.jpeg 768w\" sizes=\"(max-width: 1024px) 100vw, 1024px\" \/><\/figure>\n\n\n\n<p><strong>PRESEN\u00c7AS<\/strong><br>Tamb\u00e9m estiveram em S\u00e3o Lu\u00eds, participando da recep\u00e7\u00e3o ao deputado Georgiano, os vereadores Francildo Bahia, Diego Leal, Agostinho Silva e Edilson Batista, o ex-prefeito Deogr\u00e1cio Santana, a ex-vice-prefeita Edilene Barros (Bebel), os suplentes Leonel Chagas, Gilberto e Haroldo Borges, o diretor do DNOCS, Assis Rocha, os empres\u00e1rios Josu\u00e9 Oliveira (Moreno Cal\u00e7ados), Manoel Sim\u00e3o, Z\u00e9 Maria Moura, dentre outros.<\/p>\n\n\n\n<figure class=\"wp-block-image size-full\"><img loading=\"lazy\" decoding=\"async\" width=\"1024\" height=\"671\" src=\"https:\/\/noticiaempauta.com\/portal\/wp-content\/uploads\/2024\/06\/IMG_2290.jpeg\" alt=\"\" class=\"wp-image-258777\" srcset=\"https:\/\/noticiaempauta.com\/portal\/wp-content\/uploads\/2024\/06\/IMG_2290.jpeg 1024w, https:\/\/noticiaempauta.com\/portal\/wp-content\/uploads\/2024\/06\/IMG_2290-300x197.jpeg 300w, https:\/\/noticiaempauta.com\/portal\/wp-content\/uploads\/2024\/06\/IMG_2290-768x503.jpeg 768w\" sizes=\"(max-width: 1024px) 100vw, 1024px\" \/><\/figure>\n\n\n\n<figure class=\"wp-block-image size-full\"><img loading=\"lazy\" decoding=\"async\" width=\"1024\" height=\"665\" src=\"https:\/\/noticiaempauta.com\/portal\/wp-content\/uploads\/2024\/06\/IMG_2289.jpeg\" alt=\"\" class=\"wp-image-258779\" srcset=\"https:\/\/noticiaempauta.com\/portal\/wp-content\/uploads\/2024\/06\/IMG_2289.jpeg 1024w, https:\/\/noticiaempauta.com\/portal\/wp-content\/uploads\/2024\/06\/IMG_2289-300x195.jpeg 300w, https:\/\/noticiaempauta.com\/portal\/wp-content\/uploads\/2024\/06\/IMG_2289-768x499.jpeg 768w\" sizes=\"(max-width: 1024px) 100vw, 1024px\" \/><\/figure>\n\n\n\n<figure class=\"wp-block-image size-full\"><img loading=\"lazy\" decoding=\"async\" width=\"1024\" height=\"673\" src=\"https:\/\/noticiaempauta.com\/portal\/wp-content\/uploads\/2024\/06\/IMG_2287.jpeg\" alt=\"\" class=\"wp-image-258780\" srcset=\"https:\/\/noticiaempauta.com\/portal\/wp-content\/uploads\/2024\/06\/IMG_2287.jpeg 1024w, https:\/\/noticiaempauta.com\/portal\/wp-content\/uploads\/2024\/06\/IMG_2287-300x197.jpeg 300w, https:\/\/noticiaempauta.com\/portal\/wp-content\/uploads\/2024\/06\/IMG_2287-768x505.jpeg 768w\" sizes=\"(max-width: 1024px) 100vw, 1024px\" \/><\/figure>\n\n\n\n<figure class=\"wp-block-image size-full\"><img loading=\"lazy\" decoding=\"async\" width=\"1024\" height=\"644\" src=\"https:\/\/noticiaempauta.com\/portal\/wp-content\/uploads\/2024\/06\/IMG_2283.jpeg\" alt=\"\" class=\"wp-image-258781\" srcset=\"https:\/\/noticiaempauta.com\/portal\/wp-content\/uploads\/2024\/06\/IMG_2283.jpeg 1024w, https:\/\/noticiaempauta.com\/portal\/wp-content\/uploads\/2024\/06\/IMG_2283-300x189.jpeg 300w, https:\/\/noticiaempauta.com\/portal\/wp-content\/uploads\/2024\/06\/IMG_2283-768x483.jpeg 768w\" sizes=\"(max-width: 1024px) 100vw, 1024px\" \/><\/figure>\n\n\n\n<p>Fonte  e Fotos: Picos 40 Graus <\/p>\n","protected":false},"excerpt":{"rendered":"<p>Na noite de ontem, sexta-feira (14), durante as festividades religiosas de S\u00e3o Lu\u00eds Gonzaga, padroeiro do munic\u00edpio de S\u00e3o Lu\u00eds do Piau\u00ed, o pr\u00e9-candidato a prefeito Josaf\u00e1 Marques (PT), o ex-prefeito Francisco Jo\u00e3o da Silva, o Tim (PSD), que \u00e9 pr\u00e9-candidato a vice-prefeito, juntamente com vereadores e lideran\u00e7as pol\u00edticas de oposi\u00e7\u00e3o, recepcionaram o deputado estadual [&hellip;]<\/p>\n","protected":false},"author":2,"featured_media":258775,"comment_status":"open","ping_status":"open","sticky":false,"template":"","format":"standard","meta":{"_mi_skip_tracking":false,"footnotes":""},"categories":[25,1,9,3,16],"tags":[192],"class_list":["post-258771","post","type-post","status-publish","format-standard","has-post-thumbnail","hentry","category-destaques-site","category-geral","category-municipios","category-politica","category-todas","tag-destaqueprincipal"],"acf":[],"yoast_head":"<!-- This site is optimized with the Yoast SEO Premium plugin v19.2 (Yoast SEO v26.9) - https:\/\/yoast.com\/product\/yoast-seo-premium-wordpress\/ -->\n<title>S\u00e3o Lu\u00eds do Piau\u00ed | Josaf\u00e1 e Tim recepcionam deputado Georgiano e fortalecem pr\u00e9-candidatura no munic\u00edpio - Portal Not\u00edcia em Pauta<\/title>\n<meta name=\"robots\" content=\"index, follow, max-snippet:-1, max-image-preview:large, max-video-preview:-1\" \/>\n<link rel=\"canonical\" href=\"https:\/\/noticiaempauta.com\/portal\/sao-luis-do-piaui-josafa-e-tim-recepcionam-deputado-georgiano-e-fortalecem-pre-candidatura-no-municipio\/\" \/>\n<meta property=\"og:locale\" content=\"pt_BR\" \/>\n<meta property=\"og:type\" content=\"article\" \/>\n<meta property=\"og:title\" content=\"S\u00e3o Lu\u00eds do Piau\u00ed | Josaf\u00e1 e Tim recepcionam deputado Georgiano e fortalecem pr\u00e9-candidatura no munic\u00edpio\" \/>\n<meta property=\"og:description\" content=\"Na noite de ontem, sexta-feira (14), durante as festividades religiosas de S\u00e3o Lu\u00eds Gonzaga, padroeiro do munic\u00edpio de S\u00e3o Lu\u00eds do Piau\u00ed, o pr\u00e9-candidato a prefeito Josaf\u00e1 Marques (PT), o ex-prefeito Francisco Jo\u00e3o da Silva, o Tim (PSD), que \u00e9 pr\u00e9-candidato a vice-prefeito, juntamente com vereadores e lideran\u00e7as pol\u00edticas de oposi\u00e7\u00e3o, recepcionaram o deputado estadual [&hellip;]\" \/>\n<meta property=\"og:url\" content=\"https:\/\/noticiaempauta.com\/portal\/sao-luis-do-piaui-josafa-e-tim-recepcionam-deputado-georgiano-e-fortalecem-pre-candidatura-no-municipio\/\" \/>\n<meta property=\"og:site_name\" content=\"Portal Not\u00edcia em Pauta\" \/>\n<meta property=\"article:publisher\" content=\"https:\/\/www.facebook.com\/Portal-Notcia-Em-Pauta-102292869264820\/\" \/>\n<meta property=\"article:published_time\" content=\"2024-06-15T14:41:27+00:00\" \/>\n<meta property=\"article:modified_time\" content=\"2024-06-15T14:44:09+00:00\" \/>\n<meta property=\"og:image\" content=\"https:\/\/noticiaempauta.com\/portal\/wp-content\/uploads\/2024\/06\/IMG_2291.jpeg\" \/>\n\t<meta property=\"og:image:width\" content=\"1024\" \/>\n\t<meta property=\"og:image:height\" content=\"634\" \/>\n\t<meta property=\"og:image:type\" content=\"image\/jpeg\" \/>\n<meta name=\"author\" content=\"Reda\u00e7\u00e3o\" \/>\n<meta name=\"twitter:card\" content=\"summary_large_image\" \/>\n<meta name=\"twitter:label1\" content=\"Escrito por\" \/>\n\t<meta name=\"twitter:data1\" content=\"Reda\u00e7\u00e3o\" \/>\n\t<meta name=\"twitter:label2\" content=\"Est. tempo de leitura\" \/>\n\t<meta name=\"twitter:data2\" content=\"4 minutos\" \/>\n<script type=\"application\/ld+json\" class=\"yoast-schema-graph\">{\"@context\":\"https:\/\/schema.org\",\"@graph\":[{\"@type\":\"Article\",\"@id\":\"https:\/\/noticiaempauta.com\/portal\/sao-luis-do-piaui-josafa-e-tim-recepcionam-deputado-georgiano-e-fortalecem-pre-candidatura-no-municipio\/#article\",\"isPartOf\":{\"@id\":\"https:\/\/noticiaempauta.com\/portal\/sao-luis-do-piaui-josafa-e-tim-recepcionam-deputado-georgiano-e-fortalecem-pre-candidatura-no-municipio\/\"},\"author\":{\"name\":\"Reda\u00e7\u00e3o\",\"@id\":\"https:\/\/noticiaempauta.com\/portal\/#\/schema\/person\/a74af43dd1ab3deca45f988c717d57ac\"},\"headline\":\"S\u00e3o Lu\u00eds do Piau\u00ed | Josaf\u00e1 e Tim recepcionam deputado Georgiano e fortalecem pr\u00e9-candidatura no munic\u00edpio\",\"datePublished\":\"2024-06-15T14:41:27+00:00\",\"dateModified\":\"2024-06-15T14:44:09+00:00\",\"mainEntityOfPage\":{\"@id\":\"https:\/\/noticiaempauta.com\/portal\/sao-luis-do-piaui-josafa-e-tim-recepcionam-deputado-georgiano-e-fortalecem-pre-candidatura-no-municipio\/\"},\"wordCount\":361,\"commentCount\":0,\"publisher\":{\"@id\":\"https:\/\/noticiaempauta.com\/portal\/#organization\"},\"image\":{\"@id\":\"https:\/\/noticiaempauta.com\/portal\/sao-luis-do-piaui-josafa-e-tim-recepcionam-deputado-georgiano-e-fortalecem-pre-candidatura-no-municipio\/#primaryimage\"},\"thumbnailUrl\":\"https:\/\/noticiaempauta.com\/portal\/wp-content\/uploads\/2024\/06\/IMG_2291.jpeg\",\"keywords\":[\"destaqueprincipal\"],\"articleSection\":[\"Destaques\",\"Geral\",\"Munic\u00edpios\",\"Pol\u00edtica\",\"Todas as Not\u00edcias\"],\"inLanguage\":\"pt-BR\",\"potentialAction\":[{\"@type\":\"CommentAction\",\"name\":\"Comment\",\"target\":[\"https:\/\/noticiaempauta.com\/portal\/sao-luis-do-piaui-josafa-e-tim-recepcionam-deputado-georgiano-e-fortalecem-pre-candidatura-no-municipio\/#respond\"]}]},{\"@type\":\"WebPage\",\"@id\":\"https:\/\/noticiaempauta.com\/portal\/sao-luis-do-piaui-josafa-e-tim-recepcionam-deputado-georgiano-e-fortalecem-pre-candidatura-no-municipio\/\",\"url\":\"https:\/\/noticiaempauta.com\/portal\/sao-luis-do-piaui-josafa-e-tim-recepcionam-deputado-georgiano-e-fortalecem-pre-candidatura-no-municipio\/\",\"name\":\"S\u00e3o Lu\u00eds do Piau\u00ed | Josaf\u00e1 e Tim recepcionam deputado Georgiano e fortalecem pr\u00e9-candidatura no munic\u00edpio - Portal Not\u00edcia em Pauta\",\"isPartOf\":{\"@id\":\"https:\/\/noticiaempauta.com\/portal\/#website\"},\"primaryImageOfPage\":{\"@id\":\"https:\/\/noticiaempauta.com\/portal\/sao-luis-do-piaui-josafa-e-tim-recepcionam-deputado-georgiano-e-fortalecem-pre-candidatura-no-municipio\/#primaryimage\"},\"image\":{\"@id\":\"https:\/\/noticiaempauta.com\/portal\/sao-luis-do-piaui-josafa-e-tim-recepcionam-deputado-georgiano-e-fortalecem-pre-candidatura-no-municipio\/#primaryimage\"},\"thumbnailUrl\":\"https:\/\/noticiaempauta.com\/portal\/wp-content\/uploads\/2024\/06\/IMG_2291.jpeg\",\"datePublished\":\"2024-06-15T14:41:27+00:00\",\"dateModified\":\"2024-06-15T14:44:09+00:00\",\"breadcrumb\":{\"@id\":\"https:\/\/noticiaempauta.com\/portal\/sao-luis-do-piaui-josafa-e-tim-recepcionam-deputado-georgiano-e-fortalecem-pre-candidatura-no-municipio\/#breadcrumb\"},\"inLanguage\":\"pt-BR\",\"potentialAction\":[{\"@type\":\"ReadAction\",\"target\":[\"https:\/\/noticiaempauta.com\/portal\/sao-luis-do-piaui-josafa-e-tim-recepcionam-deputado-georgiano-e-fortalecem-pre-candidatura-no-municipio\/\"]}]},{\"@type\":\"ImageObject\",\"inLanguage\":\"pt-BR\",\"@id\":\"https:\/\/noticiaempauta.com\/portal\/sao-luis-do-piaui-josafa-e-tim-recepcionam-deputado-georgiano-e-fortalecem-pre-candidatura-no-municipio\/#primaryimage\",\"url\":\"https:\/\/noticiaempauta.com\/portal\/wp-content\/uploads\/2024\/06\/IMG_2291.jpeg\",\"contentUrl\":\"https:\/\/noticiaempauta.com\/portal\/wp-content\/uploads\/2024\/06\/IMG_2291.jpeg\",\"width\":1024,\"height\":634},{\"@type\":\"BreadcrumbList\",\"@id\":\"https:\/\/noticiaempauta.com\/portal\/sao-luis-do-piaui-josafa-e-tim-recepcionam-deputado-georgiano-e-fortalecem-pre-candidatura-no-municipio\/#breadcrumb\",\"itemListElement\":[{\"@type\":\"ListItem\",\"position\":1,\"name\":\"P\u00e1gina Inicial\",\"item\":\"https:\/\/noticiaempauta.com\/portal\/\"},{\"@type\":\"ListItem\",\"position\":2,\"name\":\"Destaques\",\"item\":\"https:\/\/noticiaempauta.com\/portal\/destaques-site\/\"},{\"@type\":\"ListItem\",\"position\":3,\"name\":\"S\u00e3o Lu\u00eds do Piau\u00ed | Josaf\u00e1 e Tim recepcionam deputado Georgiano e fortalecem pr\u00e9-candidatura no munic\u00edpio\"}]},{\"@type\":\"WebSite\",\"@id\":\"https:\/\/noticiaempauta.com\/portal\/#website\",\"url\":\"https:\/\/noticiaempauta.com\/portal\/\",\"name\":\"Portal Not\u00edcia em Pauta\",\"description\":\"Voc\u00ea bem informado\",\"publisher\":{\"@id\":\"https:\/\/noticiaempauta.com\/portal\/#organization\"},\"potentialAction\":[{\"@type\":\"SearchAction\",\"target\":{\"@type\":\"EntryPoint\",\"urlTemplate\":\"https:\/\/noticiaempauta.com\/portal\/?s={search_term_string}\"},\"query-input\":{\"@type\":\"PropertyValueSpecification\",\"valueRequired\":true,\"valueName\":\"search_term_string\"}}],\"inLanguage\":\"pt-BR\"},{\"@type\":\"Organization\",\"@id\":\"https:\/\/noticiaempauta.com\/portal\/#organization\",\"name\":\"Portal Not\u00edcia em Pauta\",\"url\":\"https:\/\/noticiaempauta.com\/portal\/\",\"logo\":{\"@type\":\"ImageObject\",\"inLanguage\":\"pt-BR\",\"@id\":\"https:\/\/noticiaempauta.com\/portal\/#\/schema\/logo\/image\/\",\"url\":\"https:\/\/noticiaempauta.com\/portal\/wp-content\/uploads\/2022\/08\/logomarca_tema.fw_.png\",\"contentUrl\":\"https:\/\/noticiaempauta.com\/portal\/wp-content\/uploads\/2022\/08\/logomarca_tema.fw_.png\",\"width\":400,\"height\":232,\"caption\":\"Portal Not\u00edcia em Pauta\"},\"image\":{\"@id\":\"https:\/\/noticiaempauta.com\/portal\/#\/schema\/logo\/image\/\"},\"sameAs\":[\"https:\/\/www.facebook.com\/Portal-Notcia-Em-Pauta-102292869264820\/\",\"https:\/\/www.instagram.com\/portalnoticiaempauta\/\"]},{\"@type\":\"Person\",\"@id\":\"https:\/\/noticiaempauta.com\/portal\/#\/schema\/person\/a74af43dd1ab3deca45f988c717d57ac\",\"name\":\"Reda\u00e7\u00e3o\",\"image\":{\"@type\":\"ImageObject\",\"inLanguage\":\"pt-BR\",\"@id\":\"https:\/\/noticiaempauta.com\/portal\/#\/schema\/person\/image\/\",\"url\":\"https:\/\/secure.gravatar.com\/avatar\/03179346ecce6cdfc13361603e8f54242a90e5cde8618fa23c5c00aa2b0aadf3?s=96&d=mm&r=g\",\"contentUrl\":\"https:\/\/secure.gravatar.com\/avatar\/03179346ecce6cdfc13361603e8f54242a90e5cde8618fa23c5c00aa2b0aadf3?s=96&d=mm&r=g\",\"caption\":\"Reda\u00e7\u00e3o\"},\"sameAs\":[\"https:\/\/noticiaempauta.com\/portal\/\"],\"url\":\"https:\/\/noticiaempauta.com\/portal\/author\/fernando\/\"}]}<\/script>\n<!-- \/ Yoast SEO Premium plugin. -->","yoast_head_json":{"title":"S\u00e3o Lu\u00eds do Piau\u00ed | Josaf\u00e1 e Tim recepcionam deputado Georgiano e fortalecem pr\u00e9-candidatura no munic\u00edpio - Portal Not\u00edcia em Pauta","robots":{"index":"index","follow":"follow","max-snippet":"max-snippet:-1","max-image-preview":"max-image-preview:large","max-video-preview":"max-video-preview:-1"},"canonical":"https:\/\/noticiaempauta.com\/portal\/sao-luis-do-piaui-josafa-e-tim-recepcionam-deputado-georgiano-e-fortalecem-pre-candidatura-no-municipio\/","og_locale":"pt_BR","og_type":"article","og_title":"S\u00e3o Lu\u00eds do Piau\u00ed | Josaf\u00e1 e Tim recepcionam deputado Georgiano e fortalecem pr\u00e9-candidatura no munic\u00edpio","og_description":"Na noite de ontem, sexta-feira (14), durante as festividades religiosas de S\u00e3o Lu\u00eds Gonzaga, padroeiro do munic\u00edpio de S\u00e3o Lu\u00eds do Piau\u00ed, o pr\u00e9-candidato a prefeito Josaf\u00e1 Marques (PT), o ex-prefeito Francisco Jo\u00e3o da Silva, o Tim (PSD), que \u00e9 pr\u00e9-candidato a vice-prefeito, juntamente com vereadores e lideran\u00e7as pol\u00edticas de oposi\u00e7\u00e3o, recepcionaram o deputado estadual [&hellip;]","og_url":"https:\/\/noticiaempauta.com\/portal\/sao-luis-do-piaui-josafa-e-tim-recepcionam-deputado-georgiano-e-fortalecem-pre-candidatura-no-municipio\/","og_site_name":"Portal Not\u00edcia em Pauta","article_publisher":"https:\/\/www.facebook.com\/Portal-Notcia-Em-Pauta-102292869264820\/","article_published_time":"2024-06-15T14:41:27+00:00","article_modified_time":"2024-06-15T14:44:09+00:00","og_image":[{"width":1024,"height":634,"url":"https:\/\/noticiaempauta.com\/portal\/wp-content\/uploads\/2024\/06\/IMG_2291.jpeg","type":"image\/jpeg"}],"author":"Reda\u00e7\u00e3o","twitter_card":"summary_large_image","twitter_misc":{"Escrito por":"Reda\u00e7\u00e3o","Est. tempo de leitura":"4 minutos"},"schema":{"@context":"https:\/\/schema.org","@graph":[{"@type":"Article","@id":"https:\/\/noticiaempauta.com\/portal\/sao-luis-do-piaui-josafa-e-tim-recepcionam-deputado-georgiano-e-fortalecem-pre-candidatura-no-municipio\/#article","isPartOf":{"@id":"https:\/\/noticiaempauta.com\/portal\/sao-luis-do-piaui-josafa-e-tim-recepcionam-deputado-georgiano-e-fortalecem-pre-candidatura-no-municipio\/"},"author":{"name":"Reda\u00e7\u00e3o","@id":"https:\/\/noticiaempauta.com\/portal\/#\/schema\/person\/a74af43dd1ab3deca45f988c717d57ac"},"headline":"S\u00e3o Lu\u00eds do Piau\u00ed | Josaf\u00e1 e Tim recepcionam deputado Georgiano e fortalecem pr\u00e9-candidatura no munic\u00edpio","datePublished":"2024-06-15T14:41:27+00:00","dateModified":"2024-06-15T14:44:09+00:00","mainEntityOfPage":{"@id":"https:\/\/noticiaempauta.com\/portal\/sao-luis-do-piaui-josafa-e-tim-recepcionam-deputado-georgiano-e-fortalecem-pre-candidatura-no-municipio\/"},"wordCount":361,"commentCount":0,"publisher":{"@id":"https:\/\/noticiaempauta.com\/portal\/#organization"},"image":{"@id":"https:\/\/noticiaempauta.com\/portal\/sao-luis-do-piaui-josafa-e-tim-recepcionam-deputado-georgiano-e-fortalecem-pre-candidatura-no-municipio\/#primaryimage"},"thumbnailUrl":"https:\/\/noticiaempauta.com\/portal\/wp-content\/uploads\/2024\/06\/IMG_2291.jpeg","keywords":["destaqueprincipal"],"articleSection":["Destaques","Geral","Munic\u00edpios","Pol\u00edtica","Todas as Not\u00edcias"],"inLanguage":"pt-BR","potentialAction":[{"@type":"CommentAction","name":"Comment","target":["https:\/\/noticiaempauta.com\/portal\/sao-luis-do-piaui-josafa-e-tim-recepcionam-deputado-georgiano-e-fortalecem-pre-candidatura-no-municipio\/#respond"]}]},{"@type":"WebPage","@id":"https:\/\/noticiaempauta.com\/portal\/sao-luis-do-piaui-josafa-e-tim-recepcionam-deputado-georgiano-e-fortalecem-pre-candidatura-no-municipio\/","url":"https:\/\/noticiaempauta.com\/portal\/sao-luis-do-piaui-josafa-e-tim-recepcionam-deputado-georgiano-e-fortalecem-pre-candidatura-no-municipio\/","name":"S\u00e3o Lu\u00eds do Piau\u00ed | Josaf\u00e1 e Tim recepcionam deputado Georgiano e fortalecem pr\u00e9-candidatura no munic\u00edpio - Portal Not\u00edcia em Pauta","isPartOf":{"@id":"https:\/\/noticiaempauta.com\/portal\/#website"},"primaryImageOfPage":{"@id":"https:\/\/noticiaempauta.com\/portal\/sao-luis-do-piaui-josafa-e-tim-recepcionam-deputado-georgiano-e-fortalecem-pre-candidatura-no-municipio\/#primaryimage"},"image":{"@id":"https:\/\/noticiaempauta.com\/portal\/sao-luis-do-piaui-josafa-e-tim-recepcionam-deputado-georgiano-e-fortalecem-pre-candidatura-no-municipio\/#primaryimage"},"thumbnailUrl":"https:\/\/noticiaempauta.com\/portal\/wp-content\/uploads\/2024\/06\/IMG_2291.jpeg","datePublished":"2024-06-15T14:41:27+00:00","dateModified":"2024-06-15T14:44:09+00:00","breadcrumb":{"@id":"https:\/\/noticiaempauta.com\/portal\/sao-luis-do-piaui-josafa-e-tim-recepcionam-deputado-georgiano-e-fortalecem-pre-candidatura-no-municipio\/#breadcrumb"},"inLanguage":"pt-BR","potentialAction":[{"@type":"ReadAction","target":["https:\/\/noticiaempauta.com\/portal\/sao-luis-do-piaui-josafa-e-tim-recepcionam-deputado-georgiano-e-fortalecem-pre-candidatura-no-municipio\/"]}]},{"@type":"ImageObject","inLanguage":"pt-BR","@id":"https:\/\/noticiaempauta.com\/portal\/sao-luis-do-piaui-josafa-e-tim-recepcionam-deputado-georgiano-e-fortalecem-pre-candidatura-no-municipio\/#primaryimage","url":"https:\/\/noticiaempauta.com\/portal\/wp-content\/uploads\/2024\/06\/IMG_2291.jpeg","contentUrl":"https:\/\/noticiaempauta.com\/portal\/wp-content\/uploads\/2024\/06\/IMG_2291.jpeg","width":1024,"height":634},{"@type":"BreadcrumbList","@id":"https:\/\/noticiaempauta.com\/portal\/sao-luis-do-piaui-josafa-e-tim-recepcionam-deputado-georgiano-e-fortalecem-pre-candidatura-no-municipio\/#breadcrumb","itemListElement":[{"@type":"ListItem","position":1,"name":"P\u00e1gina Inicial","item":"https:\/\/noticiaempauta.com\/portal\/"},{"@type":"ListItem","position":2,"name":"Destaques","item":"https:\/\/noticiaempauta.com\/portal\/destaques-site\/"},{"@type":"ListItem","position":3,"name":"S\u00e3o Lu\u00eds do Piau\u00ed | Josaf\u00e1 e Tim recepcionam deputado Georgiano e fortalecem pr\u00e9-candidatura no munic\u00edpio"}]},{"@type":"WebSite","@id":"https:\/\/noticiaempauta.com\/portal\/#website","url":"https:\/\/noticiaempauta.com\/portal\/","name":"Portal Not\u00edcia em Pauta","description":"Voc\u00ea bem informado","publisher":{"@id":"https:\/\/noticiaempauta.com\/portal\/#organization"},"potentialAction":[{"@type":"SearchAction","target":{"@type":"EntryPoint","urlTemplate":"https:\/\/noticiaempauta.com\/portal\/?s={search_term_string}"},"query-input":{"@type":"PropertyValueSpecification","valueRequired":true,"valueName":"search_term_string"}}],"inLanguage":"pt-BR"},{"@type":"Organization","@id":"https:\/\/noticiaempauta.com\/portal\/#organization","name":"Portal Not\u00edcia em Pauta","url":"https:\/\/noticiaempauta.com\/portal\/","logo":{"@type":"ImageObject","inLanguage":"pt-BR","@id":"https:\/\/noticiaempauta.com\/portal\/#\/schema\/logo\/image\/","url":"https:\/\/noticiaempauta.com\/portal\/wp-content\/uploads\/2022\/08\/logomarca_tema.fw_.png","contentUrl":"https:\/\/noticiaempauta.com\/portal\/wp-content\/uploads\/2022\/08\/logomarca_tema.fw_.png","width":400,"height":232,"caption":"Portal Not\u00edcia em Pauta"},"image":{"@id":"https:\/\/noticiaempauta.com\/portal\/#\/schema\/logo\/image\/"},"sameAs":["https:\/\/www.facebook.com\/Portal-Notcia-Em-Pauta-102292869264820\/","https:\/\/www.instagram.com\/portalnoticiaempauta\/"]},{"@type":"Person","@id":"https:\/\/noticiaempauta.com\/portal\/#\/schema\/person\/a74af43dd1ab3deca45f988c717d57ac","name":"Reda\u00e7\u00e3o","image":{"@type":"ImageObject","inLanguage":"pt-BR","@id":"https:\/\/noticiaempauta.com\/portal\/#\/schema\/person\/image\/","url":"https:\/\/secure.gravatar.com\/avatar\/03179346ecce6cdfc13361603e8f54242a90e5cde8618fa23c5c00aa2b0aadf3?s=96&d=mm&r=g","contentUrl":"https:\/\/secure.gravatar.com\/avatar\/03179346ecce6cdfc13361603e8f54242a90e5cde8618fa23c5c00aa2b0aadf3?s=96&d=mm&r=g","caption":"Reda\u00e7\u00e3o"},"sameAs":["https:\/\/noticiaempauta.com\/portal\/"],"url":"https:\/\/noticiaempauta.com\/portal\/author\/fernando\/"}]}},"_links":{"self":[{"href":"https:\/\/noticiaempauta.com\/portal\/wp-json\/wp\/v2\/posts\/258771","targetHints":{"allow":["GET"]}}],"collection":[{"href":"https:\/\/noticiaempauta.com\/portal\/wp-json\/wp\/v2\/posts"}],"about":[{"href":"https:\/\/noticiaempauta.com\/portal\/wp-json\/wp\/v2\/types\/post"}],"author":[{"embeddable":true,"href":"https:\/\/noticiaempauta.com\/portal\/wp-json\/wp\/v2\/users\/2"}],"replies":[{"embeddable":true,"href":"https:\/\/noticiaempauta.com\/portal\/wp-json\/wp\/v2\/comments?post=258771"}],"version-history":[{"count":3,"href":"https:\/\/noticiaempauta.com\/portal\/wp-json\/wp\/v2\/posts\/258771\/revisions"}],"predecessor-version":[{"id":258785,"href":"https:\/\/noticiaempauta.com\/portal\/wp-json\/wp\/v2\/posts\/258771\/revisions\/258785"}],"wp:featuredmedia":[{"embeddable":true,"href":"https:\/\/noticiaempauta.com\/portal\/wp-json\/wp\/v2\/media\/258775"}],"wp:attachment":[{"href":"https:\/\/noticiaempauta.com\/portal\/wp-json\/wp\/v2\/media?parent=258771"}],"wp:term":[{"taxonomy":"category","embeddable":true,"href":"https:\/\/noticiaempauta.com\/portal\/wp-json\/wp\/v2\/categories?post=258771"},{"taxonomy":"post_tag","embeddable":true,"href":"https:\/\/noticiaempauta.com\/portal\/wp-json\/wp\/v2\/tags?post=258771"}],"curies":[{"name":"wp","href":"https:\/\/api.w.org\/{rel}","templated":true}]}}