{"id":258786,"date":"2024-06-15T15:26:01","date_gmt":"2024-06-15T18:26:01","guid":{"rendered":"https:\/\/noticiaempauta.com\/portal\/?p=258786"},"modified":"2024-06-15T15:26:26","modified_gmt":"2024-06-15T18:26:26","slug":"homem-e-preso-acusado-de-abusar-sexualmente-de-idosa-em-picos","status":"publish","type":"post","link":"https:\/\/noticiaempauta.com\/portal\/homem-e-preso-acusado-de-abusar-sexualmente-de-idosa-em-picos\/","title":{"rendered":"Homem \u00e9 preso acusado de abusar sexualmente de idosa em Picos"},"content":{"rendered":"\n<p>Um homem identificado apenas pelas iniciais J.G.S.F. foi preso pela Pol\u00edcia Civil do Piau\u00ed na cidade de Picos, acusado de abusar sexualmente de uma idosa de 70 anos em fevereiro deste ano.<\/p>\n\n\n\n<figure class=\"wp-block-image size-large\"><img fetchpriority=\"high\" decoding=\"async\" width=\"1024\" height=\"778\" src=\"https:\/\/noticiaempauta.com\/portal\/wp-content\/uploads\/2024\/06\/IMG_2294-1024x778.jpeg\" alt=\"\" class=\"wp-image-258787\" srcset=\"https:\/\/noticiaempauta.com\/portal\/wp-content\/uploads\/2024\/06\/IMG_2294-1024x778.jpeg 1024w, https:\/\/noticiaempauta.com\/portal\/wp-content\/uploads\/2024\/06\/IMG_2294-300x228.jpeg 300w, https:\/\/noticiaempauta.com\/portal\/wp-content\/uploads\/2024\/06\/IMG_2294-768x584.jpeg 768w, https:\/\/noticiaempauta.com\/portal\/wp-content\/uploads\/2024\/06\/IMG_2294.jpeg 1200w\" sizes=\"(max-width: 1024px) 100vw, 1024px\" \/><\/figure>\n\n\n\n<p>A pris\u00e3o foi realizada durante a Opera\u00e7\u00e3o Virtude, uma iniciativa&nbsp;que visa combater a viol\u00eancia contra idosos.<\/p>\n\n\n\n<p>A Delegacia Especializada no Atendimento \u00e0 Mulher e aos Grupos Vulner\u00e1veis (DEAMGV) de Picos, respons\u00e1vel pela captura do acusado, informou que havia um mandado de pris\u00e3o preventiva expedido pelo Poder Judici\u00e1rio contra J.G.S.F. Ap\u00f3s sua deten\u00e7\u00e3o, o indiv\u00edduo foi submetido a uma audi\u00eancia de cust\u00f3dia e, em seguida, transferido para uma unidade prisional em Picos.<\/p>\n\n\n\n<p>A Opera\u00e7\u00e3o Virtude foi deflagrada em \u00e2mbito nacional nessa sexta-feira (14), sendo este o \u201cDia D\u201d da iniciativa. O principal objetivo da opera\u00e7\u00e3o \u00e9 combater e prevenir crimes de viol\u00eancia contra a pessoa idosa. No Piau\u00ed, as delegacias do estado se mobilizaram em a\u00e7\u00f5es coordenadas para a verifica\u00e7\u00e3o de den\u00fancias e cumprimento de mandados judiciais.<\/p>\n\n\n\n<p>Durante todo o m\u00eas de junho, as autoridades est\u00e3o intensificando as a\u00e7\u00f5es de fiscaliza\u00e7\u00e3o e investiga\u00e7\u00e3o, com a opera\u00e7\u00e3o prevista para terminar no dia 12 de julho.<\/p>\n\n\n\n<p>Para den\u00fancias de viol\u00eancia contra idosos, a popula\u00e7\u00e3o pode procurar a Delegacia Especializada no Atendimento \u00e0 Mulher e aos Grupos Vulner\u00e1veis de Picos, ou ligar para o Disque 100, que recebe e encaminha den\u00fancias de viola\u00e7\u00f5es de direitos humanos.<\/p>\n\n\n\n<figure class=\"wp-block-embed is-type-video is-provider-youtube wp-block-embed-youtube wp-embed-aspect-16-9 wp-has-aspect-ratio\"><div class=\"wp-block-embed__wrapper\">\n<iframe title=\"Homem \u00e9 preso em Picos suspeito de estuprar idosa\" width=\"800\" height=\"450\" src=\"https:\/\/www.youtube.com\/embed\/jsWd29OvDBw?feature=oembed\" frameborder=\"0\" allow=\"accelerometer; autoplay; clipboard-write; encrypted-media; gyroscope; picture-in-picture; web-share\" referrerpolicy=\"strict-origin-when-cross-origin\" allowfullscreen><\/iframe>\n<\/div><\/figure>\n\n\n\n<p>Fonte: GP1<\/p>\n","protected":false},"excerpt":{"rendered":"<p>Um homem identificado apenas pelas iniciais J.G.S.F. foi preso pela Pol\u00edcia Civil do Piau\u00ed na cidade de Picos, acusado de abusar sexualmente de uma idosa de 70 anos em fevereiro deste ano. A pris\u00e3o foi realizada durante a Opera\u00e7\u00e3o Virtude, uma iniciativa&nbsp;que visa combater a viol\u00eancia contra idosos. A Delegacia Especializada no Atendimento \u00e0 Mulher [&hellip;]<\/p>\n","protected":false},"author":2,"featured_media":258787,"comment_status":"open","ping_status":"open","sticky":false,"template":"","format":"standard","meta":{"_mi_skip_tracking":false,"footnotes":""},"categories":[25,1,16],"tags":[192],"class_list":["post-258786","post","type-post","status-publish","format-standard","has-post-thumbnail","hentry","category-destaques-site","category-geral","category-todas","tag-destaqueprincipal"],"acf":[],"yoast_head":"<!-- This site is optimized with the Yoast SEO Premium plugin v19.2 (Yoast SEO v26.9) - https:\/\/yoast.com\/product\/yoast-seo-premium-wordpress\/ -->\n<title>Homem \u00e9 preso acusado de abusar sexualmente de idosa em Picos - Portal Not\u00edcia em Pauta<\/title>\n<meta name=\"robots\" content=\"index, follow, max-snippet:-1, max-image-preview:large, max-video-preview:-1\" \/>\n<link rel=\"canonical\" href=\"https:\/\/noticiaempauta.com\/portal\/homem-e-preso-acusado-de-abusar-sexualmente-de-idosa-em-picos\/\" \/>\n<meta property=\"og:locale\" content=\"pt_BR\" \/>\n<meta property=\"og:type\" content=\"article\" \/>\n<meta property=\"og:title\" content=\"Homem \u00e9 preso acusado de abusar sexualmente de idosa em Picos\" \/>\n<meta property=\"og:description\" content=\"Um homem identificado apenas pelas iniciais J.G.S.F. foi preso pela Pol\u00edcia Civil do Piau\u00ed na cidade de Picos, acusado de abusar sexualmente de uma idosa de 70 anos em fevereiro deste ano. A pris\u00e3o foi realizada durante a Opera\u00e7\u00e3o Virtude, uma iniciativa&nbsp;que visa combater a viol\u00eancia contra idosos. A Delegacia Especializada no Atendimento \u00e0 Mulher [&hellip;]\" \/>\n<meta property=\"og:url\" content=\"https:\/\/noticiaempauta.com\/portal\/homem-e-preso-acusado-de-abusar-sexualmente-de-idosa-em-picos\/\" \/>\n<meta property=\"og:site_name\" content=\"Portal Not\u00edcia em Pauta\" \/>\n<meta property=\"article:publisher\" content=\"https:\/\/www.facebook.com\/Portal-Notcia-Em-Pauta-102292869264820\/\" \/>\n<meta property=\"article:published_time\" content=\"2024-06-15T18:26:01+00:00\" \/>\n<meta property=\"article:modified_time\" content=\"2024-06-15T18:26:26+00:00\" \/>\n<meta property=\"og:image\" content=\"https:\/\/noticiaempauta.com\/portal\/wp-content\/uploads\/2024\/06\/IMG_2294.jpeg\" \/>\n\t<meta property=\"og:image:width\" content=\"1200\" \/>\n\t<meta property=\"og:image:height\" content=\"912\" \/>\n\t<meta property=\"og:image:type\" content=\"image\/jpeg\" \/>\n<meta name=\"author\" content=\"Reda\u00e7\u00e3o\" \/>\n<meta name=\"twitter:card\" content=\"summary_large_image\" \/>\n<meta name=\"twitter:label1\" content=\"Escrito por\" \/>\n\t<meta name=\"twitter:data1\" content=\"Reda\u00e7\u00e3o\" \/>\n\t<meta name=\"twitter:label2\" content=\"Est. tempo de leitura\" \/>\n\t<meta name=\"twitter:data2\" content=\"2 minutos\" \/>\n<script type=\"application\/ld+json\" class=\"yoast-schema-graph\">{\"@context\":\"https:\/\/schema.org\",\"@graph\":[{\"@type\":\"Article\",\"@id\":\"https:\/\/noticiaempauta.com\/portal\/homem-e-preso-acusado-de-abusar-sexualmente-de-idosa-em-picos\/#article\",\"isPartOf\":{\"@id\":\"https:\/\/noticiaempauta.com\/portal\/homem-e-preso-acusado-de-abusar-sexualmente-de-idosa-em-picos\/\"},\"author\":{\"name\":\"Reda\u00e7\u00e3o\",\"@id\":\"https:\/\/noticiaempauta.com\/portal\/#\/schema\/person\/a74af43dd1ab3deca45f988c717d57ac\"},\"headline\":\"Homem \u00e9 preso acusado de abusar sexualmente de idosa em Picos\",\"datePublished\":\"2024-06-15T18:26:01+00:00\",\"dateModified\":\"2024-06-15T18:26:26+00:00\",\"mainEntityOfPage\":{\"@id\":\"https:\/\/noticiaempauta.com\/portal\/homem-e-preso-acusado-de-abusar-sexualmente-de-idosa-em-picos\/\"},\"wordCount\":278,\"commentCount\":0,\"publisher\":{\"@id\":\"https:\/\/noticiaempauta.com\/portal\/#organization\"},\"image\":{\"@id\":\"https:\/\/noticiaempauta.com\/portal\/homem-e-preso-acusado-de-abusar-sexualmente-de-idosa-em-picos\/#primaryimage\"},\"thumbnailUrl\":\"https:\/\/noticiaempauta.com\/portal\/wp-content\/uploads\/2024\/06\/IMG_2294.jpeg\",\"keywords\":[\"destaqueprincipal\"],\"articleSection\":[\"Destaques\",\"Geral\",\"Todas as Not\u00edcias\"],\"inLanguage\":\"pt-BR\",\"potentialAction\":[{\"@type\":\"CommentAction\",\"name\":\"Comment\",\"target\":[\"https:\/\/noticiaempauta.com\/portal\/homem-e-preso-acusado-de-abusar-sexualmente-de-idosa-em-picos\/#respond\"]}]},{\"@type\":\"WebPage\",\"@id\":\"https:\/\/noticiaempauta.com\/portal\/homem-e-preso-acusado-de-abusar-sexualmente-de-idosa-em-picos\/\",\"url\":\"https:\/\/noticiaempauta.com\/portal\/homem-e-preso-acusado-de-abusar-sexualmente-de-idosa-em-picos\/\",\"name\":\"Homem \u00e9 preso acusado de abusar sexualmente de idosa em Picos - Portal Not\u00edcia em Pauta\",\"isPartOf\":{\"@id\":\"https:\/\/noticiaempauta.com\/portal\/#website\"},\"primaryImageOfPage\":{\"@id\":\"https:\/\/noticiaempauta.com\/portal\/homem-e-preso-acusado-de-abusar-sexualmente-de-idosa-em-picos\/#primaryimage\"},\"image\":{\"@id\":\"https:\/\/noticiaempauta.com\/portal\/homem-e-preso-acusado-de-abusar-sexualmente-de-idosa-em-picos\/#primaryimage\"},\"thumbnailUrl\":\"https:\/\/noticiaempauta.com\/portal\/wp-content\/uploads\/2024\/06\/IMG_2294.jpeg\",\"datePublished\":\"2024-06-15T18:26:01+00:00\",\"dateModified\":\"2024-06-15T18:26:26+00:00\",\"breadcrumb\":{\"@id\":\"https:\/\/noticiaempauta.com\/portal\/homem-e-preso-acusado-de-abusar-sexualmente-de-idosa-em-picos\/#breadcrumb\"},\"inLanguage\":\"pt-BR\",\"potentialAction\":[{\"@type\":\"ReadAction\",\"target\":[\"https:\/\/noticiaempauta.com\/portal\/homem-e-preso-acusado-de-abusar-sexualmente-de-idosa-em-picos\/\"]}]},{\"@type\":\"ImageObject\",\"inLanguage\":\"pt-BR\",\"@id\":\"https:\/\/noticiaempauta.com\/portal\/homem-e-preso-acusado-de-abusar-sexualmente-de-idosa-em-picos\/#primaryimage\",\"url\":\"https:\/\/noticiaempauta.com\/portal\/wp-content\/uploads\/2024\/06\/IMG_2294.jpeg\",\"contentUrl\":\"https:\/\/noticiaempauta.com\/portal\/wp-content\/uploads\/2024\/06\/IMG_2294.jpeg\",\"width\":1200,\"height\":912},{\"@type\":\"BreadcrumbList\",\"@id\":\"https:\/\/noticiaempauta.com\/portal\/homem-e-preso-acusado-de-abusar-sexualmente-de-idosa-em-picos\/#breadcrumb\",\"itemListElement\":[{\"@type\":\"ListItem\",\"position\":1,\"name\":\"P\u00e1gina Inicial\",\"item\":\"https:\/\/noticiaempauta.com\/portal\/\"},{\"@type\":\"ListItem\",\"position\":2,\"name\":\"Destaques\",\"item\":\"https:\/\/noticiaempauta.com\/portal\/destaques-site\/\"},{\"@type\":\"ListItem\",\"position\":3,\"name\":\"Homem \u00e9 preso acusado de abusar sexualmente de idosa em Picos\"}]},{\"@type\":\"WebSite\",\"@id\":\"https:\/\/noticiaempauta.com\/portal\/#website\",\"url\":\"https:\/\/noticiaempauta.com\/portal\/\",\"name\":\"Portal Not\u00edcia em Pauta\",\"description\":\"Voc\u00ea bem informado\",\"publisher\":{\"@id\":\"https:\/\/noticiaempauta.com\/portal\/#organization\"},\"potentialAction\":[{\"@type\":\"SearchAction\",\"target\":{\"@type\":\"EntryPoint\",\"urlTemplate\":\"https:\/\/noticiaempauta.com\/portal\/?s={search_term_string}\"},\"query-input\":{\"@type\":\"PropertyValueSpecification\",\"valueRequired\":true,\"valueName\":\"search_term_string\"}}],\"inLanguage\":\"pt-BR\"},{\"@type\":\"Organization\",\"@id\":\"https:\/\/noticiaempauta.com\/portal\/#organization\",\"name\":\"Portal Not\u00edcia em Pauta\",\"url\":\"https:\/\/noticiaempauta.com\/portal\/\",\"logo\":{\"@type\":\"ImageObject\",\"inLanguage\":\"pt-BR\",\"@id\":\"https:\/\/noticiaempauta.com\/portal\/#\/schema\/logo\/image\/\",\"url\":\"https:\/\/noticiaempauta.com\/portal\/wp-content\/uploads\/2022\/08\/logomarca_tema.fw_.png\",\"contentUrl\":\"https:\/\/noticiaempauta.com\/portal\/wp-content\/uploads\/2022\/08\/logomarca_tema.fw_.png\",\"width\":400,\"height\":232,\"caption\":\"Portal Not\u00edcia em Pauta\"},\"image\":{\"@id\":\"https:\/\/noticiaempauta.com\/portal\/#\/schema\/logo\/image\/\"},\"sameAs\":[\"https:\/\/www.facebook.com\/Portal-Notcia-Em-Pauta-102292869264820\/\",\"https:\/\/www.instagram.com\/portalnoticiaempauta\/\"]},{\"@type\":\"Person\",\"@id\":\"https:\/\/noticiaempauta.com\/portal\/#\/schema\/person\/a74af43dd1ab3deca45f988c717d57ac\",\"name\":\"Reda\u00e7\u00e3o\",\"image\":{\"@type\":\"ImageObject\",\"inLanguage\":\"pt-BR\",\"@id\":\"https:\/\/noticiaempauta.com\/portal\/#\/schema\/person\/image\/\",\"url\":\"https:\/\/secure.gravatar.com\/avatar\/03179346ecce6cdfc13361603e8f54242a90e5cde8618fa23c5c00aa2b0aadf3?s=96&d=mm&r=g\",\"contentUrl\":\"https:\/\/secure.gravatar.com\/avatar\/03179346ecce6cdfc13361603e8f54242a90e5cde8618fa23c5c00aa2b0aadf3?s=96&d=mm&r=g\",\"caption\":\"Reda\u00e7\u00e3o\"},\"sameAs\":[\"https:\/\/noticiaempauta.com\/portal\/\"],\"url\":\"https:\/\/noticiaempauta.com\/portal\/author\/fernando\/\"}]}<\/script>\n<!-- \/ Yoast SEO Premium plugin. -->","yoast_head_json":{"title":"Homem \u00e9 preso acusado de abusar sexualmente de idosa em Picos - Portal Not\u00edcia em Pauta","robots":{"index":"index","follow":"follow","max-snippet":"max-snippet:-1","max-image-preview":"max-image-preview:large","max-video-preview":"max-video-preview:-1"},"canonical":"https:\/\/noticiaempauta.com\/portal\/homem-e-preso-acusado-de-abusar-sexualmente-de-idosa-em-picos\/","og_locale":"pt_BR","og_type":"article","og_title":"Homem \u00e9 preso acusado de abusar sexualmente de idosa em Picos","og_description":"Um homem identificado apenas pelas iniciais J.G.S.F. foi preso pela Pol\u00edcia Civil do Piau\u00ed na cidade de Picos, acusado de abusar sexualmente de uma idosa de 70 anos em fevereiro deste ano. A pris\u00e3o foi realizada durante a Opera\u00e7\u00e3o Virtude, uma iniciativa&nbsp;que visa combater a viol\u00eancia contra idosos. A Delegacia Especializada no Atendimento \u00e0 Mulher [&hellip;]","og_url":"https:\/\/noticiaempauta.com\/portal\/homem-e-preso-acusado-de-abusar-sexualmente-de-idosa-em-picos\/","og_site_name":"Portal Not\u00edcia em Pauta","article_publisher":"https:\/\/www.facebook.com\/Portal-Notcia-Em-Pauta-102292869264820\/","article_published_time":"2024-06-15T18:26:01+00:00","article_modified_time":"2024-06-15T18:26:26+00:00","og_image":[{"width":1200,"height":912,"url":"https:\/\/noticiaempauta.com\/portal\/wp-content\/uploads\/2024\/06\/IMG_2294.jpeg","type":"image\/jpeg"}],"author":"Reda\u00e7\u00e3o","twitter_card":"summary_large_image","twitter_misc":{"Escrito por":"Reda\u00e7\u00e3o","Est. tempo de leitura":"2 minutos"},"schema":{"@context":"https:\/\/schema.org","@graph":[{"@type":"Article","@id":"https:\/\/noticiaempauta.com\/portal\/homem-e-preso-acusado-de-abusar-sexualmente-de-idosa-em-picos\/#article","isPartOf":{"@id":"https:\/\/noticiaempauta.com\/portal\/homem-e-preso-acusado-de-abusar-sexualmente-de-idosa-em-picos\/"},"author":{"name":"Reda\u00e7\u00e3o","@id":"https:\/\/noticiaempauta.com\/portal\/#\/schema\/person\/a74af43dd1ab3deca45f988c717d57ac"},"headline":"Homem \u00e9 preso acusado de abusar sexualmente de idosa em Picos","datePublished":"2024-06-15T18:26:01+00:00","dateModified":"2024-06-15T18:26:26+00:00","mainEntityOfPage":{"@id":"https:\/\/noticiaempauta.com\/portal\/homem-e-preso-acusado-de-abusar-sexualmente-de-idosa-em-picos\/"},"wordCount":278,"commentCount":0,"publisher":{"@id":"https:\/\/noticiaempauta.com\/portal\/#organization"},"image":{"@id":"https:\/\/noticiaempauta.com\/portal\/homem-e-preso-acusado-de-abusar-sexualmente-de-idosa-em-picos\/#primaryimage"},"thumbnailUrl":"https:\/\/noticiaempauta.com\/portal\/wp-content\/uploads\/2024\/06\/IMG_2294.jpeg","keywords":["destaqueprincipal"],"articleSection":["Destaques","Geral","Todas as Not\u00edcias"],"inLanguage":"pt-BR","potentialAction":[{"@type":"CommentAction","name":"Comment","target":["https:\/\/noticiaempauta.com\/portal\/homem-e-preso-acusado-de-abusar-sexualmente-de-idosa-em-picos\/#respond"]}]},{"@type":"WebPage","@id":"https:\/\/noticiaempauta.com\/portal\/homem-e-preso-acusado-de-abusar-sexualmente-de-idosa-em-picos\/","url":"https:\/\/noticiaempauta.com\/portal\/homem-e-preso-acusado-de-abusar-sexualmente-de-idosa-em-picos\/","name":"Homem \u00e9 preso acusado de abusar sexualmente de idosa em Picos - Portal Not\u00edcia em Pauta","isPartOf":{"@id":"https:\/\/noticiaempauta.com\/portal\/#website"},"primaryImageOfPage":{"@id":"https:\/\/noticiaempauta.com\/portal\/homem-e-preso-acusado-de-abusar-sexualmente-de-idosa-em-picos\/#primaryimage"},"image":{"@id":"https:\/\/noticiaempauta.com\/portal\/homem-e-preso-acusado-de-abusar-sexualmente-de-idosa-em-picos\/#primaryimage"},"thumbnailUrl":"https:\/\/noticiaempauta.com\/portal\/wp-content\/uploads\/2024\/06\/IMG_2294.jpeg","datePublished":"2024-06-15T18:26:01+00:00","dateModified":"2024-06-15T18:26:26+00:00","breadcrumb":{"@id":"https:\/\/noticiaempauta.com\/portal\/homem-e-preso-acusado-de-abusar-sexualmente-de-idosa-em-picos\/#breadcrumb"},"inLanguage":"pt-BR","potentialAction":[{"@type":"ReadAction","target":["https:\/\/noticiaempauta.com\/portal\/homem-e-preso-acusado-de-abusar-sexualmente-de-idosa-em-picos\/"]}]},{"@type":"ImageObject","inLanguage":"pt-BR","@id":"https:\/\/noticiaempauta.com\/portal\/homem-e-preso-acusado-de-abusar-sexualmente-de-idosa-em-picos\/#primaryimage","url":"https:\/\/noticiaempauta.com\/portal\/wp-content\/uploads\/2024\/06\/IMG_2294.jpeg","contentUrl":"https:\/\/noticiaempauta.com\/portal\/wp-content\/uploads\/2024\/06\/IMG_2294.jpeg","width":1200,"height":912},{"@type":"BreadcrumbList","@id":"https:\/\/noticiaempauta.com\/portal\/homem-e-preso-acusado-de-abusar-sexualmente-de-idosa-em-picos\/#breadcrumb","itemListElement":[{"@type":"ListItem","position":1,"name":"P\u00e1gina Inicial","item":"https:\/\/noticiaempauta.com\/portal\/"},{"@type":"ListItem","position":2,"name":"Destaques","item":"https:\/\/noticiaempauta.com\/portal\/destaques-site\/"},{"@type":"ListItem","position":3,"name":"Homem \u00e9 preso acusado de abusar sexualmente de idosa em Picos"}]},{"@type":"WebSite","@id":"https:\/\/noticiaempauta.com\/portal\/#website","url":"https:\/\/noticiaempauta.com\/portal\/","name":"Portal Not\u00edcia em Pauta","description":"Voc\u00ea bem informado","publisher":{"@id":"https:\/\/noticiaempauta.com\/portal\/#organization"},"potentialAction":[{"@type":"SearchAction","target":{"@type":"EntryPoint","urlTemplate":"https:\/\/noticiaempauta.com\/portal\/?s={search_term_string}"},"query-input":{"@type":"PropertyValueSpecification","valueRequired":true,"valueName":"search_term_string"}}],"inLanguage":"pt-BR"},{"@type":"Organization","@id":"https:\/\/noticiaempauta.com\/portal\/#organization","name":"Portal Not\u00edcia em Pauta","url":"https:\/\/noticiaempauta.com\/portal\/","logo":{"@type":"ImageObject","inLanguage":"pt-BR","@id":"https:\/\/noticiaempauta.com\/portal\/#\/schema\/logo\/image\/","url":"https:\/\/noticiaempauta.com\/portal\/wp-content\/uploads\/2022\/08\/logomarca_tema.fw_.png","contentUrl":"https:\/\/noticiaempauta.com\/portal\/wp-content\/uploads\/2022\/08\/logomarca_tema.fw_.png","width":400,"height":232,"caption":"Portal Not\u00edcia em Pauta"},"image":{"@id":"https:\/\/noticiaempauta.com\/portal\/#\/schema\/logo\/image\/"},"sameAs":["https:\/\/www.facebook.com\/Portal-Notcia-Em-Pauta-102292869264820\/","https:\/\/www.instagram.com\/portalnoticiaempauta\/"]},{"@type":"Person","@id":"https:\/\/noticiaempauta.com\/portal\/#\/schema\/person\/a74af43dd1ab3deca45f988c717d57ac","name":"Reda\u00e7\u00e3o","image":{"@type":"ImageObject","inLanguage":"pt-BR","@id":"https:\/\/noticiaempauta.com\/portal\/#\/schema\/person\/image\/","url":"https:\/\/secure.gravatar.com\/avatar\/03179346ecce6cdfc13361603e8f54242a90e5cde8618fa23c5c00aa2b0aadf3?s=96&d=mm&r=g","contentUrl":"https:\/\/secure.gravatar.com\/avatar\/03179346ecce6cdfc13361603e8f54242a90e5cde8618fa23c5c00aa2b0aadf3?s=96&d=mm&r=g","caption":"Reda\u00e7\u00e3o"},"sameAs":["https:\/\/noticiaempauta.com\/portal\/"],"url":"https:\/\/noticiaempauta.com\/portal\/author\/fernando\/"}]}},"_links":{"self":[{"href":"https:\/\/noticiaempauta.com\/portal\/wp-json\/wp\/v2\/posts\/258786","targetHints":{"allow":["GET"]}}],"collection":[{"href":"https:\/\/noticiaempauta.com\/portal\/wp-json\/wp\/v2\/posts"}],"about":[{"href":"https:\/\/noticiaempauta.com\/portal\/wp-json\/wp\/v2\/types\/post"}],"author":[{"embeddable":true,"href":"https:\/\/noticiaempauta.com\/portal\/wp-json\/wp\/v2\/users\/2"}],"replies":[{"embeddable":true,"href":"https:\/\/noticiaempauta.com\/portal\/wp-json\/wp\/v2\/comments?post=258786"}],"version-history":[{"count":3,"href":"https:\/\/noticiaempauta.com\/portal\/wp-json\/wp\/v2\/posts\/258786\/revisions"}],"predecessor-version":[{"id":258790,"href":"https:\/\/noticiaempauta.com\/portal\/wp-json\/wp\/v2\/posts\/258786\/revisions\/258790"}],"wp:featuredmedia":[{"embeddable":true,"href":"https:\/\/noticiaempauta.com\/portal\/wp-json\/wp\/v2\/media\/258787"}],"wp:attachment":[{"href":"https:\/\/noticiaempauta.com\/portal\/wp-json\/wp\/v2\/media?parent=258786"}],"wp:term":[{"taxonomy":"category","embeddable":true,"href":"https:\/\/noticiaempauta.com\/portal\/wp-json\/wp\/v2\/categories?post=258786"},{"taxonomy":"post_tag","embeddable":true,"href":"https:\/\/noticiaempauta.com\/portal\/wp-json\/wp\/v2\/tags?post=258786"}],"curies":[{"name":"wp","href":"https:\/\/api.w.org\/{rel}","templated":true}]}}