{"id":258833,"date":"2024-06-16T09:00:06","date_gmt":"2024-06-16T12:00:06","guid":{"rendered":"https:\/\/noticiaempauta.com\/portal\/?p=258833"},"modified":"2024-06-16T09:00:08","modified_gmt":"2024-06-16T12:00:08","slug":"paqueta-do-piaui-prefeito-clayton-barros-inaugura-quadra-esportiva-na-zona-rural","status":"publish","type":"post","link":"https:\/\/noticiaempauta.com\/portal\/paqueta-do-piaui-prefeito-clayton-barros-inaugura-quadra-esportiva-na-zona-rural\/","title":{"rendered":"Paquet\u00e1 do Piau\u00ed | Prefeito Clayton Barros inaugura Quadra Esportiva na zona rural"},"content":{"rendered":"\n<p>A Prefeitura de Paquet\u00e1 do Piau\u00ed em parceria com a Secretaria Municipal de Educa\u00e7\u00e3o inaugurou na noite deste s\u00e1bado (15), uma importante obra na zona rural do munic\u00edpio paquetaense.<\/p>\n\n\n\n<figure class=\"wp-block-image size-full\"><img fetchpriority=\"high\" decoding=\"async\" width=\"640\" height=\"428\" src=\"https:\/\/noticiaempauta.com\/portal\/wp-content\/uploads\/2024\/06\/WhatsApp-Image-2024-06-16-at-08.50.32.jpeg\" alt=\"\" class=\"wp-image-258834\" srcset=\"https:\/\/noticiaempauta.com\/portal\/wp-content\/uploads\/2024\/06\/WhatsApp-Image-2024-06-16-at-08.50.32.jpeg 640w, https:\/\/noticiaempauta.com\/portal\/wp-content\/uploads\/2024\/06\/WhatsApp-Image-2024-06-16-at-08.50.32-300x201.jpeg 300w\" sizes=\"(max-width: 640px) 100vw, 640px\" \/><\/figure>\n\n\n\n<p>Na oportunidade o prefeito, Dr. Clayton Barros (Progressistas), a primeira-dama e secret\u00e1ria municipal de Educa\u00e7\u00e3o, Elayne S\u00e1 Barros, secret\u00e1rios municipais, vereadores e pr\u00e9-candidatos a vereador da base inauguraram uma Quadra Esportiva Municipal na localidade Cajazeira, no Povoado S\u00e3o Rafael.<\/p>\n\n\n\n<figure class=\"wp-block-image size-full\"><img decoding=\"async\" width=\"640\" height=\"428\" src=\"https:\/\/noticiaempauta.com\/portal\/wp-content\/uploads\/2024\/06\/DSC_02483.jpeg\" alt=\"\" class=\"wp-image-258835\" srcset=\"https:\/\/noticiaempauta.com\/portal\/wp-content\/uploads\/2024\/06\/DSC_02483.jpeg 640w, https:\/\/noticiaempauta.com\/portal\/wp-content\/uploads\/2024\/06\/DSC_02483-300x201.jpeg 300w\" sizes=\"(max-width: 640px) 100vw, 640px\" \/><\/figure>\n\n\n\n<p>A Quadra recebeu o nome de Edinaelson de Moura Gon\u00e7alves em homenagem in memorian a um desportista e incentivador do esporte que era morador dessa localidade.<\/p>\n\n\n\n<p>Presente na inaugura\u00e7\u00e3o, ao lado de outros familiares, a m\u00e3e do homenageado, dona Teresa dos Santos Moura Gon\u00e7alves, comemorou a constru\u00e7\u00e3o da Quadra e gradeceu ao prefeito de Paquet\u00e1 do Piau\u00ed pela homenagem que de certa forma ameniza um pouco da perda do filho.<\/p>\n\n\n\n<figure class=\"wp-block-image size-full\"><img decoding=\"async\" width=\"640\" height=\"428\" src=\"https:\/\/noticiaempauta.com\/portal\/wp-content\/uploads\/2024\/06\/DSC_0269.jpeg\" alt=\"\" class=\"wp-image-258840\" srcset=\"https:\/\/noticiaempauta.com\/portal\/wp-content\/uploads\/2024\/06\/DSC_0269.jpeg 640w, https:\/\/noticiaempauta.com\/portal\/wp-content\/uploads\/2024\/06\/DSC_0269-300x201.jpeg 300w\" sizes=\"(max-width: 640px) 100vw, 640px\" \/><\/figure>\n\n\n\n<p>\u201cEu chorava quando via meus netos jogando bola no campinho que tinha cheio de espinhos e tocos e eu s\u00f3 tenho agradecer em nome de Jesus\u201d, lembrou a m\u00e3e do homenageado.<\/p>\n\n\n\n<figure class=\"wp-block-image size-full\"><img loading=\"lazy\" decoding=\"async\" width=\"640\" height=\"428\" src=\"https:\/\/noticiaempauta.com\/portal\/wp-content\/uploads\/2024\/06\/DSC_0258.jpeg\" alt=\"\" class=\"wp-image-258841\" srcset=\"https:\/\/noticiaempauta.com\/portal\/wp-content\/uploads\/2024\/06\/DSC_0258.jpeg 640w, https:\/\/noticiaempauta.com\/portal\/wp-content\/uploads\/2024\/06\/DSC_0258-300x201.jpeg 300w\" sizes=\"(max-width: 640px) 100vw, 640px\" \/><\/figure>\n\n\n\n<p>Dr. Clayton Barros agradeceu a secret\u00e1ria de Educa\u00e7\u00e3o pela parceria que resultou na constru\u00e7\u00e3o dessa quadra que beneficiar\u00e1 principalmente os alunos da escola municipal do povoado.<\/p>\n\n\n\n<figure class=\"wp-block-image size-full\"><img loading=\"lazy\" decoding=\"async\" width=\"640\" height=\"428\" src=\"https:\/\/noticiaempauta.com\/portal\/wp-content\/uploads\/2024\/06\/DSC_02544.jpeg\" alt=\"\" class=\"wp-image-258836\" srcset=\"https:\/\/noticiaempauta.com\/portal\/wp-content\/uploads\/2024\/06\/DSC_02544.jpeg 640w, https:\/\/noticiaempauta.com\/portal\/wp-content\/uploads\/2024\/06\/DSC_02544-300x201.jpeg 300w\" sizes=\"(max-width: 640px) 100vw, 640px\" \/><\/figure>\n\n\n\n<p>\u201cJ\u00e1 que ela \u00e9 oficialmente uma quadra escolar pela quest\u00e3o da proximidade com a escola, ent\u00e3o eu queria agradecer a minha esposa pelo fornecimento de recursos tamb\u00e9m da Secretaria de Educa\u00e7\u00e3o junto com a Prefeitura para fazer essa obra\u201d, destacou.<\/p>\n\n\n\n<figure class=\"wp-block-image size-full\"><img loading=\"lazy\" decoding=\"async\" width=\"640\" height=\"428\" src=\"https:\/\/noticiaempauta.com\/portal\/wp-content\/uploads\/2024\/06\/DSC_02521.jpeg\" alt=\"\" class=\"wp-image-258837\" srcset=\"https:\/\/noticiaempauta.com\/portal\/wp-content\/uploads\/2024\/06\/DSC_02521.jpeg 640w, https:\/\/noticiaempauta.com\/portal\/wp-content\/uploads\/2024\/06\/DSC_02521-300x201.jpeg 300w\" sizes=\"(max-width: 640px) 100vw, 640px\" \/><\/figure>\n\n\n\n<p>O gestor tamb\u00e9m acrescentou que a homenagem a Edinaelson de Moura Gon\u00e7alves foi bastante justa, j\u00e1 que o mesmo al\u00e9m de ser morador do local era um entusiasta no incentivo ao esporte na comunidade, frisando ainda que a constru\u00e7\u00e3o da quadra no Povoado S\u00e3o Rafael servir\u00e1 como um espa\u00e7o de lazer e tamb\u00e9m ir\u00e1 valorizar os terrenos em torno do empreendimento da \u00e1rea de esporte.<\/p>\n\n\n\n<figure class=\"wp-block-image size-full\"><img loading=\"lazy\" decoding=\"async\" width=\"640\" height=\"428\" src=\"https:\/\/noticiaempauta.com\/portal\/wp-content\/uploads\/2024\/06\/DSC_02993.jpeg\" alt=\"\" class=\"wp-image-258838\" srcset=\"https:\/\/noticiaempauta.com\/portal\/wp-content\/uploads\/2024\/06\/DSC_02993.jpeg 640w, https:\/\/noticiaempauta.com\/portal\/wp-content\/uploads\/2024\/06\/DSC_02993-300x201.jpeg 300w\" sizes=\"(max-width: 640px) 100vw, 640px\" \/><\/figure>\n\n\n\n<p>\u201cA nossa finalidade como pol\u00edtico \u00e9 trazer benef\u00edcios para o povo de Paquet\u00e1 e a gente n\u00e3o vai medir esfor\u00e7os para continuar esse trabalho, um trabalho como esse, uma quadra esportiva como essa, ela tem muitas vantagens para comunidade, \u00e9 um ponto de refer\u00eancia, \u00e9 um espa\u00e7o de lazer, \u00e9 um espa\u00e7o que tira as crian\u00e7as, os jovens do mundo das drogas, das bebidas, dos v\u00edcios, ent\u00e3o valoriza a comunidade, valoriza os terrenos, valoriza toda uma estrutura, toda uma sociedade, ent\u00e3o \u00e9 um benef\u00edcio que n\u00f3s estamos trazendo, uma obra que estamos trazendo\u201d, encerrou Dr. Clayton.<\/p>\n\n\n\n<figure class=\"wp-block-image size-full\"><img loading=\"lazy\" decoding=\"async\" width=\"640\" height=\"428\" src=\"https:\/\/noticiaempauta.com\/portal\/wp-content\/uploads\/2024\/06\/DSC_02914.jpeg\" alt=\"\" class=\"wp-image-258839\" srcset=\"https:\/\/noticiaempauta.com\/portal\/wp-content\/uploads\/2024\/06\/DSC_02914.jpeg 640w, https:\/\/noticiaempauta.com\/portal\/wp-content\/uploads\/2024\/06\/DSC_02914-300x201.jpeg 300w\" sizes=\"(max-width: 640px) 100vw, 640px\" \/><\/figure>\n\n\n\n<figure class=\"wp-block-image size-full\"><img loading=\"lazy\" decoding=\"async\" width=\"640\" height=\"428\" src=\"https:\/\/noticiaempauta.com\/portal\/wp-content\/uploads\/2024\/06\/DSC_0304.jpeg\" alt=\"\" class=\"wp-image-258842\" srcset=\"https:\/\/noticiaempauta.com\/portal\/wp-content\/uploads\/2024\/06\/DSC_0304.jpeg 640w, https:\/\/noticiaempauta.com\/portal\/wp-content\/uploads\/2024\/06\/DSC_0304-300x201.jpeg 300w\" sizes=\"(max-width: 640px) 100vw, 640px\" \/><\/figure>\n\n\n\n<figure class=\"wp-block-image size-full\"><img loading=\"lazy\" decoding=\"async\" width=\"640\" height=\"428\" src=\"https:\/\/noticiaempauta.com\/portal\/wp-content\/uploads\/2024\/06\/DSC_0295.jpeg\" alt=\"\" class=\"wp-image-258843\" srcset=\"https:\/\/noticiaempauta.com\/portal\/wp-content\/uploads\/2024\/06\/DSC_0295.jpeg 640w, https:\/\/noticiaempauta.com\/portal\/wp-content\/uploads\/2024\/06\/DSC_0295-300x201.jpeg 300w\" sizes=\"(max-width: 640px) 100vw, 640px\" \/><\/figure>\n\n\n\n<figure class=\"wp-block-image size-full\"><img loading=\"lazy\" decoding=\"async\" width=\"640\" height=\"428\" src=\"https:\/\/noticiaempauta.com\/portal\/wp-content\/uploads\/2024\/06\/DSC_0260.jpeg\" alt=\"\" class=\"wp-image-258844\" srcset=\"https:\/\/noticiaempauta.com\/portal\/wp-content\/uploads\/2024\/06\/DSC_0260.jpeg 640w, https:\/\/noticiaempauta.com\/portal\/wp-content\/uploads\/2024\/06\/DSC_0260-300x201.jpeg 300w\" sizes=\"(max-width: 640px) 100vw, 640px\" \/><\/figure>\n\n\n\n<figure class=\"wp-block-image size-full\"><img loading=\"lazy\" decoding=\"async\" width=\"640\" height=\"428\" src=\"https:\/\/noticiaempauta.com\/portal\/wp-content\/uploads\/2024\/06\/DSC_0250.jpeg\" alt=\"\" class=\"wp-image-258845\" srcset=\"https:\/\/noticiaempauta.com\/portal\/wp-content\/uploads\/2024\/06\/DSC_0250.jpeg 640w, https:\/\/noticiaempauta.com\/portal\/wp-content\/uploads\/2024\/06\/DSC_0250-300x201.jpeg 300w\" sizes=\"(max-width: 640px) 100vw, 640px\" \/><\/figure>\n\n\n\n<figure class=\"wp-block-image size-full\"><img loading=\"lazy\" decoding=\"async\" width=\"640\" height=\"428\" src=\"https:\/\/noticiaempauta.com\/portal\/wp-content\/uploads\/2024\/06\/DSC_0262.jpeg\" alt=\"\" class=\"wp-image-258847\" srcset=\"https:\/\/noticiaempauta.com\/portal\/wp-content\/uploads\/2024\/06\/DSC_0262.jpeg 640w, https:\/\/noticiaempauta.com\/portal\/wp-content\/uploads\/2024\/06\/DSC_0262-300x201.jpeg 300w\" sizes=\"(max-width: 640px) 100vw, 640px\" \/><\/figure>\n\n\n\n<p><\/p>\n\n\n\n<p><strong><em>Fonte e Fotos: Portal O Povo<\/em><\/strong><\/p>\n","protected":false},"excerpt":{"rendered":"<p>A Prefeitura de Paquet\u00e1 do Piau\u00ed em parceria com a Secretaria Municipal de Educa\u00e7\u00e3o inaugurou na noite deste s\u00e1bado (15), uma importante obra na zona rural do munic\u00edpio paquetaense. Na oportunidade o prefeito, Dr. Clayton Barros (Progressistas), a primeira-dama e secret\u00e1ria municipal de Educa\u00e7\u00e3o, Elayne S\u00e1 Barros, secret\u00e1rios municipais, vereadores e pr\u00e9-candidatos a vereador da [&hellip;]<\/p>\n","protected":false},"author":2,"featured_media":258834,"comment_status":"open","ping_status":"open","sticky":false,"template":"","format":"standard","meta":{"_mi_skip_tracking":false,"footnotes":""},"categories":[25,26,9,16],"tags":[192],"class_list":["post-258833","post","type-post","status-publish","format-standard","has-post-thumbnail","hentry","category-destaques-site","category-esporte","category-municipios","category-todas","tag-destaqueprincipal"],"acf":[],"yoast_head":"<!-- This site is optimized with the Yoast SEO Premium plugin v19.2 (Yoast SEO v26.9) - https:\/\/yoast.com\/product\/yoast-seo-premium-wordpress\/ -->\n<title>Paquet\u00e1 do Piau\u00ed | Prefeito Clayton Barros inaugura Quadra Esportiva na zona rural - Portal Not\u00edcia em Pauta<\/title>\n<meta name=\"robots\" content=\"index, follow, max-snippet:-1, max-image-preview:large, max-video-preview:-1\" \/>\n<link rel=\"canonical\" href=\"https:\/\/noticiaempauta.com\/portal\/paqueta-do-piaui-prefeito-clayton-barros-inaugura-quadra-esportiva-na-zona-rural\/\" \/>\n<meta property=\"og:locale\" content=\"pt_BR\" \/>\n<meta property=\"og:type\" content=\"article\" \/>\n<meta property=\"og:title\" content=\"Paquet\u00e1 do Piau\u00ed | Prefeito Clayton Barros inaugura Quadra Esportiva na zona rural\" \/>\n<meta property=\"og:description\" content=\"A Prefeitura de Paquet\u00e1 do Piau\u00ed em parceria com a Secretaria Municipal de Educa\u00e7\u00e3o inaugurou na noite deste s\u00e1bado (15), uma importante obra na zona rural do munic\u00edpio paquetaense. Na oportunidade o prefeito, Dr. Clayton Barros (Progressistas), a primeira-dama e secret\u00e1ria municipal de Educa\u00e7\u00e3o, Elayne S\u00e1 Barros, secret\u00e1rios municipais, vereadores e pr\u00e9-candidatos a vereador da [&hellip;]\" \/>\n<meta property=\"og:url\" content=\"https:\/\/noticiaempauta.com\/portal\/paqueta-do-piaui-prefeito-clayton-barros-inaugura-quadra-esportiva-na-zona-rural\/\" \/>\n<meta property=\"og:site_name\" content=\"Portal Not\u00edcia em Pauta\" \/>\n<meta property=\"article:publisher\" content=\"https:\/\/www.facebook.com\/Portal-Notcia-Em-Pauta-102292869264820\/\" \/>\n<meta property=\"article:published_time\" content=\"2024-06-16T12:00:06+00:00\" \/>\n<meta property=\"article:modified_time\" content=\"2024-06-16T12:00:08+00:00\" \/>\n<meta property=\"og:image\" content=\"https:\/\/noticiaempauta.com\/portal\/wp-content\/uploads\/2024\/06\/WhatsApp-Image-2024-06-16-at-08.50.32.jpeg\" \/>\n\t<meta property=\"og:image:width\" content=\"640\" \/>\n\t<meta property=\"og:image:height\" content=\"428\" \/>\n\t<meta property=\"og:image:type\" content=\"image\/jpeg\" \/>\n<meta name=\"author\" content=\"Reda\u00e7\u00e3o\" \/>\n<meta name=\"twitter:card\" content=\"summary_large_image\" \/>\n<meta name=\"twitter:label1\" content=\"Escrito por\" \/>\n\t<meta name=\"twitter:data1\" content=\"Reda\u00e7\u00e3o\" \/>\n\t<meta name=\"twitter:label2\" content=\"Est. tempo de leitura\" \/>\n\t<meta name=\"twitter:data2\" content=\"6 minutos\" \/>\n<script type=\"application\/ld+json\" class=\"yoast-schema-graph\">{\"@context\":\"https:\/\/schema.org\",\"@graph\":[{\"@type\":\"Article\",\"@id\":\"https:\/\/noticiaempauta.com\/portal\/paqueta-do-piaui-prefeito-clayton-barros-inaugura-quadra-esportiva-na-zona-rural\/#article\",\"isPartOf\":{\"@id\":\"https:\/\/noticiaempauta.com\/portal\/paqueta-do-piaui-prefeito-clayton-barros-inaugura-quadra-esportiva-na-zona-rural\/\"},\"author\":{\"name\":\"Reda\u00e7\u00e3o\",\"@id\":\"https:\/\/noticiaempauta.com\/portal\/#\/schema\/person\/a74af43dd1ab3deca45f988c717d57ac\"},\"headline\":\"Paquet\u00e1 do Piau\u00ed | Prefeito Clayton Barros inaugura Quadra Esportiva na zona rural\",\"datePublished\":\"2024-06-16T12:00:06+00:00\",\"dateModified\":\"2024-06-16T12:00:08+00:00\",\"mainEntityOfPage\":{\"@id\":\"https:\/\/noticiaempauta.com\/portal\/paqueta-do-piaui-prefeito-clayton-barros-inaugura-quadra-esportiva-na-zona-rural\/\"},\"wordCount\":448,\"commentCount\":0,\"publisher\":{\"@id\":\"https:\/\/noticiaempauta.com\/portal\/#organization\"},\"image\":{\"@id\":\"https:\/\/noticiaempauta.com\/portal\/paqueta-do-piaui-prefeito-clayton-barros-inaugura-quadra-esportiva-na-zona-rural\/#primaryimage\"},\"thumbnailUrl\":\"https:\/\/noticiaempauta.com\/portal\/wp-content\/uploads\/2024\/06\/WhatsApp-Image-2024-06-16-at-08.50.32.jpeg\",\"keywords\":[\"destaqueprincipal\"],\"articleSection\":[\"Destaques\",\"Esporte\",\"Munic\u00edpios\",\"Todas as Not\u00edcias\"],\"inLanguage\":\"pt-BR\",\"potentialAction\":[{\"@type\":\"CommentAction\",\"name\":\"Comment\",\"target\":[\"https:\/\/noticiaempauta.com\/portal\/paqueta-do-piaui-prefeito-clayton-barros-inaugura-quadra-esportiva-na-zona-rural\/#respond\"]}]},{\"@type\":\"WebPage\",\"@id\":\"https:\/\/noticiaempauta.com\/portal\/paqueta-do-piaui-prefeito-clayton-barros-inaugura-quadra-esportiva-na-zona-rural\/\",\"url\":\"https:\/\/noticiaempauta.com\/portal\/paqueta-do-piaui-prefeito-clayton-barros-inaugura-quadra-esportiva-na-zona-rural\/\",\"name\":\"Paquet\u00e1 do Piau\u00ed | Prefeito Clayton Barros inaugura Quadra Esportiva na zona rural - Portal Not\u00edcia em Pauta\",\"isPartOf\":{\"@id\":\"https:\/\/noticiaempauta.com\/portal\/#website\"},\"primaryImageOfPage\":{\"@id\":\"https:\/\/noticiaempauta.com\/portal\/paqueta-do-piaui-prefeito-clayton-barros-inaugura-quadra-esportiva-na-zona-rural\/#primaryimage\"},\"image\":{\"@id\":\"https:\/\/noticiaempauta.com\/portal\/paqueta-do-piaui-prefeito-clayton-barros-inaugura-quadra-esportiva-na-zona-rural\/#primaryimage\"},\"thumbnailUrl\":\"https:\/\/noticiaempauta.com\/portal\/wp-content\/uploads\/2024\/06\/WhatsApp-Image-2024-06-16-at-08.50.32.jpeg\",\"datePublished\":\"2024-06-16T12:00:06+00:00\",\"dateModified\":\"2024-06-16T12:00:08+00:00\",\"breadcrumb\":{\"@id\":\"https:\/\/noticiaempauta.com\/portal\/paqueta-do-piaui-prefeito-clayton-barros-inaugura-quadra-esportiva-na-zona-rural\/#breadcrumb\"},\"inLanguage\":\"pt-BR\",\"potentialAction\":[{\"@type\":\"ReadAction\",\"target\":[\"https:\/\/noticiaempauta.com\/portal\/paqueta-do-piaui-prefeito-clayton-barros-inaugura-quadra-esportiva-na-zona-rural\/\"]}]},{\"@type\":\"ImageObject\",\"inLanguage\":\"pt-BR\",\"@id\":\"https:\/\/noticiaempauta.com\/portal\/paqueta-do-piaui-prefeito-clayton-barros-inaugura-quadra-esportiva-na-zona-rural\/#primaryimage\",\"url\":\"https:\/\/noticiaempauta.com\/portal\/wp-content\/uploads\/2024\/06\/WhatsApp-Image-2024-06-16-at-08.50.32.jpeg\",\"contentUrl\":\"https:\/\/noticiaempauta.com\/portal\/wp-content\/uploads\/2024\/06\/WhatsApp-Image-2024-06-16-at-08.50.32.jpeg\",\"width\":640,\"height\":428},{\"@type\":\"BreadcrumbList\",\"@id\":\"https:\/\/noticiaempauta.com\/portal\/paqueta-do-piaui-prefeito-clayton-barros-inaugura-quadra-esportiva-na-zona-rural\/#breadcrumb\",\"itemListElement\":[{\"@type\":\"ListItem\",\"position\":1,\"name\":\"P\u00e1gina Inicial\",\"item\":\"https:\/\/noticiaempauta.com\/portal\/\"},{\"@type\":\"ListItem\",\"position\":2,\"name\":\"Destaques\",\"item\":\"https:\/\/noticiaempauta.com\/portal\/destaques-site\/\"},{\"@type\":\"ListItem\",\"position\":3,\"name\":\"Paquet\u00e1 do Piau\u00ed | Prefeito Clayton Barros inaugura Quadra Esportiva na zona rural\"}]},{\"@type\":\"WebSite\",\"@id\":\"https:\/\/noticiaempauta.com\/portal\/#website\",\"url\":\"https:\/\/noticiaempauta.com\/portal\/\",\"name\":\"Portal Not\u00edcia em Pauta\",\"description\":\"Voc\u00ea bem informado\",\"publisher\":{\"@id\":\"https:\/\/noticiaempauta.com\/portal\/#organization\"},\"potentialAction\":[{\"@type\":\"SearchAction\",\"target\":{\"@type\":\"EntryPoint\",\"urlTemplate\":\"https:\/\/noticiaempauta.com\/portal\/?s={search_term_string}\"},\"query-input\":{\"@type\":\"PropertyValueSpecification\",\"valueRequired\":true,\"valueName\":\"search_term_string\"}}],\"inLanguage\":\"pt-BR\"},{\"@type\":\"Organization\",\"@id\":\"https:\/\/noticiaempauta.com\/portal\/#organization\",\"name\":\"Portal Not\u00edcia em Pauta\",\"url\":\"https:\/\/noticiaempauta.com\/portal\/\",\"logo\":{\"@type\":\"ImageObject\",\"inLanguage\":\"pt-BR\",\"@id\":\"https:\/\/noticiaempauta.com\/portal\/#\/schema\/logo\/image\/\",\"url\":\"https:\/\/noticiaempauta.com\/portal\/wp-content\/uploads\/2022\/08\/logomarca_tema.fw_.png\",\"contentUrl\":\"https:\/\/noticiaempauta.com\/portal\/wp-content\/uploads\/2022\/08\/logomarca_tema.fw_.png\",\"width\":400,\"height\":232,\"caption\":\"Portal Not\u00edcia em Pauta\"},\"image\":{\"@id\":\"https:\/\/noticiaempauta.com\/portal\/#\/schema\/logo\/image\/\"},\"sameAs\":[\"https:\/\/www.facebook.com\/Portal-Notcia-Em-Pauta-102292869264820\/\",\"https:\/\/www.instagram.com\/portalnoticiaempauta\/\"]},{\"@type\":\"Person\",\"@id\":\"https:\/\/noticiaempauta.com\/portal\/#\/schema\/person\/a74af43dd1ab3deca45f988c717d57ac\",\"name\":\"Reda\u00e7\u00e3o\",\"image\":{\"@type\":\"ImageObject\",\"inLanguage\":\"pt-BR\",\"@id\":\"https:\/\/noticiaempauta.com\/portal\/#\/schema\/person\/image\/\",\"url\":\"https:\/\/secure.gravatar.com\/avatar\/03179346ecce6cdfc13361603e8f54242a90e5cde8618fa23c5c00aa2b0aadf3?s=96&d=mm&r=g\",\"contentUrl\":\"https:\/\/secure.gravatar.com\/avatar\/03179346ecce6cdfc13361603e8f54242a90e5cde8618fa23c5c00aa2b0aadf3?s=96&d=mm&r=g\",\"caption\":\"Reda\u00e7\u00e3o\"},\"sameAs\":[\"https:\/\/noticiaempauta.com\/portal\/\"],\"url\":\"https:\/\/noticiaempauta.com\/portal\/author\/fernando\/\"}]}<\/script>\n<!-- \/ Yoast SEO Premium plugin. -->","yoast_head_json":{"title":"Paquet\u00e1 do Piau\u00ed | Prefeito Clayton Barros inaugura Quadra Esportiva na zona rural - Portal Not\u00edcia em Pauta","robots":{"index":"index","follow":"follow","max-snippet":"max-snippet:-1","max-image-preview":"max-image-preview:large","max-video-preview":"max-video-preview:-1"},"canonical":"https:\/\/noticiaempauta.com\/portal\/paqueta-do-piaui-prefeito-clayton-barros-inaugura-quadra-esportiva-na-zona-rural\/","og_locale":"pt_BR","og_type":"article","og_title":"Paquet\u00e1 do Piau\u00ed | Prefeito Clayton Barros inaugura Quadra Esportiva na zona rural","og_description":"A Prefeitura de Paquet\u00e1 do Piau\u00ed em parceria com a Secretaria Municipal de Educa\u00e7\u00e3o inaugurou na noite deste s\u00e1bado (15), uma importante obra na zona rural do munic\u00edpio paquetaense. Na oportunidade o prefeito, Dr. Clayton Barros (Progressistas), a primeira-dama e secret\u00e1ria municipal de Educa\u00e7\u00e3o, Elayne S\u00e1 Barros, secret\u00e1rios municipais, vereadores e pr\u00e9-candidatos a vereador da [&hellip;]","og_url":"https:\/\/noticiaempauta.com\/portal\/paqueta-do-piaui-prefeito-clayton-barros-inaugura-quadra-esportiva-na-zona-rural\/","og_site_name":"Portal Not\u00edcia em Pauta","article_publisher":"https:\/\/www.facebook.com\/Portal-Notcia-Em-Pauta-102292869264820\/","article_published_time":"2024-06-16T12:00:06+00:00","article_modified_time":"2024-06-16T12:00:08+00:00","og_image":[{"width":640,"height":428,"url":"https:\/\/noticiaempauta.com\/portal\/wp-content\/uploads\/2024\/06\/WhatsApp-Image-2024-06-16-at-08.50.32.jpeg","type":"image\/jpeg"}],"author":"Reda\u00e7\u00e3o","twitter_card":"summary_large_image","twitter_misc":{"Escrito por":"Reda\u00e7\u00e3o","Est. tempo de leitura":"6 minutos"},"schema":{"@context":"https:\/\/schema.org","@graph":[{"@type":"Article","@id":"https:\/\/noticiaempauta.com\/portal\/paqueta-do-piaui-prefeito-clayton-barros-inaugura-quadra-esportiva-na-zona-rural\/#article","isPartOf":{"@id":"https:\/\/noticiaempauta.com\/portal\/paqueta-do-piaui-prefeito-clayton-barros-inaugura-quadra-esportiva-na-zona-rural\/"},"author":{"name":"Reda\u00e7\u00e3o","@id":"https:\/\/noticiaempauta.com\/portal\/#\/schema\/person\/a74af43dd1ab3deca45f988c717d57ac"},"headline":"Paquet\u00e1 do Piau\u00ed | Prefeito Clayton Barros inaugura Quadra Esportiva na zona rural","datePublished":"2024-06-16T12:00:06+00:00","dateModified":"2024-06-16T12:00:08+00:00","mainEntityOfPage":{"@id":"https:\/\/noticiaempauta.com\/portal\/paqueta-do-piaui-prefeito-clayton-barros-inaugura-quadra-esportiva-na-zona-rural\/"},"wordCount":448,"commentCount":0,"publisher":{"@id":"https:\/\/noticiaempauta.com\/portal\/#organization"},"image":{"@id":"https:\/\/noticiaempauta.com\/portal\/paqueta-do-piaui-prefeito-clayton-barros-inaugura-quadra-esportiva-na-zona-rural\/#primaryimage"},"thumbnailUrl":"https:\/\/noticiaempauta.com\/portal\/wp-content\/uploads\/2024\/06\/WhatsApp-Image-2024-06-16-at-08.50.32.jpeg","keywords":["destaqueprincipal"],"articleSection":["Destaques","Esporte","Munic\u00edpios","Todas as Not\u00edcias"],"inLanguage":"pt-BR","potentialAction":[{"@type":"CommentAction","name":"Comment","target":["https:\/\/noticiaempauta.com\/portal\/paqueta-do-piaui-prefeito-clayton-barros-inaugura-quadra-esportiva-na-zona-rural\/#respond"]}]},{"@type":"WebPage","@id":"https:\/\/noticiaempauta.com\/portal\/paqueta-do-piaui-prefeito-clayton-barros-inaugura-quadra-esportiva-na-zona-rural\/","url":"https:\/\/noticiaempauta.com\/portal\/paqueta-do-piaui-prefeito-clayton-barros-inaugura-quadra-esportiva-na-zona-rural\/","name":"Paquet\u00e1 do Piau\u00ed | Prefeito Clayton Barros inaugura Quadra Esportiva na zona rural - Portal Not\u00edcia em Pauta","isPartOf":{"@id":"https:\/\/noticiaempauta.com\/portal\/#website"},"primaryImageOfPage":{"@id":"https:\/\/noticiaempauta.com\/portal\/paqueta-do-piaui-prefeito-clayton-barros-inaugura-quadra-esportiva-na-zona-rural\/#primaryimage"},"image":{"@id":"https:\/\/noticiaempauta.com\/portal\/paqueta-do-piaui-prefeito-clayton-barros-inaugura-quadra-esportiva-na-zona-rural\/#primaryimage"},"thumbnailUrl":"https:\/\/noticiaempauta.com\/portal\/wp-content\/uploads\/2024\/06\/WhatsApp-Image-2024-06-16-at-08.50.32.jpeg","datePublished":"2024-06-16T12:00:06+00:00","dateModified":"2024-06-16T12:00:08+00:00","breadcrumb":{"@id":"https:\/\/noticiaempauta.com\/portal\/paqueta-do-piaui-prefeito-clayton-barros-inaugura-quadra-esportiva-na-zona-rural\/#breadcrumb"},"inLanguage":"pt-BR","potentialAction":[{"@type":"ReadAction","target":["https:\/\/noticiaempauta.com\/portal\/paqueta-do-piaui-prefeito-clayton-barros-inaugura-quadra-esportiva-na-zona-rural\/"]}]},{"@type":"ImageObject","inLanguage":"pt-BR","@id":"https:\/\/noticiaempauta.com\/portal\/paqueta-do-piaui-prefeito-clayton-barros-inaugura-quadra-esportiva-na-zona-rural\/#primaryimage","url":"https:\/\/noticiaempauta.com\/portal\/wp-content\/uploads\/2024\/06\/WhatsApp-Image-2024-06-16-at-08.50.32.jpeg","contentUrl":"https:\/\/noticiaempauta.com\/portal\/wp-content\/uploads\/2024\/06\/WhatsApp-Image-2024-06-16-at-08.50.32.jpeg","width":640,"height":428},{"@type":"BreadcrumbList","@id":"https:\/\/noticiaempauta.com\/portal\/paqueta-do-piaui-prefeito-clayton-barros-inaugura-quadra-esportiva-na-zona-rural\/#breadcrumb","itemListElement":[{"@type":"ListItem","position":1,"name":"P\u00e1gina Inicial","item":"https:\/\/noticiaempauta.com\/portal\/"},{"@type":"ListItem","position":2,"name":"Destaques","item":"https:\/\/noticiaempauta.com\/portal\/destaques-site\/"},{"@type":"ListItem","position":3,"name":"Paquet\u00e1 do Piau\u00ed | Prefeito Clayton Barros inaugura Quadra Esportiva na zona rural"}]},{"@type":"WebSite","@id":"https:\/\/noticiaempauta.com\/portal\/#website","url":"https:\/\/noticiaempauta.com\/portal\/","name":"Portal Not\u00edcia em Pauta","description":"Voc\u00ea bem informado","publisher":{"@id":"https:\/\/noticiaempauta.com\/portal\/#organization"},"potentialAction":[{"@type":"SearchAction","target":{"@type":"EntryPoint","urlTemplate":"https:\/\/noticiaempauta.com\/portal\/?s={search_term_string}"},"query-input":{"@type":"PropertyValueSpecification","valueRequired":true,"valueName":"search_term_string"}}],"inLanguage":"pt-BR"},{"@type":"Organization","@id":"https:\/\/noticiaempauta.com\/portal\/#organization","name":"Portal Not\u00edcia em Pauta","url":"https:\/\/noticiaempauta.com\/portal\/","logo":{"@type":"ImageObject","inLanguage":"pt-BR","@id":"https:\/\/noticiaempauta.com\/portal\/#\/schema\/logo\/image\/","url":"https:\/\/noticiaempauta.com\/portal\/wp-content\/uploads\/2022\/08\/logomarca_tema.fw_.png","contentUrl":"https:\/\/noticiaempauta.com\/portal\/wp-content\/uploads\/2022\/08\/logomarca_tema.fw_.png","width":400,"height":232,"caption":"Portal Not\u00edcia em Pauta"},"image":{"@id":"https:\/\/noticiaempauta.com\/portal\/#\/schema\/logo\/image\/"},"sameAs":["https:\/\/www.facebook.com\/Portal-Notcia-Em-Pauta-102292869264820\/","https:\/\/www.instagram.com\/portalnoticiaempauta\/"]},{"@type":"Person","@id":"https:\/\/noticiaempauta.com\/portal\/#\/schema\/person\/a74af43dd1ab3deca45f988c717d57ac","name":"Reda\u00e7\u00e3o","image":{"@type":"ImageObject","inLanguage":"pt-BR","@id":"https:\/\/noticiaempauta.com\/portal\/#\/schema\/person\/image\/","url":"https:\/\/secure.gravatar.com\/avatar\/03179346ecce6cdfc13361603e8f54242a90e5cde8618fa23c5c00aa2b0aadf3?s=96&d=mm&r=g","contentUrl":"https:\/\/secure.gravatar.com\/avatar\/03179346ecce6cdfc13361603e8f54242a90e5cde8618fa23c5c00aa2b0aadf3?s=96&d=mm&r=g","caption":"Reda\u00e7\u00e3o"},"sameAs":["https:\/\/noticiaempauta.com\/portal\/"],"url":"https:\/\/noticiaempauta.com\/portal\/author\/fernando\/"}]}},"_links":{"self":[{"href":"https:\/\/noticiaempauta.com\/portal\/wp-json\/wp\/v2\/posts\/258833","targetHints":{"allow":["GET"]}}],"collection":[{"href":"https:\/\/noticiaempauta.com\/portal\/wp-json\/wp\/v2\/posts"}],"about":[{"href":"https:\/\/noticiaempauta.com\/portal\/wp-json\/wp\/v2\/types\/post"}],"author":[{"embeddable":true,"href":"https:\/\/noticiaempauta.com\/portal\/wp-json\/wp\/v2\/users\/2"}],"replies":[{"embeddable":true,"href":"https:\/\/noticiaempauta.com\/portal\/wp-json\/wp\/v2\/comments?post=258833"}],"version-history":[{"count":2,"href":"https:\/\/noticiaempauta.com\/portal\/wp-json\/wp\/v2\/posts\/258833\/revisions"}],"predecessor-version":[{"id":258849,"href":"https:\/\/noticiaempauta.com\/portal\/wp-json\/wp\/v2\/posts\/258833\/revisions\/258849"}],"wp:featuredmedia":[{"embeddable":true,"href":"https:\/\/noticiaempauta.com\/portal\/wp-json\/wp\/v2\/media\/258834"}],"wp:attachment":[{"href":"https:\/\/noticiaempauta.com\/portal\/wp-json\/wp\/v2\/media?parent=258833"}],"wp:term":[{"taxonomy":"category","embeddable":true,"href":"https:\/\/noticiaempauta.com\/portal\/wp-json\/wp\/v2\/categories?post=258833"},{"taxonomy":"post_tag","embeddable":true,"href":"https:\/\/noticiaempauta.com\/portal\/wp-json\/wp\/v2\/tags?post=258833"}],"curies":[{"name":"wp","href":"https:\/\/api.w.org\/{rel}","templated":true}]}}