{"id":258852,"date":"2024-06-16T09:03:47","date_gmt":"2024-06-16T12:03:47","guid":{"rendered":"https:\/\/noticiaempauta.com\/portal\/?p=258852"},"modified":"2024-06-16T09:03:48","modified_gmt":"2024-06-16T12:03:48","slug":"carretinha-da-saude-realizara-mais-de-15-mil-atendimentos-ate-o-fim-do-ano","status":"publish","type":"post","link":"https:\/\/noticiaempauta.com\/portal\/carretinha-da-saude-realizara-mais-de-15-mil-atendimentos-ate-o-fim-do-ano\/","title":{"rendered":"Carretinha da Sa\u00fade realizar\u00e1 mais de 15 mil atendimentos at\u00e9 o fim do ano\u00a0"},"content":{"rendered":"\n<p>Crian\u00e7as de diversas cidades do Piau\u00ed ser\u00e3o beneficiadas pelos servi\u00e7os da Carretinha da Sa\u00fade, a\u00e7\u00e3o da Secretaria da Sa\u00fade (Sesapi), por meio do Pacto Pelas Crian\u00e7as, at\u00e9 o fim deste ano. A previs\u00e3o \u00e9 realizar 15.753 atendimentos s\u00f3 em 2024.<\/p>\n\n\n\n<figure class=\"wp-block-image size-full\"><img fetchpriority=\"high\" decoding=\"async\" width=\"750\" height=\"523\" src=\"https:\/\/noticiaempauta.com\/portal\/wp-content\/uploads\/2024\/06\/medium_3d85b9e7_f85d_44ec_aeb0_ff6bf059cace_fdd73ff43b.jpg\" alt=\"\" class=\"wp-image-258853\" srcset=\"https:\/\/noticiaempauta.com\/portal\/wp-content\/uploads\/2024\/06\/medium_3d85b9e7_f85d_44ec_aeb0_ff6bf059cace_fdd73ff43b.jpg 750w, https:\/\/noticiaempauta.com\/portal\/wp-content\/uploads\/2024\/06\/medium_3d85b9e7_f85d_44ec_aeb0_ff6bf059cace_fdd73ff43b-300x209.jpg 300w\" sizes=\"(max-width: 750px) 100vw, 750px\" \/><\/figure>\n\n\n\n<p>No sul do Piau\u00ed ser\u00e3o atendidas crian\u00e7as das cidades de Cristal\u00e2ndia, Sebasti\u00e3o Barros, Parnagu\u00e1, Riacho Frio, Avelino Lopes, Curimat\u00e1, Reden\u00e7\u00e3o do Gurgu\u00e9ia e Cristino Castro.<\/p>\n\n\n\n<p>\u201cNo momento estamos realizando os atendimentos na cidade de Parnagu\u00e1, e em seguida, o ve\u00edculo seguir\u00e1 para a cidade de Sebasti\u00e3o Barros\u201d, explica a coordenadora do programa na Sesapi, Paula Flav\u00edula.<\/p>\n\n\n\n<p>A Carretinha de Sa\u00fade oferta servi\u00e7os de \u00a0odontol\u00f3gicos, oftalmol\u00f3gicos e exames audiom\u00e9tricos. No caso da oftalmologia, h\u00e1 o fornecimento de \u00f3culos, quando necess\u00e1rio.<\/p>\n\n\n\n<p>\u201cEsta \u00e9 uma das a\u00e7\u00f5es do Pacto Pelas Crian\u00e7as, que tem por finalidade planejar e intermediar a implementa\u00e7\u00e3o de a\u00e7\u00f5es e pol\u00edticas p\u00fablicas transversais de cuidado com a primeira inf\u00e2ncia. No ano passado, atendemos um total de 9.608 crian\u00e7as de 0 a 6 anos de idade\u201d, lembra a superintendente de Aten\u00e7\u00e3o \u00e0 Sa\u00fade e Munic\u00edpios da Sesapi, Leila Santos.<\/p>\n\n\n\n<p>Os servi\u00e7os do programa tamb\u00e9m atendem as crian\u00e7as da regi\u00e3o norte do Piau\u00ed. Na cidade de Luzil\u00e2ndia, os servi\u00e7os foram encerrados nessa sexta-feira (14). A carreta segue agora para os munic\u00edpios de Joaquim Pires, Madeiro, Morro do Chap\u00e9u, Esperantina, S\u00e3o Jo\u00e3o do Arraial, Matias Ol\u00edmpio, Porto, Barras, Batalha, Piracuruca, Brasileira, S\u00e3o Jo\u00e3o da Fronteira, Domingos Mour\u00e3o, Piripiri, Lagoa do S\u00e3o Francisco, Pedro II e Milton Brand\u00e3o.<\/p>\n\n\n\n<p><strong>CCOM\/PI<\/strong><\/p>\n","protected":false},"excerpt":{"rendered":"<p>Crian\u00e7as de diversas cidades do Piau\u00ed ser\u00e3o beneficiadas pelos servi\u00e7os da Carretinha da Sa\u00fade, a\u00e7\u00e3o da Secretaria da Sa\u00fade (Sesapi), por meio do Pacto Pelas Crian\u00e7as, at\u00e9 o fim deste ano. A previs\u00e3o \u00e9 realizar 15.753 atendimentos s\u00f3 em 2024. No sul do Piau\u00ed ser\u00e3o atendidas crian\u00e7as das cidades de Cristal\u00e2ndia, Sebasti\u00e3o Barros, Parnagu\u00e1, Riacho [&hellip;]<\/p>\n","protected":false},"author":2,"featured_media":258853,"comment_status":"open","ping_status":"open","sticky":false,"template":"","format":"standard","meta":{"_mi_skip_tracking":false,"footnotes":""},"categories":[25,1,9,5,16],"tags":[192],"class_list":["post-258852","post","type-post","status-publish","format-standard","has-post-thumbnail","hentry","category-destaques-site","category-geral","category-municipios","category-saude","category-todas","tag-destaqueprincipal"],"acf":[],"yoast_head":"<!-- This site is optimized with the Yoast SEO Premium plugin v19.2 (Yoast SEO v26.9) - https:\/\/yoast.com\/product\/yoast-seo-premium-wordpress\/ -->\n<title>Carretinha da Sa\u00fade realizar\u00e1 mais de 15 mil atendimentos at\u00e9 o fim do ano\u00a0 - Portal Not\u00edcia em Pauta<\/title>\n<meta name=\"robots\" content=\"index, follow, max-snippet:-1, max-image-preview:large, max-video-preview:-1\" \/>\n<link rel=\"canonical\" href=\"https:\/\/noticiaempauta.com\/portal\/carretinha-da-saude-realizara-mais-de-15-mil-atendimentos-ate-o-fim-do-ano\/\" \/>\n<meta property=\"og:locale\" content=\"pt_BR\" \/>\n<meta property=\"og:type\" content=\"article\" \/>\n<meta property=\"og:title\" content=\"Carretinha da Sa\u00fade realizar\u00e1 mais de 15 mil atendimentos at\u00e9 o fim do ano\u00a0\" \/>\n<meta property=\"og:description\" content=\"Crian\u00e7as de diversas cidades do Piau\u00ed ser\u00e3o beneficiadas pelos servi\u00e7os da Carretinha da Sa\u00fade, a\u00e7\u00e3o da Secretaria da Sa\u00fade (Sesapi), por meio do Pacto Pelas Crian\u00e7as, at\u00e9 o fim deste ano. A previs\u00e3o \u00e9 realizar 15.753 atendimentos s\u00f3 em 2024. No sul do Piau\u00ed ser\u00e3o atendidas crian\u00e7as das cidades de Cristal\u00e2ndia, Sebasti\u00e3o Barros, Parnagu\u00e1, Riacho [&hellip;]\" \/>\n<meta property=\"og:url\" content=\"https:\/\/noticiaempauta.com\/portal\/carretinha-da-saude-realizara-mais-de-15-mil-atendimentos-ate-o-fim-do-ano\/\" \/>\n<meta property=\"og:site_name\" content=\"Portal Not\u00edcia em Pauta\" \/>\n<meta property=\"article:publisher\" content=\"https:\/\/www.facebook.com\/Portal-Notcia-Em-Pauta-102292869264820\/\" \/>\n<meta property=\"article:published_time\" content=\"2024-06-16T12:03:47+00:00\" \/>\n<meta property=\"article:modified_time\" content=\"2024-06-16T12:03:48+00:00\" \/>\n<meta property=\"og:image\" content=\"https:\/\/noticiaempauta.com\/portal\/wp-content\/uploads\/2024\/06\/medium_3d85b9e7_f85d_44ec_aeb0_ff6bf059cace_fdd73ff43b.jpg\" \/>\n\t<meta property=\"og:image:width\" content=\"750\" \/>\n\t<meta property=\"og:image:height\" content=\"523\" \/>\n\t<meta property=\"og:image:type\" content=\"image\/jpeg\" \/>\n<meta name=\"author\" content=\"Reda\u00e7\u00e3o\" \/>\n<meta name=\"twitter:card\" content=\"summary_large_image\" \/>\n<meta name=\"twitter:label1\" content=\"Escrito por\" \/>\n\t<meta name=\"twitter:data1\" content=\"Reda\u00e7\u00e3o\" \/>\n\t<meta name=\"twitter:label2\" content=\"Est. tempo de leitura\" \/>\n\t<meta name=\"twitter:data2\" content=\"2 minutos\" \/>\n<script type=\"application\/ld+json\" class=\"yoast-schema-graph\">{\"@context\":\"https:\/\/schema.org\",\"@graph\":[{\"@type\":\"Article\",\"@id\":\"https:\/\/noticiaempauta.com\/portal\/carretinha-da-saude-realizara-mais-de-15-mil-atendimentos-ate-o-fim-do-ano\/#article\",\"isPartOf\":{\"@id\":\"https:\/\/noticiaempauta.com\/portal\/carretinha-da-saude-realizara-mais-de-15-mil-atendimentos-ate-o-fim-do-ano\/\"},\"author\":{\"name\":\"Reda\u00e7\u00e3o\",\"@id\":\"https:\/\/noticiaempauta.com\/portal\/#\/schema\/person\/a74af43dd1ab3deca45f988c717d57ac\"},\"headline\":\"Carretinha da Sa\u00fade realizar\u00e1 mais de 15 mil atendimentos at\u00e9 o fim do ano\u00a0\",\"datePublished\":\"2024-06-16T12:03:47+00:00\",\"dateModified\":\"2024-06-16T12:03:48+00:00\",\"mainEntityOfPage\":{\"@id\":\"https:\/\/noticiaempauta.com\/portal\/carretinha-da-saude-realizara-mais-de-15-mil-atendimentos-ate-o-fim-do-ano\/\"},\"wordCount\":301,\"commentCount\":0,\"publisher\":{\"@id\":\"https:\/\/noticiaempauta.com\/portal\/#organization\"},\"image\":{\"@id\":\"https:\/\/noticiaempauta.com\/portal\/carretinha-da-saude-realizara-mais-de-15-mil-atendimentos-ate-o-fim-do-ano\/#primaryimage\"},\"thumbnailUrl\":\"https:\/\/noticiaempauta.com\/portal\/wp-content\/uploads\/2024\/06\/medium_3d85b9e7_f85d_44ec_aeb0_ff6bf059cace_fdd73ff43b.jpg\",\"keywords\":[\"destaqueprincipal\"],\"articleSection\":[\"Destaques\",\"Geral\",\"Munic\u00edpios\",\"Sa\u00fade\",\"Todas as Not\u00edcias\"],\"inLanguage\":\"pt-BR\",\"potentialAction\":[{\"@type\":\"CommentAction\",\"name\":\"Comment\",\"target\":[\"https:\/\/noticiaempauta.com\/portal\/carretinha-da-saude-realizara-mais-de-15-mil-atendimentos-ate-o-fim-do-ano\/#respond\"]}]},{\"@type\":\"WebPage\",\"@id\":\"https:\/\/noticiaempauta.com\/portal\/carretinha-da-saude-realizara-mais-de-15-mil-atendimentos-ate-o-fim-do-ano\/\",\"url\":\"https:\/\/noticiaempauta.com\/portal\/carretinha-da-saude-realizara-mais-de-15-mil-atendimentos-ate-o-fim-do-ano\/\",\"name\":\"Carretinha da Sa\u00fade realizar\u00e1 mais de 15 mil atendimentos at\u00e9 o fim do ano\u00a0 - Portal Not\u00edcia em Pauta\",\"isPartOf\":{\"@id\":\"https:\/\/noticiaempauta.com\/portal\/#website\"},\"primaryImageOfPage\":{\"@id\":\"https:\/\/noticiaempauta.com\/portal\/carretinha-da-saude-realizara-mais-de-15-mil-atendimentos-ate-o-fim-do-ano\/#primaryimage\"},\"image\":{\"@id\":\"https:\/\/noticiaempauta.com\/portal\/carretinha-da-saude-realizara-mais-de-15-mil-atendimentos-ate-o-fim-do-ano\/#primaryimage\"},\"thumbnailUrl\":\"https:\/\/noticiaempauta.com\/portal\/wp-content\/uploads\/2024\/06\/medium_3d85b9e7_f85d_44ec_aeb0_ff6bf059cace_fdd73ff43b.jpg\",\"datePublished\":\"2024-06-16T12:03:47+00:00\",\"dateModified\":\"2024-06-16T12:03:48+00:00\",\"breadcrumb\":{\"@id\":\"https:\/\/noticiaempauta.com\/portal\/carretinha-da-saude-realizara-mais-de-15-mil-atendimentos-ate-o-fim-do-ano\/#breadcrumb\"},\"inLanguage\":\"pt-BR\",\"potentialAction\":[{\"@type\":\"ReadAction\",\"target\":[\"https:\/\/noticiaempauta.com\/portal\/carretinha-da-saude-realizara-mais-de-15-mil-atendimentos-ate-o-fim-do-ano\/\"]}]},{\"@type\":\"ImageObject\",\"inLanguage\":\"pt-BR\",\"@id\":\"https:\/\/noticiaempauta.com\/portal\/carretinha-da-saude-realizara-mais-de-15-mil-atendimentos-ate-o-fim-do-ano\/#primaryimage\",\"url\":\"https:\/\/noticiaempauta.com\/portal\/wp-content\/uploads\/2024\/06\/medium_3d85b9e7_f85d_44ec_aeb0_ff6bf059cace_fdd73ff43b.jpg\",\"contentUrl\":\"https:\/\/noticiaempauta.com\/portal\/wp-content\/uploads\/2024\/06\/medium_3d85b9e7_f85d_44ec_aeb0_ff6bf059cace_fdd73ff43b.jpg\",\"width\":750,\"height\":523},{\"@type\":\"BreadcrumbList\",\"@id\":\"https:\/\/noticiaempauta.com\/portal\/carretinha-da-saude-realizara-mais-de-15-mil-atendimentos-ate-o-fim-do-ano\/#breadcrumb\",\"itemListElement\":[{\"@type\":\"ListItem\",\"position\":1,\"name\":\"P\u00e1gina Inicial\",\"item\":\"https:\/\/noticiaempauta.com\/portal\/\"},{\"@type\":\"ListItem\",\"position\":2,\"name\":\"Destaques\",\"item\":\"https:\/\/noticiaempauta.com\/portal\/destaques-site\/\"},{\"@type\":\"ListItem\",\"position\":3,\"name\":\"Carretinha da Sa\u00fade realizar\u00e1 mais de 15 mil atendimentos at\u00e9 o fim do ano\u00a0\"}]},{\"@type\":\"WebSite\",\"@id\":\"https:\/\/noticiaempauta.com\/portal\/#website\",\"url\":\"https:\/\/noticiaempauta.com\/portal\/\",\"name\":\"Portal Not\u00edcia em Pauta\",\"description\":\"Voc\u00ea bem informado\",\"publisher\":{\"@id\":\"https:\/\/noticiaempauta.com\/portal\/#organization\"},\"potentialAction\":[{\"@type\":\"SearchAction\",\"target\":{\"@type\":\"EntryPoint\",\"urlTemplate\":\"https:\/\/noticiaempauta.com\/portal\/?s={search_term_string}\"},\"query-input\":{\"@type\":\"PropertyValueSpecification\",\"valueRequired\":true,\"valueName\":\"search_term_string\"}}],\"inLanguage\":\"pt-BR\"},{\"@type\":\"Organization\",\"@id\":\"https:\/\/noticiaempauta.com\/portal\/#organization\",\"name\":\"Portal Not\u00edcia em Pauta\",\"url\":\"https:\/\/noticiaempauta.com\/portal\/\",\"logo\":{\"@type\":\"ImageObject\",\"inLanguage\":\"pt-BR\",\"@id\":\"https:\/\/noticiaempauta.com\/portal\/#\/schema\/logo\/image\/\",\"url\":\"https:\/\/noticiaempauta.com\/portal\/wp-content\/uploads\/2022\/08\/logomarca_tema.fw_.png\",\"contentUrl\":\"https:\/\/noticiaempauta.com\/portal\/wp-content\/uploads\/2022\/08\/logomarca_tema.fw_.png\",\"width\":400,\"height\":232,\"caption\":\"Portal Not\u00edcia em Pauta\"},\"image\":{\"@id\":\"https:\/\/noticiaempauta.com\/portal\/#\/schema\/logo\/image\/\"},\"sameAs\":[\"https:\/\/www.facebook.com\/Portal-Notcia-Em-Pauta-102292869264820\/\",\"https:\/\/www.instagram.com\/portalnoticiaempauta\/\"]},{\"@type\":\"Person\",\"@id\":\"https:\/\/noticiaempauta.com\/portal\/#\/schema\/person\/a74af43dd1ab3deca45f988c717d57ac\",\"name\":\"Reda\u00e7\u00e3o\",\"image\":{\"@type\":\"ImageObject\",\"inLanguage\":\"pt-BR\",\"@id\":\"https:\/\/noticiaempauta.com\/portal\/#\/schema\/person\/image\/\",\"url\":\"https:\/\/secure.gravatar.com\/avatar\/03179346ecce6cdfc13361603e8f54242a90e5cde8618fa23c5c00aa2b0aadf3?s=96&d=mm&r=g\",\"contentUrl\":\"https:\/\/secure.gravatar.com\/avatar\/03179346ecce6cdfc13361603e8f54242a90e5cde8618fa23c5c00aa2b0aadf3?s=96&d=mm&r=g\",\"caption\":\"Reda\u00e7\u00e3o\"},\"sameAs\":[\"https:\/\/noticiaempauta.com\/portal\/\"],\"url\":\"https:\/\/noticiaempauta.com\/portal\/author\/fernando\/\"}]}<\/script>\n<!-- \/ Yoast SEO Premium plugin. -->","yoast_head_json":{"title":"Carretinha da Sa\u00fade realizar\u00e1 mais de 15 mil atendimentos at\u00e9 o fim do ano\u00a0 - Portal Not\u00edcia em Pauta","robots":{"index":"index","follow":"follow","max-snippet":"max-snippet:-1","max-image-preview":"max-image-preview:large","max-video-preview":"max-video-preview:-1"},"canonical":"https:\/\/noticiaempauta.com\/portal\/carretinha-da-saude-realizara-mais-de-15-mil-atendimentos-ate-o-fim-do-ano\/","og_locale":"pt_BR","og_type":"article","og_title":"Carretinha da Sa\u00fade realizar\u00e1 mais de 15 mil atendimentos at\u00e9 o fim do ano\u00a0","og_description":"Crian\u00e7as de diversas cidades do Piau\u00ed ser\u00e3o beneficiadas pelos servi\u00e7os da Carretinha da Sa\u00fade, a\u00e7\u00e3o da Secretaria da Sa\u00fade (Sesapi), por meio do Pacto Pelas Crian\u00e7as, at\u00e9 o fim deste ano. A previs\u00e3o \u00e9 realizar 15.753 atendimentos s\u00f3 em 2024. No sul do Piau\u00ed ser\u00e3o atendidas crian\u00e7as das cidades de Cristal\u00e2ndia, Sebasti\u00e3o Barros, Parnagu\u00e1, Riacho [&hellip;]","og_url":"https:\/\/noticiaempauta.com\/portal\/carretinha-da-saude-realizara-mais-de-15-mil-atendimentos-ate-o-fim-do-ano\/","og_site_name":"Portal Not\u00edcia em Pauta","article_publisher":"https:\/\/www.facebook.com\/Portal-Notcia-Em-Pauta-102292869264820\/","article_published_time":"2024-06-16T12:03:47+00:00","article_modified_time":"2024-06-16T12:03:48+00:00","og_image":[{"width":750,"height":523,"url":"https:\/\/noticiaempauta.com\/portal\/wp-content\/uploads\/2024\/06\/medium_3d85b9e7_f85d_44ec_aeb0_ff6bf059cace_fdd73ff43b.jpg","type":"image\/jpeg"}],"author":"Reda\u00e7\u00e3o","twitter_card":"summary_large_image","twitter_misc":{"Escrito por":"Reda\u00e7\u00e3o","Est. tempo de leitura":"2 minutos"},"schema":{"@context":"https:\/\/schema.org","@graph":[{"@type":"Article","@id":"https:\/\/noticiaempauta.com\/portal\/carretinha-da-saude-realizara-mais-de-15-mil-atendimentos-ate-o-fim-do-ano\/#article","isPartOf":{"@id":"https:\/\/noticiaempauta.com\/portal\/carretinha-da-saude-realizara-mais-de-15-mil-atendimentos-ate-o-fim-do-ano\/"},"author":{"name":"Reda\u00e7\u00e3o","@id":"https:\/\/noticiaempauta.com\/portal\/#\/schema\/person\/a74af43dd1ab3deca45f988c717d57ac"},"headline":"Carretinha da Sa\u00fade realizar\u00e1 mais de 15 mil atendimentos at\u00e9 o fim do ano\u00a0","datePublished":"2024-06-16T12:03:47+00:00","dateModified":"2024-06-16T12:03:48+00:00","mainEntityOfPage":{"@id":"https:\/\/noticiaempauta.com\/portal\/carretinha-da-saude-realizara-mais-de-15-mil-atendimentos-ate-o-fim-do-ano\/"},"wordCount":301,"commentCount":0,"publisher":{"@id":"https:\/\/noticiaempauta.com\/portal\/#organization"},"image":{"@id":"https:\/\/noticiaempauta.com\/portal\/carretinha-da-saude-realizara-mais-de-15-mil-atendimentos-ate-o-fim-do-ano\/#primaryimage"},"thumbnailUrl":"https:\/\/noticiaempauta.com\/portal\/wp-content\/uploads\/2024\/06\/medium_3d85b9e7_f85d_44ec_aeb0_ff6bf059cace_fdd73ff43b.jpg","keywords":["destaqueprincipal"],"articleSection":["Destaques","Geral","Munic\u00edpios","Sa\u00fade","Todas as Not\u00edcias"],"inLanguage":"pt-BR","potentialAction":[{"@type":"CommentAction","name":"Comment","target":["https:\/\/noticiaempauta.com\/portal\/carretinha-da-saude-realizara-mais-de-15-mil-atendimentos-ate-o-fim-do-ano\/#respond"]}]},{"@type":"WebPage","@id":"https:\/\/noticiaempauta.com\/portal\/carretinha-da-saude-realizara-mais-de-15-mil-atendimentos-ate-o-fim-do-ano\/","url":"https:\/\/noticiaempauta.com\/portal\/carretinha-da-saude-realizara-mais-de-15-mil-atendimentos-ate-o-fim-do-ano\/","name":"Carretinha da Sa\u00fade realizar\u00e1 mais de 15 mil atendimentos at\u00e9 o fim do ano\u00a0 - Portal Not\u00edcia em Pauta","isPartOf":{"@id":"https:\/\/noticiaempauta.com\/portal\/#website"},"primaryImageOfPage":{"@id":"https:\/\/noticiaempauta.com\/portal\/carretinha-da-saude-realizara-mais-de-15-mil-atendimentos-ate-o-fim-do-ano\/#primaryimage"},"image":{"@id":"https:\/\/noticiaempauta.com\/portal\/carretinha-da-saude-realizara-mais-de-15-mil-atendimentos-ate-o-fim-do-ano\/#primaryimage"},"thumbnailUrl":"https:\/\/noticiaempauta.com\/portal\/wp-content\/uploads\/2024\/06\/medium_3d85b9e7_f85d_44ec_aeb0_ff6bf059cace_fdd73ff43b.jpg","datePublished":"2024-06-16T12:03:47+00:00","dateModified":"2024-06-16T12:03:48+00:00","breadcrumb":{"@id":"https:\/\/noticiaempauta.com\/portal\/carretinha-da-saude-realizara-mais-de-15-mil-atendimentos-ate-o-fim-do-ano\/#breadcrumb"},"inLanguage":"pt-BR","potentialAction":[{"@type":"ReadAction","target":["https:\/\/noticiaempauta.com\/portal\/carretinha-da-saude-realizara-mais-de-15-mil-atendimentos-ate-o-fim-do-ano\/"]}]},{"@type":"ImageObject","inLanguage":"pt-BR","@id":"https:\/\/noticiaempauta.com\/portal\/carretinha-da-saude-realizara-mais-de-15-mil-atendimentos-ate-o-fim-do-ano\/#primaryimage","url":"https:\/\/noticiaempauta.com\/portal\/wp-content\/uploads\/2024\/06\/medium_3d85b9e7_f85d_44ec_aeb0_ff6bf059cace_fdd73ff43b.jpg","contentUrl":"https:\/\/noticiaempauta.com\/portal\/wp-content\/uploads\/2024\/06\/medium_3d85b9e7_f85d_44ec_aeb0_ff6bf059cace_fdd73ff43b.jpg","width":750,"height":523},{"@type":"BreadcrumbList","@id":"https:\/\/noticiaempauta.com\/portal\/carretinha-da-saude-realizara-mais-de-15-mil-atendimentos-ate-o-fim-do-ano\/#breadcrumb","itemListElement":[{"@type":"ListItem","position":1,"name":"P\u00e1gina Inicial","item":"https:\/\/noticiaempauta.com\/portal\/"},{"@type":"ListItem","position":2,"name":"Destaques","item":"https:\/\/noticiaempauta.com\/portal\/destaques-site\/"},{"@type":"ListItem","position":3,"name":"Carretinha da Sa\u00fade realizar\u00e1 mais de 15 mil atendimentos at\u00e9 o fim do ano\u00a0"}]},{"@type":"WebSite","@id":"https:\/\/noticiaempauta.com\/portal\/#website","url":"https:\/\/noticiaempauta.com\/portal\/","name":"Portal Not\u00edcia em Pauta","description":"Voc\u00ea bem informado","publisher":{"@id":"https:\/\/noticiaempauta.com\/portal\/#organization"},"potentialAction":[{"@type":"SearchAction","target":{"@type":"EntryPoint","urlTemplate":"https:\/\/noticiaempauta.com\/portal\/?s={search_term_string}"},"query-input":{"@type":"PropertyValueSpecification","valueRequired":true,"valueName":"search_term_string"}}],"inLanguage":"pt-BR"},{"@type":"Organization","@id":"https:\/\/noticiaempauta.com\/portal\/#organization","name":"Portal Not\u00edcia em Pauta","url":"https:\/\/noticiaempauta.com\/portal\/","logo":{"@type":"ImageObject","inLanguage":"pt-BR","@id":"https:\/\/noticiaempauta.com\/portal\/#\/schema\/logo\/image\/","url":"https:\/\/noticiaempauta.com\/portal\/wp-content\/uploads\/2022\/08\/logomarca_tema.fw_.png","contentUrl":"https:\/\/noticiaempauta.com\/portal\/wp-content\/uploads\/2022\/08\/logomarca_tema.fw_.png","width":400,"height":232,"caption":"Portal Not\u00edcia em Pauta"},"image":{"@id":"https:\/\/noticiaempauta.com\/portal\/#\/schema\/logo\/image\/"},"sameAs":["https:\/\/www.facebook.com\/Portal-Notcia-Em-Pauta-102292869264820\/","https:\/\/www.instagram.com\/portalnoticiaempauta\/"]},{"@type":"Person","@id":"https:\/\/noticiaempauta.com\/portal\/#\/schema\/person\/a74af43dd1ab3deca45f988c717d57ac","name":"Reda\u00e7\u00e3o","image":{"@type":"ImageObject","inLanguage":"pt-BR","@id":"https:\/\/noticiaempauta.com\/portal\/#\/schema\/person\/image\/","url":"https:\/\/secure.gravatar.com\/avatar\/03179346ecce6cdfc13361603e8f54242a90e5cde8618fa23c5c00aa2b0aadf3?s=96&d=mm&r=g","contentUrl":"https:\/\/secure.gravatar.com\/avatar\/03179346ecce6cdfc13361603e8f54242a90e5cde8618fa23c5c00aa2b0aadf3?s=96&d=mm&r=g","caption":"Reda\u00e7\u00e3o"},"sameAs":["https:\/\/noticiaempauta.com\/portal\/"],"url":"https:\/\/noticiaempauta.com\/portal\/author\/fernando\/"}]}},"_links":{"self":[{"href":"https:\/\/noticiaempauta.com\/portal\/wp-json\/wp\/v2\/posts\/258852","targetHints":{"allow":["GET"]}}],"collection":[{"href":"https:\/\/noticiaempauta.com\/portal\/wp-json\/wp\/v2\/posts"}],"about":[{"href":"https:\/\/noticiaempauta.com\/portal\/wp-json\/wp\/v2\/types\/post"}],"author":[{"embeddable":true,"href":"https:\/\/noticiaempauta.com\/portal\/wp-json\/wp\/v2\/users\/2"}],"replies":[{"embeddable":true,"href":"https:\/\/noticiaempauta.com\/portal\/wp-json\/wp\/v2\/comments?post=258852"}],"version-history":[{"count":2,"href":"https:\/\/noticiaempauta.com\/portal\/wp-json\/wp\/v2\/posts\/258852\/revisions"}],"predecessor-version":[{"id":258855,"href":"https:\/\/noticiaempauta.com\/portal\/wp-json\/wp\/v2\/posts\/258852\/revisions\/258855"}],"wp:featuredmedia":[{"embeddable":true,"href":"https:\/\/noticiaempauta.com\/portal\/wp-json\/wp\/v2\/media\/258853"}],"wp:attachment":[{"href":"https:\/\/noticiaempauta.com\/portal\/wp-json\/wp\/v2\/media?parent=258852"}],"wp:term":[{"taxonomy":"category","embeddable":true,"href":"https:\/\/noticiaempauta.com\/portal\/wp-json\/wp\/v2\/categories?post=258852"},{"taxonomy":"post_tag","embeddable":true,"href":"https:\/\/noticiaempauta.com\/portal\/wp-json\/wp\/v2\/tags?post=258852"}],"curies":[{"name":"wp","href":"https:\/\/api.w.org\/{rel}","templated":true}]}}