{"id":258863,"date":"2024-06-16T19:42:31","date_gmt":"2024-06-16T22:42:31","guid":{"rendered":"https:\/\/noticiaempauta.com\/portal\/?p=258863"},"modified":"2024-06-16T19:42:32","modified_gmt":"2024-06-16T22:42:32","slug":"governo-do-estado-entrega-cisternas-a-122-familias-que-residem-na-serra-do-inacio","status":"publish","type":"post","link":"https:\/\/noticiaempauta.com\/portal\/governo-do-estado-entrega-cisternas-a-122-familias-que-residem-na-serra-do-inacio\/","title":{"rendered":"Governo do Estado entrega cisternas a 122 fam\u00edlias que residem na Serra do In\u00e1cio"},"content":{"rendered":"\n<p>A Secretaria da Agricultura Familiar (SAF) entregou,\u00a0nessa sexta-feira (14), cisternas a 122 fam\u00edlias que residem na Serra do In\u00e1cio, regi\u00e3o que abrange parte dos munic\u00edpios de Bet\u00e2nia e Curral Novo do Piau\u00ed. Essas estruturas v\u00e3o garantir melhor qualidade de \u00e1gua para consumo e utiliza\u00e7\u00e3o nos quintais produtivos dos pequenos agricultores.<\/p>\n\n\n\n<figure class=\"wp-block-image size-full\"><img fetchpriority=\"high\" decoding=\"async\" width=\"1000\" height=\"666\" src=\"https:\/\/noticiaempauta.com\/portal\/wp-content\/uploads\/2024\/06\/large_regina_f290639441.png\" alt=\"\" class=\"wp-image-258864\" srcset=\"https:\/\/noticiaempauta.com\/portal\/wp-content\/uploads\/2024\/06\/large_regina_f290639441.png 1000w, https:\/\/noticiaempauta.com\/portal\/wp-content\/uploads\/2024\/06\/large_regina_f290639441-300x200.png 300w, https:\/\/noticiaempauta.com\/portal\/wp-content\/uploads\/2024\/06\/large_regina_f290639441-768x511.png 768w\" sizes=\"(max-width: 1000px) 100vw, 1000px\" \/><\/figure>\n\n\n\n<p>A entrega oficial das cisternas ocorreu junto \u00e0 cerim\u00f4nia de entrega de chaves e documentos de 12 casas populares na comunidade Vila do Mel, na regi\u00e3o da Serra do In\u00e1cio. A entrega foi feita pela secret\u00e1ria da Assist\u00eancia Social, Trabalho e Direitos Humanos,\u00a0Regina Sousa, e o diretor da\u00a0Ag\u00eancia de Desenvolvimento Habitacional (ADH), Carlos\u00a0Edilson.<\/p>\n\n\n\n<p>O superintendente de A\u00e7\u00f5es e Apoio \u00e0 Agricultura Familiar da SAF, Cl\u00e9bio Coutinho, refor\u00e7a que a regi\u00e3o recebe investimentos com o beneficiamento dos alimentos, e agora foi contemplada com infraestrutura h\u00eddrica, com a utiliza\u00e7\u00e3o das cisternas.<\/p>\n\n\n\n<p>&#8220;N\u00f3s, da SAF, ficamos com a constru\u00e7\u00e3o das cisternas. Foi um grande desafio para que tivesse celeridade e que n\u00f3s pud\u00e9ssemos atingir o objetivo proposto. N\u00f3s trabalhamos com a inclus\u00e3o produtiva, as casas de beneficiamento de alimentos, e os projetos produtivos de inclus\u00e3o das fam\u00edlias na gera\u00e7\u00e3o de renda e trabalho&#8221;, apontou&nbsp;Cl\u00e9bio Coutinho.<\/p>\n\n\n\n<p>Ao todo, foram 128 cisternas de 52m entregues para as fam\u00edlias da regi\u00e3o. Cada reservat\u00f3rio acompanha kits solar de bombeamento e uma caixa d&#8217;\u00e1gua com armazenamento de 1000l. O investimento foi de R$ 2.013.210, destinados por meio de conv\u00eanio com o\u00a0Fundo Estadual de Combate \u00e0 Pobreza\u00a0(Fecop).<\/p>\n\n\n\n<figure class=\"wp-block-image size-full\"><img decoding=\"async\" width=\"1000\" height=\"667\" src=\"https:\/\/noticiaempauta.com\/portal\/wp-content\/uploads\/2024\/06\/large_0000000000000_88adb3da41.png\" alt=\"\" class=\"wp-image-258865\" srcset=\"https:\/\/noticiaempauta.com\/portal\/wp-content\/uploads\/2024\/06\/large_0000000000000_88adb3da41.png 1000w, https:\/\/noticiaempauta.com\/portal\/wp-content\/uploads\/2024\/06\/large_0000000000000_88adb3da41-300x200.png 300w, https:\/\/noticiaempauta.com\/portal\/wp-content\/uploads\/2024\/06\/large_0000000000000_88adb3da41-768x512.png 768w\" sizes=\"(max-width: 1000px) 100vw, 1000px\" \/><\/figure>\n\n\n\n<p>Francisca Ant\u00f4nia \u00e9 agricultora e foi uma das moradoras da Vila do Mel beneficiadas com a entrega das cisternas. Ela ressalta a variedade de alimentos do quintal produtivo e a import\u00e2ncia das cisternas para as condi\u00e7\u00f5es de comercializa\u00e7\u00e3o dos produtos.<\/p>\n\n\n\n<figure class=\"wp-block-image size-full\"><img decoding=\"async\" width=\"1000\" height=\"666\" src=\"https:\/\/noticiaempauta.com\/portal\/wp-content\/uploads\/2024\/06\/large_00000000_92b17d7a31.png\" alt=\"\" class=\"wp-image-258867\" srcset=\"https:\/\/noticiaempauta.com\/portal\/wp-content\/uploads\/2024\/06\/large_00000000_92b17d7a31.png 1000w, https:\/\/noticiaempauta.com\/portal\/wp-content\/uploads\/2024\/06\/large_00000000_92b17d7a31-300x200.png 300w, https:\/\/noticiaempauta.com\/portal\/wp-content\/uploads\/2024\/06\/large_00000000_92b17d7a31-768x511.png 768w\" sizes=\"(max-width: 1000px) 100vw, 1000px\" \/><\/figure>\n\n\n\n<p>&#8220;Muito obrigada a todos por esta for\u00e7a. Eu gosto muito dessa ro\u00e7a aqui, e planto porque sei que tem sa\u00edda. Eu vendo coentro, alface, piment\u00e3o e a pimentinha, tenho no meu quintal a cana, o mam\u00e3o, a banana, coentro, fava, milho e feij\u00e3o. Tudo sem veneno, s\u00f3 com a \u00e1gua, a f\u00e9 e a for\u00e7a. \u00c9 a melhor coisa da vida essas cisternas. Foi quem me ajudou bastante, est\u00e1 ajudando e vai ajudar\u201d, disse a produtora.<\/p>\n\n\n\n<figure class=\"wp-block-image size-full\"><img loading=\"lazy\" decoding=\"async\" width=\"1000\" height=\"667\" src=\"https:\/\/noticiaempauta.com\/portal\/wp-content\/uploads\/2024\/06\/large_2_d5a0b400b9.png\" alt=\"\" class=\"wp-image-258866\" srcset=\"https:\/\/noticiaempauta.com\/portal\/wp-content\/uploads\/2024\/06\/large_2_d5a0b400b9.png 1000w, https:\/\/noticiaempauta.com\/portal\/wp-content\/uploads\/2024\/06\/large_2_d5a0b400b9-300x200.png 300w, https:\/\/noticiaempauta.com\/portal\/wp-content\/uploads\/2024\/06\/large_2_d5a0b400b9-768x512.png 768w\" sizes=\"(max-width: 1000px) 100vw, 1000px\" \/><\/figure>\n\n\n\n<p>A secret\u00e1ria Regina Sousa destaca a necessidade de a\u00e7\u00f5es cont\u00ednuas para atender as demandas das fam\u00edlias que residem na Serra do In\u00e1cio, e a import\u00e2ncia dos novos investimentos para a comunidade para garantia de direitos e o sustento das fam\u00edlias, com a utiliza\u00e7\u00e3o das cisternas e a promo\u00e7\u00e3o de oficinas voltadas ao reaproveitamento de alimentos.<\/p>\n\n\n\n<p>&#8220;Eu disse que n\u00f3s vamos ajudar esse povo a mudar de vida. Demorou, estamos fazendo as entregas, as casas, as cisternas, para construir com as pessoas. Vamos voltar para ensinar comidas, com coisas simples, aproveitar restos, folhas, talos e sementes. Vamos ajudar a dar os passos que as pessoas precisam para ter mais dignidade&#8221;, destacou a gestora da Sasc.<\/p>\n","protected":false},"excerpt":{"rendered":"<p>Agricultores de Bet\u00e2nia e Curral Novo do Piau\u00ed foram contemplados com os reservat\u00f3rios para uso na produ\u00e7\u00e3o agr\u00edcola e consumo.<\/p>\n","protected":false},"author":2,"featured_media":258865,"comment_status":"open","ping_status":"open","sticky":false,"template":"","format":"standard","meta":{"_mi_skip_tracking":false,"footnotes":""},"categories":[25,1,9,8,16],"tags":[192],"class_list":["post-258863","post","type-post","status-publish","format-standard","has-post-thumbnail","hentry","category-destaques-site","category-geral","category-municipios","category-social","category-todas","tag-destaqueprincipal"],"acf":[],"yoast_head":"<!-- This site is optimized with the Yoast SEO Premium plugin v19.2 (Yoast SEO v26.9) - https:\/\/yoast.com\/product\/yoast-seo-premium-wordpress\/ -->\n<title>Governo do Estado entrega cisternas a 122 fam\u00edlias que residem na Serra do In\u00e1cio - Portal Not\u00edcia em Pauta<\/title>\n<meta name=\"robots\" content=\"index, follow, max-snippet:-1, max-image-preview:large, max-video-preview:-1\" \/>\n<link rel=\"canonical\" href=\"https:\/\/noticiaempauta.com\/portal\/governo-do-estado-entrega-cisternas-a-122-familias-que-residem-na-serra-do-inacio\/\" \/>\n<meta property=\"og:locale\" content=\"pt_BR\" \/>\n<meta property=\"og:type\" content=\"article\" \/>\n<meta property=\"og:title\" content=\"Governo do Estado entrega cisternas a 122 fam\u00edlias que residem na Serra do In\u00e1cio\" \/>\n<meta property=\"og:description\" content=\"Agricultores de Bet\u00e2nia e Curral Novo do Piau\u00ed foram contemplados com os reservat\u00f3rios para uso na produ\u00e7\u00e3o agr\u00edcola e consumo.\" \/>\n<meta property=\"og:url\" content=\"https:\/\/noticiaempauta.com\/portal\/governo-do-estado-entrega-cisternas-a-122-familias-que-residem-na-serra-do-inacio\/\" \/>\n<meta property=\"og:site_name\" content=\"Portal Not\u00edcia em Pauta\" \/>\n<meta property=\"article:publisher\" content=\"https:\/\/www.facebook.com\/Portal-Notcia-Em-Pauta-102292869264820\/\" \/>\n<meta property=\"article:published_time\" content=\"2024-06-16T22:42:31+00:00\" \/>\n<meta property=\"article:modified_time\" content=\"2024-06-16T22:42:32+00:00\" \/>\n<meta property=\"og:image\" content=\"https:\/\/noticiaempauta.com\/portal\/wp-content\/uploads\/2024\/06\/large_0000000000000_88adb3da41.png\" \/>\n\t<meta property=\"og:image:width\" content=\"1000\" \/>\n\t<meta property=\"og:image:height\" content=\"667\" \/>\n\t<meta property=\"og:image:type\" content=\"image\/png\" \/>\n<meta name=\"author\" content=\"Reda\u00e7\u00e3o\" \/>\n<meta name=\"twitter:card\" content=\"summary_large_image\" \/>\n<meta name=\"twitter:label1\" content=\"Escrito por\" \/>\n\t<meta name=\"twitter:data1\" content=\"Reda\u00e7\u00e3o\" \/>\n\t<meta name=\"twitter:label2\" content=\"Est. tempo de leitura\" \/>\n\t<meta name=\"twitter:data2\" content=\"4 minutos\" \/>\n<script type=\"application\/ld+json\" class=\"yoast-schema-graph\">{\"@context\":\"https:\/\/schema.org\",\"@graph\":[{\"@type\":\"Article\",\"@id\":\"https:\/\/noticiaempauta.com\/portal\/governo-do-estado-entrega-cisternas-a-122-familias-que-residem-na-serra-do-inacio\/#article\",\"isPartOf\":{\"@id\":\"https:\/\/noticiaempauta.com\/portal\/governo-do-estado-entrega-cisternas-a-122-familias-que-residem-na-serra-do-inacio\/\"},\"author\":{\"name\":\"Reda\u00e7\u00e3o\",\"@id\":\"https:\/\/noticiaempauta.com\/portal\/#\/schema\/person\/a74af43dd1ab3deca45f988c717d57ac\"},\"headline\":\"Governo do Estado entrega cisternas a 122 fam\u00edlias que residem na Serra do In\u00e1cio\",\"datePublished\":\"2024-06-16T22:42:31+00:00\",\"dateModified\":\"2024-06-16T22:42:32+00:00\",\"mainEntityOfPage\":{\"@id\":\"https:\/\/noticiaempauta.com\/portal\/governo-do-estado-entrega-cisternas-a-122-familias-que-residem-na-serra-do-inacio\/\"},\"wordCount\":536,\"commentCount\":0,\"publisher\":{\"@id\":\"https:\/\/noticiaempauta.com\/portal\/#organization\"},\"image\":{\"@id\":\"https:\/\/noticiaempauta.com\/portal\/governo-do-estado-entrega-cisternas-a-122-familias-que-residem-na-serra-do-inacio\/#primaryimage\"},\"thumbnailUrl\":\"https:\/\/noticiaempauta.com\/portal\/wp-content\/uploads\/2024\/06\/large_0000000000000_88adb3da41.png\",\"keywords\":[\"destaqueprincipal\"],\"articleSection\":[\"Destaques\",\"Geral\",\"Munic\u00edpios\",\"Social\",\"Todas as Not\u00edcias\"],\"inLanguage\":\"pt-BR\",\"potentialAction\":[{\"@type\":\"CommentAction\",\"name\":\"Comment\",\"target\":[\"https:\/\/noticiaempauta.com\/portal\/governo-do-estado-entrega-cisternas-a-122-familias-que-residem-na-serra-do-inacio\/#respond\"]}]},{\"@type\":\"WebPage\",\"@id\":\"https:\/\/noticiaempauta.com\/portal\/governo-do-estado-entrega-cisternas-a-122-familias-que-residem-na-serra-do-inacio\/\",\"url\":\"https:\/\/noticiaempauta.com\/portal\/governo-do-estado-entrega-cisternas-a-122-familias-que-residem-na-serra-do-inacio\/\",\"name\":\"Governo do Estado entrega cisternas a 122 fam\u00edlias que residem na Serra do In\u00e1cio - Portal Not\u00edcia em Pauta\",\"isPartOf\":{\"@id\":\"https:\/\/noticiaempauta.com\/portal\/#website\"},\"primaryImageOfPage\":{\"@id\":\"https:\/\/noticiaempauta.com\/portal\/governo-do-estado-entrega-cisternas-a-122-familias-que-residem-na-serra-do-inacio\/#primaryimage\"},\"image\":{\"@id\":\"https:\/\/noticiaempauta.com\/portal\/governo-do-estado-entrega-cisternas-a-122-familias-que-residem-na-serra-do-inacio\/#primaryimage\"},\"thumbnailUrl\":\"https:\/\/noticiaempauta.com\/portal\/wp-content\/uploads\/2024\/06\/large_0000000000000_88adb3da41.png\",\"datePublished\":\"2024-06-16T22:42:31+00:00\",\"dateModified\":\"2024-06-16T22:42:32+00:00\",\"breadcrumb\":{\"@id\":\"https:\/\/noticiaempauta.com\/portal\/governo-do-estado-entrega-cisternas-a-122-familias-que-residem-na-serra-do-inacio\/#breadcrumb\"},\"inLanguage\":\"pt-BR\",\"potentialAction\":[{\"@type\":\"ReadAction\",\"target\":[\"https:\/\/noticiaempauta.com\/portal\/governo-do-estado-entrega-cisternas-a-122-familias-que-residem-na-serra-do-inacio\/\"]}]},{\"@type\":\"ImageObject\",\"inLanguage\":\"pt-BR\",\"@id\":\"https:\/\/noticiaempauta.com\/portal\/governo-do-estado-entrega-cisternas-a-122-familias-que-residem-na-serra-do-inacio\/#primaryimage\",\"url\":\"https:\/\/noticiaempauta.com\/portal\/wp-content\/uploads\/2024\/06\/large_0000000000000_88adb3da41.png\",\"contentUrl\":\"https:\/\/noticiaempauta.com\/portal\/wp-content\/uploads\/2024\/06\/large_0000000000000_88adb3da41.png\",\"width\":1000,\"height\":667},{\"@type\":\"BreadcrumbList\",\"@id\":\"https:\/\/noticiaempauta.com\/portal\/governo-do-estado-entrega-cisternas-a-122-familias-que-residem-na-serra-do-inacio\/#breadcrumb\",\"itemListElement\":[{\"@type\":\"ListItem\",\"position\":1,\"name\":\"P\u00e1gina Inicial\",\"item\":\"https:\/\/noticiaempauta.com\/portal\/\"},{\"@type\":\"ListItem\",\"position\":2,\"name\":\"Destaques\",\"item\":\"https:\/\/noticiaempauta.com\/portal\/destaques-site\/\"},{\"@type\":\"ListItem\",\"position\":3,\"name\":\"Governo do Estado entrega cisternas a 122 fam\u00edlias que residem na Serra do In\u00e1cio\"}]},{\"@type\":\"WebSite\",\"@id\":\"https:\/\/noticiaempauta.com\/portal\/#website\",\"url\":\"https:\/\/noticiaempauta.com\/portal\/\",\"name\":\"Portal Not\u00edcia em Pauta\",\"description\":\"Voc\u00ea bem informado\",\"publisher\":{\"@id\":\"https:\/\/noticiaempauta.com\/portal\/#organization\"},\"potentialAction\":[{\"@type\":\"SearchAction\",\"target\":{\"@type\":\"EntryPoint\",\"urlTemplate\":\"https:\/\/noticiaempauta.com\/portal\/?s={search_term_string}\"},\"query-input\":{\"@type\":\"PropertyValueSpecification\",\"valueRequired\":true,\"valueName\":\"search_term_string\"}}],\"inLanguage\":\"pt-BR\"},{\"@type\":\"Organization\",\"@id\":\"https:\/\/noticiaempauta.com\/portal\/#organization\",\"name\":\"Portal Not\u00edcia em Pauta\",\"url\":\"https:\/\/noticiaempauta.com\/portal\/\",\"logo\":{\"@type\":\"ImageObject\",\"inLanguage\":\"pt-BR\",\"@id\":\"https:\/\/noticiaempauta.com\/portal\/#\/schema\/logo\/image\/\",\"url\":\"https:\/\/noticiaempauta.com\/portal\/wp-content\/uploads\/2022\/08\/logomarca_tema.fw_.png\",\"contentUrl\":\"https:\/\/noticiaempauta.com\/portal\/wp-content\/uploads\/2022\/08\/logomarca_tema.fw_.png\",\"width\":400,\"height\":232,\"caption\":\"Portal Not\u00edcia em Pauta\"},\"image\":{\"@id\":\"https:\/\/noticiaempauta.com\/portal\/#\/schema\/logo\/image\/\"},\"sameAs\":[\"https:\/\/www.facebook.com\/Portal-Notcia-Em-Pauta-102292869264820\/\",\"https:\/\/www.instagram.com\/portalnoticiaempauta\/\"]},{\"@type\":\"Person\",\"@id\":\"https:\/\/noticiaempauta.com\/portal\/#\/schema\/person\/a74af43dd1ab3deca45f988c717d57ac\",\"name\":\"Reda\u00e7\u00e3o\",\"image\":{\"@type\":\"ImageObject\",\"inLanguage\":\"pt-BR\",\"@id\":\"https:\/\/noticiaempauta.com\/portal\/#\/schema\/person\/image\/\",\"url\":\"https:\/\/secure.gravatar.com\/avatar\/03179346ecce6cdfc13361603e8f54242a90e5cde8618fa23c5c00aa2b0aadf3?s=96&d=mm&r=g\",\"contentUrl\":\"https:\/\/secure.gravatar.com\/avatar\/03179346ecce6cdfc13361603e8f54242a90e5cde8618fa23c5c00aa2b0aadf3?s=96&d=mm&r=g\",\"caption\":\"Reda\u00e7\u00e3o\"},\"sameAs\":[\"https:\/\/noticiaempauta.com\/portal\/\"],\"url\":\"https:\/\/noticiaempauta.com\/portal\/author\/fernando\/\"}]}<\/script>\n<!-- \/ Yoast SEO Premium plugin. -->","yoast_head_json":{"title":"Governo do Estado entrega cisternas a 122 fam\u00edlias que residem na Serra do In\u00e1cio - Portal Not\u00edcia em Pauta","robots":{"index":"index","follow":"follow","max-snippet":"max-snippet:-1","max-image-preview":"max-image-preview:large","max-video-preview":"max-video-preview:-1"},"canonical":"https:\/\/noticiaempauta.com\/portal\/governo-do-estado-entrega-cisternas-a-122-familias-que-residem-na-serra-do-inacio\/","og_locale":"pt_BR","og_type":"article","og_title":"Governo do Estado entrega cisternas a 122 fam\u00edlias que residem na Serra do In\u00e1cio","og_description":"Agricultores de Bet\u00e2nia e Curral Novo do Piau\u00ed foram contemplados com os reservat\u00f3rios para uso na produ\u00e7\u00e3o agr\u00edcola e consumo.","og_url":"https:\/\/noticiaempauta.com\/portal\/governo-do-estado-entrega-cisternas-a-122-familias-que-residem-na-serra-do-inacio\/","og_site_name":"Portal Not\u00edcia em Pauta","article_publisher":"https:\/\/www.facebook.com\/Portal-Notcia-Em-Pauta-102292869264820\/","article_published_time":"2024-06-16T22:42:31+00:00","article_modified_time":"2024-06-16T22:42:32+00:00","og_image":[{"width":1000,"height":667,"url":"https:\/\/noticiaempauta.com\/portal\/wp-content\/uploads\/2024\/06\/large_0000000000000_88adb3da41.png","type":"image\/png"}],"author":"Reda\u00e7\u00e3o","twitter_card":"summary_large_image","twitter_misc":{"Escrito por":"Reda\u00e7\u00e3o","Est. tempo de leitura":"4 minutos"},"schema":{"@context":"https:\/\/schema.org","@graph":[{"@type":"Article","@id":"https:\/\/noticiaempauta.com\/portal\/governo-do-estado-entrega-cisternas-a-122-familias-que-residem-na-serra-do-inacio\/#article","isPartOf":{"@id":"https:\/\/noticiaempauta.com\/portal\/governo-do-estado-entrega-cisternas-a-122-familias-que-residem-na-serra-do-inacio\/"},"author":{"name":"Reda\u00e7\u00e3o","@id":"https:\/\/noticiaempauta.com\/portal\/#\/schema\/person\/a74af43dd1ab3deca45f988c717d57ac"},"headline":"Governo do Estado entrega cisternas a 122 fam\u00edlias que residem na Serra do In\u00e1cio","datePublished":"2024-06-16T22:42:31+00:00","dateModified":"2024-06-16T22:42:32+00:00","mainEntityOfPage":{"@id":"https:\/\/noticiaempauta.com\/portal\/governo-do-estado-entrega-cisternas-a-122-familias-que-residem-na-serra-do-inacio\/"},"wordCount":536,"commentCount":0,"publisher":{"@id":"https:\/\/noticiaempauta.com\/portal\/#organization"},"image":{"@id":"https:\/\/noticiaempauta.com\/portal\/governo-do-estado-entrega-cisternas-a-122-familias-que-residem-na-serra-do-inacio\/#primaryimage"},"thumbnailUrl":"https:\/\/noticiaempauta.com\/portal\/wp-content\/uploads\/2024\/06\/large_0000000000000_88adb3da41.png","keywords":["destaqueprincipal"],"articleSection":["Destaques","Geral","Munic\u00edpios","Social","Todas as Not\u00edcias"],"inLanguage":"pt-BR","potentialAction":[{"@type":"CommentAction","name":"Comment","target":["https:\/\/noticiaempauta.com\/portal\/governo-do-estado-entrega-cisternas-a-122-familias-que-residem-na-serra-do-inacio\/#respond"]}]},{"@type":"WebPage","@id":"https:\/\/noticiaempauta.com\/portal\/governo-do-estado-entrega-cisternas-a-122-familias-que-residem-na-serra-do-inacio\/","url":"https:\/\/noticiaempauta.com\/portal\/governo-do-estado-entrega-cisternas-a-122-familias-que-residem-na-serra-do-inacio\/","name":"Governo do Estado entrega cisternas a 122 fam\u00edlias que residem na Serra do In\u00e1cio - Portal Not\u00edcia em Pauta","isPartOf":{"@id":"https:\/\/noticiaempauta.com\/portal\/#website"},"primaryImageOfPage":{"@id":"https:\/\/noticiaempauta.com\/portal\/governo-do-estado-entrega-cisternas-a-122-familias-que-residem-na-serra-do-inacio\/#primaryimage"},"image":{"@id":"https:\/\/noticiaempauta.com\/portal\/governo-do-estado-entrega-cisternas-a-122-familias-que-residem-na-serra-do-inacio\/#primaryimage"},"thumbnailUrl":"https:\/\/noticiaempauta.com\/portal\/wp-content\/uploads\/2024\/06\/large_0000000000000_88adb3da41.png","datePublished":"2024-06-16T22:42:31+00:00","dateModified":"2024-06-16T22:42:32+00:00","breadcrumb":{"@id":"https:\/\/noticiaempauta.com\/portal\/governo-do-estado-entrega-cisternas-a-122-familias-que-residem-na-serra-do-inacio\/#breadcrumb"},"inLanguage":"pt-BR","potentialAction":[{"@type":"ReadAction","target":["https:\/\/noticiaempauta.com\/portal\/governo-do-estado-entrega-cisternas-a-122-familias-que-residem-na-serra-do-inacio\/"]}]},{"@type":"ImageObject","inLanguage":"pt-BR","@id":"https:\/\/noticiaempauta.com\/portal\/governo-do-estado-entrega-cisternas-a-122-familias-que-residem-na-serra-do-inacio\/#primaryimage","url":"https:\/\/noticiaempauta.com\/portal\/wp-content\/uploads\/2024\/06\/large_0000000000000_88adb3da41.png","contentUrl":"https:\/\/noticiaempauta.com\/portal\/wp-content\/uploads\/2024\/06\/large_0000000000000_88adb3da41.png","width":1000,"height":667},{"@type":"BreadcrumbList","@id":"https:\/\/noticiaempauta.com\/portal\/governo-do-estado-entrega-cisternas-a-122-familias-que-residem-na-serra-do-inacio\/#breadcrumb","itemListElement":[{"@type":"ListItem","position":1,"name":"P\u00e1gina Inicial","item":"https:\/\/noticiaempauta.com\/portal\/"},{"@type":"ListItem","position":2,"name":"Destaques","item":"https:\/\/noticiaempauta.com\/portal\/destaques-site\/"},{"@type":"ListItem","position":3,"name":"Governo do Estado entrega cisternas a 122 fam\u00edlias que residem na Serra do In\u00e1cio"}]},{"@type":"WebSite","@id":"https:\/\/noticiaempauta.com\/portal\/#website","url":"https:\/\/noticiaempauta.com\/portal\/","name":"Portal Not\u00edcia em Pauta","description":"Voc\u00ea bem informado","publisher":{"@id":"https:\/\/noticiaempauta.com\/portal\/#organization"},"potentialAction":[{"@type":"SearchAction","target":{"@type":"EntryPoint","urlTemplate":"https:\/\/noticiaempauta.com\/portal\/?s={search_term_string}"},"query-input":{"@type":"PropertyValueSpecification","valueRequired":true,"valueName":"search_term_string"}}],"inLanguage":"pt-BR"},{"@type":"Organization","@id":"https:\/\/noticiaempauta.com\/portal\/#organization","name":"Portal Not\u00edcia em Pauta","url":"https:\/\/noticiaempauta.com\/portal\/","logo":{"@type":"ImageObject","inLanguage":"pt-BR","@id":"https:\/\/noticiaempauta.com\/portal\/#\/schema\/logo\/image\/","url":"https:\/\/noticiaempauta.com\/portal\/wp-content\/uploads\/2022\/08\/logomarca_tema.fw_.png","contentUrl":"https:\/\/noticiaempauta.com\/portal\/wp-content\/uploads\/2022\/08\/logomarca_tema.fw_.png","width":400,"height":232,"caption":"Portal Not\u00edcia em Pauta"},"image":{"@id":"https:\/\/noticiaempauta.com\/portal\/#\/schema\/logo\/image\/"},"sameAs":["https:\/\/www.facebook.com\/Portal-Notcia-Em-Pauta-102292869264820\/","https:\/\/www.instagram.com\/portalnoticiaempauta\/"]},{"@type":"Person","@id":"https:\/\/noticiaempauta.com\/portal\/#\/schema\/person\/a74af43dd1ab3deca45f988c717d57ac","name":"Reda\u00e7\u00e3o","image":{"@type":"ImageObject","inLanguage":"pt-BR","@id":"https:\/\/noticiaempauta.com\/portal\/#\/schema\/person\/image\/","url":"https:\/\/secure.gravatar.com\/avatar\/03179346ecce6cdfc13361603e8f54242a90e5cde8618fa23c5c00aa2b0aadf3?s=96&d=mm&r=g","contentUrl":"https:\/\/secure.gravatar.com\/avatar\/03179346ecce6cdfc13361603e8f54242a90e5cde8618fa23c5c00aa2b0aadf3?s=96&d=mm&r=g","caption":"Reda\u00e7\u00e3o"},"sameAs":["https:\/\/noticiaempauta.com\/portal\/"],"url":"https:\/\/noticiaempauta.com\/portal\/author\/fernando\/"}]}},"_links":{"self":[{"href":"https:\/\/noticiaempauta.com\/portal\/wp-json\/wp\/v2\/posts\/258863","targetHints":{"allow":["GET"]}}],"collection":[{"href":"https:\/\/noticiaempauta.com\/portal\/wp-json\/wp\/v2\/posts"}],"about":[{"href":"https:\/\/noticiaempauta.com\/portal\/wp-json\/wp\/v2\/types\/post"}],"author":[{"embeddable":true,"href":"https:\/\/noticiaempauta.com\/portal\/wp-json\/wp\/v2\/users\/2"}],"replies":[{"embeddable":true,"href":"https:\/\/noticiaempauta.com\/portal\/wp-json\/wp\/v2\/comments?post=258863"}],"version-history":[{"count":2,"href":"https:\/\/noticiaempauta.com\/portal\/wp-json\/wp\/v2\/posts\/258863\/revisions"}],"predecessor-version":[{"id":258869,"href":"https:\/\/noticiaempauta.com\/portal\/wp-json\/wp\/v2\/posts\/258863\/revisions\/258869"}],"wp:featuredmedia":[{"embeddable":true,"href":"https:\/\/noticiaempauta.com\/portal\/wp-json\/wp\/v2\/media\/258865"}],"wp:attachment":[{"href":"https:\/\/noticiaempauta.com\/portal\/wp-json\/wp\/v2\/media?parent=258863"}],"wp:term":[{"taxonomy":"category","embeddable":true,"href":"https:\/\/noticiaempauta.com\/portal\/wp-json\/wp\/v2\/categories?post=258863"},{"taxonomy":"post_tag","embeddable":true,"href":"https:\/\/noticiaempauta.com\/portal\/wp-json\/wp\/v2\/tags?post=258863"}],"curies":[{"name":"wp","href":"https:\/\/api.w.org\/{rel}","templated":true}]}}