{"id":258876,"date":"2024-06-17T16:08:38","date_gmt":"2024-06-17T19:08:38","guid":{"rendered":"https:\/\/noticiaempauta.com\/portal\/?p=258876"},"modified":"2024-06-17T16:08:39","modified_gmt":"2024-06-17T19:08:39","slug":"governo-encaminha-pedido-a-alepi-para-contratar-credito-de-r-100-milhoes-para-ampliacao-do-metro-de-teresina","status":"publish","type":"post","link":"https:\/\/noticiaempauta.com\/portal\/governo-encaminha-pedido-a-alepi-para-contratar-credito-de-r-100-milhoes-para-ampliacao-do-metro-de-teresina\/","title":{"rendered":"Governo encaminha pedido \u00e0 Alepi para contratar cr\u00e9dito de R$ 100 milh\u00f5es para amplia\u00e7\u00e3o do Metr\u00f4 de Teresina"},"content":{"rendered":"\n<p>O governador do Piau\u00ed, Rafael Fonteles, encaminhou \u00e0 Assembleia Legislativa do Piau\u00ed (Alepi), o projeto de lei que para autoriza\u00e7\u00e3o da casa legislativa para que o Poder Executivo estadual possa contratar opera\u00e7\u00e3o de cr\u00e9dito, no valor de R$ 100 milh\u00f5es, junto \u00e0 Caixa Econ\u00f4mica Federal, no \u00e2mbito do Programa de Infraestrutura de Transporte e Mobilidade Urbana (Pr\u00f3-Transporte), com a garantia da Uni\u00e3o, destinada \u00e0 aquisi\u00e7\u00e3o de composi\u00e7\u00f5es ferrovi\u00e1rias, tipo\u00a0<em><strong>Ve\u00edculo Leve sobre Trilhos (<\/strong><\/em>VLT), para a cidade de Teresina.<\/p>\n\n\n\n<figure class=\"wp-block-image size-full\"><img fetchpriority=\"high\" decoding=\"async\" width=\"1000\" height=\"666\" src=\"https:\/\/noticiaempauta.com\/portal\/wp-content\/uploads\/2024\/06\/large_Assinatura_metro6_b4f1638f50.jpeg\" alt=\"\" class=\"wp-image-258877\" srcset=\"https:\/\/noticiaempauta.com\/portal\/wp-content\/uploads\/2024\/06\/large_Assinatura_metro6_b4f1638f50.jpeg 1000w, https:\/\/noticiaempauta.com\/portal\/wp-content\/uploads\/2024\/06\/large_Assinatura_metro6_b4f1638f50-300x200.jpeg 300w, https:\/\/noticiaempauta.com\/portal\/wp-content\/uploads\/2024\/06\/large_Assinatura_metro6_b4f1638f50-768x511.jpeg 768w\" sizes=\"(max-width: 1000px) 100vw, 1000px\" \/><\/figure>\n\n\n\n<p>O projeto foi selecionado para compor o Novo PAC \u2013 Mobilidade Urbana Sustent\u00e1vel \u2013 Renova\u00e7\u00e3o de Frota, do Minist\u00e9rio das Cidades, que tem como objetivo a amplia\u00e7\u00e3o do sistema metropolitano da capital, o Metr\u00f4 de Teresina.<\/p>\n\n\n\n<p>Segundo a proposta, que foi encaminhada para aprecia\u00e7\u00e3o da Comiss\u00e3o de Constitui\u00e7\u00e3o e Justi\u00e7a (CCJ) da Alepi, os investimentos visam atender a extens\u00e3o da linha ferrovi\u00e1ria na regi\u00e3o sudeste de Teresina, com chegada em novos bairros, bem como a melhoria da linha 1 &#8211; sudeste, j\u00e1 existente, com redu\u00e7\u00e3o no intervalo de trens, e incremento na demanda de passageiros na empresa operadora.<br><br>Segundo mensagem do governador, os sistemas de VLT v\u00eam sendo implantados h\u00e1 algum tempo em cidades da Europa e Estados Unidos. No Brasil, come\u00e7ou a ser implantado mais recentemente, em cidades como Sobral (CE), Rio de Janeiro (RJ), Santos (SP) e, no fim de 2018, em Teresina (PI). Esse sistema de transporte opera numa plataforma segregada de tr\u00e1fego, com vias reservadas, direito de passagem priorit\u00e1rio nos pontos de interse\u00e7\u00e3o e, em alguns casos, com t\u00faneis ou viadutos no Centro das cidades.&nbsp;<\/p>\n\n\n\n<p>&#8220;\u00c9 um sistema adequado para capacidade m\u00e9dia de transporte \u00e0 escala regional e metropolitana, geralmente maior que o \u00f4nibus convencional e menor que a de metr\u00f4 de grande porte. Entre as suas vantagens, podemos destacar o baixo investimento em rela\u00e7\u00e3o a outros modais, a vida \u00fatil do sistema, a grande capacidade de passageiros, a adaptabilidade \u00e0s condi\u00e7\u00f5es locais existentes, o funcionamento a partir da utiliza\u00e7\u00e3o de biodiesel ou modelo h\u00edbrido (biodiesel\/el\u00e9trico), a facilidade de integra\u00e7\u00e3o aos sistemas de transportes existentes, o menor impacto ambiental e promo\u00e7\u00e3o de renova\u00e7\u00e3o do meio urbano e paisag\u00edstico&#8221;, justificou o governador no Projeto de Lei Ordin\u00e1ria encaminhado aos deputados.<\/p>\n\n\n\n<p>Rafael Fonteles ressalta que a amplia\u00e7\u00e3o do sistema vai reduzir o tempo de deslocamento e melhorar o transporte p\u00fablico de passageiros, sendo um sistema mais atrativo que os convencionais, que permite a evolu\u00e7\u00e3o futura para pr\u00e9-metr\u00f4 e metr\u00f4.&nbsp;<\/p>\n\n\n\n<p>&#8220;A cidade de Teresina vem registrando, desde 2019, o colapso do sistema convencional de \u00f4nibus, seja com a redu\u00e7\u00e3o de frota e linhas ou tentativa frustrada de utiliza\u00e7\u00e3o de terminais de integra\u00e7\u00e3o, e vem sofrendo uma redu\u00e7\u00e3o significativa do n\u00famero de passageiros transportados. A capital, que tamb\u00e9m possui um sistema de VLT operando na linha &#8211; 1 sudeste, fazendo a liga\u00e7\u00e3o entre o Grande Itarar\u00e9 e o Centro da cidade, j\u00e1 registra aumento de demanda com o colapso do sistema convencional de \u00f4nibus&#8221;, explica o gestor.<\/p>\n\n\n\n<p>Segundo o governador, a aquisi\u00e7\u00e3o dos novos v<em><strong>e\u00edculos leves sobre trilhos<\/strong><\/em>\u00a0vai aumentar mais ainda a capta\u00e7\u00e3o de passageiros, n\u00e3o apenas pela melhoria ou amplia\u00e7\u00e3o da infraestrutura, mas principalmente pela aquisi\u00e7\u00e3o de novos VLTs para captar a demanda existente na regi\u00e3o, redu\u00e7\u00e3o de tempo de espera e o processo de integra\u00e7\u00e3o com o modal rodovi\u00e1rio e expans\u00e3o para o bairro Colorado\/Gurupi em curso, ampliando a demanda na regi\u00e3o.\u00a0<\/p>\n\n\n\n<p>O empreendimento possibilitar\u00e1 um aumento da oferta de transporte para a popula\u00e7\u00e3o, gerando um incremento da ordem de 4 mil passageiros\/dia para uma comunidade de pessoas que dependem de um transporte \u00e1gil e de baixo custo, notadamente trabalhadores e estudantes que se deslocam principalmente para os n\u00facleos da regi\u00e3o do Grande Dirceu e do Centro da cidade. Rafael Fonteles lembra que no transporte rodovi\u00e1rio, a converg\u00eancia do fluxo de ve\u00edculos e pessoas para um ponto \u00fanico causa transtornos no tr\u00e1fego.&nbsp;<\/p>\n\n\n\n<p>O governador destaca a participa\u00e7\u00e3o da Secretaria de Estado do Planejamento (Seplan) no apoio ao processo de cadastramento da proposta no \u00e2mbito do Programa Novo PAC \u2013 Mobilidade Urbana Sustent\u00e1vel \u2013 Renova\u00e7\u00e3o de Frota do Minist\u00e9rio das Cidades\/Governo Federal, e no monitoramento das propostas cadastradas para sua sele\u00e7\u00e3o final.\u00a0<\/p>\n\n\n\n<p><strong><em>CCOM\/PI<\/em><\/strong><\/p>\n","protected":false},"excerpt":{"rendered":"<p>O governador do Piau\u00ed, Rafael Fonteles, encaminhou \u00e0 Assembleia Legislativa do Piau\u00ed (Alepi), o projeto de lei que para autoriza\u00e7\u00e3o da casa legislativa para que o Poder Executivo estadual possa contratar opera\u00e7\u00e3o de cr\u00e9dito, no valor de R$ 100 milh\u00f5es, junto \u00e0 Caixa Econ\u00f4mica Federal, no \u00e2mbito do Programa de Infraestrutura de Transporte e Mobilidade [&hellip;]<\/p>\n","protected":false},"author":2,"featured_media":258877,"comment_status":"open","ping_status":"open","sticky":false,"template":"","format":"standard","meta":{"_mi_skip_tracking":false,"footnotes":""},"categories":[25,1,16],"tags":[192],"class_list":["post-258876","post","type-post","status-publish","format-standard","has-post-thumbnail","hentry","category-destaques-site","category-geral","category-todas","tag-destaqueprincipal"],"acf":[],"yoast_head":"<!-- This site is optimized with the Yoast SEO Premium plugin v19.2 (Yoast SEO v26.9) - https:\/\/yoast.com\/product\/yoast-seo-premium-wordpress\/ -->\n<title>Governo encaminha pedido \u00e0 Alepi para contratar cr\u00e9dito de R$ 100 milh\u00f5es para amplia\u00e7\u00e3o do Metr\u00f4 de Teresina - Portal Not\u00edcia em Pauta<\/title>\n<meta name=\"robots\" content=\"index, follow, max-snippet:-1, max-image-preview:large, max-video-preview:-1\" \/>\n<link rel=\"canonical\" href=\"https:\/\/noticiaempauta.com\/portal\/governo-encaminha-pedido-a-alepi-para-contratar-credito-de-r-100-milhoes-para-ampliacao-do-metro-de-teresina\/\" \/>\n<meta property=\"og:locale\" content=\"pt_BR\" \/>\n<meta property=\"og:type\" content=\"article\" \/>\n<meta property=\"og:title\" content=\"Governo encaminha pedido \u00e0 Alepi para contratar cr\u00e9dito de R$ 100 milh\u00f5es para amplia\u00e7\u00e3o do Metr\u00f4 de Teresina\" \/>\n<meta property=\"og:description\" content=\"O governador do Piau\u00ed, Rafael Fonteles, encaminhou \u00e0 Assembleia Legislativa do Piau\u00ed (Alepi), o projeto de lei que para autoriza\u00e7\u00e3o da casa legislativa para que o Poder Executivo estadual possa contratar opera\u00e7\u00e3o de cr\u00e9dito, no valor de R$ 100 milh\u00f5es, junto \u00e0 Caixa Econ\u00f4mica Federal, no \u00e2mbito do Programa de Infraestrutura de Transporte e Mobilidade [&hellip;]\" \/>\n<meta property=\"og:url\" content=\"https:\/\/noticiaempauta.com\/portal\/governo-encaminha-pedido-a-alepi-para-contratar-credito-de-r-100-milhoes-para-ampliacao-do-metro-de-teresina\/\" \/>\n<meta property=\"og:site_name\" content=\"Portal Not\u00edcia em Pauta\" \/>\n<meta property=\"article:publisher\" content=\"https:\/\/www.facebook.com\/Portal-Notcia-Em-Pauta-102292869264820\/\" \/>\n<meta property=\"article:published_time\" content=\"2024-06-17T19:08:38+00:00\" \/>\n<meta property=\"article:modified_time\" content=\"2024-06-17T19:08:39+00:00\" \/>\n<meta property=\"og:image\" content=\"https:\/\/noticiaempauta.com\/portal\/wp-content\/uploads\/2024\/06\/large_Assinatura_metro6_b4f1638f50.jpeg\" \/>\n\t<meta property=\"og:image:width\" content=\"1000\" \/>\n\t<meta property=\"og:image:height\" content=\"666\" \/>\n\t<meta property=\"og:image:type\" content=\"image\/jpeg\" \/>\n<meta name=\"author\" content=\"Reda\u00e7\u00e3o\" \/>\n<meta name=\"twitter:card\" content=\"summary_large_image\" \/>\n<meta name=\"twitter:label1\" content=\"Escrito por\" \/>\n\t<meta name=\"twitter:data1\" content=\"Reda\u00e7\u00e3o\" \/>\n\t<meta name=\"twitter:label2\" content=\"Est. tempo de leitura\" \/>\n\t<meta name=\"twitter:data2\" content=\"4 minutos\" \/>\n<script type=\"application\/ld+json\" class=\"yoast-schema-graph\">{\"@context\":\"https:\/\/schema.org\",\"@graph\":[{\"@type\":\"Article\",\"@id\":\"https:\/\/noticiaempauta.com\/portal\/governo-encaminha-pedido-a-alepi-para-contratar-credito-de-r-100-milhoes-para-ampliacao-do-metro-de-teresina\/#article\",\"isPartOf\":{\"@id\":\"https:\/\/noticiaempauta.com\/portal\/governo-encaminha-pedido-a-alepi-para-contratar-credito-de-r-100-milhoes-para-ampliacao-do-metro-de-teresina\/\"},\"author\":{\"name\":\"Reda\u00e7\u00e3o\",\"@id\":\"https:\/\/noticiaempauta.com\/portal\/#\/schema\/person\/a74af43dd1ab3deca45f988c717d57ac\"},\"headline\":\"Governo encaminha pedido \u00e0 Alepi para contratar cr\u00e9dito de R$ 100 milh\u00f5es para amplia\u00e7\u00e3o do Metr\u00f4 de Teresina\",\"datePublished\":\"2024-06-17T19:08:38+00:00\",\"dateModified\":\"2024-06-17T19:08:39+00:00\",\"mainEntityOfPage\":{\"@id\":\"https:\/\/noticiaempauta.com\/portal\/governo-encaminha-pedido-a-alepi-para-contratar-credito-de-r-100-milhoes-para-ampliacao-do-metro-de-teresina\/\"},\"wordCount\":772,\"commentCount\":0,\"publisher\":{\"@id\":\"https:\/\/noticiaempauta.com\/portal\/#organization\"},\"image\":{\"@id\":\"https:\/\/noticiaempauta.com\/portal\/governo-encaminha-pedido-a-alepi-para-contratar-credito-de-r-100-milhoes-para-ampliacao-do-metro-de-teresina\/#primaryimage\"},\"thumbnailUrl\":\"https:\/\/noticiaempauta.com\/portal\/wp-content\/uploads\/2024\/06\/large_Assinatura_metro6_b4f1638f50.jpeg\",\"keywords\":[\"destaqueprincipal\"],\"articleSection\":[\"Destaques\",\"Geral\",\"Todas as Not\u00edcias\"],\"inLanguage\":\"pt-BR\",\"potentialAction\":[{\"@type\":\"CommentAction\",\"name\":\"Comment\",\"target\":[\"https:\/\/noticiaempauta.com\/portal\/governo-encaminha-pedido-a-alepi-para-contratar-credito-de-r-100-milhoes-para-ampliacao-do-metro-de-teresina\/#respond\"]}]},{\"@type\":\"WebPage\",\"@id\":\"https:\/\/noticiaempauta.com\/portal\/governo-encaminha-pedido-a-alepi-para-contratar-credito-de-r-100-milhoes-para-ampliacao-do-metro-de-teresina\/\",\"url\":\"https:\/\/noticiaempauta.com\/portal\/governo-encaminha-pedido-a-alepi-para-contratar-credito-de-r-100-milhoes-para-ampliacao-do-metro-de-teresina\/\",\"name\":\"Governo encaminha pedido \u00e0 Alepi para contratar cr\u00e9dito de R$ 100 milh\u00f5es para amplia\u00e7\u00e3o do Metr\u00f4 de Teresina - Portal Not\u00edcia em Pauta\",\"isPartOf\":{\"@id\":\"https:\/\/noticiaempauta.com\/portal\/#website\"},\"primaryImageOfPage\":{\"@id\":\"https:\/\/noticiaempauta.com\/portal\/governo-encaminha-pedido-a-alepi-para-contratar-credito-de-r-100-milhoes-para-ampliacao-do-metro-de-teresina\/#primaryimage\"},\"image\":{\"@id\":\"https:\/\/noticiaempauta.com\/portal\/governo-encaminha-pedido-a-alepi-para-contratar-credito-de-r-100-milhoes-para-ampliacao-do-metro-de-teresina\/#primaryimage\"},\"thumbnailUrl\":\"https:\/\/noticiaempauta.com\/portal\/wp-content\/uploads\/2024\/06\/large_Assinatura_metro6_b4f1638f50.jpeg\",\"datePublished\":\"2024-06-17T19:08:38+00:00\",\"dateModified\":\"2024-06-17T19:08:39+00:00\",\"breadcrumb\":{\"@id\":\"https:\/\/noticiaempauta.com\/portal\/governo-encaminha-pedido-a-alepi-para-contratar-credito-de-r-100-milhoes-para-ampliacao-do-metro-de-teresina\/#breadcrumb\"},\"inLanguage\":\"pt-BR\",\"potentialAction\":[{\"@type\":\"ReadAction\",\"target\":[\"https:\/\/noticiaempauta.com\/portal\/governo-encaminha-pedido-a-alepi-para-contratar-credito-de-r-100-milhoes-para-ampliacao-do-metro-de-teresina\/\"]}]},{\"@type\":\"ImageObject\",\"inLanguage\":\"pt-BR\",\"@id\":\"https:\/\/noticiaempauta.com\/portal\/governo-encaminha-pedido-a-alepi-para-contratar-credito-de-r-100-milhoes-para-ampliacao-do-metro-de-teresina\/#primaryimage\",\"url\":\"https:\/\/noticiaempauta.com\/portal\/wp-content\/uploads\/2024\/06\/large_Assinatura_metro6_b4f1638f50.jpeg\",\"contentUrl\":\"https:\/\/noticiaempauta.com\/portal\/wp-content\/uploads\/2024\/06\/large_Assinatura_metro6_b4f1638f50.jpeg\",\"width\":1000,\"height\":666},{\"@type\":\"BreadcrumbList\",\"@id\":\"https:\/\/noticiaempauta.com\/portal\/governo-encaminha-pedido-a-alepi-para-contratar-credito-de-r-100-milhoes-para-ampliacao-do-metro-de-teresina\/#breadcrumb\",\"itemListElement\":[{\"@type\":\"ListItem\",\"position\":1,\"name\":\"P\u00e1gina Inicial\",\"item\":\"https:\/\/noticiaempauta.com\/portal\/\"},{\"@type\":\"ListItem\",\"position\":2,\"name\":\"Destaques\",\"item\":\"https:\/\/noticiaempauta.com\/portal\/destaques-site\/\"},{\"@type\":\"ListItem\",\"position\":3,\"name\":\"Governo encaminha pedido \u00e0 Alepi para contratar cr\u00e9dito de R$ 100 milh\u00f5es para amplia\u00e7\u00e3o do Metr\u00f4 de Teresina\"}]},{\"@type\":\"WebSite\",\"@id\":\"https:\/\/noticiaempauta.com\/portal\/#website\",\"url\":\"https:\/\/noticiaempauta.com\/portal\/\",\"name\":\"Portal Not\u00edcia em Pauta\",\"description\":\"Voc\u00ea bem informado\",\"publisher\":{\"@id\":\"https:\/\/noticiaempauta.com\/portal\/#organization\"},\"potentialAction\":[{\"@type\":\"SearchAction\",\"target\":{\"@type\":\"EntryPoint\",\"urlTemplate\":\"https:\/\/noticiaempauta.com\/portal\/?s={search_term_string}\"},\"query-input\":{\"@type\":\"PropertyValueSpecification\",\"valueRequired\":true,\"valueName\":\"search_term_string\"}}],\"inLanguage\":\"pt-BR\"},{\"@type\":\"Organization\",\"@id\":\"https:\/\/noticiaempauta.com\/portal\/#organization\",\"name\":\"Portal Not\u00edcia em Pauta\",\"url\":\"https:\/\/noticiaempauta.com\/portal\/\",\"logo\":{\"@type\":\"ImageObject\",\"inLanguage\":\"pt-BR\",\"@id\":\"https:\/\/noticiaempauta.com\/portal\/#\/schema\/logo\/image\/\",\"url\":\"https:\/\/noticiaempauta.com\/portal\/wp-content\/uploads\/2022\/08\/logomarca_tema.fw_.png\",\"contentUrl\":\"https:\/\/noticiaempauta.com\/portal\/wp-content\/uploads\/2022\/08\/logomarca_tema.fw_.png\",\"width\":400,\"height\":232,\"caption\":\"Portal Not\u00edcia em Pauta\"},\"image\":{\"@id\":\"https:\/\/noticiaempauta.com\/portal\/#\/schema\/logo\/image\/\"},\"sameAs\":[\"https:\/\/www.facebook.com\/Portal-Notcia-Em-Pauta-102292869264820\/\",\"https:\/\/www.instagram.com\/portalnoticiaempauta\/\"]},{\"@type\":\"Person\",\"@id\":\"https:\/\/noticiaempauta.com\/portal\/#\/schema\/person\/a74af43dd1ab3deca45f988c717d57ac\",\"name\":\"Reda\u00e7\u00e3o\",\"image\":{\"@type\":\"ImageObject\",\"inLanguage\":\"pt-BR\",\"@id\":\"https:\/\/noticiaempauta.com\/portal\/#\/schema\/person\/image\/\",\"url\":\"https:\/\/secure.gravatar.com\/avatar\/03179346ecce6cdfc13361603e8f54242a90e5cde8618fa23c5c00aa2b0aadf3?s=96&d=mm&r=g\",\"contentUrl\":\"https:\/\/secure.gravatar.com\/avatar\/03179346ecce6cdfc13361603e8f54242a90e5cde8618fa23c5c00aa2b0aadf3?s=96&d=mm&r=g\",\"caption\":\"Reda\u00e7\u00e3o\"},\"sameAs\":[\"https:\/\/noticiaempauta.com\/portal\/\"],\"url\":\"https:\/\/noticiaempauta.com\/portal\/author\/fernando\/\"}]}<\/script>\n<!-- \/ Yoast SEO Premium plugin. -->","yoast_head_json":{"title":"Governo encaminha pedido \u00e0 Alepi para contratar cr\u00e9dito de R$ 100 milh\u00f5es para amplia\u00e7\u00e3o do Metr\u00f4 de Teresina - Portal Not\u00edcia em Pauta","robots":{"index":"index","follow":"follow","max-snippet":"max-snippet:-1","max-image-preview":"max-image-preview:large","max-video-preview":"max-video-preview:-1"},"canonical":"https:\/\/noticiaempauta.com\/portal\/governo-encaminha-pedido-a-alepi-para-contratar-credito-de-r-100-milhoes-para-ampliacao-do-metro-de-teresina\/","og_locale":"pt_BR","og_type":"article","og_title":"Governo encaminha pedido \u00e0 Alepi para contratar cr\u00e9dito de R$ 100 milh\u00f5es para amplia\u00e7\u00e3o do Metr\u00f4 de Teresina","og_description":"O governador do Piau\u00ed, Rafael Fonteles, encaminhou \u00e0 Assembleia Legislativa do Piau\u00ed (Alepi), o projeto de lei que para autoriza\u00e7\u00e3o da casa legislativa para que o Poder Executivo estadual possa contratar opera\u00e7\u00e3o de cr\u00e9dito, no valor de R$ 100 milh\u00f5es, junto \u00e0 Caixa Econ\u00f4mica Federal, no \u00e2mbito do Programa de Infraestrutura de Transporte e Mobilidade [&hellip;]","og_url":"https:\/\/noticiaempauta.com\/portal\/governo-encaminha-pedido-a-alepi-para-contratar-credito-de-r-100-milhoes-para-ampliacao-do-metro-de-teresina\/","og_site_name":"Portal Not\u00edcia em Pauta","article_publisher":"https:\/\/www.facebook.com\/Portal-Notcia-Em-Pauta-102292869264820\/","article_published_time":"2024-06-17T19:08:38+00:00","article_modified_time":"2024-06-17T19:08:39+00:00","og_image":[{"width":1000,"height":666,"url":"https:\/\/noticiaempauta.com\/portal\/wp-content\/uploads\/2024\/06\/large_Assinatura_metro6_b4f1638f50.jpeg","type":"image\/jpeg"}],"author":"Reda\u00e7\u00e3o","twitter_card":"summary_large_image","twitter_misc":{"Escrito por":"Reda\u00e7\u00e3o","Est. tempo de leitura":"4 minutos"},"schema":{"@context":"https:\/\/schema.org","@graph":[{"@type":"Article","@id":"https:\/\/noticiaempauta.com\/portal\/governo-encaminha-pedido-a-alepi-para-contratar-credito-de-r-100-milhoes-para-ampliacao-do-metro-de-teresina\/#article","isPartOf":{"@id":"https:\/\/noticiaempauta.com\/portal\/governo-encaminha-pedido-a-alepi-para-contratar-credito-de-r-100-milhoes-para-ampliacao-do-metro-de-teresina\/"},"author":{"name":"Reda\u00e7\u00e3o","@id":"https:\/\/noticiaempauta.com\/portal\/#\/schema\/person\/a74af43dd1ab3deca45f988c717d57ac"},"headline":"Governo encaminha pedido \u00e0 Alepi para contratar cr\u00e9dito de R$ 100 milh\u00f5es para amplia\u00e7\u00e3o do Metr\u00f4 de Teresina","datePublished":"2024-06-17T19:08:38+00:00","dateModified":"2024-06-17T19:08:39+00:00","mainEntityOfPage":{"@id":"https:\/\/noticiaempauta.com\/portal\/governo-encaminha-pedido-a-alepi-para-contratar-credito-de-r-100-milhoes-para-ampliacao-do-metro-de-teresina\/"},"wordCount":772,"commentCount":0,"publisher":{"@id":"https:\/\/noticiaempauta.com\/portal\/#organization"},"image":{"@id":"https:\/\/noticiaempauta.com\/portal\/governo-encaminha-pedido-a-alepi-para-contratar-credito-de-r-100-milhoes-para-ampliacao-do-metro-de-teresina\/#primaryimage"},"thumbnailUrl":"https:\/\/noticiaempauta.com\/portal\/wp-content\/uploads\/2024\/06\/large_Assinatura_metro6_b4f1638f50.jpeg","keywords":["destaqueprincipal"],"articleSection":["Destaques","Geral","Todas as Not\u00edcias"],"inLanguage":"pt-BR","potentialAction":[{"@type":"CommentAction","name":"Comment","target":["https:\/\/noticiaempauta.com\/portal\/governo-encaminha-pedido-a-alepi-para-contratar-credito-de-r-100-milhoes-para-ampliacao-do-metro-de-teresina\/#respond"]}]},{"@type":"WebPage","@id":"https:\/\/noticiaempauta.com\/portal\/governo-encaminha-pedido-a-alepi-para-contratar-credito-de-r-100-milhoes-para-ampliacao-do-metro-de-teresina\/","url":"https:\/\/noticiaempauta.com\/portal\/governo-encaminha-pedido-a-alepi-para-contratar-credito-de-r-100-milhoes-para-ampliacao-do-metro-de-teresina\/","name":"Governo encaminha pedido \u00e0 Alepi para contratar cr\u00e9dito de R$ 100 milh\u00f5es para amplia\u00e7\u00e3o do Metr\u00f4 de Teresina - Portal Not\u00edcia em Pauta","isPartOf":{"@id":"https:\/\/noticiaempauta.com\/portal\/#website"},"primaryImageOfPage":{"@id":"https:\/\/noticiaempauta.com\/portal\/governo-encaminha-pedido-a-alepi-para-contratar-credito-de-r-100-milhoes-para-ampliacao-do-metro-de-teresina\/#primaryimage"},"image":{"@id":"https:\/\/noticiaempauta.com\/portal\/governo-encaminha-pedido-a-alepi-para-contratar-credito-de-r-100-milhoes-para-ampliacao-do-metro-de-teresina\/#primaryimage"},"thumbnailUrl":"https:\/\/noticiaempauta.com\/portal\/wp-content\/uploads\/2024\/06\/large_Assinatura_metro6_b4f1638f50.jpeg","datePublished":"2024-06-17T19:08:38+00:00","dateModified":"2024-06-17T19:08:39+00:00","breadcrumb":{"@id":"https:\/\/noticiaempauta.com\/portal\/governo-encaminha-pedido-a-alepi-para-contratar-credito-de-r-100-milhoes-para-ampliacao-do-metro-de-teresina\/#breadcrumb"},"inLanguage":"pt-BR","potentialAction":[{"@type":"ReadAction","target":["https:\/\/noticiaempauta.com\/portal\/governo-encaminha-pedido-a-alepi-para-contratar-credito-de-r-100-milhoes-para-ampliacao-do-metro-de-teresina\/"]}]},{"@type":"ImageObject","inLanguage":"pt-BR","@id":"https:\/\/noticiaempauta.com\/portal\/governo-encaminha-pedido-a-alepi-para-contratar-credito-de-r-100-milhoes-para-ampliacao-do-metro-de-teresina\/#primaryimage","url":"https:\/\/noticiaempauta.com\/portal\/wp-content\/uploads\/2024\/06\/large_Assinatura_metro6_b4f1638f50.jpeg","contentUrl":"https:\/\/noticiaempauta.com\/portal\/wp-content\/uploads\/2024\/06\/large_Assinatura_metro6_b4f1638f50.jpeg","width":1000,"height":666},{"@type":"BreadcrumbList","@id":"https:\/\/noticiaempauta.com\/portal\/governo-encaminha-pedido-a-alepi-para-contratar-credito-de-r-100-milhoes-para-ampliacao-do-metro-de-teresina\/#breadcrumb","itemListElement":[{"@type":"ListItem","position":1,"name":"P\u00e1gina Inicial","item":"https:\/\/noticiaempauta.com\/portal\/"},{"@type":"ListItem","position":2,"name":"Destaques","item":"https:\/\/noticiaempauta.com\/portal\/destaques-site\/"},{"@type":"ListItem","position":3,"name":"Governo encaminha pedido \u00e0 Alepi para contratar cr\u00e9dito de R$ 100 milh\u00f5es para amplia\u00e7\u00e3o do Metr\u00f4 de Teresina"}]},{"@type":"WebSite","@id":"https:\/\/noticiaempauta.com\/portal\/#website","url":"https:\/\/noticiaempauta.com\/portal\/","name":"Portal Not\u00edcia em Pauta","description":"Voc\u00ea bem informado","publisher":{"@id":"https:\/\/noticiaempauta.com\/portal\/#organization"},"potentialAction":[{"@type":"SearchAction","target":{"@type":"EntryPoint","urlTemplate":"https:\/\/noticiaempauta.com\/portal\/?s={search_term_string}"},"query-input":{"@type":"PropertyValueSpecification","valueRequired":true,"valueName":"search_term_string"}}],"inLanguage":"pt-BR"},{"@type":"Organization","@id":"https:\/\/noticiaempauta.com\/portal\/#organization","name":"Portal Not\u00edcia em Pauta","url":"https:\/\/noticiaempauta.com\/portal\/","logo":{"@type":"ImageObject","inLanguage":"pt-BR","@id":"https:\/\/noticiaempauta.com\/portal\/#\/schema\/logo\/image\/","url":"https:\/\/noticiaempauta.com\/portal\/wp-content\/uploads\/2022\/08\/logomarca_tema.fw_.png","contentUrl":"https:\/\/noticiaempauta.com\/portal\/wp-content\/uploads\/2022\/08\/logomarca_tema.fw_.png","width":400,"height":232,"caption":"Portal Not\u00edcia em Pauta"},"image":{"@id":"https:\/\/noticiaempauta.com\/portal\/#\/schema\/logo\/image\/"},"sameAs":["https:\/\/www.facebook.com\/Portal-Notcia-Em-Pauta-102292869264820\/","https:\/\/www.instagram.com\/portalnoticiaempauta\/"]},{"@type":"Person","@id":"https:\/\/noticiaempauta.com\/portal\/#\/schema\/person\/a74af43dd1ab3deca45f988c717d57ac","name":"Reda\u00e7\u00e3o","image":{"@type":"ImageObject","inLanguage":"pt-BR","@id":"https:\/\/noticiaempauta.com\/portal\/#\/schema\/person\/image\/","url":"https:\/\/secure.gravatar.com\/avatar\/03179346ecce6cdfc13361603e8f54242a90e5cde8618fa23c5c00aa2b0aadf3?s=96&d=mm&r=g","contentUrl":"https:\/\/secure.gravatar.com\/avatar\/03179346ecce6cdfc13361603e8f54242a90e5cde8618fa23c5c00aa2b0aadf3?s=96&d=mm&r=g","caption":"Reda\u00e7\u00e3o"},"sameAs":["https:\/\/noticiaempauta.com\/portal\/"],"url":"https:\/\/noticiaempauta.com\/portal\/author\/fernando\/"}]}},"_links":{"self":[{"href":"https:\/\/noticiaempauta.com\/portal\/wp-json\/wp\/v2\/posts\/258876","targetHints":{"allow":["GET"]}}],"collection":[{"href":"https:\/\/noticiaempauta.com\/portal\/wp-json\/wp\/v2\/posts"}],"about":[{"href":"https:\/\/noticiaempauta.com\/portal\/wp-json\/wp\/v2\/types\/post"}],"author":[{"embeddable":true,"href":"https:\/\/noticiaempauta.com\/portal\/wp-json\/wp\/v2\/users\/2"}],"replies":[{"embeddable":true,"href":"https:\/\/noticiaempauta.com\/portal\/wp-json\/wp\/v2\/comments?post=258876"}],"version-history":[{"count":2,"href":"https:\/\/noticiaempauta.com\/portal\/wp-json\/wp\/v2\/posts\/258876\/revisions"}],"predecessor-version":[{"id":258879,"href":"https:\/\/noticiaempauta.com\/portal\/wp-json\/wp\/v2\/posts\/258876\/revisions\/258879"}],"wp:featuredmedia":[{"embeddable":true,"href":"https:\/\/noticiaempauta.com\/portal\/wp-json\/wp\/v2\/media\/258877"}],"wp:attachment":[{"href":"https:\/\/noticiaempauta.com\/portal\/wp-json\/wp\/v2\/media?parent=258876"}],"wp:term":[{"taxonomy":"category","embeddable":true,"href":"https:\/\/noticiaempauta.com\/portal\/wp-json\/wp\/v2\/categories?post=258876"},{"taxonomy":"post_tag","embeddable":true,"href":"https:\/\/noticiaempauta.com\/portal\/wp-json\/wp\/v2\/tags?post=258876"}],"curies":[{"name":"wp","href":"https:\/\/api.w.org\/{rel}","templated":true}]}}