{"id":258881,"date":"2024-06-17T16:45:39","date_gmt":"2024-06-17T19:45:39","guid":{"rendered":"https:\/\/noticiaempauta.com\/portal\/?p=258881"},"modified":"2024-06-17T16:45:40","modified_gmt":"2024-06-17T19:45:40","slug":"lider-do-comando-vermelho-e-preso-apos-pm-estourar-boca-de-fumo-em-parnaiba","status":"publish","type":"post","link":"https:\/\/noticiaempauta.com\/portal\/lider-do-comando-vermelho-e-preso-apos-pm-estourar-boca-de-fumo-em-parnaiba\/","title":{"rendered":"L\u00edder do Comando Vermelho \u00e9 preso ap\u00f3s PM estourar boca de fumo em Parna\u00edba"},"content":{"rendered":"\n<p>Um\u00a0l\u00edder da organiza\u00e7\u00e3o criminosa Comando Vermelho\u00a0identificado como\u00a0Francisco Ant\u00f4nio de Souza Ara\u00fajo, mais conhecido como \u201cChapolin\u201d,\u00a0foi\u00a0preso\u00a0na tarde desta segunda-feira (17) ap\u00f3s a Pol\u00edcia Militar do Piau\u00ed\u00a0desarticular uma boca de fumo, no bairro Jo\u00e3o XXIII, em Parna\u00edba, Litoral do Piau\u00ed.\u00a0<\/p>\n\n\n\n<figure class=\"wp-block-image size-full\"><img fetchpriority=\"high\" decoding=\"async\" width=\"900\" height=\"600\" src=\"https:\/\/noticiaempauta.com\/portal\/wp-content\/uploads\/2024\/06\/lider-do-comando-vermelho-e-preso-apos-pm-estourar-boca-de-fumo-em-parnaiba-0f4f0ba7-09aa-4afd-96e9-82e4426f5b3c.jpg.webp\" alt=\"\" class=\"wp-image-258882\" srcset=\"https:\/\/noticiaempauta.com\/portal\/wp-content\/uploads\/2024\/06\/lider-do-comando-vermelho-e-preso-apos-pm-estourar-boca-de-fumo-em-parnaiba-0f4f0ba7-09aa-4afd-96e9-82e4426f5b3c.jpg.webp 900w, https:\/\/noticiaempauta.com\/portal\/wp-content\/uploads\/2024\/06\/lider-do-comando-vermelho-e-preso-apos-pm-estourar-boca-de-fumo-em-parnaiba-0f4f0ba7-09aa-4afd-96e9-82e4426f5b3c.jpg-300x200.webp 300w, https:\/\/noticiaempauta.com\/portal\/wp-content\/uploads\/2024\/06\/lider-do-comando-vermelho-e-preso-apos-pm-estourar-boca-de-fumo-em-parnaiba-0f4f0ba7-09aa-4afd-96e9-82e4426f5b3c.jpg-768x512.webp 768w\" sizes=\"(max-width: 900px) 100vw, 900px\" \/><\/figure>\n\n\n\n<p>Segundo as informa\u00e7\u00f5es fornecidas pelo 27\u00ba Batalh\u00e3o da Pol\u00edcia Militar do Piau\u00ed,\u00a0o acusado ainda tentou resistir \u00e0 pris\u00e3o, mas foi contido\u00a0pelos policiais e recebeu voz de\u00a0pris\u00e3o em cumprimento a mandado de pris\u00e3o pelos crimes de tr\u00e1fico de drogas e associa\u00e7\u00e3o criminosa.\u00a0<\/p>\n\n\n\n<p>Ainda segundo a PM, a ocorr\u00eancia teve in\u00edcio ap\u00f3s os\u00a0policiais visualizarem Chapolin em frente ao ponto de venda de drogas situado na Rua Pedro Pereira Fontenele, no bairro Jo\u00e3o XXIII, em Parna\u00edba. Durante a abordagem, o alvo foi preso e a boca de fumo desarticulada.<\/p>\n\n\n\n<p>O\u00a0preso foi encaminhado a Central de Flagrantes de Parna\u00edba, onde deve permanecer \u00e0 disposi\u00e7\u00e3o da Justi\u00e7a do Piau\u00ed, para\u00a0posteriormente ser transferido a uma unidade do sistema penitenci\u00e1rio.<\/p>\n\n\n\n<p><strong><em>Fonte: Meio News<\/em><\/strong><\/p>\n","protected":false},"excerpt":{"rendered":"<p>Um\u00a0l\u00edder da organiza\u00e7\u00e3o criminosa Comando Vermelho\u00a0identificado como\u00a0Francisco Ant\u00f4nio de Souza Ara\u00fajo, mais conhecido como \u201cChapolin\u201d,\u00a0foi\u00a0preso\u00a0na tarde desta segunda-feira (17) ap\u00f3s a Pol\u00edcia Militar do Piau\u00ed\u00a0desarticular uma boca de fumo, no bairro Jo\u00e3o XXIII, em Parna\u00edba, Litoral do Piau\u00ed.\u00a0 Segundo as informa\u00e7\u00f5es fornecidas pelo 27\u00ba Batalh\u00e3o da Pol\u00edcia Militar do Piau\u00ed,\u00a0o acusado ainda tentou resistir \u00e0 [&hellip;]<\/p>\n","protected":false},"author":2,"featured_media":258882,"comment_status":"open","ping_status":"open","sticky":false,"template":"","format":"standard","meta":{"_mi_skip_tracking":false,"footnotes":""},"categories":[25,1,137,16],"tags":[192],"class_list":["post-258881","post","type-post","status-publish","format-standard","has-post-thumbnail","hentry","category-destaques-site","category-geral","category-policia","category-todas","tag-destaqueprincipal"],"acf":[],"yoast_head":"<!-- This site is optimized with the Yoast SEO Premium plugin v19.2 (Yoast SEO v26.9) - https:\/\/yoast.com\/product\/yoast-seo-premium-wordpress\/ -->\n<title>L\u00edder do Comando Vermelho \u00e9 preso ap\u00f3s PM estourar boca de fumo em Parna\u00edba - Portal Not\u00edcia em Pauta<\/title>\n<meta name=\"robots\" content=\"index, follow, max-snippet:-1, max-image-preview:large, max-video-preview:-1\" \/>\n<link rel=\"canonical\" href=\"https:\/\/noticiaempauta.com\/portal\/lider-do-comando-vermelho-e-preso-apos-pm-estourar-boca-de-fumo-em-parnaiba\/\" \/>\n<meta property=\"og:locale\" content=\"pt_BR\" \/>\n<meta property=\"og:type\" content=\"article\" \/>\n<meta property=\"og:title\" content=\"L\u00edder do Comando Vermelho \u00e9 preso ap\u00f3s PM estourar boca de fumo em Parna\u00edba\" \/>\n<meta property=\"og:description\" content=\"Um\u00a0l\u00edder da organiza\u00e7\u00e3o criminosa Comando Vermelho\u00a0identificado como\u00a0Francisco Ant\u00f4nio de Souza Ara\u00fajo, mais conhecido como \u201cChapolin\u201d,\u00a0foi\u00a0preso\u00a0na tarde desta segunda-feira (17) ap\u00f3s a Pol\u00edcia Militar do Piau\u00ed\u00a0desarticular uma boca de fumo, no bairro Jo\u00e3o XXIII, em Parna\u00edba, Litoral do Piau\u00ed.\u00a0 Segundo as informa\u00e7\u00f5es fornecidas pelo 27\u00ba Batalh\u00e3o da Pol\u00edcia Militar do Piau\u00ed,\u00a0o acusado ainda tentou resistir \u00e0 [&hellip;]\" \/>\n<meta property=\"og:url\" content=\"https:\/\/noticiaempauta.com\/portal\/lider-do-comando-vermelho-e-preso-apos-pm-estourar-boca-de-fumo-em-parnaiba\/\" \/>\n<meta property=\"og:site_name\" content=\"Portal Not\u00edcia em Pauta\" \/>\n<meta property=\"article:publisher\" content=\"https:\/\/www.facebook.com\/Portal-Notcia-Em-Pauta-102292869264820\/\" \/>\n<meta property=\"article:published_time\" content=\"2024-06-17T19:45:39+00:00\" \/>\n<meta property=\"article:modified_time\" content=\"2024-06-17T19:45:40+00:00\" \/>\n<meta property=\"og:image\" content=\"https:\/\/noticiaempauta.com\/portal\/wp-content\/uploads\/2024\/06\/lider-do-comando-vermelho-e-preso-apos-pm-estourar-boca-de-fumo-em-parnaiba-0f4f0ba7-09aa-4afd-96e9-82e4426f5b3c.jpg.webp\" \/>\n\t<meta property=\"og:image:width\" content=\"900\" \/>\n\t<meta property=\"og:image:height\" content=\"600\" \/>\n\t<meta property=\"og:image:type\" content=\"image\/webp\" \/>\n<meta name=\"author\" content=\"Reda\u00e7\u00e3o\" \/>\n<meta name=\"twitter:card\" content=\"summary_large_image\" \/>\n<meta name=\"twitter:label1\" content=\"Escrito por\" \/>\n\t<meta name=\"twitter:data1\" content=\"Reda\u00e7\u00e3o\" \/>\n\t<meta name=\"twitter:label2\" content=\"Est. tempo de leitura\" \/>\n\t<meta name=\"twitter:data2\" content=\"2 minutos\" \/>\n<script type=\"application\/ld+json\" class=\"yoast-schema-graph\">{\"@context\":\"https:\/\/schema.org\",\"@graph\":[{\"@type\":\"Article\",\"@id\":\"https:\/\/noticiaempauta.com\/portal\/lider-do-comando-vermelho-e-preso-apos-pm-estourar-boca-de-fumo-em-parnaiba\/#article\",\"isPartOf\":{\"@id\":\"https:\/\/noticiaempauta.com\/portal\/lider-do-comando-vermelho-e-preso-apos-pm-estourar-boca-de-fumo-em-parnaiba\/\"},\"author\":{\"name\":\"Reda\u00e7\u00e3o\",\"@id\":\"https:\/\/noticiaempauta.com\/portal\/#\/schema\/person\/a74af43dd1ab3deca45f988c717d57ac\"},\"headline\":\"L\u00edder do Comando Vermelho \u00e9 preso ap\u00f3s PM estourar boca de fumo em Parna\u00edba\",\"datePublished\":\"2024-06-17T19:45:39+00:00\",\"dateModified\":\"2024-06-17T19:45:40+00:00\",\"mainEntityOfPage\":{\"@id\":\"https:\/\/noticiaempauta.com\/portal\/lider-do-comando-vermelho-e-preso-apos-pm-estourar-boca-de-fumo-em-parnaiba\/\"},\"wordCount\":204,\"commentCount\":0,\"publisher\":{\"@id\":\"https:\/\/noticiaempauta.com\/portal\/#organization\"},\"image\":{\"@id\":\"https:\/\/noticiaempauta.com\/portal\/lider-do-comando-vermelho-e-preso-apos-pm-estourar-boca-de-fumo-em-parnaiba\/#primaryimage\"},\"thumbnailUrl\":\"https:\/\/noticiaempauta.com\/portal\/wp-content\/uploads\/2024\/06\/lider-do-comando-vermelho-e-preso-apos-pm-estourar-boca-de-fumo-em-parnaiba-0f4f0ba7-09aa-4afd-96e9-82e4426f5b3c.jpg.webp\",\"keywords\":[\"destaqueprincipal\"],\"articleSection\":[\"Destaques\",\"Geral\",\"Pol\u00edcia\",\"Todas as Not\u00edcias\"],\"inLanguage\":\"pt-BR\",\"potentialAction\":[{\"@type\":\"CommentAction\",\"name\":\"Comment\",\"target\":[\"https:\/\/noticiaempauta.com\/portal\/lider-do-comando-vermelho-e-preso-apos-pm-estourar-boca-de-fumo-em-parnaiba\/#respond\"]}]},{\"@type\":\"WebPage\",\"@id\":\"https:\/\/noticiaempauta.com\/portal\/lider-do-comando-vermelho-e-preso-apos-pm-estourar-boca-de-fumo-em-parnaiba\/\",\"url\":\"https:\/\/noticiaempauta.com\/portal\/lider-do-comando-vermelho-e-preso-apos-pm-estourar-boca-de-fumo-em-parnaiba\/\",\"name\":\"L\u00edder do Comando Vermelho \u00e9 preso ap\u00f3s PM estourar boca de fumo em Parna\u00edba - Portal Not\u00edcia em Pauta\",\"isPartOf\":{\"@id\":\"https:\/\/noticiaempauta.com\/portal\/#website\"},\"primaryImageOfPage\":{\"@id\":\"https:\/\/noticiaempauta.com\/portal\/lider-do-comando-vermelho-e-preso-apos-pm-estourar-boca-de-fumo-em-parnaiba\/#primaryimage\"},\"image\":{\"@id\":\"https:\/\/noticiaempauta.com\/portal\/lider-do-comando-vermelho-e-preso-apos-pm-estourar-boca-de-fumo-em-parnaiba\/#primaryimage\"},\"thumbnailUrl\":\"https:\/\/noticiaempauta.com\/portal\/wp-content\/uploads\/2024\/06\/lider-do-comando-vermelho-e-preso-apos-pm-estourar-boca-de-fumo-em-parnaiba-0f4f0ba7-09aa-4afd-96e9-82e4426f5b3c.jpg.webp\",\"datePublished\":\"2024-06-17T19:45:39+00:00\",\"dateModified\":\"2024-06-17T19:45:40+00:00\",\"breadcrumb\":{\"@id\":\"https:\/\/noticiaempauta.com\/portal\/lider-do-comando-vermelho-e-preso-apos-pm-estourar-boca-de-fumo-em-parnaiba\/#breadcrumb\"},\"inLanguage\":\"pt-BR\",\"potentialAction\":[{\"@type\":\"ReadAction\",\"target\":[\"https:\/\/noticiaempauta.com\/portal\/lider-do-comando-vermelho-e-preso-apos-pm-estourar-boca-de-fumo-em-parnaiba\/\"]}]},{\"@type\":\"ImageObject\",\"inLanguage\":\"pt-BR\",\"@id\":\"https:\/\/noticiaempauta.com\/portal\/lider-do-comando-vermelho-e-preso-apos-pm-estourar-boca-de-fumo-em-parnaiba\/#primaryimage\",\"url\":\"https:\/\/noticiaempauta.com\/portal\/wp-content\/uploads\/2024\/06\/lider-do-comando-vermelho-e-preso-apos-pm-estourar-boca-de-fumo-em-parnaiba-0f4f0ba7-09aa-4afd-96e9-82e4426f5b3c.jpg.webp\",\"contentUrl\":\"https:\/\/noticiaempauta.com\/portal\/wp-content\/uploads\/2024\/06\/lider-do-comando-vermelho-e-preso-apos-pm-estourar-boca-de-fumo-em-parnaiba-0f4f0ba7-09aa-4afd-96e9-82e4426f5b3c.jpg.webp\",\"width\":900,\"height\":600},{\"@type\":\"BreadcrumbList\",\"@id\":\"https:\/\/noticiaempauta.com\/portal\/lider-do-comando-vermelho-e-preso-apos-pm-estourar-boca-de-fumo-em-parnaiba\/#breadcrumb\",\"itemListElement\":[{\"@type\":\"ListItem\",\"position\":1,\"name\":\"P\u00e1gina Inicial\",\"item\":\"https:\/\/noticiaempauta.com\/portal\/\"},{\"@type\":\"ListItem\",\"position\":2,\"name\":\"Destaques\",\"item\":\"https:\/\/noticiaempauta.com\/portal\/destaques-site\/\"},{\"@type\":\"ListItem\",\"position\":3,\"name\":\"L\u00edder do Comando Vermelho \u00e9 preso ap\u00f3s PM estourar boca de fumo em Parna\u00edba\"}]},{\"@type\":\"WebSite\",\"@id\":\"https:\/\/noticiaempauta.com\/portal\/#website\",\"url\":\"https:\/\/noticiaempauta.com\/portal\/\",\"name\":\"Portal Not\u00edcia em Pauta\",\"description\":\"Voc\u00ea bem informado\",\"publisher\":{\"@id\":\"https:\/\/noticiaempauta.com\/portal\/#organization\"},\"potentialAction\":[{\"@type\":\"SearchAction\",\"target\":{\"@type\":\"EntryPoint\",\"urlTemplate\":\"https:\/\/noticiaempauta.com\/portal\/?s={search_term_string}\"},\"query-input\":{\"@type\":\"PropertyValueSpecification\",\"valueRequired\":true,\"valueName\":\"search_term_string\"}}],\"inLanguage\":\"pt-BR\"},{\"@type\":\"Organization\",\"@id\":\"https:\/\/noticiaempauta.com\/portal\/#organization\",\"name\":\"Portal Not\u00edcia em Pauta\",\"url\":\"https:\/\/noticiaempauta.com\/portal\/\",\"logo\":{\"@type\":\"ImageObject\",\"inLanguage\":\"pt-BR\",\"@id\":\"https:\/\/noticiaempauta.com\/portal\/#\/schema\/logo\/image\/\",\"url\":\"https:\/\/noticiaempauta.com\/portal\/wp-content\/uploads\/2022\/08\/logomarca_tema.fw_.png\",\"contentUrl\":\"https:\/\/noticiaempauta.com\/portal\/wp-content\/uploads\/2022\/08\/logomarca_tema.fw_.png\",\"width\":400,\"height\":232,\"caption\":\"Portal Not\u00edcia em Pauta\"},\"image\":{\"@id\":\"https:\/\/noticiaempauta.com\/portal\/#\/schema\/logo\/image\/\"},\"sameAs\":[\"https:\/\/www.facebook.com\/Portal-Notcia-Em-Pauta-102292869264820\/\",\"https:\/\/www.instagram.com\/portalnoticiaempauta\/\"]},{\"@type\":\"Person\",\"@id\":\"https:\/\/noticiaempauta.com\/portal\/#\/schema\/person\/a74af43dd1ab3deca45f988c717d57ac\",\"name\":\"Reda\u00e7\u00e3o\",\"image\":{\"@type\":\"ImageObject\",\"inLanguage\":\"pt-BR\",\"@id\":\"https:\/\/noticiaempauta.com\/portal\/#\/schema\/person\/image\/\",\"url\":\"https:\/\/secure.gravatar.com\/avatar\/03179346ecce6cdfc13361603e8f54242a90e5cde8618fa23c5c00aa2b0aadf3?s=96&d=mm&r=g\",\"contentUrl\":\"https:\/\/secure.gravatar.com\/avatar\/03179346ecce6cdfc13361603e8f54242a90e5cde8618fa23c5c00aa2b0aadf3?s=96&d=mm&r=g\",\"caption\":\"Reda\u00e7\u00e3o\"},\"sameAs\":[\"https:\/\/noticiaempauta.com\/portal\/\"],\"url\":\"https:\/\/noticiaempauta.com\/portal\/author\/fernando\/\"}]}<\/script>\n<!-- \/ Yoast SEO Premium plugin. -->","yoast_head_json":{"title":"L\u00edder do Comando Vermelho \u00e9 preso ap\u00f3s PM estourar boca de fumo em Parna\u00edba - Portal Not\u00edcia em Pauta","robots":{"index":"index","follow":"follow","max-snippet":"max-snippet:-1","max-image-preview":"max-image-preview:large","max-video-preview":"max-video-preview:-1"},"canonical":"https:\/\/noticiaempauta.com\/portal\/lider-do-comando-vermelho-e-preso-apos-pm-estourar-boca-de-fumo-em-parnaiba\/","og_locale":"pt_BR","og_type":"article","og_title":"L\u00edder do Comando Vermelho \u00e9 preso ap\u00f3s PM estourar boca de fumo em Parna\u00edba","og_description":"Um\u00a0l\u00edder da organiza\u00e7\u00e3o criminosa Comando Vermelho\u00a0identificado como\u00a0Francisco Ant\u00f4nio de Souza Ara\u00fajo, mais conhecido como \u201cChapolin\u201d,\u00a0foi\u00a0preso\u00a0na tarde desta segunda-feira (17) ap\u00f3s a Pol\u00edcia Militar do Piau\u00ed\u00a0desarticular uma boca de fumo, no bairro Jo\u00e3o XXIII, em Parna\u00edba, Litoral do Piau\u00ed.\u00a0 Segundo as informa\u00e7\u00f5es fornecidas pelo 27\u00ba Batalh\u00e3o da Pol\u00edcia Militar do Piau\u00ed,\u00a0o acusado ainda tentou resistir \u00e0 [&hellip;]","og_url":"https:\/\/noticiaempauta.com\/portal\/lider-do-comando-vermelho-e-preso-apos-pm-estourar-boca-de-fumo-em-parnaiba\/","og_site_name":"Portal Not\u00edcia em Pauta","article_publisher":"https:\/\/www.facebook.com\/Portal-Notcia-Em-Pauta-102292869264820\/","article_published_time":"2024-06-17T19:45:39+00:00","article_modified_time":"2024-06-17T19:45:40+00:00","og_image":[{"width":900,"height":600,"url":"https:\/\/noticiaempauta.com\/portal\/wp-content\/uploads\/2024\/06\/lider-do-comando-vermelho-e-preso-apos-pm-estourar-boca-de-fumo-em-parnaiba-0f4f0ba7-09aa-4afd-96e9-82e4426f5b3c.jpg.webp","type":"image\/webp"}],"author":"Reda\u00e7\u00e3o","twitter_card":"summary_large_image","twitter_misc":{"Escrito por":"Reda\u00e7\u00e3o","Est. tempo de leitura":"2 minutos"},"schema":{"@context":"https:\/\/schema.org","@graph":[{"@type":"Article","@id":"https:\/\/noticiaempauta.com\/portal\/lider-do-comando-vermelho-e-preso-apos-pm-estourar-boca-de-fumo-em-parnaiba\/#article","isPartOf":{"@id":"https:\/\/noticiaempauta.com\/portal\/lider-do-comando-vermelho-e-preso-apos-pm-estourar-boca-de-fumo-em-parnaiba\/"},"author":{"name":"Reda\u00e7\u00e3o","@id":"https:\/\/noticiaempauta.com\/portal\/#\/schema\/person\/a74af43dd1ab3deca45f988c717d57ac"},"headline":"L\u00edder do Comando Vermelho \u00e9 preso ap\u00f3s PM estourar boca de fumo em Parna\u00edba","datePublished":"2024-06-17T19:45:39+00:00","dateModified":"2024-06-17T19:45:40+00:00","mainEntityOfPage":{"@id":"https:\/\/noticiaempauta.com\/portal\/lider-do-comando-vermelho-e-preso-apos-pm-estourar-boca-de-fumo-em-parnaiba\/"},"wordCount":204,"commentCount":0,"publisher":{"@id":"https:\/\/noticiaempauta.com\/portal\/#organization"},"image":{"@id":"https:\/\/noticiaempauta.com\/portal\/lider-do-comando-vermelho-e-preso-apos-pm-estourar-boca-de-fumo-em-parnaiba\/#primaryimage"},"thumbnailUrl":"https:\/\/noticiaempauta.com\/portal\/wp-content\/uploads\/2024\/06\/lider-do-comando-vermelho-e-preso-apos-pm-estourar-boca-de-fumo-em-parnaiba-0f4f0ba7-09aa-4afd-96e9-82e4426f5b3c.jpg.webp","keywords":["destaqueprincipal"],"articleSection":["Destaques","Geral","Pol\u00edcia","Todas as Not\u00edcias"],"inLanguage":"pt-BR","potentialAction":[{"@type":"CommentAction","name":"Comment","target":["https:\/\/noticiaempauta.com\/portal\/lider-do-comando-vermelho-e-preso-apos-pm-estourar-boca-de-fumo-em-parnaiba\/#respond"]}]},{"@type":"WebPage","@id":"https:\/\/noticiaempauta.com\/portal\/lider-do-comando-vermelho-e-preso-apos-pm-estourar-boca-de-fumo-em-parnaiba\/","url":"https:\/\/noticiaempauta.com\/portal\/lider-do-comando-vermelho-e-preso-apos-pm-estourar-boca-de-fumo-em-parnaiba\/","name":"L\u00edder do Comando Vermelho \u00e9 preso ap\u00f3s PM estourar boca de fumo em Parna\u00edba - Portal Not\u00edcia em Pauta","isPartOf":{"@id":"https:\/\/noticiaempauta.com\/portal\/#website"},"primaryImageOfPage":{"@id":"https:\/\/noticiaempauta.com\/portal\/lider-do-comando-vermelho-e-preso-apos-pm-estourar-boca-de-fumo-em-parnaiba\/#primaryimage"},"image":{"@id":"https:\/\/noticiaempauta.com\/portal\/lider-do-comando-vermelho-e-preso-apos-pm-estourar-boca-de-fumo-em-parnaiba\/#primaryimage"},"thumbnailUrl":"https:\/\/noticiaempauta.com\/portal\/wp-content\/uploads\/2024\/06\/lider-do-comando-vermelho-e-preso-apos-pm-estourar-boca-de-fumo-em-parnaiba-0f4f0ba7-09aa-4afd-96e9-82e4426f5b3c.jpg.webp","datePublished":"2024-06-17T19:45:39+00:00","dateModified":"2024-06-17T19:45:40+00:00","breadcrumb":{"@id":"https:\/\/noticiaempauta.com\/portal\/lider-do-comando-vermelho-e-preso-apos-pm-estourar-boca-de-fumo-em-parnaiba\/#breadcrumb"},"inLanguage":"pt-BR","potentialAction":[{"@type":"ReadAction","target":["https:\/\/noticiaempauta.com\/portal\/lider-do-comando-vermelho-e-preso-apos-pm-estourar-boca-de-fumo-em-parnaiba\/"]}]},{"@type":"ImageObject","inLanguage":"pt-BR","@id":"https:\/\/noticiaempauta.com\/portal\/lider-do-comando-vermelho-e-preso-apos-pm-estourar-boca-de-fumo-em-parnaiba\/#primaryimage","url":"https:\/\/noticiaempauta.com\/portal\/wp-content\/uploads\/2024\/06\/lider-do-comando-vermelho-e-preso-apos-pm-estourar-boca-de-fumo-em-parnaiba-0f4f0ba7-09aa-4afd-96e9-82e4426f5b3c.jpg.webp","contentUrl":"https:\/\/noticiaempauta.com\/portal\/wp-content\/uploads\/2024\/06\/lider-do-comando-vermelho-e-preso-apos-pm-estourar-boca-de-fumo-em-parnaiba-0f4f0ba7-09aa-4afd-96e9-82e4426f5b3c.jpg.webp","width":900,"height":600},{"@type":"BreadcrumbList","@id":"https:\/\/noticiaempauta.com\/portal\/lider-do-comando-vermelho-e-preso-apos-pm-estourar-boca-de-fumo-em-parnaiba\/#breadcrumb","itemListElement":[{"@type":"ListItem","position":1,"name":"P\u00e1gina Inicial","item":"https:\/\/noticiaempauta.com\/portal\/"},{"@type":"ListItem","position":2,"name":"Destaques","item":"https:\/\/noticiaempauta.com\/portal\/destaques-site\/"},{"@type":"ListItem","position":3,"name":"L\u00edder do Comando Vermelho \u00e9 preso ap\u00f3s PM estourar boca de fumo em Parna\u00edba"}]},{"@type":"WebSite","@id":"https:\/\/noticiaempauta.com\/portal\/#website","url":"https:\/\/noticiaempauta.com\/portal\/","name":"Portal Not\u00edcia em Pauta","description":"Voc\u00ea bem informado","publisher":{"@id":"https:\/\/noticiaempauta.com\/portal\/#organization"},"potentialAction":[{"@type":"SearchAction","target":{"@type":"EntryPoint","urlTemplate":"https:\/\/noticiaempauta.com\/portal\/?s={search_term_string}"},"query-input":{"@type":"PropertyValueSpecification","valueRequired":true,"valueName":"search_term_string"}}],"inLanguage":"pt-BR"},{"@type":"Organization","@id":"https:\/\/noticiaempauta.com\/portal\/#organization","name":"Portal Not\u00edcia em Pauta","url":"https:\/\/noticiaempauta.com\/portal\/","logo":{"@type":"ImageObject","inLanguage":"pt-BR","@id":"https:\/\/noticiaempauta.com\/portal\/#\/schema\/logo\/image\/","url":"https:\/\/noticiaempauta.com\/portal\/wp-content\/uploads\/2022\/08\/logomarca_tema.fw_.png","contentUrl":"https:\/\/noticiaempauta.com\/portal\/wp-content\/uploads\/2022\/08\/logomarca_tema.fw_.png","width":400,"height":232,"caption":"Portal Not\u00edcia em Pauta"},"image":{"@id":"https:\/\/noticiaempauta.com\/portal\/#\/schema\/logo\/image\/"},"sameAs":["https:\/\/www.facebook.com\/Portal-Notcia-Em-Pauta-102292869264820\/","https:\/\/www.instagram.com\/portalnoticiaempauta\/"]},{"@type":"Person","@id":"https:\/\/noticiaempauta.com\/portal\/#\/schema\/person\/a74af43dd1ab3deca45f988c717d57ac","name":"Reda\u00e7\u00e3o","image":{"@type":"ImageObject","inLanguage":"pt-BR","@id":"https:\/\/noticiaempauta.com\/portal\/#\/schema\/person\/image\/","url":"https:\/\/secure.gravatar.com\/avatar\/03179346ecce6cdfc13361603e8f54242a90e5cde8618fa23c5c00aa2b0aadf3?s=96&d=mm&r=g","contentUrl":"https:\/\/secure.gravatar.com\/avatar\/03179346ecce6cdfc13361603e8f54242a90e5cde8618fa23c5c00aa2b0aadf3?s=96&d=mm&r=g","caption":"Reda\u00e7\u00e3o"},"sameAs":["https:\/\/noticiaempauta.com\/portal\/"],"url":"https:\/\/noticiaempauta.com\/portal\/author\/fernando\/"}]}},"_links":{"self":[{"href":"https:\/\/noticiaempauta.com\/portal\/wp-json\/wp\/v2\/posts\/258881","targetHints":{"allow":["GET"]}}],"collection":[{"href":"https:\/\/noticiaempauta.com\/portal\/wp-json\/wp\/v2\/posts"}],"about":[{"href":"https:\/\/noticiaempauta.com\/portal\/wp-json\/wp\/v2\/types\/post"}],"author":[{"embeddable":true,"href":"https:\/\/noticiaempauta.com\/portal\/wp-json\/wp\/v2\/users\/2"}],"replies":[{"embeddable":true,"href":"https:\/\/noticiaempauta.com\/portal\/wp-json\/wp\/v2\/comments?post=258881"}],"version-history":[{"count":2,"href":"https:\/\/noticiaempauta.com\/portal\/wp-json\/wp\/v2\/posts\/258881\/revisions"}],"predecessor-version":[{"id":258884,"href":"https:\/\/noticiaempauta.com\/portal\/wp-json\/wp\/v2\/posts\/258881\/revisions\/258884"}],"wp:featuredmedia":[{"embeddable":true,"href":"https:\/\/noticiaempauta.com\/portal\/wp-json\/wp\/v2\/media\/258882"}],"wp:attachment":[{"href":"https:\/\/noticiaempauta.com\/portal\/wp-json\/wp\/v2\/media?parent=258881"}],"wp:term":[{"taxonomy":"category","embeddable":true,"href":"https:\/\/noticiaempauta.com\/portal\/wp-json\/wp\/v2\/categories?post=258881"},{"taxonomy":"post_tag","embeddable":true,"href":"https:\/\/noticiaempauta.com\/portal\/wp-json\/wp\/v2\/tags?post=258881"}],"curies":[{"name":"wp","href":"https:\/\/api.w.org\/{rel}","templated":true}]}}