{"id":259004,"date":"2024-06-18T10:05:29","date_gmt":"2024-06-18T13:05:29","guid":{"rendered":"https:\/\/noticiaempauta.com\/portal\/?p=259004"},"modified":"2024-06-18T10:05:30","modified_gmt":"2024-06-18T13:05:30","slug":"entenda-a-taxacao-sobre-energia-solar-iniciada-pela-equatorial","status":"publish","type":"post","link":"https:\/\/noticiaempauta.com\/portal\/entenda-a-taxacao-sobre-energia-solar-iniciada-pela-equatorial\/","title":{"rendered":"Entenda a taxa\u00e7\u00e3o sobre energia solar iniciada pela Equatorial"},"content":{"rendered":"\n<p>A conta de energia, para empresas que optam pela energia solar, \u00e9 composta por dois pilares: a Tarifa de Energia (TE) e a Tarifa de Uso do Sistema de Distribui\u00e7\u00e3o (TUSD).<\/p>\n\n\n\n<p><strong>Tarifa de Energia (TE)<\/strong>: Abrange os custos com a compra da energia em si.<br><strong>Tarifa de Uso do Sistema de Distribui\u00e7\u00e3o (TUSD)<\/strong>: Cobre os custos de transmiss\u00e3o e distribui\u00e7\u00e3o da energia, sendo subdividida em Fio A (transmiss\u00e3o) e Fio B (distribui\u00e7\u00e3o).<\/p>\n\n\n\n<p><strong>Fio B: A Taxa de uso da rede de distribui\u00e7\u00e3o<\/strong><\/p>\n\n\n\n<p>O Fio B \u00e9 a tarifa cobrada pelo uso da infraestrutura da rede de distribui\u00e7\u00e3o de energia da concession\u00e1ria. Regulamentada pela Ag\u00eancia Nacional de Energia El\u00e9trica (Aneel),&nbsp;<strong>essa taxa garante a manuten\u00e7\u00e3o e o aprimoramento da rede.<\/strong><\/p>\n\n\n\n<p>A Lei 14.300, de 2022,&nbsp;<strong>trouxe uma mudan\u00e7a crucial<\/strong>: consumidores que utilizam sistemas fotovoltaicos e injetam energia excedente na rede p\u00fablica agora pagam o Fio B. Essa cobran\u00e7a, iniciada em 2023, visa garantir a equidade no sistema el\u00e9trico,<strong>&nbsp;pois a rede ainda \u00e9 utilizada para a distribui\u00e7\u00e3o da energia solar n\u00e3o consumida.<\/strong><\/p>\n\n\n\n<p><strong>Evolu\u00e7\u00e3o gradativa da cobran\u00e7a do Fio B: um panorama detalhado<\/strong><\/p>\n\n\n\n<p>A cobran\u00e7a do Fio B segue um cronograma gradual de aumento at\u00e9 2028, conforme detalhado abaixo:<\/p>\n\n\n\n<p>2023: 15%<br>2024: 30%<br>2025: 45%<br>2026: 60%<br>2027: 75%<br>2028: 90%<\/p>\n\n\n\n<p><strong>Consumidores com solicita\u00e7\u00e3o antes de 2023: uma isen\u00e7\u00e3o tempor\u00e1ria<\/strong><\/p>\n\n\n\n<p>Consumidores que solicitaram o uso do sistema fotovoltaico antes de 7 de janeiro de 2023 ficam&nbsp;<strong>isentas da cobran\u00e7a do Fio B at\u00e9 2045<\/strong>. Em 2029, a Aneel definir\u00e1 as regras para o futuro.<\/p>\n\n\n\n<p><strong>Calculando o Fio B: um passo a passo detalhado<\/strong><\/p>\n\n\n\n<p>O c\u00e1lculo do Fio B pode ser realizado no site da Aneel:<\/p>\n\n\n\n<p>Acesse o site da Aneel;<br>No menu, selecione &#8220;Assuntos&#8221;;<br>Escolha &#8220;Tarifas&#8221;;<br>Acesse &#8220;Relat\u00f3rios e Indicadores&#8221;;<br>Descendo a p\u00e1gina, encontre &#8220;Base de Dados das Tarifas das Distribuidoras de Energia El\u00e9trica&#8221;;<br>No menu superior esquerdo, procure &#8220;Componentes Tarif\u00e1rias&#8221;;<br>Busque por &#8220;Componente Tarif\u00e1ria&#8221; e clique em &#8220;TUSD Fio B&#8221;;<br>Selecione o &#8220;Ano&#8221; e &#8220;M\u00eas&#8221; desejados;<br>Clique no ano para obter o valor.<\/p>\n\n\n\n<p>O valor do Fio B na conta de luz pode ser obtido dividindo-se o valor da tabela pela tarifa e multiplicando o resultado por 100.<\/p>\n\n\n\n<p><strong>Fio B e energia solar: uma rela\u00e7\u00e3o transparente<\/strong><\/p>\n\n\n\n<p>Compreender o custo do Fio B \u00e9 crucial para consumidores que utilizam energia solar, permitindo uma an\u00e1lise completa dos custos e benef\u00edcios do sistema. Mesmo com a gera\u00e7\u00e3o solar, a rede de distribui\u00e7\u00e3o da concession\u00e1ria ainda \u00e9 utilizada, gerando custos que a tarifa visa cobrir. Para um c\u00e1lculo preciso do Fio B e uma an\u00e1lise completa da viabilidade da energia solar para o seu neg\u00f3cio, consulte um profissional especializado.<\/p>\n\n\n\n<p><strong><em>Fonte: Cidade Verde<\/em><\/strong><\/p>\n","protected":false},"excerpt":{"rendered":"<p>A conta de energia, para empresas que optam pela energia solar, \u00e9 composta por dois pilares: a Tarifa de Energia (TE) e a Tarifa de Uso do Sistema de Distribui\u00e7\u00e3o (TUSD). Tarifa de Energia (TE): Abrange os custos com a compra da energia em si.Tarifa de Uso do Sistema de Distribui\u00e7\u00e3o (TUSD): Cobre os custos [&hellip;]<\/p>\n","protected":false},"author":2,"featured_media":243610,"comment_status":"open","ping_status":"open","sticky":false,"template":"","format":"standard","meta":{"_mi_skip_tracking":false,"footnotes":""},"categories":[25,6,1,16],"tags":[192],"class_list":["post-259004","post","type-post","status-publish","format-standard","has-post-thumbnail","hentry","category-destaques-site","category-economia","category-geral","category-todas","tag-destaqueprincipal"],"acf":[],"yoast_head":"<!-- This site is optimized with the Yoast SEO Premium plugin v19.2 (Yoast SEO v26.9) - https:\/\/yoast.com\/product\/yoast-seo-premium-wordpress\/ -->\n<title>Entenda a taxa\u00e7\u00e3o sobre energia solar iniciada pela Equatorial - Portal Not\u00edcia em Pauta<\/title>\n<meta name=\"robots\" content=\"index, follow, max-snippet:-1, max-image-preview:large, max-video-preview:-1\" \/>\n<link rel=\"canonical\" href=\"https:\/\/noticiaempauta.com\/portal\/entenda-a-taxacao-sobre-energia-solar-iniciada-pela-equatorial\/\" \/>\n<meta property=\"og:locale\" content=\"pt_BR\" \/>\n<meta property=\"og:type\" content=\"article\" \/>\n<meta property=\"og:title\" content=\"Entenda a taxa\u00e7\u00e3o sobre energia solar iniciada pela Equatorial\" \/>\n<meta property=\"og:description\" content=\"A conta de energia, para empresas que optam pela energia solar, \u00e9 composta por dois pilares: a Tarifa de Energia (TE) e a Tarifa de Uso do Sistema de Distribui\u00e7\u00e3o (TUSD). Tarifa de Energia (TE): Abrange os custos com a compra da energia em si.Tarifa de Uso do Sistema de Distribui\u00e7\u00e3o (TUSD): Cobre os custos [&hellip;]\" \/>\n<meta property=\"og:url\" content=\"https:\/\/noticiaempauta.com\/portal\/entenda-a-taxacao-sobre-energia-solar-iniciada-pela-equatorial\/\" \/>\n<meta property=\"og:site_name\" content=\"Portal Not\u00edcia em Pauta\" \/>\n<meta property=\"article:publisher\" content=\"https:\/\/www.facebook.com\/Portal-Notcia-Em-Pauta-102292869264820\/\" \/>\n<meta property=\"article:published_time\" content=\"2024-06-18T13:05:29+00:00\" \/>\n<meta property=\"article:modified_time\" content=\"2024-06-18T13:05:30+00:00\" \/>\n<meta property=\"og:image\" content=\"https:\/\/noticiaempauta.com\/portal\/wp-content\/uploads\/2023\/01\/Energia-Solar.webp\" \/>\n\t<meta property=\"og:image:width\" content=\"2169\" \/>\n\t<meta property=\"og:image:height\" content=\"1200\" \/>\n\t<meta property=\"og:image:type\" content=\"image\/webp\" \/>\n<meta name=\"author\" content=\"Reda\u00e7\u00e3o\" \/>\n<meta name=\"twitter:card\" content=\"summary_large_image\" \/>\n<meta name=\"twitter:label1\" content=\"Escrito por\" \/>\n\t<meta name=\"twitter:data1\" content=\"Reda\u00e7\u00e3o\" \/>\n\t<meta name=\"twitter:label2\" content=\"Est. tempo de leitura\" \/>\n\t<meta name=\"twitter:data2\" content=\"3 minutos\" \/>\n<script type=\"application\/ld+json\" class=\"yoast-schema-graph\">{\"@context\":\"https:\/\/schema.org\",\"@graph\":[{\"@type\":\"Article\",\"@id\":\"https:\/\/noticiaempauta.com\/portal\/entenda-a-taxacao-sobre-energia-solar-iniciada-pela-equatorial\/#article\",\"isPartOf\":{\"@id\":\"https:\/\/noticiaempauta.com\/portal\/entenda-a-taxacao-sobre-energia-solar-iniciada-pela-equatorial\/\"},\"author\":{\"name\":\"Reda\u00e7\u00e3o\",\"@id\":\"https:\/\/noticiaempauta.com\/portal\/#\/schema\/person\/a74af43dd1ab3deca45f988c717d57ac\"},\"headline\":\"Entenda a taxa\u00e7\u00e3o sobre energia solar iniciada pela Equatorial\",\"datePublished\":\"2024-06-18T13:05:29+00:00\",\"dateModified\":\"2024-06-18T13:05:30+00:00\",\"mainEntityOfPage\":{\"@id\":\"https:\/\/noticiaempauta.com\/portal\/entenda-a-taxacao-sobre-energia-solar-iniciada-pela-equatorial\/\"},\"wordCount\":465,\"commentCount\":0,\"publisher\":{\"@id\":\"https:\/\/noticiaempauta.com\/portal\/#organization\"},\"image\":{\"@id\":\"https:\/\/noticiaempauta.com\/portal\/entenda-a-taxacao-sobre-energia-solar-iniciada-pela-equatorial\/#primaryimage\"},\"thumbnailUrl\":\"https:\/\/noticiaempauta.com\/portal\/wp-content\/uploads\/2023\/01\/Energia-Solar.webp\",\"keywords\":[\"destaqueprincipal\"],\"articleSection\":[\"Destaques\",\"Economia\",\"Geral\",\"Todas as Not\u00edcias\"],\"inLanguage\":\"pt-BR\",\"potentialAction\":[{\"@type\":\"CommentAction\",\"name\":\"Comment\",\"target\":[\"https:\/\/noticiaempauta.com\/portal\/entenda-a-taxacao-sobre-energia-solar-iniciada-pela-equatorial\/#respond\"]}]},{\"@type\":\"WebPage\",\"@id\":\"https:\/\/noticiaempauta.com\/portal\/entenda-a-taxacao-sobre-energia-solar-iniciada-pela-equatorial\/\",\"url\":\"https:\/\/noticiaempauta.com\/portal\/entenda-a-taxacao-sobre-energia-solar-iniciada-pela-equatorial\/\",\"name\":\"Entenda a taxa\u00e7\u00e3o sobre energia solar iniciada pela Equatorial - Portal Not\u00edcia em Pauta\",\"isPartOf\":{\"@id\":\"https:\/\/noticiaempauta.com\/portal\/#website\"},\"primaryImageOfPage\":{\"@id\":\"https:\/\/noticiaempauta.com\/portal\/entenda-a-taxacao-sobre-energia-solar-iniciada-pela-equatorial\/#primaryimage\"},\"image\":{\"@id\":\"https:\/\/noticiaempauta.com\/portal\/entenda-a-taxacao-sobre-energia-solar-iniciada-pela-equatorial\/#primaryimage\"},\"thumbnailUrl\":\"https:\/\/noticiaempauta.com\/portal\/wp-content\/uploads\/2023\/01\/Energia-Solar.webp\",\"datePublished\":\"2024-06-18T13:05:29+00:00\",\"dateModified\":\"2024-06-18T13:05:30+00:00\",\"breadcrumb\":{\"@id\":\"https:\/\/noticiaempauta.com\/portal\/entenda-a-taxacao-sobre-energia-solar-iniciada-pela-equatorial\/#breadcrumb\"},\"inLanguage\":\"pt-BR\",\"potentialAction\":[{\"@type\":\"ReadAction\",\"target\":[\"https:\/\/noticiaempauta.com\/portal\/entenda-a-taxacao-sobre-energia-solar-iniciada-pela-equatorial\/\"]}]},{\"@type\":\"ImageObject\",\"inLanguage\":\"pt-BR\",\"@id\":\"https:\/\/noticiaempauta.com\/portal\/entenda-a-taxacao-sobre-energia-solar-iniciada-pela-equatorial\/#primaryimage\",\"url\":\"https:\/\/noticiaempauta.com\/portal\/wp-content\/uploads\/2023\/01\/Energia-Solar.webp\",\"contentUrl\":\"https:\/\/noticiaempauta.com\/portal\/wp-content\/uploads\/2023\/01\/Energia-Solar.webp\",\"width\":2169,\"height\":1200},{\"@type\":\"BreadcrumbList\",\"@id\":\"https:\/\/noticiaempauta.com\/portal\/entenda-a-taxacao-sobre-energia-solar-iniciada-pela-equatorial\/#breadcrumb\",\"itemListElement\":[{\"@type\":\"ListItem\",\"position\":1,\"name\":\"P\u00e1gina Inicial\",\"item\":\"https:\/\/noticiaempauta.com\/portal\/\"},{\"@type\":\"ListItem\",\"position\":2,\"name\":\"Destaques\",\"item\":\"https:\/\/noticiaempauta.com\/portal\/destaques-site\/\"},{\"@type\":\"ListItem\",\"position\":3,\"name\":\"Entenda a taxa\u00e7\u00e3o sobre energia solar iniciada pela Equatorial\"}]},{\"@type\":\"WebSite\",\"@id\":\"https:\/\/noticiaempauta.com\/portal\/#website\",\"url\":\"https:\/\/noticiaempauta.com\/portal\/\",\"name\":\"Portal Not\u00edcia em Pauta\",\"description\":\"Voc\u00ea bem informado\",\"publisher\":{\"@id\":\"https:\/\/noticiaempauta.com\/portal\/#organization\"},\"potentialAction\":[{\"@type\":\"SearchAction\",\"target\":{\"@type\":\"EntryPoint\",\"urlTemplate\":\"https:\/\/noticiaempauta.com\/portal\/?s={search_term_string}\"},\"query-input\":{\"@type\":\"PropertyValueSpecification\",\"valueRequired\":true,\"valueName\":\"search_term_string\"}}],\"inLanguage\":\"pt-BR\"},{\"@type\":\"Organization\",\"@id\":\"https:\/\/noticiaempauta.com\/portal\/#organization\",\"name\":\"Portal Not\u00edcia em Pauta\",\"url\":\"https:\/\/noticiaempauta.com\/portal\/\",\"logo\":{\"@type\":\"ImageObject\",\"inLanguage\":\"pt-BR\",\"@id\":\"https:\/\/noticiaempauta.com\/portal\/#\/schema\/logo\/image\/\",\"url\":\"https:\/\/noticiaempauta.com\/portal\/wp-content\/uploads\/2022\/08\/logomarca_tema.fw_.png\",\"contentUrl\":\"https:\/\/noticiaempauta.com\/portal\/wp-content\/uploads\/2022\/08\/logomarca_tema.fw_.png\",\"width\":400,\"height\":232,\"caption\":\"Portal Not\u00edcia em Pauta\"},\"image\":{\"@id\":\"https:\/\/noticiaempauta.com\/portal\/#\/schema\/logo\/image\/\"},\"sameAs\":[\"https:\/\/www.facebook.com\/Portal-Notcia-Em-Pauta-102292869264820\/\",\"https:\/\/www.instagram.com\/portalnoticiaempauta\/\"]},{\"@type\":\"Person\",\"@id\":\"https:\/\/noticiaempauta.com\/portal\/#\/schema\/person\/a74af43dd1ab3deca45f988c717d57ac\",\"name\":\"Reda\u00e7\u00e3o\",\"image\":{\"@type\":\"ImageObject\",\"inLanguage\":\"pt-BR\",\"@id\":\"https:\/\/noticiaempauta.com\/portal\/#\/schema\/person\/image\/\",\"url\":\"https:\/\/secure.gravatar.com\/avatar\/03179346ecce6cdfc13361603e8f54242a90e5cde8618fa23c5c00aa2b0aadf3?s=96&d=mm&r=g\",\"contentUrl\":\"https:\/\/secure.gravatar.com\/avatar\/03179346ecce6cdfc13361603e8f54242a90e5cde8618fa23c5c00aa2b0aadf3?s=96&d=mm&r=g\",\"caption\":\"Reda\u00e7\u00e3o\"},\"sameAs\":[\"https:\/\/noticiaempauta.com\/portal\/\"],\"url\":\"https:\/\/noticiaempauta.com\/portal\/author\/fernando\/\"}]}<\/script>\n<!-- \/ Yoast SEO Premium plugin. -->","yoast_head_json":{"title":"Entenda a taxa\u00e7\u00e3o sobre energia solar iniciada pela Equatorial - Portal Not\u00edcia em Pauta","robots":{"index":"index","follow":"follow","max-snippet":"max-snippet:-1","max-image-preview":"max-image-preview:large","max-video-preview":"max-video-preview:-1"},"canonical":"https:\/\/noticiaempauta.com\/portal\/entenda-a-taxacao-sobre-energia-solar-iniciada-pela-equatorial\/","og_locale":"pt_BR","og_type":"article","og_title":"Entenda a taxa\u00e7\u00e3o sobre energia solar iniciada pela Equatorial","og_description":"A conta de energia, para empresas que optam pela energia solar, \u00e9 composta por dois pilares: a Tarifa de Energia (TE) e a Tarifa de Uso do Sistema de Distribui\u00e7\u00e3o (TUSD). Tarifa de Energia (TE): Abrange os custos com a compra da energia em si.Tarifa de Uso do Sistema de Distribui\u00e7\u00e3o (TUSD): Cobre os custos [&hellip;]","og_url":"https:\/\/noticiaempauta.com\/portal\/entenda-a-taxacao-sobre-energia-solar-iniciada-pela-equatorial\/","og_site_name":"Portal Not\u00edcia em Pauta","article_publisher":"https:\/\/www.facebook.com\/Portal-Notcia-Em-Pauta-102292869264820\/","article_published_time":"2024-06-18T13:05:29+00:00","article_modified_time":"2024-06-18T13:05:30+00:00","og_image":[{"width":2169,"height":1200,"url":"https:\/\/noticiaempauta.com\/portal\/wp-content\/uploads\/2023\/01\/Energia-Solar.webp","type":"image\/webp"}],"author":"Reda\u00e7\u00e3o","twitter_card":"summary_large_image","twitter_misc":{"Escrito por":"Reda\u00e7\u00e3o","Est. tempo de leitura":"3 minutos"},"schema":{"@context":"https:\/\/schema.org","@graph":[{"@type":"Article","@id":"https:\/\/noticiaempauta.com\/portal\/entenda-a-taxacao-sobre-energia-solar-iniciada-pela-equatorial\/#article","isPartOf":{"@id":"https:\/\/noticiaempauta.com\/portal\/entenda-a-taxacao-sobre-energia-solar-iniciada-pela-equatorial\/"},"author":{"name":"Reda\u00e7\u00e3o","@id":"https:\/\/noticiaempauta.com\/portal\/#\/schema\/person\/a74af43dd1ab3deca45f988c717d57ac"},"headline":"Entenda a taxa\u00e7\u00e3o sobre energia solar iniciada pela Equatorial","datePublished":"2024-06-18T13:05:29+00:00","dateModified":"2024-06-18T13:05:30+00:00","mainEntityOfPage":{"@id":"https:\/\/noticiaempauta.com\/portal\/entenda-a-taxacao-sobre-energia-solar-iniciada-pela-equatorial\/"},"wordCount":465,"commentCount":0,"publisher":{"@id":"https:\/\/noticiaempauta.com\/portal\/#organization"},"image":{"@id":"https:\/\/noticiaempauta.com\/portal\/entenda-a-taxacao-sobre-energia-solar-iniciada-pela-equatorial\/#primaryimage"},"thumbnailUrl":"https:\/\/noticiaempauta.com\/portal\/wp-content\/uploads\/2023\/01\/Energia-Solar.webp","keywords":["destaqueprincipal"],"articleSection":["Destaques","Economia","Geral","Todas as Not\u00edcias"],"inLanguage":"pt-BR","potentialAction":[{"@type":"CommentAction","name":"Comment","target":["https:\/\/noticiaempauta.com\/portal\/entenda-a-taxacao-sobre-energia-solar-iniciada-pela-equatorial\/#respond"]}]},{"@type":"WebPage","@id":"https:\/\/noticiaempauta.com\/portal\/entenda-a-taxacao-sobre-energia-solar-iniciada-pela-equatorial\/","url":"https:\/\/noticiaempauta.com\/portal\/entenda-a-taxacao-sobre-energia-solar-iniciada-pela-equatorial\/","name":"Entenda a taxa\u00e7\u00e3o sobre energia solar iniciada pela Equatorial - Portal Not\u00edcia em Pauta","isPartOf":{"@id":"https:\/\/noticiaempauta.com\/portal\/#website"},"primaryImageOfPage":{"@id":"https:\/\/noticiaempauta.com\/portal\/entenda-a-taxacao-sobre-energia-solar-iniciada-pela-equatorial\/#primaryimage"},"image":{"@id":"https:\/\/noticiaempauta.com\/portal\/entenda-a-taxacao-sobre-energia-solar-iniciada-pela-equatorial\/#primaryimage"},"thumbnailUrl":"https:\/\/noticiaempauta.com\/portal\/wp-content\/uploads\/2023\/01\/Energia-Solar.webp","datePublished":"2024-06-18T13:05:29+00:00","dateModified":"2024-06-18T13:05:30+00:00","breadcrumb":{"@id":"https:\/\/noticiaempauta.com\/portal\/entenda-a-taxacao-sobre-energia-solar-iniciada-pela-equatorial\/#breadcrumb"},"inLanguage":"pt-BR","potentialAction":[{"@type":"ReadAction","target":["https:\/\/noticiaempauta.com\/portal\/entenda-a-taxacao-sobre-energia-solar-iniciada-pela-equatorial\/"]}]},{"@type":"ImageObject","inLanguage":"pt-BR","@id":"https:\/\/noticiaempauta.com\/portal\/entenda-a-taxacao-sobre-energia-solar-iniciada-pela-equatorial\/#primaryimage","url":"https:\/\/noticiaempauta.com\/portal\/wp-content\/uploads\/2023\/01\/Energia-Solar.webp","contentUrl":"https:\/\/noticiaempauta.com\/portal\/wp-content\/uploads\/2023\/01\/Energia-Solar.webp","width":2169,"height":1200},{"@type":"BreadcrumbList","@id":"https:\/\/noticiaempauta.com\/portal\/entenda-a-taxacao-sobre-energia-solar-iniciada-pela-equatorial\/#breadcrumb","itemListElement":[{"@type":"ListItem","position":1,"name":"P\u00e1gina Inicial","item":"https:\/\/noticiaempauta.com\/portal\/"},{"@type":"ListItem","position":2,"name":"Destaques","item":"https:\/\/noticiaempauta.com\/portal\/destaques-site\/"},{"@type":"ListItem","position":3,"name":"Entenda a taxa\u00e7\u00e3o sobre energia solar iniciada pela Equatorial"}]},{"@type":"WebSite","@id":"https:\/\/noticiaempauta.com\/portal\/#website","url":"https:\/\/noticiaempauta.com\/portal\/","name":"Portal Not\u00edcia em Pauta","description":"Voc\u00ea bem informado","publisher":{"@id":"https:\/\/noticiaempauta.com\/portal\/#organization"},"potentialAction":[{"@type":"SearchAction","target":{"@type":"EntryPoint","urlTemplate":"https:\/\/noticiaempauta.com\/portal\/?s={search_term_string}"},"query-input":{"@type":"PropertyValueSpecification","valueRequired":true,"valueName":"search_term_string"}}],"inLanguage":"pt-BR"},{"@type":"Organization","@id":"https:\/\/noticiaempauta.com\/portal\/#organization","name":"Portal Not\u00edcia em Pauta","url":"https:\/\/noticiaempauta.com\/portal\/","logo":{"@type":"ImageObject","inLanguage":"pt-BR","@id":"https:\/\/noticiaempauta.com\/portal\/#\/schema\/logo\/image\/","url":"https:\/\/noticiaempauta.com\/portal\/wp-content\/uploads\/2022\/08\/logomarca_tema.fw_.png","contentUrl":"https:\/\/noticiaempauta.com\/portal\/wp-content\/uploads\/2022\/08\/logomarca_tema.fw_.png","width":400,"height":232,"caption":"Portal Not\u00edcia em Pauta"},"image":{"@id":"https:\/\/noticiaempauta.com\/portal\/#\/schema\/logo\/image\/"},"sameAs":["https:\/\/www.facebook.com\/Portal-Notcia-Em-Pauta-102292869264820\/","https:\/\/www.instagram.com\/portalnoticiaempauta\/"]},{"@type":"Person","@id":"https:\/\/noticiaempauta.com\/portal\/#\/schema\/person\/a74af43dd1ab3deca45f988c717d57ac","name":"Reda\u00e7\u00e3o","image":{"@type":"ImageObject","inLanguage":"pt-BR","@id":"https:\/\/noticiaempauta.com\/portal\/#\/schema\/person\/image\/","url":"https:\/\/secure.gravatar.com\/avatar\/03179346ecce6cdfc13361603e8f54242a90e5cde8618fa23c5c00aa2b0aadf3?s=96&d=mm&r=g","contentUrl":"https:\/\/secure.gravatar.com\/avatar\/03179346ecce6cdfc13361603e8f54242a90e5cde8618fa23c5c00aa2b0aadf3?s=96&d=mm&r=g","caption":"Reda\u00e7\u00e3o"},"sameAs":["https:\/\/noticiaempauta.com\/portal\/"],"url":"https:\/\/noticiaempauta.com\/portal\/author\/fernando\/"}]}},"_links":{"self":[{"href":"https:\/\/noticiaempauta.com\/portal\/wp-json\/wp\/v2\/posts\/259004","targetHints":{"allow":["GET"]}}],"collection":[{"href":"https:\/\/noticiaempauta.com\/portal\/wp-json\/wp\/v2\/posts"}],"about":[{"href":"https:\/\/noticiaempauta.com\/portal\/wp-json\/wp\/v2\/types\/post"}],"author":[{"embeddable":true,"href":"https:\/\/noticiaempauta.com\/portal\/wp-json\/wp\/v2\/users\/2"}],"replies":[{"embeddable":true,"href":"https:\/\/noticiaempauta.com\/portal\/wp-json\/wp\/v2\/comments?post=259004"}],"version-history":[{"count":2,"href":"https:\/\/noticiaempauta.com\/portal\/wp-json\/wp\/v2\/posts\/259004\/revisions"}],"predecessor-version":[{"id":259006,"href":"https:\/\/noticiaempauta.com\/portal\/wp-json\/wp\/v2\/posts\/259004\/revisions\/259006"}],"wp:featuredmedia":[{"embeddable":true,"href":"https:\/\/noticiaempauta.com\/portal\/wp-json\/wp\/v2\/media\/243610"}],"wp:attachment":[{"href":"https:\/\/noticiaempauta.com\/portal\/wp-json\/wp\/v2\/media?parent=259004"}],"wp:term":[{"taxonomy":"category","embeddable":true,"href":"https:\/\/noticiaempauta.com\/portal\/wp-json\/wp\/v2\/categories?post=259004"},{"taxonomy":"post_tag","embeddable":true,"href":"https:\/\/noticiaempauta.com\/portal\/wp-json\/wp\/v2\/tags?post=259004"}],"curies":[{"name":"wp","href":"https:\/\/api.w.org\/{rel}","templated":true}]}}