{"id":259011,"date":"2024-06-18T10:16:54","date_gmt":"2024-06-18T13:16:54","guid":{"rendered":"https:\/\/noticiaempauta.com\/portal\/?p=259011"},"modified":"2024-06-18T10:16:55","modified_gmt":"2024-06-18T13:16:55","slug":"governo-do-estado-entrega-segunda-etapa-do-porto-piaui-ainda-este-ano-obras-seguem-aceleradas","status":"publish","type":"post","link":"https:\/\/noticiaempauta.com\/portal\/governo-do-estado-entrega-segunda-etapa-do-porto-piaui-ainda-este-ano-obras-seguem-aceleradas\/","title":{"rendered":"Governo do Estado entrega segunda etapa do Porto Piau\u00ed ainda este ano; obras seguem aceleradas"},"content":{"rendered":"\n<p>As obras do Porto Piau\u00ed, em Lu\u00eds Correia, avan\u00e7am dentro do cronograma previsto. At\u00e9 o fim deste ano, a sede administrativa da institui\u00e7\u00e3o, o p\u00e1tio de mercadorias e duas etapas do Terminal Pesqueiro de Lu\u00eds Correia (TPLC) ser\u00e3o entregues.<\/p>\n\n\n\n<p>O terminal pesqueiro ir\u00e1 permitir as atividades de processamento de pescados, gerando um significativo impacto social aos pescadores da regi\u00e3o a partir do desenvolvimento da cadeia de pesca local.<\/p>\n\n\n\n<figure class=\"wp-block-image size-full\"><img fetchpriority=\"high\" decoding=\"async\" width=\"1000\" height=\"667\" src=\"https:\/\/noticiaempauta.com\/portal\/wp-content\/uploads\/2024\/06\/Obra-no-Porto-Piaui.jpeg\" alt=\"\" class=\"wp-image-259016\" srcset=\"https:\/\/noticiaempauta.com\/portal\/wp-content\/uploads\/2024\/06\/Obra-no-Porto-Piaui.jpeg 1000w, https:\/\/noticiaempauta.com\/portal\/wp-content\/uploads\/2024\/06\/Obra-no-Porto-Piaui-300x200.jpeg 300w, https:\/\/noticiaempauta.com\/portal\/wp-content\/uploads\/2024\/06\/Obra-no-Porto-Piaui-768x512.jpeg 768w\" sizes=\"(max-width: 1000px) 100vw, 1000px\" \/><\/figure>\n\n\n\n<p>No TPLC, o pescado ser\u00e1 tratado em unidades industriais, com todas as preocupa\u00e7\u00f5es sanit\u00e1rias e de higiene necess\u00e1rias, para que se obtenha selos de qualidade. Esse processo ir\u00e1 proporcionar a melhoria do produto acabado para a venda, aumentando o seu pre\u00e7o e gerando uma maior margem de lucro aos pescadores.<\/p>\n\n\n\n<figure class=\"wp-block-image size-full\"><img decoding=\"async\" width=\"1000\" height=\"667\" src=\"https:\/\/noticiaempauta.com\/portal\/wp-content\/uploads\/2024\/06\/Porto-Piaui.jpeg\" alt=\"\" class=\"wp-image-259015\" srcset=\"https:\/\/noticiaempauta.com\/portal\/wp-content\/uploads\/2024\/06\/Porto-Piaui.jpeg 1000w, https:\/\/noticiaempauta.com\/portal\/wp-content\/uploads\/2024\/06\/Porto-Piaui-300x200.jpeg 300w, https:\/\/noticiaempauta.com\/portal\/wp-content\/uploads\/2024\/06\/Porto-Piaui-768x512.jpeg 768w\" sizes=\"(max-width: 1000px) 100vw, 1000px\" \/><\/figure>\n\n\n\n<p>Ainda em 2024, duas etapas do Terminal Pesqueiro de Lu\u00eds Correia ser\u00e3o entregues: a terraplanagem da retro\u00e1rea e o cais pesqueiro. A terraplanagem consiste em retirar o excesso de terra de um terreno, com o objetivo de deixar o espa\u00e7o nivelado.<\/p>\n\n\n\n<p>O cais pesqueiro, com extens\u00e3o de 180mx25m, tamb\u00e9m ser\u00e1 entregue. O cais permitir\u00e1 que embarca\u00e7\u00f5es de at\u00e9 50 toneladas possam atracar e aportar para carregar e descarregar mercadorias.<\/p>\n\n\n\n<figure class=\"wp-block-image size-full\"><img decoding=\"async\" width=\"1000\" height=\"667\" src=\"https:\/\/noticiaempauta.com\/portal\/wp-content\/uploads\/2024\/06\/Porto-no-Litoral-do-Piaui.jpeg\" alt=\"\" class=\"wp-image-259014\" srcset=\"https:\/\/noticiaempauta.com\/portal\/wp-content\/uploads\/2024\/06\/Porto-no-Litoral-do-Piaui.jpeg 1000w, https:\/\/noticiaempauta.com\/portal\/wp-content\/uploads\/2024\/06\/Porto-no-Litoral-do-Piaui-300x200.jpeg 300w, https:\/\/noticiaempauta.com\/portal\/wp-content\/uploads\/2024\/06\/Porto-no-Litoral-do-Piaui-768x512.jpeg 768w\" sizes=\"(max-width: 1000px) 100vw, 1000px\" \/><\/figure>\n\n\n\n<p>Ainda no TPLC, as obras de urbaniza\u00e7\u00e3o da \u00e1rea do terminal devem iniciar tamb\u00e9m em 2024. As interven\u00e7\u00f5es contemplam a pavimenta\u00e7\u00e3o, rede de esgoto, distribui\u00e7\u00e3o de \u00e1gua tratada e ilumina\u00e7\u00e3o.<\/p>\n\n\n\n<p>\u201cO terminal ser\u00e1 inaugurado e entrar\u00e1 em opera\u00e7\u00e3o em 2025, mas, antes mesmo disso, j\u00e1 teremos, at\u00e9 o fim deste ano, as instala\u00e7\u00f5es adequadas para que as empresas comecem a se instalar no terminal. Ao mesmo tempo em que estamos trabalhando na parte de infraestrutura, j\u00e1 estamos negociando com empresas para que possam se instalar e gerar emprego e renda aos piauienses, al\u00e9m de fomentar a cadeia da pesca\u201d, destacou a presidente da Porto Piau\u00ed, Maria Cristina.<\/p>\n\n\n\n<figure class=\"wp-block-image size-full\"><img loading=\"lazy\" decoding=\"async\" width=\"1000\" height=\"667\" src=\"https:\/\/noticiaempauta.com\/portal\/wp-content\/uploads\/2024\/06\/Presidente-da-Porto-Piaui-Maria-Cristina.jpeg\" alt=\"\" class=\"wp-image-259012\" srcset=\"https:\/\/noticiaempauta.com\/portal\/wp-content\/uploads\/2024\/06\/Presidente-da-Porto-Piaui-Maria-Cristina.jpeg 1000w, https:\/\/noticiaempauta.com\/portal\/wp-content\/uploads\/2024\/06\/Presidente-da-Porto-Piaui-Maria-Cristina-300x200.jpeg 300w, https:\/\/noticiaempauta.com\/portal\/wp-content\/uploads\/2024\/06\/Presidente-da-Porto-Piaui-Maria-Cristina-768x512.jpeg 768w\" sizes=\"(max-width: 1000px) 100vw, 1000px\" \/><figcaption class=\"wp-element-caption\">Presidente do Porto Piau\u00ed, Maria Cristina (Foto: Governo do Piau\u00ed)<\/figcaption><\/figure>\n\n\n\n<p>Simultaneamente, as obras de constru\u00e7\u00e3o, pavimenta\u00e7\u00e3o e urbaniza\u00e7\u00e3o do p\u00e1tio de mercadorias do Porto Piau\u00ed ser\u00e3o finalizadas neste ano. O espa\u00e7o ir\u00e1 permitir o recebimento de todos os tipos e tamanhos de cargas, sejam elas paletizadas, em containers e a granel, al\u00e9m de mercadorias especiais. A \u00e1rea tamb\u00e9m abrange um estacionamento que facilitar\u00e1 o acesso ao local.<\/p>\n\n\n\n<figure class=\"wp-block-image size-full\"><img loading=\"lazy\" decoding=\"async\" width=\"1000\" height=\"667\" src=\"https:\/\/noticiaempauta.com\/portal\/wp-content\/uploads\/2024\/06\/Containers-no-Porto-Piaui.jpeg\" alt=\"\" class=\"wp-image-259013\" srcset=\"https:\/\/noticiaempauta.com\/portal\/wp-content\/uploads\/2024\/06\/Containers-no-Porto-Piaui.jpeg 1000w, https:\/\/noticiaempauta.com\/portal\/wp-content\/uploads\/2024\/06\/Containers-no-Porto-Piaui-300x200.jpeg 300w, https:\/\/noticiaempauta.com\/portal\/wp-content\/uploads\/2024\/06\/Containers-no-Porto-Piaui-768x512.jpeg 768w\" sizes=\"(max-width: 1000px) 100vw, 1000px\" \/><\/figure>\n\n\n\n<p>Por fim, a sede administrativa tamb\u00e9m ser\u00e1 entregue, ficando localizada ao lado do portal de entrada e sa\u00edda do Porto Piau\u00ed. Enquanto a obra n\u00e3o \u00e9 finalizada, a equipe t\u00e9cnica est\u00e1 instalada e exerce as suas atividades internas na Zona de Processamento de Exporta\u00e7\u00f5es do Estado do Piau\u00ed (ZPE do Piau\u00ed).<\/p>\n","protected":false},"excerpt":{"rendered":"<p>As obras contemplam o p\u00e1tio de mercadorias, avan\u00e7os no terminal pesqueiro e a constru\u00e7\u00e3o da sede administrativa da Porto Piau\u00ed.<\/p>\n","protected":false},"author":2,"featured_media":259015,"comment_status":"open","ping_status":"open","sticky":false,"template":"","format":"standard","meta":{"_mi_skip_tracking":false,"footnotes":""},"categories":[25,1,16],"tags":[192],"class_list":["post-259011","post","type-post","status-publish","format-standard","has-post-thumbnail","hentry","category-destaques-site","category-geral","category-todas","tag-destaqueprincipal"],"acf":[],"yoast_head":"<!-- This site is optimized with the Yoast SEO Premium plugin v19.2 (Yoast SEO v26.9) - https:\/\/yoast.com\/product\/yoast-seo-premium-wordpress\/ -->\n<title>Governo do Estado entrega segunda etapa do Porto Piau\u00ed ainda este ano; obras seguem aceleradas - Portal Not\u00edcia em Pauta<\/title>\n<meta name=\"robots\" content=\"index, follow, max-snippet:-1, max-image-preview:large, max-video-preview:-1\" \/>\n<link rel=\"canonical\" href=\"https:\/\/noticiaempauta.com\/portal\/governo-do-estado-entrega-segunda-etapa-do-porto-piaui-ainda-este-ano-obras-seguem-aceleradas\/\" \/>\n<meta property=\"og:locale\" content=\"pt_BR\" \/>\n<meta property=\"og:type\" content=\"article\" \/>\n<meta property=\"og:title\" content=\"Governo do Estado entrega segunda etapa do Porto Piau\u00ed ainda este ano; obras seguem aceleradas\" \/>\n<meta property=\"og:description\" content=\"As obras contemplam o p\u00e1tio de mercadorias, avan\u00e7os no terminal pesqueiro e a constru\u00e7\u00e3o da sede administrativa da Porto Piau\u00ed.\" \/>\n<meta property=\"og:url\" content=\"https:\/\/noticiaempauta.com\/portal\/governo-do-estado-entrega-segunda-etapa-do-porto-piaui-ainda-este-ano-obras-seguem-aceleradas\/\" \/>\n<meta property=\"og:site_name\" content=\"Portal Not\u00edcia em Pauta\" \/>\n<meta property=\"article:publisher\" content=\"https:\/\/www.facebook.com\/Portal-Notcia-Em-Pauta-102292869264820\/\" \/>\n<meta property=\"article:published_time\" content=\"2024-06-18T13:16:54+00:00\" \/>\n<meta property=\"article:modified_time\" content=\"2024-06-18T13:16:55+00:00\" \/>\n<meta property=\"og:image\" content=\"https:\/\/noticiaempauta.com\/portal\/wp-content\/uploads\/2024\/06\/Porto-Piaui.jpeg\" \/>\n\t<meta property=\"og:image:width\" content=\"1000\" \/>\n\t<meta property=\"og:image:height\" content=\"667\" \/>\n\t<meta property=\"og:image:type\" content=\"image\/jpeg\" \/>\n<meta name=\"author\" content=\"Reda\u00e7\u00e3o\" \/>\n<meta name=\"twitter:card\" content=\"summary_large_image\" \/>\n<meta name=\"twitter:label1\" content=\"Escrito por\" \/>\n\t<meta name=\"twitter:data1\" content=\"Reda\u00e7\u00e3o\" \/>\n\t<meta name=\"twitter:label2\" content=\"Est. tempo de leitura\" \/>\n\t<meta name=\"twitter:data2\" content=\"4 minutos\" \/>\n<script type=\"application\/ld+json\" class=\"yoast-schema-graph\">{\"@context\":\"https:\/\/schema.org\",\"@graph\":[{\"@type\":\"Article\",\"@id\":\"https:\/\/noticiaempauta.com\/portal\/governo-do-estado-entrega-segunda-etapa-do-porto-piaui-ainda-este-ano-obras-seguem-aceleradas\/#article\",\"isPartOf\":{\"@id\":\"https:\/\/noticiaempauta.com\/portal\/governo-do-estado-entrega-segunda-etapa-do-porto-piaui-ainda-este-ano-obras-seguem-aceleradas\/\"},\"author\":{\"name\":\"Reda\u00e7\u00e3o\",\"@id\":\"https:\/\/noticiaempauta.com\/portal\/#\/schema\/person\/a74af43dd1ab3deca45f988c717d57ac\"},\"headline\":\"Governo do Estado entrega segunda etapa do Porto Piau\u00ed ainda este ano; obras seguem aceleradas\",\"datePublished\":\"2024-06-18T13:16:54+00:00\",\"dateModified\":\"2024-06-18T13:16:55+00:00\",\"mainEntityOfPage\":{\"@id\":\"https:\/\/noticiaempauta.com\/portal\/governo-do-estado-entrega-segunda-etapa-do-porto-piaui-ainda-este-ano-obras-seguem-aceleradas\/\"},\"wordCount\":463,\"commentCount\":0,\"publisher\":{\"@id\":\"https:\/\/noticiaempauta.com\/portal\/#organization\"},\"image\":{\"@id\":\"https:\/\/noticiaempauta.com\/portal\/governo-do-estado-entrega-segunda-etapa-do-porto-piaui-ainda-este-ano-obras-seguem-aceleradas\/#primaryimage\"},\"thumbnailUrl\":\"https:\/\/noticiaempauta.com\/portal\/wp-content\/uploads\/2024\/06\/Porto-Piaui.jpeg\",\"keywords\":[\"destaqueprincipal\"],\"articleSection\":[\"Destaques\",\"Geral\",\"Todas as Not\u00edcias\"],\"inLanguage\":\"pt-BR\",\"potentialAction\":[{\"@type\":\"CommentAction\",\"name\":\"Comment\",\"target\":[\"https:\/\/noticiaempauta.com\/portal\/governo-do-estado-entrega-segunda-etapa-do-porto-piaui-ainda-este-ano-obras-seguem-aceleradas\/#respond\"]}]},{\"@type\":\"WebPage\",\"@id\":\"https:\/\/noticiaempauta.com\/portal\/governo-do-estado-entrega-segunda-etapa-do-porto-piaui-ainda-este-ano-obras-seguem-aceleradas\/\",\"url\":\"https:\/\/noticiaempauta.com\/portal\/governo-do-estado-entrega-segunda-etapa-do-porto-piaui-ainda-este-ano-obras-seguem-aceleradas\/\",\"name\":\"Governo do Estado entrega segunda etapa do Porto Piau\u00ed ainda este ano; obras seguem aceleradas - Portal Not\u00edcia em Pauta\",\"isPartOf\":{\"@id\":\"https:\/\/noticiaempauta.com\/portal\/#website\"},\"primaryImageOfPage\":{\"@id\":\"https:\/\/noticiaempauta.com\/portal\/governo-do-estado-entrega-segunda-etapa-do-porto-piaui-ainda-este-ano-obras-seguem-aceleradas\/#primaryimage\"},\"image\":{\"@id\":\"https:\/\/noticiaempauta.com\/portal\/governo-do-estado-entrega-segunda-etapa-do-porto-piaui-ainda-este-ano-obras-seguem-aceleradas\/#primaryimage\"},\"thumbnailUrl\":\"https:\/\/noticiaempauta.com\/portal\/wp-content\/uploads\/2024\/06\/Porto-Piaui.jpeg\",\"datePublished\":\"2024-06-18T13:16:54+00:00\",\"dateModified\":\"2024-06-18T13:16:55+00:00\",\"breadcrumb\":{\"@id\":\"https:\/\/noticiaempauta.com\/portal\/governo-do-estado-entrega-segunda-etapa-do-porto-piaui-ainda-este-ano-obras-seguem-aceleradas\/#breadcrumb\"},\"inLanguage\":\"pt-BR\",\"potentialAction\":[{\"@type\":\"ReadAction\",\"target\":[\"https:\/\/noticiaempauta.com\/portal\/governo-do-estado-entrega-segunda-etapa-do-porto-piaui-ainda-este-ano-obras-seguem-aceleradas\/\"]}]},{\"@type\":\"ImageObject\",\"inLanguage\":\"pt-BR\",\"@id\":\"https:\/\/noticiaempauta.com\/portal\/governo-do-estado-entrega-segunda-etapa-do-porto-piaui-ainda-este-ano-obras-seguem-aceleradas\/#primaryimage\",\"url\":\"https:\/\/noticiaempauta.com\/portal\/wp-content\/uploads\/2024\/06\/Porto-Piaui.jpeg\",\"contentUrl\":\"https:\/\/noticiaempauta.com\/portal\/wp-content\/uploads\/2024\/06\/Porto-Piaui.jpeg\",\"width\":1000,\"height\":667},{\"@type\":\"BreadcrumbList\",\"@id\":\"https:\/\/noticiaempauta.com\/portal\/governo-do-estado-entrega-segunda-etapa-do-porto-piaui-ainda-este-ano-obras-seguem-aceleradas\/#breadcrumb\",\"itemListElement\":[{\"@type\":\"ListItem\",\"position\":1,\"name\":\"P\u00e1gina Inicial\",\"item\":\"https:\/\/noticiaempauta.com\/portal\/\"},{\"@type\":\"ListItem\",\"position\":2,\"name\":\"Destaques\",\"item\":\"https:\/\/noticiaempauta.com\/portal\/destaques-site\/\"},{\"@type\":\"ListItem\",\"position\":3,\"name\":\"Governo do Estado entrega segunda etapa do Porto Piau\u00ed ainda este ano; obras seguem aceleradas\"}]},{\"@type\":\"WebSite\",\"@id\":\"https:\/\/noticiaempauta.com\/portal\/#website\",\"url\":\"https:\/\/noticiaempauta.com\/portal\/\",\"name\":\"Portal Not\u00edcia em Pauta\",\"description\":\"Voc\u00ea bem informado\",\"publisher\":{\"@id\":\"https:\/\/noticiaempauta.com\/portal\/#organization\"},\"potentialAction\":[{\"@type\":\"SearchAction\",\"target\":{\"@type\":\"EntryPoint\",\"urlTemplate\":\"https:\/\/noticiaempauta.com\/portal\/?s={search_term_string}\"},\"query-input\":{\"@type\":\"PropertyValueSpecification\",\"valueRequired\":true,\"valueName\":\"search_term_string\"}}],\"inLanguage\":\"pt-BR\"},{\"@type\":\"Organization\",\"@id\":\"https:\/\/noticiaempauta.com\/portal\/#organization\",\"name\":\"Portal Not\u00edcia em Pauta\",\"url\":\"https:\/\/noticiaempauta.com\/portal\/\",\"logo\":{\"@type\":\"ImageObject\",\"inLanguage\":\"pt-BR\",\"@id\":\"https:\/\/noticiaempauta.com\/portal\/#\/schema\/logo\/image\/\",\"url\":\"https:\/\/noticiaempauta.com\/portal\/wp-content\/uploads\/2022\/08\/logomarca_tema.fw_.png\",\"contentUrl\":\"https:\/\/noticiaempauta.com\/portal\/wp-content\/uploads\/2022\/08\/logomarca_tema.fw_.png\",\"width\":400,\"height\":232,\"caption\":\"Portal Not\u00edcia em Pauta\"},\"image\":{\"@id\":\"https:\/\/noticiaempauta.com\/portal\/#\/schema\/logo\/image\/\"},\"sameAs\":[\"https:\/\/www.facebook.com\/Portal-Notcia-Em-Pauta-102292869264820\/\",\"https:\/\/www.instagram.com\/portalnoticiaempauta\/\"]},{\"@type\":\"Person\",\"@id\":\"https:\/\/noticiaempauta.com\/portal\/#\/schema\/person\/a74af43dd1ab3deca45f988c717d57ac\",\"name\":\"Reda\u00e7\u00e3o\",\"image\":{\"@type\":\"ImageObject\",\"inLanguage\":\"pt-BR\",\"@id\":\"https:\/\/noticiaempauta.com\/portal\/#\/schema\/person\/image\/\",\"url\":\"https:\/\/secure.gravatar.com\/avatar\/03179346ecce6cdfc13361603e8f54242a90e5cde8618fa23c5c00aa2b0aadf3?s=96&d=mm&r=g\",\"contentUrl\":\"https:\/\/secure.gravatar.com\/avatar\/03179346ecce6cdfc13361603e8f54242a90e5cde8618fa23c5c00aa2b0aadf3?s=96&d=mm&r=g\",\"caption\":\"Reda\u00e7\u00e3o\"},\"sameAs\":[\"https:\/\/noticiaempauta.com\/portal\/\"],\"url\":\"https:\/\/noticiaempauta.com\/portal\/author\/fernando\/\"}]}<\/script>\n<!-- \/ Yoast SEO Premium plugin. -->","yoast_head_json":{"title":"Governo do Estado entrega segunda etapa do Porto Piau\u00ed ainda este ano; obras seguem aceleradas - Portal Not\u00edcia em Pauta","robots":{"index":"index","follow":"follow","max-snippet":"max-snippet:-1","max-image-preview":"max-image-preview:large","max-video-preview":"max-video-preview:-1"},"canonical":"https:\/\/noticiaempauta.com\/portal\/governo-do-estado-entrega-segunda-etapa-do-porto-piaui-ainda-este-ano-obras-seguem-aceleradas\/","og_locale":"pt_BR","og_type":"article","og_title":"Governo do Estado entrega segunda etapa do Porto Piau\u00ed ainda este ano; obras seguem aceleradas","og_description":"As obras contemplam o p\u00e1tio de mercadorias, avan\u00e7os no terminal pesqueiro e a constru\u00e7\u00e3o da sede administrativa da Porto Piau\u00ed.","og_url":"https:\/\/noticiaempauta.com\/portal\/governo-do-estado-entrega-segunda-etapa-do-porto-piaui-ainda-este-ano-obras-seguem-aceleradas\/","og_site_name":"Portal Not\u00edcia em Pauta","article_publisher":"https:\/\/www.facebook.com\/Portal-Notcia-Em-Pauta-102292869264820\/","article_published_time":"2024-06-18T13:16:54+00:00","article_modified_time":"2024-06-18T13:16:55+00:00","og_image":[{"width":1000,"height":667,"url":"https:\/\/noticiaempauta.com\/portal\/wp-content\/uploads\/2024\/06\/Porto-Piaui.jpeg","type":"image\/jpeg"}],"author":"Reda\u00e7\u00e3o","twitter_card":"summary_large_image","twitter_misc":{"Escrito por":"Reda\u00e7\u00e3o","Est. tempo de leitura":"4 minutos"},"schema":{"@context":"https:\/\/schema.org","@graph":[{"@type":"Article","@id":"https:\/\/noticiaempauta.com\/portal\/governo-do-estado-entrega-segunda-etapa-do-porto-piaui-ainda-este-ano-obras-seguem-aceleradas\/#article","isPartOf":{"@id":"https:\/\/noticiaempauta.com\/portal\/governo-do-estado-entrega-segunda-etapa-do-porto-piaui-ainda-este-ano-obras-seguem-aceleradas\/"},"author":{"name":"Reda\u00e7\u00e3o","@id":"https:\/\/noticiaempauta.com\/portal\/#\/schema\/person\/a74af43dd1ab3deca45f988c717d57ac"},"headline":"Governo do Estado entrega segunda etapa do Porto Piau\u00ed ainda este ano; obras seguem aceleradas","datePublished":"2024-06-18T13:16:54+00:00","dateModified":"2024-06-18T13:16:55+00:00","mainEntityOfPage":{"@id":"https:\/\/noticiaempauta.com\/portal\/governo-do-estado-entrega-segunda-etapa-do-porto-piaui-ainda-este-ano-obras-seguem-aceleradas\/"},"wordCount":463,"commentCount":0,"publisher":{"@id":"https:\/\/noticiaempauta.com\/portal\/#organization"},"image":{"@id":"https:\/\/noticiaempauta.com\/portal\/governo-do-estado-entrega-segunda-etapa-do-porto-piaui-ainda-este-ano-obras-seguem-aceleradas\/#primaryimage"},"thumbnailUrl":"https:\/\/noticiaempauta.com\/portal\/wp-content\/uploads\/2024\/06\/Porto-Piaui.jpeg","keywords":["destaqueprincipal"],"articleSection":["Destaques","Geral","Todas as Not\u00edcias"],"inLanguage":"pt-BR","potentialAction":[{"@type":"CommentAction","name":"Comment","target":["https:\/\/noticiaempauta.com\/portal\/governo-do-estado-entrega-segunda-etapa-do-porto-piaui-ainda-este-ano-obras-seguem-aceleradas\/#respond"]}]},{"@type":"WebPage","@id":"https:\/\/noticiaempauta.com\/portal\/governo-do-estado-entrega-segunda-etapa-do-porto-piaui-ainda-este-ano-obras-seguem-aceleradas\/","url":"https:\/\/noticiaempauta.com\/portal\/governo-do-estado-entrega-segunda-etapa-do-porto-piaui-ainda-este-ano-obras-seguem-aceleradas\/","name":"Governo do Estado entrega segunda etapa do Porto Piau\u00ed ainda este ano; obras seguem aceleradas - Portal Not\u00edcia em Pauta","isPartOf":{"@id":"https:\/\/noticiaempauta.com\/portal\/#website"},"primaryImageOfPage":{"@id":"https:\/\/noticiaempauta.com\/portal\/governo-do-estado-entrega-segunda-etapa-do-porto-piaui-ainda-este-ano-obras-seguem-aceleradas\/#primaryimage"},"image":{"@id":"https:\/\/noticiaempauta.com\/portal\/governo-do-estado-entrega-segunda-etapa-do-porto-piaui-ainda-este-ano-obras-seguem-aceleradas\/#primaryimage"},"thumbnailUrl":"https:\/\/noticiaempauta.com\/portal\/wp-content\/uploads\/2024\/06\/Porto-Piaui.jpeg","datePublished":"2024-06-18T13:16:54+00:00","dateModified":"2024-06-18T13:16:55+00:00","breadcrumb":{"@id":"https:\/\/noticiaempauta.com\/portal\/governo-do-estado-entrega-segunda-etapa-do-porto-piaui-ainda-este-ano-obras-seguem-aceleradas\/#breadcrumb"},"inLanguage":"pt-BR","potentialAction":[{"@type":"ReadAction","target":["https:\/\/noticiaempauta.com\/portal\/governo-do-estado-entrega-segunda-etapa-do-porto-piaui-ainda-este-ano-obras-seguem-aceleradas\/"]}]},{"@type":"ImageObject","inLanguage":"pt-BR","@id":"https:\/\/noticiaempauta.com\/portal\/governo-do-estado-entrega-segunda-etapa-do-porto-piaui-ainda-este-ano-obras-seguem-aceleradas\/#primaryimage","url":"https:\/\/noticiaempauta.com\/portal\/wp-content\/uploads\/2024\/06\/Porto-Piaui.jpeg","contentUrl":"https:\/\/noticiaempauta.com\/portal\/wp-content\/uploads\/2024\/06\/Porto-Piaui.jpeg","width":1000,"height":667},{"@type":"BreadcrumbList","@id":"https:\/\/noticiaempauta.com\/portal\/governo-do-estado-entrega-segunda-etapa-do-porto-piaui-ainda-este-ano-obras-seguem-aceleradas\/#breadcrumb","itemListElement":[{"@type":"ListItem","position":1,"name":"P\u00e1gina Inicial","item":"https:\/\/noticiaempauta.com\/portal\/"},{"@type":"ListItem","position":2,"name":"Destaques","item":"https:\/\/noticiaempauta.com\/portal\/destaques-site\/"},{"@type":"ListItem","position":3,"name":"Governo do Estado entrega segunda etapa do Porto Piau\u00ed ainda este ano; obras seguem aceleradas"}]},{"@type":"WebSite","@id":"https:\/\/noticiaempauta.com\/portal\/#website","url":"https:\/\/noticiaempauta.com\/portal\/","name":"Portal Not\u00edcia em Pauta","description":"Voc\u00ea bem informado","publisher":{"@id":"https:\/\/noticiaempauta.com\/portal\/#organization"},"potentialAction":[{"@type":"SearchAction","target":{"@type":"EntryPoint","urlTemplate":"https:\/\/noticiaempauta.com\/portal\/?s={search_term_string}"},"query-input":{"@type":"PropertyValueSpecification","valueRequired":true,"valueName":"search_term_string"}}],"inLanguage":"pt-BR"},{"@type":"Organization","@id":"https:\/\/noticiaempauta.com\/portal\/#organization","name":"Portal Not\u00edcia em Pauta","url":"https:\/\/noticiaempauta.com\/portal\/","logo":{"@type":"ImageObject","inLanguage":"pt-BR","@id":"https:\/\/noticiaempauta.com\/portal\/#\/schema\/logo\/image\/","url":"https:\/\/noticiaempauta.com\/portal\/wp-content\/uploads\/2022\/08\/logomarca_tema.fw_.png","contentUrl":"https:\/\/noticiaempauta.com\/portal\/wp-content\/uploads\/2022\/08\/logomarca_tema.fw_.png","width":400,"height":232,"caption":"Portal Not\u00edcia em Pauta"},"image":{"@id":"https:\/\/noticiaempauta.com\/portal\/#\/schema\/logo\/image\/"},"sameAs":["https:\/\/www.facebook.com\/Portal-Notcia-Em-Pauta-102292869264820\/","https:\/\/www.instagram.com\/portalnoticiaempauta\/"]},{"@type":"Person","@id":"https:\/\/noticiaempauta.com\/portal\/#\/schema\/person\/a74af43dd1ab3deca45f988c717d57ac","name":"Reda\u00e7\u00e3o","image":{"@type":"ImageObject","inLanguage":"pt-BR","@id":"https:\/\/noticiaempauta.com\/portal\/#\/schema\/person\/image\/","url":"https:\/\/secure.gravatar.com\/avatar\/03179346ecce6cdfc13361603e8f54242a90e5cde8618fa23c5c00aa2b0aadf3?s=96&d=mm&r=g","contentUrl":"https:\/\/secure.gravatar.com\/avatar\/03179346ecce6cdfc13361603e8f54242a90e5cde8618fa23c5c00aa2b0aadf3?s=96&d=mm&r=g","caption":"Reda\u00e7\u00e3o"},"sameAs":["https:\/\/noticiaempauta.com\/portal\/"],"url":"https:\/\/noticiaempauta.com\/portal\/author\/fernando\/"}]}},"_links":{"self":[{"href":"https:\/\/noticiaempauta.com\/portal\/wp-json\/wp\/v2\/posts\/259011","targetHints":{"allow":["GET"]}}],"collection":[{"href":"https:\/\/noticiaempauta.com\/portal\/wp-json\/wp\/v2\/posts"}],"about":[{"href":"https:\/\/noticiaempauta.com\/portal\/wp-json\/wp\/v2\/types\/post"}],"author":[{"embeddable":true,"href":"https:\/\/noticiaempauta.com\/portal\/wp-json\/wp\/v2\/users\/2"}],"replies":[{"embeddable":true,"href":"https:\/\/noticiaempauta.com\/portal\/wp-json\/wp\/v2\/comments?post=259011"}],"version-history":[{"count":2,"href":"https:\/\/noticiaempauta.com\/portal\/wp-json\/wp\/v2\/posts\/259011\/revisions"}],"predecessor-version":[{"id":259018,"href":"https:\/\/noticiaempauta.com\/portal\/wp-json\/wp\/v2\/posts\/259011\/revisions\/259018"}],"wp:featuredmedia":[{"embeddable":true,"href":"https:\/\/noticiaempauta.com\/portal\/wp-json\/wp\/v2\/media\/259015"}],"wp:attachment":[{"href":"https:\/\/noticiaempauta.com\/portal\/wp-json\/wp\/v2\/media?parent=259011"}],"wp:term":[{"taxonomy":"category","embeddable":true,"href":"https:\/\/noticiaempauta.com\/portal\/wp-json\/wp\/v2\/categories?post=259011"},{"taxonomy":"post_tag","embeddable":true,"href":"https:\/\/noticiaempauta.com\/portal\/wp-json\/wp\/v2\/tags?post=259011"}],"curies":[{"name":"wp","href":"https:\/\/api.w.org\/{rel}","templated":true}]}}