{"id":259020,"date":"2024-06-18T16:58:23","date_gmt":"2024-06-18T19:58:23","guid":{"rendered":"https:\/\/noticiaempauta.com\/portal\/?p=259020"},"modified":"2024-06-18T16:58:24","modified_gmt":"2024-06-18T19:58:24","slug":"novos-concursados-da-alepi-serao-nomeados-ainda-em-2024-afirma-franze","status":"publish","type":"post","link":"https:\/\/noticiaempauta.com\/portal\/novos-concursados-da-alepi-serao-nomeados-ainda-em-2024-afirma-franze\/","title":{"rendered":"Novos concursados da Alepi ser\u00e3o nomeados ainda em 2024, afirma Franz\u00e9"},"content":{"rendered":"\n<p>O\u00a0deputado Franz\u00e9 Silva (PT),\u00a0presidente da Assembleia Legislativa do Piau\u00ed (Alepi), comunicou na sess\u00e3o plen\u00e1ria desta ter\u00e7a-feira (18) que o\u00a0resultado final do concurso da Casa foi divulgado na sexta-feira (16)\u00a0pelo Instituto de Desenvolvimento Educacional, Cultural e Assistencial Nacional (Idecan).\u00a0A prova ocorreu no dia 14 de janeiro e ofertou vagas para Analista e T\u00e9cnico Legislativo em diversas especialidades.<\/p>\n\n\n\n<figure class=\"wp-block-image size-full\"><img fetchpriority=\"high\" decoding=\"async\" width=\"1000\" height=\"667\" src=\"https:\/\/noticiaempauta.com\/portal\/wp-content\/uploads\/2024\/06\/IMG_2368.webp\" alt=\"\" class=\"wp-image-259021\" srcset=\"https:\/\/noticiaempauta.com\/portal\/wp-content\/uploads\/2024\/06\/IMG_2368.webp 1000w, https:\/\/noticiaempauta.com\/portal\/wp-content\/uploads\/2024\/06\/IMG_2368-300x200.webp 300w, https:\/\/noticiaempauta.com\/portal\/wp-content\/uploads\/2024\/06\/IMG_2368-768x512.webp 768w\" sizes=\"(max-width: 1000px) 100vw, 1000px\" \/><\/figure>\n\n\n\n<p>O parlamentar ressaltou que os 62 aprovados ser\u00e3o nomeados ainda este ano.\u00a0\u201cN\u00f3s iremos fazer o Curso de Forma\u00e7\u00e3o inicialmente para metade dos aprovados e, ao concluir o curso de forma\u00e7\u00e3o, n\u00f3s iremos fazer o chamamento da segunda turma\u201d, afirmou. Franz\u00e9 Silva acrescentou que a primeira turma dever\u00e1 ser chamada em agosto; em novembro ser\u00e1 convocado o segundo grupo.<\/p>\n\n\n\n<p><em>\u201cN\u00f3s temos dito que o maior legado que a gente vai deixar na Assembleia \u00e9 exatamente o modelo de gest\u00e3o. N\u00e3o passa somente pela a\u00e7\u00e3o parlamentar, mas, acima de tudo, pela a\u00e7\u00e3o dos servidores efetivos desta Casa e dos colaboradores que s\u00e3o comissionados e executam suas tarefas dentro de uma programa\u00e7\u00e3o de gest\u00e3o que n\u00f3s temos adotado desde quando assumimos a presid\u00eancia da Assembleia\u201d, disse Franz\u00e9 Silva.<\/em><\/p>\n\n\n\n<p><strong>Efetiva\u00e7\u00e3o<\/strong>\u00a0\u2013 O presidente da Alepi comunicou tamb\u00e9m que na quarta-feira (19), \u00e0s 10h, em evento a ser realizado no Sal\u00e3o Nobre Francisca Trindade, os\u00a0servidores do concurso de 2019 ser\u00e3o efetivados, marcando a aprova\u00e7\u00e3o deles no est\u00e1gio probat\u00f3rio.<\/p>\n\n\n\n<p><em>\u201c\u00c9 o enquadramento que d\u00e1, al\u00e9m de uma estabilidade para esses servidores, tamb\u00e9m um ganho salarial. Praticamente dobra o sal\u00e1rio desses servidores e n\u00f3s queremos reconhecer o empenho e o trabalho de todos eles\u201d, afirmou.<\/em><\/p>\n\n\n\n<p>Fonte: Meio News<\/p>\n\n\n\n<p><\/p>\n","protected":false},"excerpt":{"rendered":"<p>O\u00a0deputado Franz\u00e9 Silva (PT),\u00a0presidente da Assembleia Legislativa do Piau\u00ed (Alepi), comunicou na sess\u00e3o plen\u00e1ria desta ter\u00e7a-feira (18) que o\u00a0resultado final do concurso da Casa foi divulgado na sexta-feira (16)\u00a0pelo Instituto de Desenvolvimento Educacional, Cultural e Assistencial Nacional (Idecan).\u00a0A prova ocorreu no dia 14 de janeiro e ofertou vagas para Analista e T\u00e9cnico Legislativo em diversas [&hellip;]<\/p>\n","protected":false},"author":2,"featured_media":259021,"comment_status":"open","ping_status":"open","sticky":false,"template":"","format":"standard","meta":{"_mi_skip_tracking":false,"footnotes":""},"categories":[25,1,16],"tags":[192],"class_list":["post-259020","post","type-post","status-publish","format-standard","has-post-thumbnail","hentry","category-destaques-site","category-geral","category-todas","tag-destaqueprincipal"],"acf":[],"yoast_head":"<!-- This site is optimized with the Yoast SEO Premium plugin v19.2 (Yoast SEO v26.9) - https:\/\/yoast.com\/product\/yoast-seo-premium-wordpress\/ -->\n<title>Novos concursados da Alepi ser\u00e3o nomeados ainda em 2024, afirma Franz\u00e9 - Portal Not\u00edcia em Pauta<\/title>\n<meta name=\"robots\" content=\"index, follow, max-snippet:-1, max-image-preview:large, max-video-preview:-1\" \/>\n<link rel=\"canonical\" href=\"https:\/\/noticiaempauta.com\/portal\/novos-concursados-da-alepi-serao-nomeados-ainda-em-2024-afirma-franze\/\" \/>\n<meta property=\"og:locale\" content=\"pt_BR\" \/>\n<meta property=\"og:type\" content=\"article\" \/>\n<meta property=\"og:title\" content=\"Novos concursados da Alepi ser\u00e3o nomeados ainda em 2024, afirma Franz\u00e9\" \/>\n<meta property=\"og:description\" content=\"O\u00a0deputado Franz\u00e9 Silva (PT),\u00a0presidente da Assembleia Legislativa do Piau\u00ed (Alepi), comunicou na sess\u00e3o plen\u00e1ria desta ter\u00e7a-feira (18) que o\u00a0resultado final do concurso da Casa foi divulgado na sexta-feira (16)\u00a0pelo Instituto de Desenvolvimento Educacional, Cultural e Assistencial Nacional (Idecan).\u00a0A prova ocorreu no dia 14 de janeiro e ofertou vagas para Analista e T\u00e9cnico Legislativo em diversas [&hellip;]\" \/>\n<meta property=\"og:url\" content=\"https:\/\/noticiaempauta.com\/portal\/novos-concursados-da-alepi-serao-nomeados-ainda-em-2024-afirma-franze\/\" \/>\n<meta property=\"og:site_name\" content=\"Portal Not\u00edcia em Pauta\" \/>\n<meta property=\"article:publisher\" content=\"https:\/\/www.facebook.com\/Portal-Notcia-Em-Pauta-102292869264820\/\" \/>\n<meta property=\"article:published_time\" content=\"2024-06-18T19:58:23+00:00\" \/>\n<meta property=\"article:modified_time\" content=\"2024-06-18T19:58:24+00:00\" \/>\n<meta property=\"og:image\" content=\"https:\/\/noticiaempauta.com\/portal\/wp-content\/uploads\/2024\/06\/IMG_2368.webp\" \/>\n\t<meta property=\"og:image:width\" content=\"1000\" \/>\n\t<meta property=\"og:image:height\" content=\"667\" \/>\n\t<meta property=\"og:image:type\" content=\"image\/webp\" \/>\n<meta name=\"author\" content=\"Reda\u00e7\u00e3o\" \/>\n<meta name=\"twitter:card\" content=\"summary_large_image\" \/>\n<meta name=\"twitter:label1\" content=\"Escrito por\" \/>\n\t<meta name=\"twitter:data1\" content=\"Reda\u00e7\u00e3o\" \/>\n\t<meta name=\"twitter:label2\" content=\"Est. tempo de leitura\" \/>\n\t<meta name=\"twitter:data2\" content=\"2 minutos\" \/>\n<script type=\"application\/ld+json\" class=\"yoast-schema-graph\">{\"@context\":\"https:\/\/schema.org\",\"@graph\":[{\"@type\":\"Article\",\"@id\":\"https:\/\/noticiaempauta.com\/portal\/novos-concursados-da-alepi-serao-nomeados-ainda-em-2024-afirma-franze\/#article\",\"isPartOf\":{\"@id\":\"https:\/\/noticiaempauta.com\/portal\/novos-concursados-da-alepi-serao-nomeados-ainda-em-2024-afirma-franze\/\"},\"author\":{\"name\":\"Reda\u00e7\u00e3o\",\"@id\":\"https:\/\/noticiaempauta.com\/portal\/#\/schema\/person\/a74af43dd1ab3deca45f988c717d57ac\"},\"headline\":\"Novos concursados da Alepi ser\u00e3o nomeados ainda em 2024, afirma Franz\u00e9\",\"datePublished\":\"2024-06-18T19:58:23+00:00\",\"dateModified\":\"2024-06-18T19:58:24+00:00\",\"mainEntityOfPage\":{\"@id\":\"https:\/\/noticiaempauta.com\/portal\/novos-concursados-da-alepi-serao-nomeados-ainda-em-2024-afirma-franze\/\"},\"wordCount\":296,\"commentCount\":0,\"publisher\":{\"@id\":\"https:\/\/noticiaempauta.com\/portal\/#organization\"},\"image\":{\"@id\":\"https:\/\/noticiaempauta.com\/portal\/novos-concursados-da-alepi-serao-nomeados-ainda-em-2024-afirma-franze\/#primaryimage\"},\"thumbnailUrl\":\"https:\/\/noticiaempauta.com\/portal\/wp-content\/uploads\/2024\/06\/IMG_2368.webp\",\"keywords\":[\"destaqueprincipal\"],\"articleSection\":[\"Destaques\",\"Geral\",\"Todas as Not\u00edcias\"],\"inLanguage\":\"pt-BR\",\"potentialAction\":[{\"@type\":\"CommentAction\",\"name\":\"Comment\",\"target\":[\"https:\/\/noticiaempauta.com\/portal\/novos-concursados-da-alepi-serao-nomeados-ainda-em-2024-afirma-franze\/#respond\"]}]},{\"@type\":\"WebPage\",\"@id\":\"https:\/\/noticiaempauta.com\/portal\/novos-concursados-da-alepi-serao-nomeados-ainda-em-2024-afirma-franze\/\",\"url\":\"https:\/\/noticiaempauta.com\/portal\/novos-concursados-da-alepi-serao-nomeados-ainda-em-2024-afirma-franze\/\",\"name\":\"Novos concursados da Alepi ser\u00e3o nomeados ainda em 2024, afirma Franz\u00e9 - Portal Not\u00edcia em Pauta\",\"isPartOf\":{\"@id\":\"https:\/\/noticiaempauta.com\/portal\/#website\"},\"primaryImageOfPage\":{\"@id\":\"https:\/\/noticiaempauta.com\/portal\/novos-concursados-da-alepi-serao-nomeados-ainda-em-2024-afirma-franze\/#primaryimage\"},\"image\":{\"@id\":\"https:\/\/noticiaempauta.com\/portal\/novos-concursados-da-alepi-serao-nomeados-ainda-em-2024-afirma-franze\/#primaryimage\"},\"thumbnailUrl\":\"https:\/\/noticiaempauta.com\/portal\/wp-content\/uploads\/2024\/06\/IMG_2368.webp\",\"datePublished\":\"2024-06-18T19:58:23+00:00\",\"dateModified\":\"2024-06-18T19:58:24+00:00\",\"breadcrumb\":{\"@id\":\"https:\/\/noticiaempauta.com\/portal\/novos-concursados-da-alepi-serao-nomeados-ainda-em-2024-afirma-franze\/#breadcrumb\"},\"inLanguage\":\"pt-BR\",\"potentialAction\":[{\"@type\":\"ReadAction\",\"target\":[\"https:\/\/noticiaempauta.com\/portal\/novos-concursados-da-alepi-serao-nomeados-ainda-em-2024-afirma-franze\/\"]}]},{\"@type\":\"ImageObject\",\"inLanguage\":\"pt-BR\",\"@id\":\"https:\/\/noticiaempauta.com\/portal\/novos-concursados-da-alepi-serao-nomeados-ainda-em-2024-afirma-franze\/#primaryimage\",\"url\":\"https:\/\/noticiaempauta.com\/portal\/wp-content\/uploads\/2024\/06\/IMG_2368.webp\",\"contentUrl\":\"https:\/\/noticiaempauta.com\/portal\/wp-content\/uploads\/2024\/06\/IMG_2368.webp\",\"width\":1000,\"height\":667},{\"@type\":\"BreadcrumbList\",\"@id\":\"https:\/\/noticiaempauta.com\/portal\/novos-concursados-da-alepi-serao-nomeados-ainda-em-2024-afirma-franze\/#breadcrumb\",\"itemListElement\":[{\"@type\":\"ListItem\",\"position\":1,\"name\":\"P\u00e1gina Inicial\",\"item\":\"https:\/\/noticiaempauta.com\/portal\/\"},{\"@type\":\"ListItem\",\"position\":2,\"name\":\"Destaques\",\"item\":\"https:\/\/noticiaempauta.com\/portal\/destaques-site\/\"},{\"@type\":\"ListItem\",\"position\":3,\"name\":\"Novos concursados da Alepi ser\u00e3o nomeados ainda em 2024, afirma Franz\u00e9\"}]},{\"@type\":\"WebSite\",\"@id\":\"https:\/\/noticiaempauta.com\/portal\/#website\",\"url\":\"https:\/\/noticiaempauta.com\/portal\/\",\"name\":\"Portal Not\u00edcia em Pauta\",\"description\":\"Voc\u00ea bem informado\",\"publisher\":{\"@id\":\"https:\/\/noticiaempauta.com\/portal\/#organization\"},\"potentialAction\":[{\"@type\":\"SearchAction\",\"target\":{\"@type\":\"EntryPoint\",\"urlTemplate\":\"https:\/\/noticiaempauta.com\/portal\/?s={search_term_string}\"},\"query-input\":{\"@type\":\"PropertyValueSpecification\",\"valueRequired\":true,\"valueName\":\"search_term_string\"}}],\"inLanguage\":\"pt-BR\"},{\"@type\":\"Organization\",\"@id\":\"https:\/\/noticiaempauta.com\/portal\/#organization\",\"name\":\"Portal Not\u00edcia em Pauta\",\"url\":\"https:\/\/noticiaempauta.com\/portal\/\",\"logo\":{\"@type\":\"ImageObject\",\"inLanguage\":\"pt-BR\",\"@id\":\"https:\/\/noticiaempauta.com\/portal\/#\/schema\/logo\/image\/\",\"url\":\"https:\/\/noticiaempauta.com\/portal\/wp-content\/uploads\/2022\/08\/logomarca_tema.fw_.png\",\"contentUrl\":\"https:\/\/noticiaempauta.com\/portal\/wp-content\/uploads\/2022\/08\/logomarca_tema.fw_.png\",\"width\":400,\"height\":232,\"caption\":\"Portal Not\u00edcia em Pauta\"},\"image\":{\"@id\":\"https:\/\/noticiaempauta.com\/portal\/#\/schema\/logo\/image\/\"},\"sameAs\":[\"https:\/\/www.facebook.com\/Portal-Notcia-Em-Pauta-102292869264820\/\",\"https:\/\/www.instagram.com\/portalnoticiaempauta\/\"]},{\"@type\":\"Person\",\"@id\":\"https:\/\/noticiaempauta.com\/portal\/#\/schema\/person\/a74af43dd1ab3deca45f988c717d57ac\",\"name\":\"Reda\u00e7\u00e3o\",\"image\":{\"@type\":\"ImageObject\",\"inLanguage\":\"pt-BR\",\"@id\":\"https:\/\/noticiaempauta.com\/portal\/#\/schema\/person\/image\/\",\"url\":\"https:\/\/secure.gravatar.com\/avatar\/03179346ecce6cdfc13361603e8f54242a90e5cde8618fa23c5c00aa2b0aadf3?s=96&d=mm&r=g\",\"contentUrl\":\"https:\/\/secure.gravatar.com\/avatar\/03179346ecce6cdfc13361603e8f54242a90e5cde8618fa23c5c00aa2b0aadf3?s=96&d=mm&r=g\",\"caption\":\"Reda\u00e7\u00e3o\"},\"sameAs\":[\"https:\/\/noticiaempauta.com\/portal\/\"],\"url\":\"https:\/\/noticiaempauta.com\/portal\/author\/fernando\/\"}]}<\/script>\n<!-- \/ Yoast SEO Premium plugin. -->","yoast_head_json":{"title":"Novos concursados da Alepi ser\u00e3o nomeados ainda em 2024, afirma Franz\u00e9 - Portal Not\u00edcia em Pauta","robots":{"index":"index","follow":"follow","max-snippet":"max-snippet:-1","max-image-preview":"max-image-preview:large","max-video-preview":"max-video-preview:-1"},"canonical":"https:\/\/noticiaempauta.com\/portal\/novos-concursados-da-alepi-serao-nomeados-ainda-em-2024-afirma-franze\/","og_locale":"pt_BR","og_type":"article","og_title":"Novos concursados da Alepi ser\u00e3o nomeados ainda em 2024, afirma Franz\u00e9","og_description":"O\u00a0deputado Franz\u00e9 Silva (PT),\u00a0presidente da Assembleia Legislativa do Piau\u00ed (Alepi), comunicou na sess\u00e3o plen\u00e1ria desta ter\u00e7a-feira (18) que o\u00a0resultado final do concurso da Casa foi divulgado na sexta-feira (16)\u00a0pelo Instituto de Desenvolvimento Educacional, Cultural e Assistencial Nacional (Idecan).\u00a0A prova ocorreu no dia 14 de janeiro e ofertou vagas para Analista e T\u00e9cnico Legislativo em diversas [&hellip;]","og_url":"https:\/\/noticiaempauta.com\/portal\/novos-concursados-da-alepi-serao-nomeados-ainda-em-2024-afirma-franze\/","og_site_name":"Portal Not\u00edcia em Pauta","article_publisher":"https:\/\/www.facebook.com\/Portal-Notcia-Em-Pauta-102292869264820\/","article_published_time":"2024-06-18T19:58:23+00:00","article_modified_time":"2024-06-18T19:58:24+00:00","og_image":[{"width":1000,"height":667,"url":"https:\/\/noticiaempauta.com\/portal\/wp-content\/uploads\/2024\/06\/IMG_2368.webp","type":"image\/webp"}],"author":"Reda\u00e7\u00e3o","twitter_card":"summary_large_image","twitter_misc":{"Escrito por":"Reda\u00e7\u00e3o","Est. tempo de leitura":"2 minutos"},"schema":{"@context":"https:\/\/schema.org","@graph":[{"@type":"Article","@id":"https:\/\/noticiaempauta.com\/portal\/novos-concursados-da-alepi-serao-nomeados-ainda-em-2024-afirma-franze\/#article","isPartOf":{"@id":"https:\/\/noticiaempauta.com\/portal\/novos-concursados-da-alepi-serao-nomeados-ainda-em-2024-afirma-franze\/"},"author":{"name":"Reda\u00e7\u00e3o","@id":"https:\/\/noticiaempauta.com\/portal\/#\/schema\/person\/a74af43dd1ab3deca45f988c717d57ac"},"headline":"Novos concursados da Alepi ser\u00e3o nomeados ainda em 2024, afirma Franz\u00e9","datePublished":"2024-06-18T19:58:23+00:00","dateModified":"2024-06-18T19:58:24+00:00","mainEntityOfPage":{"@id":"https:\/\/noticiaempauta.com\/portal\/novos-concursados-da-alepi-serao-nomeados-ainda-em-2024-afirma-franze\/"},"wordCount":296,"commentCount":0,"publisher":{"@id":"https:\/\/noticiaempauta.com\/portal\/#organization"},"image":{"@id":"https:\/\/noticiaempauta.com\/portal\/novos-concursados-da-alepi-serao-nomeados-ainda-em-2024-afirma-franze\/#primaryimage"},"thumbnailUrl":"https:\/\/noticiaempauta.com\/portal\/wp-content\/uploads\/2024\/06\/IMG_2368.webp","keywords":["destaqueprincipal"],"articleSection":["Destaques","Geral","Todas as Not\u00edcias"],"inLanguage":"pt-BR","potentialAction":[{"@type":"CommentAction","name":"Comment","target":["https:\/\/noticiaempauta.com\/portal\/novos-concursados-da-alepi-serao-nomeados-ainda-em-2024-afirma-franze\/#respond"]}]},{"@type":"WebPage","@id":"https:\/\/noticiaempauta.com\/portal\/novos-concursados-da-alepi-serao-nomeados-ainda-em-2024-afirma-franze\/","url":"https:\/\/noticiaempauta.com\/portal\/novos-concursados-da-alepi-serao-nomeados-ainda-em-2024-afirma-franze\/","name":"Novos concursados da Alepi ser\u00e3o nomeados ainda em 2024, afirma Franz\u00e9 - Portal Not\u00edcia em Pauta","isPartOf":{"@id":"https:\/\/noticiaempauta.com\/portal\/#website"},"primaryImageOfPage":{"@id":"https:\/\/noticiaempauta.com\/portal\/novos-concursados-da-alepi-serao-nomeados-ainda-em-2024-afirma-franze\/#primaryimage"},"image":{"@id":"https:\/\/noticiaempauta.com\/portal\/novos-concursados-da-alepi-serao-nomeados-ainda-em-2024-afirma-franze\/#primaryimage"},"thumbnailUrl":"https:\/\/noticiaempauta.com\/portal\/wp-content\/uploads\/2024\/06\/IMG_2368.webp","datePublished":"2024-06-18T19:58:23+00:00","dateModified":"2024-06-18T19:58:24+00:00","breadcrumb":{"@id":"https:\/\/noticiaempauta.com\/portal\/novos-concursados-da-alepi-serao-nomeados-ainda-em-2024-afirma-franze\/#breadcrumb"},"inLanguage":"pt-BR","potentialAction":[{"@type":"ReadAction","target":["https:\/\/noticiaempauta.com\/portal\/novos-concursados-da-alepi-serao-nomeados-ainda-em-2024-afirma-franze\/"]}]},{"@type":"ImageObject","inLanguage":"pt-BR","@id":"https:\/\/noticiaempauta.com\/portal\/novos-concursados-da-alepi-serao-nomeados-ainda-em-2024-afirma-franze\/#primaryimage","url":"https:\/\/noticiaempauta.com\/portal\/wp-content\/uploads\/2024\/06\/IMG_2368.webp","contentUrl":"https:\/\/noticiaempauta.com\/portal\/wp-content\/uploads\/2024\/06\/IMG_2368.webp","width":1000,"height":667},{"@type":"BreadcrumbList","@id":"https:\/\/noticiaempauta.com\/portal\/novos-concursados-da-alepi-serao-nomeados-ainda-em-2024-afirma-franze\/#breadcrumb","itemListElement":[{"@type":"ListItem","position":1,"name":"P\u00e1gina Inicial","item":"https:\/\/noticiaempauta.com\/portal\/"},{"@type":"ListItem","position":2,"name":"Destaques","item":"https:\/\/noticiaempauta.com\/portal\/destaques-site\/"},{"@type":"ListItem","position":3,"name":"Novos concursados da Alepi ser\u00e3o nomeados ainda em 2024, afirma Franz\u00e9"}]},{"@type":"WebSite","@id":"https:\/\/noticiaempauta.com\/portal\/#website","url":"https:\/\/noticiaempauta.com\/portal\/","name":"Portal Not\u00edcia em Pauta","description":"Voc\u00ea bem informado","publisher":{"@id":"https:\/\/noticiaempauta.com\/portal\/#organization"},"potentialAction":[{"@type":"SearchAction","target":{"@type":"EntryPoint","urlTemplate":"https:\/\/noticiaempauta.com\/portal\/?s={search_term_string}"},"query-input":{"@type":"PropertyValueSpecification","valueRequired":true,"valueName":"search_term_string"}}],"inLanguage":"pt-BR"},{"@type":"Organization","@id":"https:\/\/noticiaempauta.com\/portal\/#organization","name":"Portal Not\u00edcia em Pauta","url":"https:\/\/noticiaempauta.com\/portal\/","logo":{"@type":"ImageObject","inLanguage":"pt-BR","@id":"https:\/\/noticiaempauta.com\/portal\/#\/schema\/logo\/image\/","url":"https:\/\/noticiaempauta.com\/portal\/wp-content\/uploads\/2022\/08\/logomarca_tema.fw_.png","contentUrl":"https:\/\/noticiaempauta.com\/portal\/wp-content\/uploads\/2022\/08\/logomarca_tema.fw_.png","width":400,"height":232,"caption":"Portal Not\u00edcia em Pauta"},"image":{"@id":"https:\/\/noticiaempauta.com\/portal\/#\/schema\/logo\/image\/"},"sameAs":["https:\/\/www.facebook.com\/Portal-Notcia-Em-Pauta-102292869264820\/","https:\/\/www.instagram.com\/portalnoticiaempauta\/"]},{"@type":"Person","@id":"https:\/\/noticiaempauta.com\/portal\/#\/schema\/person\/a74af43dd1ab3deca45f988c717d57ac","name":"Reda\u00e7\u00e3o","image":{"@type":"ImageObject","inLanguage":"pt-BR","@id":"https:\/\/noticiaempauta.com\/portal\/#\/schema\/person\/image\/","url":"https:\/\/secure.gravatar.com\/avatar\/03179346ecce6cdfc13361603e8f54242a90e5cde8618fa23c5c00aa2b0aadf3?s=96&d=mm&r=g","contentUrl":"https:\/\/secure.gravatar.com\/avatar\/03179346ecce6cdfc13361603e8f54242a90e5cde8618fa23c5c00aa2b0aadf3?s=96&d=mm&r=g","caption":"Reda\u00e7\u00e3o"},"sameAs":["https:\/\/noticiaempauta.com\/portal\/"],"url":"https:\/\/noticiaempauta.com\/portal\/author\/fernando\/"}]}},"_links":{"self":[{"href":"https:\/\/noticiaempauta.com\/portal\/wp-json\/wp\/v2\/posts\/259020","targetHints":{"allow":["GET"]}}],"collection":[{"href":"https:\/\/noticiaempauta.com\/portal\/wp-json\/wp\/v2\/posts"}],"about":[{"href":"https:\/\/noticiaempauta.com\/portal\/wp-json\/wp\/v2\/types\/post"}],"author":[{"embeddable":true,"href":"https:\/\/noticiaempauta.com\/portal\/wp-json\/wp\/v2\/users\/2"}],"replies":[{"embeddable":true,"href":"https:\/\/noticiaempauta.com\/portal\/wp-json\/wp\/v2\/comments?post=259020"}],"version-history":[{"count":2,"href":"https:\/\/noticiaempauta.com\/portal\/wp-json\/wp\/v2\/posts\/259020\/revisions"}],"predecessor-version":[{"id":259023,"href":"https:\/\/noticiaempauta.com\/portal\/wp-json\/wp\/v2\/posts\/259020\/revisions\/259023"}],"wp:featuredmedia":[{"embeddable":true,"href":"https:\/\/noticiaempauta.com\/portal\/wp-json\/wp\/v2\/media\/259021"}],"wp:attachment":[{"href":"https:\/\/noticiaempauta.com\/portal\/wp-json\/wp\/v2\/media?parent=259020"}],"wp:term":[{"taxonomy":"category","embeddable":true,"href":"https:\/\/noticiaempauta.com\/portal\/wp-json\/wp\/v2\/categories?post=259020"},{"taxonomy":"post_tag","embeddable":true,"href":"https:\/\/noticiaempauta.com\/portal\/wp-json\/wp\/v2\/tags?post=259020"}],"curies":[{"name":"wp","href":"https:\/\/api.w.org\/{rel}","templated":true}]}}