{"id":259028,"date":"2024-06-19T09:21:04","date_gmt":"2024-06-19T12:21:04","guid":{"rendered":"https:\/\/noticiaempauta.com\/portal\/?p=259028"},"modified":"2024-06-19T09:21:05","modified_gmt":"2024-06-19T12:21:05","slug":"rafael-fonteles-inaugura-trecho-da-pi-120-que-liga-sao-miguel-do-tapuio-a-pimenteiras","status":"publish","type":"post","link":"https:\/\/noticiaempauta.com\/portal\/rafael-fonteles-inaugura-trecho-da-pi-120-que-liga-sao-miguel-do-tapuio-a-pimenteiras\/","title":{"rendered":"Rafael Fonteles inaugura trecho da PI-120 que liga S\u00e3o Miguel do Tapuio a Pimenteiras"},"content":{"rendered":"\n<p>O governador Rafael Fonteles esteve, na tarde desta ter\u00e7a-feira (18), fazendo entregas e vistoriando obras nos munic\u00edpios de S\u00e3o Miguel do Tapuio e Pimenteiras. Em S\u00e3o Miguel do Tapuio o governador inaugurou mobilidade urbana e em Pimenteiras inaugurou uma das rodovias mais aguardadas pela popula\u00e7\u00e3o.<\/p>\n\n\n\n<figure class=\"wp-block-image size-large\"><img fetchpriority=\"high\" decoding=\"async\" width=\"1024\" height=\"683\" src=\"https:\/\/noticiaempauta.com\/portal\/wp-content\/uploads\/2024\/06\/Pimenteiras-9-1024x683.jpeg\" alt=\"\" class=\"wp-image-259034\" srcset=\"https:\/\/noticiaempauta.com\/portal\/wp-content\/uploads\/2024\/06\/Pimenteiras-9-1024x683.jpeg 1024w, https:\/\/noticiaempauta.com\/portal\/wp-content\/uploads\/2024\/06\/Pimenteiras-9-300x200.jpeg 300w, https:\/\/noticiaempauta.com\/portal\/wp-content\/uploads\/2024\/06\/Pimenteiras-9-768x512.jpeg 768w, https:\/\/noticiaempauta.com\/portal\/wp-content\/uploads\/2024\/06\/Pimenteiras-9-1536x1024.jpeg 1536w, https:\/\/noticiaempauta.com\/portal\/wp-content\/uploads\/2024\/06\/Pimenteiras-9-2048x1366.jpeg 2048w\" sizes=\"(max-width: 1024px) 100vw, 1024px\" \/><\/figure>\n\n\n\n<p>Em S\u00e3o Miguel do Tapuio o governador entregou 39.611,25 m2 de pavimenta\u00e7\u00e3o asf\u00e1ltica para melhorar a mobilidade urbana da cidade. A obra executada pela Secretaria dos Transportes teve um investimento no valor de \u00a0R$ 4.230.035,28.<\/p>\n\n\n\n<figure class=\"wp-block-image size-full\"><img decoding=\"async\" width=\"1000\" height=\"667\" src=\"https:\/\/noticiaempauta.com\/portal\/wp-content\/uploads\/2024\/06\/large_Sao_Miguel_do_Tapuio_7_8584e806df.jpeg\" alt=\"\" class=\"wp-image-259029\" srcset=\"https:\/\/noticiaempauta.com\/portal\/wp-content\/uploads\/2024\/06\/large_Sao_Miguel_do_Tapuio_7_8584e806df.jpeg 1000w, https:\/\/noticiaempauta.com\/portal\/wp-content\/uploads\/2024\/06\/large_Sao_Miguel_do_Tapuio_7_8584e806df-300x200.jpeg 300w, https:\/\/noticiaempauta.com\/portal\/wp-content\/uploads\/2024\/06\/large_Sao_Miguel_do_Tapuio_7_8584e806df-768x512.jpeg 768w\" sizes=\"(max-width: 1000px) 100vw, 1000px\" \/><\/figure>\n\n\n\n<p>O governador destaca que o munic\u00edpio vem recebendo diversos investimentos, desde mobilidade urbana a rodovias, como a constru\u00e7\u00e3o de uma rodovi\u00e1ria que tem prazo de entrega de um ano. \u201cS\u00e3o Miguel do Tapuio se tornou um canteiro de obras, tanto na \u00e1rea urbana, como nas comunidades rurais\u201d, apontou Fonteles.<\/p>\n\n\n\n<p>Em S\u00e3o Miguel do Tapuio, tamb\u00e9m foram inaugurados o Instituto de Identifica\u00e7\u00e3o F\u00e9lix Pacheco, al\u00e9m do programa Sala Digital instalado no munic\u00edpio.<\/p>\n\n\n\n<figure class=\"wp-block-image size-full\"><img decoding=\"async\" width=\"1000\" height=\"667\" src=\"https:\/\/noticiaempauta.com\/portal\/wp-content\/uploads\/2024\/06\/large_Sao_Miguel_do_Tapuio_3_0f5f7b61dd.jpeg\" alt=\"\" class=\"wp-image-259030\" srcset=\"https:\/\/noticiaempauta.com\/portal\/wp-content\/uploads\/2024\/06\/large_Sao_Miguel_do_Tapuio_3_0f5f7b61dd.jpeg 1000w, https:\/\/noticiaempauta.com\/portal\/wp-content\/uploads\/2024\/06\/large_Sao_Miguel_do_Tapuio_3_0f5f7b61dd-300x200.jpeg 300w, https:\/\/noticiaempauta.com\/portal\/wp-content\/uploads\/2024\/06\/large_Sao_Miguel_do_Tapuio_3_0f5f7b61dd-768x512.jpeg 768w\" sizes=\"(max-width: 1000px) 100vw, 1000px\" \/><\/figure>\n\n\n\n<p>Pomp\u00edlio Evaristo, prefeito de S\u00e3o Miguel, conta que o munic\u00edpio nunca havia recebido tanto investimento como agora, o que est\u00e1 fazendo uma revolu\u00e7\u00e3o na infraestrutura local. \u201cMuito feliz e agradecido com tudo o que est\u00e1 sendo feito aqui em S\u00e3o Miguel, melhorando a qualidade de vida do nosso povo. Foram 6 bairros beneficiados com asfalto, reduzindo a poeira, a lama em um cal\u00e7amento de p\u00e9ssima qualidade\u201d, agradeceu o prefeito.<\/p>\n\n\n\n<p>O governador inaugurou ainda a PI 120, no trecho de entroncamento entre a PI-115, S\u00e3o Miguel do Tapuio e Pimenteiras, uma obra com mais de 80 km e um investimento na ordem de R$ 50.018.698,69 executada pelo Departamento de Estradas de Rodagem (DER). A inaugura\u00e7\u00e3o foi feita nas duas pontas da rodovia, tanto em S\u00e3o Miguel do Tapuio como em Pimenteiras.<\/p>\n\n\n\n<figure class=\"wp-block-image size-full\"><img loading=\"lazy\" decoding=\"async\" width=\"1000\" height=\"667\" src=\"https:\/\/noticiaempauta.com\/portal\/wp-content\/uploads\/2024\/06\/large_Pimenteiras_4_03998cbdb7.jpeg\" alt=\"\" class=\"wp-image-259031\" srcset=\"https:\/\/noticiaempauta.com\/portal\/wp-content\/uploads\/2024\/06\/large_Pimenteiras_4_03998cbdb7.jpeg 1000w, https:\/\/noticiaempauta.com\/portal\/wp-content\/uploads\/2024\/06\/large_Pimenteiras_4_03998cbdb7-300x200.jpeg 300w, https:\/\/noticiaempauta.com\/portal\/wp-content\/uploads\/2024\/06\/large_Pimenteiras_4_03998cbdb7-768x512.jpeg 768w\" sizes=\"(max-width: 1000px) 100vw, 1000px\" \/><\/figure>\n\n\n\n<p>\u201cPercorremos os 80 km de S\u00e3o Miguel do Tapuio at\u00e9 Pimenteiras, uma das maiores rodovias que estamos inaugurando. Sem d\u00favidas uma obra hist\u00f3rica para o munic\u00edpio e regi\u00e3o. Agora temos o compromisso de recuperar a rodovia que vai at\u00e9 Valen\u00e7a\u201d, anunciou o governador Rafael Fonteles.<\/p>\n\n\n\n<p>O diretor do Departamento de Estradas de Rodagem (DER), Leonardo Sobral, destaca os esfor\u00e7os do \u00f3rg\u00e3o para entregar uma rodovia bem constru\u00edda e bem sinalizada para melhor seguran\u00e7a de quem trafega. \u201cEst\u00e1 um verdadeiro tapete, bem sinalizada, com excelente visibilidade e estamos finalizando as lombadas nas comunidades para garantir maior seguran\u00e7a para todos\u201d, apontou.<\/p>\n\n\n\n<figure class=\"wp-block-image size-full\"><img loading=\"lazy\" decoding=\"async\" width=\"1000\" height=\"667\" src=\"https:\/\/noticiaempauta.com\/portal\/wp-content\/uploads\/2024\/06\/large_Sao_Miguel_do_Tapuio_6_6a6c230810.jpeg\" alt=\"\" class=\"wp-image-259032\" srcset=\"https:\/\/noticiaempauta.com\/portal\/wp-content\/uploads\/2024\/06\/large_Sao_Miguel_do_Tapuio_6_6a6c230810.jpeg 1000w, https:\/\/noticiaempauta.com\/portal\/wp-content\/uploads\/2024\/06\/large_Sao_Miguel_do_Tapuio_6_6a6c230810-300x200.jpeg 300w, https:\/\/noticiaempauta.com\/portal\/wp-content\/uploads\/2024\/06\/large_Sao_Miguel_do_Tapuio_6_6a6c230810-768x512.jpeg 768w\" sizes=\"(max-width: 1000px) 100vw, 1000px\" \/><\/figure>\n\n\n\n<p>Encerrando a agenda, o governador visitou, em Pimenteiras, as obras de reforma e moderniza\u00e7\u00e3o do Centro Cultural Cineas Martins Nogueira, de responsabilidade da Secretaria de Cultura do Piau\u00ed (Secult). O valor do investimento \u00e9 de R$ 1.367.246,55. A obra ser\u00e1 o quinto maior centro cultural do estado do Piau\u00ed e ser\u00e1 entregue em dois meses.<\/p>\n\n\n\n<figure class=\"wp-block-image size-full\"><img loading=\"lazy\" decoding=\"async\" width=\"1000\" height=\"780\" src=\"https:\/\/noticiaempauta.com\/portal\/wp-content\/uploads\/2024\/06\/large_Centro_Cultural_Cineas_Martins_Nogueira_1_dd64637e8f.jpeg\" alt=\"\" class=\"wp-image-259033\" srcset=\"https:\/\/noticiaempauta.com\/portal\/wp-content\/uploads\/2024\/06\/large_Centro_Cultural_Cineas_Martins_Nogueira_1_dd64637e8f.jpeg 1000w, https:\/\/noticiaempauta.com\/portal\/wp-content\/uploads\/2024\/06\/large_Centro_Cultural_Cineas_Martins_Nogueira_1_dd64637e8f-300x234.jpeg 300w, https:\/\/noticiaempauta.com\/portal\/wp-content\/uploads\/2024\/06\/large_Centro_Cultural_Cineas_Martins_Nogueira_1_dd64637e8f-768x599.jpeg 768w\" sizes=\"(max-width: 1000px) 100vw, 1000px\" \/><\/figure>\n\n\n\n<p>O secret\u00e1rio da Secult, Carlos Anchieta, detalha os espa\u00e7os que estar\u00e3o dispon\u00edveis no centro. \u201cTeremos um audit\u00f3rio que poder\u00e1 receber diversos projetos, uma biblioteca ampliada e reformada, al\u00e9m de um espa\u00e7o com cursos de m\u00fasica, dan\u00e7a e uma sala de oficinas como artesanato e corte e custura\u201d, explicou.<\/p>\n\n\n\n<p><strong><em>CCOM\/PI<\/em><\/strong><\/p>\n","protected":false},"excerpt":{"rendered":"<p>Governador entregou ainda mais de 36 mil m\u00b2 de mobilidade urbana em S\u00e3o Miguel do Tapuio e vistoriou as obras do centro cultural em Pimenteiras.<\/p>\n","protected":false},"author":2,"featured_media":259031,"comment_status":"open","ping_status":"open","sticky":false,"template":"","format":"standard","meta":{"_mi_skip_tracking":false,"footnotes":""},"categories":[25,1,9,16],"tags":[192],"class_list":["post-259028","post","type-post","status-publish","format-standard","has-post-thumbnail","hentry","category-destaques-site","category-geral","category-municipios","category-todas","tag-destaqueprincipal"],"acf":[],"yoast_head":"<!-- This site is optimized with the Yoast SEO Premium plugin v19.2 (Yoast SEO v26.9) - https:\/\/yoast.com\/product\/yoast-seo-premium-wordpress\/ -->\n<title>Rafael Fonteles inaugura trecho da PI-120 que liga S\u00e3o Miguel do Tapuio a Pimenteiras - Portal Not\u00edcia em Pauta<\/title>\n<meta name=\"robots\" content=\"index, follow, max-snippet:-1, max-image-preview:large, max-video-preview:-1\" \/>\n<link rel=\"canonical\" href=\"https:\/\/noticiaempauta.com\/portal\/rafael-fonteles-inaugura-trecho-da-pi-120-que-liga-sao-miguel-do-tapuio-a-pimenteiras\/\" \/>\n<meta property=\"og:locale\" content=\"pt_BR\" \/>\n<meta property=\"og:type\" content=\"article\" \/>\n<meta property=\"og:title\" content=\"Rafael Fonteles inaugura trecho da PI-120 que liga S\u00e3o Miguel do Tapuio a Pimenteiras\" \/>\n<meta property=\"og:description\" content=\"Governador entregou ainda mais de 36 mil m\u00b2 de mobilidade urbana em S\u00e3o Miguel do Tapuio e vistoriou as obras do centro cultural em Pimenteiras.\" \/>\n<meta property=\"og:url\" content=\"https:\/\/noticiaempauta.com\/portal\/rafael-fonteles-inaugura-trecho-da-pi-120-que-liga-sao-miguel-do-tapuio-a-pimenteiras\/\" \/>\n<meta property=\"og:site_name\" content=\"Portal Not\u00edcia em Pauta\" \/>\n<meta property=\"article:publisher\" content=\"https:\/\/www.facebook.com\/Portal-Notcia-Em-Pauta-102292869264820\/\" \/>\n<meta property=\"article:published_time\" content=\"2024-06-19T12:21:04+00:00\" \/>\n<meta property=\"article:modified_time\" content=\"2024-06-19T12:21:05+00:00\" \/>\n<meta property=\"og:image\" content=\"https:\/\/noticiaempauta.com\/portal\/wp-content\/uploads\/2024\/06\/large_Pimenteiras_4_03998cbdb7.jpeg\" \/>\n\t<meta property=\"og:image:width\" content=\"1000\" \/>\n\t<meta property=\"og:image:height\" content=\"667\" \/>\n\t<meta property=\"og:image:type\" content=\"image\/jpeg\" \/>\n<meta name=\"author\" content=\"Reda\u00e7\u00e3o\" \/>\n<meta name=\"twitter:card\" content=\"summary_large_image\" \/>\n<meta name=\"twitter:label1\" content=\"Escrito por\" \/>\n\t<meta name=\"twitter:data1\" content=\"Reda\u00e7\u00e3o\" \/>\n\t<meta name=\"twitter:label2\" content=\"Est. tempo de leitura\" \/>\n\t<meta name=\"twitter:data2\" content=\"5 minutos\" \/>\n<script type=\"application\/ld+json\" class=\"yoast-schema-graph\">{\"@context\":\"https:\/\/schema.org\",\"@graph\":[{\"@type\":\"Article\",\"@id\":\"https:\/\/noticiaempauta.com\/portal\/rafael-fonteles-inaugura-trecho-da-pi-120-que-liga-sao-miguel-do-tapuio-a-pimenteiras\/#article\",\"isPartOf\":{\"@id\":\"https:\/\/noticiaempauta.com\/portal\/rafael-fonteles-inaugura-trecho-da-pi-120-que-liga-sao-miguel-do-tapuio-a-pimenteiras\/\"},\"author\":{\"name\":\"Reda\u00e7\u00e3o\",\"@id\":\"https:\/\/noticiaempauta.com\/portal\/#\/schema\/person\/a74af43dd1ab3deca45f988c717d57ac\"},\"headline\":\"Rafael Fonteles inaugura trecho da PI-120 que liga S\u00e3o Miguel do Tapuio a Pimenteiras\",\"datePublished\":\"2024-06-19T12:21:04+00:00\",\"dateModified\":\"2024-06-19T12:21:05+00:00\",\"mainEntityOfPage\":{\"@id\":\"https:\/\/noticiaempauta.com\/portal\/rafael-fonteles-inaugura-trecho-da-pi-120-que-liga-sao-miguel-do-tapuio-a-pimenteiras\/\"},\"wordCount\":539,\"commentCount\":0,\"publisher\":{\"@id\":\"https:\/\/noticiaempauta.com\/portal\/#organization\"},\"image\":{\"@id\":\"https:\/\/noticiaempauta.com\/portal\/rafael-fonteles-inaugura-trecho-da-pi-120-que-liga-sao-miguel-do-tapuio-a-pimenteiras\/#primaryimage\"},\"thumbnailUrl\":\"https:\/\/noticiaempauta.com\/portal\/wp-content\/uploads\/2024\/06\/large_Pimenteiras_4_03998cbdb7.jpeg\",\"keywords\":[\"destaqueprincipal\"],\"articleSection\":[\"Destaques\",\"Geral\",\"Munic\u00edpios\",\"Todas as Not\u00edcias\"],\"inLanguage\":\"pt-BR\",\"potentialAction\":[{\"@type\":\"CommentAction\",\"name\":\"Comment\",\"target\":[\"https:\/\/noticiaempauta.com\/portal\/rafael-fonteles-inaugura-trecho-da-pi-120-que-liga-sao-miguel-do-tapuio-a-pimenteiras\/#respond\"]}]},{\"@type\":\"WebPage\",\"@id\":\"https:\/\/noticiaempauta.com\/portal\/rafael-fonteles-inaugura-trecho-da-pi-120-que-liga-sao-miguel-do-tapuio-a-pimenteiras\/\",\"url\":\"https:\/\/noticiaempauta.com\/portal\/rafael-fonteles-inaugura-trecho-da-pi-120-que-liga-sao-miguel-do-tapuio-a-pimenteiras\/\",\"name\":\"Rafael Fonteles inaugura trecho da PI-120 que liga S\u00e3o Miguel do Tapuio a Pimenteiras - Portal Not\u00edcia em Pauta\",\"isPartOf\":{\"@id\":\"https:\/\/noticiaempauta.com\/portal\/#website\"},\"primaryImageOfPage\":{\"@id\":\"https:\/\/noticiaempauta.com\/portal\/rafael-fonteles-inaugura-trecho-da-pi-120-que-liga-sao-miguel-do-tapuio-a-pimenteiras\/#primaryimage\"},\"image\":{\"@id\":\"https:\/\/noticiaempauta.com\/portal\/rafael-fonteles-inaugura-trecho-da-pi-120-que-liga-sao-miguel-do-tapuio-a-pimenteiras\/#primaryimage\"},\"thumbnailUrl\":\"https:\/\/noticiaempauta.com\/portal\/wp-content\/uploads\/2024\/06\/large_Pimenteiras_4_03998cbdb7.jpeg\",\"datePublished\":\"2024-06-19T12:21:04+00:00\",\"dateModified\":\"2024-06-19T12:21:05+00:00\",\"breadcrumb\":{\"@id\":\"https:\/\/noticiaempauta.com\/portal\/rafael-fonteles-inaugura-trecho-da-pi-120-que-liga-sao-miguel-do-tapuio-a-pimenteiras\/#breadcrumb\"},\"inLanguage\":\"pt-BR\",\"potentialAction\":[{\"@type\":\"ReadAction\",\"target\":[\"https:\/\/noticiaempauta.com\/portal\/rafael-fonteles-inaugura-trecho-da-pi-120-que-liga-sao-miguel-do-tapuio-a-pimenteiras\/\"]}]},{\"@type\":\"ImageObject\",\"inLanguage\":\"pt-BR\",\"@id\":\"https:\/\/noticiaempauta.com\/portal\/rafael-fonteles-inaugura-trecho-da-pi-120-que-liga-sao-miguel-do-tapuio-a-pimenteiras\/#primaryimage\",\"url\":\"https:\/\/noticiaempauta.com\/portal\/wp-content\/uploads\/2024\/06\/large_Pimenteiras_4_03998cbdb7.jpeg\",\"contentUrl\":\"https:\/\/noticiaempauta.com\/portal\/wp-content\/uploads\/2024\/06\/large_Pimenteiras_4_03998cbdb7.jpeg\",\"width\":1000,\"height\":667},{\"@type\":\"BreadcrumbList\",\"@id\":\"https:\/\/noticiaempauta.com\/portal\/rafael-fonteles-inaugura-trecho-da-pi-120-que-liga-sao-miguel-do-tapuio-a-pimenteiras\/#breadcrumb\",\"itemListElement\":[{\"@type\":\"ListItem\",\"position\":1,\"name\":\"P\u00e1gina Inicial\",\"item\":\"https:\/\/noticiaempauta.com\/portal\/\"},{\"@type\":\"ListItem\",\"position\":2,\"name\":\"Destaques\",\"item\":\"https:\/\/noticiaempauta.com\/portal\/destaques-site\/\"},{\"@type\":\"ListItem\",\"position\":3,\"name\":\"Rafael Fonteles inaugura trecho da PI-120 que liga S\u00e3o Miguel do Tapuio a Pimenteiras\"}]},{\"@type\":\"WebSite\",\"@id\":\"https:\/\/noticiaempauta.com\/portal\/#website\",\"url\":\"https:\/\/noticiaempauta.com\/portal\/\",\"name\":\"Portal Not\u00edcia em Pauta\",\"description\":\"Voc\u00ea bem informado\",\"publisher\":{\"@id\":\"https:\/\/noticiaempauta.com\/portal\/#organization\"},\"potentialAction\":[{\"@type\":\"SearchAction\",\"target\":{\"@type\":\"EntryPoint\",\"urlTemplate\":\"https:\/\/noticiaempauta.com\/portal\/?s={search_term_string}\"},\"query-input\":{\"@type\":\"PropertyValueSpecification\",\"valueRequired\":true,\"valueName\":\"search_term_string\"}}],\"inLanguage\":\"pt-BR\"},{\"@type\":\"Organization\",\"@id\":\"https:\/\/noticiaempauta.com\/portal\/#organization\",\"name\":\"Portal Not\u00edcia em Pauta\",\"url\":\"https:\/\/noticiaempauta.com\/portal\/\",\"logo\":{\"@type\":\"ImageObject\",\"inLanguage\":\"pt-BR\",\"@id\":\"https:\/\/noticiaempauta.com\/portal\/#\/schema\/logo\/image\/\",\"url\":\"https:\/\/noticiaempauta.com\/portal\/wp-content\/uploads\/2022\/08\/logomarca_tema.fw_.png\",\"contentUrl\":\"https:\/\/noticiaempauta.com\/portal\/wp-content\/uploads\/2022\/08\/logomarca_tema.fw_.png\",\"width\":400,\"height\":232,\"caption\":\"Portal Not\u00edcia em Pauta\"},\"image\":{\"@id\":\"https:\/\/noticiaempauta.com\/portal\/#\/schema\/logo\/image\/\"},\"sameAs\":[\"https:\/\/www.facebook.com\/Portal-Notcia-Em-Pauta-102292869264820\/\",\"https:\/\/www.instagram.com\/portalnoticiaempauta\/\"]},{\"@type\":\"Person\",\"@id\":\"https:\/\/noticiaempauta.com\/portal\/#\/schema\/person\/a74af43dd1ab3deca45f988c717d57ac\",\"name\":\"Reda\u00e7\u00e3o\",\"image\":{\"@type\":\"ImageObject\",\"inLanguage\":\"pt-BR\",\"@id\":\"https:\/\/noticiaempauta.com\/portal\/#\/schema\/person\/image\/\",\"url\":\"https:\/\/secure.gravatar.com\/avatar\/03179346ecce6cdfc13361603e8f54242a90e5cde8618fa23c5c00aa2b0aadf3?s=96&d=mm&r=g\",\"contentUrl\":\"https:\/\/secure.gravatar.com\/avatar\/03179346ecce6cdfc13361603e8f54242a90e5cde8618fa23c5c00aa2b0aadf3?s=96&d=mm&r=g\",\"caption\":\"Reda\u00e7\u00e3o\"},\"sameAs\":[\"https:\/\/noticiaempauta.com\/portal\/\"],\"url\":\"https:\/\/noticiaempauta.com\/portal\/author\/fernando\/\"}]}<\/script>\n<!-- \/ Yoast SEO Premium plugin. -->","yoast_head_json":{"title":"Rafael Fonteles inaugura trecho da PI-120 que liga S\u00e3o Miguel do Tapuio a Pimenteiras - Portal Not\u00edcia em Pauta","robots":{"index":"index","follow":"follow","max-snippet":"max-snippet:-1","max-image-preview":"max-image-preview:large","max-video-preview":"max-video-preview:-1"},"canonical":"https:\/\/noticiaempauta.com\/portal\/rafael-fonteles-inaugura-trecho-da-pi-120-que-liga-sao-miguel-do-tapuio-a-pimenteiras\/","og_locale":"pt_BR","og_type":"article","og_title":"Rafael Fonteles inaugura trecho da PI-120 que liga S\u00e3o Miguel do Tapuio a Pimenteiras","og_description":"Governador entregou ainda mais de 36 mil m\u00b2 de mobilidade urbana em S\u00e3o Miguel do Tapuio e vistoriou as obras do centro cultural em Pimenteiras.","og_url":"https:\/\/noticiaempauta.com\/portal\/rafael-fonteles-inaugura-trecho-da-pi-120-que-liga-sao-miguel-do-tapuio-a-pimenteiras\/","og_site_name":"Portal Not\u00edcia em Pauta","article_publisher":"https:\/\/www.facebook.com\/Portal-Notcia-Em-Pauta-102292869264820\/","article_published_time":"2024-06-19T12:21:04+00:00","article_modified_time":"2024-06-19T12:21:05+00:00","og_image":[{"width":1000,"height":667,"url":"https:\/\/noticiaempauta.com\/portal\/wp-content\/uploads\/2024\/06\/large_Pimenteiras_4_03998cbdb7.jpeg","type":"image\/jpeg"}],"author":"Reda\u00e7\u00e3o","twitter_card":"summary_large_image","twitter_misc":{"Escrito por":"Reda\u00e7\u00e3o","Est. tempo de leitura":"5 minutos"},"schema":{"@context":"https:\/\/schema.org","@graph":[{"@type":"Article","@id":"https:\/\/noticiaempauta.com\/portal\/rafael-fonteles-inaugura-trecho-da-pi-120-que-liga-sao-miguel-do-tapuio-a-pimenteiras\/#article","isPartOf":{"@id":"https:\/\/noticiaempauta.com\/portal\/rafael-fonteles-inaugura-trecho-da-pi-120-que-liga-sao-miguel-do-tapuio-a-pimenteiras\/"},"author":{"name":"Reda\u00e7\u00e3o","@id":"https:\/\/noticiaempauta.com\/portal\/#\/schema\/person\/a74af43dd1ab3deca45f988c717d57ac"},"headline":"Rafael Fonteles inaugura trecho da PI-120 que liga S\u00e3o Miguel do Tapuio a Pimenteiras","datePublished":"2024-06-19T12:21:04+00:00","dateModified":"2024-06-19T12:21:05+00:00","mainEntityOfPage":{"@id":"https:\/\/noticiaempauta.com\/portal\/rafael-fonteles-inaugura-trecho-da-pi-120-que-liga-sao-miguel-do-tapuio-a-pimenteiras\/"},"wordCount":539,"commentCount":0,"publisher":{"@id":"https:\/\/noticiaempauta.com\/portal\/#organization"},"image":{"@id":"https:\/\/noticiaempauta.com\/portal\/rafael-fonteles-inaugura-trecho-da-pi-120-que-liga-sao-miguel-do-tapuio-a-pimenteiras\/#primaryimage"},"thumbnailUrl":"https:\/\/noticiaempauta.com\/portal\/wp-content\/uploads\/2024\/06\/large_Pimenteiras_4_03998cbdb7.jpeg","keywords":["destaqueprincipal"],"articleSection":["Destaques","Geral","Munic\u00edpios","Todas as Not\u00edcias"],"inLanguage":"pt-BR","potentialAction":[{"@type":"CommentAction","name":"Comment","target":["https:\/\/noticiaempauta.com\/portal\/rafael-fonteles-inaugura-trecho-da-pi-120-que-liga-sao-miguel-do-tapuio-a-pimenteiras\/#respond"]}]},{"@type":"WebPage","@id":"https:\/\/noticiaempauta.com\/portal\/rafael-fonteles-inaugura-trecho-da-pi-120-que-liga-sao-miguel-do-tapuio-a-pimenteiras\/","url":"https:\/\/noticiaempauta.com\/portal\/rafael-fonteles-inaugura-trecho-da-pi-120-que-liga-sao-miguel-do-tapuio-a-pimenteiras\/","name":"Rafael Fonteles inaugura trecho da PI-120 que liga S\u00e3o Miguel do Tapuio a Pimenteiras - Portal Not\u00edcia em Pauta","isPartOf":{"@id":"https:\/\/noticiaempauta.com\/portal\/#website"},"primaryImageOfPage":{"@id":"https:\/\/noticiaempauta.com\/portal\/rafael-fonteles-inaugura-trecho-da-pi-120-que-liga-sao-miguel-do-tapuio-a-pimenteiras\/#primaryimage"},"image":{"@id":"https:\/\/noticiaempauta.com\/portal\/rafael-fonteles-inaugura-trecho-da-pi-120-que-liga-sao-miguel-do-tapuio-a-pimenteiras\/#primaryimage"},"thumbnailUrl":"https:\/\/noticiaempauta.com\/portal\/wp-content\/uploads\/2024\/06\/large_Pimenteiras_4_03998cbdb7.jpeg","datePublished":"2024-06-19T12:21:04+00:00","dateModified":"2024-06-19T12:21:05+00:00","breadcrumb":{"@id":"https:\/\/noticiaempauta.com\/portal\/rafael-fonteles-inaugura-trecho-da-pi-120-que-liga-sao-miguel-do-tapuio-a-pimenteiras\/#breadcrumb"},"inLanguage":"pt-BR","potentialAction":[{"@type":"ReadAction","target":["https:\/\/noticiaempauta.com\/portal\/rafael-fonteles-inaugura-trecho-da-pi-120-que-liga-sao-miguel-do-tapuio-a-pimenteiras\/"]}]},{"@type":"ImageObject","inLanguage":"pt-BR","@id":"https:\/\/noticiaempauta.com\/portal\/rafael-fonteles-inaugura-trecho-da-pi-120-que-liga-sao-miguel-do-tapuio-a-pimenteiras\/#primaryimage","url":"https:\/\/noticiaempauta.com\/portal\/wp-content\/uploads\/2024\/06\/large_Pimenteiras_4_03998cbdb7.jpeg","contentUrl":"https:\/\/noticiaempauta.com\/portal\/wp-content\/uploads\/2024\/06\/large_Pimenteiras_4_03998cbdb7.jpeg","width":1000,"height":667},{"@type":"BreadcrumbList","@id":"https:\/\/noticiaempauta.com\/portal\/rafael-fonteles-inaugura-trecho-da-pi-120-que-liga-sao-miguel-do-tapuio-a-pimenteiras\/#breadcrumb","itemListElement":[{"@type":"ListItem","position":1,"name":"P\u00e1gina Inicial","item":"https:\/\/noticiaempauta.com\/portal\/"},{"@type":"ListItem","position":2,"name":"Destaques","item":"https:\/\/noticiaempauta.com\/portal\/destaques-site\/"},{"@type":"ListItem","position":3,"name":"Rafael Fonteles inaugura trecho da PI-120 que liga S\u00e3o Miguel do Tapuio a Pimenteiras"}]},{"@type":"WebSite","@id":"https:\/\/noticiaempauta.com\/portal\/#website","url":"https:\/\/noticiaempauta.com\/portal\/","name":"Portal Not\u00edcia em Pauta","description":"Voc\u00ea bem informado","publisher":{"@id":"https:\/\/noticiaempauta.com\/portal\/#organization"},"potentialAction":[{"@type":"SearchAction","target":{"@type":"EntryPoint","urlTemplate":"https:\/\/noticiaempauta.com\/portal\/?s={search_term_string}"},"query-input":{"@type":"PropertyValueSpecification","valueRequired":true,"valueName":"search_term_string"}}],"inLanguage":"pt-BR"},{"@type":"Organization","@id":"https:\/\/noticiaempauta.com\/portal\/#organization","name":"Portal Not\u00edcia em Pauta","url":"https:\/\/noticiaempauta.com\/portal\/","logo":{"@type":"ImageObject","inLanguage":"pt-BR","@id":"https:\/\/noticiaempauta.com\/portal\/#\/schema\/logo\/image\/","url":"https:\/\/noticiaempauta.com\/portal\/wp-content\/uploads\/2022\/08\/logomarca_tema.fw_.png","contentUrl":"https:\/\/noticiaempauta.com\/portal\/wp-content\/uploads\/2022\/08\/logomarca_tema.fw_.png","width":400,"height":232,"caption":"Portal Not\u00edcia em Pauta"},"image":{"@id":"https:\/\/noticiaempauta.com\/portal\/#\/schema\/logo\/image\/"},"sameAs":["https:\/\/www.facebook.com\/Portal-Notcia-Em-Pauta-102292869264820\/","https:\/\/www.instagram.com\/portalnoticiaempauta\/"]},{"@type":"Person","@id":"https:\/\/noticiaempauta.com\/portal\/#\/schema\/person\/a74af43dd1ab3deca45f988c717d57ac","name":"Reda\u00e7\u00e3o","image":{"@type":"ImageObject","inLanguage":"pt-BR","@id":"https:\/\/noticiaempauta.com\/portal\/#\/schema\/person\/image\/","url":"https:\/\/secure.gravatar.com\/avatar\/03179346ecce6cdfc13361603e8f54242a90e5cde8618fa23c5c00aa2b0aadf3?s=96&d=mm&r=g","contentUrl":"https:\/\/secure.gravatar.com\/avatar\/03179346ecce6cdfc13361603e8f54242a90e5cde8618fa23c5c00aa2b0aadf3?s=96&d=mm&r=g","caption":"Reda\u00e7\u00e3o"},"sameAs":["https:\/\/noticiaempauta.com\/portal\/"],"url":"https:\/\/noticiaempauta.com\/portal\/author\/fernando\/"}]}},"_links":{"self":[{"href":"https:\/\/noticiaempauta.com\/portal\/wp-json\/wp\/v2\/posts\/259028","targetHints":{"allow":["GET"]}}],"collection":[{"href":"https:\/\/noticiaempauta.com\/portal\/wp-json\/wp\/v2\/posts"}],"about":[{"href":"https:\/\/noticiaempauta.com\/portal\/wp-json\/wp\/v2\/types\/post"}],"author":[{"embeddable":true,"href":"https:\/\/noticiaempauta.com\/portal\/wp-json\/wp\/v2\/users\/2"}],"replies":[{"embeddable":true,"href":"https:\/\/noticiaempauta.com\/portal\/wp-json\/wp\/v2\/comments?post=259028"}],"version-history":[{"count":2,"href":"https:\/\/noticiaempauta.com\/portal\/wp-json\/wp\/v2\/posts\/259028\/revisions"}],"predecessor-version":[{"id":259036,"href":"https:\/\/noticiaempauta.com\/portal\/wp-json\/wp\/v2\/posts\/259028\/revisions\/259036"}],"wp:featuredmedia":[{"embeddable":true,"href":"https:\/\/noticiaempauta.com\/portal\/wp-json\/wp\/v2\/media\/259031"}],"wp:attachment":[{"href":"https:\/\/noticiaempauta.com\/portal\/wp-json\/wp\/v2\/media?parent=259028"}],"wp:term":[{"taxonomy":"category","embeddable":true,"href":"https:\/\/noticiaempauta.com\/portal\/wp-json\/wp\/v2\/categories?post=259028"},{"taxonomy":"post_tag","embeddable":true,"href":"https:\/\/noticiaempauta.com\/portal\/wp-json\/wp\/v2\/tags?post=259028"}],"curies":[{"name":"wp","href":"https:\/\/api.w.org\/{rel}","templated":true}]}}