{"id":259043,"date":"2024-06-19T15:47:38","date_gmt":"2024-06-19T18:47:38","guid":{"rendered":"https:\/\/noticiaempauta.com\/portal\/?p=259043"},"modified":"2024-06-19T15:47:40","modified_gmt":"2024-06-19T18:47:40","slug":"segunda-edicao-do-opa-encerra-fase-de-votacao-popular-com-mais-de-160-mil-votos","status":"publish","type":"post","link":"https:\/\/noticiaempauta.com\/portal\/segunda-edicao-do-opa-encerra-fase-de-votacao-popular-com-mais-de-160-mil-votos\/","title":{"rendered":"Segunda edi\u00e7\u00e3o do OPA encerra fase de vota\u00e7\u00e3o popular com mais de 160 mil votos"},"content":{"rendered":"\n<p>A fase de vota\u00e7\u00e3o popular do Programa de Or\u00e7amento Participativo (OPA 2024-2025) foi encerrada nesta segunda-feira (17). Ao todo, 163.700 piauienses votaram para eleger as propostas que desejam ver sendo executadas a partir do pr\u00f3ximo ano. Os votos est\u00e3o sendo validados pela equipe de tecnologia do Colab e o resultado final, com a lista das propostas contempladas, ser\u00e1 divulgado no dia 27 de junho.<\/p>\n\n\n\n<p>Das 163.700 participa\u00e7\u00f5es, 110.589 ocorreram em Teresina, representando 23% dos votos v\u00e1lidos das elei\u00e7\u00f5es de 2022. Picos e Piripiri alcan\u00e7aram mais de 25% dos votos v\u00e1lidos de 2022, com um total de 16.359 e 15.107 votos, respectivamente. Floriano registrou 8.857 votos, enquanto Parna\u00edba contou com 12.788 votos.<\/p>\n\n\n\n<figure class=\"wp-block-image size-full\"><img fetchpriority=\"high\" decoding=\"async\" width=\"790\" height=\"527\" src=\"https:\/\/noticiaempauta.com\/portal\/wp-content\/uploads\/2024\/06\/15992616dac585a69b1bbbb37b8c23a7.jpg\" alt=\"\" class=\"wp-image-259044\" srcset=\"https:\/\/noticiaempauta.com\/portal\/wp-content\/uploads\/2024\/06\/15992616dac585a69b1bbbb37b8c23a7.jpg 790w, https:\/\/noticiaempauta.com\/portal\/wp-content\/uploads\/2024\/06\/15992616dac585a69b1bbbb37b8c23a7-300x200.jpg 300w, https:\/\/noticiaempauta.com\/portal\/wp-content\/uploads\/2024\/06\/15992616dac585a69b1bbbb37b8c23a7-768x512.jpg 768w\" sizes=\"(max-width: 790px) 100vw, 790px\" \/><\/figure>\n\n\n\n<p>Comparado \u00e0 primeira edi\u00e7\u00e3o do Or\u00e7amento Participativo, Teresina e Parna\u00edba, cidades contempladas no lan\u00e7amento do programa, registraram, respectivamente, um aumento de 151,2% e 60% em rela\u00e7\u00e3o \u00e0 vota\u00e7\u00e3o do ano passado. Isso resultou em um aumento total de 214,67% nos votos dos dois munic\u00edpios, alcan\u00e7ado na metade do tempo de vota\u00e7\u00e3o estipulado para a primeira edi\u00e7\u00e3o.<\/p>\n\n\n\n<p>&#8220;Estamos felizes com o OPA, pois j\u00e1 trouxe benef\u00edcios \u00e0 nossa comunidade. Vencemos no ano passado, e nossa pra\u00e7a j\u00e1 est\u00e1 sendo reformada. Nossa expectativa \u00e9 que nossa proposta seja eleita agora para o ano de 2025. Corremos atr\u00e1s dos votos e, com o suporte da equipe do OPA nas vans, conseguimos alcan\u00e7ar uma boa parte da nossa comunidade&#8221;, conta Ros\u00e2ngela Machado, presidente da Associa\u00e7\u00e3o de Moradores do bairro Parque Rodovi\u00e1rio, na zona sul de Teresina.<\/p>\n\n\n\n<figure class=\"wp-block-image size-full\"><img decoding=\"async\" width=\"790\" height=\"527\" src=\"https:\/\/noticiaempauta.com\/portal\/wp-content\/uploads\/2024\/06\/dff7ab24cebdc8e7fa994055a8543a75.jpg\" alt=\"\" class=\"wp-image-259045\" srcset=\"https:\/\/noticiaempauta.com\/portal\/wp-content\/uploads\/2024\/06\/dff7ab24cebdc8e7fa994055a8543a75.jpg 790w, https:\/\/noticiaempauta.com\/portal\/wp-content\/uploads\/2024\/06\/dff7ab24cebdc8e7fa994055a8543a75-300x200.jpg 300w, https:\/\/noticiaempauta.com\/portal\/wp-content\/uploads\/2024\/06\/dff7ab24cebdc8e7fa994055a8543a75-768x512.jpg 768w\" sizes=\"(max-width: 790px) 100vw, 790px\" \/><\/figure>\n\n\n\n<p>O Or\u00e7amento Participativo (OPA) foi criado com o intuito de aumentar a participa\u00e7\u00e3o direta do povo nas decis\u00f5es do Estado, contrastando com a democracia representativa, na qual as decis\u00f5es s\u00e3o tomadas apenas pelos representantes eleitos.<\/p>\n\n\n\n<p>Implantado no ano passado, o programa \u00e9 a primeira experi\u00eancia de democracia digital no estado e contou com forte mobiliza\u00e7\u00e3o popular nas cidades de Teresina, Parna\u00edba, Picos, Piripiri e Floriano, neste ano de 2024. Na primeira fase, entidades representativas puderam se cadastrar e inscrever propostas priorit\u00e1rias para seus bairros ou comunidades. Todo o ciclo do programa ocorreu de forma digital, por meio da plataforma online Colab.<\/p>\n\n\n\n<figure class=\"wp-block-embed is-type-video is-provider-youtube wp-block-embed-youtube wp-embed-aspect-16-9 wp-has-aspect-ratio\"><div class=\"wp-block-embed__wrapper\">\n<iframe title=\"Or\u00e7amento Participativo do Piau\u00ed recebeu mais de 163 mil votos\" width=\"800\" height=\"450\" src=\"https:\/\/www.youtube.com\/embed\/bKTqvepLCEY?feature=oembed\" frameborder=\"0\" allow=\"accelerometer; autoplay; clipboard-write; encrypted-media; gyroscope; picture-in-picture; web-share\" referrerpolicy=\"strict-origin-when-cross-origin\" allowfullscreen><\/iframe>\n<\/div><\/figure>\n\n\n\n<p>De acordo com o secret\u00e1rio de Estado do Planejamento, Washington Bonfim, a vota\u00e7\u00e3o online possibilitou uma participa\u00e7\u00e3o mais efetiva dos piauienses. &#8220;Disponibilizamos uma ferramenta de consulta p\u00fablica inovadora, totalmente digital, que permite de forma f\u00e1cil e transparente a participa\u00e7\u00e3o da popula\u00e7\u00e3o nas decis\u00f5es or\u00e7ament\u00e1rias do estado, isso contribui para o sucesso da vota\u00e7\u00e3o&#8221;, destacou o gestor.<\/p>\n\n\n\n<p>O processo de valida\u00e7\u00e3o dos votos tamb\u00e9m \u00e9 totalmente digital e conta com uma tecnologia segura e transparente. A valida\u00e7\u00e3o \u00e9 feita por meio do CPF junto \u00e0 Receita Federal, e conta com o registro em blockchain, garantindo a imutabilidade das participa\u00e7\u00f5es, de modo que nenhuma resposta dada durante o processo de vota\u00e7\u00e3o pode ser alterada depois que a informa\u00e7\u00e3o for registrada.<\/p>\n\n\n\n<p>Outra ferramenta utilizada foi a intelig\u00eancia artificial, que filtrou conex\u00f5es n\u00e3o seguras por meio do CloudFront da AWS, um servi\u00e7o que ajuda a acelerar e proteger sites, v\u00eddeos e outros conte\u00fados na internet. Esse servi\u00e7o funciona distribuindo esses conte\u00fados por meio de uma rede global de servidores, tornando o acesso mais r\u00e1pido e seguro contra ataques online.<\/p>\n\n\n\n<p>Para o diretor de Tecnologia e Inova\u00e7\u00e3o da Secretaria do Planejamento, Raphael Tataia, esses tipos de tecnologias aumentam a transpar\u00eancia e efici\u00eancia do processo eleitoral, permitindo que os cidad\u00e3os tenham acesso a informa\u00e7\u00f5es e possam participar mais ativamente do processo de decis\u00e3o. &#8220;As plataformas digitais institucionais, desenvolvidas ao longo dos \u00faltimos anos, possuem distintos graus de sucesso em termos de engajamento e participa\u00e7\u00e3o e o Piau\u00ed avan\u00e7a significativamente na utiliza\u00e7\u00e3o de uma plataforma 100% digital para o processo do Or\u00e7amento Participativo&#8221;, explica o gestor.<\/p>\n\n\n\n<p>Na primeira edi\u00e7\u00e3o, o OPA contemplou os munic\u00edpios de Parna\u00edba e Teresina, com um total de R$ 40 milh\u00f5es destinados a Teresina e R$ 10 milh\u00f5es para Parna\u00edba. Agora, em sua segunda edi\u00e7\u00e3o, foram inclu\u00eddos os munic\u00edpios de Piripiri, Picos e Floriano, cada um recebendo R$ 5 milh\u00f5es para serem aplicados nas obras eleitas pela popula\u00e7\u00e3o.<\/p>\n\n\n\n<p><strong><em>Fonte: Cidade Verde<\/em><\/strong><\/p>\n","protected":false},"excerpt":{"rendered":"<p>A fase de vota\u00e7\u00e3o popular do Programa de Or\u00e7amento Participativo (OPA 2024-2025) foi encerrada nesta segunda-feira (17). Ao todo, 163.700 piauienses votaram para eleger as propostas que desejam ver sendo executadas a partir do pr\u00f3ximo ano. Os votos est\u00e3o sendo validados pela equipe de tecnologia do Colab e o resultado final, com a lista das [&hellip;]<\/p>\n","protected":false},"author":2,"featured_media":259044,"comment_status":"open","ping_status":"open","sticky":false,"template":"","format":"standard","meta":{"_mi_skip_tracking":false,"footnotes":""},"categories":[25,1,9,16],"tags":[192],"class_list":["post-259043","post","type-post","status-publish","format-standard","has-post-thumbnail","hentry","category-destaques-site","category-geral","category-municipios","category-todas","tag-destaqueprincipal"],"acf":[],"yoast_head":"<!-- This site is optimized with the Yoast SEO Premium plugin v19.2 (Yoast SEO v26.9) - https:\/\/yoast.com\/product\/yoast-seo-premium-wordpress\/ -->\n<title>Segunda edi\u00e7\u00e3o do OPA encerra fase de vota\u00e7\u00e3o popular com mais de 160 mil votos - Portal Not\u00edcia em Pauta<\/title>\n<meta name=\"robots\" content=\"index, follow, max-snippet:-1, max-image-preview:large, max-video-preview:-1\" \/>\n<link rel=\"canonical\" href=\"https:\/\/noticiaempauta.com\/portal\/segunda-edicao-do-opa-encerra-fase-de-votacao-popular-com-mais-de-160-mil-votos\/\" \/>\n<meta property=\"og:locale\" content=\"pt_BR\" \/>\n<meta property=\"og:type\" content=\"article\" \/>\n<meta property=\"og:title\" content=\"Segunda edi\u00e7\u00e3o do OPA encerra fase de vota\u00e7\u00e3o popular com mais de 160 mil votos\" \/>\n<meta property=\"og:description\" content=\"A fase de vota\u00e7\u00e3o popular do Programa de Or\u00e7amento Participativo (OPA 2024-2025) foi encerrada nesta segunda-feira (17). Ao todo, 163.700 piauienses votaram para eleger as propostas que desejam ver sendo executadas a partir do pr\u00f3ximo ano. Os votos est\u00e3o sendo validados pela equipe de tecnologia do Colab e o resultado final, com a lista das [&hellip;]\" \/>\n<meta property=\"og:url\" content=\"https:\/\/noticiaempauta.com\/portal\/segunda-edicao-do-opa-encerra-fase-de-votacao-popular-com-mais-de-160-mil-votos\/\" \/>\n<meta property=\"og:site_name\" content=\"Portal Not\u00edcia em Pauta\" \/>\n<meta property=\"article:publisher\" content=\"https:\/\/www.facebook.com\/Portal-Notcia-Em-Pauta-102292869264820\/\" \/>\n<meta property=\"article:published_time\" content=\"2024-06-19T18:47:38+00:00\" \/>\n<meta property=\"article:modified_time\" content=\"2024-06-19T18:47:40+00:00\" \/>\n<meta property=\"og:image\" content=\"https:\/\/noticiaempauta.com\/portal\/wp-content\/uploads\/2024\/06\/15992616dac585a69b1bbbb37b8c23a7.jpg\" \/>\n\t<meta property=\"og:image:width\" content=\"790\" \/>\n\t<meta property=\"og:image:height\" content=\"527\" \/>\n\t<meta property=\"og:image:type\" content=\"image\/jpeg\" \/>\n<meta name=\"author\" content=\"Reda\u00e7\u00e3o\" \/>\n<meta name=\"twitter:card\" content=\"summary_large_image\" \/>\n<meta name=\"twitter:label1\" content=\"Escrito por\" \/>\n\t<meta name=\"twitter:data1\" content=\"Reda\u00e7\u00e3o\" \/>\n\t<meta name=\"twitter:label2\" content=\"Est. tempo de leitura\" \/>\n\t<meta name=\"twitter:data2\" content=\"5 minutos\" \/>\n<script type=\"application\/ld+json\" class=\"yoast-schema-graph\">{\"@context\":\"https:\/\/schema.org\",\"@graph\":[{\"@type\":\"Article\",\"@id\":\"https:\/\/noticiaempauta.com\/portal\/segunda-edicao-do-opa-encerra-fase-de-votacao-popular-com-mais-de-160-mil-votos\/#article\",\"isPartOf\":{\"@id\":\"https:\/\/noticiaempauta.com\/portal\/segunda-edicao-do-opa-encerra-fase-de-votacao-popular-com-mais-de-160-mil-votos\/\"},\"author\":{\"name\":\"Reda\u00e7\u00e3o\",\"@id\":\"https:\/\/noticiaempauta.com\/portal\/#\/schema\/person\/a74af43dd1ab3deca45f988c717d57ac\"},\"headline\":\"Segunda edi\u00e7\u00e3o do OPA encerra fase de vota\u00e7\u00e3o popular com mais de 160 mil votos\",\"datePublished\":\"2024-06-19T18:47:38+00:00\",\"dateModified\":\"2024-06-19T18:47:40+00:00\",\"mainEntityOfPage\":{\"@id\":\"https:\/\/noticiaempauta.com\/portal\/segunda-edicao-do-opa-encerra-fase-de-votacao-popular-com-mais-de-160-mil-votos\/\"},\"wordCount\":738,\"commentCount\":0,\"publisher\":{\"@id\":\"https:\/\/noticiaempauta.com\/portal\/#organization\"},\"image\":{\"@id\":\"https:\/\/noticiaempauta.com\/portal\/segunda-edicao-do-opa-encerra-fase-de-votacao-popular-com-mais-de-160-mil-votos\/#primaryimage\"},\"thumbnailUrl\":\"https:\/\/noticiaempauta.com\/portal\/wp-content\/uploads\/2024\/06\/15992616dac585a69b1bbbb37b8c23a7.jpg\",\"keywords\":[\"destaqueprincipal\"],\"articleSection\":[\"Destaques\",\"Geral\",\"Munic\u00edpios\",\"Todas as Not\u00edcias\"],\"inLanguage\":\"pt-BR\",\"potentialAction\":[{\"@type\":\"CommentAction\",\"name\":\"Comment\",\"target\":[\"https:\/\/noticiaempauta.com\/portal\/segunda-edicao-do-opa-encerra-fase-de-votacao-popular-com-mais-de-160-mil-votos\/#respond\"]}]},{\"@type\":\"WebPage\",\"@id\":\"https:\/\/noticiaempauta.com\/portal\/segunda-edicao-do-opa-encerra-fase-de-votacao-popular-com-mais-de-160-mil-votos\/\",\"url\":\"https:\/\/noticiaempauta.com\/portal\/segunda-edicao-do-opa-encerra-fase-de-votacao-popular-com-mais-de-160-mil-votos\/\",\"name\":\"Segunda edi\u00e7\u00e3o do OPA encerra fase de vota\u00e7\u00e3o popular com mais de 160 mil votos - Portal Not\u00edcia em Pauta\",\"isPartOf\":{\"@id\":\"https:\/\/noticiaempauta.com\/portal\/#website\"},\"primaryImageOfPage\":{\"@id\":\"https:\/\/noticiaempauta.com\/portal\/segunda-edicao-do-opa-encerra-fase-de-votacao-popular-com-mais-de-160-mil-votos\/#primaryimage\"},\"image\":{\"@id\":\"https:\/\/noticiaempauta.com\/portal\/segunda-edicao-do-opa-encerra-fase-de-votacao-popular-com-mais-de-160-mil-votos\/#primaryimage\"},\"thumbnailUrl\":\"https:\/\/noticiaempauta.com\/portal\/wp-content\/uploads\/2024\/06\/15992616dac585a69b1bbbb37b8c23a7.jpg\",\"datePublished\":\"2024-06-19T18:47:38+00:00\",\"dateModified\":\"2024-06-19T18:47:40+00:00\",\"breadcrumb\":{\"@id\":\"https:\/\/noticiaempauta.com\/portal\/segunda-edicao-do-opa-encerra-fase-de-votacao-popular-com-mais-de-160-mil-votos\/#breadcrumb\"},\"inLanguage\":\"pt-BR\",\"potentialAction\":[{\"@type\":\"ReadAction\",\"target\":[\"https:\/\/noticiaempauta.com\/portal\/segunda-edicao-do-opa-encerra-fase-de-votacao-popular-com-mais-de-160-mil-votos\/\"]}]},{\"@type\":\"ImageObject\",\"inLanguage\":\"pt-BR\",\"@id\":\"https:\/\/noticiaempauta.com\/portal\/segunda-edicao-do-opa-encerra-fase-de-votacao-popular-com-mais-de-160-mil-votos\/#primaryimage\",\"url\":\"https:\/\/noticiaempauta.com\/portal\/wp-content\/uploads\/2024\/06\/15992616dac585a69b1bbbb37b8c23a7.jpg\",\"contentUrl\":\"https:\/\/noticiaempauta.com\/portal\/wp-content\/uploads\/2024\/06\/15992616dac585a69b1bbbb37b8c23a7.jpg\",\"width\":790,\"height\":527},{\"@type\":\"BreadcrumbList\",\"@id\":\"https:\/\/noticiaempauta.com\/portal\/segunda-edicao-do-opa-encerra-fase-de-votacao-popular-com-mais-de-160-mil-votos\/#breadcrumb\",\"itemListElement\":[{\"@type\":\"ListItem\",\"position\":1,\"name\":\"P\u00e1gina Inicial\",\"item\":\"https:\/\/noticiaempauta.com\/portal\/\"},{\"@type\":\"ListItem\",\"position\":2,\"name\":\"Destaques\",\"item\":\"https:\/\/noticiaempauta.com\/portal\/destaques-site\/\"},{\"@type\":\"ListItem\",\"position\":3,\"name\":\"Segunda edi\u00e7\u00e3o do OPA encerra fase de vota\u00e7\u00e3o popular com mais de 160 mil votos\"}]},{\"@type\":\"WebSite\",\"@id\":\"https:\/\/noticiaempauta.com\/portal\/#website\",\"url\":\"https:\/\/noticiaempauta.com\/portal\/\",\"name\":\"Portal Not\u00edcia em Pauta\",\"description\":\"Voc\u00ea bem informado\",\"publisher\":{\"@id\":\"https:\/\/noticiaempauta.com\/portal\/#organization\"},\"potentialAction\":[{\"@type\":\"SearchAction\",\"target\":{\"@type\":\"EntryPoint\",\"urlTemplate\":\"https:\/\/noticiaempauta.com\/portal\/?s={search_term_string}\"},\"query-input\":{\"@type\":\"PropertyValueSpecification\",\"valueRequired\":true,\"valueName\":\"search_term_string\"}}],\"inLanguage\":\"pt-BR\"},{\"@type\":\"Organization\",\"@id\":\"https:\/\/noticiaempauta.com\/portal\/#organization\",\"name\":\"Portal Not\u00edcia em Pauta\",\"url\":\"https:\/\/noticiaempauta.com\/portal\/\",\"logo\":{\"@type\":\"ImageObject\",\"inLanguage\":\"pt-BR\",\"@id\":\"https:\/\/noticiaempauta.com\/portal\/#\/schema\/logo\/image\/\",\"url\":\"https:\/\/noticiaempauta.com\/portal\/wp-content\/uploads\/2022\/08\/logomarca_tema.fw_.png\",\"contentUrl\":\"https:\/\/noticiaempauta.com\/portal\/wp-content\/uploads\/2022\/08\/logomarca_tema.fw_.png\",\"width\":400,\"height\":232,\"caption\":\"Portal Not\u00edcia em Pauta\"},\"image\":{\"@id\":\"https:\/\/noticiaempauta.com\/portal\/#\/schema\/logo\/image\/\"},\"sameAs\":[\"https:\/\/www.facebook.com\/Portal-Notcia-Em-Pauta-102292869264820\/\",\"https:\/\/www.instagram.com\/portalnoticiaempauta\/\"]},{\"@type\":\"Person\",\"@id\":\"https:\/\/noticiaempauta.com\/portal\/#\/schema\/person\/a74af43dd1ab3deca45f988c717d57ac\",\"name\":\"Reda\u00e7\u00e3o\",\"image\":{\"@type\":\"ImageObject\",\"inLanguage\":\"pt-BR\",\"@id\":\"https:\/\/noticiaempauta.com\/portal\/#\/schema\/person\/image\/\",\"url\":\"https:\/\/secure.gravatar.com\/avatar\/03179346ecce6cdfc13361603e8f54242a90e5cde8618fa23c5c00aa2b0aadf3?s=96&d=mm&r=g\",\"contentUrl\":\"https:\/\/secure.gravatar.com\/avatar\/03179346ecce6cdfc13361603e8f54242a90e5cde8618fa23c5c00aa2b0aadf3?s=96&d=mm&r=g\",\"caption\":\"Reda\u00e7\u00e3o\"},\"sameAs\":[\"https:\/\/noticiaempauta.com\/portal\/\"],\"url\":\"https:\/\/noticiaempauta.com\/portal\/author\/fernando\/\"}]}<\/script>\n<!-- \/ Yoast SEO Premium plugin. -->","yoast_head_json":{"title":"Segunda edi\u00e7\u00e3o do OPA encerra fase de vota\u00e7\u00e3o popular com mais de 160 mil votos - Portal Not\u00edcia em Pauta","robots":{"index":"index","follow":"follow","max-snippet":"max-snippet:-1","max-image-preview":"max-image-preview:large","max-video-preview":"max-video-preview:-1"},"canonical":"https:\/\/noticiaempauta.com\/portal\/segunda-edicao-do-opa-encerra-fase-de-votacao-popular-com-mais-de-160-mil-votos\/","og_locale":"pt_BR","og_type":"article","og_title":"Segunda edi\u00e7\u00e3o do OPA encerra fase de vota\u00e7\u00e3o popular com mais de 160 mil votos","og_description":"A fase de vota\u00e7\u00e3o popular do Programa de Or\u00e7amento Participativo (OPA 2024-2025) foi encerrada nesta segunda-feira (17). Ao todo, 163.700 piauienses votaram para eleger as propostas que desejam ver sendo executadas a partir do pr\u00f3ximo ano. Os votos est\u00e3o sendo validados pela equipe de tecnologia do Colab e o resultado final, com a lista das [&hellip;]","og_url":"https:\/\/noticiaempauta.com\/portal\/segunda-edicao-do-opa-encerra-fase-de-votacao-popular-com-mais-de-160-mil-votos\/","og_site_name":"Portal Not\u00edcia em Pauta","article_publisher":"https:\/\/www.facebook.com\/Portal-Notcia-Em-Pauta-102292869264820\/","article_published_time":"2024-06-19T18:47:38+00:00","article_modified_time":"2024-06-19T18:47:40+00:00","og_image":[{"width":790,"height":527,"url":"https:\/\/noticiaempauta.com\/portal\/wp-content\/uploads\/2024\/06\/15992616dac585a69b1bbbb37b8c23a7.jpg","type":"image\/jpeg"}],"author":"Reda\u00e7\u00e3o","twitter_card":"summary_large_image","twitter_misc":{"Escrito por":"Reda\u00e7\u00e3o","Est. tempo de leitura":"5 minutos"},"schema":{"@context":"https:\/\/schema.org","@graph":[{"@type":"Article","@id":"https:\/\/noticiaempauta.com\/portal\/segunda-edicao-do-opa-encerra-fase-de-votacao-popular-com-mais-de-160-mil-votos\/#article","isPartOf":{"@id":"https:\/\/noticiaempauta.com\/portal\/segunda-edicao-do-opa-encerra-fase-de-votacao-popular-com-mais-de-160-mil-votos\/"},"author":{"name":"Reda\u00e7\u00e3o","@id":"https:\/\/noticiaempauta.com\/portal\/#\/schema\/person\/a74af43dd1ab3deca45f988c717d57ac"},"headline":"Segunda edi\u00e7\u00e3o do OPA encerra fase de vota\u00e7\u00e3o popular com mais de 160 mil votos","datePublished":"2024-06-19T18:47:38+00:00","dateModified":"2024-06-19T18:47:40+00:00","mainEntityOfPage":{"@id":"https:\/\/noticiaempauta.com\/portal\/segunda-edicao-do-opa-encerra-fase-de-votacao-popular-com-mais-de-160-mil-votos\/"},"wordCount":738,"commentCount":0,"publisher":{"@id":"https:\/\/noticiaempauta.com\/portal\/#organization"},"image":{"@id":"https:\/\/noticiaempauta.com\/portal\/segunda-edicao-do-opa-encerra-fase-de-votacao-popular-com-mais-de-160-mil-votos\/#primaryimage"},"thumbnailUrl":"https:\/\/noticiaempauta.com\/portal\/wp-content\/uploads\/2024\/06\/15992616dac585a69b1bbbb37b8c23a7.jpg","keywords":["destaqueprincipal"],"articleSection":["Destaques","Geral","Munic\u00edpios","Todas as Not\u00edcias"],"inLanguage":"pt-BR","potentialAction":[{"@type":"CommentAction","name":"Comment","target":["https:\/\/noticiaempauta.com\/portal\/segunda-edicao-do-opa-encerra-fase-de-votacao-popular-com-mais-de-160-mil-votos\/#respond"]}]},{"@type":"WebPage","@id":"https:\/\/noticiaempauta.com\/portal\/segunda-edicao-do-opa-encerra-fase-de-votacao-popular-com-mais-de-160-mil-votos\/","url":"https:\/\/noticiaempauta.com\/portal\/segunda-edicao-do-opa-encerra-fase-de-votacao-popular-com-mais-de-160-mil-votos\/","name":"Segunda edi\u00e7\u00e3o do OPA encerra fase de vota\u00e7\u00e3o popular com mais de 160 mil votos - Portal Not\u00edcia em Pauta","isPartOf":{"@id":"https:\/\/noticiaempauta.com\/portal\/#website"},"primaryImageOfPage":{"@id":"https:\/\/noticiaempauta.com\/portal\/segunda-edicao-do-opa-encerra-fase-de-votacao-popular-com-mais-de-160-mil-votos\/#primaryimage"},"image":{"@id":"https:\/\/noticiaempauta.com\/portal\/segunda-edicao-do-opa-encerra-fase-de-votacao-popular-com-mais-de-160-mil-votos\/#primaryimage"},"thumbnailUrl":"https:\/\/noticiaempauta.com\/portal\/wp-content\/uploads\/2024\/06\/15992616dac585a69b1bbbb37b8c23a7.jpg","datePublished":"2024-06-19T18:47:38+00:00","dateModified":"2024-06-19T18:47:40+00:00","breadcrumb":{"@id":"https:\/\/noticiaempauta.com\/portal\/segunda-edicao-do-opa-encerra-fase-de-votacao-popular-com-mais-de-160-mil-votos\/#breadcrumb"},"inLanguage":"pt-BR","potentialAction":[{"@type":"ReadAction","target":["https:\/\/noticiaempauta.com\/portal\/segunda-edicao-do-opa-encerra-fase-de-votacao-popular-com-mais-de-160-mil-votos\/"]}]},{"@type":"ImageObject","inLanguage":"pt-BR","@id":"https:\/\/noticiaempauta.com\/portal\/segunda-edicao-do-opa-encerra-fase-de-votacao-popular-com-mais-de-160-mil-votos\/#primaryimage","url":"https:\/\/noticiaempauta.com\/portal\/wp-content\/uploads\/2024\/06\/15992616dac585a69b1bbbb37b8c23a7.jpg","contentUrl":"https:\/\/noticiaempauta.com\/portal\/wp-content\/uploads\/2024\/06\/15992616dac585a69b1bbbb37b8c23a7.jpg","width":790,"height":527},{"@type":"BreadcrumbList","@id":"https:\/\/noticiaempauta.com\/portal\/segunda-edicao-do-opa-encerra-fase-de-votacao-popular-com-mais-de-160-mil-votos\/#breadcrumb","itemListElement":[{"@type":"ListItem","position":1,"name":"P\u00e1gina Inicial","item":"https:\/\/noticiaempauta.com\/portal\/"},{"@type":"ListItem","position":2,"name":"Destaques","item":"https:\/\/noticiaempauta.com\/portal\/destaques-site\/"},{"@type":"ListItem","position":3,"name":"Segunda edi\u00e7\u00e3o do OPA encerra fase de vota\u00e7\u00e3o popular com mais de 160 mil votos"}]},{"@type":"WebSite","@id":"https:\/\/noticiaempauta.com\/portal\/#website","url":"https:\/\/noticiaempauta.com\/portal\/","name":"Portal Not\u00edcia em Pauta","description":"Voc\u00ea bem informado","publisher":{"@id":"https:\/\/noticiaempauta.com\/portal\/#organization"},"potentialAction":[{"@type":"SearchAction","target":{"@type":"EntryPoint","urlTemplate":"https:\/\/noticiaempauta.com\/portal\/?s={search_term_string}"},"query-input":{"@type":"PropertyValueSpecification","valueRequired":true,"valueName":"search_term_string"}}],"inLanguage":"pt-BR"},{"@type":"Organization","@id":"https:\/\/noticiaempauta.com\/portal\/#organization","name":"Portal Not\u00edcia em Pauta","url":"https:\/\/noticiaempauta.com\/portal\/","logo":{"@type":"ImageObject","inLanguage":"pt-BR","@id":"https:\/\/noticiaempauta.com\/portal\/#\/schema\/logo\/image\/","url":"https:\/\/noticiaempauta.com\/portal\/wp-content\/uploads\/2022\/08\/logomarca_tema.fw_.png","contentUrl":"https:\/\/noticiaempauta.com\/portal\/wp-content\/uploads\/2022\/08\/logomarca_tema.fw_.png","width":400,"height":232,"caption":"Portal Not\u00edcia em Pauta"},"image":{"@id":"https:\/\/noticiaempauta.com\/portal\/#\/schema\/logo\/image\/"},"sameAs":["https:\/\/www.facebook.com\/Portal-Notcia-Em-Pauta-102292869264820\/","https:\/\/www.instagram.com\/portalnoticiaempauta\/"]},{"@type":"Person","@id":"https:\/\/noticiaempauta.com\/portal\/#\/schema\/person\/a74af43dd1ab3deca45f988c717d57ac","name":"Reda\u00e7\u00e3o","image":{"@type":"ImageObject","inLanguage":"pt-BR","@id":"https:\/\/noticiaempauta.com\/portal\/#\/schema\/person\/image\/","url":"https:\/\/secure.gravatar.com\/avatar\/03179346ecce6cdfc13361603e8f54242a90e5cde8618fa23c5c00aa2b0aadf3?s=96&d=mm&r=g","contentUrl":"https:\/\/secure.gravatar.com\/avatar\/03179346ecce6cdfc13361603e8f54242a90e5cde8618fa23c5c00aa2b0aadf3?s=96&d=mm&r=g","caption":"Reda\u00e7\u00e3o"},"sameAs":["https:\/\/noticiaempauta.com\/portal\/"],"url":"https:\/\/noticiaempauta.com\/portal\/author\/fernando\/"}]}},"_links":{"self":[{"href":"https:\/\/noticiaempauta.com\/portal\/wp-json\/wp\/v2\/posts\/259043","targetHints":{"allow":["GET"]}}],"collection":[{"href":"https:\/\/noticiaempauta.com\/portal\/wp-json\/wp\/v2\/posts"}],"about":[{"href":"https:\/\/noticiaempauta.com\/portal\/wp-json\/wp\/v2\/types\/post"}],"author":[{"embeddable":true,"href":"https:\/\/noticiaempauta.com\/portal\/wp-json\/wp\/v2\/users\/2"}],"replies":[{"embeddable":true,"href":"https:\/\/noticiaempauta.com\/portal\/wp-json\/wp\/v2\/comments?post=259043"}],"version-history":[{"count":2,"href":"https:\/\/noticiaempauta.com\/portal\/wp-json\/wp\/v2\/posts\/259043\/revisions"}],"predecessor-version":[{"id":259047,"href":"https:\/\/noticiaempauta.com\/portal\/wp-json\/wp\/v2\/posts\/259043\/revisions\/259047"}],"wp:featuredmedia":[{"embeddable":true,"href":"https:\/\/noticiaempauta.com\/portal\/wp-json\/wp\/v2\/media\/259044"}],"wp:attachment":[{"href":"https:\/\/noticiaempauta.com\/portal\/wp-json\/wp\/v2\/media?parent=259043"}],"wp:term":[{"taxonomy":"category","embeddable":true,"href":"https:\/\/noticiaempauta.com\/portal\/wp-json\/wp\/v2\/categories?post=259043"},{"taxonomy":"post_tag","embeddable":true,"href":"https:\/\/noticiaempauta.com\/portal\/wp-json\/wp\/v2\/tags?post=259043"}],"curies":[{"name":"wp","href":"https:\/\/api.w.org\/{rel}","templated":true}]}}