{"id":259048,"date":"2024-06-20T07:47:54","date_gmt":"2024-06-20T10:47:54","guid":{"rendered":"https:\/\/noticiaempauta.com\/portal\/?p=259048"},"modified":"2024-06-20T07:47:55","modified_gmt":"2024-06-20T10:47:55","slug":"novo-ensino-medio-comissao-do-senado-aprova-projeto-veja-principais-pontos","status":"publish","type":"post","link":"https:\/\/noticiaempauta.com\/portal\/novo-ensino-medio-comissao-do-senado-aprova-projeto-veja-principais-pontos\/","title":{"rendered":"Novo Ensino M\u00e9dio: Comiss\u00e3o do Senado aprova projeto; veja principais pontos"},"content":{"rendered":"\n<p>A Comiss\u00e3o de Educa\u00e7\u00e3o do Senado aprovou hoje o projeto que estabelece as diretrizes para o novo Ensino M\u00e9dio.\u00a0O texto da senadora Dorinha Seabra (Uni\u00e3o-TO) foi aprovado pelo colegiado ap\u00f3s v\u00e1rias altera\u00e7\u00f5es e adiamentos.\u00a0A proposta enfrentou desafios no Congresso, com o Minist\u00e9rio da Educa\u00e7\u00e3o encontrando dificuldades para negociar com os parlamentares.<\/p>\n\n\n\n<figure class=\"wp-block-image size-full\"><img fetchpriority=\"high\" decoding=\"async\" width=\"900\" height=\"600\" src=\"https:\/\/noticiaempauta.com\/portal\/wp-content\/uploads\/2024\/06\/IMG_2387.webp\" alt=\"\" class=\"wp-image-259049\" srcset=\"https:\/\/noticiaempauta.com\/portal\/wp-content\/uploads\/2024\/06\/IMG_2387.webp 900w, https:\/\/noticiaempauta.com\/portal\/wp-content\/uploads\/2024\/06\/IMG_2387-300x200.webp 300w, https:\/\/noticiaempauta.com\/portal\/wp-content\/uploads\/2024\/06\/IMG_2387-768x512.webp 768w\" sizes=\"(max-width: 900px) 100vw, 900px\" \/><\/figure>\n\n\n\n<p>Inicialmente, Dorinha definiu que a carga hor\u00e1ria da forma\u00e7\u00e3o geral b\u00e1sica, que inclui disciplinas obrigat\u00f3rias para todos, seria de 2,2 mil horas. No entanto, ap\u00f3s negocia\u00e7\u00f5es com o governo, ela aumentou essa carga hor\u00e1ria para 2,4 mil horas, alinhando-a ao que foi aprovado na C\u00e2mara dos Deputados.&nbsp;<strong><u>Al\u00e9m disso, foi criada uma regra de transi\u00e7\u00e3o para o ensino t\u00e9cnico.<\/u><\/strong><\/p>\n\n\n\n<p>Atualmente, s\u00e3o 1,8 mil horas destinados a esse grupo de mat\u00e9rias.&nbsp;<strong>De acordo com a relatora, esse aumento de carga hor\u00e1ria deve ser implementado j\u00e1 em 2025 para alunos que cursarem os itiner\u00e1rios<\/strong>&nbsp;\u2014 parte do curr\u00edculo em que o estudante escolhe o que cursar \u2014 de aprofundamento das \u00e1reas de conhecimento (Linguagens, Matem\u00e1tica, Ci\u00eancias Humanas e Naturais).<\/p>\n\n\n\n<p>De acordo com o texto, esse acr\u00e9scimo de 600 horas ser\u00e1 de aprofundamento nas \u00e1reas do conhecimento propostas na Base Nacional Comum Curricular, articuladas \u00e0s diretrizes de aprofundamento a serem elaboradas pelo Conselho Nacional de Educa\u00e7\u00e3o.<\/p>\n\n\n\n<p>J\u00e1 aos alunos do ensino t\u00e9cnico, Dorinha prop\u00f5e que a carga hor\u00e1ria de forma\u00e7\u00e3o geral b\u00e1sica cres\u00e7a a partir de 2025 para no m\u00ednimo 2,2 mil horas, com possibilidade de aproveitamento integrado de 200 e 400 horas do tempo dos itiner\u00e1rios nas disciplinas tradicionais.<\/p>\n\n\n\n<p>&#8220;Nessa perspectiva, \u00e9 imperioso lembrar que esses \u00faltimos itiner\u00e1rios (de 600 horas) ser\u00e3o de aprofundamento nas \u00e1reas do conhecimento propostas na BNCC,&nbsp;<strong>articuladas \u00e0s diretrizes de aprofundamento a serem elaboradas pelo CNE&#8221;, defende o relat\u00f3rio.<\/strong><\/p>\n\n\n\n<p>No entanto, a partir de 2029, a carga hor\u00e1ria total do ensino m\u00e9dio precisaria crescer para esses estudantes, passando de 3 mil horas para 3,2 mil, 3,4 mil e 3,6 mil horas, a depender dos cursos. Nesse formato, o estudante cursaria 2,4 mil horas de forma\u00e7\u00e3o geral b\u00e1sica mais 800, 1 mil ou 1,2 mil horas de cursos t\u00e9cnicos.<strong><u>&nbsp;Segundo Dorinha, 70% dos cursos t\u00e9cnicos no Brasil possuem entre 1 mil e 1,2 mil horas.<\/u><\/strong><\/p>\n\n\n\n<p>Nesta segunda-feira, o Conselho Nacional de Secret\u00e1rios de Educa\u00e7\u00e3o (Consed) publicou uma carta aberta afirmando que defende a aprova\u00e7\u00e3o do projeto, no Senado Federal, &#8220;nos termos em que foi aprovado na C\u00e2mara dos Deputados&#8221; e que &#8220;reconhece que o texto da C\u00e2mara representa um ponto de equil\u00edbrio entre as diferentes demandas e preocupa\u00e7\u00f5es dos estados brasileiros e das institui\u00e7\u00f5es envolvidas no debate e que qualquer modifica\u00e7\u00e3o substancial, neste momento, apenas atrasar\u00e1 ainda mais a implementa\u00e7\u00e3o das t\u00e3o necess\u00e1rias mudan\u00e7as no Ensino M\u00e9dio&#8221;.<\/p>\n\n\n\n<p><strong>Veja outras mudan\u00e7as da relatora:<\/strong><\/p>\n\n\n\n<ul class=\"wp-block-list\">\n<li>Define que Enem ter\u00e1 como base apenas a forma\u00e7\u00e3o geral b\u00e1sica<\/li>\n\n\n\n<li>Restringe a regra de not\u00f3rio saber que passar\u00e1 a se dar em \u201ccar\u00e1ter excepcional e mediante justificativa do sistema de ensino, conforme regulamenta\u00e7\u00e3o do Conselho Nacional de Educa\u00e7\u00e3o e respectivo Conselho Estadual de Educa\u00e7\u00e3o\u201d<\/li>\n\n\n\n<li>Mudou a norma do EaD definindo apenas \u201ccasos de excepcionalidade emergencial tempor\u00e1ria reconhecida pelas autoridades competente\u201d<\/li>\n\n\n\n<li>Restringiu a regra de aproveitamento de atividades extraescolares tirando gr\u00eamios, cursos de qualifica\u00e7\u00e3o profissional e trabalhos volunt\u00e1rios, deixando somente est\u00e1gio, aprendizagem profissional, inicia\u00e7\u00e3o cient\u00edfica e extens\u00e3o universit\u00e1ria.<\/li>\n<\/ul>\n\n\n\n<p><\/p>\n\n\n\n<p>Fonte: Meio News<\/p>\n","protected":false},"excerpt":{"rendered":"<p>A Comiss\u00e3o de Educa\u00e7\u00e3o do Senado aprovou hoje o projeto que estabelece as diretrizes para o novo Ensino M\u00e9dio.\u00a0O texto da senadora Dorinha Seabra (Uni\u00e3o-TO) foi aprovado pelo colegiado ap\u00f3s v\u00e1rias altera\u00e7\u00f5es e adiamentos.\u00a0A proposta enfrentou desafios no Congresso, com o Minist\u00e9rio da Educa\u00e7\u00e3o encontrando dificuldades para negociar com os parlamentares. Inicialmente, Dorinha definiu que [&hellip;]<\/p>\n","protected":false},"author":2,"featured_media":259049,"comment_status":"open","ping_status":"open","sticky":false,"template":"","format":"standard","meta":{"_mi_skip_tracking":false,"footnotes":""},"categories":[25,1,16],"tags":[192],"class_list":["post-259048","post","type-post","status-publish","format-standard","has-post-thumbnail","hentry","category-destaques-site","category-geral","category-todas","tag-destaqueprincipal"],"acf":[],"yoast_head":"<!-- This site is optimized with the Yoast SEO Premium plugin v19.2 (Yoast SEO v26.9) - https:\/\/yoast.com\/product\/yoast-seo-premium-wordpress\/ -->\n<title>Novo Ensino M\u00e9dio: Comiss\u00e3o do Senado aprova projeto; veja principais pontos - Portal Not\u00edcia em Pauta<\/title>\n<meta name=\"robots\" content=\"index, follow, max-snippet:-1, max-image-preview:large, max-video-preview:-1\" \/>\n<link rel=\"canonical\" href=\"https:\/\/noticiaempauta.com\/portal\/novo-ensino-medio-comissao-do-senado-aprova-projeto-veja-principais-pontos\/\" \/>\n<meta property=\"og:locale\" content=\"pt_BR\" \/>\n<meta property=\"og:type\" content=\"article\" \/>\n<meta property=\"og:title\" content=\"Novo Ensino M\u00e9dio: Comiss\u00e3o do Senado aprova projeto; veja principais pontos\" \/>\n<meta property=\"og:description\" content=\"A Comiss\u00e3o de Educa\u00e7\u00e3o do Senado aprovou hoje o projeto que estabelece as diretrizes para o novo Ensino M\u00e9dio.\u00a0O texto da senadora Dorinha Seabra (Uni\u00e3o-TO) foi aprovado pelo colegiado ap\u00f3s v\u00e1rias altera\u00e7\u00f5es e adiamentos.\u00a0A proposta enfrentou desafios no Congresso, com o Minist\u00e9rio da Educa\u00e7\u00e3o encontrando dificuldades para negociar com os parlamentares. Inicialmente, Dorinha definiu que [&hellip;]\" \/>\n<meta property=\"og:url\" content=\"https:\/\/noticiaempauta.com\/portal\/novo-ensino-medio-comissao-do-senado-aprova-projeto-veja-principais-pontos\/\" \/>\n<meta property=\"og:site_name\" content=\"Portal Not\u00edcia em Pauta\" \/>\n<meta property=\"article:publisher\" content=\"https:\/\/www.facebook.com\/Portal-Notcia-Em-Pauta-102292869264820\/\" \/>\n<meta property=\"article:published_time\" content=\"2024-06-20T10:47:54+00:00\" \/>\n<meta property=\"article:modified_time\" content=\"2024-06-20T10:47:55+00:00\" \/>\n<meta property=\"og:image\" content=\"https:\/\/noticiaempauta.com\/portal\/wp-content\/uploads\/2024\/06\/IMG_2387.webp\" \/>\n\t<meta property=\"og:image:width\" content=\"900\" \/>\n\t<meta property=\"og:image:height\" content=\"600\" \/>\n\t<meta property=\"og:image:type\" content=\"image\/webp\" \/>\n<meta name=\"author\" content=\"Reda\u00e7\u00e3o\" \/>\n<meta name=\"twitter:card\" content=\"summary_large_image\" \/>\n<meta name=\"twitter:label1\" content=\"Escrito por\" \/>\n\t<meta name=\"twitter:data1\" content=\"Reda\u00e7\u00e3o\" \/>\n\t<meta name=\"twitter:label2\" content=\"Est. tempo de leitura\" \/>\n\t<meta name=\"twitter:data2\" content=\"4 minutos\" \/>\n<script type=\"application\/ld+json\" class=\"yoast-schema-graph\">{\"@context\":\"https:\/\/schema.org\",\"@graph\":[{\"@type\":\"Article\",\"@id\":\"https:\/\/noticiaempauta.com\/portal\/novo-ensino-medio-comissao-do-senado-aprova-projeto-veja-principais-pontos\/#article\",\"isPartOf\":{\"@id\":\"https:\/\/noticiaempauta.com\/portal\/novo-ensino-medio-comissao-do-senado-aprova-projeto-veja-principais-pontos\/\"},\"author\":{\"name\":\"Reda\u00e7\u00e3o\",\"@id\":\"https:\/\/noticiaempauta.com\/portal\/#\/schema\/person\/a74af43dd1ab3deca45f988c717d57ac\"},\"headline\":\"Novo Ensino M\u00e9dio: Comiss\u00e3o do Senado aprova projeto; veja principais pontos\",\"datePublished\":\"2024-06-20T10:47:54+00:00\",\"dateModified\":\"2024-06-20T10:47:55+00:00\",\"mainEntityOfPage\":{\"@id\":\"https:\/\/noticiaempauta.com\/portal\/novo-ensino-medio-comissao-do-senado-aprova-projeto-veja-principais-pontos\/\"},\"wordCount\":608,\"commentCount\":0,\"publisher\":{\"@id\":\"https:\/\/noticiaempauta.com\/portal\/#organization\"},\"image\":{\"@id\":\"https:\/\/noticiaempauta.com\/portal\/novo-ensino-medio-comissao-do-senado-aprova-projeto-veja-principais-pontos\/#primaryimage\"},\"thumbnailUrl\":\"https:\/\/noticiaempauta.com\/portal\/wp-content\/uploads\/2024\/06\/IMG_2387.webp\",\"keywords\":[\"destaqueprincipal\"],\"articleSection\":[\"Destaques\",\"Geral\",\"Todas as Not\u00edcias\"],\"inLanguage\":\"pt-BR\",\"potentialAction\":[{\"@type\":\"CommentAction\",\"name\":\"Comment\",\"target\":[\"https:\/\/noticiaempauta.com\/portal\/novo-ensino-medio-comissao-do-senado-aprova-projeto-veja-principais-pontos\/#respond\"]}]},{\"@type\":\"WebPage\",\"@id\":\"https:\/\/noticiaempauta.com\/portal\/novo-ensino-medio-comissao-do-senado-aprova-projeto-veja-principais-pontos\/\",\"url\":\"https:\/\/noticiaempauta.com\/portal\/novo-ensino-medio-comissao-do-senado-aprova-projeto-veja-principais-pontos\/\",\"name\":\"Novo Ensino M\u00e9dio: Comiss\u00e3o do Senado aprova projeto; veja principais pontos - Portal Not\u00edcia em Pauta\",\"isPartOf\":{\"@id\":\"https:\/\/noticiaempauta.com\/portal\/#website\"},\"primaryImageOfPage\":{\"@id\":\"https:\/\/noticiaempauta.com\/portal\/novo-ensino-medio-comissao-do-senado-aprova-projeto-veja-principais-pontos\/#primaryimage\"},\"image\":{\"@id\":\"https:\/\/noticiaempauta.com\/portal\/novo-ensino-medio-comissao-do-senado-aprova-projeto-veja-principais-pontos\/#primaryimage\"},\"thumbnailUrl\":\"https:\/\/noticiaempauta.com\/portal\/wp-content\/uploads\/2024\/06\/IMG_2387.webp\",\"datePublished\":\"2024-06-20T10:47:54+00:00\",\"dateModified\":\"2024-06-20T10:47:55+00:00\",\"breadcrumb\":{\"@id\":\"https:\/\/noticiaempauta.com\/portal\/novo-ensino-medio-comissao-do-senado-aprova-projeto-veja-principais-pontos\/#breadcrumb\"},\"inLanguage\":\"pt-BR\",\"potentialAction\":[{\"@type\":\"ReadAction\",\"target\":[\"https:\/\/noticiaempauta.com\/portal\/novo-ensino-medio-comissao-do-senado-aprova-projeto-veja-principais-pontos\/\"]}]},{\"@type\":\"ImageObject\",\"inLanguage\":\"pt-BR\",\"@id\":\"https:\/\/noticiaempauta.com\/portal\/novo-ensino-medio-comissao-do-senado-aprova-projeto-veja-principais-pontos\/#primaryimage\",\"url\":\"https:\/\/noticiaempauta.com\/portal\/wp-content\/uploads\/2024\/06\/IMG_2387.webp\",\"contentUrl\":\"https:\/\/noticiaempauta.com\/portal\/wp-content\/uploads\/2024\/06\/IMG_2387.webp\",\"width\":900,\"height\":600},{\"@type\":\"BreadcrumbList\",\"@id\":\"https:\/\/noticiaempauta.com\/portal\/novo-ensino-medio-comissao-do-senado-aprova-projeto-veja-principais-pontos\/#breadcrumb\",\"itemListElement\":[{\"@type\":\"ListItem\",\"position\":1,\"name\":\"P\u00e1gina Inicial\",\"item\":\"https:\/\/noticiaempauta.com\/portal\/\"},{\"@type\":\"ListItem\",\"position\":2,\"name\":\"Destaques\",\"item\":\"https:\/\/noticiaempauta.com\/portal\/destaques-site\/\"},{\"@type\":\"ListItem\",\"position\":3,\"name\":\"Novo Ensino M\u00e9dio: Comiss\u00e3o do Senado aprova projeto; veja principais pontos\"}]},{\"@type\":\"WebSite\",\"@id\":\"https:\/\/noticiaempauta.com\/portal\/#website\",\"url\":\"https:\/\/noticiaempauta.com\/portal\/\",\"name\":\"Portal Not\u00edcia em Pauta\",\"description\":\"Voc\u00ea bem informado\",\"publisher\":{\"@id\":\"https:\/\/noticiaempauta.com\/portal\/#organization\"},\"potentialAction\":[{\"@type\":\"SearchAction\",\"target\":{\"@type\":\"EntryPoint\",\"urlTemplate\":\"https:\/\/noticiaempauta.com\/portal\/?s={search_term_string}\"},\"query-input\":{\"@type\":\"PropertyValueSpecification\",\"valueRequired\":true,\"valueName\":\"search_term_string\"}}],\"inLanguage\":\"pt-BR\"},{\"@type\":\"Organization\",\"@id\":\"https:\/\/noticiaempauta.com\/portal\/#organization\",\"name\":\"Portal Not\u00edcia em Pauta\",\"url\":\"https:\/\/noticiaempauta.com\/portal\/\",\"logo\":{\"@type\":\"ImageObject\",\"inLanguage\":\"pt-BR\",\"@id\":\"https:\/\/noticiaempauta.com\/portal\/#\/schema\/logo\/image\/\",\"url\":\"https:\/\/noticiaempauta.com\/portal\/wp-content\/uploads\/2022\/08\/logomarca_tema.fw_.png\",\"contentUrl\":\"https:\/\/noticiaempauta.com\/portal\/wp-content\/uploads\/2022\/08\/logomarca_tema.fw_.png\",\"width\":400,\"height\":232,\"caption\":\"Portal Not\u00edcia em Pauta\"},\"image\":{\"@id\":\"https:\/\/noticiaempauta.com\/portal\/#\/schema\/logo\/image\/\"},\"sameAs\":[\"https:\/\/www.facebook.com\/Portal-Notcia-Em-Pauta-102292869264820\/\",\"https:\/\/www.instagram.com\/portalnoticiaempauta\/\"]},{\"@type\":\"Person\",\"@id\":\"https:\/\/noticiaempauta.com\/portal\/#\/schema\/person\/a74af43dd1ab3deca45f988c717d57ac\",\"name\":\"Reda\u00e7\u00e3o\",\"image\":{\"@type\":\"ImageObject\",\"inLanguage\":\"pt-BR\",\"@id\":\"https:\/\/noticiaempauta.com\/portal\/#\/schema\/person\/image\/\",\"url\":\"https:\/\/secure.gravatar.com\/avatar\/03179346ecce6cdfc13361603e8f54242a90e5cde8618fa23c5c00aa2b0aadf3?s=96&d=mm&r=g\",\"contentUrl\":\"https:\/\/secure.gravatar.com\/avatar\/03179346ecce6cdfc13361603e8f54242a90e5cde8618fa23c5c00aa2b0aadf3?s=96&d=mm&r=g\",\"caption\":\"Reda\u00e7\u00e3o\"},\"sameAs\":[\"https:\/\/noticiaempauta.com\/portal\/\"],\"url\":\"https:\/\/noticiaempauta.com\/portal\/author\/fernando\/\"}]}<\/script>\n<!-- \/ Yoast SEO Premium plugin. -->","yoast_head_json":{"title":"Novo Ensino M\u00e9dio: Comiss\u00e3o do Senado aprova projeto; veja principais pontos - Portal Not\u00edcia em Pauta","robots":{"index":"index","follow":"follow","max-snippet":"max-snippet:-1","max-image-preview":"max-image-preview:large","max-video-preview":"max-video-preview:-1"},"canonical":"https:\/\/noticiaempauta.com\/portal\/novo-ensino-medio-comissao-do-senado-aprova-projeto-veja-principais-pontos\/","og_locale":"pt_BR","og_type":"article","og_title":"Novo Ensino M\u00e9dio: Comiss\u00e3o do Senado aprova projeto; veja principais pontos","og_description":"A Comiss\u00e3o de Educa\u00e7\u00e3o do Senado aprovou hoje o projeto que estabelece as diretrizes para o novo Ensino M\u00e9dio.\u00a0O texto da senadora Dorinha Seabra (Uni\u00e3o-TO) foi aprovado pelo colegiado ap\u00f3s v\u00e1rias altera\u00e7\u00f5es e adiamentos.\u00a0A proposta enfrentou desafios no Congresso, com o Minist\u00e9rio da Educa\u00e7\u00e3o encontrando dificuldades para negociar com os parlamentares. Inicialmente, Dorinha definiu que [&hellip;]","og_url":"https:\/\/noticiaempauta.com\/portal\/novo-ensino-medio-comissao-do-senado-aprova-projeto-veja-principais-pontos\/","og_site_name":"Portal Not\u00edcia em Pauta","article_publisher":"https:\/\/www.facebook.com\/Portal-Notcia-Em-Pauta-102292869264820\/","article_published_time":"2024-06-20T10:47:54+00:00","article_modified_time":"2024-06-20T10:47:55+00:00","og_image":[{"width":900,"height":600,"url":"https:\/\/noticiaempauta.com\/portal\/wp-content\/uploads\/2024\/06\/IMG_2387.webp","type":"image\/webp"}],"author":"Reda\u00e7\u00e3o","twitter_card":"summary_large_image","twitter_misc":{"Escrito por":"Reda\u00e7\u00e3o","Est. tempo de leitura":"4 minutos"},"schema":{"@context":"https:\/\/schema.org","@graph":[{"@type":"Article","@id":"https:\/\/noticiaempauta.com\/portal\/novo-ensino-medio-comissao-do-senado-aprova-projeto-veja-principais-pontos\/#article","isPartOf":{"@id":"https:\/\/noticiaempauta.com\/portal\/novo-ensino-medio-comissao-do-senado-aprova-projeto-veja-principais-pontos\/"},"author":{"name":"Reda\u00e7\u00e3o","@id":"https:\/\/noticiaempauta.com\/portal\/#\/schema\/person\/a74af43dd1ab3deca45f988c717d57ac"},"headline":"Novo Ensino M\u00e9dio: Comiss\u00e3o do Senado aprova projeto; veja principais pontos","datePublished":"2024-06-20T10:47:54+00:00","dateModified":"2024-06-20T10:47:55+00:00","mainEntityOfPage":{"@id":"https:\/\/noticiaempauta.com\/portal\/novo-ensino-medio-comissao-do-senado-aprova-projeto-veja-principais-pontos\/"},"wordCount":608,"commentCount":0,"publisher":{"@id":"https:\/\/noticiaempauta.com\/portal\/#organization"},"image":{"@id":"https:\/\/noticiaempauta.com\/portal\/novo-ensino-medio-comissao-do-senado-aprova-projeto-veja-principais-pontos\/#primaryimage"},"thumbnailUrl":"https:\/\/noticiaempauta.com\/portal\/wp-content\/uploads\/2024\/06\/IMG_2387.webp","keywords":["destaqueprincipal"],"articleSection":["Destaques","Geral","Todas as Not\u00edcias"],"inLanguage":"pt-BR","potentialAction":[{"@type":"CommentAction","name":"Comment","target":["https:\/\/noticiaempauta.com\/portal\/novo-ensino-medio-comissao-do-senado-aprova-projeto-veja-principais-pontos\/#respond"]}]},{"@type":"WebPage","@id":"https:\/\/noticiaempauta.com\/portal\/novo-ensino-medio-comissao-do-senado-aprova-projeto-veja-principais-pontos\/","url":"https:\/\/noticiaempauta.com\/portal\/novo-ensino-medio-comissao-do-senado-aprova-projeto-veja-principais-pontos\/","name":"Novo Ensino M\u00e9dio: Comiss\u00e3o do Senado aprova projeto; veja principais pontos - Portal Not\u00edcia em Pauta","isPartOf":{"@id":"https:\/\/noticiaempauta.com\/portal\/#website"},"primaryImageOfPage":{"@id":"https:\/\/noticiaempauta.com\/portal\/novo-ensino-medio-comissao-do-senado-aprova-projeto-veja-principais-pontos\/#primaryimage"},"image":{"@id":"https:\/\/noticiaempauta.com\/portal\/novo-ensino-medio-comissao-do-senado-aprova-projeto-veja-principais-pontos\/#primaryimage"},"thumbnailUrl":"https:\/\/noticiaempauta.com\/portal\/wp-content\/uploads\/2024\/06\/IMG_2387.webp","datePublished":"2024-06-20T10:47:54+00:00","dateModified":"2024-06-20T10:47:55+00:00","breadcrumb":{"@id":"https:\/\/noticiaempauta.com\/portal\/novo-ensino-medio-comissao-do-senado-aprova-projeto-veja-principais-pontos\/#breadcrumb"},"inLanguage":"pt-BR","potentialAction":[{"@type":"ReadAction","target":["https:\/\/noticiaempauta.com\/portal\/novo-ensino-medio-comissao-do-senado-aprova-projeto-veja-principais-pontos\/"]}]},{"@type":"ImageObject","inLanguage":"pt-BR","@id":"https:\/\/noticiaempauta.com\/portal\/novo-ensino-medio-comissao-do-senado-aprova-projeto-veja-principais-pontos\/#primaryimage","url":"https:\/\/noticiaempauta.com\/portal\/wp-content\/uploads\/2024\/06\/IMG_2387.webp","contentUrl":"https:\/\/noticiaempauta.com\/portal\/wp-content\/uploads\/2024\/06\/IMG_2387.webp","width":900,"height":600},{"@type":"BreadcrumbList","@id":"https:\/\/noticiaempauta.com\/portal\/novo-ensino-medio-comissao-do-senado-aprova-projeto-veja-principais-pontos\/#breadcrumb","itemListElement":[{"@type":"ListItem","position":1,"name":"P\u00e1gina Inicial","item":"https:\/\/noticiaempauta.com\/portal\/"},{"@type":"ListItem","position":2,"name":"Destaques","item":"https:\/\/noticiaempauta.com\/portal\/destaques-site\/"},{"@type":"ListItem","position":3,"name":"Novo Ensino M\u00e9dio: Comiss\u00e3o do Senado aprova projeto; veja principais pontos"}]},{"@type":"WebSite","@id":"https:\/\/noticiaempauta.com\/portal\/#website","url":"https:\/\/noticiaempauta.com\/portal\/","name":"Portal Not\u00edcia em Pauta","description":"Voc\u00ea bem informado","publisher":{"@id":"https:\/\/noticiaempauta.com\/portal\/#organization"},"potentialAction":[{"@type":"SearchAction","target":{"@type":"EntryPoint","urlTemplate":"https:\/\/noticiaempauta.com\/portal\/?s={search_term_string}"},"query-input":{"@type":"PropertyValueSpecification","valueRequired":true,"valueName":"search_term_string"}}],"inLanguage":"pt-BR"},{"@type":"Organization","@id":"https:\/\/noticiaempauta.com\/portal\/#organization","name":"Portal Not\u00edcia em Pauta","url":"https:\/\/noticiaempauta.com\/portal\/","logo":{"@type":"ImageObject","inLanguage":"pt-BR","@id":"https:\/\/noticiaempauta.com\/portal\/#\/schema\/logo\/image\/","url":"https:\/\/noticiaempauta.com\/portal\/wp-content\/uploads\/2022\/08\/logomarca_tema.fw_.png","contentUrl":"https:\/\/noticiaempauta.com\/portal\/wp-content\/uploads\/2022\/08\/logomarca_tema.fw_.png","width":400,"height":232,"caption":"Portal Not\u00edcia em Pauta"},"image":{"@id":"https:\/\/noticiaempauta.com\/portal\/#\/schema\/logo\/image\/"},"sameAs":["https:\/\/www.facebook.com\/Portal-Notcia-Em-Pauta-102292869264820\/","https:\/\/www.instagram.com\/portalnoticiaempauta\/"]},{"@type":"Person","@id":"https:\/\/noticiaempauta.com\/portal\/#\/schema\/person\/a74af43dd1ab3deca45f988c717d57ac","name":"Reda\u00e7\u00e3o","image":{"@type":"ImageObject","inLanguage":"pt-BR","@id":"https:\/\/noticiaempauta.com\/portal\/#\/schema\/person\/image\/","url":"https:\/\/secure.gravatar.com\/avatar\/03179346ecce6cdfc13361603e8f54242a90e5cde8618fa23c5c00aa2b0aadf3?s=96&d=mm&r=g","contentUrl":"https:\/\/secure.gravatar.com\/avatar\/03179346ecce6cdfc13361603e8f54242a90e5cde8618fa23c5c00aa2b0aadf3?s=96&d=mm&r=g","caption":"Reda\u00e7\u00e3o"},"sameAs":["https:\/\/noticiaempauta.com\/portal\/"],"url":"https:\/\/noticiaempauta.com\/portal\/author\/fernando\/"}]}},"_links":{"self":[{"href":"https:\/\/noticiaempauta.com\/portal\/wp-json\/wp\/v2\/posts\/259048","targetHints":{"allow":["GET"]}}],"collection":[{"href":"https:\/\/noticiaempauta.com\/portal\/wp-json\/wp\/v2\/posts"}],"about":[{"href":"https:\/\/noticiaempauta.com\/portal\/wp-json\/wp\/v2\/types\/post"}],"author":[{"embeddable":true,"href":"https:\/\/noticiaempauta.com\/portal\/wp-json\/wp\/v2\/users\/2"}],"replies":[{"embeddable":true,"href":"https:\/\/noticiaempauta.com\/portal\/wp-json\/wp\/v2\/comments?post=259048"}],"version-history":[{"count":2,"href":"https:\/\/noticiaempauta.com\/portal\/wp-json\/wp\/v2\/posts\/259048\/revisions"}],"predecessor-version":[{"id":259051,"href":"https:\/\/noticiaempauta.com\/portal\/wp-json\/wp\/v2\/posts\/259048\/revisions\/259051"}],"wp:featuredmedia":[{"embeddable":true,"href":"https:\/\/noticiaempauta.com\/portal\/wp-json\/wp\/v2\/media\/259049"}],"wp:attachment":[{"href":"https:\/\/noticiaempauta.com\/portal\/wp-json\/wp\/v2\/media?parent=259048"}],"wp:term":[{"taxonomy":"category","embeddable":true,"href":"https:\/\/noticiaempauta.com\/portal\/wp-json\/wp\/v2\/categories?post=259048"},{"taxonomy":"post_tag","embeddable":true,"href":"https:\/\/noticiaempauta.com\/portal\/wp-json\/wp\/v2\/tags?post=259048"}],"curies":[{"name":"wp","href":"https:\/\/api.w.org\/{rel}","templated":true}]}}