{"id":259062,"date":"2024-06-21T08:54:15","date_gmt":"2024-06-21T11:54:15","guid":{"rendered":"https:\/\/noticiaempauta.com\/portal\/?p=259062"},"modified":"2024-06-21T08:54:17","modified_gmt":"2024-06-21T11:54:17","slug":"rafael-fonteles-destaca-que-caravana-federativa-aproxima-governos-e-facilita-chegada-de-recursos-a-estados-e-municipios","status":"publish","type":"post","link":"https:\/\/noticiaempauta.com\/portal\/rafael-fonteles-destaca-que-caravana-federativa-aproxima-governos-e-facilita-chegada-de-recursos-a-estados-e-municipios\/","title":{"rendered":"Rafael Fonteles destaca que Caravana Federativa aproxima governos e facilita chegada de recursos a estados e munic\u00edpios"},"content":{"rendered":"\n<p>&#8220;A Caravana Federativa, que percorre todo o Brasil com a presen\u00e7a de gestores e servi\u00e7os de mais de 40 \u00f3rg\u00e3os federais, vai facilitar a libera\u00e7\u00e3o de recursos federais a estados e munic\u00edpios, pois permite resolver pend\u00eancias burocr\u00e1ticas entre o governo federal e gestores p\u00fablicos locais&#8221;. A declara\u00e7\u00e3o foi do governador Rafael Fonteles, nesta quinta-feira (20), durante entrevista coletiva pouco antes da abertura da 10\u00aa edi\u00e7\u00e3o do evento, que est\u00e1 sendo realizada, nesta quinta e sexta-feira (21), no Centro de Conven\u00e7\u00f5es de Teresina.<\/p>\n\n\n\n<p>\u201cA ideia \u00e9, exatamente, possibilitar que essas pend\u00eancias, que ainda existem na celebra\u00e7\u00e3o de alguns conv\u00eanios, sejam resolvidas mais rapidamente\u201d, afirmou o governador, destacando ainda que, \u00e0s vezes, estados e munic\u00edpios n\u00e3o recebem recursos por falta de uma certid\u00e3o.<\/p>\n\n\n\n<figure class=\"wp-block-image size-full\"><img fetchpriority=\"high\" decoding=\"async\" width=\"1000\" height=\"667\" src=\"https:\/\/noticiaempauta.com\/portal\/wp-content\/uploads\/2024\/06\/large_governador_rafael_fonteles_2_22e4a32787.jpeg\" alt=\"\" class=\"wp-image-259066\" srcset=\"https:\/\/noticiaempauta.com\/portal\/wp-content\/uploads\/2024\/06\/large_governador_rafael_fonteles_2_22e4a32787.jpeg 1000w, https:\/\/noticiaempauta.com\/portal\/wp-content\/uploads\/2024\/06\/large_governador_rafael_fonteles_2_22e4a32787-300x200.jpeg 300w, https:\/\/noticiaempauta.com\/portal\/wp-content\/uploads\/2024\/06\/large_governador_rafael_fonteles_2_22e4a32787-768x512.jpeg 768w\" sizes=\"(max-width: 1000px) 100vw, 1000px\" \/><\/figure>\n\n\n\n<p>Rafael Fonteles frisou tamb\u00e9m que o evento simboliza a retomada da aproxima\u00e7\u00e3o entre o governo federal e os entes federativos. \u201cAl\u00e9m de ser efetiva na resolu\u00e7\u00e3o de v\u00e1rias quest\u00f5es, a Caravana Federativa simboliza muito esse perfil do governo do presidente Lula de dar as m\u00e3os aos entes subnacionais, estados e munic\u00edpios, para que os recursos cheguem na ponta e melhorem a vida das pessoas nas mais diversas \u00e1reas\u201d, destacou o gestor.<\/p>\n\n\n\n<p>A secret\u00e1ria de Rela\u00e7\u00f5es Institucionais da Presid\u00eancia da Rep\u00fablica, Juliana Carneiro, confirmou que as principais ideias da caravana federal s\u00e3o, justamente, vencer burocracias e discutir com os gestores o que deve ser feito para que programas federais cheguem aos munic\u00edpios e para que obras que est\u00e3o no papel virem, enfim, realidade.<\/p>\n\n\n\n<figure class=\"wp-block-image size-full\"><img decoding=\"async\" width=\"1000\" height=\"667\" src=\"https:\/\/noticiaempauta.com\/portal\/wp-content\/uploads\/2024\/06\/large_Whats_App_Image_2024_06_20_at_12_23_25_2_e54ab1ea56.jpeg\" alt=\"\" class=\"wp-image-259065\" srcset=\"https:\/\/noticiaempauta.com\/portal\/wp-content\/uploads\/2024\/06\/large_Whats_App_Image_2024_06_20_at_12_23_25_2_e54ab1ea56.jpeg 1000w, https:\/\/noticiaempauta.com\/portal\/wp-content\/uploads\/2024\/06\/large_Whats_App_Image_2024_06_20_at_12_23_25_2_e54ab1ea56-300x200.jpeg 300w, https:\/\/noticiaempauta.com\/portal\/wp-content\/uploads\/2024\/06\/large_Whats_App_Image_2024_06_20_at_12_23_25_2_e54ab1ea56-768x512.jpeg 768w\" sizes=\"(max-width: 1000px) 100vw, 1000px\" \/><\/figure>\n\n\n\n<p>O ministro do Desenvolvimento e Assist\u00eancia Social, Fam\u00edlia e Combate \u00e0 Fome, Wellington Dias, explicou que a caravana vai ajudar a reduzir problemas burocr\u00e1ticos entre a gest\u00e3o federal e estados e munic\u00edpios. \u201cTem conv\u00eanio dos munic\u00edpios que precisam de solu\u00e7\u00e3o. Ao inv\u00e9s do prefeito sair do seu munic\u00edpio no Piau\u00ed e ir para Bras\u00edlia, Bras\u00edlia vem aqui, por meio do governo federal, ao estado do Piau\u00ed e, aqui mesmo, as equipes apresentam condi\u00e7\u00f5es de dar solu\u00e7\u00e3o\u201d, explicou o gestor.<\/p>\n\n\n\n<figure class=\"wp-block-image size-full\"><img decoding=\"async\" width=\"1000\" height=\"667\" src=\"https:\/\/noticiaempauta.com\/portal\/wp-content\/uploads\/2024\/06\/large_Whats_App_Image_2024_06_20_at_12_24_20_2_fc26705ad2.jpeg\" alt=\"\" class=\"wp-image-259064\" srcset=\"https:\/\/noticiaempauta.com\/portal\/wp-content\/uploads\/2024\/06\/large_Whats_App_Image_2024_06_20_at_12_24_20_2_fc26705ad2.jpeg 1000w, https:\/\/noticiaempauta.com\/portal\/wp-content\/uploads\/2024\/06\/large_Whats_App_Image_2024_06_20_at_12_24_20_2_fc26705ad2-300x200.jpeg 300w, https:\/\/noticiaempauta.com\/portal\/wp-content\/uploads\/2024\/06\/large_Whats_App_Image_2024_06_20_at_12_24_20_2_fc26705ad2-768x512.jpeg 768w\" sizes=\"(max-width: 1000px) 100vw, 1000px\" \/><\/figure>\n\n\n\n<p>Wellington lembrou que esse di\u00e1logo entre o governo federal e os entes federativos havia sido interrompido. \u201cEu mesmo fui governador e sei as dificuldades que a gente tinha para essa integra\u00e7\u00e3o. Agora, \u00e9 o pr\u00f3prio governo que vem onde est\u00e1 o Estado, o munic\u00edpio, os empres\u00e1rios e os trabalhadores\u201d, frisou Dias.<\/p>\n\n\n\n<p>O presidente da Associa\u00e7\u00e3o Piauiense de Munic\u00edpios (APPM), Toninho da Caridade, estima que 200 gestores municipais participam do evento. Ele celebrou a caravana ter vindo ao Piau\u00ed porque vai destravar burocracias que dificultam a libera\u00e7\u00e3o de recursos. \u201c\u00c9 importante para os prefeitos\u00a0e permitir\u00e1 a gente buscar recursos de forma mais r\u00e1pida e f\u00e1cil. Tamb\u00e9m \u00e9 \u00fatil para tratar de algumas burocracias e simplificar algumas plataformas do governo federal\u201d, comentou o gestor.<\/p>\n\n\n\n<figure class=\"wp-block-image size-full\"><img loading=\"lazy\" decoding=\"async\" width=\"1000\" height=\"667\" src=\"https:\/\/noticiaempauta.com\/portal\/wp-content\/uploads\/2024\/06\/large_Whats_App_Image_2024_06_20_at_10_39_30_1_d1a05a55ad.jpeg\" alt=\"\" class=\"wp-image-259063\" srcset=\"https:\/\/noticiaempauta.com\/portal\/wp-content\/uploads\/2024\/06\/large_Whats_App_Image_2024_06_20_at_10_39_30_1_d1a05a55ad.jpeg 1000w, https:\/\/noticiaempauta.com\/portal\/wp-content\/uploads\/2024\/06\/large_Whats_App_Image_2024_06_20_at_10_39_30_1_d1a05a55ad-300x200.jpeg 300w, https:\/\/noticiaempauta.com\/portal\/wp-content\/uploads\/2024\/06\/large_Whats_App_Image_2024_06_20_at_10_39_30_1_d1a05a55ad-768x512.jpeg 768w\" sizes=\"(max-width: 1000px) 100vw, 1000px\" \/><\/figure>\n\n\n\n<p><strong>Caravana Federativa j\u00e1 percorreu nove estados<\/strong><\/p>\n\n\n\n<p>A Caravana Federativa \u00e9 uma a\u00e7\u00e3o itinerante voltada para gestores estaduais e municipais e conta com a participa\u00e7\u00e3o de minist\u00e9rios, autarquias, bancos e diversas empresas p\u00fablicas. Ela j\u00e1 passou por nove estados brasileiros: Bahia, Rio de Janeiro, Rio Grande do Sul, Tocantins, Maranh\u00e3o, Cear\u00e1, Para\u00edba, Pernambuco e Amap\u00e1. No total, participaram 1.510 munic\u00edpios ao longo das nove edi\u00e7\u00f5es, com um total de 24.603 atendimentos realizados pelo governo federal.<\/p>\n\n\n\n<p>O evento visa promover a articula\u00e7\u00e3o entre as esferas de governo, com o objetivo de discutir programas, pol\u00edticas e servi\u00e7os p\u00fablicos. O p\u00fablico-alvo s\u00e3o prefeitos e seus vices; secret\u00e1rios estaduais e municipais; gerentes municipais de conv\u00eanios; vereadores; presidentes de C\u00e2maras Municipais; presidentes de cons\u00f3rcios e federa\u00e7\u00f5es municipais e estaduais; e gestores de contratos.<\/p>\n\n\n\n<p>Durante a a\u00e7\u00e3o, os participantes da Caravana Federativa ter\u00e3o atendimento personalizado para esclarecer d\u00favidas, solucionar pend\u00eancias, buscar apoio e identificar maneiras de melhorar os servi\u00e7os oferecidos nos munic\u00edpios. O evento ainda permite a troca de experi\u00eancias e melhores pr\u00e1ticas entre os entes federativos.<\/p>\n\n\n\n<p>Com a presen\u00e7a confirmada de 34 minist\u00e9rios, os atendimentos ao longo dos dois dias ir\u00e3o englobar todas as \u00e1reas, incluindo discuss\u00f5es sobre o Sistema \u00danico de Sa\u00fade (SUS), conv\u00eanios, programas federais do Fundo Nacional de Desenvolvimento da Educa\u00e7\u00e3o (FNDE) e do Minist\u00e9rio do Desenvolvimento e Assist\u00eancia Social, Fam\u00edlia e Combate \u00e0 Fome (MDS), dentre outros servi\u00e7os.<\/p>\n\n\n\n<p>A Caravana Federativa \u00e9 uma realiza\u00e7\u00e3o do governo federal, em parceria com o Governo do Piau\u00ed e a Associa\u00e7\u00e3o Piauiense de Munic\u00edpios (APPM), com o patroc\u00ednio do Banco do Nordeste, Caixa Econ\u00f4mica Federal e Banco do Brasil. Conta ainda com o apoio do Sebrae-PI e da Assembleia Legislativa do Piau\u00ed (Alepi).<\/p>\n\n\n\n<p><strong><em>CCOM\/PI<\/em><\/strong><\/p>\n","protected":false},"excerpt":{"rendered":"<p>Durante abertura do evento em Teresina, o governador destacou que a iniciativa permite resolver pend\u00eancias burocr\u00e1ticas que travam libera\u00e7\u00e3o de recursos federais.<\/p>\n","protected":false},"author":2,"featured_media":259066,"comment_status":"open","ping_status":"open","sticky":false,"template":"","format":"standard","meta":{"_mi_skip_tracking":false,"footnotes":""},"categories":[25,1,16],"tags":[192],"class_list":["post-259062","post","type-post","status-publish","format-standard","has-post-thumbnail","hentry","category-destaques-site","category-geral","category-todas","tag-destaqueprincipal"],"acf":[],"yoast_head":"<!-- This site is optimized with the Yoast SEO Premium plugin v19.2 (Yoast SEO v26.9) - https:\/\/yoast.com\/product\/yoast-seo-premium-wordpress\/ -->\n<title>Rafael Fonteles destaca que Caravana Federativa aproxima governos e facilita chegada de recursos a estados e munic\u00edpios - Portal Not\u00edcia em Pauta<\/title>\n<meta name=\"robots\" content=\"index, follow, max-snippet:-1, max-image-preview:large, max-video-preview:-1\" \/>\n<link rel=\"canonical\" href=\"https:\/\/noticiaempauta.com\/portal\/rafael-fonteles-destaca-que-caravana-federativa-aproxima-governos-e-facilita-chegada-de-recursos-a-estados-e-municipios\/\" \/>\n<meta property=\"og:locale\" content=\"pt_BR\" \/>\n<meta property=\"og:type\" content=\"article\" \/>\n<meta property=\"og:title\" content=\"Rafael Fonteles destaca que Caravana Federativa aproxima governos e facilita chegada de recursos a estados e munic\u00edpios\" \/>\n<meta property=\"og:description\" content=\"Durante abertura do evento em Teresina, o governador destacou que a iniciativa permite resolver pend\u00eancias burocr\u00e1ticas que travam libera\u00e7\u00e3o de recursos federais.\" \/>\n<meta property=\"og:url\" content=\"https:\/\/noticiaempauta.com\/portal\/rafael-fonteles-destaca-que-caravana-federativa-aproxima-governos-e-facilita-chegada-de-recursos-a-estados-e-municipios\/\" \/>\n<meta property=\"og:site_name\" content=\"Portal Not\u00edcia em Pauta\" \/>\n<meta property=\"article:publisher\" content=\"https:\/\/www.facebook.com\/Portal-Notcia-Em-Pauta-102292869264820\/\" \/>\n<meta property=\"article:published_time\" content=\"2024-06-21T11:54:15+00:00\" \/>\n<meta property=\"article:modified_time\" content=\"2024-06-21T11:54:17+00:00\" \/>\n<meta property=\"og:image\" content=\"https:\/\/noticiaempauta.com\/portal\/wp-content\/uploads\/2024\/06\/large_governador_rafael_fonteles_2_22e4a32787.jpeg\" \/>\n\t<meta property=\"og:image:width\" content=\"1000\" \/>\n\t<meta property=\"og:image:height\" content=\"667\" \/>\n\t<meta property=\"og:image:type\" content=\"image\/jpeg\" \/>\n<meta name=\"author\" content=\"Reda\u00e7\u00e3o\" \/>\n<meta name=\"twitter:card\" content=\"summary_large_image\" \/>\n<meta name=\"twitter:label1\" content=\"Escrito por\" \/>\n\t<meta name=\"twitter:data1\" content=\"Reda\u00e7\u00e3o\" \/>\n\t<meta name=\"twitter:label2\" content=\"Est. tempo de leitura\" \/>\n\t<meta name=\"twitter:data2\" content=\"5 minutos\" \/>\n<script type=\"application\/ld+json\" class=\"yoast-schema-graph\">{\"@context\":\"https:\/\/schema.org\",\"@graph\":[{\"@type\":\"Article\",\"@id\":\"https:\/\/noticiaempauta.com\/portal\/rafael-fonteles-destaca-que-caravana-federativa-aproxima-governos-e-facilita-chegada-de-recursos-a-estados-e-municipios\/#article\",\"isPartOf\":{\"@id\":\"https:\/\/noticiaempauta.com\/portal\/rafael-fonteles-destaca-que-caravana-federativa-aproxima-governos-e-facilita-chegada-de-recursos-a-estados-e-municipios\/\"},\"author\":{\"name\":\"Reda\u00e7\u00e3o\",\"@id\":\"https:\/\/noticiaempauta.com\/portal\/#\/schema\/person\/a74af43dd1ab3deca45f988c717d57ac\"},\"headline\":\"Rafael Fonteles destaca que Caravana Federativa aproxima governos e facilita chegada de recursos a estados e munic\u00edpios\",\"datePublished\":\"2024-06-21T11:54:15+00:00\",\"dateModified\":\"2024-06-21T11:54:17+00:00\",\"mainEntityOfPage\":{\"@id\":\"https:\/\/noticiaempauta.com\/portal\/rafael-fonteles-destaca-que-caravana-federativa-aproxima-governos-e-facilita-chegada-de-recursos-a-estados-e-municipios\/\"},\"wordCount\":826,\"commentCount\":0,\"publisher\":{\"@id\":\"https:\/\/noticiaempauta.com\/portal\/#organization\"},\"image\":{\"@id\":\"https:\/\/noticiaempauta.com\/portal\/rafael-fonteles-destaca-que-caravana-federativa-aproxima-governos-e-facilita-chegada-de-recursos-a-estados-e-municipios\/#primaryimage\"},\"thumbnailUrl\":\"https:\/\/noticiaempauta.com\/portal\/wp-content\/uploads\/2024\/06\/large_governador_rafael_fonteles_2_22e4a32787.jpeg\",\"keywords\":[\"destaqueprincipal\"],\"articleSection\":[\"Destaques\",\"Geral\",\"Todas as Not\u00edcias\"],\"inLanguage\":\"pt-BR\",\"potentialAction\":[{\"@type\":\"CommentAction\",\"name\":\"Comment\",\"target\":[\"https:\/\/noticiaempauta.com\/portal\/rafael-fonteles-destaca-que-caravana-federativa-aproxima-governos-e-facilita-chegada-de-recursos-a-estados-e-municipios\/#respond\"]}]},{\"@type\":\"WebPage\",\"@id\":\"https:\/\/noticiaempauta.com\/portal\/rafael-fonteles-destaca-que-caravana-federativa-aproxima-governos-e-facilita-chegada-de-recursos-a-estados-e-municipios\/\",\"url\":\"https:\/\/noticiaempauta.com\/portal\/rafael-fonteles-destaca-que-caravana-federativa-aproxima-governos-e-facilita-chegada-de-recursos-a-estados-e-municipios\/\",\"name\":\"Rafael Fonteles destaca que Caravana Federativa aproxima governos e facilita chegada de recursos a estados e munic\u00edpios - Portal Not\u00edcia em Pauta\",\"isPartOf\":{\"@id\":\"https:\/\/noticiaempauta.com\/portal\/#website\"},\"primaryImageOfPage\":{\"@id\":\"https:\/\/noticiaempauta.com\/portal\/rafael-fonteles-destaca-que-caravana-federativa-aproxima-governos-e-facilita-chegada-de-recursos-a-estados-e-municipios\/#primaryimage\"},\"image\":{\"@id\":\"https:\/\/noticiaempauta.com\/portal\/rafael-fonteles-destaca-que-caravana-federativa-aproxima-governos-e-facilita-chegada-de-recursos-a-estados-e-municipios\/#primaryimage\"},\"thumbnailUrl\":\"https:\/\/noticiaempauta.com\/portal\/wp-content\/uploads\/2024\/06\/large_governador_rafael_fonteles_2_22e4a32787.jpeg\",\"datePublished\":\"2024-06-21T11:54:15+00:00\",\"dateModified\":\"2024-06-21T11:54:17+00:00\",\"breadcrumb\":{\"@id\":\"https:\/\/noticiaempauta.com\/portal\/rafael-fonteles-destaca-que-caravana-federativa-aproxima-governos-e-facilita-chegada-de-recursos-a-estados-e-municipios\/#breadcrumb\"},\"inLanguage\":\"pt-BR\",\"potentialAction\":[{\"@type\":\"ReadAction\",\"target\":[\"https:\/\/noticiaempauta.com\/portal\/rafael-fonteles-destaca-que-caravana-federativa-aproxima-governos-e-facilita-chegada-de-recursos-a-estados-e-municipios\/\"]}]},{\"@type\":\"ImageObject\",\"inLanguage\":\"pt-BR\",\"@id\":\"https:\/\/noticiaempauta.com\/portal\/rafael-fonteles-destaca-que-caravana-federativa-aproxima-governos-e-facilita-chegada-de-recursos-a-estados-e-municipios\/#primaryimage\",\"url\":\"https:\/\/noticiaempauta.com\/portal\/wp-content\/uploads\/2024\/06\/large_governador_rafael_fonteles_2_22e4a32787.jpeg\",\"contentUrl\":\"https:\/\/noticiaempauta.com\/portal\/wp-content\/uploads\/2024\/06\/large_governador_rafael_fonteles_2_22e4a32787.jpeg\",\"width\":1000,\"height\":667},{\"@type\":\"BreadcrumbList\",\"@id\":\"https:\/\/noticiaempauta.com\/portal\/rafael-fonteles-destaca-que-caravana-federativa-aproxima-governos-e-facilita-chegada-de-recursos-a-estados-e-municipios\/#breadcrumb\",\"itemListElement\":[{\"@type\":\"ListItem\",\"position\":1,\"name\":\"P\u00e1gina Inicial\",\"item\":\"https:\/\/noticiaempauta.com\/portal\/\"},{\"@type\":\"ListItem\",\"position\":2,\"name\":\"Destaques\",\"item\":\"https:\/\/noticiaempauta.com\/portal\/destaques-site\/\"},{\"@type\":\"ListItem\",\"position\":3,\"name\":\"Rafael Fonteles destaca que Caravana Federativa aproxima governos e facilita chegada de recursos a estados e munic\u00edpios\"}]},{\"@type\":\"WebSite\",\"@id\":\"https:\/\/noticiaempauta.com\/portal\/#website\",\"url\":\"https:\/\/noticiaempauta.com\/portal\/\",\"name\":\"Portal Not\u00edcia em Pauta\",\"description\":\"Voc\u00ea bem informado\",\"publisher\":{\"@id\":\"https:\/\/noticiaempauta.com\/portal\/#organization\"},\"potentialAction\":[{\"@type\":\"SearchAction\",\"target\":{\"@type\":\"EntryPoint\",\"urlTemplate\":\"https:\/\/noticiaempauta.com\/portal\/?s={search_term_string}\"},\"query-input\":{\"@type\":\"PropertyValueSpecification\",\"valueRequired\":true,\"valueName\":\"search_term_string\"}}],\"inLanguage\":\"pt-BR\"},{\"@type\":\"Organization\",\"@id\":\"https:\/\/noticiaempauta.com\/portal\/#organization\",\"name\":\"Portal Not\u00edcia em Pauta\",\"url\":\"https:\/\/noticiaempauta.com\/portal\/\",\"logo\":{\"@type\":\"ImageObject\",\"inLanguage\":\"pt-BR\",\"@id\":\"https:\/\/noticiaempauta.com\/portal\/#\/schema\/logo\/image\/\",\"url\":\"https:\/\/noticiaempauta.com\/portal\/wp-content\/uploads\/2022\/08\/logomarca_tema.fw_.png\",\"contentUrl\":\"https:\/\/noticiaempauta.com\/portal\/wp-content\/uploads\/2022\/08\/logomarca_tema.fw_.png\",\"width\":400,\"height\":232,\"caption\":\"Portal Not\u00edcia em Pauta\"},\"image\":{\"@id\":\"https:\/\/noticiaempauta.com\/portal\/#\/schema\/logo\/image\/\"},\"sameAs\":[\"https:\/\/www.facebook.com\/Portal-Notcia-Em-Pauta-102292869264820\/\",\"https:\/\/www.instagram.com\/portalnoticiaempauta\/\"]},{\"@type\":\"Person\",\"@id\":\"https:\/\/noticiaempauta.com\/portal\/#\/schema\/person\/a74af43dd1ab3deca45f988c717d57ac\",\"name\":\"Reda\u00e7\u00e3o\",\"image\":{\"@type\":\"ImageObject\",\"inLanguage\":\"pt-BR\",\"@id\":\"https:\/\/noticiaempauta.com\/portal\/#\/schema\/person\/image\/\",\"url\":\"https:\/\/secure.gravatar.com\/avatar\/03179346ecce6cdfc13361603e8f54242a90e5cde8618fa23c5c00aa2b0aadf3?s=96&d=mm&r=g\",\"contentUrl\":\"https:\/\/secure.gravatar.com\/avatar\/03179346ecce6cdfc13361603e8f54242a90e5cde8618fa23c5c00aa2b0aadf3?s=96&d=mm&r=g\",\"caption\":\"Reda\u00e7\u00e3o\"},\"sameAs\":[\"https:\/\/noticiaempauta.com\/portal\/\"],\"url\":\"https:\/\/noticiaempauta.com\/portal\/author\/fernando\/\"}]}<\/script>\n<!-- \/ Yoast SEO Premium plugin. -->","yoast_head_json":{"title":"Rafael Fonteles destaca que Caravana Federativa aproxima governos e facilita chegada de recursos a estados e munic\u00edpios - Portal Not\u00edcia em Pauta","robots":{"index":"index","follow":"follow","max-snippet":"max-snippet:-1","max-image-preview":"max-image-preview:large","max-video-preview":"max-video-preview:-1"},"canonical":"https:\/\/noticiaempauta.com\/portal\/rafael-fonteles-destaca-que-caravana-federativa-aproxima-governos-e-facilita-chegada-de-recursos-a-estados-e-municipios\/","og_locale":"pt_BR","og_type":"article","og_title":"Rafael Fonteles destaca que Caravana Federativa aproxima governos e facilita chegada de recursos a estados e munic\u00edpios","og_description":"Durante abertura do evento em Teresina, o governador destacou que a iniciativa permite resolver pend\u00eancias burocr\u00e1ticas que travam libera\u00e7\u00e3o de recursos federais.","og_url":"https:\/\/noticiaempauta.com\/portal\/rafael-fonteles-destaca-que-caravana-federativa-aproxima-governos-e-facilita-chegada-de-recursos-a-estados-e-municipios\/","og_site_name":"Portal Not\u00edcia em Pauta","article_publisher":"https:\/\/www.facebook.com\/Portal-Notcia-Em-Pauta-102292869264820\/","article_published_time":"2024-06-21T11:54:15+00:00","article_modified_time":"2024-06-21T11:54:17+00:00","og_image":[{"width":1000,"height":667,"url":"https:\/\/noticiaempauta.com\/portal\/wp-content\/uploads\/2024\/06\/large_governador_rafael_fonteles_2_22e4a32787.jpeg","type":"image\/jpeg"}],"author":"Reda\u00e7\u00e3o","twitter_card":"summary_large_image","twitter_misc":{"Escrito por":"Reda\u00e7\u00e3o","Est. tempo de leitura":"5 minutos"},"schema":{"@context":"https:\/\/schema.org","@graph":[{"@type":"Article","@id":"https:\/\/noticiaempauta.com\/portal\/rafael-fonteles-destaca-que-caravana-federativa-aproxima-governos-e-facilita-chegada-de-recursos-a-estados-e-municipios\/#article","isPartOf":{"@id":"https:\/\/noticiaempauta.com\/portal\/rafael-fonteles-destaca-que-caravana-federativa-aproxima-governos-e-facilita-chegada-de-recursos-a-estados-e-municipios\/"},"author":{"name":"Reda\u00e7\u00e3o","@id":"https:\/\/noticiaempauta.com\/portal\/#\/schema\/person\/a74af43dd1ab3deca45f988c717d57ac"},"headline":"Rafael Fonteles destaca que Caravana Federativa aproxima governos e facilita chegada de recursos a estados e munic\u00edpios","datePublished":"2024-06-21T11:54:15+00:00","dateModified":"2024-06-21T11:54:17+00:00","mainEntityOfPage":{"@id":"https:\/\/noticiaempauta.com\/portal\/rafael-fonteles-destaca-que-caravana-federativa-aproxima-governos-e-facilita-chegada-de-recursos-a-estados-e-municipios\/"},"wordCount":826,"commentCount":0,"publisher":{"@id":"https:\/\/noticiaempauta.com\/portal\/#organization"},"image":{"@id":"https:\/\/noticiaempauta.com\/portal\/rafael-fonteles-destaca-que-caravana-federativa-aproxima-governos-e-facilita-chegada-de-recursos-a-estados-e-municipios\/#primaryimage"},"thumbnailUrl":"https:\/\/noticiaempauta.com\/portal\/wp-content\/uploads\/2024\/06\/large_governador_rafael_fonteles_2_22e4a32787.jpeg","keywords":["destaqueprincipal"],"articleSection":["Destaques","Geral","Todas as Not\u00edcias"],"inLanguage":"pt-BR","potentialAction":[{"@type":"CommentAction","name":"Comment","target":["https:\/\/noticiaempauta.com\/portal\/rafael-fonteles-destaca-que-caravana-federativa-aproxima-governos-e-facilita-chegada-de-recursos-a-estados-e-municipios\/#respond"]}]},{"@type":"WebPage","@id":"https:\/\/noticiaempauta.com\/portal\/rafael-fonteles-destaca-que-caravana-federativa-aproxima-governos-e-facilita-chegada-de-recursos-a-estados-e-municipios\/","url":"https:\/\/noticiaempauta.com\/portal\/rafael-fonteles-destaca-que-caravana-federativa-aproxima-governos-e-facilita-chegada-de-recursos-a-estados-e-municipios\/","name":"Rafael Fonteles destaca que Caravana Federativa aproxima governos e facilita chegada de recursos a estados e munic\u00edpios - Portal Not\u00edcia em Pauta","isPartOf":{"@id":"https:\/\/noticiaempauta.com\/portal\/#website"},"primaryImageOfPage":{"@id":"https:\/\/noticiaempauta.com\/portal\/rafael-fonteles-destaca-que-caravana-federativa-aproxima-governos-e-facilita-chegada-de-recursos-a-estados-e-municipios\/#primaryimage"},"image":{"@id":"https:\/\/noticiaempauta.com\/portal\/rafael-fonteles-destaca-que-caravana-federativa-aproxima-governos-e-facilita-chegada-de-recursos-a-estados-e-municipios\/#primaryimage"},"thumbnailUrl":"https:\/\/noticiaempauta.com\/portal\/wp-content\/uploads\/2024\/06\/large_governador_rafael_fonteles_2_22e4a32787.jpeg","datePublished":"2024-06-21T11:54:15+00:00","dateModified":"2024-06-21T11:54:17+00:00","breadcrumb":{"@id":"https:\/\/noticiaempauta.com\/portal\/rafael-fonteles-destaca-que-caravana-federativa-aproxima-governos-e-facilita-chegada-de-recursos-a-estados-e-municipios\/#breadcrumb"},"inLanguage":"pt-BR","potentialAction":[{"@type":"ReadAction","target":["https:\/\/noticiaempauta.com\/portal\/rafael-fonteles-destaca-que-caravana-federativa-aproxima-governos-e-facilita-chegada-de-recursos-a-estados-e-municipios\/"]}]},{"@type":"ImageObject","inLanguage":"pt-BR","@id":"https:\/\/noticiaempauta.com\/portal\/rafael-fonteles-destaca-que-caravana-federativa-aproxima-governos-e-facilita-chegada-de-recursos-a-estados-e-municipios\/#primaryimage","url":"https:\/\/noticiaempauta.com\/portal\/wp-content\/uploads\/2024\/06\/large_governador_rafael_fonteles_2_22e4a32787.jpeg","contentUrl":"https:\/\/noticiaempauta.com\/portal\/wp-content\/uploads\/2024\/06\/large_governador_rafael_fonteles_2_22e4a32787.jpeg","width":1000,"height":667},{"@type":"BreadcrumbList","@id":"https:\/\/noticiaempauta.com\/portal\/rafael-fonteles-destaca-que-caravana-federativa-aproxima-governos-e-facilita-chegada-de-recursos-a-estados-e-municipios\/#breadcrumb","itemListElement":[{"@type":"ListItem","position":1,"name":"P\u00e1gina Inicial","item":"https:\/\/noticiaempauta.com\/portal\/"},{"@type":"ListItem","position":2,"name":"Destaques","item":"https:\/\/noticiaempauta.com\/portal\/destaques-site\/"},{"@type":"ListItem","position":3,"name":"Rafael Fonteles destaca que Caravana Federativa aproxima governos e facilita chegada de recursos a estados e munic\u00edpios"}]},{"@type":"WebSite","@id":"https:\/\/noticiaempauta.com\/portal\/#website","url":"https:\/\/noticiaempauta.com\/portal\/","name":"Portal Not\u00edcia em Pauta","description":"Voc\u00ea bem informado","publisher":{"@id":"https:\/\/noticiaempauta.com\/portal\/#organization"},"potentialAction":[{"@type":"SearchAction","target":{"@type":"EntryPoint","urlTemplate":"https:\/\/noticiaempauta.com\/portal\/?s={search_term_string}"},"query-input":{"@type":"PropertyValueSpecification","valueRequired":true,"valueName":"search_term_string"}}],"inLanguage":"pt-BR"},{"@type":"Organization","@id":"https:\/\/noticiaempauta.com\/portal\/#organization","name":"Portal Not\u00edcia em Pauta","url":"https:\/\/noticiaempauta.com\/portal\/","logo":{"@type":"ImageObject","inLanguage":"pt-BR","@id":"https:\/\/noticiaempauta.com\/portal\/#\/schema\/logo\/image\/","url":"https:\/\/noticiaempauta.com\/portal\/wp-content\/uploads\/2022\/08\/logomarca_tema.fw_.png","contentUrl":"https:\/\/noticiaempauta.com\/portal\/wp-content\/uploads\/2022\/08\/logomarca_tema.fw_.png","width":400,"height":232,"caption":"Portal Not\u00edcia em Pauta"},"image":{"@id":"https:\/\/noticiaempauta.com\/portal\/#\/schema\/logo\/image\/"},"sameAs":["https:\/\/www.facebook.com\/Portal-Notcia-Em-Pauta-102292869264820\/","https:\/\/www.instagram.com\/portalnoticiaempauta\/"]},{"@type":"Person","@id":"https:\/\/noticiaempauta.com\/portal\/#\/schema\/person\/a74af43dd1ab3deca45f988c717d57ac","name":"Reda\u00e7\u00e3o","image":{"@type":"ImageObject","inLanguage":"pt-BR","@id":"https:\/\/noticiaempauta.com\/portal\/#\/schema\/person\/image\/","url":"https:\/\/secure.gravatar.com\/avatar\/03179346ecce6cdfc13361603e8f54242a90e5cde8618fa23c5c00aa2b0aadf3?s=96&d=mm&r=g","contentUrl":"https:\/\/secure.gravatar.com\/avatar\/03179346ecce6cdfc13361603e8f54242a90e5cde8618fa23c5c00aa2b0aadf3?s=96&d=mm&r=g","caption":"Reda\u00e7\u00e3o"},"sameAs":["https:\/\/noticiaempauta.com\/portal\/"],"url":"https:\/\/noticiaempauta.com\/portal\/author\/fernando\/"}]}},"_links":{"self":[{"href":"https:\/\/noticiaempauta.com\/portal\/wp-json\/wp\/v2\/posts\/259062","targetHints":{"allow":["GET"]}}],"collection":[{"href":"https:\/\/noticiaempauta.com\/portal\/wp-json\/wp\/v2\/posts"}],"about":[{"href":"https:\/\/noticiaempauta.com\/portal\/wp-json\/wp\/v2\/types\/post"}],"author":[{"embeddable":true,"href":"https:\/\/noticiaempauta.com\/portal\/wp-json\/wp\/v2\/users\/2"}],"replies":[{"embeddable":true,"href":"https:\/\/noticiaempauta.com\/portal\/wp-json\/wp\/v2\/comments?post=259062"}],"version-history":[{"count":2,"href":"https:\/\/noticiaempauta.com\/portal\/wp-json\/wp\/v2\/posts\/259062\/revisions"}],"predecessor-version":[{"id":259069,"href":"https:\/\/noticiaempauta.com\/portal\/wp-json\/wp\/v2\/posts\/259062\/revisions\/259069"}],"wp:featuredmedia":[{"embeddable":true,"href":"https:\/\/noticiaempauta.com\/portal\/wp-json\/wp\/v2\/media\/259066"}],"wp:attachment":[{"href":"https:\/\/noticiaempauta.com\/portal\/wp-json\/wp\/v2\/media?parent=259062"}],"wp:term":[{"taxonomy":"category","embeddable":true,"href":"https:\/\/noticiaempauta.com\/portal\/wp-json\/wp\/v2\/categories?post=259062"},{"taxonomy":"post_tag","embeddable":true,"href":"https:\/\/noticiaempauta.com\/portal\/wp-json\/wp\/v2\/tags?post=259062"}],"curies":[{"name":"wp","href":"https:\/\/api.w.org\/{rel}","templated":true}]}}