{"id":259076,"date":"2024-06-21T09:07:25","date_gmt":"2024-06-21T12:07:25","guid":{"rendered":"https:\/\/noticiaempauta.com\/portal\/?p=259076"},"modified":"2024-06-21T09:07:26","modified_gmt":"2024-06-21T12:07:26","slug":"marcelo-castro-critica-discussao-por-vaga-de-senador-e-diz-que-governador-agiu-na-hora-certa","status":"publish","type":"post","link":"https:\/\/noticiaempauta.com\/portal\/marcelo-castro-critica-discussao-por-vaga-de-senador-e-diz-que-governador-agiu-na-hora-certa\/","title":{"rendered":"Marcelo Castro critica discuss\u00e3o por vaga de senador e diz que Governador \u201cagiu na hora certa\u201d"},"content":{"rendered":"\n<p>O&nbsp;<strong>senador Marcelo Castro (MDB)<\/strong>&nbsp;fez cr\u00edticas \u00e0 antecipa\u00e7\u00e3o da discuss\u00e3o para a disputa majorit\u00e1ria nas elei\u00e7\u00f5es gerais de 2026. O parlamentar disputar\u00e1 a reelei\u00e7\u00e3o para se manter no senado e acompanha de perto os entendimentos para a forma\u00e7\u00e3o da chapa.&nbsp;<strong>PSD e PT&nbsp;<\/strong>disputam a segunda vaga para o senado e o&nbsp;<strong>MDB&nbsp;<\/strong>briga para manter a cadeira de vice ao lado do governador Rafael Fonteles.<\/p>\n\n\n\n<p>Recentemente o presidente do PSD no estado, o deputado federal J\u00falio C\u00e9sar (PSD), revelou que o partido buscar\u00e1 estar na chapa majorit\u00e1ria sendo indicado em um dos dois postos. Marcelo Castro criticou a antecipa\u00e7\u00e3o da discuss\u00e3o.<\/p>\n\n\n\n<figure class=\"wp-block-image size-full\"><img fetchpriority=\"high\" decoding=\"async\" width=\"800\" height=\"534\" src=\"https:\/\/noticiaempauta.com\/portal\/wp-content\/uploads\/2024\/06\/C8NJ5laAKtHWvavWjZtE45yHUlzrSjl7akZ2OZMO.webp\" alt=\"\" class=\"wp-image-259077\" srcset=\"https:\/\/noticiaempauta.com\/portal\/wp-content\/uploads\/2024\/06\/C8NJ5laAKtHWvavWjZtE45yHUlzrSjl7akZ2OZMO.webp 800w, https:\/\/noticiaempauta.com\/portal\/wp-content\/uploads\/2024\/06\/C8NJ5laAKtHWvavWjZtE45yHUlzrSjl7akZ2OZMO-300x200.webp 300w, https:\/\/noticiaempauta.com\/portal\/wp-content\/uploads\/2024\/06\/C8NJ5laAKtHWvavWjZtE45yHUlzrSjl7akZ2OZMO-768x513.webp 768w\" sizes=\"(max-width: 800px) 100vw, 800px\" \/><figcaption class=\"wp-element-caption\"><em>(Foto: Assis Fernandes\/ O DIA)<\/em><\/figcaption><\/figure>\n\n\n\n<p>\u201cGostaria que uma vaga fosse minha. A segunda vaga de senador vai depender do entendimento de todos os partidos pol\u00edticos, espero que a gente chegue a um bom entendimento e que n\u00e3o haja desaven\u00e7as. Essa competi\u00e7\u00e3o sempre existir\u00e1. Acho que n\u00e3o est\u00e1 na hora, acho que esse problema foi antecipado e n\u00e3o constr\u00f3i. Est\u00e1 na hora de juntar esfor\u00e7os para que o governador fa\u00e7a uma melhor gest\u00e3o. Se depender de mim esse assunto n\u00e3o deveria estar em pauta\u201d, afirmou Marcelo Castro.<\/p>\n\n\n\n<p>O senador ainda comentou a reuni\u00e3o recente de Rafael Fonteles com a bancada do MDB no parlamento estadual. A conversa, a portas fechadas no Karnak, serviu para o governador cobrar equil\u00edbrio dos parlamentares e pedir harmonia com os outros partidos.<\/p>\n\n\n\n<p>Marcelo destacou que espera mais equil\u00edbrio nos pr\u00f3ximos meses.<\/p>\n\n\n\n<blockquote class=\"wp-block-quote is-layout-flow wp-block-quote-is-layout-flow\">\n<p>\u201cEsses conflitos s\u00e3o comuns na pol\u00edtica, o ideal \u00e9 que n\u00e3o acontecesse. Eu acho que em boa hora o governador agiu e vamos viver momentos de mais calmaria e entendimento\u201d destacou o senador<\/p>\n\n\n\n<p><em>Fonte: Portal O Dia<\/em><\/p>\n<\/blockquote>\n","protected":false},"excerpt":{"rendered":"<p>Recentemente o presidente do PSD no estado, o deputado federal J\u00falio C\u00e9sar (PSD), revelou que o partido buscar\u00e1 estar na chapa majorit\u00e1ria.<\/p>\n","protected":false},"author":2,"featured_media":259077,"comment_status":"open","ping_status":"open","sticky":false,"template":"","format":"standard","meta":{"_mi_skip_tracking":false,"footnotes":""},"categories":[25,1,3,16],"tags":[192],"class_list":["post-259076","post","type-post","status-publish","format-standard","has-post-thumbnail","hentry","category-destaques-site","category-geral","category-politica","category-todas","tag-destaqueprincipal"],"acf":[],"yoast_head":"<!-- This site is optimized with the Yoast SEO Premium plugin v19.2 (Yoast SEO v26.9) - https:\/\/yoast.com\/product\/yoast-seo-premium-wordpress\/ -->\n<title>Marcelo Castro critica discuss\u00e3o por vaga de senador e diz que Governador \u201cagiu na hora certa\u201d - Portal Not\u00edcia em Pauta<\/title>\n<meta name=\"robots\" content=\"index, follow, max-snippet:-1, max-image-preview:large, max-video-preview:-1\" \/>\n<link rel=\"canonical\" href=\"https:\/\/noticiaempauta.com\/portal\/marcelo-castro-critica-discussao-por-vaga-de-senador-e-diz-que-governador-agiu-na-hora-certa\/\" \/>\n<meta property=\"og:locale\" content=\"pt_BR\" \/>\n<meta property=\"og:type\" content=\"article\" \/>\n<meta property=\"og:title\" content=\"Marcelo Castro critica discuss\u00e3o por vaga de senador e diz que Governador \u201cagiu na hora certa\u201d\" \/>\n<meta property=\"og:description\" content=\"Recentemente o presidente do PSD no estado, o deputado federal J\u00falio C\u00e9sar (PSD), revelou que o partido buscar\u00e1 estar na chapa majorit\u00e1ria.\" \/>\n<meta property=\"og:url\" content=\"https:\/\/noticiaempauta.com\/portal\/marcelo-castro-critica-discussao-por-vaga-de-senador-e-diz-que-governador-agiu-na-hora-certa\/\" \/>\n<meta property=\"og:site_name\" content=\"Portal Not\u00edcia em Pauta\" \/>\n<meta property=\"article:publisher\" content=\"https:\/\/www.facebook.com\/Portal-Notcia-Em-Pauta-102292869264820\/\" \/>\n<meta property=\"article:published_time\" content=\"2024-06-21T12:07:25+00:00\" \/>\n<meta property=\"article:modified_time\" content=\"2024-06-21T12:07:26+00:00\" \/>\n<meta property=\"og:image\" content=\"https:\/\/noticiaempauta.com\/portal\/wp-content\/uploads\/2024\/06\/C8NJ5laAKtHWvavWjZtE45yHUlzrSjl7akZ2OZMO.webp\" \/>\n\t<meta property=\"og:image:width\" content=\"800\" \/>\n\t<meta property=\"og:image:height\" content=\"534\" \/>\n\t<meta property=\"og:image:type\" content=\"image\/webp\" \/>\n<meta name=\"author\" content=\"Reda\u00e7\u00e3o\" \/>\n<meta name=\"twitter:card\" content=\"summary_large_image\" \/>\n<meta name=\"twitter:label1\" content=\"Escrito por\" \/>\n\t<meta name=\"twitter:data1\" content=\"Reda\u00e7\u00e3o\" \/>\n\t<meta name=\"twitter:label2\" content=\"Est. tempo de leitura\" \/>\n\t<meta name=\"twitter:data2\" content=\"2 minutos\" \/>\n<script type=\"application\/ld+json\" class=\"yoast-schema-graph\">{\"@context\":\"https:\/\/schema.org\",\"@graph\":[{\"@type\":\"Article\",\"@id\":\"https:\/\/noticiaempauta.com\/portal\/marcelo-castro-critica-discussao-por-vaga-de-senador-e-diz-que-governador-agiu-na-hora-certa\/#article\",\"isPartOf\":{\"@id\":\"https:\/\/noticiaempauta.com\/portal\/marcelo-castro-critica-discussao-por-vaga-de-senador-e-diz-que-governador-agiu-na-hora-certa\/\"},\"author\":{\"name\":\"Reda\u00e7\u00e3o\",\"@id\":\"https:\/\/noticiaempauta.com\/portal\/#\/schema\/person\/a74af43dd1ab3deca45f988c717d57ac\"},\"headline\":\"Marcelo Castro critica discuss\u00e3o por vaga de senador e diz que Governador \u201cagiu na hora certa\u201d\",\"datePublished\":\"2024-06-21T12:07:25+00:00\",\"dateModified\":\"2024-06-21T12:07:26+00:00\",\"mainEntityOfPage\":{\"@id\":\"https:\/\/noticiaempauta.com\/portal\/marcelo-castro-critica-discussao-por-vaga-de-senador-e-diz-que-governador-agiu-na-hora-certa\/\"},\"wordCount\":325,\"commentCount\":0,\"publisher\":{\"@id\":\"https:\/\/noticiaempauta.com\/portal\/#organization\"},\"image\":{\"@id\":\"https:\/\/noticiaempauta.com\/portal\/marcelo-castro-critica-discussao-por-vaga-de-senador-e-diz-que-governador-agiu-na-hora-certa\/#primaryimage\"},\"thumbnailUrl\":\"https:\/\/noticiaempauta.com\/portal\/wp-content\/uploads\/2024\/06\/C8NJ5laAKtHWvavWjZtE45yHUlzrSjl7akZ2OZMO.webp\",\"keywords\":[\"destaqueprincipal\"],\"articleSection\":[\"Destaques\",\"Geral\",\"Pol\u00edtica\",\"Todas as Not\u00edcias\"],\"inLanguage\":\"pt-BR\",\"potentialAction\":[{\"@type\":\"CommentAction\",\"name\":\"Comment\",\"target\":[\"https:\/\/noticiaempauta.com\/portal\/marcelo-castro-critica-discussao-por-vaga-de-senador-e-diz-que-governador-agiu-na-hora-certa\/#respond\"]}]},{\"@type\":\"WebPage\",\"@id\":\"https:\/\/noticiaempauta.com\/portal\/marcelo-castro-critica-discussao-por-vaga-de-senador-e-diz-que-governador-agiu-na-hora-certa\/\",\"url\":\"https:\/\/noticiaempauta.com\/portal\/marcelo-castro-critica-discussao-por-vaga-de-senador-e-diz-que-governador-agiu-na-hora-certa\/\",\"name\":\"Marcelo Castro critica discuss\u00e3o por vaga de senador e diz que Governador \u201cagiu na hora certa\u201d - Portal Not\u00edcia em Pauta\",\"isPartOf\":{\"@id\":\"https:\/\/noticiaempauta.com\/portal\/#website\"},\"primaryImageOfPage\":{\"@id\":\"https:\/\/noticiaempauta.com\/portal\/marcelo-castro-critica-discussao-por-vaga-de-senador-e-diz-que-governador-agiu-na-hora-certa\/#primaryimage\"},\"image\":{\"@id\":\"https:\/\/noticiaempauta.com\/portal\/marcelo-castro-critica-discussao-por-vaga-de-senador-e-diz-que-governador-agiu-na-hora-certa\/#primaryimage\"},\"thumbnailUrl\":\"https:\/\/noticiaempauta.com\/portal\/wp-content\/uploads\/2024\/06\/C8NJ5laAKtHWvavWjZtE45yHUlzrSjl7akZ2OZMO.webp\",\"datePublished\":\"2024-06-21T12:07:25+00:00\",\"dateModified\":\"2024-06-21T12:07:26+00:00\",\"breadcrumb\":{\"@id\":\"https:\/\/noticiaempauta.com\/portal\/marcelo-castro-critica-discussao-por-vaga-de-senador-e-diz-que-governador-agiu-na-hora-certa\/#breadcrumb\"},\"inLanguage\":\"pt-BR\",\"potentialAction\":[{\"@type\":\"ReadAction\",\"target\":[\"https:\/\/noticiaempauta.com\/portal\/marcelo-castro-critica-discussao-por-vaga-de-senador-e-diz-que-governador-agiu-na-hora-certa\/\"]}]},{\"@type\":\"ImageObject\",\"inLanguage\":\"pt-BR\",\"@id\":\"https:\/\/noticiaempauta.com\/portal\/marcelo-castro-critica-discussao-por-vaga-de-senador-e-diz-que-governador-agiu-na-hora-certa\/#primaryimage\",\"url\":\"https:\/\/noticiaempauta.com\/portal\/wp-content\/uploads\/2024\/06\/C8NJ5laAKtHWvavWjZtE45yHUlzrSjl7akZ2OZMO.webp\",\"contentUrl\":\"https:\/\/noticiaempauta.com\/portal\/wp-content\/uploads\/2024\/06\/C8NJ5laAKtHWvavWjZtE45yHUlzrSjl7akZ2OZMO.webp\",\"width\":800,\"height\":534},{\"@type\":\"BreadcrumbList\",\"@id\":\"https:\/\/noticiaempauta.com\/portal\/marcelo-castro-critica-discussao-por-vaga-de-senador-e-diz-que-governador-agiu-na-hora-certa\/#breadcrumb\",\"itemListElement\":[{\"@type\":\"ListItem\",\"position\":1,\"name\":\"P\u00e1gina Inicial\",\"item\":\"https:\/\/noticiaempauta.com\/portal\/\"},{\"@type\":\"ListItem\",\"position\":2,\"name\":\"Destaques\",\"item\":\"https:\/\/noticiaempauta.com\/portal\/destaques-site\/\"},{\"@type\":\"ListItem\",\"position\":3,\"name\":\"Marcelo Castro critica discuss\u00e3o por vaga de senador e diz que Governador \u201cagiu na hora certa\u201d\"}]},{\"@type\":\"WebSite\",\"@id\":\"https:\/\/noticiaempauta.com\/portal\/#website\",\"url\":\"https:\/\/noticiaempauta.com\/portal\/\",\"name\":\"Portal Not\u00edcia em Pauta\",\"description\":\"Voc\u00ea bem informado\",\"publisher\":{\"@id\":\"https:\/\/noticiaempauta.com\/portal\/#organization\"},\"potentialAction\":[{\"@type\":\"SearchAction\",\"target\":{\"@type\":\"EntryPoint\",\"urlTemplate\":\"https:\/\/noticiaempauta.com\/portal\/?s={search_term_string}\"},\"query-input\":{\"@type\":\"PropertyValueSpecification\",\"valueRequired\":true,\"valueName\":\"search_term_string\"}}],\"inLanguage\":\"pt-BR\"},{\"@type\":\"Organization\",\"@id\":\"https:\/\/noticiaempauta.com\/portal\/#organization\",\"name\":\"Portal Not\u00edcia em Pauta\",\"url\":\"https:\/\/noticiaempauta.com\/portal\/\",\"logo\":{\"@type\":\"ImageObject\",\"inLanguage\":\"pt-BR\",\"@id\":\"https:\/\/noticiaempauta.com\/portal\/#\/schema\/logo\/image\/\",\"url\":\"https:\/\/noticiaempauta.com\/portal\/wp-content\/uploads\/2022\/08\/logomarca_tema.fw_.png\",\"contentUrl\":\"https:\/\/noticiaempauta.com\/portal\/wp-content\/uploads\/2022\/08\/logomarca_tema.fw_.png\",\"width\":400,\"height\":232,\"caption\":\"Portal Not\u00edcia em Pauta\"},\"image\":{\"@id\":\"https:\/\/noticiaempauta.com\/portal\/#\/schema\/logo\/image\/\"},\"sameAs\":[\"https:\/\/www.facebook.com\/Portal-Notcia-Em-Pauta-102292869264820\/\",\"https:\/\/www.instagram.com\/portalnoticiaempauta\/\"]},{\"@type\":\"Person\",\"@id\":\"https:\/\/noticiaempauta.com\/portal\/#\/schema\/person\/a74af43dd1ab3deca45f988c717d57ac\",\"name\":\"Reda\u00e7\u00e3o\",\"image\":{\"@type\":\"ImageObject\",\"inLanguage\":\"pt-BR\",\"@id\":\"https:\/\/noticiaempauta.com\/portal\/#\/schema\/person\/image\/\",\"url\":\"https:\/\/secure.gravatar.com\/avatar\/03179346ecce6cdfc13361603e8f54242a90e5cde8618fa23c5c00aa2b0aadf3?s=96&d=mm&r=g\",\"contentUrl\":\"https:\/\/secure.gravatar.com\/avatar\/03179346ecce6cdfc13361603e8f54242a90e5cde8618fa23c5c00aa2b0aadf3?s=96&d=mm&r=g\",\"caption\":\"Reda\u00e7\u00e3o\"},\"sameAs\":[\"https:\/\/noticiaempauta.com\/portal\/\"],\"url\":\"https:\/\/noticiaempauta.com\/portal\/author\/fernando\/\"}]}<\/script>\n<!-- \/ Yoast SEO Premium plugin. -->","yoast_head_json":{"title":"Marcelo Castro critica discuss\u00e3o por vaga de senador e diz que Governador \u201cagiu na hora certa\u201d - Portal Not\u00edcia em Pauta","robots":{"index":"index","follow":"follow","max-snippet":"max-snippet:-1","max-image-preview":"max-image-preview:large","max-video-preview":"max-video-preview:-1"},"canonical":"https:\/\/noticiaempauta.com\/portal\/marcelo-castro-critica-discussao-por-vaga-de-senador-e-diz-que-governador-agiu-na-hora-certa\/","og_locale":"pt_BR","og_type":"article","og_title":"Marcelo Castro critica discuss\u00e3o por vaga de senador e diz que Governador \u201cagiu na hora certa\u201d","og_description":"Recentemente o presidente do PSD no estado, o deputado federal J\u00falio C\u00e9sar (PSD), revelou que o partido buscar\u00e1 estar na chapa majorit\u00e1ria.","og_url":"https:\/\/noticiaempauta.com\/portal\/marcelo-castro-critica-discussao-por-vaga-de-senador-e-diz-que-governador-agiu-na-hora-certa\/","og_site_name":"Portal Not\u00edcia em Pauta","article_publisher":"https:\/\/www.facebook.com\/Portal-Notcia-Em-Pauta-102292869264820\/","article_published_time":"2024-06-21T12:07:25+00:00","article_modified_time":"2024-06-21T12:07:26+00:00","og_image":[{"width":800,"height":534,"url":"https:\/\/noticiaempauta.com\/portal\/wp-content\/uploads\/2024\/06\/C8NJ5laAKtHWvavWjZtE45yHUlzrSjl7akZ2OZMO.webp","type":"image\/webp"}],"author":"Reda\u00e7\u00e3o","twitter_card":"summary_large_image","twitter_misc":{"Escrito por":"Reda\u00e7\u00e3o","Est. tempo de leitura":"2 minutos"},"schema":{"@context":"https:\/\/schema.org","@graph":[{"@type":"Article","@id":"https:\/\/noticiaempauta.com\/portal\/marcelo-castro-critica-discussao-por-vaga-de-senador-e-diz-que-governador-agiu-na-hora-certa\/#article","isPartOf":{"@id":"https:\/\/noticiaempauta.com\/portal\/marcelo-castro-critica-discussao-por-vaga-de-senador-e-diz-que-governador-agiu-na-hora-certa\/"},"author":{"name":"Reda\u00e7\u00e3o","@id":"https:\/\/noticiaempauta.com\/portal\/#\/schema\/person\/a74af43dd1ab3deca45f988c717d57ac"},"headline":"Marcelo Castro critica discuss\u00e3o por vaga de senador e diz que Governador \u201cagiu na hora certa\u201d","datePublished":"2024-06-21T12:07:25+00:00","dateModified":"2024-06-21T12:07:26+00:00","mainEntityOfPage":{"@id":"https:\/\/noticiaempauta.com\/portal\/marcelo-castro-critica-discussao-por-vaga-de-senador-e-diz-que-governador-agiu-na-hora-certa\/"},"wordCount":325,"commentCount":0,"publisher":{"@id":"https:\/\/noticiaempauta.com\/portal\/#organization"},"image":{"@id":"https:\/\/noticiaempauta.com\/portal\/marcelo-castro-critica-discussao-por-vaga-de-senador-e-diz-que-governador-agiu-na-hora-certa\/#primaryimage"},"thumbnailUrl":"https:\/\/noticiaempauta.com\/portal\/wp-content\/uploads\/2024\/06\/C8NJ5laAKtHWvavWjZtE45yHUlzrSjl7akZ2OZMO.webp","keywords":["destaqueprincipal"],"articleSection":["Destaques","Geral","Pol\u00edtica","Todas as Not\u00edcias"],"inLanguage":"pt-BR","potentialAction":[{"@type":"CommentAction","name":"Comment","target":["https:\/\/noticiaempauta.com\/portal\/marcelo-castro-critica-discussao-por-vaga-de-senador-e-diz-que-governador-agiu-na-hora-certa\/#respond"]}]},{"@type":"WebPage","@id":"https:\/\/noticiaempauta.com\/portal\/marcelo-castro-critica-discussao-por-vaga-de-senador-e-diz-que-governador-agiu-na-hora-certa\/","url":"https:\/\/noticiaempauta.com\/portal\/marcelo-castro-critica-discussao-por-vaga-de-senador-e-diz-que-governador-agiu-na-hora-certa\/","name":"Marcelo Castro critica discuss\u00e3o por vaga de senador e diz que Governador \u201cagiu na hora certa\u201d - Portal Not\u00edcia em Pauta","isPartOf":{"@id":"https:\/\/noticiaempauta.com\/portal\/#website"},"primaryImageOfPage":{"@id":"https:\/\/noticiaempauta.com\/portal\/marcelo-castro-critica-discussao-por-vaga-de-senador-e-diz-que-governador-agiu-na-hora-certa\/#primaryimage"},"image":{"@id":"https:\/\/noticiaempauta.com\/portal\/marcelo-castro-critica-discussao-por-vaga-de-senador-e-diz-que-governador-agiu-na-hora-certa\/#primaryimage"},"thumbnailUrl":"https:\/\/noticiaempauta.com\/portal\/wp-content\/uploads\/2024\/06\/C8NJ5laAKtHWvavWjZtE45yHUlzrSjl7akZ2OZMO.webp","datePublished":"2024-06-21T12:07:25+00:00","dateModified":"2024-06-21T12:07:26+00:00","breadcrumb":{"@id":"https:\/\/noticiaempauta.com\/portal\/marcelo-castro-critica-discussao-por-vaga-de-senador-e-diz-que-governador-agiu-na-hora-certa\/#breadcrumb"},"inLanguage":"pt-BR","potentialAction":[{"@type":"ReadAction","target":["https:\/\/noticiaempauta.com\/portal\/marcelo-castro-critica-discussao-por-vaga-de-senador-e-diz-que-governador-agiu-na-hora-certa\/"]}]},{"@type":"ImageObject","inLanguage":"pt-BR","@id":"https:\/\/noticiaempauta.com\/portal\/marcelo-castro-critica-discussao-por-vaga-de-senador-e-diz-que-governador-agiu-na-hora-certa\/#primaryimage","url":"https:\/\/noticiaempauta.com\/portal\/wp-content\/uploads\/2024\/06\/C8NJ5laAKtHWvavWjZtE45yHUlzrSjl7akZ2OZMO.webp","contentUrl":"https:\/\/noticiaempauta.com\/portal\/wp-content\/uploads\/2024\/06\/C8NJ5laAKtHWvavWjZtE45yHUlzrSjl7akZ2OZMO.webp","width":800,"height":534},{"@type":"BreadcrumbList","@id":"https:\/\/noticiaempauta.com\/portal\/marcelo-castro-critica-discussao-por-vaga-de-senador-e-diz-que-governador-agiu-na-hora-certa\/#breadcrumb","itemListElement":[{"@type":"ListItem","position":1,"name":"P\u00e1gina Inicial","item":"https:\/\/noticiaempauta.com\/portal\/"},{"@type":"ListItem","position":2,"name":"Destaques","item":"https:\/\/noticiaempauta.com\/portal\/destaques-site\/"},{"@type":"ListItem","position":3,"name":"Marcelo Castro critica discuss\u00e3o por vaga de senador e diz que Governador \u201cagiu na hora certa\u201d"}]},{"@type":"WebSite","@id":"https:\/\/noticiaempauta.com\/portal\/#website","url":"https:\/\/noticiaempauta.com\/portal\/","name":"Portal Not\u00edcia em Pauta","description":"Voc\u00ea bem informado","publisher":{"@id":"https:\/\/noticiaempauta.com\/portal\/#organization"},"potentialAction":[{"@type":"SearchAction","target":{"@type":"EntryPoint","urlTemplate":"https:\/\/noticiaempauta.com\/portal\/?s={search_term_string}"},"query-input":{"@type":"PropertyValueSpecification","valueRequired":true,"valueName":"search_term_string"}}],"inLanguage":"pt-BR"},{"@type":"Organization","@id":"https:\/\/noticiaempauta.com\/portal\/#organization","name":"Portal Not\u00edcia em Pauta","url":"https:\/\/noticiaempauta.com\/portal\/","logo":{"@type":"ImageObject","inLanguage":"pt-BR","@id":"https:\/\/noticiaempauta.com\/portal\/#\/schema\/logo\/image\/","url":"https:\/\/noticiaempauta.com\/portal\/wp-content\/uploads\/2022\/08\/logomarca_tema.fw_.png","contentUrl":"https:\/\/noticiaempauta.com\/portal\/wp-content\/uploads\/2022\/08\/logomarca_tema.fw_.png","width":400,"height":232,"caption":"Portal Not\u00edcia em Pauta"},"image":{"@id":"https:\/\/noticiaempauta.com\/portal\/#\/schema\/logo\/image\/"},"sameAs":["https:\/\/www.facebook.com\/Portal-Notcia-Em-Pauta-102292869264820\/","https:\/\/www.instagram.com\/portalnoticiaempauta\/"]},{"@type":"Person","@id":"https:\/\/noticiaempauta.com\/portal\/#\/schema\/person\/a74af43dd1ab3deca45f988c717d57ac","name":"Reda\u00e7\u00e3o","image":{"@type":"ImageObject","inLanguage":"pt-BR","@id":"https:\/\/noticiaempauta.com\/portal\/#\/schema\/person\/image\/","url":"https:\/\/secure.gravatar.com\/avatar\/03179346ecce6cdfc13361603e8f54242a90e5cde8618fa23c5c00aa2b0aadf3?s=96&d=mm&r=g","contentUrl":"https:\/\/secure.gravatar.com\/avatar\/03179346ecce6cdfc13361603e8f54242a90e5cde8618fa23c5c00aa2b0aadf3?s=96&d=mm&r=g","caption":"Reda\u00e7\u00e3o"},"sameAs":["https:\/\/noticiaempauta.com\/portal\/"],"url":"https:\/\/noticiaempauta.com\/portal\/author\/fernando\/"}]}},"_links":{"self":[{"href":"https:\/\/noticiaempauta.com\/portal\/wp-json\/wp\/v2\/posts\/259076","targetHints":{"allow":["GET"]}}],"collection":[{"href":"https:\/\/noticiaempauta.com\/portal\/wp-json\/wp\/v2\/posts"}],"about":[{"href":"https:\/\/noticiaempauta.com\/portal\/wp-json\/wp\/v2\/types\/post"}],"author":[{"embeddable":true,"href":"https:\/\/noticiaempauta.com\/portal\/wp-json\/wp\/v2\/users\/2"}],"replies":[{"embeddable":true,"href":"https:\/\/noticiaempauta.com\/portal\/wp-json\/wp\/v2\/comments?post=259076"}],"version-history":[{"count":2,"href":"https:\/\/noticiaempauta.com\/portal\/wp-json\/wp\/v2\/posts\/259076\/revisions"}],"predecessor-version":[{"id":259079,"href":"https:\/\/noticiaempauta.com\/portal\/wp-json\/wp\/v2\/posts\/259076\/revisions\/259079"}],"wp:featuredmedia":[{"embeddable":true,"href":"https:\/\/noticiaempauta.com\/portal\/wp-json\/wp\/v2\/media\/259077"}],"wp:attachment":[{"href":"https:\/\/noticiaempauta.com\/portal\/wp-json\/wp\/v2\/media?parent=259076"}],"wp:term":[{"taxonomy":"category","embeddable":true,"href":"https:\/\/noticiaempauta.com\/portal\/wp-json\/wp\/v2\/categories?post=259076"},{"taxonomy":"post_tag","embeddable":true,"href":"https:\/\/noticiaempauta.com\/portal\/wp-json\/wp\/v2\/tags?post=259076"}],"curies":[{"name":"wp","href":"https:\/\/api.w.org\/{rel}","templated":true}]}}