{"id":259085,"date":"2024-06-22T16:47:24","date_gmt":"2024-06-22T19:47:24","guid":{"rendered":"https:\/\/noticiaempauta.com\/portal\/?p=259085"},"modified":"2024-06-22T16:47:26","modified_gmt":"2024-06-22T19:47:26","slug":"pablo-santos-promove-reuniao-de-alinhamento-e-estrategias-com-pre-candidatos-a-vereador","status":"publish","type":"post","link":"https:\/\/noticiaempauta.com\/portal\/pablo-santos-promove-reuniao-de-alinhamento-e-estrategias-com-pre-candidatos-a-vereador\/","title":{"rendered":"Pablo Santos promove reuni\u00e3o de alinhamento e estrat\u00e9gias com pr\u00e9-candidatos a vereador"},"content":{"rendered":"\n<p>O deputado estadual e pr\u00e9-candidato a prefeito de Picos, Pablo Santos, promoveu na manh\u00e3 deste s\u00e1bado, 22 de junho, no audit\u00f3rio do Picos Hotel, uma reuni\u00e3o de alinhamento das estrat\u00e9gias pol\u00edticas com os pr\u00e9-candidatos a vereador que formam seu grupo pol\u00edtico.<\/p>\n\n\n\n<figure class=\"wp-block-image size-full\"><img fetchpriority=\"high\" decoding=\"async\" width=\"640\" height=\"427\" src=\"https:\/\/noticiaempauta.com\/portal\/wp-content\/uploads\/2024\/06\/IMG_2465.jpeg\" alt=\"\" class=\"wp-image-259087\" srcset=\"https:\/\/noticiaempauta.com\/portal\/wp-content\/uploads\/2024\/06\/IMG_2465.jpeg 640w, https:\/\/noticiaempauta.com\/portal\/wp-content\/uploads\/2024\/06\/IMG_2465-300x200.jpeg 300w\" sizes=\"(max-width: 640px) 100vw, 640px\" \/><\/figure>\n\n\n\n<p>Estiveram na reuni\u00e3o representantes dos partidos MDB (Movimento Democr\u00e1tico Brasileiro), PSD (Partido Social Democr\u00e1tico), do PSB (Partido Socialista Brasileiro) e da Federa\u00e7\u00e3o encabe\u00e7ada pelo PT (Partido dos Trabalhadores).<\/p>\n\n\n\n<figure class=\"wp-block-image size-full\"><img decoding=\"async\" width=\"640\" height=\"427\" src=\"https:\/\/noticiaempauta.com\/portal\/wp-content\/uploads\/2024\/06\/IMG_2462.jpeg\" alt=\"\" class=\"wp-image-259088\" srcset=\"https:\/\/noticiaempauta.com\/portal\/wp-content\/uploads\/2024\/06\/IMG_2462.jpeg 640w, https:\/\/noticiaempauta.com\/portal\/wp-content\/uploads\/2024\/06\/IMG_2462-300x200.jpeg 300w\" sizes=\"(max-width: 640px) 100vw, 640px\" \/><\/figure>\n\n\n\n<p>A reuni\u00e3o teve como objetivo informar os aliados e definir como a campanha para a Prefeitura de Picos vai se estruturar, al\u00e9m de datas de conven\u00e7\u00e3o, hor\u00e1rios, locais, todos os detalhes necess\u00e1rios para a realiza\u00e7\u00e3o da campanha pol\u00edtica, que ter\u00e1 in\u00edcio a partir do dia 16 de agosto.<\/p>\n\n\n\n<figure class=\"wp-block-image size-full\"><img decoding=\"async\" width=\"640\" height=\"427\" src=\"https:\/\/noticiaempauta.com\/portal\/wp-content\/uploads\/2024\/06\/IMG_2461.jpeg\" alt=\"\" class=\"wp-image-259089\" srcset=\"https:\/\/noticiaempauta.com\/portal\/wp-content\/uploads\/2024\/06\/IMG_2461.jpeg 640w, https:\/\/noticiaempauta.com\/portal\/wp-content\/uploads\/2024\/06\/IMG_2461-300x200.jpeg 300w\" sizes=\"(max-width: 640px) 100vw, 640px\" \/><\/figure>\n\n\n\n<p>As informa\u00e7\u00f5es jur\u00eddicas para este per\u00edodo de pr\u00e9-campanha e para a campanha eleitoral tamb\u00e9m foram discutidas por meio do advogado Tiago Sanders, como as proibi\u00e7\u00f5es, formaliza\u00e7\u00e3o de registros eleitorais, captura de imagens para a campanha, slogan, n\u00famero dos candidatos, documenta\u00e7\u00f5es, para que tudo seja organizado e feito no per\u00edodo pr\u00e9vio \u00e0 campanha.<\/p>\n\n\n\n<figure class=\"wp-block-image size-full\"><img loading=\"lazy\" decoding=\"async\" width=\"640\" height=\"427\" src=\"https:\/\/noticiaempauta.com\/portal\/wp-content\/uploads\/2024\/06\/IMG_2458.jpeg\" alt=\"\" class=\"wp-image-259086\" srcset=\"https:\/\/noticiaempauta.com\/portal\/wp-content\/uploads\/2024\/06\/IMG_2458.jpeg 640w, https:\/\/noticiaempauta.com\/portal\/wp-content\/uploads\/2024\/06\/IMG_2458-300x200.jpeg 300w\" sizes=\"(max-width: 640px) 100vw, 640px\" \/><\/figure>\n\n\n\n<p>O pr\u00e9-candidato a prefeito de Picos, deputado estadual Pablo Santos, esclareceu pontos importantes da reuni\u00e3o al\u00e9m de destacar a for\u00e7a de seu grupo pol\u00edtico. \u201cQuero primeiro agradecer o apoio deste grupo de amigos que est\u00e1 presente nesta reuni\u00e3o. Estamos hoje aqui alinhando algumas estrat\u00e9gias de campanha para fomentar nesse per\u00edodo eleitoral que est\u00e1 pr\u00f3ximo, ent\u00e3o este encontro est\u00e1 mais para definirmos as estrat\u00e9gias com alguns pr\u00e9-candidatos e escutar as suas opini\u00f5es. Nosso grupo \u00e9 muito coeso e muito unido e eu tenho certeza que vamos colher bons frutos nesse processo eleitoral\u201d, afirmou Dr. Pablo.<\/p>\n\n\n\n<figure class=\"wp-block-image size-full\"><img loading=\"lazy\" decoding=\"async\" width=\"640\" height=\"427\" src=\"https:\/\/noticiaempauta.com\/portal\/wp-content\/uploads\/2024\/06\/IMG_2460.jpeg\" alt=\"\" class=\"wp-image-259090\" srcset=\"https:\/\/noticiaempauta.com\/portal\/wp-content\/uploads\/2024\/06\/IMG_2460.jpeg 640w, https:\/\/noticiaempauta.com\/portal\/wp-content\/uploads\/2024\/06\/IMG_2460-300x200.jpeg 300w\" sizes=\"(max-width: 640px) 100vw, 640px\" \/><\/figure>\n\n\n\n<p>Presente na reuni\u00e3o o presidente da C\u00e2mara Municipal de Picos, vereador Eriberto Barros, ressaltou o evento como um momento importante de planejamento. <\/p>\n\n\n\n<figure class=\"wp-block-image size-full\"><img loading=\"lazy\" decoding=\"async\" width=\"640\" height=\"427\" src=\"https:\/\/noticiaempauta.com\/portal\/wp-content\/uploads\/2024\/06\/IMG_2463.jpeg\" alt=\"\" class=\"wp-image-259091\" srcset=\"https:\/\/noticiaempauta.com\/portal\/wp-content\/uploads\/2024\/06\/IMG_2463.jpeg 640w, https:\/\/noticiaempauta.com\/portal\/wp-content\/uploads\/2024\/06\/IMG_2463-300x200.jpeg 300w\" sizes=\"(max-width: 640px) 100vw, 640px\" \/><\/figure>\n\n\n\n<p><br>\u201c\u00c9 uma reuni\u00e3o onde estabelecemos metas e nos planejamos. Estamos aqui para poder dialogar e fazer uma campanha bem organizada. S\u00e3o v\u00e1rios pr\u00e9-candidatos que vieram aqui para organizar essa agenda, organizar as suas obriga\u00e7\u00f5es, deveres e saber as proibi\u00e7\u00f5es da pr\u00e9-campanha e da campanha, ent\u00e3o, \u00e9 muito importante esse alinhamento para que tudo possa sair bem esclarecido do que \u00e9 permitido fazer\u201d, disse o vereador.<\/p>\n\n\n\n<figure class=\"wp-block-image size-full\"><img loading=\"lazy\" decoding=\"async\" width=\"640\" height=\"427\" src=\"https:\/\/noticiaempauta.com\/portal\/wp-content\/uploads\/2024\/06\/IMG_2466.jpeg\" alt=\"\" class=\"wp-image-259092\" srcset=\"https:\/\/noticiaempauta.com\/portal\/wp-content\/uploads\/2024\/06\/IMG_2466.jpeg 640w, https:\/\/noticiaempauta.com\/portal\/wp-content\/uploads\/2024\/06\/IMG_2466-300x200.jpeg 300w\" sizes=\"(max-width: 640px) 100vw, 640px\" \/><\/figure>\n\n\n\n<p>Participaram\u00a0tamb\u00e9m do encontro, a atual vice-prefeita Xandu Neri; o secret\u00e1rio de estado de Turismo, Z\u00e9 Neto; os vereadores Chaguinha; Toinho de Chic\u00e1; Filomeno Portela; Dalva Moc\u00f3; Vald\u00edvia Santos; Rinaldinho; Jos\u00e9 Lu\u00eds,\u00a0Ant\u00f4nio Moura e Wellington Dantas; assessores jur\u00eddicos e cont\u00e1beis,\u00a0e lideran\u00e7as pol\u00edticas de todos os partidos que atualmente formam o grupo de oposi\u00e7\u00e3o em Picos.<\/p>\n\n\n\n<p>Fonte | Fotos: Folha Atual<\/p>\n","protected":false},"excerpt":{"rendered":"<p>O deputado estadual e pr\u00e9-candidato a prefeito de Picos, Pablo Santos, promoveu na manh\u00e3 deste s\u00e1bado, 22 de junho, no audit\u00f3rio do Picos Hotel, uma reuni\u00e3o de alinhamento das estrat\u00e9gias pol\u00edticas com os pr\u00e9-candidatos a vereador que formam seu grupo pol\u00edtico. Estiveram na reuni\u00e3o representantes dos partidos MDB (Movimento Democr\u00e1tico Brasileiro), PSD (Partido Social Democr\u00e1tico), [&hellip;]<\/p>\n","protected":false},"author":2,"featured_media":259086,"comment_status":"open","ping_status":"open","sticky":false,"template":"","format":"standard","meta":{"_mi_skip_tracking":false,"footnotes":""},"categories":[25,1,3,16],"tags":[192],"class_list":["post-259085","post","type-post","status-publish","format-standard","has-post-thumbnail","hentry","category-destaques-site","category-geral","category-politica","category-todas","tag-destaqueprincipal"],"acf":[],"yoast_head":"<!-- This site is optimized with the Yoast SEO Premium plugin v19.2 (Yoast SEO v26.9) - https:\/\/yoast.com\/product\/yoast-seo-premium-wordpress\/ -->\n<title>Pablo Santos promove reuni\u00e3o de alinhamento e estrat\u00e9gias com pr\u00e9-candidatos a vereador - Portal Not\u00edcia em Pauta<\/title>\n<meta name=\"robots\" content=\"index, follow, max-snippet:-1, max-image-preview:large, max-video-preview:-1\" \/>\n<link rel=\"canonical\" href=\"https:\/\/noticiaempauta.com\/portal\/pablo-santos-promove-reuniao-de-alinhamento-e-estrategias-com-pre-candidatos-a-vereador\/\" \/>\n<meta property=\"og:locale\" content=\"pt_BR\" \/>\n<meta property=\"og:type\" content=\"article\" \/>\n<meta property=\"og:title\" content=\"Pablo Santos promove reuni\u00e3o de alinhamento e estrat\u00e9gias com pr\u00e9-candidatos a vereador\" \/>\n<meta property=\"og:description\" content=\"O deputado estadual e pr\u00e9-candidato a prefeito de Picos, Pablo Santos, promoveu na manh\u00e3 deste s\u00e1bado, 22 de junho, no audit\u00f3rio do Picos Hotel, uma reuni\u00e3o de alinhamento das estrat\u00e9gias pol\u00edticas com os pr\u00e9-candidatos a vereador que formam seu grupo pol\u00edtico. Estiveram na reuni\u00e3o representantes dos partidos MDB (Movimento Democr\u00e1tico Brasileiro), PSD (Partido Social Democr\u00e1tico), [&hellip;]\" \/>\n<meta property=\"og:url\" content=\"https:\/\/noticiaempauta.com\/portal\/pablo-santos-promove-reuniao-de-alinhamento-e-estrategias-com-pre-candidatos-a-vereador\/\" \/>\n<meta property=\"og:site_name\" content=\"Portal Not\u00edcia em Pauta\" \/>\n<meta property=\"article:publisher\" content=\"https:\/\/www.facebook.com\/Portal-Notcia-Em-Pauta-102292869264820\/\" \/>\n<meta property=\"article:published_time\" content=\"2024-06-22T19:47:24+00:00\" \/>\n<meta property=\"article:modified_time\" content=\"2024-06-22T19:47:26+00:00\" \/>\n<meta property=\"og:image\" content=\"https:\/\/noticiaempauta.com\/portal\/wp-content\/uploads\/2024\/06\/IMG_2458.jpeg\" \/>\n\t<meta property=\"og:image:width\" content=\"640\" \/>\n\t<meta property=\"og:image:height\" content=\"427\" \/>\n\t<meta property=\"og:image:type\" content=\"image\/jpeg\" \/>\n<meta name=\"author\" content=\"Reda\u00e7\u00e3o\" \/>\n<meta name=\"twitter:card\" content=\"summary_large_image\" \/>\n<meta name=\"twitter:label1\" content=\"Escrito por\" \/>\n\t<meta name=\"twitter:data1\" content=\"Reda\u00e7\u00e3o\" \/>\n\t<meta name=\"twitter:label2\" content=\"Est. tempo de leitura\" \/>\n\t<meta name=\"twitter:data2\" content=\"4 minutos\" \/>\n<script type=\"application\/ld+json\" class=\"yoast-schema-graph\">{\"@context\":\"https:\/\/schema.org\",\"@graph\":[{\"@type\":\"Article\",\"@id\":\"https:\/\/noticiaempauta.com\/portal\/pablo-santos-promove-reuniao-de-alinhamento-e-estrategias-com-pre-candidatos-a-vereador\/#article\",\"isPartOf\":{\"@id\":\"https:\/\/noticiaempauta.com\/portal\/pablo-santos-promove-reuniao-de-alinhamento-e-estrategias-com-pre-candidatos-a-vereador\/\"},\"author\":{\"name\":\"Reda\u00e7\u00e3o\",\"@id\":\"https:\/\/noticiaempauta.com\/portal\/#\/schema\/person\/a74af43dd1ab3deca45f988c717d57ac\"},\"headline\":\"Pablo Santos promove reuni\u00e3o de alinhamento e estrat\u00e9gias com pr\u00e9-candidatos a vereador\",\"datePublished\":\"2024-06-22T19:47:24+00:00\",\"dateModified\":\"2024-06-22T19:47:26+00:00\",\"mainEntityOfPage\":{\"@id\":\"https:\/\/noticiaempauta.com\/portal\/pablo-santos-promove-reuniao-de-alinhamento-e-estrategias-com-pre-candidatos-a-vereador\/\"},\"wordCount\":484,\"commentCount\":0,\"publisher\":{\"@id\":\"https:\/\/noticiaempauta.com\/portal\/#organization\"},\"image\":{\"@id\":\"https:\/\/noticiaempauta.com\/portal\/pablo-santos-promove-reuniao-de-alinhamento-e-estrategias-com-pre-candidatos-a-vereador\/#primaryimage\"},\"thumbnailUrl\":\"https:\/\/noticiaempauta.com\/portal\/wp-content\/uploads\/2024\/06\/IMG_2458.jpeg\",\"keywords\":[\"destaqueprincipal\"],\"articleSection\":[\"Destaques\",\"Geral\",\"Pol\u00edtica\",\"Todas as Not\u00edcias\"],\"inLanguage\":\"pt-BR\",\"potentialAction\":[{\"@type\":\"CommentAction\",\"name\":\"Comment\",\"target\":[\"https:\/\/noticiaempauta.com\/portal\/pablo-santos-promove-reuniao-de-alinhamento-e-estrategias-com-pre-candidatos-a-vereador\/#respond\"]}]},{\"@type\":\"WebPage\",\"@id\":\"https:\/\/noticiaempauta.com\/portal\/pablo-santos-promove-reuniao-de-alinhamento-e-estrategias-com-pre-candidatos-a-vereador\/\",\"url\":\"https:\/\/noticiaempauta.com\/portal\/pablo-santos-promove-reuniao-de-alinhamento-e-estrategias-com-pre-candidatos-a-vereador\/\",\"name\":\"Pablo Santos promove reuni\u00e3o de alinhamento e estrat\u00e9gias com pr\u00e9-candidatos a vereador - Portal Not\u00edcia em Pauta\",\"isPartOf\":{\"@id\":\"https:\/\/noticiaempauta.com\/portal\/#website\"},\"primaryImageOfPage\":{\"@id\":\"https:\/\/noticiaempauta.com\/portal\/pablo-santos-promove-reuniao-de-alinhamento-e-estrategias-com-pre-candidatos-a-vereador\/#primaryimage\"},\"image\":{\"@id\":\"https:\/\/noticiaempauta.com\/portal\/pablo-santos-promove-reuniao-de-alinhamento-e-estrategias-com-pre-candidatos-a-vereador\/#primaryimage\"},\"thumbnailUrl\":\"https:\/\/noticiaempauta.com\/portal\/wp-content\/uploads\/2024\/06\/IMG_2458.jpeg\",\"datePublished\":\"2024-06-22T19:47:24+00:00\",\"dateModified\":\"2024-06-22T19:47:26+00:00\",\"breadcrumb\":{\"@id\":\"https:\/\/noticiaempauta.com\/portal\/pablo-santos-promove-reuniao-de-alinhamento-e-estrategias-com-pre-candidatos-a-vereador\/#breadcrumb\"},\"inLanguage\":\"pt-BR\",\"potentialAction\":[{\"@type\":\"ReadAction\",\"target\":[\"https:\/\/noticiaempauta.com\/portal\/pablo-santos-promove-reuniao-de-alinhamento-e-estrategias-com-pre-candidatos-a-vereador\/\"]}]},{\"@type\":\"ImageObject\",\"inLanguage\":\"pt-BR\",\"@id\":\"https:\/\/noticiaempauta.com\/portal\/pablo-santos-promove-reuniao-de-alinhamento-e-estrategias-com-pre-candidatos-a-vereador\/#primaryimage\",\"url\":\"https:\/\/noticiaempauta.com\/portal\/wp-content\/uploads\/2024\/06\/IMG_2458.jpeg\",\"contentUrl\":\"https:\/\/noticiaempauta.com\/portal\/wp-content\/uploads\/2024\/06\/IMG_2458.jpeg\",\"width\":640,\"height\":427,\"caption\":\"????????????????????????????????????\"},{\"@type\":\"BreadcrumbList\",\"@id\":\"https:\/\/noticiaempauta.com\/portal\/pablo-santos-promove-reuniao-de-alinhamento-e-estrategias-com-pre-candidatos-a-vereador\/#breadcrumb\",\"itemListElement\":[{\"@type\":\"ListItem\",\"position\":1,\"name\":\"P\u00e1gina Inicial\",\"item\":\"https:\/\/noticiaempauta.com\/portal\/\"},{\"@type\":\"ListItem\",\"position\":2,\"name\":\"Destaques\",\"item\":\"https:\/\/noticiaempauta.com\/portal\/destaques-site\/\"},{\"@type\":\"ListItem\",\"position\":3,\"name\":\"Pablo Santos promove reuni\u00e3o de alinhamento e estrat\u00e9gias com pr\u00e9-candidatos a vereador\"}]},{\"@type\":\"WebSite\",\"@id\":\"https:\/\/noticiaempauta.com\/portal\/#website\",\"url\":\"https:\/\/noticiaempauta.com\/portal\/\",\"name\":\"Portal Not\u00edcia em Pauta\",\"description\":\"Voc\u00ea bem informado\",\"publisher\":{\"@id\":\"https:\/\/noticiaempauta.com\/portal\/#organization\"},\"potentialAction\":[{\"@type\":\"SearchAction\",\"target\":{\"@type\":\"EntryPoint\",\"urlTemplate\":\"https:\/\/noticiaempauta.com\/portal\/?s={search_term_string}\"},\"query-input\":{\"@type\":\"PropertyValueSpecification\",\"valueRequired\":true,\"valueName\":\"search_term_string\"}}],\"inLanguage\":\"pt-BR\"},{\"@type\":\"Organization\",\"@id\":\"https:\/\/noticiaempauta.com\/portal\/#organization\",\"name\":\"Portal Not\u00edcia em Pauta\",\"url\":\"https:\/\/noticiaempauta.com\/portal\/\",\"logo\":{\"@type\":\"ImageObject\",\"inLanguage\":\"pt-BR\",\"@id\":\"https:\/\/noticiaempauta.com\/portal\/#\/schema\/logo\/image\/\",\"url\":\"https:\/\/noticiaempauta.com\/portal\/wp-content\/uploads\/2022\/08\/logomarca_tema.fw_.png\",\"contentUrl\":\"https:\/\/noticiaempauta.com\/portal\/wp-content\/uploads\/2022\/08\/logomarca_tema.fw_.png\",\"width\":400,\"height\":232,\"caption\":\"Portal Not\u00edcia em Pauta\"},\"image\":{\"@id\":\"https:\/\/noticiaempauta.com\/portal\/#\/schema\/logo\/image\/\"},\"sameAs\":[\"https:\/\/www.facebook.com\/Portal-Notcia-Em-Pauta-102292869264820\/\",\"https:\/\/www.instagram.com\/portalnoticiaempauta\/\"]},{\"@type\":\"Person\",\"@id\":\"https:\/\/noticiaempauta.com\/portal\/#\/schema\/person\/a74af43dd1ab3deca45f988c717d57ac\",\"name\":\"Reda\u00e7\u00e3o\",\"image\":{\"@type\":\"ImageObject\",\"inLanguage\":\"pt-BR\",\"@id\":\"https:\/\/noticiaempauta.com\/portal\/#\/schema\/person\/image\/\",\"url\":\"https:\/\/secure.gravatar.com\/avatar\/03179346ecce6cdfc13361603e8f54242a90e5cde8618fa23c5c00aa2b0aadf3?s=96&d=mm&r=g\",\"contentUrl\":\"https:\/\/secure.gravatar.com\/avatar\/03179346ecce6cdfc13361603e8f54242a90e5cde8618fa23c5c00aa2b0aadf3?s=96&d=mm&r=g\",\"caption\":\"Reda\u00e7\u00e3o\"},\"sameAs\":[\"https:\/\/noticiaempauta.com\/portal\/\"],\"url\":\"https:\/\/noticiaempauta.com\/portal\/author\/fernando\/\"}]}<\/script>\n<!-- \/ Yoast SEO Premium plugin. -->","yoast_head_json":{"title":"Pablo Santos promove reuni\u00e3o de alinhamento e estrat\u00e9gias com pr\u00e9-candidatos a vereador - Portal Not\u00edcia em Pauta","robots":{"index":"index","follow":"follow","max-snippet":"max-snippet:-1","max-image-preview":"max-image-preview:large","max-video-preview":"max-video-preview:-1"},"canonical":"https:\/\/noticiaempauta.com\/portal\/pablo-santos-promove-reuniao-de-alinhamento-e-estrategias-com-pre-candidatos-a-vereador\/","og_locale":"pt_BR","og_type":"article","og_title":"Pablo Santos promove reuni\u00e3o de alinhamento e estrat\u00e9gias com pr\u00e9-candidatos a vereador","og_description":"O deputado estadual e pr\u00e9-candidato a prefeito de Picos, Pablo Santos, promoveu na manh\u00e3 deste s\u00e1bado, 22 de junho, no audit\u00f3rio do Picos Hotel, uma reuni\u00e3o de alinhamento das estrat\u00e9gias pol\u00edticas com os pr\u00e9-candidatos a vereador que formam seu grupo pol\u00edtico. Estiveram na reuni\u00e3o representantes dos partidos MDB (Movimento Democr\u00e1tico Brasileiro), PSD (Partido Social Democr\u00e1tico), [&hellip;]","og_url":"https:\/\/noticiaempauta.com\/portal\/pablo-santos-promove-reuniao-de-alinhamento-e-estrategias-com-pre-candidatos-a-vereador\/","og_site_name":"Portal Not\u00edcia em Pauta","article_publisher":"https:\/\/www.facebook.com\/Portal-Notcia-Em-Pauta-102292869264820\/","article_published_time":"2024-06-22T19:47:24+00:00","article_modified_time":"2024-06-22T19:47:26+00:00","og_image":[{"width":640,"height":427,"url":"https:\/\/noticiaempauta.com\/portal\/wp-content\/uploads\/2024\/06\/IMG_2458.jpeg","type":"image\/jpeg"}],"author":"Reda\u00e7\u00e3o","twitter_card":"summary_large_image","twitter_misc":{"Escrito por":"Reda\u00e7\u00e3o","Est. tempo de leitura":"4 minutos"},"schema":{"@context":"https:\/\/schema.org","@graph":[{"@type":"Article","@id":"https:\/\/noticiaempauta.com\/portal\/pablo-santos-promove-reuniao-de-alinhamento-e-estrategias-com-pre-candidatos-a-vereador\/#article","isPartOf":{"@id":"https:\/\/noticiaempauta.com\/portal\/pablo-santos-promove-reuniao-de-alinhamento-e-estrategias-com-pre-candidatos-a-vereador\/"},"author":{"name":"Reda\u00e7\u00e3o","@id":"https:\/\/noticiaempauta.com\/portal\/#\/schema\/person\/a74af43dd1ab3deca45f988c717d57ac"},"headline":"Pablo Santos promove reuni\u00e3o de alinhamento e estrat\u00e9gias com pr\u00e9-candidatos a vereador","datePublished":"2024-06-22T19:47:24+00:00","dateModified":"2024-06-22T19:47:26+00:00","mainEntityOfPage":{"@id":"https:\/\/noticiaempauta.com\/portal\/pablo-santos-promove-reuniao-de-alinhamento-e-estrategias-com-pre-candidatos-a-vereador\/"},"wordCount":484,"commentCount":0,"publisher":{"@id":"https:\/\/noticiaempauta.com\/portal\/#organization"},"image":{"@id":"https:\/\/noticiaempauta.com\/portal\/pablo-santos-promove-reuniao-de-alinhamento-e-estrategias-com-pre-candidatos-a-vereador\/#primaryimage"},"thumbnailUrl":"https:\/\/noticiaempauta.com\/portal\/wp-content\/uploads\/2024\/06\/IMG_2458.jpeg","keywords":["destaqueprincipal"],"articleSection":["Destaques","Geral","Pol\u00edtica","Todas as Not\u00edcias"],"inLanguage":"pt-BR","potentialAction":[{"@type":"CommentAction","name":"Comment","target":["https:\/\/noticiaempauta.com\/portal\/pablo-santos-promove-reuniao-de-alinhamento-e-estrategias-com-pre-candidatos-a-vereador\/#respond"]}]},{"@type":"WebPage","@id":"https:\/\/noticiaempauta.com\/portal\/pablo-santos-promove-reuniao-de-alinhamento-e-estrategias-com-pre-candidatos-a-vereador\/","url":"https:\/\/noticiaempauta.com\/portal\/pablo-santos-promove-reuniao-de-alinhamento-e-estrategias-com-pre-candidatos-a-vereador\/","name":"Pablo Santos promove reuni\u00e3o de alinhamento e estrat\u00e9gias com pr\u00e9-candidatos a vereador - Portal Not\u00edcia em Pauta","isPartOf":{"@id":"https:\/\/noticiaempauta.com\/portal\/#website"},"primaryImageOfPage":{"@id":"https:\/\/noticiaempauta.com\/portal\/pablo-santos-promove-reuniao-de-alinhamento-e-estrategias-com-pre-candidatos-a-vereador\/#primaryimage"},"image":{"@id":"https:\/\/noticiaempauta.com\/portal\/pablo-santos-promove-reuniao-de-alinhamento-e-estrategias-com-pre-candidatos-a-vereador\/#primaryimage"},"thumbnailUrl":"https:\/\/noticiaempauta.com\/portal\/wp-content\/uploads\/2024\/06\/IMG_2458.jpeg","datePublished":"2024-06-22T19:47:24+00:00","dateModified":"2024-06-22T19:47:26+00:00","breadcrumb":{"@id":"https:\/\/noticiaempauta.com\/portal\/pablo-santos-promove-reuniao-de-alinhamento-e-estrategias-com-pre-candidatos-a-vereador\/#breadcrumb"},"inLanguage":"pt-BR","potentialAction":[{"@type":"ReadAction","target":["https:\/\/noticiaempauta.com\/portal\/pablo-santos-promove-reuniao-de-alinhamento-e-estrategias-com-pre-candidatos-a-vereador\/"]}]},{"@type":"ImageObject","inLanguage":"pt-BR","@id":"https:\/\/noticiaempauta.com\/portal\/pablo-santos-promove-reuniao-de-alinhamento-e-estrategias-com-pre-candidatos-a-vereador\/#primaryimage","url":"https:\/\/noticiaempauta.com\/portal\/wp-content\/uploads\/2024\/06\/IMG_2458.jpeg","contentUrl":"https:\/\/noticiaempauta.com\/portal\/wp-content\/uploads\/2024\/06\/IMG_2458.jpeg","width":640,"height":427,"caption":"????????????????????????????????????"},{"@type":"BreadcrumbList","@id":"https:\/\/noticiaempauta.com\/portal\/pablo-santos-promove-reuniao-de-alinhamento-e-estrategias-com-pre-candidatos-a-vereador\/#breadcrumb","itemListElement":[{"@type":"ListItem","position":1,"name":"P\u00e1gina Inicial","item":"https:\/\/noticiaempauta.com\/portal\/"},{"@type":"ListItem","position":2,"name":"Destaques","item":"https:\/\/noticiaempauta.com\/portal\/destaques-site\/"},{"@type":"ListItem","position":3,"name":"Pablo Santos promove reuni\u00e3o de alinhamento e estrat\u00e9gias com pr\u00e9-candidatos a vereador"}]},{"@type":"WebSite","@id":"https:\/\/noticiaempauta.com\/portal\/#website","url":"https:\/\/noticiaempauta.com\/portal\/","name":"Portal Not\u00edcia em Pauta","description":"Voc\u00ea bem informado","publisher":{"@id":"https:\/\/noticiaempauta.com\/portal\/#organization"},"potentialAction":[{"@type":"SearchAction","target":{"@type":"EntryPoint","urlTemplate":"https:\/\/noticiaempauta.com\/portal\/?s={search_term_string}"},"query-input":{"@type":"PropertyValueSpecification","valueRequired":true,"valueName":"search_term_string"}}],"inLanguage":"pt-BR"},{"@type":"Organization","@id":"https:\/\/noticiaempauta.com\/portal\/#organization","name":"Portal Not\u00edcia em Pauta","url":"https:\/\/noticiaempauta.com\/portal\/","logo":{"@type":"ImageObject","inLanguage":"pt-BR","@id":"https:\/\/noticiaempauta.com\/portal\/#\/schema\/logo\/image\/","url":"https:\/\/noticiaempauta.com\/portal\/wp-content\/uploads\/2022\/08\/logomarca_tema.fw_.png","contentUrl":"https:\/\/noticiaempauta.com\/portal\/wp-content\/uploads\/2022\/08\/logomarca_tema.fw_.png","width":400,"height":232,"caption":"Portal Not\u00edcia em Pauta"},"image":{"@id":"https:\/\/noticiaempauta.com\/portal\/#\/schema\/logo\/image\/"},"sameAs":["https:\/\/www.facebook.com\/Portal-Notcia-Em-Pauta-102292869264820\/","https:\/\/www.instagram.com\/portalnoticiaempauta\/"]},{"@type":"Person","@id":"https:\/\/noticiaempauta.com\/portal\/#\/schema\/person\/a74af43dd1ab3deca45f988c717d57ac","name":"Reda\u00e7\u00e3o","image":{"@type":"ImageObject","inLanguage":"pt-BR","@id":"https:\/\/noticiaempauta.com\/portal\/#\/schema\/person\/image\/","url":"https:\/\/secure.gravatar.com\/avatar\/03179346ecce6cdfc13361603e8f54242a90e5cde8618fa23c5c00aa2b0aadf3?s=96&d=mm&r=g","contentUrl":"https:\/\/secure.gravatar.com\/avatar\/03179346ecce6cdfc13361603e8f54242a90e5cde8618fa23c5c00aa2b0aadf3?s=96&d=mm&r=g","caption":"Reda\u00e7\u00e3o"},"sameAs":["https:\/\/noticiaempauta.com\/portal\/"],"url":"https:\/\/noticiaempauta.com\/portal\/author\/fernando\/"}]}},"_links":{"self":[{"href":"https:\/\/noticiaempauta.com\/portal\/wp-json\/wp\/v2\/posts\/259085","targetHints":{"allow":["GET"]}}],"collection":[{"href":"https:\/\/noticiaempauta.com\/portal\/wp-json\/wp\/v2\/posts"}],"about":[{"href":"https:\/\/noticiaempauta.com\/portal\/wp-json\/wp\/v2\/types\/post"}],"author":[{"embeddable":true,"href":"https:\/\/noticiaempauta.com\/portal\/wp-json\/wp\/v2\/users\/2"}],"replies":[{"embeddable":true,"href":"https:\/\/noticiaempauta.com\/portal\/wp-json\/wp\/v2\/comments?post=259085"}],"version-history":[{"count":2,"href":"https:\/\/noticiaempauta.com\/portal\/wp-json\/wp\/v2\/posts\/259085\/revisions"}],"predecessor-version":[{"id":259094,"href":"https:\/\/noticiaempauta.com\/portal\/wp-json\/wp\/v2\/posts\/259085\/revisions\/259094"}],"wp:featuredmedia":[{"embeddable":true,"href":"https:\/\/noticiaempauta.com\/portal\/wp-json\/wp\/v2\/media\/259086"}],"wp:attachment":[{"href":"https:\/\/noticiaempauta.com\/portal\/wp-json\/wp\/v2\/media?parent=259085"}],"wp:term":[{"taxonomy":"category","embeddable":true,"href":"https:\/\/noticiaempauta.com\/portal\/wp-json\/wp\/v2\/categories?post=259085"},{"taxonomy":"post_tag","embeddable":true,"href":"https:\/\/noticiaempauta.com\/portal\/wp-json\/wp\/v2\/tags?post=259085"}],"curies":[{"name":"wp","href":"https:\/\/api.w.org\/{rel}","templated":true}]}}