{"id":259104,"date":"2024-06-23T16:57:39","date_gmt":"2024-06-23T19:57:39","guid":{"rendered":"https:\/\/noticiaempauta.com\/portal\/?p=259104"},"modified":"2024-06-23T16:57:40","modified_gmt":"2024-06-23T19:57:40","slug":"deputado-francisco-costa-diz-estar-a-disposicao-para-ser-candidato-ao-senado-em-2026","status":"publish","type":"post","link":"https:\/\/noticiaempauta.com\/portal\/deputado-francisco-costa-diz-estar-a-disposicao-para-ser-candidato-ao-senado-em-2026\/","title":{"rendered":"Deputado Francisco Costa diz estar a disposi\u00e7\u00e3o para ser candidato ao Senado em 2026"},"content":{"rendered":"\n<p>O deputado federal Francisco Costa (PT) disse que est\u00e1 \u00e0 disposi\u00e7\u00e3o do Partido dos Trabalhadores se for o nome indicado para o Senado nas elei\u00e7\u00f5es de 2026.&nbsp;<\/p>\n\n\n\n<blockquote class=\"wp-block-quote is-layout-flow wp-block-quote-is-layout-flow\">\n<p>\u201cEu nunca fugi \u00e0s miss\u00f5es colocadas pelo meu partido. Fui chamado para ser prefeito, precisei renunciar mandato para ser secret\u00e1rio,fui convocado para deixar de ser estadual e disputar uma elei\u00e7\u00e3o de deputado federal. Ent\u00e3o, se o partido a mim confiar a outro desafio, n\u00e3o hesitarei de acertar qualquer que seja ele\u201d, disse.&nbsp;<\/p>\n<\/blockquote>\n\n\n\n<p>Francisco Costa tamb\u00e9m avaliou que \u00e9 leg\u00edtima a reivindica\u00e7\u00e3o do PT pela segunda vaga majorit\u00e1ria.<\/p>\n\n\n\n<figure class=\"wp-block-image size-full\"><img fetchpriority=\"high\" decoding=\"async\" width=\"790\" height=\"550\" src=\"https:\/\/noticiaempauta.com\/portal\/wp-content\/uploads\/2024\/06\/IMG_2494.jpeg\" alt=\"\" class=\"wp-image-259105\" srcset=\"https:\/\/noticiaempauta.com\/portal\/wp-content\/uploads\/2024\/06\/IMG_2494.jpeg 790w, https:\/\/noticiaempauta.com\/portal\/wp-content\/uploads\/2024\/06\/IMG_2494-300x209.jpeg 300w, https:\/\/noticiaempauta.com\/portal\/wp-content\/uploads\/2024\/06\/IMG_2494-768x535.jpeg 768w\" sizes=\"(max-width: 790px) 100vw, 790px\" \/><\/figure>\n\n\n\n<p>\u00a0<br><\/p>\n\n\n\n<p>\u201cEu entendo que \u00e9 um partido grande, \u00e9 um partido que tem tamb\u00e9m o direito de pleitear essa vaga do Senado. Sabemos que na pr\u00f3xima elei\u00e7\u00e3o de 2026 teremos a renova\u00e7\u00e3o de dois, do Senado Federal, o presidente Lula, toda a sua equipe est\u00e1 atenta. Sobre esse movimento, at\u00e9 mesmo para garantir ali a sua base no Senado\u201d, avaliou.&nbsp;<\/p>\n\n\n\n<p>Al\u00e9m de Francisco Costa, o nome do deputado federal Flavio Nogueira (PT) \u00e9 cotado na sigla.<\/p>\n\n\n\n<p>Fonte: Cidade Verde<\/p>\n","protected":false},"excerpt":{"rendered":"<p>O deputado federal Francisco Costa (PT) disse que est\u00e1 \u00e0 disposi\u00e7\u00e3o do Partido dos Trabalhadores se for o nome indicado para o Senado nas elei\u00e7\u00f5es de 2026.&nbsp; \u201cEu nunca fugi \u00e0s miss\u00f5es colocadas pelo meu partido. Fui chamado para ser prefeito, precisei renunciar mandato para ser secret\u00e1rio,fui convocado para deixar de ser estadual e disputar [&hellip;]<\/p>\n","protected":false},"author":2,"featured_media":259105,"comment_status":"open","ping_status":"open","sticky":false,"template":"","format":"standard","meta":{"_mi_skip_tracking":false,"footnotes":""},"categories":[25,1,3,16],"tags":[192],"class_list":["post-259104","post","type-post","status-publish","format-standard","has-post-thumbnail","hentry","category-destaques-site","category-geral","category-politica","category-todas","tag-destaqueprincipal"],"acf":[],"yoast_head":"<!-- This site is optimized with the Yoast SEO Premium plugin v19.2 (Yoast SEO v26.9) - https:\/\/yoast.com\/product\/yoast-seo-premium-wordpress\/ -->\n<title>Deputado Francisco Costa diz estar a disposi\u00e7\u00e3o para ser candidato ao Senado em 2026 - Portal Not\u00edcia em Pauta<\/title>\n<meta name=\"robots\" content=\"index, follow, max-snippet:-1, max-image-preview:large, max-video-preview:-1\" \/>\n<link rel=\"canonical\" href=\"https:\/\/noticiaempauta.com\/portal\/deputado-francisco-costa-diz-estar-a-disposicao-para-ser-candidato-ao-senado-em-2026\/\" \/>\n<meta property=\"og:locale\" content=\"pt_BR\" \/>\n<meta property=\"og:type\" content=\"article\" \/>\n<meta property=\"og:title\" content=\"Deputado Francisco Costa diz estar a disposi\u00e7\u00e3o para ser candidato ao Senado em 2026\" \/>\n<meta property=\"og:description\" content=\"O deputado federal Francisco Costa (PT) disse que est\u00e1 \u00e0 disposi\u00e7\u00e3o do Partido dos Trabalhadores se for o nome indicado para o Senado nas elei\u00e7\u00f5es de 2026.&nbsp; \u201cEu nunca fugi \u00e0s miss\u00f5es colocadas pelo meu partido. Fui chamado para ser prefeito, precisei renunciar mandato para ser secret\u00e1rio,fui convocado para deixar de ser estadual e disputar [&hellip;]\" \/>\n<meta property=\"og:url\" content=\"https:\/\/noticiaempauta.com\/portal\/deputado-francisco-costa-diz-estar-a-disposicao-para-ser-candidato-ao-senado-em-2026\/\" \/>\n<meta property=\"og:site_name\" content=\"Portal Not\u00edcia em Pauta\" \/>\n<meta property=\"article:publisher\" content=\"https:\/\/www.facebook.com\/Portal-Notcia-Em-Pauta-102292869264820\/\" \/>\n<meta property=\"article:published_time\" content=\"2024-06-23T19:57:39+00:00\" \/>\n<meta property=\"article:modified_time\" content=\"2024-06-23T19:57:40+00:00\" \/>\n<meta property=\"og:image\" content=\"https:\/\/noticiaempauta.com\/portal\/wp-content\/uploads\/2024\/06\/IMG_2494.jpeg\" \/>\n\t<meta property=\"og:image:width\" content=\"790\" \/>\n\t<meta property=\"og:image:height\" content=\"550\" \/>\n\t<meta property=\"og:image:type\" content=\"image\/jpeg\" \/>\n<meta name=\"author\" content=\"Reda\u00e7\u00e3o\" \/>\n<meta name=\"twitter:card\" content=\"summary_large_image\" \/>\n<meta name=\"twitter:label1\" content=\"Escrito por\" \/>\n\t<meta name=\"twitter:data1\" content=\"Reda\u00e7\u00e3o\" \/>\n\t<meta name=\"twitter:label2\" content=\"Est. tempo de leitura\" \/>\n\t<meta name=\"twitter:data2\" content=\"2 minutos\" \/>\n<script type=\"application\/ld+json\" class=\"yoast-schema-graph\">{\"@context\":\"https:\/\/schema.org\",\"@graph\":[{\"@type\":\"Article\",\"@id\":\"https:\/\/noticiaempauta.com\/portal\/deputado-francisco-costa-diz-estar-a-disposicao-para-ser-candidato-ao-senado-em-2026\/#article\",\"isPartOf\":{\"@id\":\"https:\/\/noticiaempauta.com\/portal\/deputado-francisco-costa-diz-estar-a-disposicao-para-ser-candidato-ao-senado-em-2026\/\"},\"author\":{\"name\":\"Reda\u00e7\u00e3o\",\"@id\":\"https:\/\/noticiaempauta.com\/portal\/#\/schema\/person\/a74af43dd1ab3deca45f988c717d57ac\"},\"headline\":\"Deputado Francisco Costa diz estar a disposi\u00e7\u00e3o para ser candidato ao Senado em 2026\",\"datePublished\":\"2024-06-23T19:57:39+00:00\",\"dateModified\":\"2024-06-23T19:57:40+00:00\",\"mainEntityOfPage\":{\"@id\":\"https:\/\/noticiaempauta.com\/portal\/deputado-francisco-costa-diz-estar-a-disposicao-para-ser-candidato-ao-senado-em-2026\/\"},\"wordCount\":199,\"commentCount\":0,\"publisher\":{\"@id\":\"https:\/\/noticiaempauta.com\/portal\/#organization\"},\"image\":{\"@id\":\"https:\/\/noticiaempauta.com\/portal\/deputado-francisco-costa-diz-estar-a-disposicao-para-ser-candidato-ao-senado-em-2026\/#primaryimage\"},\"thumbnailUrl\":\"https:\/\/noticiaempauta.com\/portal\/wp-content\/uploads\/2024\/06\/IMG_2494.jpeg\",\"keywords\":[\"destaqueprincipal\"],\"articleSection\":[\"Destaques\",\"Geral\",\"Pol\u00edtica\",\"Todas as Not\u00edcias\"],\"inLanguage\":\"pt-BR\",\"potentialAction\":[{\"@type\":\"CommentAction\",\"name\":\"Comment\",\"target\":[\"https:\/\/noticiaempauta.com\/portal\/deputado-francisco-costa-diz-estar-a-disposicao-para-ser-candidato-ao-senado-em-2026\/#respond\"]}]},{\"@type\":\"WebPage\",\"@id\":\"https:\/\/noticiaempauta.com\/portal\/deputado-francisco-costa-diz-estar-a-disposicao-para-ser-candidato-ao-senado-em-2026\/\",\"url\":\"https:\/\/noticiaempauta.com\/portal\/deputado-francisco-costa-diz-estar-a-disposicao-para-ser-candidato-ao-senado-em-2026\/\",\"name\":\"Deputado Francisco Costa diz estar a disposi\u00e7\u00e3o para ser candidato ao Senado em 2026 - Portal Not\u00edcia em Pauta\",\"isPartOf\":{\"@id\":\"https:\/\/noticiaempauta.com\/portal\/#website\"},\"primaryImageOfPage\":{\"@id\":\"https:\/\/noticiaempauta.com\/portal\/deputado-francisco-costa-diz-estar-a-disposicao-para-ser-candidato-ao-senado-em-2026\/#primaryimage\"},\"image\":{\"@id\":\"https:\/\/noticiaempauta.com\/portal\/deputado-francisco-costa-diz-estar-a-disposicao-para-ser-candidato-ao-senado-em-2026\/#primaryimage\"},\"thumbnailUrl\":\"https:\/\/noticiaempauta.com\/portal\/wp-content\/uploads\/2024\/06\/IMG_2494.jpeg\",\"datePublished\":\"2024-06-23T19:57:39+00:00\",\"dateModified\":\"2024-06-23T19:57:40+00:00\",\"breadcrumb\":{\"@id\":\"https:\/\/noticiaempauta.com\/portal\/deputado-francisco-costa-diz-estar-a-disposicao-para-ser-candidato-ao-senado-em-2026\/#breadcrumb\"},\"inLanguage\":\"pt-BR\",\"potentialAction\":[{\"@type\":\"ReadAction\",\"target\":[\"https:\/\/noticiaempauta.com\/portal\/deputado-francisco-costa-diz-estar-a-disposicao-para-ser-candidato-ao-senado-em-2026\/\"]}]},{\"@type\":\"ImageObject\",\"inLanguage\":\"pt-BR\",\"@id\":\"https:\/\/noticiaempauta.com\/portal\/deputado-francisco-costa-diz-estar-a-disposicao-para-ser-candidato-ao-senado-em-2026\/#primaryimage\",\"url\":\"https:\/\/noticiaempauta.com\/portal\/wp-content\/uploads\/2024\/06\/IMG_2494.jpeg\",\"contentUrl\":\"https:\/\/noticiaempauta.com\/portal\/wp-content\/uploads\/2024\/06\/IMG_2494.jpeg\",\"width\":790,\"height\":550},{\"@type\":\"BreadcrumbList\",\"@id\":\"https:\/\/noticiaempauta.com\/portal\/deputado-francisco-costa-diz-estar-a-disposicao-para-ser-candidato-ao-senado-em-2026\/#breadcrumb\",\"itemListElement\":[{\"@type\":\"ListItem\",\"position\":1,\"name\":\"P\u00e1gina Inicial\",\"item\":\"https:\/\/noticiaempauta.com\/portal\/\"},{\"@type\":\"ListItem\",\"position\":2,\"name\":\"Destaques\",\"item\":\"https:\/\/noticiaempauta.com\/portal\/destaques-site\/\"},{\"@type\":\"ListItem\",\"position\":3,\"name\":\"Deputado Francisco Costa diz estar a disposi\u00e7\u00e3o para ser candidato ao Senado em 2026\"}]},{\"@type\":\"WebSite\",\"@id\":\"https:\/\/noticiaempauta.com\/portal\/#website\",\"url\":\"https:\/\/noticiaempauta.com\/portal\/\",\"name\":\"Portal Not\u00edcia em Pauta\",\"description\":\"Voc\u00ea bem informado\",\"publisher\":{\"@id\":\"https:\/\/noticiaempauta.com\/portal\/#organization\"},\"potentialAction\":[{\"@type\":\"SearchAction\",\"target\":{\"@type\":\"EntryPoint\",\"urlTemplate\":\"https:\/\/noticiaempauta.com\/portal\/?s={search_term_string}\"},\"query-input\":{\"@type\":\"PropertyValueSpecification\",\"valueRequired\":true,\"valueName\":\"search_term_string\"}}],\"inLanguage\":\"pt-BR\"},{\"@type\":\"Organization\",\"@id\":\"https:\/\/noticiaempauta.com\/portal\/#organization\",\"name\":\"Portal Not\u00edcia em Pauta\",\"url\":\"https:\/\/noticiaempauta.com\/portal\/\",\"logo\":{\"@type\":\"ImageObject\",\"inLanguage\":\"pt-BR\",\"@id\":\"https:\/\/noticiaempauta.com\/portal\/#\/schema\/logo\/image\/\",\"url\":\"https:\/\/noticiaempauta.com\/portal\/wp-content\/uploads\/2022\/08\/logomarca_tema.fw_.png\",\"contentUrl\":\"https:\/\/noticiaempauta.com\/portal\/wp-content\/uploads\/2022\/08\/logomarca_tema.fw_.png\",\"width\":400,\"height\":232,\"caption\":\"Portal Not\u00edcia em Pauta\"},\"image\":{\"@id\":\"https:\/\/noticiaempauta.com\/portal\/#\/schema\/logo\/image\/\"},\"sameAs\":[\"https:\/\/www.facebook.com\/Portal-Notcia-Em-Pauta-102292869264820\/\",\"https:\/\/www.instagram.com\/portalnoticiaempauta\/\"]},{\"@type\":\"Person\",\"@id\":\"https:\/\/noticiaempauta.com\/portal\/#\/schema\/person\/a74af43dd1ab3deca45f988c717d57ac\",\"name\":\"Reda\u00e7\u00e3o\",\"image\":{\"@type\":\"ImageObject\",\"inLanguage\":\"pt-BR\",\"@id\":\"https:\/\/noticiaempauta.com\/portal\/#\/schema\/person\/image\/\",\"url\":\"https:\/\/secure.gravatar.com\/avatar\/03179346ecce6cdfc13361603e8f54242a90e5cde8618fa23c5c00aa2b0aadf3?s=96&d=mm&r=g\",\"contentUrl\":\"https:\/\/secure.gravatar.com\/avatar\/03179346ecce6cdfc13361603e8f54242a90e5cde8618fa23c5c00aa2b0aadf3?s=96&d=mm&r=g\",\"caption\":\"Reda\u00e7\u00e3o\"},\"sameAs\":[\"https:\/\/noticiaempauta.com\/portal\/\"],\"url\":\"https:\/\/noticiaempauta.com\/portal\/author\/fernando\/\"}]}<\/script>\n<!-- \/ Yoast SEO Premium plugin. -->","yoast_head_json":{"title":"Deputado Francisco Costa diz estar a disposi\u00e7\u00e3o para ser candidato ao Senado em 2026 - Portal Not\u00edcia em Pauta","robots":{"index":"index","follow":"follow","max-snippet":"max-snippet:-1","max-image-preview":"max-image-preview:large","max-video-preview":"max-video-preview:-1"},"canonical":"https:\/\/noticiaempauta.com\/portal\/deputado-francisco-costa-diz-estar-a-disposicao-para-ser-candidato-ao-senado-em-2026\/","og_locale":"pt_BR","og_type":"article","og_title":"Deputado Francisco Costa diz estar a disposi\u00e7\u00e3o para ser candidato ao Senado em 2026","og_description":"O deputado federal Francisco Costa (PT) disse que est\u00e1 \u00e0 disposi\u00e7\u00e3o do Partido dos Trabalhadores se for o nome indicado para o Senado nas elei\u00e7\u00f5es de 2026.&nbsp; \u201cEu nunca fugi \u00e0s miss\u00f5es colocadas pelo meu partido. Fui chamado para ser prefeito, precisei renunciar mandato para ser secret\u00e1rio,fui convocado para deixar de ser estadual e disputar [&hellip;]","og_url":"https:\/\/noticiaempauta.com\/portal\/deputado-francisco-costa-diz-estar-a-disposicao-para-ser-candidato-ao-senado-em-2026\/","og_site_name":"Portal Not\u00edcia em Pauta","article_publisher":"https:\/\/www.facebook.com\/Portal-Notcia-Em-Pauta-102292869264820\/","article_published_time":"2024-06-23T19:57:39+00:00","article_modified_time":"2024-06-23T19:57:40+00:00","og_image":[{"width":790,"height":550,"url":"https:\/\/noticiaempauta.com\/portal\/wp-content\/uploads\/2024\/06\/IMG_2494.jpeg","type":"image\/jpeg"}],"author":"Reda\u00e7\u00e3o","twitter_card":"summary_large_image","twitter_misc":{"Escrito por":"Reda\u00e7\u00e3o","Est. tempo de leitura":"2 minutos"},"schema":{"@context":"https:\/\/schema.org","@graph":[{"@type":"Article","@id":"https:\/\/noticiaempauta.com\/portal\/deputado-francisco-costa-diz-estar-a-disposicao-para-ser-candidato-ao-senado-em-2026\/#article","isPartOf":{"@id":"https:\/\/noticiaempauta.com\/portal\/deputado-francisco-costa-diz-estar-a-disposicao-para-ser-candidato-ao-senado-em-2026\/"},"author":{"name":"Reda\u00e7\u00e3o","@id":"https:\/\/noticiaempauta.com\/portal\/#\/schema\/person\/a74af43dd1ab3deca45f988c717d57ac"},"headline":"Deputado Francisco Costa diz estar a disposi\u00e7\u00e3o para ser candidato ao Senado em 2026","datePublished":"2024-06-23T19:57:39+00:00","dateModified":"2024-06-23T19:57:40+00:00","mainEntityOfPage":{"@id":"https:\/\/noticiaempauta.com\/portal\/deputado-francisco-costa-diz-estar-a-disposicao-para-ser-candidato-ao-senado-em-2026\/"},"wordCount":199,"commentCount":0,"publisher":{"@id":"https:\/\/noticiaempauta.com\/portal\/#organization"},"image":{"@id":"https:\/\/noticiaempauta.com\/portal\/deputado-francisco-costa-diz-estar-a-disposicao-para-ser-candidato-ao-senado-em-2026\/#primaryimage"},"thumbnailUrl":"https:\/\/noticiaempauta.com\/portal\/wp-content\/uploads\/2024\/06\/IMG_2494.jpeg","keywords":["destaqueprincipal"],"articleSection":["Destaques","Geral","Pol\u00edtica","Todas as Not\u00edcias"],"inLanguage":"pt-BR","potentialAction":[{"@type":"CommentAction","name":"Comment","target":["https:\/\/noticiaempauta.com\/portal\/deputado-francisco-costa-diz-estar-a-disposicao-para-ser-candidato-ao-senado-em-2026\/#respond"]}]},{"@type":"WebPage","@id":"https:\/\/noticiaempauta.com\/portal\/deputado-francisco-costa-diz-estar-a-disposicao-para-ser-candidato-ao-senado-em-2026\/","url":"https:\/\/noticiaempauta.com\/portal\/deputado-francisco-costa-diz-estar-a-disposicao-para-ser-candidato-ao-senado-em-2026\/","name":"Deputado Francisco Costa diz estar a disposi\u00e7\u00e3o para ser candidato ao Senado em 2026 - Portal Not\u00edcia em Pauta","isPartOf":{"@id":"https:\/\/noticiaempauta.com\/portal\/#website"},"primaryImageOfPage":{"@id":"https:\/\/noticiaempauta.com\/portal\/deputado-francisco-costa-diz-estar-a-disposicao-para-ser-candidato-ao-senado-em-2026\/#primaryimage"},"image":{"@id":"https:\/\/noticiaempauta.com\/portal\/deputado-francisco-costa-diz-estar-a-disposicao-para-ser-candidato-ao-senado-em-2026\/#primaryimage"},"thumbnailUrl":"https:\/\/noticiaempauta.com\/portal\/wp-content\/uploads\/2024\/06\/IMG_2494.jpeg","datePublished":"2024-06-23T19:57:39+00:00","dateModified":"2024-06-23T19:57:40+00:00","breadcrumb":{"@id":"https:\/\/noticiaempauta.com\/portal\/deputado-francisco-costa-diz-estar-a-disposicao-para-ser-candidato-ao-senado-em-2026\/#breadcrumb"},"inLanguage":"pt-BR","potentialAction":[{"@type":"ReadAction","target":["https:\/\/noticiaempauta.com\/portal\/deputado-francisco-costa-diz-estar-a-disposicao-para-ser-candidato-ao-senado-em-2026\/"]}]},{"@type":"ImageObject","inLanguage":"pt-BR","@id":"https:\/\/noticiaempauta.com\/portal\/deputado-francisco-costa-diz-estar-a-disposicao-para-ser-candidato-ao-senado-em-2026\/#primaryimage","url":"https:\/\/noticiaempauta.com\/portal\/wp-content\/uploads\/2024\/06\/IMG_2494.jpeg","contentUrl":"https:\/\/noticiaempauta.com\/portal\/wp-content\/uploads\/2024\/06\/IMG_2494.jpeg","width":790,"height":550},{"@type":"BreadcrumbList","@id":"https:\/\/noticiaempauta.com\/portal\/deputado-francisco-costa-diz-estar-a-disposicao-para-ser-candidato-ao-senado-em-2026\/#breadcrumb","itemListElement":[{"@type":"ListItem","position":1,"name":"P\u00e1gina Inicial","item":"https:\/\/noticiaempauta.com\/portal\/"},{"@type":"ListItem","position":2,"name":"Destaques","item":"https:\/\/noticiaempauta.com\/portal\/destaques-site\/"},{"@type":"ListItem","position":3,"name":"Deputado Francisco Costa diz estar a disposi\u00e7\u00e3o para ser candidato ao Senado em 2026"}]},{"@type":"WebSite","@id":"https:\/\/noticiaempauta.com\/portal\/#website","url":"https:\/\/noticiaempauta.com\/portal\/","name":"Portal Not\u00edcia em Pauta","description":"Voc\u00ea bem informado","publisher":{"@id":"https:\/\/noticiaempauta.com\/portal\/#organization"},"potentialAction":[{"@type":"SearchAction","target":{"@type":"EntryPoint","urlTemplate":"https:\/\/noticiaempauta.com\/portal\/?s={search_term_string}"},"query-input":{"@type":"PropertyValueSpecification","valueRequired":true,"valueName":"search_term_string"}}],"inLanguage":"pt-BR"},{"@type":"Organization","@id":"https:\/\/noticiaempauta.com\/portal\/#organization","name":"Portal Not\u00edcia em Pauta","url":"https:\/\/noticiaempauta.com\/portal\/","logo":{"@type":"ImageObject","inLanguage":"pt-BR","@id":"https:\/\/noticiaempauta.com\/portal\/#\/schema\/logo\/image\/","url":"https:\/\/noticiaempauta.com\/portal\/wp-content\/uploads\/2022\/08\/logomarca_tema.fw_.png","contentUrl":"https:\/\/noticiaempauta.com\/portal\/wp-content\/uploads\/2022\/08\/logomarca_tema.fw_.png","width":400,"height":232,"caption":"Portal Not\u00edcia em Pauta"},"image":{"@id":"https:\/\/noticiaempauta.com\/portal\/#\/schema\/logo\/image\/"},"sameAs":["https:\/\/www.facebook.com\/Portal-Notcia-Em-Pauta-102292869264820\/","https:\/\/www.instagram.com\/portalnoticiaempauta\/"]},{"@type":"Person","@id":"https:\/\/noticiaempauta.com\/portal\/#\/schema\/person\/a74af43dd1ab3deca45f988c717d57ac","name":"Reda\u00e7\u00e3o","image":{"@type":"ImageObject","inLanguage":"pt-BR","@id":"https:\/\/noticiaempauta.com\/portal\/#\/schema\/person\/image\/","url":"https:\/\/secure.gravatar.com\/avatar\/03179346ecce6cdfc13361603e8f54242a90e5cde8618fa23c5c00aa2b0aadf3?s=96&d=mm&r=g","contentUrl":"https:\/\/secure.gravatar.com\/avatar\/03179346ecce6cdfc13361603e8f54242a90e5cde8618fa23c5c00aa2b0aadf3?s=96&d=mm&r=g","caption":"Reda\u00e7\u00e3o"},"sameAs":["https:\/\/noticiaempauta.com\/portal\/"],"url":"https:\/\/noticiaempauta.com\/portal\/author\/fernando\/"}]}},"_links":{"self":[{"href":"https:\/\/noticiaempauta.com\/portal\/wp-json\/wp\/v2\/posts\/259104","targetHints":{"allow":["GET"]}}],"collection":[{"href":"https:\/\/noticiaempauta.com\/portal\/wp-json\/wp\/v2\/posts"}],"about":[{"href":"https:\/\/noticiaempauta.com\/portal\/wp-json\/wp\/v2\/types\/post"}],"author":[{"embeddable":true,"href":"https:\/\/noticiaempauta.com\/portal\/wp-json\/wp\/v2\/users\/2"}],"replies":[{"embeddable":true,"href":"https:\/\/noticiaempauta.com\/portal\/wp-json\/wp\/v2\/comments?post=259104"}],"version-history":[{"count":2,"href":"https:\/\/noticiaempauta.com\/portal\/wp-json\/wp\/v2\/posts\/259104\/revisions"}],"predecessor-version":[{"id":259107,"href":"https:\/\/noticiaempauta.com\/portal\/wp-json\/wp\/v2\/posts\/259104\/revisions\/259107"}],"wp:featuredmedia":[{"embeddable":true,"href":"https:\/\/noticiaempauta.com\/portal\/wp-json\/wp\/v2\/media\/259105"}],"wp:attachment":[{"href":"https:\/\/noticiaempauta.com\/portal\/wp-json\/wp\/v2\/media?parent=259104"}],"wp:term":[{"taxonomy":"category","embeddable":true,"href":"https:\/\/noticiaempauta.com\/portal\/wp-json\/wp\/v2\/categories?post=259104"},{"taxonomy":"post_tag","embeddable":true,"href":"https:\/\/noticiaempauta.com\/portal\/wp-json\/wp\/v2\/tags?post=259104"}],"curies":[{"name":"wp","href":"https:\/\/api.w.org\/{rel}","templated":true}]}}