{"id":259122,"date":"2024-06-24T09:15:33","date_gmt":"2024-06-24T12:15:33","guid":{"rendered":"https:\/\/noticiaempauta.com\/portal\/?p=259122"},"modified":"2024-06-24T11:42:53","modified_gmt":"2024-06-24T14:42:53","slug":"governo-do-piaui-promove-riquezas-culturais-e-turisticas-na-mostra-piaui-sampa-2024","status":"publish","type":"post","link":"https:\/\/noticiaempauta.com\/portal\/governo-do-piaui-promove-riquezas-culturais-e-turisticas-na-mostra-piaui-sampa-2024\/","title":{"rendered":"Governo do Piau\u00ed promove riquezas culturais e tur\u00edsticas na Mostra Piau\u00ed Sampa 2024"},"content":{"rendered":"\n<p>O Piau\u00ed e toda a sua potencialidade ser\u00e3o destaques na Mostra Piau\u00ed Sampa, que acontece de 25 a 29 de junho no Shopping Vila Ol\u00edmpia, na cidade de S\u00e3o Paulo. O Governo do Estado, que atua como co-realizador da edi\u00e7\u00e3o deste ano, vai promover as riquezas culturais e hist\u00f3ricas, o turismo e a economia, impulsionando, assim, diversos empreendimentos.<\/p>\n\n\n\n<p>Com o setor tur\u00edstico sendo uma das grandes estrelas da edi\u00e7\u00e3o, a Secretaria do Turismo do Piau\u00ed (Setur) estar\u00e1 presente, disponibilizando um espa\u00e7o para atendimento ao p\u00fablico. No local, a equipe do \u00f3rg\u00e3o estar\u00e1 oferecendo servi\u00e7os informativos, al\u00e9m da promo\u00e7\u00e3o do que h\u00e1 de melhor no estado: seus diversos e surpreendentes destinos.<\/p>\n\n\n\n<figure class=\"wp-block-image size-full\"><img fetchpriority=\"high\" decoding=\"async\" width=\"855\" height=\"480\" src=\"https:\/\/noticiaempauta.com\/portal\/wp-content\/uploads\/2024\/02\/setur-convoca-municipios-para-atualizacao-cadastral-do-mapa-do-turismo-brasileiro-0ba64e0c-739a-4237-adb5-0f4b7dd98919.webp\" alt=\"\" class=\"wp-image-255094\" srcset=\"https:\/\/noticiaempauta.com\/portal\/wp-content\/uploads\/2024\/02\/setur-convoca-municipios-para-atualizacao-cadastral-do-mapa-do-turismo-brasileiro-0ba64e0c-739a-4237-adb5-0f4b7dd98919.webp 855w, https:\/\/noticiaempauta.com\/portal\/wp-content\/uploads\/2024\/02\/setur-convoca-municipios-para-atualizacao-cadastral-do-mapa-do-turismo-brasileiro-0ba64e0c-739a-4237-adb5-0f4b7dd98919-300x168.webp 300w, https:\/\/noticiaempauta.com\/portal\/wp-content\/uploads\/2024\/02\/setur-convoca-municipios-para-atualizacao-cadastral-do-mapa-do-turismo-brasileiro-0ba64e0c-739a-4237-adb5-0f4b7dd98919-768x431.webp 768w\" sizes=\"(max-width: 855px) 100vw, 855px\" \/><\/figure>\n\n\n\n<p>Para o secret\u00e1rio do Turismo do Piau\u00ed, Jos\u00e9 Neto Monteiro, a mostra \u00e9 uma importante plataforma para que mais pessoas possam descobrir atra\u00e7\u00f5es, experimentar a gastronomia e conhecer a hospitalidade do povo piauiense. Ademais, o gestor acredita que essa seja, tamb\u00e9m, uma oportunidade para criar parcerias estrat\u00e9gicas e atrair investimentos que potencializam o crescimento cont\u00ednuo do setor.<\/p>\n\n\n\n<p>\u201c\u00c9 com grande entusiasmo que celebramos a realiza\u00e7\u00e3o do Piau\u00ed Sampa, que n\u00e3o s\u00f3 destaca as belezas e riquezas culturais do nosso estado, mas tamb\u00e9m fortalece os nossos empreendedores e fomenta o desenvolvimento sustent\u00e1vel. O turismo \u00e9 um setor crucial, que gera empregos, impulsiona a economia e promove a preserva\u00e7\u00e3o do nosso patrim\u00f4nio hist\u00f3rico e natural\u201d, enfatiza Monteiro.<\/p>\n\n\n\n<p><strong>Programa\u00e7\u00e3o<\/strong><\/p>\n\n\n\n<p>Como parte das atividades do Piau\u00ed Sampa, vai acontecer um semin\u00e1rio em parceria com a Associa\u00e7\u00e3o Brasileira das Operadoras de Turismo (Braztoa) e a Associa\u00e7\u00e3o Brasileira de Ag\u00eancias de Viagens (Abav), e operadores do setor piauiense visitar\u00e3o as operadoras da capital paulista.<\/p>\n\n\n\n<p>Al\u00e9m disso, mais de 30 pequenos neg\u00f3cios do Piau\u00ed v\u00e3o participar do evento, distribu\u00eddos em tr\u00eas principais categorias: alimentos e bebidas; artesanato; e gemas e j\u00f3ias. Haver\u00e1, ainda, rodadas de neg\u00f3cios, exposi\u00e7\u00f5es, oficinas vivas, apresenta\u00e7\u00f5es culturais e talk shows com especialistas sobre diversas tem\u00e1ticas, como inova\u00e7\u00e3o, turismo, empreendedorismo, neg\u00f3cios, economia criativa, culin\u00e1ria regional e artesanato.<\/p>\n\n\n\n<figure class=\"wp-block-image size-full\"><img decoding=\"async\" width=\"800\" height=\"1000\" src=\"https:\/\/noticiaempauta.com\/portal\/wp-content\/uploads\/2024\/06\/large_Imagem_do_Whats_App_de_2024_06_22_a_s_13_06_07_00da73b2_5fac796b29.jpg\" alt=\"\" class=\"wp-image-259124\" srcset=\"https:\/\/noticiaempauta.com\/portal\/wp-content\/uploads\/2024\/06\/large_Imagem_do_Whats_App_de_2024_06_22_a_s_13_06_07_00da73b2_5fac796b29.jpg 800w, https:\/\/noticiaempauta.com\/portal\/wp-content\/uploads\/2024\/06\/large_Imagem_do_Whats_App_de_2024_06_22_a_s_13_06_07_00da73b2_5fac796b29-240x300.jpg 240w, https:\/\/noticiaempauta.com\/portal\/wp-content\/uploads\/2024\/06\/large_Imagem_do_Whats_App_de_2024_06_22_a_s_13_06_07_00da73b2_5fac796b29-768x960.jpg 768w\" sizes=\"(max-width: 800px) 100vw, 800px\" \/><\/figure>\n\n\n\n<p>A Mostra Piau\u00ed Sampa 2024 \u00e9 uma realiza\u00e7\u00e3o do Sebrae no Piau\u00ed, tendo como co-realizador o Governo do Estado do Piau\u00ed, e apoio da Prefeitura de Teresina. O evento conta ainda com a parceria da Faepi\/Senar, Fiepi&nbsp;e&nbsp;Fecom\u00e9rcio.<\/p>\n","protected":false},"excerpt":{"rendered":"<p>O Piau\u00ed e toda a sua potencialidade ser\u00e3o destaques na Mostra Piau\u00ed Sampa, que acontece de 25 a 29 de junho no Shopping Vila Ol\u00edmpia, na cidade de S\u00e3o Paulo. O Governo do Estado, que atua como co-realizador da edi\u00e7\u00e3o deste ano, vai promover as riquezas culturais e hist\u00f3ricas, o turismo e a economia, impulsionando, [&hellip;]<\/p>\n","protected":false},"author":2,"featured_media":259123,"comment_status":"open","ping_status":"open","sticky":false,"template":"","format":"standard","meta":{"_mi_skip_tracking":false,"footnotes":""},"categories":[167,25,1,16],"tags":[192],"class_list":["post-259122","post","type-post","status-publish","format-standard","has-post-thumbnail","hentry","category-cultura","category-destaques-site","category-geral","category-todas","tag-destaqueprincipal"],"acf":[],"yoast_head":"<!-- This site is optimized with the Yoast SEO Premium plugin v19.2 (Yoast SEO v26.9) - https:\/\/yoast.com\/product\/yoast-seo-premium-wordpress\/ -->\n<title>Governo do Piau\u00ed promove riquezas culturais e tur\u00edsticas na Mostra Piau\u00ed Sampa 2024 - Portal Not\u00edcia em Pauta<\/title>\n<meta name=\"robots\" content=\"index, follow, max-snippet:-1, max-image-preview:large, max-video-preview:-1\" \/>\n<link rel=\"canonical\" href=\"https:\/\/noticiaempauta.com\/portal\/governo-do-piaui-promove-riquezas-culturais-e-turisticas-na-mostra-piaui-sampa-2024\/\" \/>\n<meta property=\"og:locale\" content=\"pt_BR\" \/>\n<meta property=\"og:type\" content=\"article\" \/>\n<meta property=\"og:title\" content=\"Governo do Piau\u00ed promove riquezas culturais e tur\u00edsticas na Mostra Piau\u00ed Sampa 2024\" \/>\n<meta property=\"og:description\" content=\"O Piau\u00ed e toda a sua potencialidade ser\u00e3o destaques na Mostra Piau\u00ed Sampa, que acontece de 25 a 29 de junho no Shopping Vila Ol\u00edmpia, na cidade de S\u00e3o Paulo. O Governo do Estado, que atua como co-realizador da edi\u00e7\u00e3o deste ano, vai promover as riquezas culturais e hist\u00f3ricas, o turismo e a economia, impulsionando, [&hellip;]\" \/>\n<meta property=\"og:url\" content=\"https:\/\/noticiaempauta.com\/portal\/governo-do-piaui-promove-riquezas-culturais-e-turisticas-na-mostra-piaui-sampa-2024\/\" \/>\n<meta property=\"og:site_name\" content=\"Portal Not\u00edcia em Pauta\" \/>\n<meta property=\"article:publisher\" content=\"https:\/\/www.facebook.com\/Portal-Notcia-Em-Pauta-102292869264820\/\" \/>\n<meta property=\"article:published_time\" content=\"2024-06-24T12:15:33+00:00\" \/>\n<meta property=\"article:modified_time\" content=\"2024-06-24T14:42:53+00:00\" \/>\n<meta property=\"og:image\" content=\"https:\/\/noticiaempauta.com\/portal\/wp-content\/uploads\/2024\/06\/Imagem_do_Whats_App_de_2024_06_22_a_s_13_06_34_ed3c1301_3b08554a6c.webp\" \/>\n\t<meta property=\"og:image:width\" content=\"917\" \/>\n\t<meta property=\"og:image:height\" content=\"608\" \/>\n\t<meta property=\"og:image:type\" content=\"image\/webp\" \/>\n<meta name=\"author\" content=\"Reda\u00e7\u00e3o\" \/>\n<meta name=\"twitter:card\" content=\"summary_large_image\" \/>\n<meta name=\"twitter:label1\" content=\"Escrito por\" \/>\n\t<meta name=\"twitter:data1\" content=\"Reda\u00e7\u00e3o\" \/>\n\t<meta name=\"twitter:label2\" content=\"Est. tempo de leitura\" \/>\n\t<meta name=\"twitter:data2\" content=\"3 minutos\" \/>\n<script type=\"application\/ld+json\" class=\"yoast-schema-graph\">{\"@context\":\"https:\/\/schema.org\",\"@graph\":[{\"@type\":\"Article\",\"@id\":\"https:\/\/noticiaempauta.com\/portal\/governo-do-piaui-promove-riquezas-culturais-e-turisticas-na-mostra-piaui-sampa-2024\/#article\",\"isPartOf\":{\"@id\":\"https:\/\/noticiaempauta.com\/portal\/governo-do-piaui-promove-riquezas-culturais-e-turisticas-na-mostra-piaui-sampa-2024\/\"},\"author\":{\"name\":\"Reda\u00e7\u00e3o\",\"@id\":\"https:\/\/noticiaempauta.com\/portal\/#\/schema\/person\/a74af43dd1ab3deca45f988c717d57ac\"},\"headline\":\"Governo do Piau\u00ed promove riquezas culturais e tur\u00edsticas na Mostra Piau\u00ed Sampa 2024\",\"datePublished\":\"2024-06-24T12:15:33+00:00\",\"dateModified\":\"2024-06-24T14:42:53+00:00\",\"mainEntityOfPage\":{\"@id\":\"https:\/\/noticiaempauta.com\/portal\/governo-do-piaui-promove-riquezas-culturais-e-turisticas-na-mostra-piaui-sampa-2024\/\"},\"wordCount\":416,\"commentCount\":0,\"publisher\":{\"@id\":\"https:\/\/noticiaempauta.com\/portal\/#organization\"},\"image\":{\"@id\":\"https:\/\/noticiaempauta.com\/portal\/governo-do-piaui-promove-riquezas-culturais-e-turisticas-na-mostra-piaui-sampa-2024\/#primaryimage\"},\"thumbnailUrl\":\"https:\/\/noticiaempauta.com\/portal\/wp-content\/uploads\/2024\/06\/Imagem_do_Whats_App_de_2024_06_22_a_s_13_06_34_ed3c1301_3b08554a6c.webp\",\"keywords\":[\"destaqueprincipal\"],\"articleSection\":[\"Cultura\",\"Destaques\",\"Geral\",\"Todas as Not\u00edcias\"],\"inLanguage\":\"pt-BR\",\"potentialAction\":[{\"@type\":\"CommentAction\",\"name\":\"Comment\",\"target\":[\"https:\/\/noticiaempauta.com\/portal\/governo-do-piaui-promove-riquezas-culturais-e-turisticas-na-mostra-piaui-sampa-2024\/#respond\"]}]},{\"@type\":\"WebPage\",\"@id\":\"https:\/\/noticiaempauta.com\/portal\/governo-do-piaui-promove-riquezas-culturais-e-turisticas-na-mostra-piaui-sampa-2024\/\",\"url\":\"https:\/\/noticiaempauta.com\/portal\/governo-do-piaui-promove-riquezas-culturais-e-turisticas-na-mostra-piaui-sampa-2024\/\",\"name\":\"Governo do Piau\u00ed promove riquezas culturais e tur\u00edsticas na Mostra Piau\u00ed Sampa 2024 - Portal Not\u00edcia em Pauta\",\"isPartOf\":{\"@id\":\"https:\/\/noticiaempauta.com\/portal\/#website\"},\"primaryImageOfPage\":{\"@id\":\"https:\/\/noticiaempauta.com\/portal\/governo-do-piaui-promove-riquezas-culturais-e-turisticas-na-mostra-piaui-sampa-2024\/#primaryimage\"},\"image\":{\"@id\":\"https:\/\/noticiaempauta.com\/portal\/governo-do-piaui-promove-riquezas-culturais-e-turisticas-na-mostra-piaui-sampa-2024\/#primaryimage\"},\"thumbnailUrl\":\"https:\/\/noticiaempauta.com\/portal\/wp-content\/uploads\/2024\/06\/Imagem_do_Whats_App_de_2024_06_22_a_s_13_06_34_ed3c1301_3b08554a6c.webp\",\"datePublished\":\"2024-06-24T12:15:33+00:00\",\"dateModified\":\"2024-06-24T14:42:53+00:00\",\"breadcrumb\":{\"@id\":\"https:\/\/noticiaempauta.com\/portal\/governo-do-piaui-promove-riquezas-culturais-e-turisticas-na-mostra-piaui-sampa-2024\/#breadcrumb\"},\"inLanguage\":\"pt-BR\",\"potentialAction\":[{\"@type\":\"ReadAction\",\"target\":[\"https:\/\/noticiaempauta.com\/portal\/governo-do-piaui-promove-riquezas-culturais-e-turisticas-na-mostra-piaui-sampa-2024\/\"]}]},{\"@type\":\"ImageObject\",\"inLanguage\":\"pt-BR\",\"@id\":\"https:\/\/noticiaempauta.com\/portal\/governo-do-piaui-promove-riquezas-culturais-e-turisticas-na-mostra-piaui-sampa-2024\/#primaryimage\",\"url\":\"https:\/\/noticiaempauta.com\/portal\/wp-content\/uploads\/2024\/06\/Imagem_do_Whats_App_de_2024_06_22_a_s_13_06_34_ed3c1301_3b08554a6c.webp\",\"contentUrl\":\"https:\/\/noticiaempauta.com\/portal\/wp-content\/uploads\/2024\/06\/Imagem_do_Whats_App_de_2024_06_22_a_s_13_06_34_ed3c1301_3b08554a6c.webp\",\"width\":917,\"height\":608},{\"@type\":\"BreadcrumbList\",\"@id\":\"https:\/\/noticiaempauta.com\/portal\/governo-do-piaui-promove-riquezas-culturais-e-turisticas-na-mostra-piaui-sampa-2024\/#breadcrumb\",\"itemListElement\":[{\"@type\":\"ListItem\",\"position\":1,\"name\":\"P\u00e1gina Inicial\",\"item\":\"https:\/\/noticiaempauta.com\/portal\/\"},{\"@type\":\"ListItem\",\"position\":2,\"name\":\"Destaques\",\"item\":\"https:\/\/noticiaempauta.com\/portal\/destaques-site\/\"},{\"@type\":\"ListItem\",\"position\":3,\"name\":\"Governo do Piau\u00ed promove riquezas culturais e tur\u00edsticas na Mostra Piau\u00ed Sampa 2024\"}]},{\"@type\":\"WebSite\",\"@id\":\"https:\/\/noticiaempauta.com\/portal\/#website\",\"url\":\"https:\/\/noticiaempauta.com\/portal\/\",\"name\":\"Portal Not\u00edcia em Pauta\",\"description\":\"Voc\u00ea bem informado\",\"publisher\":{\"@id\":\"https:\/\/noticiaempauta.com\/portal\/#organization\"},\"potentialAction\":[{\"@type\":\"SearchAction\",\"target\":{\"@type\":\"EntryPoint\",\"urlTemplate\":\"https:\/\/noticiaempauta.com\/portal\/?s={search_term_string}\"},\"query-input\":{\"@type\":\"PropertyValueSpecification\",\"valueRequired\":true,\"valueName\":\"search_term_string\"}}],\"inLanguage\":\"pt-BR\"},{\"@type\":\"Organization\",\"@id\":\"https:\/\/noticiaempauta.com\/portal\/#organization\",\"name\":\"Portal Not\u00edcia em Pauta\",\"url\":\"https:\/\/noticiaempauta.com\/portal\/\",\"logo\":{\"@type\":\"ImageObject\",\"inLanguage\":\"pt-BR\",\"@id\":\"https:\/\/noticiaempauta.com\/portal\/#\/schema\/logo\/image\/\",\"url\":\"https:\/\/noticiaempauta.com\/portal\/wp-content\/uploads\/2022\/08\/logomarca_tema.fw_.png\",\"contentUrl\":\"https:\/\/noticiaempauta.com\/portal\/wp-content\/uploads\/2022\/08\/logomarca_tema.fw_.png\",\"width\":400,\"height\":232,\"caption\":\"Portal Not\u00edcia em Pauta\"},\"image\":{\"@id\":\"https:\/\/noticiaempauta.com\/portal\/#\/schema\/logo\/image\/\"},\"sameAs\":[\"https:\/\/www.facebook.com\/Portal-Notcia-Em-Pauta-102292869264820\/\",\"https:\/\/www.instagram.com\/portalnoticiaempauta\/\"]},{\"@type\":\"Person\",\"@id\":\"https:\/\/noticiaempauta.com\/portal\/#\/schema\/person\/a74af43dd1ab3deca45f988c717d57ac\",\"name\":\"Reda\u00e7\u00e3o\",\"image\":{\"@type\":\"ImageObject\",\"inLanguage\":\"pt-BR\",\"@id\":\"https:\/\/noticiaempauta.com\/portal\/#\/schema\/person\/image\/\",\"url\":\"https:\/\/secure.gravatar.com\/avatar\/03179346ecce6cdfc13361603e8f54242a90e5cde8618fa23c5c00aa2b0aadf3?s=96&d=mm&r=g\",\"contentUrl\":\"https:\/\/secure.gravatar.com\/avatar\/03179346ecce6cdfc13361603e8f54242a90e5cde8618fa23c5c00aa2b0aadf3?s=96&d=mm&r=g\",\"caption\":\"Reda\u00e7\u00e3o\"},\"sameAs\":[\"https:\/\/noticiaempauta.com\/portal\/\"],\"url\":\"https:\/\/noticiaempauta.com\/portal\/author\/fernando\/\"}]}<\/script>\n<!-- \/ Yoast SEO Premium plugin. -->","yoast_head_json":{"title":"Governo do Piau\u00ed promove riquezas culturais e tur\u00edsticas na Mostra Piau\u00ed Sampa 2024 - Portal Not\u00edcia em Pauta","robots":{"index":"index","follow":"follow","max-snippet":"max-snippet:-1","max-image-preview":"max-image-preview:large","max-video-preview":"max-video-preview:-1"},"canonical":"https:\/\/noticiaempauta.com\/portal\/governo-do-piaui-promove-riquezas-culturais-e-turisticas-na-mostra-piaui-sampa-2024\/","og_locale":"pt_BR","og_type":"article","og_title":"Governo do Piau\u00ed promove riquezas culturais e tur\u00edsticas na Mostra Piau\u00ed Sampa 2024","og_description":"O Piau\u00ed e toda a sua potencialidade ser\u00e3o destaques na Mostra Piau\u00ed Sampa, que acontece de 25 a 29 de junho no Shopping Vila Ol\u00edmpia, na cidade de S\u00e3o Paulo. O Governo do Estado, que atua como co-realizador da edi\u00e7\u00e3o deste ano, vai promover as riquezas culturais e hist\u00f3ricas, o turismo e a economia, impulsionando, [&hellip;]","og_url":"https:\/\/noticiaempauta.com\/portal\/governo-do-piaui-promove-riquezas-culturais-e-turisticas-na-mostra-piaui-sampa-2024\/","og_site_name":"Portal Not\u00edcia em Pauta","article_publisher":"https:\/\/www.facebook.com\/Portal-Notcia-Em-Pauta-102292869264820\/","article_published_time":"2024-06-24T12:15:33+00:00","article_modified_time":"2024-06-24T14:42:53+00:00","og_image":[{"width":917,"height":608,"url":"https:\/\/noticiaempauta.com\/portal\/wp-content\/uploads\/2024\/06\/Imagem_do_Whats_App_de_2024_06_22_a_s_13_06_34_ed3c1301_3b08554a6c.webp","type":"image\/webp"}],"author":"Reda\u00e7\u00e3o","twitter_card":"summary_large_image","twitter_misc":{"Escrito por":"Reda\u00e7\u00e3o","Est. tempo de leitura":"3 minutos"},"schema":{"@context":"https:\/\/schema.org","@graph":[{"@type":"Article","@id":"https:\/\/noticiaempauta.com\/portal\/governo-do-piaui-promove-riquezas-culturais-e-turisticas-na-mostra-piaui-sampa-2024\/#article","isPartOf":{"@id":"https:\/\/noticiaempauta.com\/portal\/governo-do-piaui-promove-riquezas-culturais-e-turisticas-na-mostra-piaui-sampa-2024\/"},"author":{"name":"Reda\u00e7\u00e3o","@id":"https:\/\/noticiaempauta.com\/portal\/#\/schema\/person\/a74af43dd1ab3deca45f988c717d57ac"},"headline":"Governo do Piau\u00ed promove riquezas culturais e tur\u00edsticas na Mostra Piau\u00ed Sampa 2024","datePublished":"2024-06-24T12:15:33+00:00","dateModified":"2024-06-24T14:42:53+00:00","mainEntityOfPage":{"@id":"https:\/\/noticiaempauta.com\/portal\/governo-do-piaui-promove-riquezas-culturais-e-turisticas-na-mostra-piaui-sampa-2024\/"},"wordCount":416,"commentCount":0,"publisher":{"@id":"https:\/\/noticiaempauta.com\/portal\/#organization"},"image":{"@id":"https:\/\/noticiaempauta.com\/portal\/governo-do-piaui-promove-riquezas-culturais-e-turisticas-na-mostra-piaui-sampa-2024\/#primaryimage"},"thumbnailUrl":"https:\/\/noticiaempauta.com\/portal\/wp-content\/uploads\/2024\/06\/Imagem_do_Whats_App_de_2024_06_22_a_s_13_06_34_ed3c1301_3b08554a6c.webp","keywords":["destaqueprincipal"],"articleSection":["Cultura","Destaques","Geral","Todas as Not\u00edcias"],"inLanguage":"pt-BR","potentialAction":[{"@type":"CommentAction","name":"Comment","target":["https:\/\/noticiaempauta.com\/portal\/governo-do-piaui-promove-riquezas-culturais-e-turisticas-na-mostra-piaui-sampa-2024\/#respond"]}]},{"@type":"WebPage","@id":"https:\/\/noticiaempauta.com\/portal\/governo-do-piaui-promove-riquezas-culturais-e-turisticas-na-mostra-piaui-sampa-2024\/","url":"https:\/\/noticiaempauta.com\/portal\/governo-do-piaui-promove-riquezas-culturais-e-turisticas-na-mostra-piaui-sampa-2024\/","name":"Governo do Piau\u00ed promove riquezas culturais e tur\u00edsticas na Mostra Piau\u00ed Sampa 2024 - Portal Not\u00edcia em Pauta","isPartOf":{"@id":"https:\/\/noticiaempauta.com\/portal\/#website"},"primaryImageOfPage":{"@id":"https:\/\/noticiaempauta.com\/portal\/governo-do-piaui-promove-riquezas-culturais-e-turisticas-na-mostra-piaui-sampa-2024\/#primaryimage"},"image":{"@id":"https:\/\/noticiaempauta.com\/portal\/governo-do-piaui-promove-riquezas-culturais-e-turisticas-na-mostra-piaui-sampa-2024\/#primaryimage"},"thumbnailUrl":"https:\/\/noticiaempauta.com\/portal\/wp-content\/uploads\/2024\/06\/Imagem_do_Whats_App_de_2024_06_22_a_s_13_06_34_ed3c1301_3b08554a6c.webp","datePublished":"2024-06-24T12:15:33+00:00","dateModified":"2024-06-24T14:42:53+00:00","breadcrumb":{"@id":"https:\/\/noticiaempauta.com\/portal\/governo-do-piaui-promove-riquezas-culturais-e-turisticas-na-mostra-piaui-sampa-2024\/#breadcrumb"},"inLanguage":"pt-BR","potentialAction":[{"@type":"ReadAction","target":["https:\/\/noticiaempauta.com\/portal\/governo-do-piaui-promove-riquezas-culturais-e-turisticas-na-mostra-piaui-sampa-2024\/"]}]},{"@type":"ImageObject","inLanguage":"pt-BR","@id":"https:\/\/noticiaempauta.com\/portal\/governo-do-piaui-promove-riquezas-culturais-e-turisticas-na-mostra-piaui-sampa-2024\/#primaryimage","url":"https:\/\/noticiaempauta.com\/portal\/wp-content\/uploads\/2024\/06\/Imagem_do_Whats_App_de_2024_06_22_a_s_13_06_34_ed3c1301_3b08554a6c.webp","contentUrl":"https:\/\/noticiaempauta.com\/portal\/wp-content\/uploads\/2024\/06\/Imagem_do_Whats_App_de_2024_06_22_a_s_13_06_34_ed3c1301_3b08554a6c.webp","width":917,"height":608},{"@type":"BreadcrumbList","@id":"https:\/\/noticiaempauta.com\/portal\/governo-do-piaui-promove-riquezas-culturais-e-turisticas-na-mostra-piaui-sampa-2024\/#breadcrumb","itemListElement":[{"@type":"ListItem","position":1,"name":"P\u00e1gina Inicial","item":"https:\/\/noticiaempauta.com\/portal\/"},{"@type":"ListItem","position":2,"name":"Destaques","item":"https:\/\/noticiaempauta.com\/portal\/destaques-site\/"},{"@type":"ListItem","position":3,"name":"Governo do Piau\u00ed promove riquezas culturais e tur\u00edsticas na Mostra Piau\u00ed Sampa 2024"}]},{"@type":"WebSite","@id":"https:\/\/noticiaempauta.com\/portal\/#website","url":"https:\/\/noticiaempauta.com\/portal\/","name":"Portal Not\u00edcia em Pauta","description":"Voc\u00ea bem informado","publisher":{"@id":"https:\/\/noticiaempauta.com\/portal\/#organization"},"potentialAction":[{"@type":"SearchAction","target":{"@type":"EntryPoint","urlTemplate":"https:\/\/noticiaempauta.com\/portal\/?s={search_term_string}"},"query-input":{"@type":"PropertyValueSpecification","valueRequired":true,"valueName":"search_term_string"}}],"inLanguage":"pt-BR"},{"@type":"Organization","@id":"https:\/\/noticiaempauta.com\/portal\/#organization","name":"Portal Not\u00edcia em Pauta","url":"https:\/\/noticiaempauta.com\/portal\/","logo":{"@type":"ImageObject","inLanguage":"pt-BR","@id":"https:\/\/noticiaempauta.com\/portal\/#\/schema\/logo\/image\/","url":"https:\/\/noticiaempauta.com\/portal\/wp-content\/uploads\/2022\/08\/logomarca_tema.fw_.png","contentUrl":"https:\/\/noticiaempauta.com\/portal\/wp-content\/uploads\/2022\/08\/logomarca_tema.fw_.png","width":400,"height":232,"caption":"Portal Not\u00edcia em Pauta"},"image":{"@id":"https:\/\/noticiaempauta.com\/portal\/#\/schema\/logo\/image\/"},"sameAs":["https:\/\/www.facebook.com\/Portal-Notcia-Em-Pauta-102292869264820\/","https:\/\/www.instagram.com\/portalnoticiaempauta\/"]},{"@type":"Person","@id":"https:\/\/noticiaempauta.com\/portal\/#\/schema\/person\/a74af43dd1ab3deca45f988c717d57ac","name":"Reda\u00e7\u00e3o","image":{"@type":"ImageObject","inLanguage":"pt-BR","@id":"https:\/\/noticiaempauta.com\/portal\/#\/schema\/person\/image\/","url":"https:\/\/secure.gravatar.com\/avatar\/03179346ecce6cdfc13361603e8f54242a90e5cde8618fa23c5c00aa2b0aadf3?s=96&d=mm&r=g","contentUrl":"https:\/\/secure.gravatar.com\/avatar\/03179346ecce6cdfc13361603e8f54242a90e5cde8618fa23c5c00aa2b0aadf3?s=96&d=mm&r=g","caption":"Reda\u00e7\u00e3o"},"sameAs":["https:\/\/noticiaempauta.com\/portal\/"],"url":"https:\/\/noticiaempauta.com\/portal\/author\/fernando\/"}]}},"_links":{"self":[{"href":"https:\/\/noticiaempauta.com\/portal\/wp-json\/wp\/v2\/posts\/259122","targetHints":{"allow":["GET"]}}],"collection":[{"href":"https:\/\/noticiaempauta.com\/portal\/wp-json\/wp\/v2\/posts"}],"about":[{"href":"https:\/\/noticiaempauta.com\/portal\/wp-json\/wp\/v2\/types\/post"}],"author":[{"embeddable":true,"href":"https:\/\/noticiaempauta.com\/portal\/wp-json\/wp\/v2\/users\/2"}],"replies":[{"embeddable":true,"href":"https:\/\/noticiaempauta.com\/portal\/wp-json\/wp\/v2\/comments?post=259122"}],"version-history":[{"count":2,"href":"https:\/\/noticiaempauta.com\/portal\/wp-json\/wp\/v2\/posts\/259122\/revisions"}],"predecessor-version":[{"id":259134,"href":"https:\/\/noticiaempauta.com\/portal\/wp-json\/wp\/v2\/posts\/259122\/revisions\/259134"}],"wp:featuredmedia":[{"embeddable":true,"href":"https:\/\/noticiaempauta.com\/portal\/wp-json\/wp\/v2\/media\/259123"}],"wp:attachment":[{"href":"https:\/\/noticiaempauta.com\/portal\/wp-json\/wp\/v2\/media?parent=259122"}],"wp:term":[{"taxonomy":"category","embeddable":true,"href":"https:\/\/noticiaempauta.com\/portal\/wp-json\/wp\/v2\/categories?post=259122"},{"taxonomy":"post_tag","embeddable":true,"href":"https:\/\/noticiaempauta.com\/portal\/wp-json\/wp\/v2\/tags?post=259122"}],"curies":[{"name":"wp","href":"https:\/\/api.w.org\/{rel}","templated":true}]}}