{"id":259158,"date":"2024-06-25T11:55:01","date_gmt":"2024-06-25T14:55:01","guid":{"rendered":"https:\/\/noticiaempauta.com\/portal\/?p=259158"},"modified":"2024-06-25T11:55:02","modified_gmt":"2024-06-25T14:55:02","slug":"teresina-jvc-confirma-desistencia-de-pre-candidatura-silas-freire-ou-edson-melo-podem-ocupar-a-vaga","status":"publish","type":"post","link":"https:\/\/noticiaempauta.com\/portal\/teresina-jvc-confirma-desistencia-de-pre-candidatura-silas-freire-ou-edson-melo-podem-ocupar-a-vaga\/","title":{"rendered":"Teresina | JVC confirma desist\u00eancia de pr\u00e9-candidatura; Silas Freire ou Edson Melo podem ocupar a vaga"},"content":{"rendered":"\n<p>O que at\u00e9 o momento era pr\u00e9-candidato a prefeito de Teresina pelo PSDB,&nbsp;<strong>Jo\u00e3o Vicente Claudino, confirmou na manh\u00e3 desta ter\u00e7a-feira (25) sua desist\u00eancia das elei\u00e7\u00f5es municipais.<\/strong><\/p>\n\n\n\n<p>Segundo o ex-senador, sua desist\u00eancia \u00e9 resultado de conflitos internos com a atual dire\u00e7\u00e3o estadual. Ao exigir renova\u00e7\u00e3o da gest\u00e3o, a diretoria nacional n\u00e3o assegura o afastamento antes da conven\u00e7\u00e3o partid\u00e1ria que est\u00e1 prevista para acontecer no dia 27 de julho.<\/p>\n\n\n\n<figure class=\"wp-block-image size-full\"><img fetchpriority=\"high\" decoding=\"async\" width=\"800\" height=\"534\" src=\"https:\/\/noticiaempauta.com\/portal\/wp-content\/uploads\/2024\/06\/bM8aUdKfIlroZqn1G1zAuIRvixqg5TXbyYMRqtBf.webp\" alt=\"\" class=\"wp-image-259159\" srcset=\"https:\/\/noticiaempauta.com\/portal\/wp-content\/uploads\/2024\/06\/bM8aUdKfIlroZqn1G1zAuIRvixqg5TXbyYMRqtBf.webp 800w, https:\/\/noticiaempauta.com\/portal\/wp-content\/uploads\/2024\/06\/bM8aUdKfIlroZqn1G1zAuIRvixqg5TXbyYMRqtBf-300x200.webp 300w, https:\/\/noticiaempauta.com\/portal\/wp-content\/uploads\/2024\/06\/bM8aUdKfIlroZqn1G1zAuIRvixqg5TXbyYMRqtBf-768x513.webp 768w\" sizes=\"(max-width: 800px) 100vw, 800px\" \/><figcaption class=\"wp-element-caption\"><em>(Foto: Assis Fernandes\/O DIA)<\/em><\/figcaption><\/figure>\n\n\n\n<p>\u201cEu disse que s\u00f3 seria candidato se afastassem a dire\u00e7\u00e3o estadual. N\u00e3o haver\u00e1 o afastamento antes da conven\u00e7\u00e3o que est\u00e1 marcada para o dia 27 de julho [&#8230;] N\u00e3o teria como entrar em uma situa\u00e7\u00e3o que jamais vivi na minha vida. [&#8230;] Ent\u00e3o o caminho \u00e9 escolherem outro nome.&#8221;, afirmou.<\/p>\n\n\n\n<p>Pesquisas para novos nomes j\u00e1 est\u00e3o sendo realizadas. No dia 1 de julho, a sigla confirmar\u00e1 quem disputar\u00e1 pela vaga municipal. Os nomes cotados s\u00e3o: Silas Freire, Edson Melo e Jorge Lopes.<\/p>\n\n\n\n<p>Jo\u00e3o Vicente explicou como ser\u00e1 o processo de escolha, e negou qualquer possibilidade de apoiar um nome de outra sigla.<\/p>\n\n\n\n<p>&#8220;Ontem n\u00f3s tivemos reuni\u00e3o e est\u00e1 sendo encomendada uma pesquisa. Os nomes do partido \u00e9 o Silas Freire, do Jorge Lopes e do Edson Melo. Segunda feira teremos os resultados da pesquisas para que a gente encaminhe o nome. A dire\u00e7\u00e3o nacional reafirma o apoio a candidatura pr\u00f3pria. N\u00e3o existe coliga\u00e7\u00e3o fora da federa\u00e7\u00e3o, o candidato do PSDB ser\u00e1 o escolhido dentro do partido&#8221;\u00a0<\/p>\n\n\n\n<p>JVC ainda defendeu que o diret\u00f3rio estadual j\u00e1 deveria ter sido modificado pela falta de resultados no \u00faltimo pleito.<\/p>\n\n\n\n<p>&#8220;Em pol\u00edtica se a gente for cultivar m\u00e1goa a gente tem que arranjar carretas para colocar essas m\u00e1goas dentro e desabores. As trai\u00e7\u00f5es que ocorrem em determinados momentos. A dire\u00e7\u00e3o nacional coloca que n\u00e3o teria tempo h\u00e1bil para mudar o comando estadual. Passei muito tempo no PTB, o partido n\u00e3o renovava diret\u00f3rio se n\u00e3o apresentasse resultado, o PSDB foi totalmente esvaziado em 2022, n\u00e3o teve candidato nem a suplente de senador. O PSDB n\u00e3o deveria nem ter renovado o diret\u00f3rio&#8221;, concluiu.<\/p>\n\n\n\n<p><strong><em>Fonte: Portal O Dia<\/em><\/strong><\/p>\n","protected":false},"excerpt":{"rendered":"<p>Em entrevista coletiva, Jo\u00e3o Vicente destacou que, apesar de sua desist\u00eancia, o partido seguir\u00e1 com uma pr\u00e9-candidatura<\/p>\n","protected":false},"author":2,"featured_media":259160,"comment_status":"open","ping_status":"open","sticky":false,"template":"","format":"standard","meta":{"_mi_skip_tracking":false,"footnotes":""},"categories":[25,1,3,16],"tags":[192],"class_list":["post-259158","post","type-post","status-publish","format-standard","has-post-thumbnail","hentry","category-destaques-site","category-geral","category-politica","category-todas","tag-destaqueprincipal"],"acf":[],"yoast_head":"<!-- This site is optimized with the Yoast SEO Premium plugin v19.2 (Yoast SEO v26.9) - https:\/\/yoast.com\/product\/yoast-seo-premium-wordpress\/ -->\n<title>Teresina | JVC confirma desist\u00eancia de pr\u00e9-candidatura; Silas Freire ou Edson Melo podem ocupar a vaga - Portal Not\u00edcia em Pauta<\/title>\n<meta name=\"robots\" content=\"index, follow, max-snippet:-1, max-image-preview:large, max-video-preview:-1\" \/>\n<link rel=\"canonical\" href=\"https:\/\/noticiaempauta.com\/portal\/teresina-jvc-confirma-desistencia-de-pre-candidatura-silas-freire-ou-edson-melo-podem-ocupar-a-vaga\/\" \/>\n<meta property=\"og:locale\" content=\"pt_BR\" \/>\n<meta property=\"og:type\" content=\"article\" \/>\n<meta property=\"og:title\" content=\"Teresina | JVC confirma desist\u00eancia de pr\u00e9-candidatura; Silas Freire ou Edson Melo podem ocupar a vaga\" \/>\n<meta property=\"og:description\" content=\"Em entrevista coletiva, Jo\u00e3o Vicente destacou que, apesar de sua desist\u00eancia, o partido seguir\u00e1 com uma pr\u00e9-candidatura\" \/>\n<meta property=\"og:url\" content=\"https:\/\/noticiaempauta.com\/portal\/teresina-jvc-confirma-desistencia-de-pre-candidatura-silas-freire-ou-edson-melo-podem-ocupar-a-vaga\/\" \/>\n<meta property=\"og:site_name\" content=\"Portal Not\u00edcia em Pauta\" \/>\n<meta property=\"article:publisher\" content=\"https:\/\/www.facebook.com\/Portal-Notcia-Em-Pauta-102292869264820\/\" \/>\n<meta property=\"article:published_time\" content=\"2024-06-25T14:55:01+00:00\" \/>\n<meta property=\"article:modified_time\" content=\"2024-06-25T14:55:02+00:00\" \/>\n<meta property=\"og:image\" content=\"https:\/\/noticiaempauta.com\/portal\/wp-content\/uploads\/2024\/06\/jvc.jpeg\" \/>\n\t<meta property=\"og:image:width\" content=\"1024\" \/>\n\t<meta property=\"og:image:height\" content=\"682\" \/>\n\t<meta property=\"og:image:type\" content=\"image\/jpeg\" \/>\n<meta name=\"author\" content=\"Reda\u00e7\u00e3o\" \/>\n<meta name=\"twitter:card\" content=\"summary_large_image\" \/>\n<meta name=\"twitter:label1\" content=\"Escrito por\" \/>\n\t<meta name=\"twitter:data1\" content=\"Reda\u00e7\u00e3o\" \/>\n\t<meta name=\"twitter:label2\" content=\"Est. tempo de leitura\" \/>\n\t<meta name=\"twitter:data2\" content=\"3 minutos\" \/>\n<script type=\"application\/ld+json\" class=\"yoast-schema-graph\">{\"@context\":\"https:\/\/schema.org\",\"@graph\":[{\"@type\":\"Article\",\"@id\":\"https:\/\/noticiaempauta.com\/portal\/teresina-jvc-confirma-desistencia-de-pre-candidatura-silas-freire-ou-edson-melo-podem-ocupar-a-vaga\/#article\",\"isPartOf\":{\"@id\":\"https:\/\/noticiaempauta.com\/portal\/teresina-jvc-confirma-desistencia-de-pre-candidatura-silas-freire-ou-edson-melo-podem-ocupar-a-vaga\/\"},\"author\":{\"name\":\"Reda\u00e7\u00e3o\",\"@id\":\"https:\/\/noticiaempauta.com\/portal\/#\/schema\/person\/a74af43dd1ab3deca45f988c717d57ac\"},\"headline\":\"Teresina | JVC confirma desist\u00eancia de pr\u00e9-candidatura; Silas Freire ou Edson Melo podem ocupar a vaga\",\"datePublished\":\"2024-06-25T14:55:01+00:00\",\"dateModified\":\"2024-06-25T14:55:02+00:00\",\"mainEntityOfPage\":{\"@id\":\"https:\/\/noticiaempauta.com\/portal\/teresina-jvc-confirma-desistencia-de-pre-candidatura-silas-freire-ou-edson-melo-podem-ocupar-a-vaga\/\"},\"wordCount\":393,\"commentCount\":0,\"publisher\":{\"@id\":\"https:\/\/noticiaempauta.com\/portal\/#organization\"},\"image\":{\"@id\":\"https:\/\/noticiaempauta.com\/portal\/teresina-jvc-confirma-desistencia-de-pre-candidatura-silas-freire-ou-edson-melo-podem-ocupar-a-vaga\/#primaryimage\"},\"thumbnailUrl\":\"https:\/\/noticiaempauta.com\/portal\/wp-content\/uploads\/2024\/06\/jvc.jpeg\",\"keywords\":[\"destaqueprincipal\"],\"articleSection\":[\"Destaques\",\"Geral\",\"Pol\u00edtica\",\"Todas as Not\u00edcias\"],\"inLanguage\":\"pt-BR\",\"potentialAction\":[{\"@type\":\"CommentAction\",\"name\":\"Comment\",\"target\":[\"https:\/\/noticiaempauta.com\/portal\/teresina-jvc-confirma-desistencia-de-pre-candidatura-silas-freire-ou-edson-melo-podem-ocupar-a-vaga\/#respond\"]}]},{\"@type\":\"WebPage\",\"@id\":\"https:\/\/noticiaempauta.com\/portal\/teresina-jvc-confirma-desistencia-de-pre-candidatura-silas-freire-ou-edson-melo-podem-ocupar-a-vaga\/\",\"url\":\"https:\/\/noticiaempauta.com\/portal\/teresina-jvc-confirma-desistencia-de-pre-candidatura-silas-freire-ou-edson-melo-podem-ocupar-a-vaga\/\",\"name\":\"Teresina | JVC confirma desist\u00eancia de pr\u00e9-candidatura; Silas Freire ou Edson Melo podem ocupar a vaga - Portal Not\u00edcia em Pauta\",\"isPartOf\":{\"@id\":\"https:\/\/noticiaempauta.com\/portal\/#website\"},\"primaryImageOfPage\":{\"@id\":\"https:\/\/noticiaempauta.com\/portal\/teresina-jvc-confirma-desistencia-de-pre-candidatura-silas-freire-ou-edson-melo-podem-ocupar-a-vaga\/#primaryimage\"},\"image\":{\"@id\":\"https:\/\/noticiaempauta.com\/portal\/teresina-jvc-confirma-desistencia-de-pre-candidatura-silas-freire-ou-edson-melo-podem-ocupar-a-vaga\/#primaryimage\"},\"thumbnailUrl\":\"https:\/\/noticiaempauta.com\/portal\/wp-content\/uploads\/2024\/06\/jvc.jpeg\",\"datePublished\":\"2024-06-25T14:55:01+00:00\",\"dateModified\":\"2024-06-25T14:55:02+00:00\",\"breadcrumb\":{\"@id\":\"https:\/\/noticiaempauta.com\/portal\/teresina-jvc-confirma-desistencia-de-pre-candidatura-silas-freire-ou-edson-melo-podem-ocupar-a-vaga\/#breadcrumb\"},\"inLanguage\":\"pt-BR\",\"potentialAction\":[{\"@type\":\"ReadAction\",\"target\":[\"https:\/\/noticiaempauta.com\/portal\/teresina-jvc-confirma-desistencia-de-pre-candidatura-silas-freire-ou-edson-melo-podem-ocupar-a-vaga\/\"]}]},{\"@type\":\"ImageObject\",\"inLanguage\":\"pt-BR\",\"@id\":\"https:\/\/noticiaempauta.com\/portal\/teresina-jvc-confirma-desistencia-de-pre-candidatura-silas-freire-ou-edson-melo-podem-ocupar-a-vaga\/#primaryimage\",\"url\":\"https:\/\/noticiaempauta.com\/portal\/wp-content\/uploads\/2024\/06\/jvc.jpeg\",\"contentUrl\":\"https:\/\/noticiaempauta.com\/portal\/wp-content\/uploads\/2024\/06\/jvc.jpeg\",\"width\":1024,\"height\":682,\"caption\":\"(Foto: Ricardo Morais \/ OitoMeia)\"},{\"@type\":\"BreadcrumbList\",\"@id\":\"https:\/\/noticiaempauta.com\/portal\/teresina-jvc-confirma-desistencia-de-pre-candidatura-silas-freire-ou-edson-melo-podem-ocupar-a-vaga\/#breadcrumb\",\"itemListElement\":[{\"@type\":\"ListItem\",\"position\":1,\"name\":\"P\u00e1gina Inicial\",\"item\":\"https:\/\/noticiaempauta.com\/portal\/\"},{\"@type\":\"ListItem\",\"position\":2,\"name\":\"Destaques\",\"item\":\"https:\/\/noticiaempauta.com\/portal\/destaques-site\/\"},{\"@type\":\"ListItem\",\"position\":3,\"name\":\"Teresina | JVC confirma desist\u00eancia de pr\u00e9-candidatura; Silas Freire ou Edson Melo podem ocupar a vaga\"}]},{\"@type\":\"WebSite\",\"@id\":\"https:\/\/noticiaempauta.com\/portal\/#website\",\"url\":\"https:\/\/noticiaempauta.com\/portal\/\",\"name\":\"Portal Not\u00edcia em Pauta\",\"description\":\"Voc\u00ea bem informado\",\"publisher\":{\"@id\":\"https:\/\/noticiaempauta.com\/portal\/#organization\"},\"potentialAction\":[{\"@type\":\"SearchAction\",\"target\":{\"@type\":\"EntryPoint\",\"urlTemplate\":\"https:\/\/noticiaempauta.com\/portal\/?s={search_term_string}\"},\"query-input\":{\"@type\":\"PropertyValueSpecification\",\"valueRequired\":true,\"valueName\":\"search_term_string\"}}],\"inLanguage\":\"pt-BR\"},{\"@type\":\"Organization\",\"@id\":\"https:\/\/noticiaempauta.com\/portal\/#organization\",\"name\":\"Portal Not\u00edcia em Pauta\",\"url\":\"https:\/\/noticiaempauta.com\/portal\/\",\"logo\":{\"@type\":\"ImageObject\",\"inLanguage\":\"pt-BR\",\"@id\":\"https:\/\/noticiaempauta.com\/portal\/#\/schema\/logo\/image\/\",\"url\":\"https:\/\/noticiaempauta.com\/portal\/wp-content\/uploads\/2022\/08\/logomarca_tema.fw_.png\",\"contentUrl\":\"https:\/\/noticiaempauta.com\/portal\/wp-content\/uploads\/2022\/08\/logomarca_tema.fw_.png\",\"width\":400,\"height\":232,\"caption\":\"Portal Not\u00edcia em Pauta\"},\"image\":{\"@id\":\"https:\/\/noticiaempauta.com\/portal\/#\/schema\/logo\/image\/\"},\"sameAs\":[\"https:\/\/www.facebook.com\/Portal-Notcia-Em-Pauta-102292869264820\/\",\"https:\/\/www.instagram.com\/portalnoticiaempauta\/\"]},{\"@type\":\"Person\",\"@id\":\"https:\/\/noticiaempauta.com\/portal\/#\/schema\/person\/a74af43dd1ab3deca45f988c717d57ac\",\"name\":\"Reda\u00e7\u00e3o\",\"image\":{\"@type\":\"ImageObject\",\"inLanguage\":\"pt-BR\",\"@id\":\"https:\/\/noticiaempauta.com\/portal\/#\/schema\/person\/image\/\",\"url\":\"https:\/\/secure.gravatar.com\/avatar\/03179346ecce6cdfc13361603e8f54242a90e5cde8618fa23c5c00aa2b0aadf3?s=96&d=mm&r=g\",\"contentUrl\":\"https:\/\/secure.gravatar.com\/avatar\/03179346ecce6cdfc13361603e8f54242a90e5cde8618fa23c5c00aa2b0aadf3?s=96&d=mm&r=g\",\"caption\":\"Reda\u00e7\u00e3o\"},\"sameAs\":[\"https:\/\/noticiaempauta.com\/portal\/\"],\"url\":\"https:\/\/noticiaempauta.com\/portal\/author\/fernando\/\"}]}<\/script>\n<!-- \/ Yoast SEO Premium plugin. -->","yoast_head_json":{"title":"Teresina | JVC confirma desist\u00eancia de pr\u00e9-candidatura; Silas Freire ou Edson Melo podem ocupar a vaga - Portal Not\u00edcia em Pauta","robots":{"index":"index","follow":"follow","max-snippet":"max-snippet:-1","max-image-preview":"max-image-preview:large","max-video-preview":"max-video-preview:-1"},"canonical":"https:\/\/noticiaempauta.com\/portal\/teresina-jvc-confirma-desistencia-de-pre-candidatura-silas-freire-ou-edson-melo-podem-ocupar-a-vaga\/","og_locale":"pt_BR","og_type":"article","og_title":"Teresina | JVC confirma desist\u00eancia de pr\u00e9-candidatura; Silas Freire ou Edson Melo podem ocupar a vaga","og_description":"Em entrevista coletiva, Jo\u00e3o Vicente destacou que, apesar de sua desist\u00eancia, o partido seguir\u00e1 com uma pr\u00e9-candidatura","og_url":"https:\/\/noticiaempauta.com\/portal\/teresina-jvc-confirma-desistencia-de-pre-candidatura-silas-freire-ou-edson-melo-podem-ocupar-a-vaga\/","og_site_name":"Portal Not\u00edcia em Pauta","article_publisher":"https:\/\/www.facebook.com\/Portal-Notcia-Em-Pauta-102292869264820\/","article_published_time":"2024-06-25T14:55:01+00:00","article_modified_time":"2024-06-25T14:55:02+00:00","og_image":[{"width":1024,"height":682,"url":"https:\/\/noticiaempauta.com\/portal\/wp-content\/uploads\/2024\/06\/jvc.jpeg","type":"image\/jpeg"}],"author":"Reda\u00e7\u00e3o","twitter_card":"summary_large_image","twitter_misc":{"Escrito por":"Reda\u00e7\u00e3o","Est. tempo de leitura":"3 minutos"},"schema":{"@context":"https:\/\/schema.org","@graph":[{"@type":"Article","@id":"https:\/\/noticiaempauta.com\/portal\/teresina-jvc-confirma-desistencia-de-pre-candidatura-silas-freire-ou-edson-melo-podem-ocupar-a-vaga\/#article","isPartOf":{"@id":"https:\/\/noticiaempauta.com\/portal\/teresina-jvc-confirma-desistencia-de-pre-candidatura-silas-freire-ou-edson-melo-podem-ocupar-a-vaga\/"},"author":{"name":"Reda\u00e7\u00e3o","@id":"https:\/\/noticiaempauta.com\/portal\/#\/schema\/person\/a74af43dd1ab3deca45f988c717d57ac"},"headline":"Teresina | JVC confirma desist\u00eancia de pr\u00e9-candidatura; Silas Freire ou Edson Melo podem ocupar a vaga","datePublished":"2024-06-25T14:55:01+00:00","dateModified":"2024-06-25T14:55:02+00:00","mainEntityOfPage":{"@id":"https:\/\/noticiaempauta.com\/portal\/teresina-jvc-confirma-desistencia-de-pre-candidatura-silas-freire-ou-edson-melo-podem-ocupar-a-vaga\/"},"wordCount":393,"commentCount":0,"publisher":{"@id":"https:\/\/noticiaempauta.com\/portal\/#organization"},"image":{"@id":"https:\/\/noticiaempauta.com\/portal\/teresina-jvc-confirma-desistencia-de-pre-candidatura-silas-freire-ou-edson-melo-podem-ocupar-a-vaga\/#primaryimage"},"thumbnailUrl":"https:\/\/noticiaempauta.com\/portal\/wp-content\/uploads\/2024\/06\/jvc.jpeg","keywords":["destaqueprincipal"],"articleSection":["Destaques","Geral","Pol\u00edtica","Todas as Not\u00edcias"],"inLanguage":"pt-BR","potentialAction":[{"@type":"CommentAction","name":"Comment","target":["https:\/\/noticiaempauta.com\/portal\/teresina-jvc-confirma-desistencia-de-pre-candidatura-silas-freire-ou-edson-melo-podem-ocupar-a-vaga\/#respond"]}]},{"@type":"WebPage","@id":"https:\/\/noticiaempauta.com\/portal\/teresina-jvc-confirma-desistencia-de-pre-candidatura-silas-freire-ou-edson-melo-podem-ocupar-a-vaga\/","url":"https:\/\/noticiaempauta.com\/portal\/teresina-jvc-confirma-desistencia-de-pre-candidatura-silas-freire-ou-edson-melo-podem-ocupar-a-vaga\/","name":"Teresina | JVC confirma desist\u00eancia de pr\u00e9-candidatura; Silas Freire ou Edson Melo podem ocupar a vaga - Portal Not\u00edcia em Pauta","isPartOf":{"@id":"https:\/\/noticiaempauta.com\/portal\/#website"},"primaryImageOfPage":{"@id":"https:\/\/noticiaempauta.com\/portal\/teresina-jvc-confirma-desistencia-de-pre-candidatura-silas-freire-ou-edson-melo-podem-ocupar-a-vaga\/#primaryimage"},"image":{"@id":"https:\/\/noticiaempauta.com\/portal\/teresina-jvc-confirma-desistencia-de-pre-candidatura-silas-freire-ou-edson-melo-podem-ocupar-a-vaga\/#primaryimage"},"thumbnailUrl":"https:\/\/noticiaempauta.com\/portal\/wp-content\/uploads\/2024\/06\/jvc.jpeg","datePublished":"2024-06-25T14:55:01+00:00","dateModified":"2024-06-25T14:55:02+00:00","breadcrumb":{"@id":"https:\/\/noticiaempauta.com\/portal\/teresina-jvc-confirma-desistencia-de-pre-candidatura-silas-freire-ou-edson-melo-podem-ocupar-a-vaga\/#breadcrumb"},"inLanguage":"pt-BR","potentialAction":[{"@type":"ReadAction","target":["https:\/\/noticiaempauta.com\/portal\/teresina-jvc-confirma-desistencia-de-pre-candidatura-silas-freire-ou-edson-melo-podem-ocupar-a-vaga\/"]}]},{"@type":"ImageObject","inLanguage":"pt-BR","@id":"https:\/\/noticiaempauta.com\/portal\/teresina-jvc-confirma-desistencia-de-pre-candidatura-silas-freire-ou-edson-melo-podem-ocupar-a-vaga\/#primaryimage","url":"https:\/\/noticiaempauta.com\/portal\/wp-content\/uploads\/2024\/06\/jvc.jpeg","contentUrl":"https:\/\/noticiaempauta.com\/portal\/wp-content\/uploads\/2024\/06\/jvc.jpeg","width":1024,"height":682,"caption":"(Foto: Ricardo Morais \/ OitoMeia)"},{"@type":"BreadcrumbList","@id":"https:\/\/noticiaempauta.com\/portal\/teresina-jvc-confirma-desistencia-de-pre-candidatura-silas-freire-ou-edson-melo-podem-ocupar-a-vaga\/#breadcrumb","itemListElement":[{"@type":"ListItem","position":1,"name":"P\u00e1gina Inicial","item":"https:\/\/noticiaempauta.com\/portal\/"},{"@type":"ListItem","position":2,"name":"Destaques","item":"https:\/\/noticiaempauta.com\/portal\/destaques-site\/"},{"@type":"ListItem","position":3,"name":"Teresina | JVC confirma desist\u00eancia de pr\u00e9-candidatura; Silas Freire ou Edson Melo podem ocupar a vaga"}]},{"@type":"WebSite","@id":"https:\/\/noticiaempauta.com\/portal\/#website","url":"https:\/\/noticiaempauta.com\/portal\/","name":"Portal Not\u00edcia em Pauta","description":"Voc\u00ea bem informado","publisher":{"@id":"https:\/\/noticiaempauta.com\/portal\/#organization"},"potentialAction":[{"@type":"SearchAction","target":{"@type":"EntryPoint","urlTemplate":"https:\/\/noticiaempauta.com\/portal\/?s={search_term_string}"},"query-input":{"@type":"PropertyValueSpecification","valueRequired":true,"valueName":"search_term_string"}}],"inLanguage":"pt-BR"},{"@type":"Organization","@id":"https:\/\/noticiaempauta.com\/portal\/#organization","name":"Portal Not\u00edcia em Pauta","url":"https:\/\/noticiaempauta.com\/portal\/","logo":{"@type":"ImageObject","inLanguage":"pt-BR","@id":"https:\/\/noticiaempauta.com\/portal\/#\/schema\/logo\/image\/","url":"https:\/\/noticiaempauta.com\/portal\/wp-content\/uploads\/2022\/08\/logomarca_tema.fw_.png","contentUrl":"https:\/\/noticiaempauta.com\/portal\/wp-content\/uploads\/2022\/08\/logomarca_tema.fw_.png","width":400,"height":232,"caption":"Portal Not\u00edcia em Pauta"},"image":{"@id":"https:\/\/noticiaempauta.com\/portal\/#\/schema\/logo\/image\/"},"sameAs":["https:\/\/www.facebook.com\/Portal-Notcia-Em-Pauta-102292869264820\/","https:\/\/www.instagram.com\/portalnoticiaempauta\/"]},{"@type":"Person","@id":"https:\/\/noticiaempauta.com\/portal\/#\/schema\/person\/a74af43dd1ab3deca45f988c717d57ac","name":"Reda\u00e7\u00e3o","image":{"@type":"ImageObject","inLanguage":"pt-BR","@id":"https:\/\/noticiaempauta.com\/portal\/#\/schema\/person\/image\/","url":"https:\/\/secure.gravatar.com\/avatar\/03179346ecce6cdfc13361603e8f54242a90e5cde8618fa23c5c00aa2b0aadf3?s=96&d=mm&r=g","contentUrl":"https:\/\/secure.gravatar.com\/avatar\/03179346ecce6cdfc13361603e8f54242a90e5cde8618fa23c5c00aa2b0aadf3?s=96&d=mm&r=g","caption":"Reda\u00e7\u00e3o"},"sameAs":["https:\/\/noticiaempauta.com\/portal\/"],"url":"https:\/\/noticiaempauta.com\/portal\/author\/fernando\/"}]}},"_links":{"self":[{"href":"https:\/\/noticiaempauta.com\/portal\/wp-json\/wp\/v2\/posts\/259158","targetHints":{"allow":["GET"]}}],"collection":[{"href":"https:\/\/noticiaempauta.com\/portal\/wp-json\/wp\/v2\/posts"}],"about":[{"href":"https:\/\/noticiaempauta.com\/portal\/wp-json\/wp\/v2\/types\/post"}],"author":[{"embeddable":true,"href":"https:\/\/noticiaempauta.com\/portal\/wp-json\/wp\/v2\/users\/2"}],"replies":[{"embeddable":true,"href":"https:\/\/noticiaempauta.com\/portal\/wp-json\/wp\/v2\/comments?post=259158"}],"version-history":[{"count":2,"href":"https:\/\/noticiaempauta.com\/portal\/wp-json\/wp\/v2\/posts\/259158\/revisions"}],"predecessor-version":[{"id":259162,"href":"https:\/\/noticiaempauta.com\/portal\/wp-json\/wp\/v2\/posts\/259158\/revisions\/259162"}],"wp:featuredmedia":[{"embeddable":true,"href":"https:\/\/noticiaempauta.com\/portal\/wp-json\/wp\/v2\/media\/259160"}],"wp:attachment":[{"href":"https:\/\/noticiaempauta.com\/portal\/wp-json\/wp\/v2\/media?parent=259158"}],"wp:term":[{"taxonomy":"category","embeddable":true,"href":"https:\/\/noticiaempauta.com\/portal\/wp-json\/wp\/v2\/categories?post=259158"},{"taxonomy":"post_tag","embeddable":true,"href":"https:\/\/noticiaempauta.com\/portal\/wp-json\/wp\/v2\/tags?post=259158"}],"curies":[{"name":"wp","href":"https:\/\/api.w.org\/{rel}","templated":true}]}}