{"id":259171,"date":"2024-06-26T08:46:27","date_gmt":"2024-06-26T11:46:27","guid":{"rendered":"https:\/\/noticiaempauta.com\/portal\/?p=259171"},"modified":"2024-06-26T08:46:28","modified_gmt":"2024-06-26T11:46:28","slug":"em-picos-82-locais-de-votacao-com-250-secoes-serao-disponibilizados-para-as-eleicoes-2024","status":"publish","type":"post","link":"https:\/\/noticiaempauta.com\/portal\/em-picos-82-locais-de-votacao-com-250-secoes-serao-disponibilizados-para-as-eleicoes-2024\/","title":{"rendered":"Em Picos 82 locais de vota\u00e7\u00e3o com 250 se\u00e7\u00f5es ser\u00e3o disponibilizados para as elei\u00e7\u00f5es 2024"},"content":{"rendered":"\n<p>Faltam 104 dias para o primeiro turno das elei\u00e7\u00f5es municipais em todo o pa\u00eds, que acontecer\u00e1 em 06 de outubro do corrente ano. Em Picos, ser\u00e3o disponibilizados 82 locais de vota\u00e7\u00e3o com 250 se\u00e7\u00f5es.\u00a0<\/p>\n\n\n\n<p>De acordo com dados da Justi\u00e7a Eleitoral 53.409 eleitores estar\u00e3o aptos a votarem nas elei\u00e7\u00f5es municipais de 2024. O atual n\u00famero representa um crescimento de 4,9% se comparado ao \u00faltimo pleito municipal realizado em 2020.<\/p>\n\n\n\n<p>Para a realiza\u00e7\u00e3o do maior ato de democracia que s\u00e3o as elei\u00e7\u00f5es, a Justi\u00e7a Eleitoral realizar\u00e1 vistorias nos locais de vota\u00e7\u00e3o.<\/p>\n\n\n\n<p>Os t\u00e9cnicos conferem se o pr\u00e9dio tem banheiros, bebedouros de \u00e1gua e boas condi\u00e7\u00f5es de energia el\u00e9trica. Testam ainda as tomadas que v\u00e3o conectar as urnas no dia da vota\u00e7\u00e3o, verificam conex\u00e3o de internet eguran\u00e7a, al\u00e9m de acessibilidade para garantir a chegada dos eleitores.<\/p>\n\n\n\n<p><strong><em>Fonte: Cidade Verde<\/em><\/strong><\/p>\n","protected":false},"excerpt":{"rendered":"<p>Faltam 104 dias para o primeiro turno das elei\u00e7\u00f5es municipais em todo o pa\u00eds, que acontecer\u00e1 em 06 de outubro do corrente ano. Em Picos, ser\u00e3o disponibilizados 82 locais de vota\u00e7\u00e3o com 250 se\u00e7\u00f5es.\u00a0 De acordo com dados da Justi\u00e7a Eleitoral 53.409 eleitores estar\u00e3o aptos a votarem nas elei\u00e7\u00f5es municipais de 2024. O atual n\u00famero [&hellip;]<\/p>\n","protected":false},"author":2,"featured_media":239958,"comment_status":"open","ping_status":"open","sticky":false,"template":"","format":"standard","meta":{"_mi_skip_tracking":false,"footnotes":""},"categories":[25,1,16],"tags":[192],"class_list":["post-259171","post","type-post","status-publish","format-standard","has-post-thumbnail","hentry","category-destaques-site","category-geral","category-todas","tag-destaqueprincipal"],"acf":[],"yoast_head":"<!-- This site is optimized with the Yoast SEO Premium plugin v19.2 (Yoast SEO v26.9) - https:\/\/yoast.com\/product\/yoast-seo-premium-wordpress\/ -->\n<title>Em Picos 82 locais de vota\u00e7\u00e3o com 250 se\u00e7\u00f5es ser\u00e3o disponibilizados para as elei\u00e7\u00f5es 2024 - Portal Not\u00edcia em Pauta<\/title>\n<meta name=\"robots\" content=\"index, follow, max-snippet:-1, max-image-preview:large, max-video-preview:-1\" \/>\n<link rel=\"canonical\" href=\"https:\/\/noticiaempauta.com\/portal\/em-picos-82-locais-de-votacao-com-250-secoes-serao-disponibilizados-para-as-eleicoes-2024\/\" \/>\n<meta property=\"og:locale\" content=\"pt_BR\" \/>\n<meta property=\"og:type\" content=\"article\" \/>\n<meta property=\"og:title\" content=\"Em Picos 82 locais de vota\u00e7\u00e3o com 250 se\u00e7\u00f5es ser\u00e3o disponibilizados para as elei\u00e7\u00f5es 2024\" \/>\n<meta property=\"og:description\" content=\"Faltam 104 dias para o primeiro turno das elei\u00e7\u00f5es municipais em todo o pa\u00eds, que acontecer\u00e1 em 06 de outubro do corrente ano. Em Picos, ser\u00e3o disponibilizados 82 locais de vota\u00e7\u00e3o com 250 se\u00e7\u00f5es.\u00a0 De acordo com dados da Justi\u00e7a Eleitoral 53.409 eleitores estar\u00e3o aptos a votarem nas elei\u00e7\u00f5es municipais de 2024. O atual n\u00famero [&hellip;]\" \/>\n<meta property=\"og:url\" content=\"https:\/\/noticiaempauta.com\/portal\/em-picos-82-locais-de-votacao-com-250-secoes-serao-disponibilizados-para-as-eleicoes-2024\/\" \/>\n<meta property=\"og:site_name\" content=\"Portal Not\u00edcia em Pauta\" \/>\n<meta property=\"article:publisher\" content=\"https:\/\/www.facebook.com\/Portal-Notcia-Em-Pauta-102292869264820\/\" \/>\n<meta property=\"article:published_time\" content=\"2024-06-26T11:46:27+00:00\" \/>\n<meta property=\"article:modified_time\" content=\"2024-06-26T11:46:28+00:00\" \/>\n<meta property=\"og:image\" content=\"https:\/\/noticiaempauta.com\/portal\/wp-content\/uploads\/2022\/08\/urna.jpeg\" \/>\n\t<meta property=\"og:image:width\" content=\"640\" \/>\n\t<meta property=\"og:image:height\" content=\"377\" \/>\n\t<meta property=\"og:image:type\" content=\"image\/jpeg\" \/>\n<meta name=\"author\" content=\"Reda\u00e7\u00e3o\" \/>\n<meta name=\"twitter:card\" content=\"summary_large_image\" \/>\n<meta name=\"twitter:label1\" content=\"Escrito por\" \/>\n\t<meta name=\"twitter:data1\" content=\"Reda\u00e7\u00e3o\" \/>\n\t<meta name=\"twitter:label2\" content=\"Est. tempo de leitura\" \/>\n\t<meta name=\"twitter:data2\" content=\"1 minuto\" \/>\n<script type=\"application\/ld+json\" class=\"yoast-schema-graph\">{\"@context\":\"https:\/\/schema.org\",\"@graph\":[{\"@type\":\"Article\",\"@id\":\"https:\/\/noticiaempauta.com\/portal\/em-picos-82-locais-de-votacao-com-250-secoes-serao-disponibilizados-para-as-eleicoes-2024\/#article\",\"isPartOf\":{\"@id\":\"https:\/\/noticiaempauta.com\/portal\/em-picos-82-locais-de-votacao-com-250-secoes-serao-disponibilizados-para-as-eleicoes-2024\/\"},\"author\":{\"name\":\"Reda\u00e7\u00e3o\",\"@id\":\"https:\/\/noticiaempauta.com\/portal\/#\/schema\/person\/a74af43dd1ab3deca45f988c717d57ac\"},\"headline\":\"Em Picos 82 locais de vota\u00e7\u00e3o com 250 se\u00e7\u00f5es ser\u00e3o disponibilizados para as elei\u00e7\u00f5es 2024\",\"datePublished\":\"2024-06-26T11:46:27+00:00\",\"dateModified\":\"2024-06-26T11:46:28+00:00\",\"mainEntityOfPage\":{\"@id\":\"https:\/\/noticiaempauta.com\/portal\/em-picos-82-locais-de-votacao-com-250-secoes-serao-disponibilizados-para-as-eleicoes-2024\/\"},\"wordCount\":168,\"commentCount\":0,\"publisher\":{\"@id\":\"https:\/\/noticiaempauta.com\/portal\/#organization\"},\"image\":{\"@id\":\"https:\/\/noticiaempauta.com\/portal\/em-picos-82-locais-de-votacao-com-250-secoes-serao-disponibilizados-para-as-eleicoes-2024\/#primaryimage\"},\"thumbnailUrl\":\"https:\/\/noticiaempauta.com\/portal\/wp-content\/uploads\/2022\/08\/urna.jpeg\",\"keywords\":[\"destaqueprincipal\"],\"articleSection\":[\"Destaques\",\"Geral\",\"Todas as Not\u00edcias\"],\"inLanguage\":\"pt-BR\",\"potentialAction\":[{\"@type\":\"CommentAction\",\"name\":\"Comment\",\"target\":[\"https:\/\/noticiaempauta.com\/portal\/em-picos-82-locais-de-votacao-com-250-secoes-serao-disponibilizados-para-as-eleicoes-2024\/#respond\"]}]},{\"@type\":\"WebPage\",\"@id\":\"https:\/\/noticiaempauta.com\/portal\/em-picos-82-locais-de-votacao-com-250-secoes-serao-disponibilizados-para-as-eleicoes-2024\/\",\"url\":\"https:\/\/noticiaempauta.com\/portal\/em-picos-82-locais-de-votacao-com-250-secoes-serao-disponibilizados-para-as-eleicoes-2024\/\",\"name\":\"Em Picos 82 locais de vota\u00e7\u00e3o com 250 se\u00e7\u00f5es ser\u00e3o disponibilizados para as elei\u00e7\u00f5es 2024 - Portal Not\u00edcia em Pauta\",\"isPartOf\":{\"@id\":\"https:\/\/noticiaempauta.com\/portal\/#website\"},\"primaryImageOfPage\":{\"@id\":\"https:\/\/noticiaempauta.com\/portal\/em-picos-82-locais-de-votacao-com-250-secoes-serao-disponibilizados-para-as-eleicoes-2024\/#primaryimage\"},\"image\":{\"@id\":\"https:\/\/noticiaempauta.com\/portal\/em-picos-82-locais-de-votacao-com-250-secoes-serao-disponibilizados-para-as-eleicoes-2024\/#primaryimage\"},\"thumbnailUrl\":\"https:\/\/noticiaempauta.com\/portal\/wp-content\/uploads\/2022\/08\/urna.jpeg\",\"datePublished\":\"2024-06-26T11:46:27+00:00\",\"dateModified\":\"2024-06-26T11:46:28+00:00\",\"breadcrumb\":{\"@id\":\"https:\/\/noticiaempauta.com\/portal\/em-picos-82-locais-de-votacao-com-250-secoes-serao-disponibilizados-para-as-eleicoes-2024\/#breadcrumb\"},\"inLanguage\":\"pt-BR\",\"potentialAction\":[{\"@type\":\"ReadAction\",\"target\":[\"https:\/\/noticiaempauta.com\/portal\/em-picos-82-locais-de-votacao-com-250-secoes-serao-disponibilizados-para-as-eleicoes-2024\/\"]}]},{\"@type\":\"ImageObject\",\"inLanguage\":\"pt-BR\",\"@id\":\"https:\/\/noticiaempauta.com\/portal\/em-picos-82-locais-de-votacao-com-250-secoes-serao-disponibilizados-para-as-eleicoes-2024\/#primaryimage\",\"url\":\"https:\/\/noticiaempauta.com\/portal\/wp-content\/uploads\/2022\/08\/urna.jpeg\",\"contentUrl\":\"https:\/\/noticiaempauta.com\/portal\/wp-content\/uploads\/2022\/08\/urna.jpeg\",\"width\":640,\"height\":377,\"caption\":\"Foto:Reprodu\u00e7\u00e3o\"},{\"@type\":\"BreadcrumbList\",\"@id\":\"https:\/\/noticiaempauta.com\/portal\/em-picos-82-locais-de-votacao-com-250-secoes-serao-disponibilizados-para-as-eleicoes-2024\/#breadcrumb\",\"itemListElement\":[{\"@type\":\"ListItem\",\"position\":1,\"name\":\"P\u00e1gina Inicial\",\"item\":\"https:\/\/noticiaempauta.com\/portal\/\"},{\"@type\":\"ListItem\",\"position\":2,\"name\":\"Destaques\",\"item\":\"https:\/\/noticiaempauta.com\/portal\/destaques-site\/\"},{\"@type\":\"ListItem\",\"position\":3,\"name\":\"Em Picos 82 locais de vota\u00e7\u00e3o com 250 se\u00e7\u00f5es ser\u00e3o disponibilizados para as elei\u00e7\u00f5es 2024\"}]},{\"@type\":\"WebSite\",\"@id\":\"https:\/\/noticiaempauta.com\/portal\/#website\",\"url\":\"https:\/\/noticiaempauta.com\/portal\/\",\"name\":\"Portal Not\u00edcia em Pauta\",\"description\":\"Voc\u00ea bem informado\",\"publisher\":{\"@id\":\"https:\/\/noticiaempauta.com\/portal\/#organization\"},\"potentialAction\":[{\"@type\":\"SearchAction\",\"target\":{\"@type\":\"EntryPoint\",\"urlTemplate\":\"https:\/\/noticiaempauta.com\/portal\/?s={search_term_string}\"},\"query-input\":{\"@type\":\"PropertyValueSpecification\",\"valueRequired\":true,\"valueName\":\"search_term_string\"}}],\"inLanguage\":\"pt-BR\"},{\"@type\":\"Organization\",\"@id\":\"https:\/\/noticiaempauta.com\/portal\/#organization\",\"name\":\"Portal Not\u00edcia em Pauta\",\"url\":\"https:\/\/noticiaempauta.com\/portal\/\",\"logo\":{\"@type\":\"ImageObject\",\"inLanguage\":\"pt-BR\",\"@id\":\"https:\/\/noticiaempauta.com\/portal\/#\/schema\/logo\/image\/\",\"url\":\"https:\/\/noticiaempauta.com\/portal\/wp-content\/uploads\/2022\/08\/logomarca_tema.fw_.png\",\"contentUrl\":\"https:\/\/noticiaempauta.com\/portal\/wp-content\/uploads\/2022\/08\/logomarca_tema.fw_.png\",\"width\":400,\"height\":232,\"caption\":\"Portal Not\u00edcia em Pauta\"},\"image\":{\"@id\":\"https:\/\/noticiaempauta.com\/portal\/#\/schema\/logo\/image\/\"},\"sameAs\":[\"https:\/\/www.facebook.com\/Portal-Notcia-Em-Pauta-102292869264820\/\",\"https:\/\/www.instagram.com\/portalnoticiaempauta\/\"]},{\"@type\":\"Person\",\"@id\":\"https:\/\/noticiaempauta.com\/portal\/#\/schema\/person\/a74af43dd1ab3deca45f988c717d57ac\",\"name\":\"Reda\u00e7\u00e3o\",\"image\":{\"@type\":\"ImageObject\",\"inLanguage\":\"pt-BR\",\"@id\":\"https:\/\/noticiaempauta.com\/portal\/#\/schema\/person\/image\/\",\"url\":\"https:\/\/secure.gravatar.com\/avatar\/03179346ecce6cdfc13361603e8f54242a90e5cde8618fa23c5c00aa2b0aadf3?s=96&d=mm&r=g\",\"contentUrl\":\"https:\/\/secure.gravatar.com\/avatar\/03179346ecce6cdfc13361603e8f54242a90e5cde8618fa23c5c00aa2b0aadf3?s=96&d=mm&r=g\",\"caption\":\"Reda\u00e7\u00e3o\"},\"sameAs\":[\"https:\/\/noticiaempauta.com\/portal\/\"],\"url\":\"https:\/\/noticiaempauta.com\/portal\/author\/fernando\/\"}]}<\/script>\n<!-- \/ Yoast SEO Premium plugin. -->","yoast_head_json":{"title":"Em Picos 82 locais de vota\u00e7\u00e3o com 250 se\u00e7\u00f5es ser\u00e3o disponibilizados para as elei\u00e7\u00f5es 2024 - Portal Not\u00edcia em Pauta","robots":{"index":"index","follow":"follow","max-snippet":"max-snippet:-1","max-image-preview":"max-image-preview:large","max-video-preview":"max-video-preview:-1"},"canonical":"https:\/\/noticiaempauta.com\/portal\/em-picos-82-locais-de-votacao-com-250-secoes-serao-disponibilizados-para-as-eleicoes-2024\/","og_locale":"pt_BR","og_type":"article","og_title":"Em Picos 82 locais de vota\u00e7\u00e3o com 250 se\u00e7\u00f5es ser\u00e3o disponibilizados para as elei\u00e7\u00f5es 2024","og_description":"Faltam 104 dias para o primeiro turno das elei\u00e7\u00f5es municipais em todo o pa\u00eds, que acontecer\u00e1 em 06 de outubro do corrente ano. Em Picos, ser\u00e3o disponibilizados 82 locais de vota\u00e7\u00e3o com 250 se\u00e7\u00f5es.\u00a0 De acordo com dados da Justi\u00e7a Eleitoral 53.409 eleitores estar\u00e3o aptos a votarem nas elei\u00e7\u00f5es municipais de 2024. O atual n\u00famero [&hellip;]","og_url":"https:\/\/noticiaempauta.com\/portal\/em-picos-82-locais-de-votacao-com-250-secoes-serao-disponibilizados-para-as-eleicoes-2024\/","og_site_name":"Portal Not\u00edcia em Pauta","article_publisher":"https:\/\/www.facebook.com\/Portal-Notcia-Em-Pauta-102292869264820\/","article_published_time":"2024-06-26T11:46:27+00:00","article_modified_time":"2024-06-26T11:46:28+00:00","og_image":[{"width":640,"height":377,"url":"https:\/\/noticiaempauta.com\/portal\/wp-content\/uploads\/2022\/08\/urna.jpeg","type":"image\/jpeg"}],"author":"Reda\u00e7\u00e3o","twitter_card":"summary_large_image","twitter_misc":{"Escrito por":"Reda\u00e7\u00e3o","Est. tempo de leitura":"1 minuto"},"schema":{"@context":"https:\/\/schema.org","@graph":[{"@type":"Article","@id":"https:\/\/noticiaempauta.com\/portal\/em-picos-82-locais-de-votacao-com-250-secoes-serao-disponibilizados-para-as-eleicoes-2024\/#article","isPartOf":{"@id":"https:\/\/noticiaempauta.com\/portal\/em-picos-82-locais-de-votacao-com-250-secoes-serao-disponibilizados-para-as-eleicoes-2024\/"},"author":{"name":"Reda\u00e7\u00e3o","@id":"https:\/\/noticiaempauta.com\/portal\/#\/schema\/person\/a74af43dd1ab3deca45f988c717d57ac"},"headline":"Em Picos 82 locais de vota\u00e7\u00e3o com 250 se\u00e7\u00f5es ser\u00e3o disponibilizados para as elei\u00e7\u00f5es 2024","datePublished":"2024-06-26T11:46:27+00:00","dateModified":"2024-06-26T11:46:28+00:00","mainEntityOfPage":{"@id":"https:\/\/noticiaempauta.com\/portal\/em-picos-82-locais-de-votacao-com-250-secoes-serao-disponibilizados-para-as-eleicoes-2024\/"},"wordCount":168,"commentCount":0,"publisher":{"@id":"https:\/\/noticiaempauta.com\/portal\/#organization"},"image":{"@id":"https:\/\/noticiaempauta.com\/portal\/em-picos-82-locais-de-votacao-com-250-secoes-serao-disponibilizados-para-as-eleicoes-2024\/#primaryimage"},"thumbnailUrl":"https:\/\/noticiaempauta.com\/portal\/wp-content\/uploads\/2022\/08\/urna.jpeg","keywords":["destaqueprincipal"],"articleSection":["Destaques","Geral","Todas as Not\u00edcias"],"inLanguage":"pt-BR","potentialAction":[{"@type":"CommentAction","name":"Comment","target":["https:\/\/noticiaempauta.com\/portal\/em-picos-82-locais-de-votacao-com-250-secoes-serao-disponibilizados-para-as-eleicoes-2024\/#respond"]}]},{"@type":"WebPage","@id":"https:\/\/noticiaempauta.com\/portal\/em-picos-82-locais-de-votacao-com-250-secoes-serao-disponibilizados-para-as-eleicoes-2024\/","url":"https:\/\/noticiaempauta.com\/portal\/em-picos-82-locais-de-votacao-com-250-secoes-serao-disponibilizados-para-as-eleicoes-2024\/","name":"Em Picos 82 locais de vota\u00e7\u00e3o com 250 se\u00e7\u00f5es ser\u00e3o disponibilizados para as elei\u00e7\u00f5es 2024 - Portal Not\u00edcia em Pauta","isPartOf":{"@id":"https:\/\/noticiaempauta.com\/portal\/#website"},"primaryImageOfPage":{"@id":"https:\/\/noticiaempauta.com\/portal\/em-picos-82-locais-de-votacao-com-250-secoes-serao-disponibilizados-para-as-eleicoes-2024\/#primaryimage"},"image":{"@id":"https:\/\/noticiaempauta.com\/portal\/em-picos-82-locais-de-votacao-com-250-secoes-serao-disponibilizados-para-as-eleicoes-2024\/#primaryimage"},"thumbnailUrl":"https:\/\/noticiaempauta.com\/portal\/wp-content\/uploads\/2022\/08\/urna.jpeg","datePublished":"2024-06-26T11:46:27+00:00","dateModified":"2024-06-26T11:46:28+00:00","breadcrumb":{"@id":"https:\/\/noticiaempauta.com\/portal\/em-picos-82-locais-de-votacao-com-250-secoes-serao-disponibilizados-para-as-eleicoes-2024\/#breadcrumb"},"inLanguage":"pt-BR","potentialAction":[{"@type":"ReadAction","target":["https:\/\/noticiaempauta.com\/portal\/em-picos-82-locais-de-votacao-com-250-secoes-serao-disponibilizados-para-as-eleicoes-2024\/"]}]},{"@type":"ImageObject","inLanguage":"pt-BR","@id":"https:\/\/noticiaempauta.com\/portal\/em-picos-82-locais-de-votacao-com-250-secoes-serao-disponibilizados-para-as-eleicoes-2024\/#primaryimage","url":"https:\/\/noticiaempauta.com\/portal\/wp-content\/uploads\/2022\/08\/urna.jpeg","contentUrl":"https:\/\/noticiaempauta.com\/portal\/wp-content\/uploads\/2022\/08\/urna.jpeg","width":640,"height":377,"caption":"Foto:Reprodu\u00e7\u00e3o"},{"@type":"BreadcrumbList","@id":"https:\/\/noticiaempauta.com\/portal\/em-picos-82-locais-de-votacao-com-250-secoes-serao-disponibilizados-para-as-eleicoes-2024\/#breadcrumb","itemListElement":[{"@type":"ListItem","position":1,"name":"P\u00e1gina Inicial","item":"https:\/\/noticiaempauta.com\/portal\/"},{"@type":"ListItem","position":2,"name":"Destaques","item":"https:\/\/noticiaempauta.com\/portal\/destaques-site\/"},{"@type":"ListItem","position":3,"name":"Em Picos 82 locais de vota\u00e7\u00e3o com 250 se\u00e7\u00f5es ser\u00e3o disponibilizados para as elei\u00e7\u00f5es 2024"}]},{"@type":"WebSite","@id":"https:\/\/noticiaempauta.com\/portal\/#website","url":"https:\/\/noticiaempauta.com\/portal\/","name":"Portal Not\u00edcia em Pauta","description":"Voc\u00ea bem informado","publisher":{"@id":"https:\/\/noticiaempauta.com\/portal\/#organization"},"potentialAction":[{"@type":"SearchAction","target":{"@type":"EntryPoint","urlTemplate":"https:\/\/noticiaempauta.com\/portal\/?s={search_term_string}"},"query-input":{"@type":"PropertyValueSpecification","valueRequired":true,"valueName":"search_term_string"}}],"inLanguage":"pt-BR"},{"@type":"Organization","@id":"https:\/\/noticiaempauta.com\/portal\/#organization","name":"Portal Not\u00edcia em Pauta","url":"https:\/\/noticiaempauta.com\/portal\/","logo":{"@type":"ImageObject","inLanguage":"pt-BR","@id":"https:\/\/noticiaempauta.com\/portal\/#\/schema\/logo\/image\/","url":"https:\/\/noticiaempauta.com\/portal\/wp-content\/uploads\/2022\/08\/logomarca_tema.fw_.png","contentUrl":"https:\/\/noticiaempauta.com\/portal\/wp-content\/uploads\/2022\/08\/logomarca_tema.fw_.png","width":400,"height":232,"caption":"Portal Not\u00edcia em Pauta"},"image":{"@id":"https:\/\/noticiaempauta.com\/portal\/#\/schema\/logo\/image\/"},"sameAs":["https:\/\/www.facebook.com\/Portal-Notcia-Em-Pauta-102292869264820\/","https:\/\/www.instagram.com\/portalnoticiaempauta\/"]},{"@type":"Person","@id":"https:\/\/noticiaempauta.com\/portal\/#\/schema\/person\/a74af43dd1ab3deca45f988c717d57ac","name":"Reda\u00e7\u00e3o","image":{"@type":"ImageObject","inLanguage":"pt-BR","@id":"https:\/\/noticiaempauta.com\/portal\/#\/schema\/person\/image\/","url":"https:\/\/secure.gravatar.com\/avatar\/03179346ecce6cdfc13361603e8f54242a90e5cde8618fa23c5c00aa2b0aadf3?s=96&d=mm&r=g","contentUrl":"https:\/\/secure.gravatar.com\/avatar\/03179346ecce6cdfc13361603e8f54242a90e5cde8618fa23c5c00aa2b0aadf3?s=96&d=mm&r=g","caption":"Reda\u00e7\u00e3o"},"sameAs":["https:\/\/noticiaempauta.com\/portal\/"],"url":"https:\/\/noticiaempauta.com\/portal\/author\/fernando\/"}]}},"_links":{"self":[{"href":"https:\/\/noticiaempauta.com\/portal\/wp-json\/wp\/v2\/posts\/259171","targetHints":{"allow":["GET"]}}],"collection":[{"href":"https:\/\/noticiaempauta.com\/portal\/wp-json\/wp\/v2\/posts"}],"about":[{"href":"https:\/\/noticiaempauta.com\/portal\/wp-json\/wp\/v2\/types\/post"}],"author":[{"embeddable":true,"href":"https:\/\/noticiaempauta.com\/portal\/wp-json\/wp\/v2\/users\/2"}],"replies":[{"embeddable":true,"href":"https:\/\/noticiaempauta.com\/portal\/wp-json\/wp\/v2\/comments?post=259171"}],"version-history":[{"count":2,"href":"https:\/\/noticiaempauta.com\/portal\/wp-json\/wp\/v2\/posts\/259171\/revisions"}],"predecessor-version":[{"id":259173,"href":"https:\/\/noticiaempauta.com\/portal\/wp-json\/wp\/v2\/posts\/259171\/revisions\/259173"}],"wp:featuredmedia":[{"embeddable":true,"href":"https:\/\/noticiaempauta.com\/portal\/wp-json\/wp\/v2\/media\/239958"}],"wp:attachment":[{"href":"https:\/\/noticiaempauta.com\/portal\/wp-json\/wp\/v2\/media?parent=259171"}],"wp:term":[{"taxonomy":"category","embeddable":true,"href":"https:\/\/noticiaempauta.com\/portal\/wp-json\/wp\/v2\/categories?post=259171"},{"taxonomy":"post_tag","embeddable":true,"href":"https:\/\/noticiaempauta.com\/portal\/wp-json\/wp\/v2\/tags?post=259171"}],"curies":[{"name":"wp","href":"https:\/\/api.w.org\/{rel}","templated":true}]}}